{"id":74942,"date":"2023-04-26T12:10:24","date_gmt":"2023-04-26T10:10:24","guid":{"rendered":"https:\/\/exaudi.org\/?p=74942"},"modified":"2023-04-26T12:15:29","modified_gmt":"2023-04-26T10:15:29","slug":"monsenor-vincenzo-paglia-reitera-el-no-a-la-eutanasia-y-al-suicidio-asistido","status":"publish","type":"post","link":"https:\/\/exaudi.org\/es\/monsenor-vincenzo-paglia-reitera-el-no-a-la-eutanasia-y-al-suicidio-asistido\/","title":{"rendered":"Monse\u00f1or Paglia reitera el no a la eutanasia y al suicidio asistido"},"content":{"rendered":"<audio class=\"wp-audio-shortcode\" id=\"audio-74942-1\" preload=\"none\" style=\"width: 100%;\" controls=\"controls\"><source type=\"audio\/mpeg\" src=\"https:\/\/exaudi.org\/wp-content\/uploads\/2023\/04\/Monsenor-Vincenzo-Paglia-reitera-el-no-a-la.mp3?_=1\" \/><a href=\"https:\/\/exaudi.org\/wp-content\/uploads\/2023\/04\/Monsenor-Vincenzo-Paglia-reitera-el-no-a-la.mp3\">https:\/\/exaudi.org\/wp-content\/uploads\/2023\/04\/Monsenor-Vincenzo-Paglia-reitera-el-no-a-la.mp3<\/a><\/audio>\n<p>En relaci\u00f3n al discurso de Monse\u00f1or Vincenzo Paglia, Presidente de la Pontificia Academia para la Vida, pronunciado el mi\u00e9rcoles 19 de abril en el Festival Internacional de Periodismo de Perugia, Italia, la Oficina de Prensa de la Pontificia Academia para la Vida aclara que Monse\u00f1or Paglia reitera su \u00abno\u00bb a la eutanasia y al suicidio asistido, en plena adhesi\u00f3n al Magisterio.<\/p>\n<p>En su discurso, en el que abord\u00f3 todo el tema del final de la vida, Monse\u00f1or Paglia mencion\u00f3 al final, sin desarrollarla, la sentencia 242\/2019 del Tribunal Constitucional italiano y la situaci\u00f3n espec\u00edfica italiana. El Tribunal Constitucional confirma la asistencia al suicidio como delito.<\/p>\n<p>A continuaci\u00f3n, enumera cuatro condiciones espec\u00edficas y particulares en las que se despenaliza el delito. En este contexto preciso y espec\u00edfico, Monse\u00f1or Paglia explic\u00f3 que, en su opini\u00f3n, es posible una \u00abmediaci\u00f3n jur\u00eddica\u00bb (ciertamente no moral) en la direcci\u00f3n indicada por la Sentencia, manteniendo el delito y las condiciones en las que se despenaliza, ya que el mismo Tribunal Constitucional ha pedido al Parlamento que legisle.<\/p>\n<p>Para Monse\u00f1or Paglia, es importante que la Sentencia diga que el delito se mantiene como tal y no se deroga.<\/p>\n<p><strong>Cualquier otra consideraci\u00f3n es enga\u00f1osa.<\/strong><\/p>\n<p>En el plano cient\u00edfico y cultural, Monse\u00f1or Paglia siempre ha defendido la necesidad del acompa\u00f1amiento de los enfermos en la fase terminal de la vida, basado en los Cuidados Paliativos y en la proximidad, para que nadie se quede solo ante la enfermedad y el sufrimiento, en las dif\u00edciles decisiones que \u00e9stos conllevan.<\/p>\n","protected":false},"excerpt":{"rendered":"<p>La Oficina de Prensa de la Pontificia Academia para la Vida emiti\u00f3 una aclaraci\u00f3n sobre algunas declaraciones de su Presidente<\/p>\n","protected":false},"author":15,"featured_media":74946,"comment_status":"closed","ping_status":"closed","sticky":false,"template":"","format":"standard","meta":{"_acf_changed":false,"_crdt_document":"","inline_featured_image":false,"footnotes":""},"categories":[74,132],"tags":[611,8991,8992,7584,4953],"class_list":["post-74942","post","type-post","status-publish","format-standard","has-post-thumbnail","hentry","category-iglesia-y-mundo","category-vaticano-es","tag-eutanasia","tag-monsenor-vincenzo-paglia","tag-pontificia-academia-para-la-vida","tag-suicidio-asistido","tag-trending-es"],"acf":[],"yoast_head":"<!-- This site is optimized with the Yoast SEO plugin v27.4 - https:\/\/yoast.com\/product\/yoast-seo-wordpress\/ -->\n<title>Monse\u00f1or Paglia reitera el no a la eutanasia y al suicidio asistido &#8211; Exaudi<\/title>\n<meta name=\"robots\" content=\"index, follow, max-snippet:-1, max-image-preview:large, max-video-preview:-1\" \/>\n<link rel=\"canonical\" href=\"https:\/\/exaudi.org\/es\/monsenor-vincenzo-paglia-reitera-el-no-a-la-eutanasia-y-al-suicidio-asistido\/\" \/>\n<meta property=\"og:locale\" content=\"es_ES\" \/>\n<meta property=\"og:type\" content=\"article\" \/>\n<meta property=\"og:title\" content=\"Monse\u00f1or Paglia reitera el no a la eutanasia y al suicidio asistido &#8211; Exaudi\" \/>\n<meta property=\"og:description\" content=\"La Oficina de Prensa de la Pontificia Academia para la Vida emiti\u00f3 una aclaraci\u00f3n sobre algunas declaraciones de su Presidente\" \/>\n<meta property=\"og:url\" content=\"https:\/\/exaudi.org\/es\/monsenor-vincenzo-paglia-reitera-el-no-a-la-eutanasia-y-al-suicidio-asistido\/\" \/>\n<meta property=\"og:site_name\" content=\"Exaudi\" \/>\n<meta property=\"article:publisher\" content=\"https:\/\/www.facebook.com\/ExaudiNews\" \/>\n<meta property=\"article:author\" content=\"https:\/\/www.facebook.com\/ExaudiNoticias\/\" \/>\n<meta property=\"article:published_time\" content=\"2023-04-26T10:10:24+00:00\" \/>\n<meta property=\"article:modified_time\" content=\"2023-04-26T10:15:29+00:00\" \/>\n<meta property=\"og:image\" content=\"https:\/\/exaudi.org\/wp-content\/uploads\/2023\/04\/pexels-valentin-angel-fernandez-14553829-scaled.jpg\" \/>\n\t<meta property=\"og:image:width\" content=\"2560\" \/>\n\t<meta property=\"og:image:height\" content=\"1707\" \/>\n\t<meta property=\"og:image:type\" content=\"image\/jpeg\" \/>\n<meta name=\"author\" content=\"Exaudi Redacci\u00f3n\" \/>\n<meta name=\"twitter:card\" content=\"summary_large_image\" \/>\n<meta name=\"twitter:creator\" content=\"@Exaudi_noticias\" \/>\n<meta name=\"twitter:site\" content=\"@Exaudi_News\" \/>\n<meta name=\"twitter:label1\" content=\"Escrito por\" \/>\n\t<meta name=\"twitter:data1\" content=\"Exaudi Redacci\u00f3n\" \/>\n\t<meta name=\"twitter:label2\" content=\"Tiempo de lectura\" \/>\n\t<meta name=\"twitter:data2\" content=\"2 minutos\" \/>\n<script type=\"application\/ld+json\" class=\"yoast-schema-graph\">{\"@context\":\"https:\\\/\\\/schema.org\",\"@graph\":[{\"@type\":\"Article\",\"@id\":\"https:\\\/\\\/exaudi.org\\\/es\\\/monsenor-vincenzo-paglia-reitera-el-no-a-la-eutanasia-y-al-suicidio-asistido\\\/#article\",\"isPartOf\":{\"@id\":\"https:\\\/\\\/exaudi.org\\\/es\\\/monsenor-vincenzo-paglia-reitera-el-no-a-la-eutanasia-y-al-suicidio-asistido\\\/\"},\"author\":{\"name\":\"Exaudi Redacci\u00f3n\",\"@id\":\"https:\\\/\\\/exaudi.org\\\/#\\\/schema\\\/person\\\/f5fc8f063065e38742da7afe15f25df7\"},\"headline\":\"Monse\u00f1or Paglia reitera el no a la eutanasia y al suicidio asistido\",\"datePublished\":\"2023-04-26T10:10:24+00:00\",\"dateModified\":\"2023-04-26T10:15:29+00:00\",\"mainEntityOfPage\":{\"@id\":\"https:\\\/\\\/exaudi.org\\\/es\\\/monsenor-vincenzo-paglia-reitera-el-no-a-la-eutanasia-y-al-suicidio-asistido\\\/\"},\"wordCount\":293,\"image\":{\"@id\":\"https:\\\/\\\/exaudi.org\\\/es\\\/monsenor-vincenzo-paglia-reitera-el-no-a-la-eutanasia-y-al-suicidio-asistido\\\/#primaryimage\"},\"thumbnailUrl\":\"https:\\\/\\\/exaudi.org\\\/wp-content\\\/uploads\\\/2023\\\/04\\\/pexels-valentin-angel-fernandez-14553829-scaled.jpg\",\"keywords\":[\"Eutanasia\",\"Monse\u00f1or Vincenzo Paglia\",\"Pontificia Academia para la Vida\",\"Suicidio asistido\",\"Trending\"],\"articleSection\":[\"Iglesia y Mundo\",\"Vaticano\"],\"inLanguage\":\"es\"},{\"@type\":\"WebPage\",\"@id\":\"https:\\\/\\\/exaudi.org\\\/es\\\/monsenor-vincenzo-paglia-reitera-el-no-a-la-eutanasia-y-al-suicidio-asistido\\\/\",\"url\":\"https:\\\/\\\/exaudi.org\\\/es\\\/monsenor-vincenzo-paglia-reitera-el-no-a-la-eutanasia-y-al-suicidio-asistido\\\/\",\"name\":\"Monse\u00f1or Paglia reitera el no a la eutanasia y al suicidio asistido &#8211; Exaudi\",\"isPartOf\":{\"@id\":\"https:\\\/\\\/exaudi.org\\\/#website\"},\"primaryImageOfPage\":{\"@id\":\"https:\\\/\\\/exaudi.org\\\/es\\\/monsenor-vincenzo-paglia-reitera-el-no-a-la-eutanasia-y-al-suicidio-asistido\\\/#primaryimage\"},\"image\":{\"@id\":\"https:\\\/\\\/exaudi.org\\\/es\\\/monsenor-vincenzo-paglia-reitera-el-no-a-la-eutanasia-y-al-suicidio-asistido\\\/#primaryimage\"},\"thumbnailUrl\":\"https:\\\/\\\/exaudi.org\\\/wp-content\\\/uploads\\\/2023\\\/04\\\/pexels-valentin-angel-fernandez-14553829-scaled.jpg\",\"datePublished\":\"2023-04-26T10:10:24+00:00\",\"dateModified\":\"2023-04-26T10:15:29+00:00\",\"author\":{\"@id\":\"https:\\\/\\\/exaudi.org\\\/#\\\/schema\\\/person\\\/f5fc8f063065e38742da7afe15f25df7\"},\"breadcrumb\":{\"@id\":\"https:\\\/\\\/exaudi.org\\\/es\\\/monsenor-vincenzo-paglia-reitera-el-no-a-la-eutanasia-y-al-suicidio-asistido\\\/#breadcrumb\"},\"inLanguage\":\"es\",\"potentialAction\":[{\"@type\":\"ReadAction\",\"target\":[\"https:\\\/\\\/exaudi.org\\\/es\\\/monsenor-vincenzo-paglia-reitera-el-no-a-la-eutanasia-y-al-suicidio-asistido\\\/\"]}]},{\"@type\":\"ImageObject\",\"inLanguage\":\"es\",\"@id\":\"https:\\\/\\\/exaudi.org\\\/es\\\/monsenor-vincenzo-paglia-reitera-el-no-a-la-eutanasia-y-al-suicidio-asistido\\\/#primaryimage\",\"url\":\"https:\\\/\\\/exaudi.org\\\/wp-content\\\/uploads\\\/2023\\\/04\\\/pexels-valentin-angel-fernandez-14553829-scaled.jpg\",\"contentUrl\":\"https:\\\/\\\/exaudi.org\\\/wp-content\\\/uploads\\\/2023\\\/04\\\/pexels-valentin-angel-fernandez-14553829-scaled.jpg\",\"width\":2560,\"height\":1707,\"caption\":\"(C) Pexels\"},{\"@type\":\"BreadcrumbList\",\"@id\":\"https:\\\/\\\/exaudi.org\\\/es\\\/monsenor-vincenzo-paglia-reitera-el-no-a-la-eutanasia-y-al-suicidio-asistido\\\/#breadcrumb\",\"itemListElement\":[{\"@type\":\"ListItem\",\"position\":1,\"name\":\"Portada\",\"item\":\"https:\\\/\\\/exaudi.org\\\/es\\\/\"},{\"@type\":\"ListItem\",\"position\":2,\"name\":\"Monse\u00f1or Paglia reitera el no a la eutanasia y al suicidio asistido\"}]},{\"@type\":\"WebSite\",\"@id\":\"https:\\\/\\\/exaudi.org\\\/#website\",\"url\":\"https:\\\/\\\/exaudi.org\\\/\",\"name\":\"Exaudi\",\"description\":\"News\",\"potentialAction\":[{\"@type\":\"SearchAction\",\"target\":{\"@type\":\"EntryPoint\",\"urlTemplate\":\"https:\\\/\\\/exaudi.org\\\/?s={search_term_string}\"},\"query-input\":{\"@type\":\"PropertyValueSpecification\",\"valueRequired\":true,\"valueName\":\"search_term_string\"}}],\"inLanguage\":\"es\"},{\"@type\":\"Person\",\"@id\":\"https:\\\/\\\/exaudi.org\\\/#\\\/schema\\\/person\\\/f5fc8f063065e38742da7afe15f25df7\",\"name\":\"Exaudi Redacci\u00f3n\",\"image\":{\"@type\":\"ImageObject\",\"inLanguage\":\"es\",\"@id\":\"https:\\\/\\\/secure.gravatar.com\\\/avatar\\\/fe0f6a059fb68d9b3e11bc5850dd4899b1c7492091a3cb6dd9b01b56ad828be2?s=96&d=mm&r=g\",\"url\":\"https:\\\/\\\/secure.gravatar.com\\\/avatar\\\/fe0f6a059fb68d9b3e11bc5850dd4899b1c7492091a3cb6dd9b01b56ad828be2?s=96&d=mm&r=g\",\"contentUrl\":\"https:\\\/\\\/secure.gravatar.com\\\/avatar\\\/fe0f6a059fb68d9b3e11bc5850dd4899b1c7492091a3cb6dd9b01b56ad828be2?s=96&d=mm&r=g\",\"caption\":\"Exaudi Redacci\u00f3n\"},\"description\":\"\u00bfQu\u00e9 es Exaudi News? Exaudi News es un medio de comunicaci\u00f3n cat\u00f3lico internacional que informa, forma y transforma, diariamente en espa\u00f1ol, ingl\u00e9s e italiano. A trav\u00e9s de noticias, art\u00edculos de an\u00e1lisis y transmisiones en directo de los eventos del Papa, Exaudi busca fortalecer la unidad de los cristianos y contribuir a la evangelizaci\u00f3n del mundo, siempre guiados por la doctrina social de la Iglesia. Trabajamos para acercar la verdad y los valores cristianos a cada rinc\u00f3n del planeta. \u00a1Ay\u00fadanos a transformar el mundo con Exaudi! En Exaudi creemos que la evangelizaci\u00f3n y la informaci\u00f3n de calidad pueden cambiar vidas. Para continuar con nuestra misi\u00f3n y expandir nuestro alcance, necesitamos tu ayuda. Adem\u00e1s, buscamos personas comprometidas que deseen unirse a nuestro equipo. Con tu apoyo, lograremos llegar a m\u00e1s personas, difundir el mensaje de Cristo y reforzar la unidad de los cristianos. \u00bfTe unes a nuestra misi\u00f3n? Para m\u00e1s informaci\u00f3n sobre c\u00f3mo colaborar, visita Exaudi.org\\\/es o cont\u00e1ctanos directamente: info@exaudi.org Exaudi: Informa, forma y transforma.\",\"sameAs\":[\"https:\\\/\\\/www.facebook.com\\\/ExaudiNoticias\\\/\",\"https:\\\/\\\/www.instagram.com\\\/exaudi_noticias\\\/\",\"https:\\\/\\\/x.com\\\/Exaudi_noticias\",\"https:\\\/\\\/www.youtube.com\\\/@exaudicatholicnews\"],\"url\":\"https:\\\/\\\/exaudi.org\\\/es\\\/author\\\/redaccionexaudi\\\/\"}]}<\/script>\n<!-- \/ Yoast SEO plugin. -->","yoast_head_json":{"title":"Monse\u00f1or Paglia reitera el no a la eutanasia y al suicidio asistido &#8211; Exaudi","robots":{"index":"index","follow":"follow","max-snippet":"max-snippet:-1","max-image-preview":"max-image-preview:large","max-video-preview":"max-video-preview:-1"},"canonical":"https:\/\/exaudi.org\/es\/monsenor-vincenzo-paglia-reitera-el-no-a-la-eutanasia-y-al-suicidio-asistido\/","og_locale":"es_ES","og_type":"article","og_title":"Monse\u00f1or Paglia reitera el no a la eutanasia y al suicidio asistido &#8211; Exaudi","og_description":"La Oficina de Prensa de la Pontificia Academia para la Vida emiti\u00f3 una aclaraci\u00f3n sobre algunas declaraciones de su Presidente","og_url":"https:\/\/exaudi.org\/es\/monsenor-vincenzo-paglia-reitera-el-no-a-la-eutanasia-y-al-suicidio-asistido\/","og_site_name":"Exaudi","article_publisher":"https:\/\/www.facebook.com\/ExaudiNews","article_author":"https:\/\/www.facebook.com\/ExaudiNoticias\/","article_published_time":"2023-04-26T10:10:24+00:00","article_modified_time":"2023-04-26T10:15:29+00:00","og_image":[{"width":2560,"height":1707,"url":"https:\/\/exaudi.org\/wp-content\/uploads\/2023\/04\/pexels-valentin-angel-fernandez-14553829-scaled.jpg","type":"image\/jpeg"}],"author":"Exaudi Redacci\u00f3n","twitter_card":"summary_large_image","twitter_creator":"@Exaudi_noticias","twitter_site":"@Exaudi_News","twitter_misc":{"Escrito por":"Exaudi Redacci\u00f3n","Tiempo de lectura":"2 minutos"},"schema":{"@context":"https:\/\/schema.org","@graph":[{"@type":"Article","@id":"https:\/\/exaudi.org\/es\/monsenor-vincenzo-paglia-reitera-el-no-a-la-eutanasia-y-al-suicidio-asistido\/#article","isPartOf":{"@id":"https:\/\/exaudi.org\/es\/monsenor-vincenzo-paglia-reitera-el-no-a-la-eutanasia-y-al-suicidio-asistido\/"},"author":{"name":"Exaudi Redacci\u00f3n","@id":"https:\/\/exaudi.org\/#\/schema\/person\/f5fc8f063065e38742da7afe15f25df7"},"headline":"Monse\u00f1or Paglia reitera el no a la eutanasia y al suicidio asistido","datePublished":"2023-04-26T10:10:24+00:00","dateModified":"2023-04-26T10:15:29+00:00","mainEntityOfPage":{"@id":"https:\/\/exaudi.org\/es\/monsenor-vincenzo-paglia-reitera-el-no-a-la-eutanasia-y-al-suicidio-asistido\/"},"wordCount":293,"image":{"@id":"https:\/\/exaudi.org\/es\/monsenor-vincenzo-paglia-reitera-el-no-a-la-eutanasia-y-al-suicidio-asistido\/#primaryimage"},"thumbnailUrl":"https:\/\/exaudi.org\/wp-content\/uploads\/2023\/04\/pexels-valentin-angel-fernandez-14553829-scaled.jpg","keywords":["Eutanasia","Monse\u00f1or Vincenzo Paglia","Pontificia Academia para la Vida","Suicidio asistido","Trending"],"articleSection":["Iglesia y Mundo","Vaticano"],"inLanguage":"es"},{"@type":"WebPage","@id":"https:\/\/exaudi.org\/es\/monsenor-vincenzo-paglia-reitera-el-no-a-la-eutanasia-y-al-suicidio-asistido\/","url":"https:\/\/exaudi.org\/es\/monsenor-vincenzo-paglia-reitera-el-no-a-la-eutanasia-y-al-suicidio-asistido\/","name":"Monse\u00f1or Paglia reitera el no a la eutanasia y al suicidio asistido &#8211; Exaudi","isPartOf":{"@id":"https:\/\/exaudi.org\/#website"},"primaryImageOfPage":{"@id":"https:\/\/exaudi.org\/es\/monsenor-vincenzo-paglia-reitera-el-no-a-la-eutanasia-y-al-suicidio-asistido\/#primaryimage"},"image":{"@id":"https:\/\/exaudi.org\/es\/monsenor-vincenzo-paglia-reitera-el-no-a-la-eutanasia-y-al-suicidio-asistido\/#primaryimage"},"thumbnailUrl":"https:\/\/exaudi.org\/wp-content\/uploads\/2023\/04\/pexels-valentin-angel-fernandez-14553829-scaled.jpg","datePublished":"2023-04-26T10:10:24+00:00","dateModified":"2023-04-26T10:15:29+00:00","author":{"@id":"https:\/\/exaudi.org\/#\/schema\/person\/f5fc8f063065e38742da7afe15f25df7"},"breadcrumb":{"@id":"https:\/\/exaudi.org\/es\/monsenor-vincenzo-paglia-reitera-el-no-a-la-eutanasia-y-al-suicidio-asistido\/#breadcrumb"},"inLanguage":"es","potentialAction":[{"@type":"ReadAction","target":["https:\/\/exaudi.org\/es\/monsenor-vincenzo-paglia-reitera-el-no-a-la-eutanasia-y-al-suicidio-asistido\/"]}]},{"@type":"ImageObject","inLanguage":"es","@id":"https:\/\/exaudi.org\/es\/monsenor-vincenzo-paglia-reitera-el-no-a-la-eutanasia-y-al-suicidio-asistido\/#primaryimage","url":"https:\/\/exaudi.org\/wp-content\/uploads\/2023\/04\/pexels-valentin-angel-fernandez-14553829-scaled.jpg","contentUrl":"https:\/\/exaudi.org\/wp-content\/uploads\/2023\/04\/pexels-valentin-angel-fernandez-14553829-scaled.jpg","width":2560,"height":1707,"caption":"(C) Pexels"},{"@type":"BreadcrumbList","@id":"https:\/\/exaudi.org\/es\/monsenor-vincenzo-paglia-reitera-el-no-a-la-eutanasia-y-al-suicidio-asistido\/#breadcrumb","itemListElement":[{"@type":"ListItem","position":1,"name":"Portada","item":"https:\/\/exaudi.org\/es\/"},{"@type":"ListItem","position":2,"name":"Monse\u00f1or Paglia reitera el no a la eutanasia y al suicidio asistido"}]},{"@type":"WebSite","@id":"https:\/\/exaudi.org\/#website","url":"https:\/\/exaudi.org\/","name":"Exaudi","description":"News","potentialAction":[{"@type":"SearchAction","target":{"@type":"EntryPoint","urlTemplate":"https:\/\/exaudi.org\/?s={search_term_string}"},"query-input":{"@type":"PropertyValueSpecification","valueRequired":true,"valueName":"search_term_string"}}],"inLanguage":"es"},{"@type":"Person","@id":"https:\/\/exaudi.org\/#\/schema\/person\/f5fc8f063065e38742da7afe15f25df7","name":"Exaudi Redacci\u00f3n","image":{"@type":"ImageObject","inLanguage":"es","@id":"https:\/\/secure.gravatar.com\/avatar\/fe0f6a059fb68d9b3e11bc5850dd4899b1c7492091a3cb6dd9b01b56ad828be2?s=96&d=mm&r=g","url":"https:\/\/secure.gravatar.com\/avatar\/fe0f6a059fb68d9b3e11bc5850dd4899b1c7492091a3cb6dd9b01b56ad828be2?s=96&d=mm&r=g","contentUrl":"https:\/\/secure.gravatar.com\/avatar\/fe0f6a059fb68d9b3e11bc5850dd4899b1c7492091a3cb6dd9b01b56ad828be2?s=96&d=mm&r=g","caption":"Exaudi Redacci\u00f3n"},"description":"\u00bfQu\u00e9 es Exaudi News? Exaudi News es un medio de comunicaci\u00f3n cat\u00f3lico internacional que informa, forma y transforma, diariamente en espa\u00f1ol, ingl\u00e9s e italiano. A trav\u00e9s de noticias, art\u00edculos de an\u00e1lisis y transmisiones en directo de los eventos del Papa, Exaudi busca fortalecer la unidad de los cristianos y contribuir a la evangelizaci\u00f3n del mundo, siempre guiados por la doctrina social de la Iglesia. Trabajamos para acercar la verdad y los valores cristianos a cada rinc\u00f3n del planeta. \u00a1Ay\u00fadanos a transformar el mundo con Exaudi! En Exaudi creemos que la evangelizaci\u00f3n y la informaci\u00f3n de calidad pueden cambiar vidas. Para continuar con nuestra misi\u00f3n y expandir nuestro alcance, necesitamos tu ayuda. Adem\u00e1s, buscamos personas comprometidas que deseen unirse a nuestro equipo. Con tu apoyo, lograremos llegar a m\u00e1s personas, difundir el mensaje de Cristo y reforzar la unidad de los cristianos. \u00bfTe unes a nuestra misi\u00f3n? Para m\u00e1s informaci\u00f3n sobre c\u00f3mo colaborar, visita Exaudi.org\/es o cont\u00e1ctanos directamente: info@exaudi.org Exaudi: Informa, forma y transforma.","sameAs":["https:\/\/www.facebook.com\/ExaudiNoticias\/","https:\/\/www.instagram.com\/exaudi_noticias\/","https:\/\/x.com\/Exaudi_noticias","https:\/\/www.youtube.com\/@exaudicatholicnews"],"url":"https:\/\/exaudi.org\/es\/author\/redaccionexaudi\/"}]}},"jetpack_featured_media_url":"https:\/\/exaudi.org\/wp-content\/uploads\/2023\/04\/pexels-valentin-angel-fernandez-14553829-scaled.jpg","jetpack_shortlink":"https:\/\/wp.me\/pgKjF2-juK","_links":{"self":[{"href":"https:\/\/exaudi.org\/es\/wp-json\/wp\/v2\/posts\/74942","targetHints":{"allow":["GET"]}}],"collection":[{"href":"https:\/\/exaudi.org\/es\/wp-json\/wp\/v2\/posts"}],"about":[{"href":"https:\/\/exaudi.org\/es\/wp-json\/wp\/v2\/types\/post"}],"author":[{"embeddable":true,"href":"https:\/\/exaudi.org\/es\/wp-json\/wp\/v2\/users\/15"}],"replies":[{"embeddable":true,"href":"https:\/\/exaudi.org\/es\/wp-json\/wp\/v2\/comments?post=74942"}],"version-history":[{"count":0,"href":"https:\/\/exaudi.org\/es\/wp-json\/wp\/v2\/posts\/74942\/revisions"}],"wp:featuredmedia":[{"embeddable":true,"href":"https:\/\/exaudi.org\/es\/wp-json\/wp\/v2\/media\/74946"}],"wp:attachment":[{"href":"https:\/\/exaudi.org\/es\/wp-json\/wp\/v2\/media?parent=74942"}],"wp:term":[{"taxonomy":"category","embeddable":true,"href":"https:\/\/exaudi.org\/es\/wp-json\/wp\/v2\/categories?post=74942"},{"taxonomy":"post_tag","embeddable":true,"href":"https:\/\/exaudi.org\/es\/wp-json\/wp\/v2\/tags?post=74942"}],"curies":[{"name":"wp","href":"https:\/\/api.w.org\/{rel}","templated":true}]}}