{"id":74931,"date":"2023-04-26T11:16:32","date_gmt":"2023-04-26T09:16:32","guid":{"rendered":"https:\/\/exaudi.org\/?p=74931"},"modified":"2023-04-26T11:16:32","modified_gmt":"2023-04-26T09:16:32","slug":"la-universidad-esta-llamada-a-transformar-la-sociedad-y-no-simplemente-a-adecuarse-a-ella","status":"publish","type":"post","link":"https:\/\/exaudi.org\/es\/la-universidad-esta-llamada-a-transformar-la-sociedad-y-no-simplemente-a-adecuarse-a-ella\/","title":{"rendered":"La universidad est\u00e1 llamada a transformar la sociedad y no simplemente a adecuarse a ella"},"content":{"rendered":"<audio class=\"wp-audio-shortcode\" id=\"audio-74931-1\" preload=\"none\" style=\"width: 100%;\" controls=\"controls\"><source type=\"audio\/mpeg\" src=\"https:\/\/exaudi.org\/wp-content\/uploads\/2023\/04\/Jose-Manuel-Pagan-La-universidad-esta-llamada-a.mp3?_=1\" \/><a href=\"https:\/\/exaudi.org\/wp-content\/uploads\/2023\/04\/Jose-Manuel-Pagan-La-universidad-esta-llamada-a.mp3\">https:\/\/exaudi.org\/wp-content\/uploads\/2023\/04\/Jose-Manuel-Pagan-La-universidad-esta-llamada-a.mp3<\/a><\/audio>\n<p>El rector de la Universidad Cat\u00f3lica de Valencia (UCV), Jos\u00e9 Manuel Pag\u00e1n, ha impartido la conferencia de clausura del XXXVII Curso de Pedagog\u00eda para Educadores \u201cRenovaci\u00f3n e innovaci\u00f3n: la identidad de la universidad en el siglo XXI\u201d de la Fundaci\u00f3n Universitaria Espa\u00f1ola (FUE), donde ha reflexionado acerca de la naturaleza de la universidad, ha enmarcado su misi\u00f3n en el momento actual -incidiendo en la realidad que viven los j\u00f3venes- y se ha referido a los profesores como \u201cpiedra angular de todo proyecto universitario donde, sin duda, nos jugamos el futuro de la universidad\u201d. Una universidad \u00abllamada a transformar la sociedad y no simplemente a adecuarnos, como dice el pre\u00e1mbulo de la LOSU\u201d, ha expresado.<\/p>\n<p>Pag\u00e1n ha comenzado su intervenci\u00f3n aclarando que la universidad \u201cno es un conjunto de edificios, un cat\u00e1logo ni un registro de t\u00edtulos\u201d, sino una instituci\u00f3n con un prop\u00f3sito compartido de profesores y estudiantes donde lo fundamental es \u201cla formaci\u00f3n de personas, la forja de virtudes y la formaci\u00f3n intelectual\u201d. En definitiva, \u201cun lugar donde florecer\u201d: \u201cSon el alumno y sus condiciones peculiares las que deben guiarnos en el arte de ense\u00f1ar\u201d, para lo cual es necesario \u201cconocer bien a los estudiantes que tenemos en el aula\u201d y \u201cpercibir lo que todav\u00eda no existe\u201d. \u201cLos profesores estamos llamados de ser magn\u00e1nimos a la hora de pensar en nuestros estudiantes\u201d, ha subrayado.<\/p>\n<p>\u201cFlorecer significa alcanzar una vida grande, que supone ir m\u00e1s all\u00e1 de la utilidad, del mercado laboral o de los deseos del joven\u201d. Por ello \u00aby aunque es cierto que la universidad no puede ser una torre de marfil, sino que debe dar respuesta a las necesidades de la sociedad, corremos el riesgo de identificar sociedad con mercado y necesidad con mano de obra cualificada. Tenemos que escapar de la instrumentalizaci\u00f3n de la educaci\u00f3n universitaria\u201d, ha afirmado el ponente, quien ha animado a apostar por una \u201ceducaci\u00f3n liberal\u201d como la conceb\u00eda John Henry Newman y a buscar la excelencia, \u00abentendida no como ser mejor que otros, sino como ser mejor que uno mismo, como alcanzar la cota de grandeza destinada a cada cual\u00bb.<\/p>\n<p><b>Formaci\u00f3n: virtudes y vida intelectual\u00a0\u00a0\u00a0<\/b><\/p>\n<p>En el acto, celebrado en el sal\u00f3n de actos de la FUE en Madrid, el rector de la Universidad Cat\u00f3lica de Valencia ha compartido su apuesta por la formaci\u00f3n de personas dentro de esta idea de universidad, la cual se arraiga en la forja de virtudes frente a la simple formaci\u00f3n en valores: \u201cLa educaci\u00f3n de los j\u00f3venes debe mirar, ante todo, al cultivo de virtudes intelectuales y \u00e9ticas o morales. Virtudes intelectuales que responden a una pregunta te\u00f3rica, \u00bfQu\u00e9 me es bueno y necesario saber? Virtudes \u00e9ticas o morales que responden a una pregunta pr\u00e1ctica \u00bfqu\u00e9 me es oportuno y adecuado hacer?\u201d. Asimismo, ha apelado a descubrir el \u201cpoder transformador\u201d de la vida intelectual: \u201cEs fundamental transmitir a los j\u00f3venes los h\u00e1bitos y pasiones de la reflexi\u00f3n tranquila, conscientes de que la actividad intelectual nutre una vida interior\u201d, que \u201cno vemos con claridad porque sentimos devoci\u00f3n por estilos de vida ricos en comodidad material y superioridad social\u201d.<\/p>\n<p><img loading=\"lazy\" decoding=\"async\" class=\"alignleft size-full wp-image-74935\" src=\"https:\/\/exaudi.org\/wp-content\/uploads\/2023\/04\/PR2-scaled.jpg\" alt=\"(C) UCV\" width=\"1897\" height=\"2560\" srcset=\"https:\/\/exaudi.org\/wp-content\/uploads\/2023\/04\/PR2-scaled.jpg 1897w, https:\/\/exaudi.org\/wp-content\/uploads\/2023\/04\/PR2-222x300.jpg 222w, https:\/\/exaudi.org\/wp-content\/uploads\/2023\/04\/PR2-759x1024.jpg 759w, https:\/\/exaudi.org\/wp-content\/uploads\/2023\/04\/PR2-770x1039.jpg 770w, https:\/\/exaudi.org\/wp-content\/uploads\/2023\/04\/PR2-1138x1536.jpg 1138w, https:\/\/exaudi.org\/wp-content\/uploads\/2023\/04\/PR2-1517x2048.jpg 1517w, https:\/\/exaudi.org\/wp-content\/uploads\/2023\/04\/PR2-500x675.jpg 500w, https:\/\/exaudi.org\/wp-content\/uploads\/2023\/04\/PR2-293x395.jpg 293w, https:\/\/exaudi.org\/wp-content\/uploads\/2023\/04\/PR2-1400x1889.jpg 1400w, https:\/\/exaudi.org\/wp-content\/uploads\/2023\/04\/PR2-390x526.jpg 390w\" sizes=\"auto, (max-width: 1897px) 100vw, 1897px\" \/>En este momento de la disertaci\u00f3n, Pag\u00e1n se ha apoyado en san Agust\u00edn, quien en sus\u00a0<i>Confesiones<\/i>\u00a0describe la evoluci\u00f3n personal que vivi\u00f3 a trav\u00e9s del estudio y su posterior conversi\u00f3n al cristianismo: \u201cLa disciplina filos\u00f3fica le prepar\u00f3 para la gracia que libra de los enga\u00f1os y compulsiones de una vida orientada hacia la riqueza, la comodidad y el estatus\u201d. Tambi\u00e9n ha aludido al santo de Hipona para ejemplificar la disyuntiva entre la\u00a0<i>\u201ccuriositas\u201d<\/i>\u00a0y la\u00a0<i>\u201cestudiositas\u201d<\/i>\u00a0que padece hoy la universidad: \u201cEn el origen de esta crisis encontramos la acedia que santo Tom\u00e1s identifica como tristeza del esp\u00edritu y que surge de la consideraci\u00f3n de uno mismo como centro del mundo, de la negligencia ante la propia misi\u00f3n, de la renuncia al esfuerzo, de la falta de perseverancia\u201d.<\/p>\n<p><b>La amenaza de la\u00a0<i>Research university<\/i>\u00a0\u00a0<\/b><\/p>\n<p>En su ponencia, titulada \u201cRepensar la universidad: tradici\u00f3n y perspectivas de futuro\u201d, el rector Jos\u00e9 Manuel Pag\u00e1n ha aludido igualmente a la \u201cllamada inequ\u00edvoca e irrenunciable a la investigaci\u00f3n\u201d, advirtiendo al mismo tiempo de la amenaza que supone la visi\u00f3n, cada vez m\u00e1s extendida, de la\u00a0<i>Research university<\/i>, que supone la fragmentaci\u00f3n de la universidad:\u00a0\u201cNos podemos hacer la pregunta de si tenemos que elegir entre docencia e investigaci\u00f3n en la universidad, y la respuesta es, rotundamente, no. El propio John Henry Newman fue un excelente investigador y, en la universidad que fund\u00f3 en Dubl\u00edn, procur\u00f3 que se hiciera investigaci\u00f3n desde el principio. Para Newman el centro de la vida universitaria se encuentra en la docencia, pero la investigaci\u00f3n se concibe necesaria para el profesor\u201d.<\/p>\n<p>A continuaci\u00f3n, ha hecho una breve revisi\u00f3n en la \u00abambigua\u00bb cultura actual, -que \u00abhace convivir ilustraci\u00f3n y romanticismo, dos movimientos antit\u00e9ticos entre s\u00ed\u201d-, para apuntalar los principales desaf\u00edos a los que se enfrenta: \u201cLa universidad est\u00e1 llamada a transformar la sociedad y, para transformar algo, previamente tenemos que conocerlo\u201d. En este sentido, se ha referido a la exhortaci\u00f3n apost\u00f3lica\u00a0<i>Evangelii Gaudium<\/i>, donde el papa Francisco alerta del \u201cgran riesgo del mundo actual con su m\u00faltiple y abrumadora oferta de consumo, una tristeza individualista que brota del coraz\u00f3n c\u00f3modo y \u00e1varo. De la b\u00fasqueda enfermiza de placeres superficiales. De la conciencia aislada. Cuando la vida interior se clausura en los propios intereses, ya no hay espacio para los dem\u00e1s. Ya no entran los pobres, ya no se escucha la voz de Dios, ya no se goza la dulce alegr\u00eda de su amor, ya no palpita el entusiasmo por hacer el bien\u201d.<\/p>\n<p>Se puede ver la intervenci\u00f3n completa en el siguiente\u00a0<a href=\"https:\/\/www.youtube.com\/live\/lTgiehs0-Mk?feature=share\" target=\"_blank\" rel=\"noopener\" data-saferedirecturl=\"https:\/\/www.google.com\/url?q=https:\/\/www.youtube.com\/live\/lTgiehs0-Mk?feature%3Dshare&amp;source=gmail&amp;ust=1682586289019000&amp;usg=AOvVaw0utxP5P5-9-2XBmdZR5eci\">enlace<\/a>.<\/p>\n","protected":false},"excerpt":{"rendered":"<p>Florecer significa alcanzar una vida grande, que supone ir m\u00e1s all\u00e1 de la utilidad, del mercado laboral o de los deseos del joven<\/p>\n","protected":false},"author":15,"featured_media":74932,"comment_status":"closed","ping_status":"closed","sticky":false,"template":"","format":"standard","meta":{"_acf_changed":false,"_crdt_document":"","inline_featured_image":false,"footnotes":""},"categories":[74],"tags":[2023,8989,8990,4953,1211,7097,3934],"class_list":["post-74931","post","type-post","status-publish","format-standard","has-post-thumbnail","hentry","category-iglesia-y-mundo","tag-formacion","tag-jose-manuel-pagan","tag-research-university","tag-trending-es","tag-ucv","tag-universidad","tag-virtudes"],"acf":[],"yoast_head":"<!-- This site is optimized with the Yoast SEO plugin v27.5 - https:\/\/yoast.com\/product\/yoast-seo-wordpress\/ -->\n<title>La universidad est\u00e1 llamada a transformar la sociedad y no simplemente a adecuarse a ella &#8211; Exaudi<\/title>\n<meta name=\"robots\" content=\"index, follow, max-snippet:-1, max-image-preview:large, max-video-preview:-1\" \/>\n<link rel=\"canonical\" href=\"https:\/\/exaudi.org\/es\/la-universidad-esta-llamada-a-transformar-la-sociedad-y-no-simplemente-a-adecuarse-a-ella\/\" \/>\n<meta property=\"og:locale\" content=\"es_ES\" \/>\n<meta property=\"og:type\" content=\"article\" \/>\n<meta property=\"og:title\" content=\"La universidad est\u00e1 llamada a transformar la sociedad y no simplemente a adecuarse a ella &#8211; Exaudi\" \/>\n<meta property=\"og:description\" content=\"Florecer significa alcanzar una vida grande, que supone ir m\u00e1s all\u00e1 de la utilidad, del mercado laboral o de los deseos del joven\" \/>\n<meta property=\"og:url\" content=\"https:\/\/exaudi.org\/es\/la-universidad-esta-llamada-a-transformar-la-sociedad-y-no-simplemente-a-adecuarse-a-ella\/\" \/>\n<meta property=\"og:site_name\" content=\"Exaudi\" \/>\n<meta property=\"article:publisher\" content=\"https:\/\/www.facebook.com\/ExaudiNews\" \/>\n<meta property=\"article:author\" content=\"https:\/\/www.facebook.com\/ExaudiNoticias\/\" \/>\n<meta property=\"article:published_time\" content=\"2023-04-26T09:16:32+00:00\" \/>\n<meta property=\"og:image\" content=\"https:\/\/exaudi.org\/wp-content\/uploads\/2023\/04\/PR1-scaled.jpg\" \/>\n\t<meta property=\"og:image:width\" content=\"2560\" \/>\n\t<meta property=\"og:image:height\" content=\"1920\" \/>\n\t<meta property=\"og:image:type\" content=\"image\/jpeg\" \/>\n<meta name=\"author\" content=\"Exaudi Redacci\u00f3n\" \/>\n<meta name=\"twitter:card\" content=\"summary_large_image\" \/>\n<meta name=\"twitter:creator\" content=\"@Exaudi_noticias\" \/>\n<meta name=\"twitter:site\" content=\"@Exaudi_News\" \/>\n<meta name=\"twitter:label1\" content=\"Escrito por\" \/>\n\t<meta name=\"twitter:data1\" content=\"Exaudi Redacci\u00f3n\" \/>\n\t<meta name=\"twitter:label2\" content=\"Tiempo de lectura\" \/>\n\t<meta name=\"twitter:data2\" content=\"5 minutos\" \/>\n<script type=\"application\/ld+json\" class=\"yoast-schema-graph\">{\"@context\":\"https:\\\/\\\/schema.org\",\"@graph\":[{\"@type\":\"Article\",\"@id\":\"https:\\\/\\\/exaudi.org\\\/es\\\/la-universidad-esta-llamada-a-transformar-la-sociedad-y-no-simplemente-a-adecuarse-a-ella\\\/#article\",\"isPartOf\":{\"@id\":\"https:\\\/\\\/exaudi.org\\\/es\\\/la-universidad-esta-llamada-a-transformar-la-sociedad-y-no-simplemente-a-adecuarse-a-ella\\\/\"},\"author\":{\"name\":\"Exaudi Redacci\u00f3n\",\"@id\":\"https:\\\/\\\/exaudi.org\\\/#\\\/schema\\\/person\\\/f5fc8f063065e38742da7afe15f25df7\"},\"headline\":\"La universidad est\u00e1 llamada a transformar la sociedad y no simplemente a adecuarse a ella\",\"datePublished\":\"2023-04-26T09:16:32+00:00\",\"mainEntityOfPage\":{\"@id\":\"https:\\\/\\\/exaudi.org\\\/es\\\/la-universidad-esta-llamada-a-transformar-la-sociedad-y-no-simplemente-a-adecuarse-a-ella\\\/\"},\"wordCount\":1033,\"image\":{\"@id\":\"https:\\\/\\\/exaudi.org\\\/es\\\/la-universidad-esta-llamada-a-transformar-la-sociedad-y-no-simplemente-a-adecuarse-a-ella\\\/#primaryimage\"},\"thumbnailUrl\":\"https:\\\/\\\/exaudi.org\\\/wp-content\\\/uploads\\\/2023\\\/04\\\/PR1-scaled.jpg\",\"keywords\":[\"Formaci\u00f3n\",\"Jos\u00e9 Manuel Pag\u00e1n\",\"Research university\",\"Trending\",\"UCV\",\"Universidad\",\"Virtudes\"],\"articleSection\":[\"Iglesia y Mundo\"],\"inLanguage\":\"es\"},{\"@type\":\"WebPage\",\"@id\":\"https:\\\/\\\/exaudi.org\\\/es\\\/la-universidad-esta-llamada-a-transformar-la-sociedad-y-no-simplemente-a-adecuarse-a-ella\\\/\",\"url\":\"https:\\\/\\\/exaudi.org\\\/es\\\/la-universidad-esta-llamada-a-transformar-la-sociedad-y-no-simplemente-a-adecuarse-a-ella\\\/\",\"name\":\"La universidad est\u00e1 llamada a transformar la sociedad y no simplemente a adecuarse a ella &#8211; Exaudi\",\"isPartOf\":{\"@id\":\"https:\\\/\\\/exaudi.org\\\/#website\"},\"primaryImageOfPage\":{\"@id\":\"https:\\\/\\\/exaudi.org\\\/es\\\/la-universidad-esta-llamada-a-transformar-la-sociedad-y-no-simplemente-a-adecuarse-a-ella\\\/#primaryimage\"},\"image\":{\"@id\":\"https:\\\/\\\/exaudi.org\\\/es\\\/la-universidad-esta-llamada-a-transformar-la-sociedad-y-no-simplemente-a-adecuarse-a-ella\\\/#primaryimage\"},\"thumbnailUrl\":\"https:\\\/\\\/exaudi.org\\\/wp-content\\\/uploads\\\/2023\\\/04\\\/PR1-scaled.jpg\",\"datePublished\":\"2023-04-26T09:16:32+00:00\",\"author\":{\"@id\":\"https:\\\/\\\/exaudi.org\\\/#\\\/schema\\\/person\\\/f5fc8f063065e38742da7afe15f25df7\"},\"breadcrumb\":{\"@id\":\"https:\\\/\\\/exaudi.org\\\/es\\\/la-universidad-esta-llamada-a-transformar-la-sociedad-y-no-simplemente-a-adecuarse-a-ella\\\/#breadcrumb\"},\"inLanguage\":\"es\",\"potentialAction\":[{\"@type\":\"ReadAction\",\"target\":[\"https:\\\/\\\/exaudi.org\\\/es\\\/la-universidad-esta-llamada-a-transformar-la-sociedad-y-no-simplemente-a-adecuarse-a-ella\\\/\"]}]},{\"@type\":\"ImageObject\",\"inLanguage\":\"es\",\"@id\":\"https:\\\/\\\/exaudi.org\\\/es\\\/la-universidad-esta-llamada-a-transformar-la-sociedad-y-no-simplemente-a-adecuarse-a-ella\\\/#primaryimage\",\"url\":\"https:\\\/\\\/exaudi.org\\\/wp-content\\\/uploads\\\/2023\\\/04\\\/PR1-scaled.jpg\",\"contentUrl\":\"https:\\\/\\\/exaudi.org\\\/wp-content\\\/uploads\\\/2023\\\/04\\\/PR1-scaled.jpg\",\"width\":2560,\"height\":1920,\"caption\":\"(C) UCV\"},{\"@type\":\"BreadcrumbList\",\"@id\":\"https:\\\/\\\/exaudi.org\\\/es\\\/la-universidad-esta-llamada-a-transformar-la-sociedad-y-no-simplemente-a-adecuarse-a-ella\\\/#breadcrumb\",\"itemListElement\":[{\"@type\":\"ListItem\",\"position\":1,\"name\":\"Portada\",\"item\":\"https:\\\/\\\/exaudi.org\\\/es\\\/\"},{\"@type\":\"ListItem\",\"position\":2,\"name\":\"La universidad est\u00e1 llamada a transformar la sociedad y no simplemente a adecuarse a ella\"}]},{\"@type\":\"WebSite\",\"@id\":\"https:\\\/\\\/exaudi.org\\\/#website\",\"url\":\"https:\\\/\\\/exaudi.org\\\/\",\"name\":\"Exaudi\",\"description\":\"News\",\"potentialAction\":[{\"@type\":\"SearchAction\",\"target\":{\"@type\":\"EntryPoint\",\"urlTemplate\":\"https:\\\/\\\/exaudi.org\\\/?s={search_term_string}\"},\"query-input\":{\"@type\":\"PropertyValueSpecification\",\"valueRequired\":true,\"valueName\":\"search_term_string\"}}],\"inLanguage\":\"es\"},{\"@type\":\"Person\",\"@id\":\"https:\\\/\\\/exaudi.org\\\/#\\\/schema\\\/person\\\/f5fc8f063065e38742da7afe15f25df7\",\"name\":\"Exaudi Redacci\u00f3n\",\"image\":{\"@type\":\"ImageObject\",\"inLanguage\":\"es\",\"@id\":\"https:\\\/\\\/secure.gravatar.com\\\/avatar\\\/fe0f6a059fb68d9b3e11bc5850dd4899b1c7492091a3cb6dd9b01b56ad828be2?s=96&d=mm&r=g\",\"url\":\"https:\\\/\\\/secure.gravatar.com\\\/avatar\\\/fe0f6a059fb68d9b3e11bc5850dd4899b1c7492091a3cb6dd9b01b56ad828be2?s=96&d=mm&r=g\",\"contentUrl\":\"https:\\\/\\\/secure.gravatar.com\\\/avatar\\\/fe0f6a059fb68d9b3e11bc5850dd4899b1c7492091a3cb6dd9b01b56ad828be2?s=96&d=mm&r=g\",\"caption\":\"Exaudi Redacci\u00f3n\"},\"description\":\"\u00bfQu\u00e9 es Exaudi News? Exaudi News es un medio de comunicaci\u00f3n cat\u00f3lico internacional que informa, forma y transforma, diariamente en espa\u00f1ol, ingl\u00e9s e italiano. A trav\u00e9s de noticias, art\u00edculos de an\u00e1lisis y transmisiones en directo de los eventos del Papa, Exaudi busca fortalecer la unidad de los cristianos y contribuir a la evangelizaci\u00f3n del mundo, siempre guiados por la doctrina social de la Iglesia. Trabajamos para acercar la verdad y los valores cristianos a cada rinc\u00f3n del planeta. \u00a1Ay\u00fadanos a transformar el mundo con Exaudi! En Exaudi creemos que la evangelizaci\u00f3n y la informaci\u00f3n de calidad pueden cambiar vidas. Para continuar con nuestra misi\u00f3n y expandir nuestro alcance, necesitamos tu ayuda. Adem\u00e1s, buscamos personas comprometidas que deseen unirse a nuestro equipo. Con tu apoyo, lograremos llegar a m\u00e1s personas, difundir el mensaje de Cristo y reforzar la unidad de los cristianos. \u00bfTe unes a nuestra misi\u00f3n? Para m\u00e1s informaci\u00f3n sobre c\u00f3mo colaborar, visita Exaudi.org\\\/es o cont\u00e1ctanos directamente: info@exaudi.org Exaudi: Informa, forma y transforma.\",\"sameAs\":[\"https:\\\/\\\/www.facebook.com\\\/ExaudiNoticias\\\/\",\"https:\\\/\\\/www.instagram.com\\\/exaudi_noticias\\\/\",\"https:\\\/\\\/x.com\\\/Exaudi_noticias\",\"https:\\\/\\\/www.youtube.com\\\/@exaudicatholicnews\"],\"url\":\"https:\\\/\\\/exaudi.org\\\/es\\\/author\\\/redaccionexaudi\\\/\"}]}<\/script>\n<!-- \/ Yoast SEO plugin. -->","yoast_head_json":{"title":"La universidad est\u00e1 llamada a transformar la sociedad y no simplemente a adecuarse a ella &#8211; Exaudi","robots":{"index":"index","follow":"follow","max-snippet":"max-snippet:-1","max-image-preview":"max-image-preview:large","max-video-preview":"max-video-preview:-1"},"canonical":"https:\/\/exaudi.org\/es\/la-universidad-esta-llamada-a-transformar-la-sociedad-y-no-simplemente-a-adecuarse-a-ella\/","og_locale":"es_ES","og_type":"article","og_title":"La universidad est\u00e1 llamada a transformar la sociedad y no simplemente a adecuarse a ella &#8211; Exaudi","og_description":"Florecer significa alcanzar una vida grande, que supone ir m\u00e1s all\u00e1 de la utilidad, del mercado laboral o de los deseos del joven","og_url":"https:\/\/exaudi.org\/es\/la-universidad-esta-llamada-a-transformar-la-sociedad-y-no-simplemente-a-adecuarse-a-ella\/","og_site_name":"Exaudi","article_publisher":"https:\/\/www.facebook.com\/ExaudiNews","article_author":"https:\/\/www.facebook.com\/ExaudiNoticias\/","article_published_time":"2023-04-26T09:16:32+00:00","og_image":[{"width":2560,"height":1920,"url":"https:\/\/exaudi.org\/wp-content\/uploads\/2023\/04\/PR1-scaled.jpg","type":"image\/jpeg"}],"author":"Exaudi Redacci\u00f3n","twitter_card":"summary_large_image","twitter_creator":"@Exaudi_noticias","twitter_site":"@Exaudi_News","twitter_misc":{"Escrito por":"Exaudi Redacci\u00f3n","Tiempo de lectura":"5 minutos"},"schema":{"@context":"https:\/\/schema.org","@graph":[{"@type":"Article","@id":"https:\/\/exaudi.org\/es\/la-universidad-esta-llamada-a-transformar-la-sociedad-y-no-simplemente-a-adecuarse-a-ella\/#article","isPartOf":{"@id":"https:\/\/exaudi.org\/es\/la-universidad-esta-llamada-a-transformar-la-sociedad-y-no-simplemente-a-adecuarse-a-ella\/"},"author":{"name":"Exaudi Redacci\u00f3n","@id":"https:\/\/exaudi.org\/#\/schema\/person\/f5fc8f063065e38742da7afe15f25df7"},"headline":"La universidad est\u00e1 llamada a transformar la sociedad y no simplemente a adecuarse a ella","datePublished":"2023-04-26T09:16:32+00:00","mainEntityOfPage":{"@id":"https:\/\/exaudi.org\/es\/la-universidad-esta-llamada-a-transformar-la-sociedad-y-no-simplemente-a-adecuarse-a-ella\/"},"wordCount":1033,"image":{"@id":"https:\/\/exaudi.org\/es\/la-universidad-esta-llamada-a-transformar-la-sociedad-y-no-simplemente-a-adecuarse-a-ella\/#primaryimage"},"thumbnailUrl":"https:\/\/exaudi.org\/wp-content\/uploads\/2023\/04\/PR1-scaled.jpg","keywords":["Formaci\u00f3n","Jos\u00e9 Manuel Pag\u00e1n","Research university","Trending","UCV","Universidad","Virtudes"],"articleSection":["Iglesia y Mundo"],"inLanguage":"es"},{"@type":"WebPage","@id":"https:\/\/exaudi.org\/es\/la-universidad-esta-llamada-a-transformar-la-sociedad-y-no-simplemente-a-adecuarse-a-ella\/","url":"https:\/\/exaudi.org\/es\/la-universidad-esta-llamada-a-transformar-la-sociedad-y-no-simplemente-a-adecuarse-a-ella\/","name":"La universidad est\u00e1 llamada a transformar la sociedad y no simplemente a adecuarse a ella &#8211; Exaudi","isPartOf":{"@id":"https:\/\/exaudi.org\/#website"},"primaryImageOfPage":{"@id":"https:\/\/exaudi.org\/es\/la-universidad-esta-llamada-a-transformar-la-sociedad-y-no-simplemente-a-adecuarse-a-ella\/#primaryimage"},"image":{"@id":"https:\/\/exaudi.org\/es\/la-universidad-esta-llamada-a-transformar-la-sociedad-y-no-simplemente-a-adecuarse-a-ella\/#primaryimage"},"thumbnailUrl":"https:\/\/exaudi.org\/wp-content\/uploads\/2023\/04\/PR1-scaled.jpg","datePublished":"2023-04-26T09:16:32+00:00","author":{"@id":"https:\/\/exaudi.org\/#\/schema\/person\/f5fc8f063065e38742da7afe15f25df7"},"breadcrumb":{"@id":"https:\/\/exaudi.org\/es\/la-universidad-esta-llamada-a-transformar-la-sociedad-y-no-simplemente-a-adecuarse-a-ella\/#breadcrumb"},"inLanguage":"es","potentialAction":[{"@type":"ReadAction","target":["https:\/\/exaudi.org\/es\/la-universidad-esta-llamada-a-transformar-la-sociedad-y-no-simplemente-a-adecuarse-a-ella\/"]}]},{"@type":"ImageObject","inLanguage":"es","@id":"https:\/\/exaudi.org\/es\/la-universidad-esta-llamada-a-transformar-la-sociedad-y-no-simplemente-a-adecuarse-a-ella\/#primaryimage","url":"https:\/\/exaudi.org\/wp-content\/uploads\/2023\/04\/PR1-scaled.jpg","contentUrl":"https:\/\/exaudi.org\/wp-content\/uploads\/2023\/04\/PR1-scaled.jpg","width":2560,"height":1920,"caption":"(C) UCV"},{"@type":"BreadcrumbList","@id":"https:\/\/exaudi.org\/es\/la-universidad-esta-llamada-a-transformar-la-sociedad-y-no-simplemente-a-adecuarse-a-ella\/#breadcrumb","itemListElement":[{"@type":"ListItem","position":1,"name":"Portada","item":"https:\/\/exaudi.org\/es\/"},{"@type":"ListItem","position":2,"name":"La universidad est\u00e1 llamada a transformar la sociedad y no simplemente a adecuarse a ella"}]},{"@type":"WebSite","@id":"https:\/\/exaudi.org\/#website","url":"https:\/\/exaudi.org\/","name":"Exaudi","description":"News","potentialAction":[{"@type":"SearchAction","target":{"@type":"EntryPoint","urlTemplate":"https:\/\/exaudi.org\/?s={search_term_string}"},"query-input":{"@type":"PropertyValueSpecification","valueRequired":true,"valueName":"search_term_string"}}],"inLanguage":"es"},{"@type":"Person","@id":"https:\/\/exaudi.org\/#\/schema\/person\/f5fc8f063065e38742da7afe15f25df7","name":"Exaudi Redacci\u00f3n","image":{"@type":"ImageObject","inLanguage":"es","@id":"https:\/\/secure.gravatar.com\/avatar\/fe0f6a059fb68d9b3e11bc5850dd4899b1c7492091a3cb6dd9b01b56ad828be2?s=96&d=mm&r=g","url":"https:\/\/secure.gravatar.com\/avatar\/fe0f6a059fb68d9b3e11bc5850dd4899b1c7492091a3cb6dd9b01b56ad828be2?s=96&d=mm&r=g","contentUrl":"https:\/\/secure.gravatar.com\/avatar\/fe0f6a059fb68d9b3e11bc5850dd4899b1c7492091a3cb6dd9b01b56ad828be2?s=96&d=mm&r=g","caption":"Exaudi Redacci\u00f3n"},"description":"\u00bfQu\u00e9 es Exaudi News? Exaudi News es un medio de comunicaci\u00f3n cat\u00f3lico internacional que informa, forma y transforma, diariamente en espa\u00f1ol, ingl\u00e9s e italiano. A trav\u00e9s de noticias, art\u00edculos de an\u00e1lisis y transmisiones en directo de los eventos del Papa, Exaudi busca fortalecer la unidad de los cristianos y contribuir a la evangelizaci\u00f3n del mundo, siempre guiados por la doctrina social de la Iglesia. Trabajamos para acercar la verdad y los valores cristianos a cada rinc\u00f3n del planeta. \u00a1Ay\u00fadanos a transformar el mundo con Exaudi! En Exaudi creemos que la evangelizaci\u00f3n y la informaci\u00f3n de calidad pueden cambiar vidas. Para continuar con nuestra misi\u00f3n y expandir nuestro alcance, necesitamos tu ayuda. Adem\u00e1s, buscamos personas comprometidas que deseen unirse a nuestro equipo. Con tu apoyo, lograremos llegar a m\u00e1s personas, difundir el mensaje de Cristo y reforzar la unidad de los cristianos. \u00bfTe unes a nuestra misi\u00f3n? Para m\u00e1s informaci\u00f3n sobre c\u00f3mo colaborar, visita Exaudi.org\/es o cont\u00e1ctanos directamente: info@exaudi.org Exaudi: Informa, forma y transforma.","sameAs":["https:\/\/www.facebook.com\/ExaudiNoticias\/","https:\/\/www.instagram.com\/exaudi_noticias\/","https:\/\/x.com\/Exaudi_noticias","https:\/\/www.youtube.com\/@exaudicatholicnews"],"url":"https:\/\/exaudi.org\/es\/author\/redaccionexaudi\/"}]}},"jetpack_featured_media_url":"https:\/\/exaudi.org\/wp-content\/uploads\/2023\/04\/PR1-scaled.jpg","jetpack_shortlink":"https:\/\/wp.me\/pgKjF2-juz","_links":{"self":[{"href":"https:\/\/exaudi.org\/es\/wp-json\/wp\/v2\/posts\/74931","targetHints":{"allow":["GET"]}}],"collection":[{"href":"https:\/\/exaudi.org\/es\/wp-json\/wp\/v2\/posts"}],"about":[{"href":"https:\/\/exaudi.org\/es\/wp-json\/wp\/v2\/types\/post"}],"author":[{"embeddable":true,"href":"https:\/\/exaudi.org\/es\/wp-json\/wp\/v2\/users\/15"}],"replies":[{"embeddable":true,"href":"https:\/\/exaudi.org\/es\/wp-json\/wp\/v2\/comments?post=74931"}],"version-history":[{"count":0,"href":"https:\/\/exaudi.org\/es\/wp-json\/wp\/v2\/posts\/74931\/revisions"}],"wp:featuredmedia":[{"embeddable":true,"href":"https:\/\/exaudi.org\/es\/wp-json\/wp\/v2\/media\/74932"}],"wp:attachment":[{"href":"https:\/\/exaudi.org\/es\/wp-json\/wp\/v2\/media?parent=74931"}],"wp:term":[{"taxonomy":"category","embeddable":true,"href":"https:\/\/exaudi.org\/es\/wp-json\/wp\/v2\/categories?post=74931"},{"taxonomy":"post_tag","embeddable":true,"href":"https:\/\/exaudi.org\/es\/wp-json\/wp\/v2\/tags?post=74931"}],"curies":[{"name":"wp","href":"https:\/\/api.w.org\/{rel}","templated":true}]}}