{"id":74892,"date":"2023-04-24T16:38:04","date_gmt":"2023-04-24T14:38:04","guid":{"rendered":"https:\/\/exaudi.org\/?p=74892"},"modified":"2023-04-24T16:38:04","modified_gmt":"2023-04-24T14:38:04","slug":"el-papa-francisco-preside-la-primera-reunion-del-nuevo-consejo-de-cardenales","status":"publish","type":"post","link":"https:\/\/exaudi.org\/es\/el-papa-francisco-preside-la-primera-reunion-del-nuevo-consejo-de-cardenales\/","title":{"rendered":"El Papa Francisco preside la primera reuni\u00f3n del nuevo Consejo de Cardenales"},"content":{"rendered":"<audio class=\"wp-audio-shortcode\" id=\"audio-74892-1\" preload=\"none\" style=\"width: 100%;\" controls=\"controls\"><source type=\"audio\/mpeg\" src=\"https:\/\/exaudi.org\/wp-content\/uploads\/2023\/04\/El-Papa-Francisco-preside-la-primera-reunion-del.mp3?_=1\" \/><a href=\"https:\/\/exaudi.org\/wp-content\/uploads\/2023\/04\/El-Papa-Francisco-preside-la-primera-reunion-del.mp3\">https:\/\/exaudi.org\/wp-content\/uploads\/2023\/04\/El-Papa-Francisco-preside-la-primera-reunion-del.mp3<\/a><\/audio>\n<p>Inici\u00f3 este lunes, 24 de abril, en el Vaticano, la\u00a0reuni\u00f3n del Consejo de Cardenales (C9)\u00a0en presencia del Papa Francisco. Se trata de la primera reuni\u00f3n del nuevo C9 despu\u00e9s de la\u00a0<a href=\"https:\/\/exaudi.org\/es\/papa-francisco-renueva-el-consejo-de-cardenales\/\" target=\"_blank\" rel=\"external noopener\">renovaci\u00f3n del organismo<\/a>\u00a0por parte del Pont\u00edfice el pasado 7 de marzo.<\/p>\n<p>Los miembros del nuevo Consejo son los cardenales Pietro Parolin, Secretario de Estado; Fernando V\u00e9rgez Alzaga, Presidente de la Gobernaci\u00f3n del Estado de la Ciudad del Vaticano; Fridolin Ambongo Besungu, Arzobispo de Kinshasa; Oswald Gracias, Arzobispo de Bombay; Se\u00e1n Patrick O&#8217;Malley, arzobispo de Boston; Juan Jos\u00e9 Omella Omella, arzobispo de Barcelona; G\u00e9rald Lacroix, arzobispo de Qu\u00e9bec; Jean-Claude Hollerich, arzobispo de Luxemburgo; S\u00e9rgio da Rocha, arzobispo de San Salvador de Bah\u00eda. El secretario de la comisi\u00f3n es monse\u00f1or Marco Mellino, obispo titular de Cresima.<\/p>\n<p>El Consejo de Cardenales fue instituido por el Papa Francisco con el\u00a0<a href=\"https:\/\/www.vatican.va\/content\/francesco\/es\/letters\/2013\/documents\/papa-francesco_20130928_chirografo-consiglio-cardinali.html\" target=\"_blank\" rel=\"external noopener\">Quir\u00f3grafo del 28 de septiembre de 2013<\/a>\u00a0con la tarea de asistirle en el gobierno de la Iglesia universal y estudiar un proyecto de revisi\u00f3n de la Curia Romana, realizada esta \u00faltima con la nueva\u00a0<a href=\"https:\/\/press.vatican.va\/content\/salastampa\/it\/bollettino\/pubblico\/2022\/03\/19\/0189\/00404.html\" target=\"_blank\" rel=\"external noopener\">Constituci\u00f3n Apost\u00f3lica\u00a0<i>Praedicate Evangelium<\/i><\/a><i>,<\/i>\u00a0publicada el 19 de marzo de 2022.<\/p>\n<p>La primera reuni\u00f3n del C9 tuvo lugar el 1 de octubre de 2013. La \u00faltima reuni\u00f3n, en diciembre del a\u00f1o pasado, se dedic\u00f3 en particular a la fase continental del S\u00ednodo sobre la Sinodalidad.<\/p>\n","protected":false},"excerpt":{"rendered":"<p>Es la primera reuni\u00f3n del C9 despu\u00e9s de que el Papa Francisco renovara el \u00f3rgano <\/p>\n","protected":false},"author":15,"featured_media":74893,"comment_status":"closed","ping_status":"closed","sticky":false,"template":"","format":"standard","meta":{"_acf_changed":false,"_crdt_document":"","inline_featured_image":false,"footnotes":""},"categories":[68,132],"tags":[8983,1940,2185,158,6144,4953],"class_list":["post-74892","post","type-post","status-publish","format-standard","has-post-thumbnail","hentry","category-leon-xiv","category-vaticano-es","tag-c9-3","tag-cardenales","tag-consejo-de-cardenales","tag-papa-francisco","tag-praedicate-evangelium","tag-trending-es"],"acf":[],"yoast_head":"<!-- This site is optimized with the Yoast SEO plugin v27.5 - https:\/\/yoast.com\/product\/yoast-seo-wordpress\/ -->\n<title>El Papa Francisco preside la primera reuni\u00f3n del nuevo Consejo de Cardenales &#8211; Exaudi<\/title>\n<meta name=\"robots\" content=\"index, follow, max-snippet:-1, max-image-preview:large, max-video-preview:-1\" \/>\n<link rel=\"canonical\" href=\"https:\/\/exaudi.org\/es\/el-papa-francisco-preside-la-primera-reunion-del-nuevo-consejo-de-cardenales\/\" \/>\n<meta property=\"og:locale\" content=\"es_ES\" \/>\n<meta property=\"og:type\" content=\"article\" \/>\n<meta property=\"og:title\" content=\"El Papa Francisco preside la primera reuni\u00f3n del nuevo Consejo de Cardenales &#8211; Exaudi\" \/>\n<meta property=\"og:description\" content=\"Es la primera reuni\u00f3n del C9 despu\u00e9s de que el Papa Francisco renovara el \u00f3rgano\" \/>\n<meta property=\"og:url\" content=\"https:\/\/exaudi.org\/es\/el-papa-francisco-preside-la-primera-reunion-del-nuevo-consejo-de-cardenales\/\" \/>\n<meta property=\"og:site_name\" content=\"Exaudi\" \/>\n<meta property=\"article:publisher\" content=\"https:\/\/www.facebook.com\/ExaudiNews\" \/>\n<meta property=\"article:author\" content=\"https:\/\/www.facebook.com\/ExaudiNoticias\/\" \/>\n<meta property=\"article:published_time\" content=\"2023-04-24T14:38:04+00:00\" \/>\n<meta property=\"og:image\" content=\"https:\/\/exaudi.org\/wp-content\/uploads\/2023\/04\/cq5dam.thumbnail.cropped.1500.844-2.jpeg\" \/>\n\t<meta property=\"og:image:width\" content=\"1500\" \/>\n\t<meta property=\"og:image:height\" content=\"844\" \/>\n\t<meta property=\"og:image:type\" content=\"image\/jpeg\" \/>\n<meta name=\"author\" content=\"Exaudi Redacci\u00f3n\" \/>\n<meta name=\"twitter:card\" content=\"summary_large_image\" \/>\n<meta name=\"twitter:creator\" content=\"@Exaudi_noticias\" \/>\n<meta name=\"twitter:site\" content=\"@Exaudi_News\" \/>\n<meta name=\"twitter:label1\" content=\"Escrito por\" \/>\n\t<meta name=\"twitter:data1\" content=\"Exaudi Redacci\u00f3n\" \/>\n\t<meta name=\"twitter:label2\" content=\"Tiempo de lectura\" \/>\n\t<meta name=\"twitter:data2\" content=\"1 minuto\" \/>\n<script type=\"application\/ld+json\" class=\"yoast-schema-graph\">{\"@context\":\"https:\\\/\\\/schema.org\",\"@graph\":[{\"@type\":\"Article\",\"@id\":\"https:\\\/\\\/exaudi.org\\\/es\\\/el-papa-francisco-preside-la-primera-reunion-del-nuevo-consejo-de-cardenales\\\/#article\",\"isPartOf\":{\"@id\":\"https:\\\/\\\/exaudi.org\\\/es\\\/el-papa-francisco-preside-la-primera-reunion-del-nuevo-consejo-de-cardenales\\\/\"},\"author\":{\"name\":\"Exaudi Redacci\u00f3n\",\"@id\":\"https:\\\/\\\/exaudi.org\\\/#\\\/schema\\\/person\\\/f5fc8f063065e38742da7afe15f25df7\"},\"headline\":\"El Papa Francisco preside la primera reuni\u00f3n del nuevo Consejo de Cardenales\",\"datePublished\":\"2023-04-24T14:38:04+00:00\",\"mainEntityOfPage\":{\"@id\":\"https:\\\/\\\/exaudi.org\\\/es\\\/el-papa-francisco-preside-la-primera-reunion-del-nuevo-consejo-de-cardenales\\\/\"},\"wordCount\":258,\"image\":{\"@id\":\"https:\\\/\\\/exaudi.org\\\/es\\\/el-papa-francisco-preside-la-primera-reunion-del-nuevo-consejo-de-cardenales\\\/#primaryimage\"},\"thumbnailUrl\":\"https:\\\/\\\/exaudi.org\\\/wp-content\\\/uploads\\\/2023\\\/04\\\/cq5dam.thumbnail.cropped.1500.844-2.jpeg\",\"keywords\":[\"C9\",\"Cardenales\",\"Consejo de Cardenales\",\"papa francisco\",\"Praedicate evangelium\",\"Trending\"],\"articleSection\":[\"Le\u00f3n XIV\",\"Vaticano\"],\"inLanguage\":\"es\"},{\"@type\":\"WebPage\",\"@id\":\"https:\\\/\\\/exaudi.org\\\/es\\\/el-papa-francisco-preside-la-primera-reunion-del-nuevo-consejo-de-cardenales\\\/\",\"url\":\"https:\\\/\\\/exaudi.org\\\/es\\\/el-papa-francisco-preside-la-primera-reunion-del-nuevo-consejo-de-cardenales\\\/\",\"name\":\"El Papa Francisco preside la primera reuni\u00f3n del nuevo Consejo de Cardenales &#8211; Exaudi\",\"isPartOf\":{\"@id\":\"https:\\\/\\\/exaudi.org\\\/#website\"},\"primaryImageOfPage\":{\"@id\":\"https:\\\/\\\/exaudi.org\\\/es\\\/el-papa-francisco-preside-la-primera-reunion-del-nuevo-consejo-de-cardenales\\\/#primaryimage\"},\"image\":{\"@id\":\"https:\\\/\\\/exaudi.org\\\/es\\\/el-papa-francisco-preside-la-primera-reunion-del-nuevo-consejo-de-cardenales\\\/#primaryimage\"},\"thumbnailUrl\":\"https:\\\/\\\/exaudi.org\\\/wp-content\\\/uploads\\\/2023\\\/04\\\/cq5dam.thumbnail.cropped.1500.844-2.jpeg\",\"datePublished\":\"2023-04-24T14:38:04+00:00\",\"author\":{\"@id\":\"https:\\\/\\\/exaudi.org\\\/#\\\/schema\\\/person\\\/f5fc8f063065e38742da7afe15f25df7\"},\"breadcrumb\":{\"@id\":\"https:\\\/\\\/exaudi.org\\\/es\\\/el-papa-francisco-preside-la-primera-reunion-del-nuevo-consejo-de-cardenales\\\/#breadcrumb\"},\"inLanguage\":\"es\",\"potentialAction\":[{\"@type\":\"ReadAction\",\"target\":[\"https:\\\/\\\/exaudi.org\\\/es\\\/el-papa-francisco-preside-la-primera-reunion-del-nuevo-consejo-de-cardenales\\\/\"]}]},{\"@type\":\"ImageObject\",\"inLanguage\":\"es\",\"@id\":\"https:\\\/\\\/exaudi.org\\\/es\\\/el-papa-francisco-preside-la-primera-reunion-del-nuevo-consejo-de-cardenales\\\/#primaryimage\",\"url\":\"https:\\\/\\\/exaudi.org\\\/wp-content\\\/uploads\\\/2023\\\/04\\\/cq5dam.thumbnail.cropped.1500.844-2.jpeg\",\"contentUrl\":\"https:\\\/\\\/exaudi.org\\\/wp-content\\\/uploads\\\/2023\\\/04\\\/cq5dam.thumbnail.cropped.1500.844-2.jpeg\",\"width\":1500,\"height\":844,\"caption\":\"(C) Vatican Media\"},{\"@type\":\"BreadcrumbList\",\"@id\":\"https:\\\/\\\/exaudi.org\\\/es\\\/el-papa-francisco-preside-la-primera-reunion-del-nuevo-consejo-de-cardenales\\\/#breadcrumb\",\"itemListElement\":[{\"@type\":\"ListItem\",\"position\":1,\"name\":\"Portada\",\"item\":\"https:\\\/\\\/exaudi.org\\\/es\\\/\"},{\"@type\":\"ListItem\",\"position\":2,\"name\":\"El Papa Francisco preside la primera reuni\u00f3n del nuevo Consejo de Cardenales\"}]},{\"@type\":\"WebSite\",\"@id\":\"https:\\\/\\\/exaudi.org\\\/#website\",\"url\":\"https:\\\/\\\/exaudi.org\\\/\",\"name\":\"Exaudi\",\"description\":\"News\",\"potentialAction\":[{\"@type\":\"SearchAction\",\"target\":{\"@type\":\"EntryPoint\",\"urlTemplate\":\"https:\\\/\\\/exaudi.org\\\/?s={search_term_string}\"},\"query-input\":{\"@type\":\"PropertyValueSpecification\",\"valueRequired\":true,\"valueName\":\"search_term_string\"}}],\"inLanguage\":\"es\"},{\"@type\":\"Person\",\"@id\":\"https:\\\/\\\/exaudi.org\\\/#\\\/schema\\\/person\\\/f5fc8f063065e38742da7afe15f25df7\",\"name\":\"Exaudi Redacci\u00f3n\",\"image\":{\"@type\":\"ImageObject\",\"inLanguage\":\"es\",\"@id\":\"https:\\\/\\\/secure.gravatar.com\\\/avatar\\\/fe0f6a059fb68d9b3e11bc5850dd4899b1c7492091a3cb6dd9b01b56ad828be2?s=96&d=mm&r=g\",\"url\":\"https:\\\/\\\/secure.gravatar.com\\\/avatar\\\/fe0f6a059fb68d9b3e11bc5850dd4899b1c7492091a3cb6dd9b01b56ad828be2?s=96&d=mm&r=g\",\"contentUrl\":\"https:\\\/\\\/secure.gravatar.com\\\/avatar\\\/fe0f6a059fb68d9b3e11bc5850dd4899b1c7492091a3cb6dd9b01b56ad828be2?s=96&d=mm&r=g\",\"caption\":\"Exaudi Redacci\u00f3n\"},\"description\":\"\u00bfQu\u00e9 es Exaudi News? Exaudi News es un medio de comunicaci\u00f3n cat\u00f3lico internacional que informa, forma y transforma, diariamente en espa\u00f1ol, ingl\u00e9s e italiano. A trav\u00e9s de noticias, art\u00edculos de an\u00e1lisis y transmisiones en directo de los eventos del Papa, Exaudi busca fortalecer la unidad de los cristianos y contribuir a la evangelizaci\u00f3n del mundo, siempre guiados por la doctrina social de la Iglesia. Trabajamos para acercar la verdad y los valores cristianos a cada rinc\u00f3n del planeta. \u00a1Ay\u00fadanos a transformar el mundo con Exaudi! En Exaudi creemos que la evangelizaci\u00f3n y la informaci\u00f3n de calidad pueden cambiar vidas. Para continuar con nuestra misi\u00f3n y expandir nuestro alcance, necesitamos tu ayuda. Adem\u00e1s, buscamos personas comprometidas que deseen unirse a nuestro equipo. Con tu apoyo, lograremos llegar a m\u00e1s personas, difundir el mensaje de Cristo y reforzar la unidad de los cristianos. \u00bfTe unes a nuestra misi\u00f3n? Para m\u00e1s informaci\u00f3n sobre c\u00f3mo colaborar, visita Exaudi.org\\\/es o cont\u00e1ctanos directamente: info@exaudi.org Exaudi: Informa, forma y transforma.\",\"sameAs\":[\"https:\\\/\\\/www.facebook.com\\\/ExaudiNoticias\\\/\",\"https:\\\/\\\/www.instagram.com\\\/exaudi_noticias\\\/\",\"https:\\\/\\\/x.com\\\/Exaudi_noticias\",\"https:\\\/\\\/www.youtube.com\\\/@exaudicatholicnews\"],\"url\":\"https:\\\/\\\/exaudi.org\\\/es\\\/author\\\/redaccionexaudi\\\/\"}]}<\/script>\n<!-- \/ Yoast SEO plugin. -->","yoast_head_json":{"title":"El Papa Francisco preside la primera reuni\u00f3n del nuevo Consejo de Cardenales &#8211; Exaudi","robots":{"index":"index","follow":"follow","max-snippet":"max-snippet:-1","max-image-preview":"max-image-preview:large","max-video-preview":"max-video-preview:-1"},"canonical":"https:\/\/exaudi.org\/es\/el-papa-francisco-preside-la-primera-reunion-del-nuevo-consejo-de-cardenales\/","og_locale":"es_ES","og_type":"article","og_title":"El Papa Francisco preside la primera reuni\u00f3n del nuevo Consejo de Cardenales &#8211; Exaudi","og_description":"Es la primera reuni\u00f3n del C9 despu\u00e9s de que el Papa Francisco renovara el \u00f3rgano","og_url":"https:\/\/exaudi.org\/es\/el-papa-francisco-preside-la-primera-reunion-del-nuevo-consejo-de-cardenales\/","og_site_name":"Exaudi","article_publisher":"https:\/\/www.facebook.com\/ExaudiNews","article_author":"https:\/\/www.facebook.com\/ExaudiNoticias\/","article_published_time":"2023-04-24T14:38:04+00:00","og_image":[{"width":1500,"height":844,"url":"https:\/\/exaudi.org\/wp-content\/uploads\/2023\/04\/cq5dam.thumbnail.cropped.1500.844-2.jpeg","type":"image\/jpeg"}],"author":"Exaudi Redacci\u00f3n","twitter_card":"summary_large_image","twitter_creator":"@Exaudi_noticias","twitter_site":"@Exaudi_News","twitter_misc":{"Escrito por":"Exaudi Redacci\u00f3n","Tiempo de lectura":"1 minuto"},"schema":{"@context":"https:\/\/schema.org","@graph":[{"@type":"Article","@id":"https:\/\/exaudi.org\/es\/el-papa-francisco-preside-la-primera-reunion-del-nuevo-consejo-de-cardenales\/#article","isPartOf":{"@id":"https:\/\/exaudi.org\/es\/el-papa-francisco-preside-la-primera-reunion-del-nuevo-consejo-de-cardenales\/"},"author":{"name":"Exaudi Redacci\u00f3n","@id":"https:\/\/exaudi.org\/#\/schema\/person\/f5fc8f063065e38742da7afe15f25df7"},"headline":"El Papa Francisco preside la primera reuni\u00f3n del nuevo Consejo de Cardenales","datePublished":"2023-04-24T14:38:04+00:00","mainEntityOfPage":{"@id":"https:\/\/exaudi.org\/es\/el-papa-francisco-preside-la-primera-reunion-del-nuevo-consejo-de-cardenales\/"},"wordCount":258,"image":{"@id":"https:\/\/exaudi.org\/es\/el-papa-francisco-preside-la-primera-reunion-del-nuevo-consejo-de-cardenales\/#primaryimage"},"thumbnailUrl":"https:\/\/exaudi.org\/wp-content\/uploads\/2023\/04\/cq5dam.thumbnail.cropped.1500.844-2.jpeg","keywords":["C9","Cardenales","Consejo de Cardenales","papa francisco","Praedicate evangelium","Trending"],"articleSection":["Le\u00f3n XIV","Vaticano"],"inLanguage":"es"},{"@type":"WebPage","@id":"https:\/\/exaudi.org\/es\/el-papa-francisco-preside-la-primera-reunion-del-nuevo-consejo-de-cardenales\/","url":"https:\/\/exaudi.org\/es\/el-papa-francisco-preside-la-primera-reunion-del-nuevo-consejo-de-cardenales\/","name":"El Papa Francisco preside la primera reuni\u00f3n del nuevo Consejo de Cardenales &#8211; Exaudi","isPartOf":{"@id":"https:\/\/exaudi.org\/#website"},"primaryImageOfPage":{"@id":"https:\/\/exaudi.org\/es\/el-papa-francisco-preside-la-primera-reunion-del-nuevo-consejo-de-cardenales\/#primaryimage"},"image":{"@id":"https:\/\/exaudi.org\/es\/el-papa-francisco-preside-la-primera-reunion-del-nuevo-consejo-de-cardenales\/#primaryimage"},"thumbnailUrl":"https:\/\/exaudi.org\/wp-content\/uploads\/2023\/04\/cq5dam.thumbnail.cropped.1500.844-2.jpeg","datePublished":"2023-04-24T14:38:04+00:00","author":{"@id":"https:\/\/exaudi.org\/#\/schema\/person\/f5fc8f063065e38742da7afe15f25df7"},"breadcrumb":{"@id":"https:\/\/exaudi.org\/es\/el-papa-francisco-preside-la-primera-reunion-del-nuevo-consejo-de-cardenales\/#breadcrumb"},"inLanguage":"es","potentialAction":[{"@type":"ReadAction","target":["https:\/\/exaudi.org\/es\/el-papa-francisco-preside-la-primera-reunion-del-nuevo-consejo-de-cardenales\/"]}]},{"@type":"ImageObject","inLanguage":"es","@id":"https:\/\/exaudi.org\/es\/el-papa-francisco-preside-la-primera-reunion-del-nuevo-consejo-de-cardenales\/#primaryimage","url":"https:\/\/exaudi.org\/wp-content\/uploads\/2023\/04\/cq5dam.thumbnail.cropped.1500.844-2.jpeg","contentUrl":"https:\/\/exaudi.org\/wp-content\/uploads\/2023\/04\/cq5dam.thumbnail.cropped.1500.844-2.jpeg","width":1500,"height":844,"caption":"(C) Vatican Media"},{"@type":"BreadcrumbList","@id":"https:\/\/exaudi.org\/es\/el-papa-francisco-preside-la-primera-reunion-del-nuevo-consejo-de-cardenales\/#breadcrumb","itemListElement":[{"@type":"ListItem","position":1,"name":"Portada","item":"https:\/\/exaudi.org\/es\/"},{"@type":"ListItem","position":2,"name":"El Papa Francisco preside la primera reuni\u00f3n del nuevo Consejo de Cardenales"}]},{"@type":"WebSite","@id":"https:\/\/exaudi.org\/#website","url":"https:\/\/exaudi.org\/","name":"Exaudi","description":"News","potentialAction":[{"@type":"SearchAction","target":{"@type":"EntryPoint","urlTemplate":"https:\/\/exaudi.org\/?s={search_term_string}"},"query-input":{"@type":"PropertyValueSpecification","valueRequired":true,"valueName":"search_term_string"}}],"inLanguage":"es"},{"@type":"Person","@id":"https:\/\/exaudi.org\/#\/schema\/person\/f5fc8f063065e38742da7afe15f25df7","name":"Exaudi Redacci\u00f3n","image":{"@type":"ImageObject","inLanguage":"es","@id":"https:\/\/secure.gravatar.com\/avatar\/fe0f6a059fb68d9b3e11bc5850dd4899b1c7492091a3cb6dd9b01b56ad828be2?s=96&d=mm&r=g","url":"https:\/\/secure.gravatar.com\/avatar\/fe0f6a059fb68d9b3e11bc5850dd4899b1c7492091a3cb6dd9b01b56ad828be2?s=96&d=mm&r=g","contentUrl":"https:\/\/secure.gravatar.com\/avatar\/fe0f6a059fb68d9b3e11bc5850dd4899b1c7492091a3cb6dd9b01b56ad828be2?s=96&d=mm&r=g","caption":"Exaudi Redacci\u00f3n"},"description":"\u00bfQu\u00e9 es Exaudi News? Exaudi News es un medio de comunicaci\u00f3n cat\u00f3lico internacional que informa, forma y transforma, diariamente en espa\u00f1ol, ingl\u00e9s e italiano. A trav\u00e9s de noticias, art\u00edculos de an\u00e1lisis y transmisiones en directo de los eventos del Papa, Exaudi busca fortalecer la unidad de los cristianos y contribuir a la evangelizaci\u00f3n del mundo, siempre guiados por la doctrina social de la Iglesia. Trabajamos para acercar la verdad y los valores cristianos a cada rinc\u00f3n del planeta. \u00a1Ay\u00fadanos a transformar el mundo con Exaudi! En Exaudi creemos que la evangelizaci\u00f3n y la informaci\u00f3n de calidad pueden cambiar vidas. Para continuar con nuestra misi\u00f3n y expandir nuestro alcance, necesitamos tu ayuda. Adem\u00e1s, buscamos personas comprometidas que deseen unirse a nuestro equipo. Con tu apoyo, lograremos llegar a m\u00e1s personas, difundir el mensaje de Cristo y reforzar la unidad de los cristianos. \u00bfTe unes a nuestra misi\u00f3n? Para m\u00e1s informaci\u00f3n sobre c\u00f3mo colaborar, visita Exaudi.org\/es o cont\u00e1ctanos directamente: info@exaudi.org Exaudi: Informa, forma y transforma.","sameAs":["https:\/\/www.facebook.com\/ExaudiNoticias\/","https:\/\/www.instagram.com\/exaudi_noticias\/","https:\/\/x.com\/Exaudi_noticias","https:\/\/www.youtube.com\/@exaudicatholicnews"],"url":"https:\/\/exaudi.org\/es\/author\/redaccionexaudi\/"}]}},"jetpack_featured_media_url":"https:\/\/exaudi.org\/wp-content\/uploads\/2023\/04\/cq5dam.thumbnail.cropped.1500.844-2.jpeg","jetpack_shortlink":"https:\/\/wp.me\/pgKjF2-jtW","_links":{"self":[{"href":"https:\/\/exaudi.org\/es\/wp-json\/wp\/v2\/posts\/74892","targetHints":{"allow":["GET"]}}],"collection":[{"href":"https:\/\/exaudi.org\/es\/wp-json\/wp\/v2\/posts"}],"about":[{"href":"https:\/\/exaudi.org\/es\/wp-json\/wp\/v2\/types\/post"}],"author":[{"embeddable":true,"href":"https:\/\/exaudi.org\/es\/wp-json\/wp\/v2\/users\/15"}],"replies":[{"embeddable":true,"href":"https:\/\/exaudi.org\/es\/wp-json\/wp\/v2\/comments?post=74892"}],"version-history":[{"count":0,"href":"https:\/\/exaudi.org\/es\/wp-json\/wp\/v2\/posts\/74892\/revisions"}],"wp:featuredmedia":[{"embeddable":true,"href":"https:\/\/exaudi.org\/es\/wp-json\/wp\/v2\/media\/74893"}],"wp:attachment":[{"href":"https:\/\/exaudi.org\/es\/wp-json\/wp\/v2\/media?parent=74892"}],"wp:term":[{"taxonomy":"category","embeddable":true,"href":"https:\/\/exaudi.org\/es\/wp-json\/wp\/v2\/categories?post=74892"},{"taxonomy":"post_tag","embeddable":true,"href":"https:\/\/exaudi.org\/es\/wp-json\/wp\/v2\/tags?post=74892"}],"curies":[{"name":"wp","href":"https:\/\/api.w.org\/{rel}","templated":true}]}}