{"id":74876,"date":"2023-04-25T09:30:48","date_gmt":"2023-04-25T07:30:48","guid":{"rendered":"https:\/\/exaudi.org\/?p=74876"},"modified":"2023-04-25T10:27:58","modified_gmt":"2023-04-25T08:27:58","slug":"paz-en-la-tierra","status":"publish","type":"post","link":"https:\/\/exaudi.org\/es\/paz-en-la-tierra\/","title":{"rendered":"Paz en la tierra"},"content":{"rendered":"<audio class=\"wp-audio-shortcode\" id=\"audio-74876-1\" preload=\"none\" style=\"width: 100%;\" controls=\"controls\"><source type=\"audio\/mpeg\" src=\"https:\/\/exaudi.org\/wp-content\/uploads\/2023\/04\/Paz-en-la-tierra-En-el-aniversario-de-una-Enci.mp3?_=1\" \/><a href=\"https:\/\/exaudi.org\/wp-content\/uploads\/2023\/04\/Paz-en-la-tierra-En-el-aniversario-de-una-Enci.mp3\">https:\/\/exaudi.org\/wp-content\/uploads\/2023\/04\/Paz-en-la-tierra-En-el-aniversario-de-una-Enci.mp3<\/a><\/audio>\n<p>Hace 60 a\u00f1os, el 11 de abril de 1963, el Papa san Juan XXIII firmaba la Enc\u00edclica \u201c<a href=\"https:\/\/www.vatican.va\/content\/john-xxiii\/es\/encyclicals\/documents\/hf_j-xxiii_enc_11041963_pacem.html\" target=\"_blank\" rel=\"noopener\"><em>Pacem in Terris<\/em><\/a>\u201d (PT). El contexto de aquel documento pontificio no pod\u00eda ser m\u00e1s complejo: la guerra fr\u00eda se encontraba en uno de sus momentos m\u00e1s tensos. El muro de Berl\u00edn se hab\u00eda levantado, la crisis de los misiles en Cuba hab\u00eda sucedido unos meses atr\u00e1s, la guerra de Vietnam continuaba y la posibilidad de una guerra con uso de armas nucleares era grande, y para muchos, inminente.<\/p>\n<p>Los paralelismos de aquel escenario con el actual no pueden evitarse. Cada caso tiene sus propias peculiaridades, sin embargo, el conflicto entre Rusia y Ucrania con el involucramiento de maneras diversas de la OTAN y de China, sumado al despliegue de toda la flota rusa en el Pac\u00edfico \u201cal m\u00e1ximo nivel de preparaci\u00f3n para la batalla\u201d, y una gran cantidad de tensiones y violencias a lo largo del globo, parecieran esbozar no s\u00f3lo riesgos similares sino a\u00fan mayores.<\/p>\n<p>Es imposible resumir todo lo que la <a href=\"https:\/\/www.vatican.va\/content\/john-xxiii\/es\/encyclicals\/documents\/hf_j-xxiii_enc_11041963_pacem.html\" target=\"_blank\" rel=\"noopener\">PT<\/a> nos ense\u00f1a para el momento actual. S\u00f3lo destaco un asunto: \u201cEn las circunstancias actuales de la sociedad, tanto la constituci\u00f3n y forma de los Estados como el poder que tiene la autoridad p\u00fablica en todas las naciones del mundo, deben considerarse insuficientes para promover el bien com\u00fan de los pueblos\u201d (PT 135). \u201cY como hoy el bien com\u00fan de todos los pueblos plantea problemas que afectan a todas las naciones, y como semejantes problemas solamente puede afrontarlos una autoridad p\u00fablica cuyo poder, estructura y medios sean suficientemente amplios y cuyo radio de acci\u00f3n tenga un alcance mundial, resulta, en consecuencia, que, por imposici\u00f3n del mismo orden moral, es preciso constituir una autoridad p\u00fablica general. \u201c (PT 137).<\/p>\n<p>En efecto, la crisis del multilateralismo, la debilidad de las instituciones internacionales que est\u00e1n llamadas a custodiar el bien com\u00fan regional y mundial, y las frecuentes agresiones y tensiones que ponen en riesgo a todo el planeta, exigen imaginar la posibilidad de una renovado conjunto de instancias internacionales que de manera subsidiaria le den gobernanza y gobernabilidad al mundo entero.<\/p>\n<p>Hace 11 a\u00f1os, impart\u00ed una conferencia durante la Asamblea Plenaria del Pontificio Consejo Justicia y Paz en el Vaticano sobre este asunto en particular. George Weigel, te\u00f3logo neoconservador norteamericano, hab\u00eda arremetido contra la Enc\u00edclica \u201c<a href=\"https:\/\/www.vatican.va\/content\/benedict-xvi\/es\/encyclicals\/documents\/hf_ben-xvi_enc_20090629_caritas-in-veritate.html\" target=\"_blank\" rel=\"noopener\">Caritas in veritate<\/a>\u201d de Benedicto XVI, y entre otras cosas, hab\u00eda criticado \u00e1cidamente al Papa Ratzinger por subrayar la importancia de que existan un conjunto de instituciones que colaboren a que en la pr\u00e1ctica exista una \u201cautoridad pol\u00edtica de alcance universal\u201d. Otros autores, como Lee Penn acusaban que la Enc\u00edclica de Benedicto XVI exhib\u00eda al Papa como parte de la conspiraci\u00f3n del \u201cNuevo Orden Mundial\u201d. En aquel texto mostramos c\u00f3mo no es una novedad reciente hablar de este tipo de cosas en el magisterio social cristiano. Lo que s\u00ed es una novedad es la urgencia que tenemos todos como humanidad de instituciones que permitan salvaguardar el bien com\u00fan global y la paz internacional.<\/p>\n<p>Por su parte, el Papa Francisco, el pasado mi\u00e9rcoles insisti\u00f3: \u201cInvito a los fieles y a los hombres y las mujeres de buena voluntad a leer la <a href=\"https:\/\/www.vatican.va\/content\/john-xxiii\/es\/encyclicals\/documents\/hf_j-xxiii_enc_11041963_pacem.html\" target=\"_blank\" rel=\"noopener\"><em>Pacem in terris<\/em><\/a>, y rezo para que los jefes de las naciones se dejen inspirar por ella en los proyectos y en las decisiones.\u201d<\/p>\n<p><img loading=\"lazy\" decoding=\"async\" class=\"size-full wp-image-74909 aligncenter\" src=\"https:\/\/exaudi.org\/wp-content\/uploads\/2023\/04\/Voces-5.jpg\" alt=\"\" width=\"1080\" height=\"1080\" srcset=\"https:\/\/exaudi.org\/wp-content\/uploads\/2023\/04\/Voces-5.jpg 1080w, https:\/\/exaudi.org\/wp-content\/uploads\/2023\/04\/Voces-5-300x300.jpg 300w, https:\/\/exaudi.org\/wp-content\/uploads\/2023\/04\/Voces-5-1024x1024.jpg 1024w, https:\/\/exaudi.org\/wp-content\/uploads\/2023\/04\/Voces-5-100x100.jpg?crop=1 100w, https:\/\/exaudi.org\/wp-content\/uploads\/2023\/04\/Voces-5-770x770.jpg 770w, https:\/\/exaudi.org\/wp-content\/uploads\/2023\/04\/Voces-5-500x500.jpg 500w, https:\/\/exaudi.org\/wp-content\/uploads\/2023\/04\/Voces-5-293x293.jpg 293w, https:\/\/exaudi.org\/wp-content\/uploads\/2023\/04\/Voces-5-390x390.jpg 390w, https:\/\/exaudi.org\/wp-content\/uploads\/2023\/04\/Voces-5-585x585.jpg 585w, https:\/\/exaudi.org\/wp-content\/uploads\/2023\/04\/Voces-5-900x900.jpg 900w\" sizes=\"auto, (max-width: 1080px) 100vw, 1080px\" \/><\/p>\n","protected":false},"excerpt":{"rendered":"<p>En el aniversario de una Enc\u00edclica prof\u00e9tica se renueva la necesidad de repensar la paz global<\/p>\n","protected":false},"author":98,"featured_media":74877,"comment_status":"closed","ping_status":"closed","sticky":false,"template":"","format":"standard","meta":{"_acf_changed":false,"_crdt_document":"","inline_featured_image":false,"footnotes":""},"categories":[130],"tags":[8979,8978,625,8977,4953],"class_list":["post-74876","post","type-post","status-publish","format-standard","has-post-thumbnail","hentry","category-voces","tag-caritas-in-veritate","tag-pacem-in-terris","tag-paz","tag-tierra","tag-trending-es"],"acf":[],"yoast_head":"<!-- This site is optimized with the Yoast SEO plugin v27.4 - https:\/\/yoast.com\/product\/yoast-seo-wordpress\/ -->\n<title>Paz en la tierra &#8211; Exaudi<\/title>\n<meta name=\"robots\" content=\"index, follow, max-snippet:-1, max-image-preview:large, max-video-preview:-1\" \/>\n<link rel=\"canonical\" href=\"https:\/\/exaudi.org\/es\/paz-en-la-tierra\/\" \/>\n<meta property=\"og:locale\" content=\"es_ES\" \/>\n<meta property=\"og:type\" content=\"article\" \/>\n<meta property=\"og:title\" content=\"Paz en la tierra &#8211; Exaudi\" \/>\n<meta property=\"og:description\" content=\"En el aniversario de una Enc\u00edclica prof\u00e9tica se renueva la necesidad de repensar la paz global\" \/>\n<meta property=\"og:url\" content=\"https:\/\/exaudi.org\/es\/paz-en-la-tierra\/\" \/>\n<meta property=\"og:site_name\" content=\"Exaudi\" \/>\n<meta property=\"article:publisher\" content=\"https:\/\/www.facebook.com\/ExaudiNews\" \/>\n<meta property=\"article:published_time\" content=\"2023-04-25T07:30:48+00:00\" \/>\n<meta property=\"article:modified_time\" content=\"2023-04-25T08:27:58+00:00\" \/>\n<meta property=\"og:image\" content=\"https:\/\/exaudi.org\/wp-content\/uploads\/2023\/04\/pexels-lil-artsy-2220267-scaled.jpg\" \/>\n\t<meta property=\"og:image:width\" content=\"2560\" \/>\n\t<meta property=\"og:image:height\" content=\"1707\" \/>\n\t<meta property=\"og:image:type\" content=\"image\/jpeg\" \/>\n<meta name=\"author\" content=\"Rodrigo Guerra L\u00f3pez\" \/>\n<meta name=\"twitter:card\" content=\"summary_large_image\" \/>\n<meta name=\"twitter:creator\" content=\"@Exaudi_News\" \/>\n<meta name=\"twitter:site\" content=\"@Exaudi_News\" \/>\n<meta name=\"twitter:label1\" content=\"Escrito por\" \/>\n\t<meta name=\"twitter:data1\" content=\"Rodrigo Guerra L\u00f3pez\" \/>\n\t<meta name=\"twitter:label2\" content=\"Tiempo de lectura\" \/>\n\t<meta name=\"twitter:data2\" content=\"3 minutos\" \/>\n<script type=\"application\/ld+json\" class=\"yoast-schema-graph\">{\"@context\":\"https:\\\/\\\/schema.org\",\"@graph\":[{\"@type\":\"Article\",\"@id\":\"https:\\\/\\\/exaudi.org\\\/es\\\/paz-en-la-tierra\\\/#article\",\"isPartOf\":{\"@id\":\"https:\\\/\\\/exaudi.org\\\/es\\\/paz-en-la-tierra\\\/\"},\"author\":{\"name\":\"Rodrigo Guerra L\u00f3pez\",\"@id\":\"https:\\\/\\\/exaudi.org\\\/#\\\/schema\\\/person\\\/42c0731aeb305e3ac79b333a9b056576\"},\"headline\":\"Paz en la tierra\",\"datePublished\":\"2023-04-25T07:30:48+00:00\",\"dateModified\":\"2023-04-25T08:27:58+00:00\",\"mainEntityOfPage\":{\"@id\":\"https:\\\/\\\/exaudi.org\\\/es\\\/paz-en-la-tierra\\\/\"},\"wordCount\":593,\"image\":{\"@id\":\"https:\\\/\\\/exaudi.org\\\/es\\\/paz-en-la-tierra\\\/#primaryimage\"},\"thumbnailUrl\":\"https:\\\/\\\/exaudi.org\\\/wp-content\\\/uploads\\\/2023\\\/04\\\/pexels-lil-artsy-2220267-scaled.jpg\",\"keywords\":[\"Caritas in veritate\",\"Pacem in Terris\",\"Paz\",\"Tierra\",\"Trending\"],\"articleSection\":[\"Voces\"],\"inLanguage\":\"es\"},{\"@type\":\"WebPage\",\"@id\":\"https:\\\/\\\/exaudi.org\\\/es\\\/paz-en-la-tierra\\\/\",\"url\":\"https:\\\/\\\/exaudi.org\\\/es\\\/paz-en-la-tierra\\\/\",\"name\":\"Paz en la tierra &#8211; Exaudi\",\"isPartOf\":{\"@id\":\"https:\\\/\\\/exaudi.org\\\/#website\"},\"primaryImageOfPage\":{\"@id\":\"https:\\\/\\\/exaudi.org\\\/es\\\/paz-en-la-tierra\\\/#primaryimage\"},\"image\":{\"@id\":\"https:\\\/\\\/exaudi.org\\\/es\\\/paz-en-la-tierra\\\/#primaryimage\"},\"thumbnailUrl\":\"https:\\\/\\\/exaudi.org\\\/wp-content\\\/uploads\\\/2023\\\/04\\\/pexels-lil-artsy-2220267-scaled.jpg\",\"datePublished\":\"2023-04-25T07:30:48+00:00\",\"dateModified\":\"2023-04-25T08:27:58+00:00\",\"author\":{\"@id\":\"https:\\\/\\\/exaudi.org\\\/#\\\/schema\\\/person\\\/42c0731aeb305e3ac79b333a9b056576\"},\"breadcrumb\":{\"@id\":\"https:\\\/\\\/exaudi.org\\\/es\\\/paz-en-la-tierra\\\/#breadcrumb\"},\"inLanguage\":\"es\",\"potentialAction\":[{\"@type\":\"ReadAction\",\"target\":[\"https:\\\/\\\/exaudi.org\\\/es\\\/paz-en-la-tierra\\\/\"]}]},{\"@type\":\"ImageObject\",\"inLanguage\":\"es\",\"@id\":\"https:\\\/\\\/exaudi.org\\\/es\\\/paz-en-la-tierra\\\/#primaryimage\",\"url\":\"https:\\\/\\\/exaudi.org\\\/wp-content\\\/uploads\\\/2023\\\/04\\\/pexels-lil-artsy-2220267-scaled.jpg\",\"contentUrl\":\"https:\\\/\\\/exaudi.org\\\/wp-content\\\/uploads\\\/2023\\\/04\\\/pexels-lil-artsy-2220267-scaled.jpg\",\"width\":2560,\"height\":1707,\"caption\":\"(C) Pexels\"},{\"@type\":\"BreadcrumbList\",\"@id\":\"https:\\\/\\\/exaudi.org\\\/es\\\/paz-en-la-tierra\\\/#breadcrumb\",\"itemListElement\":[{\"@type\":\"ListItem\",\"position\":1,\"name\":\"Portada\",\"item\":\"https:\\\/\\\/exaudi.org\\\/es\\\/\"},{\"@type\":\"ListItem\",\"position\":2,\"name\":\"Paz en la tierra\"}]},{\"@type\":\"WebSite\",\"@id\":\"https:\\\/\\\/exaudi.org\\\/#website\",\"url\":\"https:\\\/\\\/exaudi.org\\\/\",\"name\":\"Exaudi\",\"description\":\"News\",\"potentialAction\":[{\"@type\":\"SearchAction\",\"target\":{\"@type\":\"EntryPoint\",\"urlTemplate\":\"https:\\\/\\\/exaudi.org\\\/?s={search_term_string}\"},\"query-input\":{\"@type\":\"PropertyValueSpecification\",\"valueRequired\":true,\"valueName\":\"search_term_string\"}}],\"inLanguage\":\"es\"},{\"@type\":\"Person\",\"@id\":\"https:\\\/\\\/exaudi.org\\\/#\\\/schema\\\/person\\\/42c0731aeb305e3ac79b333a9b056576\",\"name\":\"Rodrigo Guerra L\u00f3pez\",\"image\":{\"@type\":\"ImageObject\",\"inLanguage\":\"es\",\"@id\":\"https:\\\/\\\/secure.gravatar.com\\\/avatar\\\/5f52de5f3535733d62353d8cc63100c139881a50ae2b78830c358107e8dd2f9a?s=96&d=mm&r=g\",\"url\":\"https:\\\/\\\/secure.gravatar.com\\\/avatar\\\/5f52de5f3535733d62353d8cc63100c139881a50ae2b78830c358107e8dd2f9a?s=96&d=mm&r=g\",\"contentUrl\":\"https:\\\/\\\/secure.gravatar.com\\\/avatar\\\/5f52de5f3535733d62353d8cc63100c139881a50ae2b78830c358107e8dd2f9a?s=96&d=mm&r=g\",\"caption\":\"Rodrigo Guerra L\u00f3pez\"},\"description\":\"Doctor en filosof\u00eda por la Academia Internacional de Filosof\u00eda en el Principado de Liechtenstein; miembro ordinario de la Pontificia Academia para la Vida, de la Pontificia Academia de las Ciencias Sociales; Secretario de la Pontificia Comisi\u00f3n para Am\u00e9rica Latina. E-mail: rodrigoguerra@mac.com\",\"url\":\"https:\\\/\\\/exaudi.org\\\/es\\\/author\\\/rodrigoguerra\\\/\"}]}<\/script>\n<!-- \/ Yoast SEO plugin. -->","yoast_head_json":{"title":"Paz en la tierra &#8211; Exaudi","robots":{"index":"index","follow":"follow","max-snippet":"max-snippet:-1","max-image-preview":"max-image-preview:large","max-video-preview":"max-video-preview:-1"},"canonical":"https:\/\/exaudi.org\/es\/paz-en-la-tierra\/","og_locale":"es_ES","og_type":"article","og_title":"Paz en la tierra &#8211; Exaudi","og_description":"En el aniversario de una Enc\u00edclica prof\u00e9tica se renueva la necesidad de repensar la paz global","og_url":"https:\/\/exaudi.org\/es\/paz-en-la-tierra\/","og_site_name":"Exaudi","article_publisher":"https:\/\/www.facebook.com\/ExaudiNews","article_published_time":"2023-04-25T07:30:48+00:00","article_modified_time":"2023-04-25T08:27:58+00:00","og_image":[{"width":2560,"height":1707,"url":"https:\/\/exaudi.org\/wp-content\/uploads\/2023\/04\/pexels-lil-artsy-2220267-scaled.jpg","type":"image\/jpeg"}],"author":"Rodrigo Guerra L\u00f3pez","twitter_card":"summary_large_image","twitter_creator":"@Exaudi_News","twitter_site":"@Exaudi_News","twitter_misc":{"Escrito por":"Rodrigo Guerra L\u00f3pez","Tiempo de lectura":"3 minutos"},"schema":{"@context":"https:\/\/schema.org","@graph":[{"@type":"Article","@id":"https:\/\/exaudi.org\/es\/paz-en-la-tierra\/#article","isPartOf":{"@id":"https:\/\/exaudi.org\/es\/paz-en-la-tierra\/"},"author":{"name":"Rodrigo Guerra L\u00f3pez","@id":"https:\/\/exaudi.org\/#\/schema\/person\/42c0731aeb305e3ac79b333a9b056576"},"headline":"Paz en la tierra","datePublished":"2023-04-25T07:30:48+00:00","dateModified":"2023-04-25T08:27:58+00:00","mainEntityOfPage":{"@id":"https:\/\/exaudi.org\/es\/paz-en-la-tierra\/"},"wordCount":593,"image":{"@id":"https:\/\/exaudi.org\/es\/paz-en-la-tierra\/#primaryimage"},"thumbnailUrl":"https:\/\/exaudi.org\/wp-content\/uploads\/2023\/04\/pexels-lil-artsy-2220267-scaled.jpg","keywords":["Caritas in veritate","Pacem in Terris","Paz","Tierra","Trending"],"articleSection":["Voces"],"inLanguage":"es"},{"@type":"WebPage","@id":"https:\/\/exaudi.org\/es\/paz-en-la-tierra\/","url":"https:\/\/exaudi.org\/es\/paz-en-la-tierra\/","name":"Paz en la tierra &#8211; Exaudi","isPartOf":{"@id":"https:\/\/exaudi.org\/#website"},"primaryImageOfPage":{"@id":"https:\/\/exaudi.org\/es\/paz-en-la-tierra\/#primaryimage"},"image":{"@id":"https:\/\/exaudi.org\/es\/paz-en-la-tierra\/#primaryimage"},"thumbnailUrl":"https:\/\/exaudi.org\/wp-content\/uploads\/2023\/04\/pexels-lil-artsy-2220267-scaled.jpg","datePublished":"2023-04-25T07:30:48+00:00","dateModified":"2023-04-25T08:27:58+00:00","author":{"@id":"https:\/\/exaudi.org\/#\/schema\/person\/42c0731aeb305e3ac79b333a9b056576"},"breadcrumb":{"@id":"https:\/\/exaudi.org\/es\/paz-en-la-tierra\/#breadcrumb"},"inLanguage":"es","potentialAction":[{"@type":"ReadAction","target":["https:\/\/exaudi.org\/es\/paz-en-la-tierra\/"]}]},{"@type":"ImageObject","inLanguage":"es","@id":"https:\/\/exaudi.org\/es\/paz-en-la-tierra\/#primaryimage","url":"https:\/\/exaudi.org\/wp-content\/uploads\/2023\/04\/pexels-lil-artsy-2220267-scaled.jpg","contentUrl":"https:\/\/exaudi.org\/wp-content\/uploads\/2023\/04\/pexels-lil-artsy-2220267-scaled.jpg","width":2560,"height":1707,"caption":"(C) Pexels"},{"@type":"BreadcrumbList","@id":"https:\/\/exaudi.org\/es\/paz-en-la-tierra\/#breadcrumb","itemListElement":[{"@type":"ListItem","position":1,"name":"Portada","item":"https:\/\/exaudi.org\/es\/"},{"@type":"ListItem","position":2,"name":"Paz en la tierra"}]},{"@type":"WebSite","@id":"https:\/\/exaudi.org\/#website","url":"https:\/\/exaudi.org\/","name":"Exaudi","description":"News","potentialAction":[{"@type":"SearchAction","target":{"@type":"EntryPoint","urlTemplate":"https:\/\/exaudi.org\/?s={search_term_string}"},"query-input":{"@type":"PropertyValueSpecification","valueRequired":true,"valueName":"search_term_string"}}],"inLanguage":"es"},{"@type":"Person","@id":"https:\/\/exaudi.org\/#\/schema\/person\/42c0731aeb305e3ac79b333a9b056576","name":"Rodrigo Guerra L\u00f3pez","image":{"@type":"ImageObject","inLanguage":"es","@id":"https:\/\/secure.gravatar.com\/avatar\/5f52de5f3535733d62353d8cc63100c139881a50ae2b78830c358107e8dd2f9a?s=96&d=mm&r=g","url":"https:\/\/secure.gravatar.com\/avatar\/5f52de5f3535733d62353d8cc63100c139881a50ae2b78830c358107e8dd2f9a?s=96&d=mm&r=g","contentUrl":"https:\/\/secure.gravatar.com\/avatar\/5f52de5f3535733d62353d8cc63100c139881a50ae2b78830c358107e8dd2f9a?s=96&d=mm&r=g","caption":"Rodrigo Guerra L\u00f3pez"},"description":"Doctor en filosof\u00eda por la Academia Internacional de Filosof\u00eda en el Principado de Liechtenstein; miembro ordinario de la Pontificia Academia para la Vida, de la Pontificia Academia de las Ciencias Sociales; Secretario de la Pontificia Comisi\u00f3n para Am\u00e9rica Latina. E-mail: rodrigoguerra@mac.com","url":"https:\/\/exaudi.org\/es\/author\/rodrigoguerra\/"}]}},"jetpack_featured_media_url":"https:\/\/exaudi.org\/wp-content\/uploads\/2023\/04\/pexels-lil-artsy-2220267-scaled.jpg","jetpack_shortlink":"https:\/\/wp.me\/pgKjF2-jtG","_links":{"self":[{"href":"https:\/\/exaudi.org\/es\/wp-json\/wp\/v2\/posts\/74876","targetHints":{"allow":["GET"]}}],"collection":[{"href":"https:\/\/exaudi.org\/es\/wp-json\/wp\/v2\/posts"}],"about":[{"href":"https:\/\/exaudi.org\/es\/wp-json\/wp\/v2\/types\/post"}],"author":[{"embeddable":true,"href":"https:\/\/exaudi.org\/es\/wp-json\/wp\/v2\/users\/98"}],"replies":[{"embeddable":true,"href":"https:\/\/exaudi.org\/es\/wp-json\/wp\/v2\/comments?post=74876"}],"version-history":[{"count":0,"href":"https:\/\/exaudi.org\/es\/wp-json\/wp\/v2\/posts\/74876\/revisions"}],"wp:featuredmedia":[{"embeddable":true,"href":"https:\/\/exaudi.org\/es\/wp-json\/wp\/v2\/media\/74877"}],"wp:attachment":[{"href":"https:\/\/exaudi.org\/es\/wp-json\/wp\/v2\/media?parent=74876"}],"wp:term":[{"taxonomy":"category","embeddable":true,"href":"https:\/\/exaudi.org\/es\/wp-json\/wp\/v2\/categories?post=74876"},{"taxonomy":"post_tag","embeddable":true,"href":"https:\/\/exaudi.org\/es\/wp-json\/wp\/v2\/tags?post=74876"}],"curies":[{"name":"wp","href":"https:\/\/api.w.org\/{rel}","templated":true}]}}