{"id":74782,"date":"2023-04-23T14:59:35","date_gmt":"2023-04-23T12:59:35","guid":{"rendered":"https:\/\/exaudi.org\/?p=74782"},"modified":"2023-04-23T18:34:17","modified_gmt":"2023-04-23T16:34:17","slug":"el-papa-cada-noche-releer-la-jornada-con-jesus-abrirle-el-corazon","status":"publish","type":"post","link":"https:\/\/exaudi.org\/es\/el-papa-cada-noche-releer-la-jornada-con-jesus-abrirle-el-corazon\/","title":{"rendered":"El Papa: Cada noche releer la jornada con Jes\u00fas: abrirle el coraz\u00f3n"},"content":{"rendered":"<p>Alas 12 del mediod\u00eda de hoy, III Domingo de Pascua, el Santo Padre Francisco se asom\u00f3 a la ventana de su estudio en el Palacio Apost\u00f3lico Vaticano para recitar el <a href=\"https:\/\/exaudi.org\/es\/el-papa-confia-a-la-oracion-de-los-fieles-su-viaje-a-budapest\/\" target=\"_blank\" rel=\"noopener\"><em>Regina\u00a0<\/em><em>Coeli<\/em><\/a> con los fieles y peregrinos congregados en la Plaza de San Pedro.<\/p>\n<p>Estas son las palabras del Papa al introducir la oraci\u00f3n mariana:<\/p>\n<p>***<\/p>\n<h3><strong>Palabras del Papa<\/strong><\/h3>\n<p><i>Queridos hermanos y hermanas, \u00a1buenos d\u00edas!<\/i><\/p>\n<p>En este tercer domingo de Pascua, el Evangelio narra el encuentro de Jes\u00fas resucitado con los disc\u00edpulos de Ema\u00fas (cfr.\u00a0<a href=\"https:\/\/www.dominicos.org\/predicacion\/homilia\/23-4-2023\/lecturas\/\" target=\"_blank\" rel=\"noopener\"><i>Lc<\/i>\u00a024,13-35)<\/a>. Se trata de dos disc\u00edpulos que, resignados ante la muerte del Maestro, el d\u00eda de Pascua deciden abandonar Jerusal\u00e9n y volver a casa. Quiz\u00e1 estaban un poco inquietos porque hab\u00edan escuchado a las mujeres que ven\u00edan del sepulcro y dec\u00edan que lo hab\u00edan encontrado vac\u00edo\u2026 Mientras caminan tristes hablando de lo sucedido, Jes\u00fas se les acerca, pero ellos no lo reconocen. \u00c9l les pregunta por qu\u00e9 est\u00e1n tan tristes, y ellos exclaman: \u00ab\u00a1T\u00fa eres el \u00fanico forastero en Jerusal\u00e9n que ignora lo que pas\u00f3 en estos d\u00edas!\u00bb (v. 18). Y Jes\u00fas pregunta de nuevo: \u00ab\u00bfQu\u00e9 ha ocurrido?\u00bb (v. 19). Ellos le cuentan toda la historia, Jes\u00fas les hace contar lo sucedido. Luego, mientras caminan, les ayuda a releer los hechos de modo diverso, a la luz de las profec\u00edas, de la Palabra de Dios, de todo lo que hab\u00eda sido anunciado al pueblo de Israel. Releer: esto es lo que Jes\u00fas hace con ellos, ayudarles a releer. Deteng\u00e1monos en este aspecto.<\/p>\n<p>En efecto, tambi\u00e9n para nosotros es importante releer nuestra historia junto a Jes\u00fas: la historia de nuestra vida, de un cierto periodo, de nuestras jornadas, con las desilusiones y las esperanzas. Tambi\u00e9n nosotros, como aquellos disc\u00edpulos, podemos encontrarnos perdidos en medio de los acontecimientos, solos y sin certezas, con muchas preguntas y preocupaciones, con desilusiones, muchas cosas. El Evangelio de hoy nos invita a contarle todo a Jes\u00fas con sinceridad, sin temer molestarlo -\u00c9l nos escucha-, sin tener miedo de decir algo equivocado, sin avergonzarnos de lo que nos cuesta comprender. El Se\u00f1or est\u00e1 contento cuando nos abrimos a \u00c9l; solo de este modo puede tomarnos de la mano, acompa\u00f1arnos y hacer que vuela a arder nuestro coraz\u00f3n (cfr. v. 32). Tambi\u00e9n nosotros, como los disc\u00edpulos de Ema\u00fas, estamos llamados a dialogar con Jes\u00fas, para que, al atardecer, \u00c9l se quede con nosotros (cfr. v. 29).<\/p>\n<p>Existe un buen modo para hacer esto, y hoy quisiera propon\u00e9roslo: consiste en dedicar un tiempo, cada noche, a un breve\u00a0<i>examen de conciencia<\/i>. \u00bfQu\u00e9 ha pasado hoy dentro de m\u00ed? Esta es la pregunta. Se trata de\u00a0<i>releer la jornada con Jes\u00fas<\/i>: abrirle el coraz\u00f3n, llevarle las personas, las decisiones, los miedos, las ca\u00eddas, las esperanzas, \u00a0todas las cosas que han sucedido; para aprender gradualmente a mirar las cosas con ojos diversos, con sus ojos y no solo con los nuestros. As\u00ed podremos revivir la experiencia de aquellos dos disc\u00edpulos. Ante el amor de Cristo, incluso lo que nos parece fatigoso e in\u00fatil \u00a0puede aparecer bajo otra luz: una cruz dif\u00edcil de abrazar, la elecci\u00f3n de perdonar una ofensa, una victoria no alcanzada, el cansancio del trabajo, la sinceridad que cuesta, las pruebas de la vida familiar\u2026 nos aparecer\u00e1n bajo una luz nueva, la luz del Crucificado Resucitado, que sabe transformar cada ca\u00edda en un paso adelante. Pero para hacer esto es importante\u00a0<i>quitar las defensas<\/i>: dejar tiempo y espacio a Jes\u00fas, no esconderle nada, llevarle las miserias, dejarse herir por su verdad, permitir que el coraz\u00f3n vibre con el aliento de su Palabra.<\/p>\n<p>Podemos comenzar hoy dedicando esta noche un momento de oraci\u00f3n durante el que preguntarnos: \u00bfC\u00f3mo ha sido mi jornada? \u00bfCu\u00e1les han sido las alegr\u00edas, las tristezas, las cosas aburridas, c\u00f3mo ha ido, qu\u00e9 ha pasado? \u00bfCu\u00e1les han sido las perlas de la jornada, quiz\u00e1 escondidas, por las que dar gracias? \u00bfHa habido un poco de amor en lo que he hecho? \u00bfY cu\u00e1les son las ca\u00eddas, las tristezas, las dudas y los miedos que he de llevar a Jes\u00fas para que me abra v\u00edas nuevas, me conforte y me anime?<\/p>\n<p>Que Mar\u00eda, Virgen sapiente, nos ayude a reconocer a Jes\u00fas que camina con nosotros y a releer -la palabra:\u00a0<i>re-leer<\/i>&#8211; ante \u00c9l cada d\u00eda de nuestra vida.<\/p>\n<p><iframe loading=\"lazy\" title=\"Regina Coeli - 23 abril 2023 - Papa Francisco\" width=\"500\" height=\"281\" src=\"https:\/\/www.youtube.com\/embed\/4_tweCv2y4Q?feature=oembed\" frameborder=\"0\" allow=\"accelerometer; autoplay; clipboard-write; encrypted-media; gyroscope; picture-in-picture; web-share\" referrerpolicy=\"strict-origin-when-cross-origin\" allowfullscreen><\/iframe><\/p>\n","protected":false},"excerpt":{"rendered":"<p>Palabras del Santo Padre antes del Regina Coeli<\/p>\n","protected":false},"author":15,"featured_media":74783,"comment_status":"closed","ping_status":"closed","sticky":false,"template":"","format":"standard","meta":{"_acf_changed":false,"_crdt_document":"","inline_featured_image":false,"footnotes":""},"categories":[68,1387],"tags":[2419,8964],"class_list":["post-74782","post","type-post","status-publish","format-standard","has-post-thumbnail","hentry","category-leon-xiv","category-regina-coeli-es","tag-featured","tag-regina-coeli-23-abril-2023"],"acf":[],"yoast_head":"<!-- This site is optimized with the Yoast SEO plugin v27.4 - https:\/\/yoast.com\/product\/yoast-seo-wordpress\/ -->\n<title>El Papa: Cada noche releer la jornada con Jes\u00fas: abrirle el coraz\u00f3n &#8211; Exaudi<\/title>\n<meta name=\"robots\" content=\"index, follow, max-snippet:-1, max-image-preview:large, max-video-preview:-1\" \/>\n<link rel=\"canonical\" href=\"https:\/\/exaudi.org\/es\/el-papa-cada-noche-releer-la-jornada-con-jesus-abrirle-el-corazon\/\" \/>\n<meta property=\"og:locale\" content=\"es_ES\" \/>\n<meta property=\"og:type\" content=\"article\" \/>\n<meta property=\"og:title\" content=\"El Papa: Cada noche releer la jornada con Jes\u00fas: abrirle el coraz\u00f3n &#8211; Exaudi\" \/>\n<meta property=\"og:description\" content=\"Palabras del Santo Padre antes del Regina Coeli\" \/>\n<meta property=\"og:url\" content=\"https:\/\/exaudi.org\/es\/el-papa-cada-noche-releer-la-jornada-con-jesus-abrirle-el-corazon\/\" \/>\n<meta property=\"og:site_name\" content=\"Exaudi\" \/>\n<meta property=\"article:publisher\" content=\"https:\/\/www.facebook.com\/ExaudiNews\" \/>\n<meta property=\"article:author\" content=\"https:\/\/www.facebook.com\/ExaudiNoticias\/\" \/>\n<meta property=\"article:published_time\" content=\"2023-04-23T12:59:35+00:00\" \/>\n<meta property=\"article:modified_time\" content=\"2023-04-23T16:34:17+00:00\" \/>\n<meta property=\"og:image\" content=\"https:\/\/exaudi.org\/wp-content\/uploads\/2023\/04\/regina-Coeli-23-abril-2023.jpeg\" \/>\n\t<meta property=\"og:image:width\" content=\"800\" \/>\n\t<meta property=\"og:image:height\" content=\"533\" \/>\n\t<meta property=\"og:image:type\" content=\"image\/jpeg\" \/>\n<meta name=\"author\" content=\"Exaudi Redacci\u00f3n\" \/>\n<meta name=\"twitter:card\" content=\"summary_large_image\" \/>\n<meta name=\"twitter:creator\" content=\"@Exaudi_noticias\" \/>\n<meta name=\"twitter:site\" content=\"@Exaudi_News\" \/>\n<meta name=\"twitter:label1\" content=\"Escrito por\" \/>\n\t<meta name=\"twitter:data1\" content=\"Exaudi Redacci\u00f3n\" \/>\n\t<meta name=\"twitter:label2\" content=\"Tiempo de lectura\" \/>\n\t<meta name=\"twitter:data2\" content=\"4 minutos\" \/>\n<script type=\"application\/ld+json\" class=\"yoast-schema-graph\">{\"@context\":\"https:\\\/\\\/schema.org\",\"@graph\":[{\"@type\":\"Article\",\"@id\":\"https:\\\/\\\/exaudi.org\\\/es\\\/el-papa-cada-noche-releer-la-jornada-con-jesus-abrirle-el-corazon\\\/#article\",\"isPartOf\":{\"@id\":\"https:\\\/\\\/exaudi.org\\\/es\\\/el-papa-cada-noche-releer-la-jornada-con-jesus-abrirle-el-corazon\\\/\"},\"author\":{\"name\":\"Exaudi Redacci\u00f3n\",\"@id\":\"https:\\\/\\\/exaudi.org\\\/#\\\/schema\\\/person\\\/f5fc8f063065e38742da7afe15f25df7\"},\"headline\":\"El Papa: Cada noche releer la jornada con Jes\u00fas: abrirle el coraz\u00f3n\",\"datePublished\":\"2023-04-23T12:59:35+00:00\",\"dateModified\":\"2023-04-23T16:34:17+00:00\",\"mainEntityOfPage\":{\"@id\":\"https:\\\/\\\/exaudi.org\\\/es\\\/el-papa-cada-noche-releer-la-jornada-con-jesus-abrirle-el-corazon\\\/\"},\"wordCount\":786,\"image\":{\"@id\":\"https:\\\/\\\/exaudi.org\\\/es\\\/el-papa-cada-noche-releer-la-jornada-con-jesus-abrirle-el-corazon\\\/#primaryimage\"},\"thumbnailUrl\":\"https:\\\/\\\/exaudi.org\\\/wp-content\\\/uploads\\\/2023\\\/04\\\/regina-Coeli-23-abril-2023.jpeg\",\"keywords\":[\"Featured\",\"Regina Coeli 23 abril 2023\"],\"articleSection\":[\"Le\u00f3n XIV\",\"Regina Coeli\"],\"inLanguage\":\"es\"},{\"@type\":\"WebPage\",\"@id\":\"https:\\\/\\\/exaudi.org\\\/es\\\/el-papa-cada-noche-releer-la-jornada-con-jesus-abrirle-el-corazon\\\/\",\"url\":\"https:\\\/\\\/exaudi.org\\\/es\\\/el-papa-cada-noche-releer-la-jornada-con-jesus-abrirle-el-corazon\\\/\",\"name\":\"El Papa: Cada noche releer la jornada con Jes\u00fas: abrirle el coraz\u00f3n &#8211; Exaudi\",\"isPartOf\":{\"@id\":\"https:\\\/\\\/exaudi.org\\\/#website\"},\"primaryImageOfPage\":{\"@id\":\"https:\\\/\\\/exaudi.org\\\/es\\\/el-papa-cada-noche-releer-la-jornada-con-jesus-abrirle-el-corazon\\\/#primaryimage\"},\"image\":{\"@id\":\"https:\\\/\\\/exaudi.org\\\/es\\\/el-papa-cada-noche-releer-la-jornada-con-jesus-abrirle-el-corazon\\\/#primaryimage\"},\"thumbnailUrl\":\"https:\\\/\\\/exaudi.org\\\/wp-content\\\/uploads\\\/2023\\\/04\\\/regina-Coeli-23-abril-2023.jpeg\",\"datePublished\":\"2023-04-23T12:59:35+00:00\",\"dateModified\":\"2023-04-23T16:34:17+00:00\",\"author\":{\"@id\":\"https:\\\/\\\/exaudi.org\\\/#\\\/schema\\\/person\\\/f5fc8f063065e38742da7afe15f25df7\"},\"breadcrumb\":{\"@id\":\"https:\\\/\\\/exaudi.org\\\/es\\\/el-papa-cada-noche-releer-la-jornada-con-jesus-abrirle-el-corazon\\\/#breadcrumb\"},\"inLanguage\":\"es\",\"potentialAction\":[{\"@type\":\"ReadAction\",\"target\":[\"https:\\\/\\\/exaudi.org\\\/es\\\/el-papa-cada-noche-releer-la-jornada-con-jesus-abrirle-el-corazon\\\/\"]}]},{\"@type\":\"ImageObject\",\"inLanguage\":\"es\",\"@id\":\"https:\\\/\\\/exaudi.org\\\/es\\\/el-papa-cada-noche-releer-la-jornada-con-jesus-abrirle-el-corazon\\\/#primaryimage\",\"url\":\"https:\\\/\\\/exaudi.org\\\/wp-content\\\/uploads\\\/2023\\\/04\\\/regina-Coeli-23-abril-2023.jpeg\",\"contentUrl\":\"https:\\\/\\\/exaudi.org\\\/wp-content\\\/uploads\\\/2023\\\/04\\\/regina-Coeli-23-abril-2023.jpeg\",\"width\":800,\"height\":533,\"caption\":\"\u00a9 Vatican Media\"},{\"@type\":\"BreadcrumbList\",\"@id\":\"https:\\\/\\\/exaudi.org\\\/es\\\/el-papa-cada-noche-releer-la-jornada-con-jesus-abrirle-el-corazon\\\/#breadcrumb\",\"itemListElement\":[{\"@type\":\"ListItem\",\"position\":1,\"name\":\"Portada\",\"item\":\"https:\\\/\\\/exaudi.org\\\/es\\\/\"},{\"@type\":\"ListItem\",\"position\":2,\"name\":\"El Papa: Cada noche releer la jornada con Jes\u00fas: abrirle el coraz\u00f3n\"}]},{\"@type\":\"WebSite\",\"@id\":\"https:\\\/\\\/exaudi.org\\\/#website\",\"url\":\"https:\\\/\\\/exaudi.org\\\/\",\"name\":\"Exaudi\",\"description\":\"News\",\"potentialAction\":[{\"@type\":\"SearchAction\",\"target\":{\"@type\":\"EntryPoint\",\"urlTemplate\":\"https:\\\/\\\/exaudi.org\\\/?s={search_term_string}\"},\"query-input\":{\"@type\":\"PropertyValueSpecification\",\"valueRequired\":true,\"valueName\":\"search_term_string\"}}],\"inLanguage\":\"es\"},{\"@type\":\"Person\",\"@id\":\"https:\\\/\\\/exaudi.org\\\/#\\\/schema\\\/person\\\/f5fc8f063065e38742da7afe15f25df7\",\"name\":\"Exaudi Redacci\u00f3n\",\"image\":{\"@type\":\"ImageObject\",\"inLanguage\":\"es\",\"@id\":\"https:\\\/\\\/secure.gravatar.com\\\/avatar\\\/fe0f6a059fb68d9b3e11bc5850dd4899b1c7492091a3cb6dd9b01b56ad828be2?s=96&d=mm&r=g\",\"url\":\"https:\\\/\\\/secure.gravatar.com\\\/avatar\\\/fe0f6a059fb68d9b3e11bc5850dd4899b1c7492091a3cb6dd9b01b56ad828be2?s=96&d=mm&r=g\",\"contentUrl\":\"https:\\\/\\\/secure.gravatar.com\\\/avatar\\\/fe0f6a059fb68d9b3e11bc5850dd4899b1c7492091a3cb6dd9b01b56ad828be2?s=96&d=mm&r=g\",\"caption\":\"Exaudi Redacci\u00f3n\"},\"description\":\"\u00bfQu\u00e9 es Exaudi News? Exaudi News es un medio de comunicaci\u00f3n cat\u00f3lico internacional que informa, forma y transforma, diariamente en espa\u00f1ol, ingl\u00e9s e italiano. A trav\u00e9s de noticias, art\u00edculos de an\u00e1lisis y transmisiones en directo de los eventos del Papa, Exaudi busca fortalecer la unidad de los cristianos y contribuir a la evangelizaci\u00f3n del mundo, siempre guiados por la doctrina social de la Iglesia. Trabajamos para acercar la verdad y los valores cristianos a cada rinc\u00f3n del planeta. \u00a1Ay\u00fadanos a transformar el mundo con Exaudi! En Exaudi creemos que la evangelizaci\u00f3n y la informaci\u00f3n de calidad pueden cambiar vidas. Para continuar con nuestra misi\u00f3n y expandir nuestro alcance, necesitamos tu ayuda. Adem\u00e1s, buscamos personas comprometidas que deseen unirse a nuestro equipo. Con tu apoyo, lograremos llegar a m\u00e1s personas, difundir el mensaje de Cristo y reforzar la unidad de los cristianos. \u00bfTe unes a nuestra misi\u00f3n? Para m\u00e1s informaci\u00f3n sobre c\u00f3mo colaborar, visita Exaudi.org\\\/es o cont\u00e1ctanos directamente: info@exaudi.org Exaudi: Informa, forma y transforma.\",\"sameAs\":[\"https:\\\/\\\/www.facebook.com\\\/ExaudiNoticias\\\/\",\"https:\\\/\\\/www.instagram.com\\\/exaudi_noticias\\\/\",\"https:\\\/\\\/x.com\\\/Exaudi_noticias\",\"https:\\\/\\\/www.youtube.com\\\/@exaudicatholicnews\"],\"url\":\"https:\\\/\\\/exaudi.org\\\/es\\\/author\\\/redaccionexaudi\\\/\"}]}<\/script>\n<!-- \/ Yoast SEO plugin. -->","yoast_head_json":{"title":"El Papa: Cada noche releer la jornada con Jes\u00fas: abrirle el coraz\u00f3n &#8211; Exaudi","robots":{"index":"index","follow":"follow","max-snippet":"max-snippet:-1","max-image-preview":"max-image-preview:large","max-video-preview":"max-video-preview:-1"},"canonical":"https:\/\/exaudi.org\/es\/el-papa-cada-noche-releer-la-jornada-con-jesus-abrirle-el-corazon\/","og_locale":"es_ES","og_type":"article","og_title":"El Papa: Cada noche releer la jornada con Jes\u00fas: abrirle el coraz\u00f3n &#8211; Exaudi","og_description":"Palabras del Santo Padre antes del Regina Coeli","og_url":"https:\/\/exaudi.org\/es\/el-papa-cada-noche-releer-la-jornada-con-jesus-abrirle-el-corazon\/","og_site_name":"Exaudi","article_publisher":"https:\/\/www.facebook.com\/ExaudiNews","article_author":"https:\/\/www.facebook.com\/ExaudiNoticias\/","article_published_time":"2023-04-23T12:59:35+00:00","article_modified_time":"2023-04-23T16:34:17+00:00","og_image":[{"width":800,"height":533,"url":"https:\/\/exaudi.org\/wp-content\/uploads\/2023\/04\/regina-Coeli-23-abril-2023.jpeg","type":"image\/jpeg"}],"author":"Exaudi Redacci\u00f3n","twitter_card":"summary_large_image","twitter_creator":"@Exaudi_noticias","twitter_site":"@Exaudi_News","twitter_misc":{"Escrito por":"Exaudi Redacci\u00f3n","Tiempo de lectura":"4 minutos"},"schema":{"@context":"https:\/\/schema.org","@graph":[{"@type":"Article","@id":"https:\/\/exaudi.org\/es\/el-papa-cada-noche-releer-la-jornada-con-jesus-abrirle-el-corazon\/#article","isPartOf":{"@id":"https:\/\/exaudi.org\/es\/el-papa-cada-noche-releer-la-jornada-con-jesus-abrirle-el-corazon\/"},"author":{"name":"Exaudi Redacci\u00f3n","@id":"https:\/\/exaudi.org\/#\/schema\/person\/f5fc8f063065e38742da7afe15f25df7"},"headline":"El Papa: Cada noche releer la jornada con Jes\u00fas: abrirle el coraz\u00f3n","datePublished":"2023-04-23T12:59:35+00:00","dateModified":"2023-04-23T16:34:17+00:00","mainEntityOfPage":{"@id":"https:\/\/exaudi.org\/es\/el-papa-cada-noche-releer-la-jornada-con-jesus-abrirle-el-corazon\/"},"wordCount":786,"image":{"@id":"https:\/\/exaudi.org\/es\/el-papa-cada-noche-releer-la-jornada-con-jesus-abrirle-el-corazon\/#primaryimage"},"thumbnailUrl":"https:\/\/exaudi.org\/wp-content\/uploads\/2023\/04\/regina-Coeli-23-abril-2023.jpeg","keywords":["Featured","Regina Coeli 23 abril 2023"],"articleSection":["Le\u00f3n XIV","Regina Coeli"],"inLanguage":"es"},{"@type":"WebPage","@id":"https:\/\/exaudi.org\/es\/el-papa-cada-noche-releer-la-jornada-con-jesus-abrirle-el-corazon\/","url":"https:\/\/exaudi.org\/es\/el-papa-cada-noche-releer-la-jornada-con-jesus-abrirle-el-corazon\/","name":"El Papa: Cada noche releer la jornada con Jes\u00fas: abrirle el coraz\u00f3n &#8211; Exaudi","isPartOf":{"@id":"https:\/\/exaudi.org\/#website"},"primaryImageOfPage":{"@id":"https:\/\/exaudi.org\/es\/el-papa-cada-noche-releer-la-jornada-con-jesus-abrirle-el-corazon\/#primaryimage"},"image":{"@id":"https:\/\/exaudi.org\/es\/el-papa-cada-noche-releer-la-jornada-con-jesus-abrirle-el-corazon\/#primaryimage"},"thumbnailUrl":"https:\/\/exaudi.org\/wp-content\/uploads\/2023\/04\/regina-Coeli-23-abril-2023.jpeg","datePublished":"2023-04-23T12:59:35+00:00","dateModified":"2023-04-23T16:34:17+00:00","author":{"@id":"https:\/\/exaudi.org\/#\/schema\/person\/f5fc8f063065e38742da7afe15f25df7"},"breadcrumb":{"@id":"https:\/\/exaudi.org\/es\/el-papa-cada-noche-releer-la-jornada-con-jesus-abrirle-el-corazon\/#breadcrumb"},"inLanguage":"es","potentialAction":[{"@type":"ReadAction","target":["https:\/\/exaudi.org\/es\/el-papa-cada-noche-releer-la-jornada-con-jesus-abrirle-el-corazon\/"]}]},{"@type":"ImageObject","inLanguage":"es","@id":"https:\/\/exaudi.org\/es\/el-papa-cada-noche-releer-la-jornada-con-jesus-abrirle-el-corazon\/#primaryimage","url":"https:\/\/exaudi.org\/wp-content\/uploads\/2023\/04\/regina-Coeli-23-abril-2023.jpeg","contentUrl":"https:\/\/exaudi.org\/wp-content\/uploads\/2023\/04\/regina-Coeli-23-abril-2023.jpeg","width":800,"height":533,"caption":"\u00a9 Vatican Media"},{"@type":"BreadcrumbList","@id":"https:\/\/exaudi.org\/es\/el-papa-cada-noche-releer-la-jornada-con-jesus-abrirle-el-corazon\/#breadcrumb","itemListElement":[{"@type":"ListItem","position":1,"name":"Portada","item":"https:\/\/exaudi.org\/es\/"},{"@type":"ListItem","position":2,"name":"El Papa: Cada noche releer la jornada con Jes\u00fas: abrirle el coraz\u00f3n"}]},{"@type":"WebSite","@id":"https:\/\/exaudi.org\/#website","url":"https:\/\/exaudi.org\/","name":"Exaudi","description":"News","potentialAction":[{"@type":"SearchAction","target":{"@type":"EntryPoint","urlTemplate":"https:\/\/exaudi.org\/?s={search_term_string}"},"query-input":{"@type":"PropertyValueSpecification","valueRequired":true,"valueName":"search_term_string"}}],"inLanguage":"es"},{"@type":"Person","@id":"https:\/\/exaudi.org\/#\/schema\/person\/f5fc8f063065e38742da7afe15f25df7","name":"Exaudi Redacci\u00f3n","image":{"@type":"ImageObject","inLanguage":"es","@id":"https:\/\/secure.gravatar.com\/avatar\/fe0f6a059fb68d9b3e11bc5850dd4899b1c7492091a3cb6dd9b01b56ad828be2?s=96&d=mm&r=g","url":"https:\/\/secure.gravatar.com\/avatar\/fe0f6a059fb68d9b3e11bc5850dd4899b1c7492091a3cb6dd9b01b56ad828be2?s=96&d=mm&r=g","contentUrl":"https:\/\/secure.gravatar.com\/avatar\/fe0f6a059fb68d9b3e11bc5850dd4899b1c7492091a3cb6dd9b01b56ad828be2?s=96&d=mm&r=g","caption":"Exaudi Redacci\u00f3n"},"description":"\u00bfQu\u00e9 es Exaudi News? Exaudi News es un medio de comunicaci\u00f3n cat\u00f3lico internacional que informa, forma y transforma, diariamente en espa\u00f1ol, ingl\u00e9s e italiano. A trav\u00e9s de noticias, art\u00edculos de an\u00e1lisis y transmisiones en directo de los eventos del Papa, Exaudi busca fortalecer la unidad de los cristianos y contribuir a la evangelizaci\u00f3n del mundo, siempre guiados por la doctrina social de la Iglesia. Trabajamos para acercar la verdad y los valores cristianos a cada rinc\u00f3n del planeta. \u00a1Ay\u00fadanos a transformar el mundo con Exaudi! En Exaudi creemos que la evangelizaci\u00f3n y la informaci\u00f3n de calidad pueden cambiar vidas. Para continuar con nuestra misi\u00f3n y expandir nuestro alcance, necesitamos tu ayuda. Adem\u00e1s, buscamos personas comprometidas que deseen unirse a nuestro equipo. Con tu apoyo, lograremos llegar a m\u00e1s personas, difundir el mensaje de Cristo y reforzar la unidad de los cristianos. \u00bfTe unes a nuestra misi\u00f3n? Para m\u00e1s informaci\u00f3n sobre c\u00f3mo colaborar, visita Exaudi.org\/es o cont\u00e1ctanos directamente: info@exaudi.org Exaudi: Informa, forma y transforma.","sameAs":["https:\/\/www.facebook.com\/ExaudiNoticias\/","https:\/\/www.instagram.com\/exaudi_noticias\/","https:\/\/x.com\/Exaudi_noticias","https:\/\/www.youtube.com\/@exaudicatholicnews"],"url":"https:\/\/exaudi.org\/es\/author\/redaccionexaudi\/"}]}},"jetpack_featured_media_url":"https:\/\/exaudi.org\/wp-content\/uploads\/2023\/04\/regina-Coeli-23-abril-2023.jpeg","jetpack_shortlink":"https:\/\/wp.me\/pgKjF2-jsa","_links":{"self":[{"href":"https:\/\/exaudi.org\/es\/wp-json\/wp\/v2\/posts\/74782","targetHints":{"allow":["GET"]}}],"collection":[{"href":"https:\/\/exaudi.org\/es\/wp-json\/wp\/v2\/posts"}],"about":[{"href":"https:\/\/exaudi.org\/es\/wp-json\/wp\/v2\/types\/post"}],"author":[{"embeddable":true,"href":"https:\/\/exaudi.org\/es\/wp-json\/wp\/v2\/users\/15"}],"replies":[{"embeddable":true,"href":"https:\/\/exaudi.org\/es\/wp-json\/wp\/v2\/comments?post=74782"}],"version-history":[{"count":0,"href":"https:\/\/exaudi.org\/es\/wp-json\/wp\/v2\/posts\/74782\/revisions"}],"wp:featuredmedia":[{"embeddable":true,"href":"https:\/\/exaudi.org\/es\/wp-json\/wp\/v2\/media\/74783"}],"wp:attachment":[{"href":"https:\/\/exaudi.org\/es\/wp-json\/wp\/v2\/media?parent=74782"}],"wp:term":[{"taxonomy":"category","embeddable":true,"href":"https:\/\/exaudi.org\/es\/wp-json\/wp\/v2\/categories?post=74782"},{"taxonomy":"post_tag","embeddable":true,"href":"https:\/\/exaudi.org\/es\/wp-json\/wp\/v2\/tags?post=74782"}],"curies":[{"name":"wp","href":"https:\/\/api.w.org\/{rel}","templated":true}]}}