{"id":74592,"date":"2023-04-20T13:47:49","date_gmt":"2023-04-20T11:47:49","guid":{"rendered":"https:\/\/exaudi.org\/?p=74592"},"modified":"2023-04-20T13:48:19","modified_gmt":"2023-04-20T11:48:19","slug":"carmen-iglesias-al-suprimir-la-cronologia-de-la-asignatura-de-historia-los-alumnos-se-quedan-sin-tiempo-ni-espacio","status":"publish","type":"post","link":"https:\/\/exaudi.org\/es\/carmen-iglesias-al-suprimir-la-cronologia-de-la-asignatura-de-historia-los-alumnos-se-quedan-sin-tiempo-ni-espacio\/","title":{"rendered":"Carmen Iglesias: \u201cSuprimir la cronolog\u00eda de la asignatura de Historia, los alumnos se quedan sin tiempo ni espacio\u201d"},"content":{"rendered":"<audio class=\"wp-audio-shortcode\" id=\"audio-74592-1\" preload=\"none\" style=\"width: 100%;\" controls=\"controls\"><source type=\"audio\/mpeg\" src=\"https:\/\/exaudi.org\/wp-content\/uploads\/2023\/04\/Carmen-Iglesias-Al-suprimir-la-cronologia-de-la.mp3?_=1\" \/><a href=\"https:\/\/exaudi.org\/wp-content\/uploads\/2023\/04\/Carmen-Iglesias-Al-suprimir-la-cronologia-de-la.mp3\">https:\/\/exaudi.org\/wp-content\/uploads\/2023\/04\/Carmen-Iglesias-Al-suprimir-la-cronologia-de-la.mp3<\/a><\/audio>\n<p>La directora de la Real Academia de la Historia clausurar\u00e1, el pr\u00f3ximo 6 de mayo, el <a href=\"https:\/\/www.profesoresdehumanidades.com\/?utm_source=%7B%7Bsite_source_name%7D%7D&amp;utm_medium=press&amp;utm_campaign=notas%20de%20prensa\"><u>I Encuentro Iberoamericano de Profesores de Humanidades<\/u><\/a>, en el que tambi\u00e9n participar\u00e1n varios rostros conocidos del mundo de la filosof\u00eda, la psicolog\u00eda, la historia y la literatura, entre ellos, Andreas Schleicher, Fernando Savater, Javier Urra e Isabel San Sebasti\u00e1n.<\/p>\n<p><u>Madrid, 20 de abri<\/u>l. <strong>Carmen Iglesias <\/strong>clausurar\u00e1 el <a href=\"https:\/\/www.profesoresdehumanidades.com\/?utm_source=%7B%7Bsite_source_name%7D%7D&amp;utm_medium=press&amp;utm_campaign=notas%20de%20prensa\"><strong><u>I Encuentro Iberoamericano de<\/u><\/strong><\/a> <a href=\"https:\/\/www.profesoresdehumanidades.com\/?utm_source=%7B%7Bsite_source_name%7D%7D&amp;utm_medium=press&amp;utm_campaign=notas%20de%20prensa\"><strong><u>Profesores de Humanidades<\/u><\/strong><\/a>, que se celebra el pr\u00f3ximo <strong>6 de mayo <\/strong>en <strong>CaixaForum Madrid<\/strong>. Bajo el t\u00edtulo <strong><em>La ense\u00f1anza de la Historia y la verdad de los hechos<\/em><\/strong>, la directora de la <strong>Real Academia de la Historia <\/strong>pronunciar\u00e1 la conferencia de clausura del evento, promovido por <a href=\"https:\/\/sienaeducacion.com\/\"><strong><u>Siena Educaci\u00f3n<\/u><\/strong> <\/a>\u2014editor del peri\u00f3dico <a href=\"https:\/\/www.magisnet.com\/\"><u>MAGISTERIO<\/u><\/a>\u2014 con el objetivo de <strong>impulsar iniciativas en favor de la ense\u00f1anza de las Humanidades en la escuela<\/strong>. \u201cSin las Humanidades no podemos vivir ni comprender el mundo\u201d, sostiene Iglesias, catedr\u00e1tica de Historia de las Ideas, autora de m\u00e1s de 200 publicaciones y profesora de Historia durante 18 a\u00f1os de S.M. el Rey Don Felipe VI.<\/p>\n<p>Iglesias defiende la Historia como asignatura clave, ya que <strong>\u201cestudiar el pasado es lo que nos permite progresar para el futuro\u201d<\/strong>. En este sentido, lamenta las continuas modificaciones que ha sufrido la materia con las \u00faltimas leyes educativas: \u201cYa han llegado a suprimir la cronolog\u00eda, con lo cual <strong>los alumnos se quedan sin tiempo ni espacio<\/strong>, que son las dos coordenadas que se suponen te ense\u00f1an en la escuela\u201d. Atribuye este hecho al empe\u00f1o de <strong>\u201cborrar al individuo\u201d<\/strong>: \u201cEl grupo es susceptible de ser llevado de un sitio a otro, pero con el individuo es m\u00e1s complicado; por eso las mentes dictatoriales quisieran eliminarlo; <strong>cuando m\u00e1s inculto, m\u00e1s f\u00e1cil de manejar se es<\/strong>\u201d.<\/p>\n<p>Por otra parte, la directora de la Real Academia de la Historia considera que <strong>\u201cla educaci\u00f3n ha fallado desde el principio, desde Villar Palas\u00ed\u201d<\/strong>, ministro impulsor de la Ley General de Educaci\u00f3n de 1970. Asegura, adem\u00e1s, que <strong>\u201cha faltado una ense\u00f1anza de la Constituci\u00f3n\u201d<\/strong>: \u201cYo el \u00fanico cargo que he tenido dependiente de un gobierno fue la direcci\u00f3n del Centro de Estudios Pol\u00edticos y Constitucionales, donde creamos unas ense\u00f1anzas de la Constituci\u00f3n para profesores que nos las quitaron a los dos a\u00f1os\u201d, explica. Al respecto, reprueba que \u201clos pol\u00edticos no han tenido ning\u00fan inter\u00e9s en esto porque solo les importa los cuatro a\u00f1os de su mandato\u201d.<\/p>\n<p>En otro orden, Iglesias alerta de que <strong>\u201clo malo no es que haya manipuladores de la historia, sino que la gente los crea\u201d<\/strong>. Y, refiri\u00e9ndose al revisionismo hist\u00f3rico, argumenta que \u201cla llamada \u2018leyenda negra\u2019 espa\u00f1ola ha funcionado muy bien porque pol\u00edticamente ha interesado a muchos\u201d. <strong>\u201cEn Am\u00e9rica no hubo genocidios ni rapi\u00f1as, al rev\u00e9s: construimos ciudades y universidades\u201d<\/strong>, recuerda. Sobre la ideologizaci\u00f3n de la historia, no cree que la inteligencia artificial la eluda: \u201cDe momento, tiene que ser programada por la inteligencia natural, por lo que podr\u00e1 ser manipulada no por la ideas sino por la ideolog\u00eda\u201d.<\/p>\n<h2><strong>Andreas Schleicher y Fernando Savater, entre los ponentes<\/strong><\/h2>\n<p><strong>\u00a0<\/strong>Un centenar de organizaciones respalda este encuentro, en el que participan otros rostros conocidos del mundo de la psicolog\u00eda, la filosof\u00eda y la literatura, entre ellos, <a href=\"https:\/\/twitter.com\/SchleicherOECD\"><strong><u>Andreas<\/u><\/strong><\/a> <a href=\"https:\/\/twitter.com\/SchleicherOECD\"><strong><u>Schleicher<\/u><\/strong><\/a>, director de Educaci\u00f3n de la OCDE; los psic\u00f3logos <a href=\"https:\/\/twitter.com\/JavierUrraLIBRO\"><strong><u>Javier Urra<\/u><\/strong> <\/a>y <a href=\"https:\/\/twitter.com\/jaluengolatorre\"><strong><u>Jos\u00e9 Antonio<\/u><\/strong><\/a> <a href=\"https:\/\/twitter.com\/jaluengolatorre\"><strong><u>Luengo<\/u><\/strong><\/a>; <a href=\"https:\/\/twitter.com\/JaboneroOEI\"><strong><u>Mariano Jabonero<\/u><\/strong><\/a>, secretario general de la Organizaci\u00f3n de Estados Iberoamericanos (OEI); <strong>Encarna Cuenca<\/strong>, presidenta del Consejo Escolar del Estado; y los escritores <a href=\"https:\/\/twitter.com\/chanihenares\"><strong><u>Antonio P\u00e9rez Henares<\/u><\/strong><\/a> e <a href=\"https:\/\/twitter.com\/isanseba\"><strong><u>Isabel San Sebasti\u00e1n<\/u><\/strong><\/a>. Por su parte, el fil\u00f3sofo y escritor <a href=\"https:\/\/twitter.com\/Savater_\"><strong><u>Fernando Savater<\/u><\/strong> <\/a>pronunciar\u00e1 la conferencia inaugural.<\/p>\n<p>La parte medular del encuentro, que convoca al mill\u00f3n y medio de docentes de habla hispana que imparten <strong>Filosof\u00eda<\/strong>, <strong>Historia <\/strong>y <strong>Religi\u00f3n<\/strong>, ser\u00e1n las presentaciones de din\u00e1micas y proyectos innovadores a cargo de <strong>30 de los mejores profesores de Humanidades de Espa\u00f1a, Portugal e Iberoam\u00e9rica<\/strong>. Entre ellos figuran algunos de los <em>youtubers <\/em>e <em>influencers <\/em>m\u00e1s conocidos del \u00e1mbito human\u00edstico y educativo, como <a href=\"https:\/\/twitter.com\/cunahalicarnaso\"><strong><u>Jos\u00e9<\/u><\/strong><\/a> <a href=\"https:\/\/twitter.com\/cunahalicarnaso\"><strong><u>Antonio Lucero<\/u><\/strong><\/a> (<a href=\"https:\/\/www.youtube.com\/channel\/UCzDmu6QviXbf0cbeFBh2_zA\"><em><u>La cuna de Halicarnaso<\/u><\/em><\/a>), <strong>Enric F. Gel <\/strong>(<a href=\"https:\/\/www.youtube.com\/AdictosalaFilosof%C3%ADa\"><em><u>Adictos a la Filosof\u00eda<\/u><\/em><\/a>), <a href=\"https:\/\/twitter.com\/rosaliarte\"><strong><u>Rosa<\/u><\/strong><\/a> <a href=\"https:\/\/twitter.com\/rosaliarte\"><strong><u>Liarte<\/u><\/strong><\/a>, <strong>Daniel Rosende <\/strong>(<a href=\"https:\/\/www.youtube.com\/channel\/UC5d5wLi2Feyd3FrBNyeEPgw\"><em><u>Unboxing philosophy<\/u><\/em><\/a>), <a href=\"https:\/\/twitter.com\/emilio_delrio\"><strong><u>Emilio del R\u00edo<\/u><\/strong><\/a> o <strong>Carlos Gonz\u00e1lez <\/strong>(<a href=\"https:\/\/historiaencomentarios.com\/\"><em><u>Historia en comentarios<\/u><\/em><\/a>).<\/p>\n<p>\u201cEn tiempos de supremac\u00eda de las STEM y de las competencias digitales, se hace m\u00e1s necesario si cabe <strong>fortalecer las competencias human\u00edsticas de los alumnos<\/strong>; competencias que, a modo de br\u00fajula, les orienten en un mundo marcado por la incertidumbre, la ambig\u00fcedad y el pensamiento l\u00edquido\u201d, explica <strong>Jos\u00e9 Mar\u00eda de Moya<\/strong>, director general de Siena Educaci\u00f3n y responsable del encuentro, que <strong>en 2024 tambi\u00e9n incorporar\u00e1 a profesores de Literatura<\/strong>.<\/p>\n<p>En el marco del encuentro, y con la colaboraci\u00f3n de Vicens Vives y Puy du Fou, tambi\u00e9n se har\u00e1 entrega de los I Premios <a href=\"https:\/\/historia.profesoresdehumanidades.com\/concurso?utm_source=%7B%7Bsite_source_name%7D%7D&amp;utm_medium=press&amp;utm_campaign=notas%20de%20prensa\"><strong><em><u>Haz apasionantes tus clases de Historia<\/u><\/em><\/strong><\/a>, donde profesores de esta materia han podido presentar sus metodolog\u00edas y estrategias innovadoras para hacer m\u00e1s atractiva la ense\u00f1anza de la Historia a una generaci\u00f3n de j\u00f3venes marcada por la dispersi\u00f3n y las nuevas tecnolog\u00edas.<\/p>\n<p><strong>CLAVES<\/strong><\/p>\n<ul>\n<li>I Encuentro Iberoamericano de Profesores de Humanidades<\/li>\n<li>6 de mayo<\/li>\n<li>Online y presencial en CaixaForum Madrid<\/li>\n<li><a href=\"https:\/\/www.profesoresdehumanidades.com\/\" target=\"_blank\" rel=\"noopener\">M\u00e1s informaci\u00f3n<\/a><\/li>\n<\/ul>\n","protected":false},"excerpt":{"rendered":"<p>La directora de la Real Academia de la Historia clausurar\u00e1, el pr\u00f3ximo 6 de mayo, el I Encuentro Iberoamericano de Profesores de Humanidades, en el que tambi\u00e9n participar\u00e1n varios rostros conocidos del mundo de la filosof\u00eda, la psicolog\u00eda, la historia y la literatura, entre ellos, Andreas Schleicher, Fernando Savater, Javier Urra e Isabel San Sebasti\u00e1n. [&hellip;]<\/p>\n","protected":false},"author":15,"featured_media":74593,"comment_status":"closed","ping_status":"closed","sticky":false,"template":"","format":"standard","meta":{"_acf_changed":false,"_crdt_document":"","inline_featured_image":false,"footnotes":""},"categories":[74],"tags":[8937,8776,8154,8938,8939,8151,4953],"class_list":["post-74592","post","type-post","status-publish","format-standard","has-post-thumbnail","hentry","category-iglesia-y-mundo","tag-caixaforum","tag-i-encuentro-iberoamericano-de-profesores-humanidades","tag-magisterio","tag-profesores-de-humanidades","tag-real-academia-de-la-historia","tag-siena-educacion","tag-trending-es"],"acf":[],"yoast_head":"<!-- This site is optimized with the Yoast SEO plugin v27.5 - https:\/\/yoast.com\/product\/yoast-seo-wordpress\/ -->\n<title>Carmen Iglesias: \u201cSuprimir la cronolog\u00eda de la asignatura de Historia, los alumnos se quedan sin tiempo ni espacio\u201d &#8211; Exaudi<\/title>\n<meta name=\"robots\" content=\"index, follow, max-snippet:-1, max-image-preview:large, max-video-preview:-1\" \/>\n<link rel=\"canonical\" href=\"https:\/\/exaudi.org\/es\/carmen-iglesias-al-suprimir-la-cronologia-de-la-asignatura-de-historia-los-alumnos-se-quedan-sin-tiempo-ni-espacio\/\" \/>\n<meta property=\"og:locale\" content=\"es_ES\" \/>\n<meta property=\"og:type\" content=\"article\" \/>\n<meta property=\"og:title\" content=\"Carmen Iglesias: \u201cSuprimir la cronolog\u00eda de la asignatura de Historia, los alumnos se quedan sin tiempo ni espacio\u201d &#8211; Exaudi\" \/>\n<meta property=\"og:description\" content=\"La directora de la Real Academia de la Historia clausurar\u00e1, el pr\u00f3ximo 6 de mayo, el I Encuentro Iberoamericano de Profesores de Humanidades, en el que tambi\u00e9n participar\u00e1n varios rostros conocidos del mundo de la filosof\u00eda, la psicolog\u00eda, la historia y la literatura, entre ellos, Andreas Schleicher, Fernando Savater, Javier Urra e Isabel San Sebasti\u00e1n. [&hellip;]\" \/>\n<meta property=\"og:url\" content=\"https:\/\/exaudi.org\/es\/carmen-iglesias-al-suprimir-la-cronologia-de-la-asignatura-de-historia-los-alumnos-se-quedan-sin-tiempo-ni-espacio\/\" \/>\n<meta property=\"og:site_name\" content=\"Exaudi\" \/>\n<meta property=\"article:publisher\" content=\"https:\/\/www.facebook.com\/ExaudiNews\" \/>\n<meta property=\"article:author\" content=\"https:\/\/www.facebook.com\/ExaudiNoticias\/\" \/>\n<meta property=\"article:published_time\" content=\"2023-04-20T11:47:49+00:00\" \/>\n<meta property=\"article:modified_time\" content=\"2023-04-20T11:48:19+00:00\" \/>\n<meta property=\"og:image\" content=\"https:\/\/exaudi.org\/wp-content\/uploads\/2023\/04\/Carmen-Iglesias.jpg\" \/>\n\t<meta property=\"og:image:width\" content=\"800\" \/>\n\t<meta property=\"og:image:height\" content=\"536\" \/>\n\t<meta property=\"og:image:type\" content=\"image\/jpeg\" \/>\n<meta name=\"author\" content=\"Exaudi Redacci\u00f3n\" \/>\n<meta name=\"twitter:card\" content=\"summary_large_image\" \/>\n<meta name=\"twitter:creator\" content=\"@Exaudi_noticias\" \/>\n<meta name=\"twitter:site\" content=\"@Exaudi_News\" \/>\n<meta name=\"twitter:label1\" content=\"Escrito por\" \/>\n\t<meta name=\"twitter:data1\" content=\"Exaudi Redacci\u00f3n\" \/>\n\t<meta name=\"twitter:label2\" content=\"Tiempo de lectura\" \/>\n\t<meta name=\"twitter:data2\" content=\"4 minutos\" \/>\n<script type=\"application\/ld+json\" class=\"yoast-schema-graph\">{\"@context\":\"https:\\\/\\\/schema.org\",\"@graph\":[{\"@type\":\"Article\",\"@id\":\"https:\\\/\\\/exaudi.org\\\/es\\\/carmen-iglesias-al-suprimir-la-cronologia-de-la-asignatura-de-historia-los-alumnos-se-quedan-sin-tiempo-ni-espacio\\\/#article\",\"isPartOf\":{\"@id\":\"https:\\\/\\\/exaudi.org\\\/es\\\/carmen-iglesias-al-suprimir-la-cronologia-de-la-asignatura-de-historia-los-alumnos-se-quedan-sin-tiempo-ni-espacio\\\/\"},\"author\":{\"name\":\"Exaudi Redacci\u00f3n\",\"@id\":\"https:\\\/\\\/exaudi.org\\\/#\\\/schema\\\/person\\\/f5fc8f063065e38742da7afe15f25df7\"},\"headline\":\"Carmen Iglesias: \u201cSuprimir la cronolog\u00eda de la asignatura de Historia, los alumnos se quedan sin tiempo ni espacio\u201d\",\"datePublished\":\"2023-04-20T11:47:49+00:00\",\"dateModified\":\"2023-04-20T11:48:19+00:00\",\"mainEntityOfPage\":{\"@id\":\"https:\\\/\\\/exaudi.org\\\/es\\\/carmen-iglesias-al-suprimir-la-cronologia-de-la-asignatura-de-historia-los-alumnos-se-quedan-sin-tiempo-ni-espacio\\\/\"},\"wordCount\":932,\"image\":{\"@id\":\"https:\\\/\\\/exaudi.org\\\/es\\\/carmen-iglesias-al-suprimir-la-cronologia-de-la-asignatura-de-historia-los-alumnos-se-quedan-sin-tiempo-ni-espacio\\\/#primaryimage\"},\"thumbnailUrl\":\"https:\\\/\\\/exaudi.org\\\/wp-content\\\/uploads\\\/2023\\\/04\\\/Carmen-Iglesias.jpg\",\"keywords\":[\"CaixaForum\",\"I encuentro iberoamericano de profesores Humanidades\",\"MAGISTERIO\",\"Profesores de Humanidades\",\"Real Academia de la Historia\",\"Siena Educaci\u00f3n\",\"Trending\"],\"articleSection\":[\"Iglesia y Mundo\"],\"inLanguage\":\"es\"},{\"@type\":\"WebPage\",\"@id\":\"https:\\\/\\\/exaudi.org\\\/es\\\/carmen-iglesias-al-suprimir-la-cronologia-de-la-asignatura-de-historia-los-alumnos-se-quedan-sin-tiempo-ni-espacio\\\/\",\"url\":\"https:\\\/\\\/exaudi.org\\\/es\\\/carmen-iglesias-al-suprimir-la-cronologia-de-la-asignatura-de-historia-los-alumnos-se-quedan-sin-tiempo-ni-espacio\\\/\",\"name\":\"Carmen Iglesias: \u201cSuprimir la cronolog\u00eda de la asignatura de Historia, los alumnos se quedan sin tiempo ni espacio\u201d &#8211; Exaudi\",\"isPartOf\":{\"@id\":\"https:\\\/\\\/exaudi.org\\\/#website\"},\"primaryImageOfPage\":{\"@id\":\"https:\\\/\\\/exaudi.org\\\/es\\\/carmen-iglesias-al-suprimir-la-cronologia-de-la-asignatura-de-historia-los-alumnos-se-quedan-sin-tiempo-ni-espacio\\\/#primaryimage\"},\"image\":{\"@id\":\"https:\\\/\\\/exaudi.org\\\/es\\\/carmen-iglesias-al-suprimir-la-cronologia-de-la-asignatura-de-historia-los-alumnos-se-quedan-sin-tiempo-ni-espacio\\\/#primaryimage\"},\"thumbnailUrl\":\"https:\\\/\\\/exaudi.org\\\/wp-content\\\/uploads\\\/2023\\\/04\\\/Carmen-Iglesias.jpg\",\"datePublished\":\"2023-04-20T11:47:49+00:00\",\"dateModified\":\"2023-04-20T11:48:19+00:00\",\"author\":{\"@id\":\"https:\\\/\\\/exaudi.org\\\/#\\\/schema\\\/person\\\/f5fc8f063065e38742da7afe15f25df7\"},\"breadcrumb\":{\"@id\":\"https:\\\/\\\/exaudi.org\\\/es\\\/carmen-iglesias-al-suprimir-la-cronologia-de-la-asignatura-de-historia-los-alumnos-se-quedan-sin-tiempo-ni-espacio\\\/#breadcrumb\"},\"inLanguage\":\"es\",\"potentialAction\":[{\"@type\":\"ReadAction\",\"target\":[\"https:\\\/\\\/exaudi.org\\\/es\\\/carmen-iglesias-al-suprimir-la-cronologia-de-la-asignatura-de-historia-los-alumnos-se-quedan-sin-tiempo-ni-espacio\\\/\"]}]},{\"@type\":\"ImageObject\",\"inLanguage\":\"es\",\"@id\":\"https:\\\/\\\/exaudi.org\\\/es\\\/carmen-iglesias-al-suprimir-la-cronologia-de-la-asignatura-de-historia-los-alumnos-se-quedan-sin-tiempo-ni-espacio\\\/#primaryimage\",\"url\":\"https:\\\/\\\/exaudi.org\\\/wp-content\\\/uploads\\\/2023\\\/04\\\/Carmen-Iglesias.jpg\",\"contentUrl\":\"https:\\\/\\\/exaudi.org\\\/wp-content\\\/uploads\\\/2023\\\/04\\\/Carmen-Iglesias.jpg\",\"width\":800,\"height\":536},{\"@type\":\"BreadcrumbList\",\"@id\":\"https:\\\/\\\/exaudi.org\\\/es\\\/carmen-iglesias-al-suprimir-la-cronologia-de-la-asignatura-de-historia-los-alumnos-se-quedan-sin-tiempo-ni-espacio\\\/#breadcrumb\",\"itemListElement\":[{\"@type\":\"ListItem\",\"position\":1,\"name\":\"Portada\",\"item\":\"https:\\\/\\\/exaudi.org\\\/es\\\/\"},{\"@type\":\"ListItem\",\"position\":2,\"name\":\"Carmen Iglesias: \u201cSuprimir la cronolog\u00eda de la asignatura de Historia, los alumnos se quedan sin tiempo ni espacio\u201d\"}]},{\"@type\":\"WebSite\",\"@id\":\"https:\\\/\\\/exaudi.org\\\/#website\",\"url\":\"https:\\\/\\\/exaudi.org\\\/\",\"name\":\"Exaudi\",\"description\":\"News\",\"potentialAction\":[{\"@type\":\"SearchAction\",\"target\":{\"@type\":\"EntryPoint\",\"urlTemplate\":\"https:\\\/\\\/exaudi.org\\\/?s={search_term_string}\"},\"query-input\":{\"@type\":\"PropertyValueSpecification\",\"valueRequired\":true,\"valueName\":\"search_term_string\"}}],\"inLanguage\":\"es\"},{\"@type\":\"Person\",\"@id\":\"https:\\\/\\\/exaudi.org\\\/#\\\/schema\\\/person\\\/f5fc8f063065e38742da7afe15f25df7\",\"name\":\"Exaudi Redacci\u00f3n\",\"image\":{\"@type\":\"ImageObject\",\"inLanguage\":\"es\",\"@id\":\"https:\\\/\\\/secure.gravatar.com\\\/avatar\\\/fe0f6a059fb68d9b3e11bc5850dd4899b1c7492091a3cb6dd9b01b56ad828be2?s=96&d=mm&r=g\",\"url\":\"https:\\\/\\\/secure.gravatar.com\\\/avatar\\\/fe0f6a059fb68d9b3e11bc5850dd4899b1c7492091a3cb6dd9b01b56ad828be2?s=96&d=mm&r=g\",\"contentUrl\":\"https:\\\/\\\/secure.gravatar.com\\\/avatar\\\/fe0f6a059fb68d9b3e11bc5850dd4899b1c7492091a3cb6dd9b01b56ad828be2?s=96&d=mm&r=g\",\"caption\":\"Exaudi Redacci\u00f3n\"},\"description\":\"\u00bfQu\u00e9 es Exaudi News? Exaudi News es un medio de comunicaci\u00f3n cat\u00f3lico internacional que informa, forma y transforma, diariamente en espa\u00f1ol, ingl\u00e9s e italiano. A trav\u00e9s de noticias, art\u00edculos de an\u00e1lisis y transmisiones en directo de los eventos del Papa, Exaudi busca fortalecer la unidad de los cristianos y contribuir a la evangelizaci\u00f3n del mundo, siempre guiados por la doctrina social de la Iglesia. Trabajamos para acercar la verdad y los valores cristianos a cada rinc\u00f3n del planeta. \u00a1Ay\u00fadanos a transformar el mundo con Exaudi! En Exaudi creemos que la evangelizaci\u00f3n y la informaci\u00f3n de calidad pueden cambiar vidas. Para continuar con nuestra misi\u00f3n y expandir nuestro alcance, necesitamos tu ayuda. Adem\u00e1s, buscamos personas comprometidas que deseen unirse a nuestro equipo. Con tu apoyo, lograremos llegar a m\u00e1s personas, difundir el mensaje de Cristo y reforzar la unidad de los cristianos. \u00bfTe unes a nuestra misi\u00f3n? Para m\u00e1s informaci\u00f3n sobre c\u00f3mo colaborar, visita Exaudi.org\\\/es o cont\u00e1ctanos directamente: info@exaudi.org Exaudi: Informa, forma y transforma.\",\"sameAs\":[\"https:\\\/\\\/www.facebook.com\\\/ExaudiNoticias\\\/\",\"https:\\\/\\\/www.instagram.com\\\/exaudi_noticias\\\/\",\"https:\\\/\\\/x.com\\\/Exaudi_noticias\",\"https:\\\/\\\/www.youtube.com\\\/@exaudicatholicnews\"],\"url\":\"https:\\\/\\\/exaudi.org\\\/es\\\/author\\\/redaccionexaudi\\\/\"}]}<\/script>\n<!-- \/ Yoast SEO plugin. -->","yoast_head_json":{"title":"Carmen Iglesias: \u201cSuprimir la cronolog\u00eda de la asignatura de Historia, los alumnos se quedan sin tiempo ni espacio\u201d &#8211; Exaudi","robots":{"index":"index","follow":"follow","max-snippet":"max-snippet:-1","max-image-preview":"max-image-preview:large","max-video-preview":"max-video-preview:-1"},"canonical":"https:\/\/exaudi.org\/es\/carmen-iglesias-al-suprimir-la-cronologia-de-la-asignatura-de-historia-los-alumnos-se-quedan-sin-tiempo-ni-espacio\/","og_locale":"es_ES","og_type":"article","og_title":"Carmen Iglesias: \u201cSuprimir la cronolog\u00eda de la asignatura de Historia, los alumnos se quedan sin tiempo ni espacio\u201d &#8211; Exaudi","og_description":"La directora de la Real Academia de la Historia clausurar\u00e1, el pr\u00f3ximo 6 de mayo, el I Encuentro Iberoamericano de Profesores de Humanidades, en el que tambi\u00e9n participar\u00e1n varios rostros conocidos del mundo de la filosof\u00eda, la psicolog\u00eda, la historia y la literatura, entre ellos, Andreas Schleicher, Fernando Savater, Javier Urra e Isabel San Sebasti\u00e1n. [&hellip;]","og_url":"https:\/\/exaudi.org\/es\/carmen-iglesias-al-suprimir-la-cronologia-de-la-asignatura-de-historia-los-alumnos-se-quedan-sin-tiempo-ni-espacio\/","og_site_name":"Exaudi","article_publisher":"https:\/\/www.facebook.com\/ExaudiNews","article_author":"https:\/\/www.facebook.com\/ExaudiNoticias\/","article_published_time":"2023-04-20T11:47:49+00:00","article_modified_time":"2023-04-20T11:48:19+00:00","og_image":[{"width":800,"height":536,"url":"https:\/\/exaudi.org\/wp-content\/uploads\/2023\/04\/Carmen-Iglesias.jpg","type":"image\/jpeg"}],"author":"Exaudi Redacci\u00f3n","twitter_card":"summary_large_image","twitter_creator":"@Exaudi_noticias","twitter_site":"@Exaudi_News","twitter_misc":{"Escrito por":"Exaudi Redacci\u00f3n","Tiempo de lectura":"4 minutos"},"schema":{"@context":"https:\/\/schema.org","@graph":[{"@type":"Article","@id":"https:\/\/exaudi.org\/es\/carmen-iglesias-al-suprimir-la-cronologia-de-la-asignatura-de-historia-los-alumnos-se-quedan-sin-tiempo-ni-espacio\/#article","isPartOf":{"@id":"https:\/\/exaudi.org\/es\/carmen-iglesias-al-suprimir-la-cronologia-de-la-asignatura-de-historia-los-alumnos-se-quedan-sin-tiempo-ni-espacio\/"},"author":{"name":"Exaudi Redacci\u00f3n","@id":"https:\/\/exaudi.org\/#\/schema\/person\/f5fc8f063065e38742da7afe15f25df7"},"headline":"Carmen Iglesias: \u201cSuprimir la cronolog\u00eda de la asignatura de Historia, los alumnos se quedan sin tiempo ni espacio\u201d","datePublished":"2023-04-20T11:47:49+00:00","dateModified":"2023-04-20T11:48:19+00:00","mainEntityOfPage":{"@id":"https:\/\/exaudi.org\/es\/carmen-iglesias-al-suprimir-la-cronologia-de-la-asignatura-de-historia-los-alumnos-se-quedan-sin-tiempo-ni-espacio\/"},"wordCount":932,"image":{"@id":"https:\/\/exaudi.org\/es\/carmen-iglesias-al-suprimir-la-cronologia-de-la-asignatura-de-historia-los-alumnos-se-quedan-sin-tiempo-ni-espacio\/#primaryimage"},"thumbnailUrl":"https:\/\/exaudi.org\/wp-content\/uploads\/2023\/04\/Carmen-Iglesias.jpg","keywords":["CaixaForum","I encuentro iberoamericano de profesores Humanidades","MAGISTERIO","Profesores de Humanidades","Real Academia de la Historia","Siena Educaci\u00f3n","Trending"],"articleSection":["Iglesia y Mundo"],"inLanguage":"es"},{"@type":"WebPage","@id":"https:\/\/exaudi.org\/es\/carmen-iglesias-al-suprimir-la-cronologia-de-la-asignatura-de-historia-los-alumnos-se-quedan-sin-tiempo-ni-espacio\/","url":"https:\/\/exaudi.org\/es\/carmen-iglesias-al-suprimir-la-cronologia-de-la-asignatura-de-historia-los-alumnos-se-quedan-sin-tiempo-ni-espacio\/","name":"Carmen Iglesias: \u201cSuprimir la cronolog\u00eda de la asignatura de Historia, los alumnos se quedan sin tiempo ni espacio\u201d &#8211; Exaudi","isPartOf":{"@id":"https:\/\/exaudi.org\/#website"},"primaryImageOfPage":{"@id":"https:\/\/exaudi.org\/es\/carmen-iglesias-al-suprimir-la-cronologia-de-la-asignatura-de-historia-los-alumnos-se-quedan-sin-tiempo-ni-espacio\/#primaryimage"},"image":{"@id":"https:\/\/exaudi.org\/es\/carmen-iglesias-al-suprimir-la-cronologia-de-la-asignatura-de-historia-los-alumnos-se-quedan-sin-tiempo-ni-espacio\/#primaryimage"},"thumbnailUrl":"https:\/\/exaudi.org\/wp-content\/uploads\/2023\/04\/Carmen-Iglesias.jpg","datePublished":"2023-04-20T11:47:49+00:00","dateModified":"2023-04-20T11:48:19+00:00","author":{"@id":"https:\/\/exaudi.org\/#\/schema\/person\/f5fc8f063065e38742da7afe15f25df7"},"breadcrumb":{"@id":"https:\/\/exaudi.org\/es\/carmen-iglesias-al-suprimir-la-cronologia-de-la-asignatura-de-historia-los-alumnos-se-quedan-sin-tiempo-ni-espacio\/#breadcrumb"},"inLanguage":"es","potentialAction":[{"@type":"ReadAction","target":["https:\/\/exaudi.org\/es\/carmen-iglesias-al-suprimir-la-cronologia-de-la-asignatura-de-historia-los-alumnos-se-quedan-sin-tiempo-ni-espacio\/"]}]},{"@type":"ImageObject","inLanguage":"es","@id":"https:\/\/exaudi.org\/es\/carmen-iglesias-al-suprimir-la-cronologia-de-la-asignatura-de-historia-los-alumnos-se-quedan-sin-tiempo-ni-espacio\/#primaryimage","url":"https:\/\/exaudi.org\/wp-content\/uploads\/2023\/04\/Carmen-Iglesias.jpg","contentUrl":"https:\/\/exaudi.org\/wp-content\/uploads\/2023\/04\/Carmen-Iglesias.jpg","width":800,"height":536},{"@type":"BreadcrumbList","@id":"https:\/\/exaudi.org\/es\/carmen-iglesias-al-suprimir-la-cronologia-de-la-asignatura-de-historia-los-alumnos-se-quedan-sin-tiempo-ni-espacio\/#breadcrumb","itemListElement":[{"@type":"ListItem","position":1,"name":"Portada","item":"https:\/\/exaudi.org\/es\/"},{"@type":"ListItem","position":2,"name":"Carmen Iglesias: \u201cSuprimir la cronolog\u00eda de la asignatura de Historia, los alumnos se quedan sin tiempo ni espacio\u201d"}]},{"@type":"WebSite","@id":"https:\/\/exaudi.org\/#website","url":"https:\/\/exaudi.org\/","name":"Exaudi","description":"News","potentialAction":[{"@type":"SearchAction","target":{"@type":"EntryPoint","urlTemplate":"https:\/\/exaudi.org\/?s={search_term_string}"},"query-input":{"@type":"PropertyValueSpecification","valueRequired":true,"valueName":"search_term_string"}}],"inLanguage":"es"},{"@type":"Person","@id":"https:\/\/exaudi.org\/#\/schema\/person\/f5fc8f063065e38742da7afe15f25df7","name":"Exaudi Redacci\u00f3n","image":{"@type":"ImageObject","inLanguage":"es","@id":"https:\/\/secure.gravatar.com\/avatar\/fe0f6a059fb68d9b3e11bc5850dd4899b1c7492091a3cb6dd9b01b56ad828be2?s=96&d=mm&r=g","url":"https:\/\/secure.gravatar.com\/avatar\/fe0f6a059fb68d9b3e11bc5850dd4899b1c7492091a3cb6dd9b01b56ad828be2?s=96&d=mm&r=g","contentUrl":"https:\/\/secure.gravatar.com\/avatar\/fe0f6a059fb68d9b3e11bc5850dd4899b1c7492091a3cb6dd9b01b56ad828be2?s=96&d=mm&r=g","caption":"Exaudi Redacci\u00f3n"},"description":"\u00bfQu\u00e9 es Exaudi News? Exaudi News es un medio de comunicaci\u00f3n cat\u00f3lico internacional que informa, forma y transforma, diariamente en espa\u00f1ol, ingl\u00e9s e italiano. A trav\u00e9s de noticias, art\u00edculos de an\u00e1lisis y transmisiones en directo de los eventos del Papa, Exaudi busca fortalecer la unidad de los cristianos y contribuir a la evangelizaci\u00f3n del mundo, siempre guiados por la doctrina social de la Iglesia. Trabajamos para acercar la verdad y los valores cristianos a cada rinc\u00f3n del planeta. \u00a1Ay\u00fadanos a transformar el mundo con Exaudi! En Exaudi creemos que la evangelizaci\u00f3n y la informaci\u00f3n de calidad pueden cambiar vidas. Para continuar con nuestra misi\u00f3n y expandir nuestro alcance, necesitamos tu ayuda. Adem\u00e1s, buscamos personas comprometidas que deseen unirse a nuestro equipo. Con tu apoyo, lograremos llegar a m\u00e1s personas, difundir el mensaje de Cristo y reforzar la unidad de los cristianos. \u00bfTe unes a nuestra misi\u00f3n? Para m\u00e1s informaci\u00f3n sobre c\u00f3mo colaborar, visita Exaudi.org\/es o cont\u00e1ctanos directamente: info@exaudi.org Exaudi: Informa, forma y transforma.","sameAs":["https:\/\/www.facebook.com\/ExaudiNoticias\/","https:\/\/www.instagram.com\/exaudi_noticias\/","https:\/\/x.com\/Exaudi_noticias","https:\/\/www.youtube.com\/@exaudicatholicnews"],"url":"https:\/\/exaudi.org\/es\/author\/redaccionexaudi\/"}]}},"jetpack_featured_media_url":"https:\/\/exaudi.org\/wp-content\/uploads\/2023\/04\/Carmen-Iglesias.jpg","jetpack_shortlink":"https:\/\/wp.me\/pgKjF2-jp6","_links":{"self":[{"href":"https:\/\/exaudi.org\/es\/wp-json\/wp\/v2\/posts\/74592","targetHints":{"allow":["GET"]}}],"collection":[{"href":"https:\/\/exaudi.org\/es\/wp-json\/wp\/v2\/posts"}],"about":[{"href":"https:\/\/exaudi.org\/es\/wp-json\/wp\/v2\/types\/post"}],"author":[{"embeddable":true,"href":"https:\/\/exaudi.org\/es\/wp-json\/wp\/v2\/users\/15"}],"replies":[{"embeddable":true,"href":"https:\/\/exaudi.org\/es\/wp-json\/wp\/v2\/comments?post=74592"}],"version-history":[{"count":0,"href":"https:\/\/exaudi.org\/es\/wp-json\/wp\/v2\/posts\/74592\/revisions"}],"wp:featuredmedia":[{"embeddable":true,"href":"https:\/\/exaudi.org\/es\/wp-json\/wp\/v2\/media\/74593"}],"wp:attachment":[{"href":"https:\/\/exaudi.org\/es\/wp-json\/wp\/v2\/media?parent=74592"}],"wp:term":[{"taxonomy":"category","embeddable":true,"href":"https:\/\/exaudi.org\/es\/wp-json\/wp\/v2\/categories?post=74592"},{"taxonomy":"post_tag","embeddable":true,"href":"https:\/\/exaudi.org\/es\/wp-json\/wp\/v2\/tags?post=74592"}],"curies":[{"name":"wp","href":"https:\/\/api.w.org\/{rel}","templated":true}]}}