{"id":74585,"date":"2023-04-24T09:00:06","date_gmt":"2023-04-24T07:00:06","guid":{"rendered":"https:\/\/exaudi.org\/?p=74585"},"modified":"2023-04-20T11:28:56","modified_gmt":"2023-04-20T09:28:56","slug":"amen-o-las-periferias-existenciales","status":"publish","type":"post","link":"https:\/\/exaudi.org\/es\/amen-o-las-periferias-existenciales\/","title":{"rendered":"Am\u00e9n o las periferias existenciales"},"content":{"rendered":"<audio class=\"wp-audio-shortcode\" id=\"audio-74585-1\" preload=\"none\" style=\"width: 100%;\" controls=\"controls\"><source type=\"audio\/mpeg\" src=\"https:\/\/exaudi.org\/wp-content\/uploads\/2023\/04\/Amen-o-las-periferias-existenciales-La-mirada-de.mp3?_=1\" \/><a href=\"https:\/\/exaudi.org\/wp-content\/uploads\/2023\/04\/Amen-o-las-periferias-existenciales-La-mirada-de.mp3\">https:\/\/exaudi.org\/wp-content\/uploads\/2023\/04\/Amen-o-las-periferias-existenciales-La-mirada-de.mp3<\/a><\/audio>\n<p>Mucho se ha escrito ya sobre el documental \u201cAM\u00c9N\u201d. He aqu\u00ed una nueva contribuci\u00f3n, que aspira a redescubrir el estilo del Papa y a valorar su oportunidad en el momento presente, as\u00ed como su coherencia con la herencia bimilenaria de la Iglesia. Sabiendo que es un ambicioso proyecto en breve espacio, nos lanzamos a la aventura.<\/p>\n<p>Francisco en \u201cAM\u00c9N\u201d est\u00e1 siendo coherente con su planteamiento de fondo pastoral: es necesario ir a las periferias, a las periferias existenciales. El director y el guionista del documental se las llevaron ah\u00ed, a su presencia. El Papa fue al encuentro de las periferias existenciales. Es importante subrayarlo: no se trataba de una muestra aleatoria de la sociedad tal y como est\u00e1 \u2013a la fecha no he conocido a nadie que me diga \u201csoy no binario\u201d-, sino de las periferias de esta sociedad, es decir, los extremos.<\/p>\n<p>Ese ejercicio es muy importante, porque muchos de nosotros, al tratar de evangelizar, nos hemos encontrado con esos extremos. Personalmente, quitando al caso del chico\/a no-binaria, me he encontrado con todos los otros ejemplos que ofrece el documental, experimentando muchas veces el muro que supone intentar dialogar con ellos, tender puentes, crear empat\u00eda. Por eso, pienso que lo que ha hecho el Papa es una \u201clecci\u00f3n magistral\u201d de \u201ccatequesis extrema.\u201d Y ya en s\u00ed eso le otorga un valor importante al documental.<\/p>\n<p>Algunos de los comentarios que han salido, en medios cat\u00f3licos, van por la l\u00ednea de que al Papa le han puesto un cuatro. Efectivamente, la intenci\u00f3n de los realizadores, y la ideolog\u00eda que est\u00e1 detr\u00e1s de la empresa productora del programa, no era \u201cevangelizar\u201d, ni siquiera \u201chacerle publicidad a Francisco\u201d; sino servirse del Papa para transmitir una idea: relativismo, todo da igual, lo importante es el amor, pero vac\u00edo de contenido, el amor puede representar lo que cada quien quiera, en la m\u00e1s f\u00e9rrea ortodoxia de la Revoluci\u00f3n Sexual. Eso resulta evidente. Pero, personalmente, pienso que Francisco no \u201cse chupa el dedo.\u201d Sabe a lo que va: \u201cla piel de Judas\u201d les dice al principio, medio en broma, medio en serio. Como dir\u00eda un cierto refr\u00e1n popular, \u201ca colmillo, colmillo y medio.\u201d Pienso que Francisco tiene ese \u201ccolmillo y medio\u201d para \u201cjalar agua a su molino.\u201d<\/p>\n<p>En efecto, Francisco demuele la idea \u2013tan difundida entre los j\u00f3venes- de que la Iglesia est\u00e1 cerrada en s\u00ed misma, escondida detr\u00e1s de un muro impenetrable de doctrina incomprensible y obsoleta. Al contrario, la muestra como un interlocutor v\u00e1lido en la vor\u00e1gine del pensamiento y la cultura contempor\u00e1neos. As\u00ed, la voz de Mar\u00eda, la chica cat\u00f3lica, se deja o\u00edr en medio del mundo, la proclamaci\u00f3n p\u00fablica, de una chica joven, de sentirse amada por Jesucristo, y de que eso llena su vida. Muy qu\u00e9 le pese al director y al guionista, al final le han dado carta de naturalidad a una forma de vivir cristiana, comprometida, en medio del mundo.<\/p>\n<p>El documental tambi\u00e9n ha mostrado, valientemente, las \u201cLlagas de la Iglesia\u201d en expresi\u00f3n de Rosmini: la constante migraci\u00f3n a iglesias evang\u00e9licas, la existencia de cat\u00f3licos que apoyan al aborto, la realidad de las defecciones al estado religioso, la existencia de la pedofilia\u2026 Es una radiograf\u00eda de la situaci\u00f3n de la Iglesia hecha por un agente externo a ella. El Papa no se esconde, no huye, no se excusa: da la cara. Es la realidad de la Iglesia el d\u00eda de hoy, as\u00ed est\u00e1 nuestra Madre la Iglesia a la que debemos curar y purificar con la gracia del Esp\u00edritu Santo.<\/p>\n<p>\u00bfEs correcta la respuesta de Francisco? A m\u00ed me parece que marca una l\u00ednea, no la \u00fanica, no exclusiva, no necesaria, pero una l\u00ednea v\u00e1lida, la suya. Es decir, personalmente quiz\u00e1 le habr\u00eda dicho a la chica que practica porno: \u201cest\u00e1s mal, tu alma peligra\u201d, o quiz\u00e1 al no-binario: \u201cno es verdad, t\u00fa tienes cromosomas XX o XY\u201d. Pero eso es caer en pol\u00e9micas est\u00e9riles y cerrarse al di\u00e1logo. La mirada de Francisco es acompa\u00f1ar, comprender, dejar la puerta abierta al di\u00e1logo, y darle as\u00ed una oportunidad a la gracia y al tiempo, para que se curen las heridas y se vaya descubriendo la verdad.<\/p>\n","protected":false},"excerpt":{"rendered":"<p>La mirada de Francisco es acompa\u00f1ar, comprender, dejar la puerta abierta al di\u00e1logo<\/p>\n","protected":false},"author":116,"featured_media":74586,"comment_status":"closed","ping_status":"closed","sticky":false,"template":"","format":"standard","meta":{"_acf_changed":false,"_crdt_document":"","inline_featured_image":false,"footnotes":""},"categories":[130],"tags":[1121,8811,8812,1855,158,4953],"class_list":["post-74585","post","type-post","status-publish","format-standard","has-post-thumbnail","hentry","category-voces","tag-aborto","tag-amen","tag-disney","tag-jovenes","tag-papa-francisco","tag-trending-es"],"acf":[],"yoast_head":"<!-- This site is optimized with the Yoast SEO plugin v27.4 - https:\/\/yoast.com\/product\/yoast-seo-wordpress\/ -->\n<title>Am\u00e9n o las periferias existenciales &#8211; Exaudi<\/title>\n<meta name=\"robots\" content=\"index, follow, max-snippet:-1, max-image-preview:large, max-video-preview:-1\" \/>\n<link rel=\"canonical\" href=\"https:\/\/exaudi.org\/es\/amen-o-las-periferias-existenciales\/\" \/>\n<meta property=\"og:locale\" content=\"es_ES\" \/>\n<meta property=\"og:type\" content=\"article\" \/>\n<meta property=\"og:title\" content=\"Am\u00e9n o las periferias existenciales &#8211; Exaudi\" \/>\n<meta property=\"og:description\" content=\"La mirada de Francisco es acompa\u00f1ar, comprender, dejar la puerta abierta al di\u00e1logo\" \/>\n<meta property=\"og:url\" content=\"https:\/\/exaudi.org\/es\/amen-o-las-periferias-existenciales\/\" \/>\n<meta property=\"og:site_name\" content=\"Exaudi\" \/>\n<meta property=\"article:publisher\" content=\"https:\/\/www.facebook.com\/ExaudiNews\" \/>\n<meta property=\"article:published_time\" content=\"2023-04-24T07:00:06+00:00\" \/>\n<meta property=\"og:image\" content=\"https:\/\/exaudi.org\/wp-content\/uploads\/2023\/04\/Sin-titulo-1.jpg\" \/>\n\t<meta property=\"og:image:width\" content=\"633\" \/>\n\t<meta property=\"og:image:height\" content=\"372\" \/>\n\t<meta property=\"og:image:type\" content=\"image\/jpeg\" \/>\n<meta name=\"author\" content=\"Salvador Fabre\" \/>\n<meta name=\"twitter:card\" content=\"summary_large_image\" \/>\n<meta name=\"twitter:creator\" content=\"@Exaudi_News\" \/>\n<meta name=\"twitter:site\" content=\"@Exaudi_News\" \/>\n<meta name=\"twitter:label1\" content=\"Escrito por\" \/>\n\t<meta name=\"twitter:data1\" content=\"Salvador Fabre\" \/>\n\t<meta name=\"twitter:label2\" content=\"Tiempo de lectura\" \/>\n\t<meta name=\"twitter:data2\" content=\"4 minutos\" \/>\n<script type=\"application\/ld+json\" class=\"yoast-schema-graph\">{\"@context\":\"https:\\\/\\\/schema.org\",\"@graph\":[{\"@type\":\"Article\",\"@id\":\"https:\\\/\\\/exaudi.org\\\/es\\\/amen-o-las-periferias-existenciales\\\/#article\",\"isPartOf\":{\"@id\":\"https:\\\/\\\/exaudi.org\\\/es\\\/amen-o-las-periferias-existenciales\\\/\"},\"author\":{\"name\":\"Salvador Fabre\",\"@id\":\"https:\\\/\\\/exaudi.org\\\/#\\\/schema\\\/person\\\/29b1dbd9f3952eecacfc704ca1a473a8\"},\"headline\":\"Am\u00e9n o las periferias existenciales\",\"datePublished\":\"2023-04-24T07:00:06+00:00\",\"mainEntityOfPage\":{\"@id\":\"https:\\\/\\\/exaudi.org\\\/es\\\/amen-o-las-periferias-existenciales\\\/\"},\"wordCount\":749,\"image\":{\"@id\":\"https:\\\/\\\/exaudi.org\\\/es\\\/amen-o-las-periferias-existenciales\\\/#primaryimage\"},\"thumbnailUrl\":\"https:\\\/\\\/exaudi.org\\\/wp-content\\\/uploads\\\/2023\\\/04\\\/Sin-titulo-1.jpg\",\"keywords\":[\"Aborto\",\"Amen\",\"Disney +\",\"J\u00f3venes\",\"papa francisco\",\"Trending\"],\"articleSection\":[\"Voces\"],\"inLanguage\":\"es\"},{\"@type\":\"WebPage\",\"@id\":\"https:\\\/\\\/exaudi.org\\\/es\\\/amen-o-las-periferias-existenciales\\\/\",\"url\":\"https:\\\/\\\/exaudi.org\\\/es\\\/amen-o-las-periferias-existenciales\\\/\",\"name\":\"Am\u00e9n o las periferias existenciales &#8211; Exaudi\",\"isPartOf\":{\"@id\":\"https:\\\/\\\/exaudi.org\\\/#website\"},\"primaryImageOfPage\":{\"@id\":\"https:\\\/\\\/exaudi.org\\\/es\\\/amen-o-las-periferias-existenciales\\\/#primaryimage\"},\"image\":{\"@id\":\"https:\\\/\\\/exaudi.org\\\/es\\\/amen-o-las-periferias-existenciales\\\/#primaryimage\"},\"thumbnailUrl\":\"https:\\\/\\\/exaudi.org\\\/wp-content\\\/uploads\\\/2023\\\/04\\\/Sin-titulo-1.jpg\",\"datePublished\":\"2023-04-24T07:00:06+00:00\",\"author\":{\"@id\":\"https:\\\/\\\/exaudi.org\\\/#\\\/schema\\\/person\\\/29b1dbd9f3952eecacfc704ca1a473a8\"},\"breadcrumb\":{\"@id\":\"https:\\\/\\\/exaudi.org\\\/es\\\/amen-o-las-periferias-existenciales\\\/#breadcrumb\"},\"inLanguage\":\"es\",\"potentialAction\":[{\"@type\":\"ReadAction\",\"target\":[\"https:\\\/\\\/exaudi.org\\\/es\\\/amen-o-las-periferias-existenciales\\\/\"]}]},{\"@type\":\"ImageObject\",\"inLanguage\":\"es\",\"@id\":\"https:\\\/\\\/exaudi.org\\\/es\\\/amen-o-las-periferias-existenciales\\\/#primaryimage\",\"url\":\"https:\\\/\\\/exaudi.org\\\/wp-content\\\/uploads\\\/2023\\\/04\\\/Sin-titulo-1.jpg\",\"contentUrl\":\"https:\\\/\\\/exaudi.org\\\/wp-content\\\/uploads\\\/2023\\\/04\\\/Sin-titulo-1.jpg\",\"width\":633,\"height\":372},{\"@type\":\"BreadcrumbList\",\"@id\":\"https:\\\/\\\/exaudi.org\\\/es\\\/amen-o-las-periferias-existenciales\\\/#breadcrumb\",\"itemListElement\":[{\"@type\":\"ListItem\",\"position\":1,\"name\":\"Portada\",\"item\":\"https:\\\/\\\/exaudi.org\\\/es\\\/\"},{\"@type\":\"ListItem\",\"position\":2,\"name\":\"Am\u00e9n o las periferias existenciales\"}]},{\"@type\":\"WebSite\",\"@id\":\"https:\\\/\\\/exaudi.org\\\/#website\",\"url\":\"https:\\\/\\\/exaudi.org\\\/\",\"name\":\"Exaudi\",\"description\":\"News\",\"potentialAction\":[{\"@type\":\"SearchAction\",\"target\":{\"@type\":\"EntryPoint\",\"urlTemplate\":\"https:\\\/\\\/exaudi.org\\\/?s={search_term_string}\"},\"query-input\":{\"@type\":\"PropertyValueSpecification\",\"valueRequired\":true,\"valueName\":\"search_term_string\"}}],\"inLanguage\":\"es\"},{\"@type\":\"Person\",\"@id\":\"https:\\\/\\\/exaudi.org\\\/#\\\/schema\\\/person\\\/29b1dbd9f3952eecacfc704ca1a473a8\",\"name\":\"Salvador Fabre\",\"image\":{\"@type\":\"ImageObject\",\"inLanguage\":\"es\",\"@id\":\"https:\\\/\\\/secure.gravatar.com\\\/avatar\\\/8d1a5a78ba86b9a8255e1c5b454943b9168b1dc31a275487309b73b631a7ac5d?s=96&d=mm&r=g\",\"url\":\"https:\\\/\\\/secure.gravatar.com\\\/avatar\\\/8d1a5a78ba86b9a8255e1c5b454943b9168b1dc31a275487309b73b631a7ac5d?s=96&d=mm&r=g\",\"contentUrl\":\"https:\\\/\\\/secure.gravatar.com\\\/avatar\\\/8d1a5a78ba86b9a8255e1c5b454943b9168b1dc31a275487309b73b631a7ac5d?s=96&d=mm&r=g\",\"caption\":\"Salvador Fabre\"},\"description\":\"Doctor en filosof\u00eda - Pensar en Cristiano\",\"url\":\"https:\\\/\\\/exaudi.org\\\/es\\\/author\\\/dr-salvador-fabre\\\/\"}]}<\/script>\n<!-- \/ Yoast SEO plugin. -->","yoast_head_json":{"title":"Am\u00e9n o las periferias existenciales &#8211; Exaudi","robots":{"index":"index","follow":"follow","max-snippet":"max-snippet:-1","max-image-preview":"max-image-preview:large","max-video-preview":"max-video-preview:-1"},"canonical":"https:\/\/exaudi.org\/es\/amen-o-las-periferias-existenciales\/","og_locale":"es_ES","og_type":"article","og_title":"Am\u00e9n o las periferias existenciales &#8211; Exaudi","og_description":"La mirada de Francisco es acompa\u00f1ar, comprender, dejar la puerta abierta al di\u00e1logo","og_url":"https:\/\/exaudi.org\/es\/amen-o-las-periferias-existenciales\/","og_site_name":"Exaudi","article_publisher":"https:\/\/www.facebook.com\/ExaudiNews","article_published_time":"2023-04-24T07:00:06+00:00","og_image":[{"width":633,"height":372,"url":"https:\/\/exaudi.org\/wp-content\/uploads\/2023\/04\/Sin-titulo-1.jpg","type":"image\/jpeg"}],"author":"Salvador Fabre","twitter_card":"summary_large_image","twitter_creator":"@Exaudi_News","twitter_site":"@Exaudi_News","twitter_misc":{"Escrito por":"Salvador Fabre","Tiempo de lectura":"4 minutos"},"schema":{"@context":"https:\/\/schema.org","@graph":[{"@type":"Article","@id":"https:\/\/exaudi.org\/es\/amen-o-las-periferias-existenciales\/#article","isPartOf":{"@id":"https:\/\/exaudi.org\/es\/amen-o-las-periferias-existenciales\/"},"author":{"name":"Salvador Fabre","@id":"https:\/\/exaudi.org\/#\/schema\/person\/29b1dbd9f3952eecacfc704ca1a473a8"},"headline":"Am\u00e9n o las periferias existenciales","datePublished":"2023-04-24T07:00:06+00:00","mainEntityOfPage":{"@id":"https:\/\/exaudi.org\/es\/amen-o-las-periferias-existenciales\/"},"wordCount":749,"image":{"@id":"https:\/\/exaudi.org\/es\/amen-o-las-periferias-existenciales\/#primaryimage"},"thumbnailUrl":"https:\/\/exaudi.org\/wp-content\/uploads\/2023\/04\/Sin-titulo-1.jpg","keywords":["Aborto","Amen","Disney +","J\u00f3venes","papa francisco","Trending"],"articleSection":["Voces"],"inLanguage":"es"},{"@type":"WebPage","@id":"https:\/\/exaudi.org\/es\/amen-o-las-periferias-existenciales\/","url":"https:\/\/exaudi.org\/es\/amen-o-las-periferias-existenciales\/","name":"Am\u00e9n o las periferias existenciales &#8211; Exaudi","isPartOf":{"@id":"https:\/\/exaudi.org\/#website"},"primaryImageOfPage":{"@id":"https:\/\/exaudi.org\/es\/amen-o-las-periferias-existenciales\/#primaryimage"},"image":{"@id":"https:\/\/exaudi.org\/es\/amen-o-las-periferias-existenciales\/#primaryimage"},"thumbnailUrl":"https:\/\/exaudi.org\/wp-content\/uploads\/2023\/04\/Sin-titulo-1.jpg","datePublished":"2023-04-24T07:00:06+00:00","author":{"@id":"https:\/\/exaudi.org\/#\/schema\/person\/29b1dbd9f3952eecacfc704ca1a473a8"},"breadcrumb":{"@id":"https:\/\/exaudi.org\/es\/amen-o-las-periferias-existenciales\/#breadcrumb"},"inLanguage":"es","potentialAction":[{"@type":"ReadAction","target":["https:\/\/exaudi.org\/es\/amen-o-las-periferias-existenciales\/"]}]},{"@type":"ImageObject","inLanguage":"es","@id":"https:\/\/exaudi.org\/es\/amen-o-las-periferias-existenciales\/#primaryimage","url":"https:\/\/exaudi.org\/wp-content\/uploads\/2023\/04\/Sin-titulo-1.jpg","contentUrl":"https:\/\/exaudi.org\/wp-content\/uploads\/2023\/04\/Sin-titulo-1.jpg","width":633,"height":372},{"@type":"BreadcrumbList","@id":"https:\/\/exaudi.org\/es\/amen-o-las-periferias-existenciales\/#breadcrumb","itemListElement":[{"@type":"ListItem","position":1,"name":"Portada","item":"https:\/\/exaudi.org\/es\/"},{"@type":"ListItem","position":2,"name":"Am\u00e9n o las periferias existenciales"}]},{"@type":"WebSite","@id":"https:\/\/exaudi.org\/#website","url":"https:\/\/exaudi.org\/","name":"Exaudi","description":"News","potentialAction":[{"@type":"SearchAction","target":{"@type":"EntryPoint","urlTemplate":"https:\/\/exaudi.org\/?s={search_term_string}"},"query-input":{"@type":"PropertyValueSpecification","valueRequired":true,"valueName":"search_term_string"}}],"inLanguage":"es"},{"@type":"Person","@id":"https:\/\/exaudi.org\/#\/schema\/person\/29b1dbd9f3952eecacfc704ca1a473a8","name":"Salvador Fabre","image":{"@type":"ImageObject","inLanguage":"es","@id":"https:\/\/secure.gravatar.com\/avatar\/8d1a5a78ba86b9a8255e1c5b454943b9168b1dc31a275487309b73b631a7ac5d?s=96&d=mm&r=g","url":"https:\/\/secure.gravatar.com\/avatar\/8d1a5a78ba86b9a8255e1c5b454943b9168b1dc31a275487309b73b631a7ac5d?s=96&d=mm&r=g","contentUrl":"https:\/\/secure.gravatar.com\/avatar\/8d1a5a78ba86b9a8255e1c5b454943b9168b1dc31a275487309b73b631a7ac5d?s=96&d=mm&r=g","caption":"Salvador Fabre"},"description":"Doctor en filosof\u00eda - Pensar en Cristiano","url":"https:\/\/exaudi.org\/es\/author\/dr-salvador-fabre\/"}]}},"jetpack_featured_media_url":"https:\/\/exaudi.org\/wp-content\/uploads\/2023\/04\/Sin-titulo-1.jpg","jetpack_shortlink":"https:\/\/wp.me\/pgKjF2-joZ","_links":{"self":[{"href":"https:\/\/exaudi.org\/es\/wp-json\/wp\/v2\/posts\/74585","targetHints":{"allow":["GET"]}}],"collection":[{"href":"https:\/\/exaudi.org\/es\/wp-json\/wp\/v2\/posts"}],"about":[{"href":"https:\/\/exaudi.org\/es\/wp-json\/wp\/v2\/types\/post"}],"author":[{"embeddable":true,"href":"https:\/\/exaudi.org\/es\/wp-json\/wp\/v2\/users\/116"}],"replies":[{"embeddable":true,"href":"https:\/\/exaudi.org\/es\/wp-json\/wp\/v2\/comments?post=74585"}],"version-history":[{"count":0,"href":"https:\/\/exaudi.org\/es\/wp-json\/wp\/v2\/posts\/74585\/revisions"}],"wp:featuredmedia":[{"embeddable":true,"href":"https:\/\/exaudi.org\/es\/wp-json\/wp\/v2\/media\/74586"}],"wp:attachment":[{"href":"https:\/\/exaudi.org\/es\/wp-json\/wp\/v2\/media?parent=74585"}],"wp:term":[{"taxonomy":"category","embeddable":true,"href":"https:\/\/exaudi.org\/es\/wp-json\/wp\/v2\/categories?post=74585"},{"taxonomy":"post_tag","embeddable":true,"href":"https:\/\/exaudi.org\/es\/wp-json\/wp\/v2\/tags?post=74585"}],"curies":[{"name":"wp","href":"https:\/\/api.w.org\/{rel}","templated":true}]}}