{"id":74578,"date":"2023-04-20T10:42:44","date_gmt":"2023-04-20T08:42:44","guid":{"rendered":"https:\/\/exaudi.org\/?p=74578"},"modified":"2023-04-20T10:44:03","modified_gmt":"2023-04-20T08:44:03","slug":"el-parlamento-europeo-denunciara-a-hungria-por-la-ley-que-prohibe-el-adoctrinamiento-lgtb-a-los-ninos","status":"publish","type":"post","link":"https:\/\/exaudi.org\/es\/el-parlamento-europeo-denunciara-a-hungria-por-la-ley-que-prohibe-el-adoctrinamiento-lgtb-a-los-ninos\/","title":{"rendered":"Hungr\u00eda denunciada por la ley que proh\u00edbe el adoctrinamiento LGTB a los ni\u00f1os"},"content":{"rendered":"<audio class=\"wp-audio-shortcode\" id=\"audio-74578-1\" preload=\"none\" style=\"width: 100%;\" controls=\"controls\"><source type=\"audio\/mpeg\" src=\"https:\/\/exaudi.org\/wp-content\/uploads\/2023\/04\/El-Parlamento-Europeo-denunciara-a-Hungria-por-la.mp3?_=1\" \/><a href=\"https:\/\/exaudi.org\/wp-content\/uploads\/2023\/04\/El-Parlamento-Europeo-denunciara-a-Hungria-por-la.mp3\">https:\/\/exaudi.org\/wp-content\/uploads\/2023\/04\/El-Parlamento-Europeo-denunciara-a-Hungria-por-la.mp3<\/a><\/audio>\n<p>Quince pa\u00edses de la Uni\u00f3n Europea se han unido a una demanda legal en contra de un proyecto de ley de protecci\u00f3n de la infancia en Hungr\u00eda, que ha sido objeto de cr\u00edticas por su postura en contra de los derechos del colectivo LGTBI. La Comisi\u00f3n Europea present\u00f3 la demanda el a\u00f1o pasado y Espa\u00f1a, B\u00e9lgica, Luxemburgo, Pa\u00edses Bajos, Portugal, Austria, Irlanda, Dinamarca, Malta, Suecia, Finlandia, Eslovenia, Francia, Alemania y Grecia, as\u00ed como el Parlamento Europeo, se unir\u00e1n como terceras partes. El plazo para sumarse a la demanda finaliz\u00f3 el pasado 6 de abril.<\/p>\n<p>La\u00a0<a href=\"https:\/\/www.france24.com\/es\/europa\/20210623-ley-contra-homosexualidad-hungria-union-europea\"><strong>ley h\u00fangara<\/strong><\/a>\u00a0fue promulgada en 2021 por el gobierno de Viktor Orb\u00e1n. Esta ley tiene el objetivo de eliminar las actividades o publicidad que promuevan la educaci\u00f3n sexual, la homosexualidad o el cambio de g\u00e9nero en la etapa escolar, especialmente cuando estas se dirigen a menores de 18 a\u00f1os o se difundan en horario infantil en el \u00e1mbito televisivo.<\/p>\n<p>La presidenta de la Comisi\u00f3n, \u00darsula von der Leyen, describi\u00f3 entonces como \u201cvergonzosa\u201d la ley afirmando que \u201cclaramente discrimina a la gente en base a su orientaci\u00f3n sexual\u201d.<\/p>\n<p>Ante estas afirmaciones, el primer ministro de Hungr\u00eda Viktor Orb\u00e1n\u00a0<a href=\"https:\/\/www.youtube.com\/watch?v=yF1V8sGY9OY\"><strong>afirm\u00f3<\/strong><\/a>: \u201cdefiendo los derechos de los homosexuales, pero esta ley no es sobre eso. Es sobre los derechos de los ni\u00f1os y sus padres. La ley defiende la exclusividad de los padres a la hora de decidir c\u00f3mo quieren educar sexualmente a sus hijos\u201d.<\/p>\n<p>El Ministro de Asuntos Exteriores de Hungr\u00eda, P\u00e9ter Sziij\u00e1rt\u00f3, ha declarado recientemente en una conferencia que \u201cno se trata de una simple decisi\u00f3n gubernamental ni de una decisi\u00f3n parlamentaria, sino que es la voluntad del pueblo, como se expres\u00f3 en un refer\u00e9ndum y no conocemos una decisi\u00f3n de mayor nivel en una democracia. Estaremos del lado de la protecci\u00f3n de la infancia, de la protecci\u00f3n de los ni\u00f1os h\u00fangaros, independientemente de cu\u00e1ntos pa\u00edses se unan a la demanda contra nosotros\u201d.<\/p>\n","protected":false},"excerpt":{"rendered":"<p>El Parlamento Europeo denunciar\u00e1 a Hungr\u00eda<\/p>\n","protected":false},"author":87,"featured_media":74579,"comment_status":"closed","ping_status":"closed","sticky":false,"template":"","format":"standard","meta":{"_acf_changed":false,"_crdt_document":"","inline_featured_image":false,"footnotes":""},"categories":[130],"tags":[728,2870,6265,1196,6422,4953],"class_list":["post-74578","post","type-post","status-publish","format-standard","has-post-thumbnail","hentry","category-voces","tag-bioetica","tag-hungria","tag-lgtb","tag-ninos","tag-transexualidad","tag-trending-es"],"acf":[],"yoast_head":"<!-- This site is optimized with the Yoast SEO plugin v27.5 - https:\/\/yoast.com\/product\/yoast-seo-wordpress\/ -->\n<title>Hungr\u00eda denunciada por la ley que proh\u00edbe el adoctrinamiento LGTB a los ni\u00f1os &#8211; Exaudi<\/title>\n<meta name=\"robots\" content=\"index, follow, max-snippet:-1, max-image-preview:large, max-video-preview:-1\" \/>\n<link rel=\"canonical\" href=\"https:\/\/exaudi.org\/es\/el-parlamento-europeo-denunciara-a-hungria-por-la-ley-que-prohibe-el-adoctrinamiento-lgtb-a-los-ninos\/\" \/>\n<meta property=\"og:locale\" content=\"es_ES\" \/>\n<meta property=\"og:type\" content=\"article\" \/>\n<meta property=\"og:title\" content=\"Hungr\u00eda denunciada por la ley que proh\u00edbe el adoctrinamiento LGTB a los ni\u00f1os &#8211; Exaudi\" \/>\n<meta property=\"og:description\" content=\"El Parlamento Europeo denunciar\u00e1 a Hungr\u00eda\" \/>\n<meta property=\"og:url\" content=\"https:\/\/exaudi.org\/es\/el-parlamento-europeo-denunciara-a-hungria-por-la-ley-que-prohibe-el-adoctrinamiento-lgtb-a-los-ninos\/\" \/>\n<meta property=\"og:site_name\" content=\"Exaudi\" \/>\n<meta property=\"article:publisher\" content=\"https:\/\/www.facebook.com\/ExaudiNews\" \/>\n<meta property=\"article:author\" content=\"https:\/\/www.facebook.com\/observatoriodebioetica\/\" \/>\n<meta property=\"article:published_time\" content=\"2023-04-20T08:42:44+00:00\" \/>\n<meta property=\"article:modified_time\" content=\"2023-04-20T08:44:03+00:00\" \/>\n<meta property=\"og:image\" content=\"https:\/\/exaudi.org\/wp-content\/uploads\/2023\/04\/pexels-jonas-horsch-11682403-scaled.jpg\" \/>\n\t<meta property=\"og:image:width\" content=\"2560\" \/>\n\t<meta property=\"og:image:height\" content=\"1707\" \/>\n\t<meta property=\"og:image:type\" content=\"image\/jpeg\" \/>\n<meta name=\"author\" content=\"Observatorio de Bio\u00e9tica UCV\" \/>\n<meta name=\"twitter:card\" content=\"summary_large_image\" \/>\n<meta name=\"twitter:creator\" content=\"@obioetica\" \/>\n<meta name=\"twitter:site\" content=\"@Exaudi_News\" \/>\n<meta name=\"twitter:label1\" content=\"Escrito por\" \/>\n\t<meta name=\"twitter:data1\" content=\"Observatorio de Bio\u00e9tica UCV\" \/>\n\t<meta name=\"twitter:label2\" content=\"Tiempo de lectura\" \/>\n\t<meta name=\"twitter:data2\" content=\"2 minutos\" \/>\n<script type=\"application\/ld+json\" class=\"yoast-schema-graph\">{\"@context\":\"https:\\\/\\\/schema.org\",\"@graph\":[{\"@type\":\"Article\",\"@id\":\"https:\\\/\\\/exaudi.org\\\/es\\\/el-parlamento-europeo-denunciara-a-hungria-por-la-ley-que-prohibe-el-adoctrinamiento-lgtb-a-los-ninos\\\/#article\",\"isPartOf\":{\"@id\":\"https:\\\/\\\/exaudi.org\\\/es\\\/el-parlamento-europeo-denunciara-a-hungria-por-la-ley-que-prohibe-el-adoctrinamiento-lgtb-a-los-ninos\\\/\"},\"author\":{\"name\":\"Observatorio de Bio\u00e9tica UCV\",\"@id\":\"https:\\\/\\\/exaudi.org\\\/#\\\/schema\\\/person\\\/05d1c06e56ecb5490e9bff0d27026595\"},\"headline\":\"Hungr\u00eda denunciada por la ley que proh\u00edbe el adoctrinamiento LGTB a los ni\u00f1os\",\"datePublished\":\"2023-04-20T08:42:44+00:00\",\"dateModified\":\"2023-04-20T08:44:03+00:00\",\"mainEntityOfPage\":{\"@id\":\"https:\\\/\\\/exaudi.org\\\/es\\\/el-parlamento-europeo-denunciara-a-hungria-por-la-ley-que-prohibe-el-adoctrinamiento-lgtb-a-los-ninos\\\/\"},\"wordCount\":374,\"image\":{\"@id\":\"https:\\\/\\\/exaudi.org\\\/es\\\/el-parlamento-europeo-denunciara-a-hungria-por-la-ley-que-prohibe-el-adoctrinamiento-lgtb-a-los-ninos\\\/#primaryimage\"},\"thumbnailUrl\":\"https:\\\/\\\/exaudi.org\\\/wp-content\\\/uploads\\\/2023\\\/04\\\/pexels-jonas-horsch-11682403-scaled.jpg\",\"keywords\":[\"Bio\u00e9tica\",\"Hungr\u00eda\",\"LGTB\",\"Ni\u00f1os\",\"Transexualidad\",\"Trending\"],\"articleSection\":[\"Voces\"],\"inLanguage\":\"es\"},{\"@type\":\"WebPage\",\"@id\":\"https:\\\/\\\/exaudi.org\\\/es\\\/el-parlamento-europeo-denunciara-a-hungria-por-la-ley-que-prohibe-el-adoctrinamiento-lgtb-a-los-ninos\\\/\",\"url\":\"https:\\\/\\\/exaudi.org\\\/es\\\/el-parlamento-europeo-denunciara-a-hungria-por-la-ley-que-prohibe-el-adoctrinamiento-lgtb-a-los-ninos\\\/\",\"name\":\"Hungr\u00eda denunciada por la ley que proh\u00edbe el adoctrinamiento LGTB a los ni\u00f1os &#8211; Exaudi\",\"isPartOf\":{\"@id\":\"https:\\\/\\\/exaudi.org\\\/#website\"},\"primaryImageOfPage\":{\"@id\":\"https:\\\/\\\/exaudi.org\\\/es\\\/el-parlamento-europeo-denunciara-a-hungria-por-la-ley-que-prohibe-el-adoctrinamiento-lgtb-a-los-ninos\\\/#primaryimage\"},\"image\":{\"@id\":\"https:\\\/\\\/exaudi.org\\\/es\\\/el-parlamento-europeo-denunciara-a-hungria-por-la-ley-que-prohibe-el-adoctrinamiento-lgtb-a-los-ninos\\\/#primaryimage\"},\"thumbnailUrl\":\"https:\\\/\\\/exaudi.org\\\/wp-content\\\/uploads\\\/2023\\\/04\\\/pexels-jonas-horsch-11682403-scaled.jpg\",\"datePublished\":\"2023-04-20T08:42:44+00:00\",\"dateModified\":\"2023-04-20T08:44:03+00:00\",\"author\":{\"@id\":\"https:\\\/\\\/exaudi.org\\\/#\\\/schema\\\/person\\\/05d1c06e56ecb5490e9bff0d27026595\"},\"breadcrumb\":{\"@id\":\"https:\\\/\\\/exaudi.org\\\/es\\\/el-parlamento-europeo-denunciara-a-hungria-por-la-ley-que-prohibe-el-adoctrinamiento-lgtb-a-los-ninos\\\/#breadcrumb\"},\"inLanguage\":\"es\",\"potentialAction\":[{\"@type\":\"ReadAction\",\"target\":[\"https:\\\/\\\/exaudi.org\\\/es\\\/el-parlamento-europeo-denunciara-a-hungria-por-la-ley-que-prohibe-el-adoctrinamiento-lgtb-a-los-ninos\\\/\"]}]},{\"@type\":\"ImageObject\",\"inLanguage\":\"es\",\"@id\":\"https:\\\/\\\/exaudi.org\\\/es\\\/el-parlamento-europeo-denunciara-a-hungria-por-la-ley-que-prohibe-el-adoctrinamiento-lgtb-a-los-ninos\\\/#primaryimage\",\"url\":\"https:\\\/\\\/exaudi.org\\\/wp-content\\\/uploads\\\/2023\\\/04\\\/pexels-jonas-horsch-11682403-scaled.jpg\",\"contentUrl\":\"https:\\\/\\\/exaudi.org\\\/wp-content\\\/uploads\\\/2023\\\/04\\\/pexels-jonas-horsch-11682403-scaled.jpg\",\"width\":2560,\"height\":1707,\"caption\":\"(C) Pexels\"},{\"@type\":\"BreadcrumbList\",\"@id\":\"https:\\\/\\\/exaudi.org\\\/es\\\/el-parlamento-europeo-denunciara-a-hungria-por-la-ley-que-prohibe-el-adoctrinamiento-lgtb-a-los-ninos\\\/#breadcrumb\",\"itemListElement\":[{\"@type\":\"ListItem\",\"position\":1,\"name\":\"Portada\",\"item\":\"https:\\\/\\\/exaudi.org\\\/es\\\/\"},{\"@type\":\"ListItem\",\"position\":2,\"name\":\"Hungr\u00eda denunciada por la ley que proh\u00edbe el adoctrinamiento LGTB a los ni\u00f1os\"}]},{\"@type\":\"WebSite\",\"@id\":\"https:\\\/\\\/exaudi.org\\\/#website\",\"url\":\"https:\\\/\\\/exaudi.org\\\/\",\"name\":\"Exaudi\",\"description\":\"News\",\"potentialAction\":[{\"@type\":\"SearchAction\",\"target\":{\"@type\":\"EntryPoint\",\"urlTemplate\":\"https:\\\/\\\/exaudi.org\\\/?s={search_term_string}\"},\"query-input\":{\"@type\":\"PropertyValueSpecification\",\"valueRequired\":true,\"valueName\":\"search_term_string\"}}],\"inLanguage\":\"es\"},{\"@type\":\"Person\",\"@id\":\"https:\\\/\\\/exaudi.org\\\/#\\\/schema\\\/person\\\/05d1c06e56ecb5490e9bff0d27026595\",\"name\":\"Observatorio de Bio\u00e9tica UCV\",\"image\":{\"@type\":\"ImageObject\",\"inLanguage\":\"es\",\"@id\":\"https:\\\/\\\/secure.gravatar.com\\\/avatar\\\/086563f59595a89fb0851de25d712a03657b1cdfa8af3c9cd0a1ee122fc5d596?s=96&d=mm&r=g\",\"url\":\"https:\\\/\\\/secure.gravatar.com\\\/avatar\\\/086563f59595a89fb0851de25d712a03657b1cdfa8af3c9cd0a1ee122fc5d596?s=96&d=mm&r=g\",\"contentUrl\":\"https:\\\/\\\/secure.gravatar.com\\\/avatar\\\/086563f59595a89fb0851de25d712a03657b1cdfa8af3c9cd0a1ee122fc5d596?s=96&d=mm&r=g\",\"caption\":\"Observatorio de Bio\u00e9tica UCV\"},\"description\":\"El Observatorio de Bio\u00e9tica se encuentra dentro del Instituto Ciencias de la vida de la Universidad Cat\u00f3lica de Valencia \u201cSan Vicente M\u00e1rtir\u201d . En el trasfondo de sus publicaciones, se defiende la vida humana desde la fecundaci\u00f3n a la muerte natural y la dignidad de la persona, teniendo como objetivo aunar esfuerzos para difundir la cultura de la vida como la define la Evangelium Vitae.\",\"sameAs\":[\"https:\\\/\\\/www.observatoriobioetica.org\\\/\",\"https:\\\/\\\/www.facebook.com\\\/observatoriodebioetica\\\/\",\"https:\\\/\\\/x.com\\\/obioetica\",\"https:\\\/\\\/www.youtube.com\\\/channel\\\/UC_Tr4WS5-TXoNo5e1MdQc7w\"],\"url\":\"https:\\\/\\\/exaudi.org\\\/es\\\/author\\\/observatoriodebioeticaucv\\\/\"}]}<\/script>\n<!-- \/ Yoast SEO plugin. -->","yoast_head_json":{"title":"Hungr\u00eda denunciada por la ley que proh\u00edbe el adoctrinamiento LGTB a los ni\u00f1os &#8211; Exaudi","robots":{"index":"index","follow":"follow","max-snippet":"max-snippet:-1","max-image-preview":"max-image-preview:large","max-video-preview":"max-video-preview:-1"},"canonical":"https:\/\/exaudi.org\/es\/el-parlamento-europeo-denunciara-a-hungria-por-la-ley-que-prohibe-el-adoctrinamiento-lgtb-a-los-ninos\/","og_locale":"es_ES","og_type":"article","og_title":"Hungr\u00eda denunciada por la ley que proh\u00edbe el adoctrinamiento LGTB a los ni\u00f1os &#8211; Exaudi","og_description":"El Parlamento Europeo denunciar\u00e1 a Hungr\u00eda","og_url":"https:\/\/exaudi.org\/es\/el-parlamento-europeo-denunciara-a-hungria-por-la-ley-que-prohibe-el-adoctrinamiento-lgtb-a-los-ninos\/","og_site_name":"Exaudi","article_publisher":"https:\/\/www.facebook.com\/ExaudiNews","article_author":"https:\/\/www.facebook.com\/observatoriodebioetica\/","article_published_time":"2023-04-20T08:42:44+00:00","article_modified_time":"2023-04-20T08:44:03+00:00","og_image":[{"width":2560,"height":1707,"url":"https:\/\/exaudi.org\/wp-content\/uploads\/2023\/04\/pexels-jonas-horsch-11682403-scaled.jpg","type":"image\/jpeg"}],"author":"Observatorio de Bio\u00e9tica UCV","twitter_card":"summary_large_image","twitter_creator":"@obioetica","twitter_site":"@Exaudi_News","twitter_misc":{"Escrito por":"Observatorio de Bio\u00e9tica UCV","Tiempo de lectura":"2 minutos"},"schema":{"@context":"https:\/\/schema.org","@graph":[{"@type":"Article","@id":"https:\/\/exaudi.org\/es\/el-parlamento-europeo-denunciara-a-hungria-por-la-ley-que-prohibe-el-adoctrinamiento-lgtb-a-los-ninos\/#article","isPartOf":{"@id":"https:\/\/exaudi.org\/es\/el-parlamento-europeo-denunciara-a-hungria-por-la-ley-que-prohibe-el-adoctrinamiento-lgtb-a-los-ninos\/"},"author":{"name":"Observatorio de Bio\u00e9tica UCV","@id":"https:\/\/exaudi.org\/#\/schema\/person\/05d1c06e56ecb5490e9bff0d27026595"},"headline":"Hungr\u00eda denunciada por la ley que proh\u00edbe el adoctrinamiento LGTB a los ni\u00f1os","datePublished":"2023-04-20T08:42:44+00:00","dateModified":"2023-04-20T08:44:03+00:00","mainEntityOfPage":{"@id":"https:\/\/exaudi.org\/es\/el-parlamento-europeo-denunciara-a-hungria-por-la-ley-que-prohibe-el-adoctrinamiento-lgtb-a-los-ninos\/"},"wordCount":374,"image":{"@id":"https:\/\/exaudi.org\/es\/el-parlamento-europeo-denunciara-a-hungria-por-la-ley-que-prohibe-el-adoctrinamiento-lgtb-a-los-ninos\/#primaryimage"},"thumbnailUrl":"https:\/\/exaudi.org\/wp-content\/uploads\/2023\/04\/pexels-jonas-horsch-11682403-scaled.jpg","keywords":["Bio\u00e9tica","Hungr\u00eda","LGTB","Ni\u00f1os","Transexualidad","Trending"],"articleSection":["Voces"],"inLanguage":"es"},{"@type":"WebPage","@id":"https:\/\/exaudi.org\/es\/el-parlamento-europeo-denunciara-a-hungria-por-la-ley-que-prohibe-el-adoctrinamiento-lgtb-a-los-ninos\/","url":"https:\/\/exaudi.org\/es\/el-parlamento-europeo-denunciara-a-hungria-por-la-ley-que-prohibe-el-adoctrinamiento-lgtb-a-los-ninos\/","name":"Hungr\u00eda denunciada por la ley que proh\u00edbe el adoctrinamiento LGTB a los ni\u00f1os &#8211; Exaudi","isPartOf":{"@id":"https:\/\/exaudi.org\/#website"},"primaryImageOfPage":{"@id":"https:\/\/exaudi.org\/es\/el-parlamento-europeo-denunciara-a-hungria-por-la-ley-que-prohibe-el-adoctrinamiento-lgtb-a-los-ninos\/#primaryimage"},"image":{"@id":"https:\/\/exaudi.org\/es\/el-parlamento-europeo-denunciara-a-hungria-por-la-ley-que-prohibe-el-adoctrinamiento-lgtb-a-los-ninos\/#primaryimage"},"thumbnailUrl":"https:\/\/exaudi.org\/wp-content\/uploads\/2023\/04\/pexels-jonas-horsch-11682403-scaled.jpg","datePublished":"2023-04-20T08:42:44+00:00","dateModified":"2023-04-20T08:44:03+00:00","author":{"@id":"https:\/\/exaudi.org\/#\/schema\/person\/05d1c06e56ecb5490e9bff0d27026595"},"breadcrumb":{"@id":"https:\/\/exaudi.org\/es\/el-parlamento-europeo-denunciara-a-hungria-por-la-ley-que-prohibe-el-adoctrinamiento-lgtb-a-los-ninos\/#breadcrumb"},"inLanguage":"es","potentialAction":[{"@type":"ReadAction","target":["https:\/\/exaudi.org\/es\/el-parlamento-europeo-denunciara-a-hungria-por-la-ley-que-prohibe-el-adoctrinamiento-lgtb-a-los-ninos\/"]}]},{"@type":"ImageObject","inLanguage":"es","@id":"https:\/\/exaudi.org\/es\/el-parlamento-europeo-denunciara-a-hungria-por-la-ley-que-prohibe-el-adoctrinamiento-lgtb-a-los-ninos\/#primaryimage","url":"https:\/\/exaudi.org\/wp-content\/uploads\/2023\/04\/pexels-jonas-horsch-11682403-scaled.jpg","contentUrl":"https:\/\/exaudi.org\/wp-content\/uploads\/2023\/04\/pexels-jonas-horsch-11682403-scaled.jpg","width":2560,"height":1707,"caption":"(C) Pexels"},{"@type":"BreadcrumbList","@id":"https:\/\/exaudi.org\/es\/el-parlamento-europeo-denunciara-a-hungria-por-la-ley-que-prohibe-el-adoctrinamiento-lgtb-a-los-ninos\/#breadcrumb","itemListElement":[{"@type":"ListItem","position":1,"name":"Portada","item":"https:\/\/exaudi.org\/es\/"},{"@type":"ListItem","position":2,"name":"Hungr\u00eda denunciada por la ley que proh\u00edbe el adoctrinamiento LGTB a los ni\u00f1os"}]},{"@type":"WebSite","@id":"https:\/\/exaudi.org\/#website","url":"https:\/\/exaudi.org\/","name":"Exaudi","description":"News","potentialAction":[{"@type":"SearchAction","target":{"@type":"EntryPoint","urlTemplate":"https:\/\/exaudi.org\/?s={search_term_string}"},"query-input":{"@type":"PropertyValueSpecification","valueRequired":true,"valueName":"search_term_string"}}],"inLanguage":"es"},{"@type":"Person","@id":"https:\/\/exaudi.org\/#\/schema\/person\/05d1c06e56ecb5490e9bff0d27026595","name":"Observatorio de Bio\u00e9tica UCV","image":{"@type":"ImageObject","inLanguage":"es","@id":"https:\/\/secure.gravatar.com\/avatar\/086563f59595a89fb0851de25d712a03657b1cdfa8af3c9cd0a1ee122fc5d596?s=96&d=mm&r=g","url":"https:\/\/secure.gravatar.com\/avatar\/086563f59595a89fb0851de25d712a03657b1cdfa8af3c9cd0a1ee122fc5d596?s=96&d=mm&r=g","contentUrl":"https:\/\/secure.gravatar.com\/avatar\/086563f59595a89fb0851de25d712a03657b1cdfa8af3c9cd0a1ee122fc5d596?s=96&d=mm&r=g","caption":"Observatorio de Bio\u00e9tica UCV"},"description":"El Observatorio de Bio\u00e9tica se encuentra dentro del Instituto Ciencias de la vida de la Universidad Cat\u00f3lica de Valencia \u201cSan Vicente M\u00e1rtir\u201d . En el trasfondo de sus publicaciones, se defiende la vida humana desde la fecundaci\u00f3n a la muerte natural y la dignidad de la persona, teniendo como objetivo aunar esfuerzos para difundir la cultura de la vida como la define la Evangelium Vitae.","sameAs":["https:\/\/www.observatoriobioetica.org\/","https:\/\/www.facebook.com\/observatoriodebioetica\/","https:\/\/x.com\/obioetica","https:\/\/www.youtube.com\/channel\/UC_Tr4WS5-TXoNo5e1MdQc7w"],"url":"https:\/\/exaudi.org\/es\/author\/observatoriodebioeticaucv\/"}]}},"jetpack_featured_media_url":"https:\/\/exaudi.org\/wp-content\/uploads\/2023\/04\/pexels-jonas-horsch-11682403-scaled.jpg","jetpack_shortlink":"https:\/\/wp.me\/pgKjF2-joS","_links":{"self":[{"href":"https:\/\/exaudi.org\/es\/wp-json\/wp\/v2\/posts\/74578","targetHints":{"allow":["GET"]}}],"collection":[{"href":"https:\/\/exaudi.org\/es\/wp-json\/wp\/v2\/posts"}],"about":[{"href":"https:\/\/exaudi.org\/es\/wp-json\/wp\/v2\/types\/post"}],"author":[{"embeddable":true,"href":"https:\/\/exaudi.org\/es\/wp-json\/wp\/v2\/users\/87"}],"replies":[{"embeddable":true,"href":"https:\/\/exaudi.org\/es\/wp-json\/wp\/v2\/comments?post=74578"}],"version-history":[{"count":0,"href":"https:\/\/exaudi.org\/es\/wp-json\/wp\/v2\/posts\/74578\/revisions"}],"wp:featuredmedia":[{"embeddable":true,"href":"https:\/\/exaudi.org\/es\/wp-json\/wp\/v2\/media\/74579"}],"wp:attachment":[{"href":"https:\/\/exaudi.org\/es\/wp-json\/wp\/v2\/media?parent=74578"}],"wp:term":[{"taxonomy":"category","embeddable":true,"href":"https:\/\/exaudi.org\/es\/wp-json\/wp\/v2\/categories?post=74578"},{"taxonomy":"post_tag","embeddable":true,"href":"https:\/\/exaudi.org\/es\/wp-json\/wp\/v2\/tags?post=74578"}],"curies":[{"name":"wp","href":"https:\/\/api.w.org\/{rel}","templated":true}]}}