{"id":74402,"date":"2023-04-19T17:14:02","date_gmt":"2023-04-19T15:14:02","guid":{"rendered":"https:\/\/exaudi.org\/?p=74402"},"modified":"2023-04-19T18:36:51","modified_gmt":"2023-04-19T16:36:51","slug":"no-nos-cansemos-de-ser-sus-testigos-sobre-todo-en-los-momentos-de-tribulacion","status":"publish","type":"post","link":"https:\/\/exaudi.org\/es\/no-nos-cansemos-de-ser-sus-testigos-sobre-todo-en-los-momentos-de-tribulacion\/","title":{"rendered":"\u201cNo nos cansemos de ser sus testigos, sobre todo en los momentos de tribulaci\u00f3n\u201d"},"content":{"rendered":"<audio class=\"wp-audio-shortcode\" id=\"audio-74402-1\" preload=\"none\" style=\"width: 100%;\" controls=\"controls\"><source type=\"audio\/mpeg\" src=\"https:\/\/exaudi.org\/wp-content\/uploads\/2023\/04\/No-nos-cansemos-de-ser-sus-testigos-sobre-todo.mp3?_=1\" \/><a href=\"https:\/\/exaudi.org\/wp-content\/uploads\/2023\/04\/No-nos-cansemos-de-ser-sus-testigos-sobre-todo.mp3\">https:\/\/exaudi.org\/wp-content\/uploads\/2023\/04\/No-nos-cansemos-de-ser-sus-testigos-sobre-todo.mp3<\/a><\/audio>\n<p>La audiencia general de esta ma\u00f1ana 19 de abril de 2023, tiene lugar a las 9.00 horas en la Plaza de San Pedro, donde el Santo Padre Francisco se re\u00fane con grupos de peregrinos y fieles de Italia y de todo el mundo.<\/p>\n<p>En su discurso, el Papa, centra su meditaci\u00f3n sobre el tema: \u201cLa pasi\u00f3n por la evangelizaci\u00f3n: el celo apost\u00f3lico del creyente 11.\u00a0<em>Los testigos: los m\u00e1rtires\u201d<\/em><\/p>\n<p>Tras resumir su catequesis en las distintas lenguas, el Santo Padre dirigi\u00f3 especiales expresiones especiales de saludo a los fieles presentes.<\/p>\n<p>La Audiencia General concluye con el rezo del\u00a0<em>Pater Noster<\/em>\u00a0y la Bendici\u00f3n Apost\u00f3lica.<\/p>\n<p>A continuaci\u00f3n, sigue el texto de la catequesis completa, los saludos y las palabras en espa\u00f1ol del Santo Padre.<\/p>\n<p>***<\/p>\n<h3><strong>Catequesis del Santo Padre<\/strong><\/h3>\n<p><b>Catequesis. La pasi\u00f3n por la evangelizaci\u00f3n: el celo apost\u00f3lico del creyente 11.\u00a0<i>Los testigos: los m\u00e1rtires<\/i><\/b><\/p>\n<p><i>Queridos hermanos y hermanas, \u00a1buenos d\u00edas!<\/i><\/p>\n<p>Hablando de la evangelizaci\u00f3n y hablando del celo apost\u00f3lico, despu\u00e9s de haber considerado el testimonio de san Pablo, verdadero \u201ccampe\u00f3n\u201d de celo apost\u00f3lico, hoy nuestra mirada se dirige no a una \u00fanica figura, sino a la constelaci\u00f3n de los\u00a0<i>m\u00e1rtires<\/i>, hombres y mujeres de todas las edades, lenguas y naciones que han dado la vida por Cristo, que han derramado la sangre por confesar a Cristo. Despu\u00e9s de la generaci\u00f3n de los Ap\u00f3stoles, han sido ellos, por excelencia, los \u201ctestigos\u201d del Evangelio. Los m\u00e1rtires: el primero fue el di\u00e1cono san Esteban, lapidado fuera de las murallas de Jerusal\u00e9n. La palabra \u201cmartirio\u201d deriva del griego\u00a0<i>martyria<\/i>, que significa precisamente\u00a0<i>testimonio<\/i>. \u00a0Un m\u00e1rtir es un testigo, uno que da testimonio hasta derramar la sangre. Sin embargo, enseguida en la Iglesia se us\u00f3 la palabra m\u00e1rtir para indicar a quien daba testimonio hasta el derramamiento de la sangre\u00a0<a class=\" cleaner\" href=\"https:\/\/www.vatican.va\/content\/francesco\/es\/audiences\/2023\/documents\/20230419-udienza-generale.html#_ftn1\" name=\"_ftnref1\">[1]<\/a>. Es decir, en un principio la palabra m\u00e1rtir indicaba el testimonio dado todos los d\u00edas, luego se utiliz\u00f3 para indicar al que da vida con el derramamiento.<\/p>\n<p>Pero, los m\u00e1rtires no deben ser vistos como \u201ch\u00e9roes\u201d que han actuado individualmente, como flores que han brotado en un desierto, sino como frutos maduros y excelentes de la vi\u00f1a del Se\u00f1or, que es la Iglesia. En particular, los cristianos, participando asiduamente a la celebraci\u00f3n de la Eucarist\u00eda, eran conducidos por el Esp\u00edritu a configurar su vida en la base de ese misterio de amor: es decir, sobre el hecho que el Se\u00f1or Jes\u00fas\u00a0<i>hab\u00eda dado su vida por ellos<\/i>\u00a0y, por tanto, tambi\u00e9n ellos pod\u00edan y deb\u00edan\u00a0<i>dar la vida por \u00c9l y por los hermanos<\/i>. Una gran generosidad, el camino de testimonio cristiano. San Agust\u00edn subraya a menudo esta din\u00e1mica de gratitud y de intercambio gratuito del don. Esto es, por ejemplo, lo que \u00e9l predicaba con ocasi\u00f3n de la fiesta de san Lorenzo: \u00abEjerc\u00eda el oficio de di\u00e1cono. All\u00ed administr\u00f3 la sagrada sangre de Cristo y all\u00ed derram\u00f3 la suya por el nombre de Cristo. El misterio de esta cena lo expuso con toda claridad el bienaventurado ap\u00f3stol Juan al decir:\u00a0\u201c<i>Como Cristo entreg\u00f3 su vida por nosotros, as\u00ed tambi\u00e9n nosotros debemos entregarla por nuestros hermanos<\/i>\u201d (1 Jn 3, 16)\u00a0Esto, hermanos, lo entendi\u00f3 san Lorenzo; lo comprendi\u00f3 y lo realiz\u00f3. En efecto, prepar\u00f3 cosas semejantes a las tomadas en aquella mesa. Am\u00f3 a Cristo en su vida y le imit\u00f3 en su muerte\u00bb (<i>Serm\u00f3n<\/i>\u00a0304, 14;\u00a0<i>PL<\/i>\u00a038, 1395-1397). As\u00ed san Agust\u00edn explicaba el dinamismo espiritual que animaba a los m\u00e1rtires. Con estas palabras: los m\u00e1rtires aman a Cristo en su vida y lo imitan en su muerte.<\/p>\n<p>Hoy, queridos hermanos y hermanas, recordamos a todos los m\u00e1rtires que han acompa\u00f1ado la vida de la Iglesia. Estos, como ya dije tantas veces,\u00a0<i>son m\u00e1s numerosos en nuestro tiempo que en los primeros siglos<\/i>. Hoy hay muchos m\u00e1rtires en la Iglesia, muchos, porque por confesar la fe cristiana son expulsados de la sociedad o van a la c\u00e1rcel\u2026 Son muchos. El Concilio Vaticano II nos recuerda que \u00abel martirio, en el que el disc\u00edpulo se asemeja al Maestro, que acept\u00f3 libremente la muerte por la salvaci\u00f3n del mundo, y se conforma a \u00c9l en la efusi\u00f3n de su sangre, es estimado por la Iglesia como un don eximio y la suprema prueba de amor\u00bb (Const.\u00a0<i><a href=\"https:\/\/www.vatican.va\/archive\/hist_councils\/ii_vatican_council\/documents\/vat-ii_const_19641121_lumen-gentium_sp.html\">Lumen gentium<\/a><\/i>, 42). Los m\u00e1rtires, imitando a Jes\u00fas y con su gracia, convierten la violencia de quien rechaza el anuncio en una ocasi\u00f3n suprema de amor, que llega hasta el perd\u00f3n de los propios verdugos. Interesante esto: los m\u00e1rtires perdonan siempre a los verdugos. Esteban, el primer m\u00e1rtir, muri\u00f3 rezando: \u201cSe\u00f1or, perd\u00f3nales, no saben lo que hacen\u201d. Los m\u00e1rtires rezan por los verdugos.<\/p>\n<p>Si bien son solo algunos a los que se les pide el martirio, \u00abtodos deben estar prestos a confesar a Cristo delante de los hombres y a seguirle, por el camino de la cruz, en medio de las persecuciones que nunca faltan a la Iglesia\u00bb (<i><a href=\"https:\/\/www.vatican.va\/archive\/hist_councils\/ii_vatican_council\/documents\/vat-ii_const_19641121_lumen-gentium_sp.html\">ibid<\/a><\/i>., 42). Pero, \u00bfesto de las persecuciones es cosa de entonces? No, no: hoy. Hoy hay persecuciones contra los cristianos en el mundo, muchos, muchos. Son m\u00e1s los m\u00e1rtires de hoy que los de los primeros tiempos. Los m\u00e1rtires nos muestran que todo cristiano est\u00e1 llamado al testimonio de la vida, tambi\u00e9n cuando no llega al derramamiento de la sangre, haciendo de s\u00ed mismo un don a Dios y a los hermanos, imitando a Jes\u00fas.<\/p>\n<p>Y quisiera concluir recordando el testimonio cristiano presente en cada rinc\u00f3n de la tierra. Pienso, por ejemplo, en Yemen, una tierra desde hace muchos a\u00f1os herida por una guerra terrible, olvidada, que ha dejado tantos muertos y que todav\u00eda hoy hace sufrir a tanta gente, especialmente a los ni\u00f1os. Precisamente en esta tierra ha habido testimonios luminosos de fe, como el de las hermanas Misioneras de la Caridad, que han dado la vida all\u00ed. Todav\u00eda hoy est\u00e1n presentes en Yemen, donde ofrecen asistencia a ancianos enfermos y a personas con discapacidad. Algunas de ellas han sufrido el martirio, pero las otras siguen, arriesgan la vida y van adelante. Acogen a todos, de cualquier religi\u00f3n, porque la caridad y la fraternidad no tiene confines. En julio de 1998 Sor Aletta, Sor Zelia y Sor Michael, mientras volv\u00edan a casa despu\u00e9s de la misa fueron asesinadas por un fan\u00e1tico, porque eran cristianas. M\u00e1s recientemente, poco despu\u00e9s del inicio del conflicto todav\u00eda en curso, en marzo de 2016, Sor Anselm, Sor Marguerite, Sor Reginette y Sor Judith fueron asesinadas junto a algunos laicos que las ayudaban en la obra de la caridad entre los \u00faltimos. Son los m\u00e1rtires de nuestro tiempo. Entre estos laicos asesinados, adem\u00e1s de cristianos hab\u00eda fieles musulmanes que trabajaban con las hermanas. Nos conmueve ver c\u00f3mo el testimonio de sangre puede unir personas de religiones diferentes. Nunca se debe asesinar en nombre de Dios, porque para \u00c9l somos todos hermanos y hermanas. Pero juntos se puede dar la vida por los otros.<\/p>\n<p>Recemos para que no nos cansemos de testimoniar el Evangelio tambi\u00e9n en tiempo de tribulaci\u00f3n. Que todos los santos y las santas m\u00e1rtires sean semillas de paz y de reconciliaci\u00f3n entre los pueblos por un mundo m\u00e1s humano y fraterno, esperando que se manifieste en plenitud el Reino de los cielos, cuando Dios ser\u00e1 todo en todos (cfr.\u00a0<i>1 Cor<\/i>\u00a015,28).<\/p>\n<p><a class=\" cleaner\" href=\"https:\/\/www.vatican.va\/content\/francesco\/es\/audiences\/2023\/documents\/20230419-udienza-generale.html#_ftnref1\" name=\"_ftn1\">[1]<\/a>\u00a0Or\u00edgenes,\u00a0<i>In Johannem<\/i>, II, 210: \u00abCualquiera que d\u00e9 testimonio de la verdad, ya sea de palabra o de hecho, o actuando de cualquier modo en su favor, puede leg\u00edtimamente ser llamado testigo. Pero el nombre de testigo (\u00a0<i>martyres<\/i>) en sentido propio, la comunidad de hermanos, sorprendida por la fortaleza de los que lucharon por la verdad o la virtud hasta la muerte, ha tomado la costumbre de reservarlo para los que han testificado el misterio de la verdadera religi\u00f3n con el derramamiento de sangre\u00bb.<\/p>\n<hr align=\"center\" size=\"1\" width=\"70%\" \/>\n<p><b>Saludos:<\/b><\/p>\n<p>Saludo cordialmente a los peregrinos de lengua espa\u00f1ola. Por intercesi\u00f3n de los santos m\u00e1rtires, que proclamaron la fe hasta derramar su sangre, pidamos al Se\u00f1or que no nos cansemos de ser sus testigos, sobre todo en los momentos de tribulaci\u00f3n. Que Jes\u00fas los bendiga y la Virgen Santa los cuide. Muchas gracias.<\/p>\n<hr align=\"center\" size=\"1\" width=\"70%\" \/>\n<p><b>Catequesis del Santo Padre. Resumen le\u00eddo por el Santo Padre en espa\u00f1ol<\/b><\/p>\n<p><i>Queridos hermanos y hermanas:<\/i><\/p>\n<p>En esta catequesis reflexionamos sobre\u00a0<i>los m\u00e1rtires<\/i>\u00a0como testigos del Evangelio. La palabra\u00a0<i>martirio<\/i>\u00a0proviene del griego y significa\u00a0<i>dar testimonio<\/i>. El primer m\u00e1rtir fue Esteban, que muri\u00f3 apedreado por confesar su fe en Cristo. Los m\u00e1rtires, por tanto, son hijos e hijas de la Iglesia \u2014de diversas edades, lugares,<b>\u00a0<\/b>lenguas, naciones\u2014 que han dado la vida por amor a Jes\u00fas.<\/p>\n<p>Y este dinamismo espiritual que impulsaba a los m\u00e1rtires se va configurando en la celebraci\u00f3n de la Eucarist\u00eda. As\u00ed como Cristo nos am\u00f3 y se entreg\u00f3 por todos, quienes participan en la Misa sienten el deseo de responder gratuitamente a este amor con la oblaci\u00f3n de la propia vida.<\/p>\n<p>Quisiera recordar que tambi\u00e9n hoy, en diversas partes del mundo, sigue habiendo numerosos m\u00e1rtires que, a imitaci\u00f3n de Jes\u00fas y con su gracia, aun en medio de la violencia y de la persecuci\u00f3n, dan la mayor prueba de amor, ofreciendo su vida y llegando a perdonar a sus propios enemigos.<\/p>\n","protected":false},"excerpt":{"rendered":"<p>Catequesis del santo Padre<\/p>\n","protected":false},"author":15,"featured_media":63392,"comment_status":"closed","ping_status":"closed","sticky":false,"template":"","format":"standard","meta":{"_acf_changed":false,"_crdt_document":"","inline_featured_image":false,"footnotes":""},"categories":[112,68],"tags":[179,182,1019,2419,158],"class_list":["post-74402","post","type-post","status-publish","format-standard","has-post-thumbnail","hentry","category-audiencia-general","category-leon-xiv","tag-audiencia-general","tag-catequesis","tag-evangelizacion","tag-featured","tag-papa-francisco"],"acf":[],"yoast_head":"<!-- This site is optimized with the Yoast SEO plugin v27.5 - https:\/\/yoast.com\/product\/yoast-seo-wordpress\/ -->\n<title>\u201cNo nos cansemos de ser sus testigos, sobre todo en los momentos de tribulaci\u00f3n\u201d &#8211; Exaudi<\/title>\n<meta name=\"robots\" content=\"index, follow, max-snippet:-1, max-image-preview:large, max-video-preview:-1\" \/>\n<link rel=\"canonical\" href=\"https:\/\/exaudi.org\/es\/no-nos-cansemos-de-ser-sus-testigos-sobre-todo-en-los-momentos-de-tribulacion\/\" \/>\n<meta property=\"og:locale\" content=\"es_ES\" \/>\n<meta property=\"og:type\" content=\"article\" \/>\n<meta property=\"og:title\" content=\"\u201cNo nos cansemos de ser sus testigos, sobre todo en los momentos de tribulaci\u00f3n\u201d &#8211; Exaudi\" \/>\n<meta property=\"og:description\" content=\"Catequesis del santo Padre\" \/>\n<meta property=\"og:url\" content=\"https:\/\/exaudi.org\/es\/no-nos-cansemos-de-ser-sus-testigos-sobre-todo-en-los-momentos-de-tribulacion\/\" \/>\n<meta property=\"og:site_name\" content=\"Exaudi\" \/>\n<meta property=\"article:publisher\" content=\"https:\/\/www.facebook.com\/ExaudiNews\" \/>\n<meta property=\"article:author\" content=\"https:\/\/www.facebook.com\/ExaudiNoticias\/\" \/>\n<meta property=\"article:published_time\" content=\"2023-04-19T15:14:02+00:00\" \/>\n<meta property=\"article:modified_time\" content=\"2023-04-19T16:36:51+00:00\" \/>\n<meta property=\"og:image\" content=\"https:\/\/exaudi.org\/wp-content\/uploads\/2022\/10\/Audiencia-general-5-octubre-2022.jpeg\" \/>\n\t<meta property=\"og:image:width\" content=\"1500\" \/>\n\t<meta property=\"og:image:height\" content=\"844\" \/>\n\t<meta property=\"og:image:type\" content=\"image\/jpeg\" \/>\n<meta name=\"author\" content=\"Exaudi Redacci\u00f3n\" \/>\n<meta name=\"twitter:card\" content=\"summary_large_image\" \/>\n<meta name=\"twitter:creator\" content=\"@Exaudi_noticias\" \/>\n<meta name=\"twitter:site\" content=\"@Exaudi_News\" \/>\n<meta name=\"twitter:label1\" content=\"Escrito por\" \/>\n\t<meta name=\"twitter:data1\" content=\"Exaudi Redacci\u00f3n\" \/>\n\t<meta name=\"twitter:label2\" content=\"Tiempo de lectura\" \/>\n\t<meta name=\"twitter:data2\" content=\"7 minutos\" \/>\n<script type=\"application\/ld+json\" class=\"yoast-schema-graph\">{\"@context\":\"https:\\\/\\\/schema.org\",\"@graph\":[{\"@type\":\"Article\",\"@id\":\"https:\\\/\\\/exaudi.org\\\/es\\\/no-nos-cansemos-de-ser-sus-testigos-sobre-todo-en-los-momentos-de-tribulacion\\\/#article\",\"isPartOf\":{\"@id\":\"https:\\\/\\\/exaudi.org\\\/es\\\/no-nos-cansemos-de-ser-sus-testigos-sobre-todo-en-los-momentos-de-tribulacion\\\/\"},\"author\":{\"name\":\"Exaudi Redacci\u00f3n\",\"@id\":\"https:\\\/\\\/exaudi.org\\\/#\\\/schema\\\/person\\\/f5fc8f063065e38742da7afe15f25df7\"},\"headline\":\"\u201cNo nos cansemos de ser sus testigos, sobre todo en los momentos de tribulaci\u00f3n\u201d\",\"datePublished\":\"2023-04-19T15:14:02+00:00\",\"dateModified\":\"2023-04-19T16:36:51+00:00\",\"mainEntityOfPage\":{\"@id\":\"https:\\\/\\\/exaudi.org\\\/es\\\/no-nos-cansemos-de-ser-sus-testigos-sobre-todo-en-los-momentos-de-tribulacion\\\/\"},\"wordCount\":1641,\"image\":{\"@id\":\"https:\\\/\\\/exaudi.org\\\/es\\\/no-nos-cansemos-de-ser-sus-testigos-sobre-todo-en-los-momentos-de-tribulacion\\\/#primaryimage\"},\"thumbnailUrl\":\"https:\\\/\\\/exaudi.org\\\/wp-content\\\/uploads\\\/2022\\\/10\\\/Audiencia-general-5-octubre-2022.jpeg\",\"keywords\":[\"audiencia general\",\"catequesis\",\"Evangelizaci\u00f3n\",\"Featured\",\"papa francisco\"],\"articleSection\":[\"Audiencia General\",\"Le\u00f3n XIV\"],\"inLanguage\":\"es\"},{\"@type\":\"WebPage\",\"@id\":\"https:\\\/\\\/exaudi.org\\\/es\\\/no-nos-cansemos-de-ser-sus-testigos-sobre-todo-en-los-momentos-de-tribulacion\\\/\",\"url\":\"https:\\\/\\\/exaudi.org\\\/es\\\/no-nos-cansemos-de-ser-sus-testigos-sobre-todo-en-los-momentos-de-tribulacion\\\/\",\"name\":\"\u201cNo nos cansemos de ser sus testigos, sobre todo en los momentos de tribulaci\u00f3n\u201d &#8211; Exaudi\",\"isPartOf\":{\"@id\":\"https:\\\/\\\/exaudi.org\\\/#website\"},\"primaryImageOfPage\":{\"@id\":\"https:\\\/\\\/exaudi.org\\\/es\\\/no-nos-cansemos-de-ser-sus-testigos-sobre-todo-en-los-momentos-de-tribulacion\\\/#primaryimage\"},\"image\":{\"@id\":\"https:\\\/\\\/exaudi.org\\\/es\\\/no-nos-cansemos-de-ser-sus-testigos-sobre-todo-en-los-momentos-de-tribulacion\\\/#primaryimage\"},\"thumbnailUrl\":\"https:\\\/\\\/exaudi.org\\\/wp-content\\\/uploads\\\/2022\\\/10\\\/Audiencia-general-5-octubre-2022.jpeg\",\"datePublished\":\"2023-04-19T15:14:02+00:00\",\"dateModified\":\"2023-04-19T16:36:51+00:00\",\"author\":{\"@id\":\"https:\\\/\\\/exaudi.org\\\/#\\\/schema\\\/person\\\/f5fc8f063065e38742da7afe15f25df7\"},\"breadcrumb\":{\"@id\":\"https:\\\/\\\/exaudi.org\\\/es\\\/no-nos-cansemos-de-ser-sus-testigos-sobre-todo-en-los-momentos-de-tribulacion\\\/#breadcrumb\"},\"inLanguage\":\"es\",\"potentialAction\":[{\"@type\":\"ReadAction\",\"target\":[\"https:\\\/\\\/exaudi.org\\\/es\\\/no-nos-cansemos-de-ser-sus-testigos-sobre-todo-en-los-momentos-de-tribulacion\\\/\"]}]},{\"@type\":\"ImageObject\",\"inLanguage\":\"es\",\"@id\":\"https:\\\/\\\/exaudi.org\\\/es\\\/no-nos-cansemos-de-ser-sus-testigos-sobre-todo-en-los-momentos-de-tribulacion\\\/#primaryimage\",\"url\":\"https:\\\/\\\/exaudi.org\\\/wp-content\\\/uploads\\\/2022\\\/10\\\/Audiencia-general-5-octubre-2022.jpeg\",\"contentUrl\":\"https:\\\/\\\/exaudi.org\\\/wp-content\\\/uploads\\\/2022\\\/10\\\/Audiencia-general-5-octubre-2022.jpeg\",\"width\":1500,\"height\":844,\"caption\":\"Audiencia general, 5 octubre 2022 \u00a9 Vatican Media\"},{\"@type\":\"BreadcrumbList\",\"@id\":\"https:\\\/\\\/exaudi.org\\\/es\\\/no-nos-cansemos-de-ser-sus-testigos-sobre-todo-en-los-momentos-de-tribulacion\\\/#breadcrumb\",\"itemListElement\":[{\"@type\":\"ListItem\",\"position\":1,\"name\":\"Portada\",\"item\":\"https:\\\/\\\/exaudi.org\\\/es\\\/\"},{\"@type\":\"ListItem\",\"position\":2,\"name\":\"\u201cNo nos cansemos de ser sus testigos, sobre todo en los momentos de tribulaci\u00f3n\u201d\"}]},{\"@type\":\"WebSite\",\"@id\":\"https:\\\/\\\/exaudi.org\\\/#website\",\"url\":\"https:\\\/\\\/exaudi.org\\\/\",\"name\":\"Exaudi\",\"description\":\"News\",\"potentialAction\":[{\"@type\":\"SearchAction\",\"target\":{\"@type\":\"EntryPoint\",\"urlTemplate\":\"https:\\\/\\\/exaudi.org\\\/?s={search_term_string}\"},\"query-input\":{\"@type\":\"PropertyValueSpecification\",\"valueRequired\":true,\"valueName\":\"search_term_string\"}}],\"inLanguage\":\"es\"},{\"@type\":\"Person\",\"@id\":\"https:\\\/\\\/exaudi.org\\\/#\\\/schema\\\/person\\\/f5fc8f063065e38742da7afe15f25df7\",\"name\":\"Exaudi Redacci\u00f3n\",\"image\":{\"@type\":\"ImageObject\",\"inLanguage\":\"es\",\"@id\":\"https:\\\/\\\/secure.gravatar.com\\\/avatar\\\/fe0f6a059fb68d9b3e11bc5850dd4899b1c7492091a3cb6dd9b01b56ad828be2?s=96&d=mm&r=g\",\"url\":\"https:\\\/\\\/secure.gravatar.com\\\/avatar\\\/fe0f6a059fb68d9b3e11bc5850dd4899b1c7492091a3cb6dd9b01b56ad828be2?s=96&d=mm&r=g\",\"contentUrl\":\"https:\\\/\\\/secure.gravatar.com\\\/avatar\\\/fe0f6a059fb68d9b3e11bc5850dd4899b1c7492091a3cb6dd9b01b56ad828be2?s=96&d=mm&r=g\",\"caption\":\"Exaudi Redacci\u00f3n\"},\"description\":\"\u00bfQu\u00e9 es Exaudi News? Exaudi News es un medio de comunicaci\u00f3n cat\u00f3lico internacional que informa, forma y transforma, diariamente en espa\u00f1ol, ingl\u00e9s e italiano. A trav\u00e9s de noticias, art\u00edculos de an\u00e1lisis y transmisiones en directo de los eventos del Papa, Exaudi busca fortalecer la unidad de los cristianos y contribuir a la evangelizaci\u00f3n del mundo, siempre guiados por la doctrina social de la Iglesia. Trabajamos para acercar la verdad y los valores cristianos a cada rinc\u00f3n del planeta. \u00a1Ay\u00fadanos a transformar el mundo con Exaudi! En Exaudi creemos que la evangelizaci\u00f3n y la informaci\u00f3n de calidad pueden cambiar vidas. Para continuar con nuestra misi\u00f3n y expandir nuestro alcance, necesitamos tu ayuda. Adem\u00e1s, buscamos personas comprometidas que deseen unirse a nuestro equipo. Con tu apoyo, lograremos llegar a m\u00e1s personas, difundir el mensaje de Cristo y reforzar la unidad de los cristianos. \u00bfTe unes a nuestra misi\u00f3n? Para m\u00e1s informaci\u00f3n sobre c\u00f3mo colaborar, visita Exaudi.org\\\/es o cont\u00e1ctanos directamente: info@exaudi.org Exaudi: Informa, forma y transforma.\",\"sameAs\":[\"https:\\\/\\\/www.facebook.com\\\/ExaudiNoticias\\\/\",\"https:\\\/\\\/www.instagram.com\\\/exaudi_noticias\\\/\",\"https:\\\/\\\/x.com\\\/Exaudi_noticias\",\"https:\\\/\\\/www.youtube.com\\\/@exaudicatholicnews\"],\"url\":\"https:\\\/\\\/exaudi.org\\\/es\\\/author\\\/redaccionexaudi\\\/\"}]}<\/script>\n<!-- \/ Yoast SEO plugin. -->","yoast_head_json":{"title":"\u201cNo nos cansemos de ser sus testigos, sobre todo en los momentos de tribulaci\u00f3n\u201d &#8211; Exaudi","robots":{"index":"index","follow":"follow","max-snippet":"max-snippet:-1","max-image-preview":"max-image-preview:large","max-video-preview":"max-video-preview:-1"},"canonical":"https:\/\/exaudi.org\/es\/no-nos-cansemos-de-ser-sus-testigos-sobre-todo-en-los-momentos-de-tribulacion\/","og_locale":"es_ES","og_type":"article","og_title":"\u201cNo nos cansemos de ser sus testigos, sobre todo en los momentos de tribulaci\u00f3n\u201d &#8211; Exaudi","og_description":"Catequesis del santo Padre","og_url":"https:\/\/exaudi.org\/es\/no-nos-cansemos-de-ser-sus-testigos-sobre-todo-en-los-momentos-de-tribulacion\/","og_site_name":"Exaudi","article_publisher":"https:\/\/www.facebook.com\/ExaudiNews","article_author":"https:\/\/www.facebook.com\/ExaudiNoticias\/","article_published_time":"2023-04-19T15:14:02+00:00","article_modified_time":"2023-04-19T16:36:51+00:00","og_image":[{"width":1500,"height":844,"url":"https:\/\/exaudi.org\/wp-content\/uploads\/2022\/10\/Audiencia-general-5-octubre-2022.jpeg","type":"image\/jpeg"}],"author":"Exaudi Redacci\u00f3n","twitter_card":"summary_large_image","twitter_creator":"@Exaudi_noticias","twitter_site":"@Exaudi_News","twitter_misc":{"Escrito por":"Exaudi Redacci\u00f3n","Tiempo de lectura":"7 minutos"},"schema":{"@context":"https:\/\/schema.org","@graph":[{"@type":"Article","@id":"https:\/\/exaudi.org\/es\/no-nos-cansemos-de-ser-sus-testigos-sobre-todo-en-los-momentos-de-tribulacion\/#article","isPartOf":{"@id":"https:\/\/exaudi.org\/es\/no-nos-cansemos-de-ser-sus-testigos-sobre-todo-en-los-momentos-de-tribulacion\/"},"author":{"name":"Exaudi Redacci\u00f3n","@id":"https:\/\/exaudi.org\/#\/schema\/person\/f5fc8f063065e38742da7afe15f25df7"},"headline":"\u201cNo nos cansemos de ser sus testigos, sobre todo en los momentos de tribulaci\u00f3n\u201d","datePublished":"2023-04-19T15:14:02+00:00","dateModified":"2023-04-19T16:36:51+00:00","mainEntityOfPage":{"@id":"https:\/\/exaudi.org\/es\/no-nos-cansemos-de-ser-sus-testigos-sobre-todo-en-los-momentos-de-tribulacion\/"},"wordCount":1641,"image":{"@id":"https:\/\/exaudi.org\/es\/no-nos-cansemos-de-ser-sus-testigos-sobre-todo-en-los-momentos-de-tribulacion\/#primaryimage"},"thumbnailUrl":"https:\/\/exaudi.org\/wp-content\/uploads\/2022\/10\/Audiencia-general-5-octubre-2022.jpeg","keywords":["audiencia general","catequesis","Evangelizaci\u00f3n","Featured","papa francisco"],"articleSection":["Audiencia General","Le\u00f3n XIV"],"inLanguage":"es"},{"@type":"WebPage","@id":"https:\/\/exaudi.org\/es\/no-nos-cansemos-de-ser-sus-testigos-sobre-todo-en-los-momentos-de-tribulacion\/","url":"https:\/\/exaudi.org\/es\/no-nos-cansemos-de-ser-sus-testigos-sobre-todo-en-los-momentos-de-tribulacion\/","name":"\u201cNo nos cansemos de ser sus testigos, sobre todo en los momentos de tribulaci\u00f3n\u201d &#8211; Exaudi","isPartOf":{"@id":"https:\/\/exaudi.org\/#website"},"primaryImageOfPage":{"@id":"https:\/\/exaudi.org\/es\/no-nos-cansemos-de-ser-sus-testigos-sobre-todo-en-los-momentos-de-tribulacion\/#primaryimage"},"image":{"@id":"https:\/\/exaudi.org\/es\/no-nos-cansemos-de-ser-sus-testigos-sobre-todo-en-los-momentos-de-tribulacion\/#primaryimage"},"thumbnailUrl":"https:\/\/exaudi.org\/wp-content\/uploads\/2022\/10\/Audiencia-general-5-octubre-2022.jpeg","datePublished":"2023-04-19T15:14:02+00:00","dateModified":"2023-04-19T16:36:51+00:00","author":{"@id":"https:\/\/exaudi.org\/#\/schema\/person\/f5fc8f063065e38742da7afe15f25df7"},"breadcrumb":{"@id":"https:\/\/exaudi.org\/es\/no-nos-cansemos-de-ser-sus-testigos-sobre-todo-en-los-momentos-de-tribulacion\/#breadcrumb"},"inLanguage":"es","potentialAction":[{"@type":"ReadAction","target":["https:\/\/exaudi.org\/es\/no-nos-cansemos-de-ser-sus-testigos-sobre-todo-en-los-momentos-de-tribulacion\/"]}]},{"@type":"ImageObject","inLanguage":"es","@id":"https:\/\/exaudi.org\/es\/no-nos-cansemos-de-ser-sus-testigos-sobre-todo-en-los-momentos-de-tribulacion\/#primaryimage","url":"https:\/\/exaudi.org\/wp-content\/uploads\/2022\/10\/Audiencia-general-5-octubre-2022.jpeg","contentUrl":"https:\/\/exaudi.org\/wp-content\/uploads\/2022\/10\/Audiencia-general-5-octubre-2022.jpeg","width":1500,"height":844,"caption":"Audiencia general, 5 octubre 2022 \u00a9 Vatican Media"},{"@type":"BreadcrumbList","@id":"https:\/\/exaudi.org\/es\/no-nos-cansemos-de-ser-sus-testigos-sobre-todo-en-los-momentos-de-tribulacion\/#breadcrumb","itemListElement":[{"@type":"ListItem","position":1,"name":"Portada","item":"https:\/\/exaudi.org\/es\/"},{"@type":"ListItem","position":2,"name":"\u201cNo nos cansemos de ser sus testigos, sobre todo en los momentos de tribulaci\u00f3n\u201d"}]},{"@type":"WebSite","@id":"https:\/\/exaudi.org\/#website","url":"https:\/\/exaudi.org\/","name":"Exaudi","description":"News","potentialAction":[{"@type":"SearchAction","target":{"@type":"EntryPoint","urlTemplate":"https:\/\/exaudi.org\/?s={search_term_string}"},"query-input":{"@type":"PropertyValueSpecification","valueRequired":true,"valueName":"search_term_string"}}],"inLanguage":"es"},{"@type":"Person","@id":"https:\/\/exaudi.org\/#\/schema\/person\/f5fc8f063065e38742da7afe15f25df7","name":"Exaudi Redacci\u00f3n","image":{"@type":"ImageObject","inLanguage":"es","@id":"https:\/\/secure.gravatar.com\/avatar\/fe0f6a059fb68d9b3e11bc5850dd4899b1c7492091a3cb6dd9b01b56ad828be2?s=96&d=mm&r=g","url":"https:\/\/secure.gravatar.com\/avatar\/fe0f6a059fb68d9b3e11bc5850dd4899b1c7492091a3cb6dd9b01b56ad828be2?s=96&d=mm&r=g","contentUrl":"https:\/\/secure.gravatar.com\/avatar\/fe0f6a059fb68d9b3e11bc5850dd4899b1c7492091a3cb6dd9b01b56ad828be2?s=96&d=mm&r=g","caption":"Exaudi Redacci\u00f3n"},"description":"\u00bfQu\u00e9 es Exaudi News? Exaudi News es un medio de comunicaci\u00f3n cat\u00f3lico internacional que informa, forma y transforma, diariamente en espa\u00f1ol, ingl\u00e9s e italiano. A trav\u00e9s de noticias, art\u00edculos de an\u00e1lisis y transmisiones en directo de los eventos del Papa, Exaudi busca fortalecer la unidad de los cristianos y contribuir a la evangelizaci\u00f3n del mundo, siempre guiados por la doctrina social de la Iglesia. Trabajamos para acercar la verdad y los valores cristianos a cada rinc\u00f3n del planeta. \u00a1Ay\u00fadanos a transformar el mundo con Exaudi! En Exaudi creemos que la evangelizaci\u00f3n y la informaci\u00f3n de calidad pueden cambiar vidas. Para continuar con nuestra misi\u00f3n y expandir nuestro alcance, necesitamos tu ayuda. Adem\u00e1s, buscamos personas comprometidas que deseen unirse a nuestro equipo. Con tu apoyo, lograremos llegar a m\u00e1s personas, difundir el mensaje de Cristo y reforzar la unidad de los cristianos. \u00bfTe unes a nuestra misi\u00f3n? Para m\u00e1s informaci\u00f3n sobre c\u00f3mo colaborar, visita Exaudi.org\/es o cont\u00e1ctanos directamente: info@exaudi.org Exaudi: Informa, forma y transforma.","sameAs":["https:\/\/www.facebook.com\/ExaudiNoticias\/","https:\/\/www.instagram.com\/exaudi_noticias\/","https:\/\/x.com\/Exaudi_noticias","https:\/\/www.youtube.com\/@exaudicatholicnews"],"url":"https:\/\/exaudi.org\/es\/author\/redaccionexaudi\/"}]}},"jetpack_featured_media_url":"https:\/\/exaudi.org\/wp-content\/uploads\/2022\/10\/Audiencia-general-5-octubre-2022.jpeg","jetpack_shortlink":"https:\/\/wp.me\/pgKjF2-jm2","_links":{"self":[{"href":"https:\/\/exaudi.org\/es\/wp-json\/wp\/v2\/posts\/74402","targetHints":{"allow":["GET"]}}],"collection":[{"href":"https:\/\/exaudi.org\/es\/wp-json\/wp\/v2\/posts"}],"about":[{"href":"https:\/\/exaudi.org\/es\/wp-json\/wp\/v2\/types\/post"}],"author":[{"embeddable":true,"href":"https:\/\/exaudi.org\/es\/wp-json\/wp\/v2\/users\/15"}],"replies":[{"embeddable":true,"href":"https:\/\/exaudi.org\/es\/wp-json\/wp\/v2\/comments?post=74402"}],"version-history":[{"count":0,"href":"https:\/\/exaudi.org\/es\/wp-json\/wp\/v2\/posts\/74402\/revisions"}],"wp:featuredmedia":[{"embeddable":true,"href":"https:\/\/exaudi.org\/es\/wp-json\/wp\/v2\/media\/63392"}],"wp:attachment":[{"href":"https:\/\/exaudi.org\/es\/wp-json\/wp\/v2\/media?parent=74402"}],"wp:term":[{"taxonomy":"category","embeddable":true,"href":"https:\/\/exaudi.org\/es\/wp-json\/wp\/v2\/categories?post=74402"},{"taxonomy":"post_tag","embeddable":true,"href":"https:\/\/exaudi.org\/es\/wp-json\/wp\/v2\/tags?post=74402"}],"curies":[{"name":"wp","href":"https:\/\/api.w.org\/{rel}","templated":true}]}}