{"id":74224,"date":"2023-04-18T10:30:52","date_gmt":"2023-04-18T08:30:52","guid":{"rendered":"https:\/\/exaudi.org\/?p=74224"},"modified":"2023-04-18T12:22:18","modified_gmt":"2023-04-18T10:22:18","slug":"francisco-me-irrita","status":"publish","type":"post","link":"https:\/\/exaudi.org\/es\/francisco-me-irrita\/","title":{"rendered":"Francisco me irrita"},"content":{"rendered":"<audio class=\"wp-audio-shortcode\" id=\"audio-74224-1\" preload=\"none\" style=\"width: 100%;\" controls=\"controls\"><source type=\"audio\/mpeg\" src=\"https:\/\/exaudi.org\/wp-content\/uploads\/2023\/04\/Francisco-me-irrita-\u00a1Cuanto-bien-me-hace_3.mp3?_=1\" \/><a href=\"https:\/\/exaudi.org\/wp-content\/uploads\/2023\/04\/Francisco-me-irrita-\u00a1Cuanto-bien-me-hace_3.mp3\">https:\/\/exaudi.org\/wp-content\/uploads\/2023\/04\/Francisco-me-irrita-\u00a1Cuanto-bien-me-hace_3.mp3<\/a><\/audio>\n<p>S\u00ed, Francisco me irrita. Pero tengo un peque\u00f1o problema. Somos amigos desde hace veinte a\u00f1os.<\/p>\n<p>Entr\u00e9 en su despacho en el segundo piso de la Avenida Rivadavia 415 en Buenos Aires por primera vez el 7 de junio del 2001. Sab\u00eda que iba a ser una reuni\u00f3n breve. \u201cMonse\u00f1or \u2013 le dije muy educadamente \u2013 gracias por recibirme. No le quitare mucho tiempo. La situaci\u00f3n es la siguiente: un generoso cliente m\u00edo se ha ofrecido a donar un dinero para que se distribuyan en todas las parroquias de Argentina un CD con el documental de <em>Testigo de Esperanza<\/em> de mi amigo George Weigel (bi\u00f3grafo del entonces Juan Pablo II). Como Usted es el arzobispo de Buenos Aires y primado de Argentina tendr\u00eda que distribuirlos por toda Argentina, pero si usted no quiere los CD, para m\u00ed, mucho mejor, porque mi cliente se ahorra la donaci\u00f3n, yo el trabajo y todos contentos. Adem\u00e1s, y con todo respeto, s\u00e9 que usted est\u00e1 muy ocupado y yo, sin ser nadie, tampoco estoy para perderlo.\u201d<\/p>\n<p><img loading=\"lazy\" decoding=\"async\" class=\"size-medium wp-image-74231 alignleft\" src=\"https:\/\/exaudi.org\/wp-content\/uploads\/2023\/04\/03-300x200.jpeg\" alt=\"\" width=\"300\" height=\"200\" srcset=\"https:\/\/exaudi.org\/wp-content\/uploads\/2023\/04\/03-300x200.jpeg 300w, https:\/\/exaudi.org\/wp-content\/uploads\/2023\/04\/03-770x514.jpeg 770w, https:\/\/exaudi.org\/wp-content\/uploads\/2023\/04\/03-360x240.jpeg?crop=1 360w, https:\/\/exaudi.org\/wp-content\/uploads\/2023\/04\/03-500x333.jpeg 500w, https:\/\/exaudi.org\/wp-content\/uploads\/2023\/04\/03-370x247.jpeg 370w, https:\/\/exaudi.org\/wp-content\/uploads\/2023\/04\/03-293x195.jpeg 293w, https:\/\/exaudi.org\/wp-content\/uploads\/2023\/04\/03-120x80.jpeg 120w, https:\/\/exaudi.org\/wp-content\/uploads\/2023\/04\/03-240x160.jpeg 240w, https:\/\/exaudi.org\/wp-content\/uploads\/2023\/04\/03-390x260.jpeg 390w, https:\/\/exaudi.org\/wp-content\/uploads\/2023\/04\/03.jpeg 1024w\" sizes=\"auto, (max-width: 300px) 100vw, 300px\" \/>Por un momento hubo silencio. Aunque estaba sentado, cay\u00f3 ligeramente hacia atr\u00e1s, sin duda abrumado por el hurac\u00e1n (\u00bfarrogante?) que le acababa de colocar. A\u00fan estoy viendo sus zapatos negros, uno de ellos algo deforme. \u201cS\u00ed, s\u00ed me interesa\u201d contesto. \u201cLos distribuir\u00e9\u201d. Medio en broma medio en serio conteste: \u201cPues me hace usted una faena porque ahora me tengo que poner a traducir el texto, conseguir los CD y mand\u00e1rselos\u201d. \u201cBueno, pues muchas gracias\u201d \u2013 dije empezando a levantarme para irme con la misi\u00f3n cumplida. \u201cSi\u00e9ntese, por favor\u201d me dijo amablemente.<\/p>\n<p>Y as\u00ed empez\u00f3 todo. Charlamos un rato m\u00e1s, me invito a visitarle cuando volviera a Buenos Aires y me acompa\u00f1\u00f3 al ascensor. Ah\u00ed, los dos solos de pie, el tiempo \u2013 literalmente \u2013 se par\u00f3 cuando me mir\u00f3 fijamente a los ojos y me suplic\u00f3 \u2013 literalmente me suplic\u00f3: \u201cPor favor, rece y haga rezar por m\u00ed\u201d. \u201cPor supuesto, Monse\u00f1or\u201d es lo \u00fanico que acert\u00e9 a decir. Se cerr\u00f3 el ascensor.<\/p>\n<p>No s\u00e9, querido lector, si a usted alguien le ha suplicado alguna vez algo. No me refiero a pedir. Me refiero a suplicar. Es muy distinto. Una s\u00faplica genera en el que la escucha un dolor. Una sensaci\u00f3n de inadecuaci\u00f3n. Nadie me hab\u00eda suplicado nada nunca hasta entonces y nadie lo ha hecho hasta hoy. Tanto es as\u00ed que, desde entonces, cada vez que fui a Buenos Aires me recibi\u00f3 en el mismo despacho y lo primero que le dec\u00eda \u2013 por no o\u00edrle suplicarme otra vez \u2013 \u201cMonse\u00f1or, sepa que rezo y hago rezar por Usted\u201d. Invariablemente contestaba como quien se quita un peso de encima. \u201cSe lo agradezco. Muchas gracias\u201d.<\/p>\n<p>Durante esas conversaciones hemos hablado de todo con una confianza, naturalidad y sencillez desarmante. Cuando le contaba a Ana, mi mujer, el contendido de nuestra conversaci\u00f3n le dec\u00eda: \u201cEstar con Bergoglio es estar con la sencillez personificada\u201d. No es que Francisco no se crea nadie, es que se sabe nadie, que es muy distinto. A lo largo de esos doce a\u00f1os \u2013 hasta que fue elegido Papa \u2013 tambi\u00e9n hablamos de los siete a\u00f1os que llevaba con trabajo, pero sin ganar un c\u00e9ntimo y al consultarle el tema me dijo \u201cel Se\u00f1or le ha evitado situaciones que hubieran puesto en peligro su alma \u2026\u201d y a\u00fan nos quedaban cuatro a\u00f1os m\u00e1s. \u00a1Cu\u00e1nto bien nos hicieron esos once a\u00f1os!<\/p>\n<p>Estuve con \u00e9l reci\u00e9n concluido el conclave que eligi\u00f3 a Benedicto XVI y, por respeto, teniendo confianza sobrada para hacerlo nunca le saqu\u00e9 el tema de su posible elecci\u00f3n a la silla de Pedro, algo de lo que se hablaba abiertamente. Cada 17 de diciembre le llamaba a su despacho para felicitarle por su cumplea\u00f1os. Cuando el 17 de diciembre de 2011 cumpli\u00f3 75 a\u00f1os (edad en que todos los obispos presentan su renuncia autom\u00e1tica al Papa) no pude resistirlo m\u00e1s y al contestar el tel\u00e9fono sin mediar palabra le dije en tono jocoso y provocador \u201c\u00a1\u00a1\u00a1Monse\u00f1or, que se va a librar!!!\u201d, a lo que contest\u00f3 con una gran carcajada y cambi\u00f3 de tema.<\/p>\n<p>Volvamos a lo nuestro. Francisco me irrita. Me irrita que cuando le sub\u00edan a primera clase en los vuelos de Buenos Aires a Roma cediera su asiento a otra persona. Me irrita que hable de econom\u00eda cuando tengo la impresi\u00f3n que no es lo suyo y me obliga a pensar m\u00e1s en los dem\u00e1s. Me irrita que en enero de 2018 casara \u201csobre la marcha\u201d a dos asistentes de vuelo que, ya casados civilmente, ten\u00edan dos hijas y, \u201cno hab\u00edan tenido tiempo para casarse\u201d seg\u00fan informaba la prensa. \u201c\u00bfTanto valora Francisco el matrimonio que casa a esta pareja sobre la marcha?\u201d, pens\u00e9.<\/p>\n<p><img loading=\"lazy\" decoding=\"async\" class=\"size-medium wp-image-74228 alignright\" src=\"https:\/\/exaudi.org\/wp-content\/uploads\/2023\/04\/04-300x228.jpeg\" alt=\"\" width=\"300\" height=\"228\" srcset=\"https:\/\/exaudi.org\/wp-content\/uploads\/2023\/04\/04-300x228.jpeg 300w, https:\/\/exaudi.org\/wp-content\/uploads\/2023\/04\/04-770x584.jpeg 770w, https:\/\/exaudi.org\/wp-content\/uploads\/2023\/04\/04-500x379.jpeg 500w, https:\/\/exaudi.org\/wp-content\/uploads\/2023\/04\/04-293x222.jpeg 293w, https:\/\/exaudi.org\/wp-content\/uploads\/2023\/04\/04-390x296.jpeg 390w, https:\/\/exaudi.org\/wp-content\/uploads\/2023\/04\/04.jpeg 1024w\" sizes=\"auto, (max-width: 300px) 100vw, 300px\" \/>Casualmente al a\u00f1o siguiente Ana y yo celebr\u00e1bamos nuestros 35 a\u00f1os de matrimonio. Se me planteaba un problema. \u201cEstoy irritado con \u00e9l por haber casado a los chilenos, pero \u00bfde verdad que conociendo al Papa no le voy a pedir que nos reciba a toda nuestra familia, aunque sea medio minuto?\u201d, pensando que, con mucha suerte, en caso de acordarse de m\u00ed nos invitar\u00eda a Misa en Santa Marta a las siete de la ma\u00f1ana, un saludo y fuera. Me merend\u00e9 mi orgullo \u2013 s\u00ed, mi orgullo \u2013 y le escrib\u00ed. A las tres semanas nos lleg\u00f3 una carta de monse\u00f1or G\u00e4nswein dici\u00e9ndome que el Papa Francisco nos recibir\u00eda a toda la familia en una audiencia privada, algo que no hab\u00eda pedido. \u00a1Cu\u00e1nto disfrutamos! Y todo porque me merend\u00e9 mi orgullo. \u00bfRealmente sab\u00eda yo que hab\u00eda visto Francisco en esos dos chilenos que cas\u00f3 sobre la marcha? No. \u00bfEs asunto m\u00edo? No. \u00bfConozco realmente lo que pas\u00f3? No. \u00bfQui\u00e9n soy yo para juzgarle? Nadie.<\/p>\n<p>Mi impresi\u00f3n es que Francisco dirige sus palabras al hermano menor de la par\u00e1bola del hijo pr\u00f3digo y como yo soy el hermano mayor \u2013 lo soy en mi familia de sangre y de mentalidad tambi\u00e9n \u2013, me irrita. Llevo demasiados a\u00f1os oyendo lo maravilloso que soy por no abortar, no matar a nadie, no robar \u2026 Pero, \u00bfC\u00f3mo est\u00e1 mi alma? Con toda probabilidad dura, como la del hermano mayor que le dice a su padre: \u201cpero cuando vino este hijo tuyo, que ha consumido tus bienes con rameras, mataste para \u00e9l el becerro engordado \u2026\u201d.<\/p>\n<p>Recientemente le escrib\u00ed una carta y al poco tiempo otra. Contest\u00f3 las dos el mismo d\u00eda que le llegaron en una sencilla hoja de papel y de pu\u00f1o y letra, a m\u00ed &#8211; \u00a1a m\u00ed! -, el hermano mayor de la par\u00e1bola del hijo pr\u00f3digo. Menos mal que Francisco me irrita. \u00a1Cu\u00e1nto bien me hace! Cuando me escribe sus cartas empiezan con \u201cquerido hermano\u201d y terminan con \u201crezo por usted, su familia. Por favor, no se olviden de hacerlo por m\u00ed\u201d. \u00bfQu\u00e9 m\u00e1s se puede pedir en esta vida?<\/p>\n<p>&nbsp;<\/p>\n<p><img loading=\"lazy\" decoding=\"async\" class=\"size-full wp-image-74249 aligncenter\" src=\"https:\/\/exaudi.org\/wp-content\/uploads\/2023\/04\/Voces-2.jpg\" alt=\"\" width=\"1080\" height=\"1080\" srcset=\"https:\/\/exaudi.org\/wp-content\/uploads\/2023\/04\/Voces-2.jpg 1080w, https:\/\/exaudi.org\/wp-content\/uploads\/2023\/04\/Voces-2-300x300.jpg 300w, https:\/\/exaudi.org\/wp-content\/uploads\/2023\/04\/Voces-2-1024x1024.jpg 1024w, https:\/\/exaudi.org\/wp-content\/uploads\/2023\/04\/Voces-2-100x100.jpg?crop=1 100w, https:\/\/exaudi.org\/wp-content\/uploads\/2023\/04\/Voces-2-770x770.jpg 770w, https:\/\/exaudi.org\/wp-content\/uploads\/2023\/04\/Voces-2-500x500.jpg 500w, https:\/\/exaudi.org\/wp-content\/uploads\/2023\/04\/Voces-2-293x293.jpg 293w, https:\/\/exaudi.org\/wp-content\/uploads\/2023\/04\/Voces-2-390x390.jpg 390w, https:\/\/exaudi.org\/wp-content\/uploads\/2023\/04\/Voces-2-585x585.jpg 585w, https:\/\/exaudi.org\/wp-content\/uploads\/2023\/04\/Voces-2-900x900.jpg 900w\" sizes=\"auto, (max-width: 1080px) 100vw, 1080px\" \/><\/p>\n","protected":false},"excerpt":{"rendered":"<p>\u00a1Cu\u00e1nto bien me hace!<\/p>\n","protected":false},"author":118,"featured_media":74225,"comment_status":"closed","ping_status":"closed","sticky":false,"template":"","format":"standard","meta":{"_acf_changed":false,"_crdt_document":"","inline_featured_image":false,"footnotes":""},"categories":[130],"tags":[5844,617,8899,8900,795,158,4953],"class_list":["post-74224","post","type-post","status-publish","format-standard","has-post-thumbnail","hentry","category-voces","tag-amistad","tag-familia","tag-george-weigel","tag-jorge-bergoglio","tag-juan-pablo-ii","tag-papa-francisco","tag-trending-es"],"acf":[],"yoast_head":"<!-- This site is optimized with the Yoast SEO plugin v27.4 - https:\/\/yoast.com\/product\/yoast-seo-wordpress\/ -->\n<title>Francisco me irrita &#8211; Exaudi<\/title>\n<meta name=\"robots\" content=\"index, follow, max-snippet:-1, max-image-preview:large, max-video-preview:-1\" \/>\n<link rel=\"canonical\" href=\"https:\/\/exaudi.org\/es\/francisco-me-irrita\/\" \/>\n<meta property=\"og:locale\" content=\"es_ES\" \/>\n<meta property=\"og:type\" content=\"article\" \/>\n<meta property=\"og:title\" content=\"Francisco me irrita &#8211; Exaudi\" \/>\n<meta property=\"og:description\" content=\"\u00a1Cu\u00e1nto bien me hace!\" \/>\n<meta property=\"og:url\" content=\"https:\/\/exaudi.org\/es\/francisco-me-irrita\/\" \/>\n<meta property=\"og:site_name\" content=\"Exaudi\" \/>\n<meta property=\"article:publisher\" content=\"https:\/\/www.facebook.com\/ExaudiNews\" \/>\n<meta property=\"article:published_time\" content=\"2023-04-18T08:30:52+00:00\" \/>\n<meta property=\"article:modified_time\" content=\"2023-04-18T10:22:18+00:00\" \/>\n<meta property=\"og:image\" content=\"https:\/\/exaudi.org\/wp-content\/uploads\/2023\/04\/01.jpeg\" \/>\n\t<meta property=\"og:image:width\" content=\"679\" \/>\n\t<meta property=\"og:image:height\" content=\"350\" \/>\n\t<meta property=\"og:image:type\" content=\"image\/jpeg\" \/>\n<meta name=\"author\" content=\"Charlie Paternina\" \/>\n<meta name=\"twitter:card\" content=\"summary_large_image\" \/>\n<meta name=\"twitter:creator\" content=\"@Exaudi_News\" \/>\n<meta name=\"twitter:site\" content=\"@Exaudi_News\" \/>\n<meta name=\"twitter:label1\" content=\"Escrito por\" \/>\n\t<meta name=\"twitter:data1\" content=\"Charlie Paternina\" \/>\n\t<meta name=\"twitter:label2\" content=\"Tiempo de lectura\" \/>\n\t<meta name=\"twitter:data2\" content=\"6 minutos\" \/>\n<script type=\"application\/ld+json\" class=\"yoast-schema-graph\">{\"@context\":\"https:\\\/\\\/schema.org\",\"@graph\":[{\"@type\":\"Article\",\"@id\":\"https:\\\/\\\/exaudi.org\\\/es\\\/francisco-me-irrita\\\/#article\",\"isPartOf\":{\"@id\":\"https:\\\/\\\/exaudi.org\\\/es\\\/francisco-me-irrita\\\/\"},\"author\":{\"name\":\"Charlie Paternina\",\"@id\":\"https:\\\/\\\/exaudi.org\\\/#\\\/schema\\\/person\\\/b4307fc90797182a31b4e0b00444e9ed\"},\"headline\":\"Francisco me irrita\",\"datePublished\":\"2023-04-18T08:30:52+00:00\",\"dateModified\":\"2023-04-18T10:22:18+00:00\",\"mainEntityOfPage\":{\"@id\":\"https:\\\/\\\/exaudi.org\\\/es\\\/francisco-me-irrita\\\/\"},\"wordCount\":1199,\"image\":{\"@id\":\"https:\\\/\\\/exaudi.org\\\/es\\\/francisco-me-irrita\\\/#primaryimage\"},\"thumbnailUrl\":\"https:\\\/\\\/exaudi.org\\\/wp-content\\\/uploads\\\/2023\\\/04\\\/01.jpeg\",\"keywords\":[\"Amistad\",\"Familia\",\"George Weigel\",\"Jorge Bergoglio\",\"Juan Pablo II\",\"papa francisco\",\"Trending\"],\"articleSection\":[\"Voces\"],\"inLanguage\":\"es\"},{\"@type\":\"WebPage\",\"@id\":\"https:\\\/\\\/exaudi.org\\\/es\\\/francisco-me-irrita\\\/\",\"url\":\"https:\\\/\\\/exaudi.org\\\/es\\\/francisco-me-irrita\\\/\",\"name\":\"Francisco me irrita &#8211; Exaudi\",\"isPartOf\":{\"@id\":\"https:\\\/\\\/exaudi.org\\\/#website\"},\"primaryImageOfPage\":{\"@id\":\"https:\\\/\\\/exaudi.org\\\/es\\\/francisco-me-irrita\\\/#primaryimage\"},\"image\":{\"@id\":\"https:\\\/\\\/exaudi.org\\\/es\\\/francisco-me-irrita\\\/#primaryimage\"},\"thumbnailUrl\":\"https:\\\/\\\/exaudi.org\\\/wp-content\\\/uploads\\\/2023\\\/04\\\/01.jpeg\",\"datePublished\":\"2023-04-18T08:30:52+00:00\",\"dateModified\":\"2023-04-18T10:22:18+00:00\",\"author\":{\"@id\":\"https:\\\/\\\/exaudi.org\\\/#\\\/schema\\\/person\\\/b4307fc90797182a31b4e0b00444e9ed\"},\"breadcrumb\":{\"@id\":\"https:\\\/\\\/exaudi.org\\\/es\\\/francisco-me-irrita\\\/#breadcrumb\"},\"inLanguage\":\"es\",\"potentialAction\":[{\"@type\":\"ReadAction\",\"target\":[\"https:\\\/\\\/exaudi.org\\\/es\\\/francisco-me-irrita\\\/\"]}]},{\"@type\":\"ImageObject\",\"inLanguage\":\"es\",\"@id\":\"https:\\\/\\\/exaudi.org\\\/es\\\/francisco-me-irrita\\\/#primaryimage\",\"url\":\"https:\\\/\\\/exaudi.org\\\/wp-content\\\/uploads\\\/2023\\\/04\\\/01.jpeg\",\"contentUrl\":\"https:\\\/\\\/exaudi.org\\\/wp-content\\\/uploads\\\/2023\\\/04\\\/01.jpeg\",\"width\":679,\"height\":350},{\"@type\":\"BreadcrumbList\",\"@id\":\"https:\\\/\\\/exaudi.org\\\/es\\\/francisco-me-irrita\\\/#breadcrumb\",\"itemListElement\":[{\"@type\":\"ListItem\",\"position\":1,\"name\":\"Portada\",\"item\":\"https:\\\/\\\/exaudi.org\\\/es\\\/\"},{\"@type\":\"ListItem\",\"position\":2,\"name\":\"Francisco me irrita\"}]},{\"@type\":\"WebSite\",\"@id\":\"https:\\\/\\\/exaudi.org\\\/#website\",\"url\":\"https:\\\/\\\/exaudi.org\\\/\",\"name\":\"Exaudi\",\"description\":\"News\",\"potentialAction\":[{\"@type\":\"SearchAction\",\"target\":{\"@type\":\"EntryPoint\",\"urlTemplate\":\"https:\\\/\\\/exaudi.org\\\/?s={search_term_string}\"},\"query-input\":{\"@type\":\"PropertyValueSpecification\",\"valueRequired\":true,\"valueName\":\"search_term_string\"}}],\"inLanguage\":\"es\"},{\"@type\":\"Person\",\"@id\":\"https:\\\/\\\/exaudi.org\\\/#\\\/schema\\\/person\\\/b4307fc90797182a31b4e0b00444e9ed\",\"name\":\"Charlie Paternina\",\"image\":{\"@type\":\"ImageObject\",\"inLanguage\":\"es\",\"@id\":\"https:\\\/\\\/secure.gravatar.com\\\/avatar\\\/2c8dbc7eca3d880c57440e31fcbbf3f8bc70a747be9b02b6466eda88c67a488a?s=96&d=mm&r=g\",\"url\":\"https:\\\/\\\/secure.gravatar.com\\\/avatar\\\/2c8dbc7eca3d880c57440e31fcbbf3f8bc70a747be9b02b6466eda88c67a488a?s=96&d=mm&r=g\",\"contentUrl\":\"https:\\\/\\\/secure.gravatar.com\\\/avatar\\\/2c8dbc7eca3d880c57440e31fcbbf3f8bc70a747be9b02b6466eda88c67a488a?s=96&d=mm&r=g\",\"caption\":\"Charlie Paternina\"},\"description\":\"Casado con Ana Vericat, son padres de cinco hijos y abuelos de seis nietos. Hizo su Alianza de Amor el 18 de marzo de 1982. Abogado y economista, es international Real Estate Broker y M\u00e1ster en Terapia Matrimonial y Familiar. Vive en Greenwich, CT, EEUU.\",\"url\":\"https:\\\/\\\/exaudi.org\\\/es\\\/author\\\/charlie-paternina\\\/\"}]}<\/script>\n<!-- \/ Yoast SEO plugin. -->","yoast_head_json":{"title":"Francisco me irrita &#8211; Exaudi","robots":{"index":"index","follow":"follow","max-snippet":"max-snippet:-1","max-image-preview":"max-image-preview:large","max-video-preview":"max-video-preview:-1"},"canonical":"https:\/\/exaudi.org\/es\/francisco-me-irrita\/","og_locale":"es_ES","og_type":"article","og_title":"Francisco me irrita &#8211; Exaudi","og_description":"\u00a1Cu\u00e1nto bien me hace!","og_url":"https:\/\/exaudi.org\/es\/francisco-me-irrita\/","og_site_name":"Exaudi","article_publisher":"https:\/\/www.facebook.com\/ExaudiNews","article_published_time":"2023-04-18T08:30:52+00:00","article_modified_time":"2023-04-18T10:22:18+00:00","og_image":[{"width":679,"height":350,"url":"https:\/\/exaudi.org\/wp-content\/uploads\/2023\/04\/01.jpeg","type":"image\/jpeg"}],"author":"Charlie Paternina","twitter_card":"summary_large_image","twitter_creator":"@Exaudi_News","twitter_site":"@Exaudi_News","twitter_misc":{"Escrito por":"Charlie Paternina","Tiempo de lectura":"6 minutos"},"schema":{"@context":"https:\/\/schema.org","@graph":[{"@type":"Article","@id":"https:\/\/exaudi.org\/es\/francisco-me-irrita\/#article","isPartOf":{"@id":"https:\/\/exaudi.org\/es\/francisco-me-irrita\/"},"author":{"name":"Charlie Paternina","@id":"https:\/\/exaudi.org\/#\/schema\/person\/b4307fc90797182a31b4e0b00444e9ed"},"headline":"Francisco me irrita","datePublished":"2023-04-18T08:30:52+00:00","dateModified":"2023-04-18T10:22:18+00:00","mainEntityOfPage":{"@id":"https:\/\/exaudi.org\/es\/francisco-me-irrita\/"},"wordCount":1199,"image":{"@id":"https:\/\/exaudi.org\/es\/francisco-me-irrita\/#primaryimage"},"thumbnailUrl":"https:\/\/exaudi.org\/wp-content\/uploads\/2023\/04\/01.jpeg","keywords":["Amistad","Familia","George Weigel","Jorge Bergoglio","Juan Pablo II","papa francisco","Trending"],"articleSection":["Voces"],"inLanguage":"es"},{"@type":"WebPage","@id":"https:\/\/exaudi.org\/es\/francisco-me-irrita\/","url":"https:\/\/exaudi.org\/es\/francisco-me-irrita\/","name":"Francisco me irrita &#8211; Exaudi","isPartOf":{"@id":"https:\/\/exaudi.org\/#website"},"primaryImageOfPage":{"@id":"https:\/\/exaudi.org\/es\/francisco-me-irrita\/#primaryimage"},"image":{"@id":"https:\/\/exaudi.org\/es\/francisco-me-irrita\/#primaryimage"},"thumbnailUrl":"https:\/\/exaudi.org\/wp-content\/uploads\/2023\/04\/01.jpeg","datePublished":"2023-04-18T08:30:52+00:00","dateModified":"2023-04-18T10:22:18+00:00","author":{"@id":"https:\/\/exaudi.org\/#\/schema\/person\/b4307fc90797182a31b4e0b00444e9ed"},"breadcrumb":{"@id":"https:\/\/exaudi.org\/es\/francisco-me-irrita\/#breadcrumb"},"inLanguage":"es","potentialAction":[{"@type":"ReadAction","target":["https:\/\/exaudi.org\/es\/francisco-me-irrita\/"]}]},{"@type":"ImageObject","inLanguage":"es","@id":"https:\/\/exaudi.org\/es\/francisco-me-irrita\/#primaryimage","url":"https:\/\/exaudi.org\/wp-content\/uploads\/2023\/04\/01.jpeg","contentUrl":"https:\/\/exaudi.org\/wp-content\/uploads\/2023\/04\/01.jpeg","width":679,"height":350},{"@type":"BreadcrumbList","@id":"https:\/\/exaudi.org\/es\/francisco-me-irrita\/#breadcrumb","itemListElement":[{"@type":"ListItem","position":1,"name":"Portada","item":"https:\/\/exaudi.org\/es\/"},{"@type":"ListItem","position":2,"name":"Francisco me irrita"}]},{"@type":"WebSite","@id":"https:\/\/exaudi.org\/#website","url":"https:\/\/exaudi.org\/","name":"Exaudi","description":"News","potentialAction":[{"@type":"SearchAction","target":{"@type":"EntryPoint","urlTemplate":"https:\/\/exaudi.org\/?s={search_term_string}"},"query-input":{"@type":"PropertyValueSpecification","valueRequired":true,"valueName":"search_term_string"}}],"inLanguage":"es"},{"@type":"Person","@id":"https:\/\/exaudi.org\/#\/schema\/person\/b4307fc90797182a31b4e0b00444e9ed","name":"Charlie Paternina","image":{"@type":"ImageObject","inLanguage":"es","@id":"https:\/\/secure.gravatar.com\/avatar\/2c8dbc7eca3d880c57440e31fcbbf3f8bc70a747be9b02b6466eda88c67a488a?s=96&d=mm&r=g","url":"https:\/\/secure.gravatar.com\/avatar\/2c8dbc7eca3d880c57440e31fcbbf3f8bc70a747be9b02b6466eda88c67a488a?s=96&d=mm&r=g","contentUrl":"https:\/\/secure.gravatar.com\/avatar\/2c8dbc7eca3d880c57440e31fcbbf3f8bc70a747be9b02b6466eda88c67a488a?s=96&d=mm&r=g","caption":"Charlie Paternina"},"description":"Casado con Ana Vericat, son padres de cinco hijos y abuelos de seis nietos. Hizo su Alianza de Amor el 18 de marzo de 1982. Abogado y economista, es international Real Estate Broker y M\u00e1ster en Terapia Matrimonial y Familiar. Vive en Greenwich, CT, EEUU.","url":"https:\/\/exaudi.org\/es\/author\/charlie-paternina\/"}]}},"jetpack_featured_media_url":"https:\/\/exaudi.org\/wp-content\/uploads\/2023\/04\/01.jpeg","jetpack_shortlink":"https:\/\/wp.me\/pgKjF2-jja","_links":{"self":[{"href":"https:\/\/exaudi.org\/es\/wp-json\/wp\/v2\/posts\/74224","targetHints":{"allow":["GET"]}}],"collection":[{"href":"https:\/\/exaudi.org\/es\/wp-json\/wp\/v2\/posts"}],"about":[{"href":"https:\/\/exaudi.org\/es\/wp-json\/wp\/v2\/types\/post"}],"author":[{"embeddable":true,"href":"https:\/\/exaudi.org\/es\/wp-json\/wp\/v2\/users\/118"}],"replies":[{"embeddable":true,"href":"https:\/\/exaudi.org\/es\/wp-json\/wp\/v2\/comments?post=74224"}],"version-history":[{"count":0,"href":"https:\/\/exaudi.org\/es\/wp-json\/wp\/v2\/posts\/74224\/revisions"}],"wp:featuredmedia":[{"embeddable":true,"href":"https:\/\/exaudi.org\/es\/wp-json\/wp\/v2\/media\/74225"}],"wp:attachment":[{"href":"https:\/\/exaudi.org\/es\/wp-json\/wp\/v2\/media?parent=74224"}],"wp:term":[{"taxonomy":"category","embeddable":true,"href":"https:\/\/exaudi.org\/es\/wp-json\/wp\/v2\/categories?post=74224"},{"taxonomy":"post_tag","embeddable":true,"href":"https:\/\/exaudi.org\/es\/wp-json\/wp\/v2\/tags?post=74224"}],"curies":[{"name":"wp","href":"https:\/\/api.w.org\/{rel}","templated":true}]}}