{"id":7420,"date":"2026-03-23T07:30:39","date_gmt":"2026-03-23T06:30:39","guid":{"rendered":"https:\/\/exaudi.org\/?p=7420"},"modified":"2026-03-21T18:57:39","modified_gmt":"2026-03-21T17:57:39","slug":"san-jose-oriol-23-marzo","status":"publish","type":"post","link":"https:\/\/exaudi.org\/es\/san-jose-oriol-23-marzo\/","title":{"rendered":"San Jos\u00e9 Oriol, 23 de marzo"},"content":{"rendered":"<p><span style=\"font-weight: 400;\">Dios concedi\u00f3 muchos dones a san Jos\u00e9 Oriol, santo nacido en Barcelona, Espa\u00f1a, el 6 de mayo de 1650. Entre otros, el de la direcci\u00f3n espiritual y el de la penetraci\u00f3n de corazones. Era un maestro en el cultivo de la pobreza y de la oraci\u00f3n, que efectuaba postrado durante horas ante el Sant\u00edsimo Sacramento.<\/span><\/p>\n<p><iframe title=\"Spotify Embed: San Jos\u00e9 Oriol, 23 de marzo\" style=\"border-radius: 12px\" width=\"100%\" height=\"152\" frameborder=\"0\" allowfullscreen allow=\"autoplay; clipboard-write; encrypted-media; fullscreen; picture-in-picture\" loading=\"lazy\" src=\"https:\/\/open.spotify.com\/embed\/episode\/0wAsI1zBGKl82Lq2TUbTuc?si=a4dd8b60faf642ee&amp;utm_source=oembed\"><\/iframe><\/p>\n<p><span style=\"font-weight: 400;\">Su piedad era manifiesta siendo monaguillo y cantor en la iglesia de Santa Mar\u00eda del Mar de Barcelona. Tanto es as\u00ed que los sacerdotes le costearon los estudios. Al morir su padre, su madre contrajo nuevas nupcias. Pero al enviudar Gertrudis por segunda vez se encontraron con serias carencias. Seguramente sus benefactores tendr\u00edan en cuenta esta precaria situaci\u00f3n familiar. <\/span><\/p>\n<p><span style=\"font-weight: 400;\">Era tal el candor de Jos\u00e9 que no hab\u00eda duda de que estaba llamado a ser un gran santo. El \u00fanico problema que tuvo que afrontar siendo estudiante fue la par\u00e1lisis de una de sus piernas que le oblig\u00f3 a permanecer recluido en cama durante un tiempo.\u00a0<\/span><\/p>\n<p><span style=\"font-weight: 400;\">Despu\u00e9s, doctorado en filosof\u00eda y en teolog\u00eda, recibi\u00f3 el sacramento del sacerdocio en mayo de 1676 en la localidad de Vich. Entonces orient\u00f3 su acci\u00f3n a educar a los j\u00f3venes. En un momento dado, Dios le permiti\u00f3 atisbar parte de su alma. Qued\u00f3 tan impresionado de lo que vio, que tom\u00f3 la resoluci\u00f3n de vivir con esp\u00edritu de penitencia y ayunar todos los d\u00edas. <\/span><\/p>\n<p><span style=\"font-weight: 400;\">En esa \u00e9poca se hallaba al servicio de la familia Gasneri como preceptor de los hijos, simultaneando esta labor con la de p\u00e1rroco en San Felipe Neri. Acept\u00f3 temporalmente el trabajo con objeto de paliar las dificultades por las que atravesaban su madre y hermanos. Pero era un hombre que amaba la pobreza. Le costaba hallarse rodeado de abundancia como la que ve\u00eda en el hogar.\u00a0<\/span><\/p>\n<p><span style=\"font-weight: 400;\">Un d\u00eda en este domicilio se produjo un episodio impactante para \u00e9l desde el punto de vista espiritual. En el transcurso de un almuerzo hasta en tres ocasiones extendi\u00f3 el brazo para proveerse de unas exquisitas viandas, y se vio impedido por una fuerza sobrenatural para lograr su prop\u00f3sito.<\/span><\/p>\n<p><span style=\"font-weight: 400;\"> Interpret\u00f3 el hecho como una invitaci\u00f3n a someterse para siempre al m\u00e1s riguroso ayuno. No se retract\u00f3 de ello el resto de su existencia. Se aliment\u00f3 de pan y de agua. El pan, elegido por \u00e9l entre el menos apetitoso \u2013si pod\u00eda encontrarlo viejo y pasado, mejor\u2013, y se abastec\u00eda del agua en las fuentes p\u00fablicas que hallaba al paso.<\/span><\/p>\n<p><span style=\"font-weight: 400;\"> La \u00fanica licencia que se permit\u00eda san Jos\u00e9 Oriol era a\u00f1adir unas hierbas a tan frugal comida los domingos, y las obten\u00eda gratuitamente tom\u00e1ndolas de la ladera del monte Montjuic. Siempre vivi\u00f3 de la beneficencia; lo poco que ten\u00eda era de los pobres. Tanta era su austeridad que ni siquiera pose\u00eda una cama.\u00a0<\/span><\/p>\n<p><span style=\"font-weight: 400;\">Estos gestos de piedad y sus mortificaciones, ins\u00f3litas para la mayor\u00eda de la gente, eran bien conocidos en la ciudad. Con sus modales exquisitos y la profundidad de su consejo alentaba a todos a vivir la santidad, ense\u00f1\u00e1ndoles que no se basa en actos puntuales externos y que debe discurrir afianzada en la oraci\u00f3n.<\/span><\/p>\n<p><span style=\"font-weight: 400;\"> Los que se acercaban a \u00e9l part\u00edan edificados por su alegr\u00eda y confianza. Era dador de paz. En s\u00ed mismo, su ejemplo constitu\u00eda ya una catequesis permanente. Vi\u00e9ndole c\u00f3mo actuaba, se enamoraban de Dios. Era su mejor apostolado. Lo testimonial cala siempre en el coraz\u00f3n de las personas.\u00a0<\/span><\/p>\n<p><span style=\"font-weight: 400;\">No lleg\u00f3 a cumplir una d\u00e9cada con esta familia acomodada, porque falleci\u00f3 su madre, y sus hermanos se hallaban en una situaci\u00f3n econ\u00f3mica menos comprometida. Viviendo pobremente, como siempre hizo, intensific\u00f3 su labor caritativa. Auxiliaba a los enfermos, indigentes, reclusos, militares, ni\u00f1os\u2026 En 1686 peregrin\u00f3 a Roma. <\/span><\/p>\n<p><span style=\"font-weight: 400;\">En los meses de permanencia en la Ciudad Eterna, a la que lleg\u00f3 con cartas de recomendaci\u00f3n que ensalzaban su altura humana y espiritual, alcanz\u00f3 su sue\u00f1o de entrevistarse con Inocencio XI. Amigos cardenales lo hicieron posible. El papa le otorg\u00f3 una prebenda en la parroquia de Santa Mar\u00eda del Pino de Barcelona. <\/span><\/p>\n<p><span style=\"font-weight: 400;\">En ella ejerci\u00f3 su acci\u00f3n pastoral con abundantes frutos. Pero no le faltaron detractores. Llevaron sus quejas al prelado y le acusaron ante \u00e9l de imponer a los penitentes mortificaciones como las suyas.\u00a0<\/span><\/p>\n<p><span style=\"font-weight: 400;\">A la muerte del obispo, que vet\u00f3 su labor apost\u00f3lica, sigui\u00f3 en manos de su sucesor. De todos modos, san Jos\u00e9 Oriol quiso ser m\u00e1rtir ardientemente. Por eso, en abril de 1698 parti\u00f3 rumbo a Roma de nuevo, a pesar del clamor de las gentes que tem\u00edan perderle e intentaron disuadirle para que permaneciese entre ellas.<\/span><\/p>\n<p><span style=\"font-weight: 400;\"> \u00c9l pensaba que all\u00ed obtendr\u00eda de la Santa Sede la gracia de poder encaminarse al martirio. Pero la voluntad divina fue que enfermase en Marsella, y la Virgen le hizo ver que deb\u00eda proseguir su misi\u00f3n en Barcelona atendiendo a los enfermos.\u00a0<\/span><\/p>\n<p><span style=\"font-weight: 400;\">Aunque Dios obr\u00f3 numerosos prodigios por su mediaci\u00f3n, siempre los atribuy\u00f3 al arrepentimiento que mostraban quienes le abr\u00edan su coraz\u00f3n. Les hac\u00eda ver que eran sanados directamente por \u00c9l. Humilde y sencillo, rechaz\u00f3 frontalmente cualquier intento de considerarle art\u00edfice de signos extraordinarios. <\/span><\/p>\n<p><span style=\"font-weight: 400;\">Fue agraciado con el don de profec\u00eda, de levitaci\u00f3n, y de milagros. Dios le concedi\u00f3 sanar a los enfermos con una simple bendici\u00f3n. Un inmenso gent\u00edo, que proced\u00eda no solo de Barcelona sino de otros lugares, se arremolinaba en torno a \u00e9l esperando recibir la aspersi\u00f3n del agua bendita y la se\u00f1al de la cruz trazada sobre ellos.\u00a0<\/span><\/p>\n<p><span style=\"font-weight: 400;\">Algunos de sus numerosos milagros fueron memorables. Dos en particular llaman la atenci\u00f3n. El que hizo que recuperase la pierna gangrenada un joven que iba a verla amputada. Y el obrado con un maltrecho paral\u00edtico que viv\u00eda de la limosna de los parroquianos y que pudo caminar s\u00fabitamente.<\/span><\/p>\n<p><span style=\"font-weight: 400;\"> San Jos\u00e9 Oriol vaticin\u00f3 su propia muerte, que se produjo el 23 de marzo de 1702 a consecuencia de una pleures\u00eda cuando ten\u00eda 52 a\u00f1os. Sus postreros instantes discurrieron en una habitaci\u00f3n que le prest\u00f3 un cuchillero. <\/span><\/p>\n<p><span style=\"font-weight: 400;\">Se hallaba rodeado de la gente del barrio que tanto cari\u00f1o le profesaba, de amigos sacerdotes y seglares. Desde la escolan\u00eda de la capilla del Palau cantaban en ese momento, como \u00e9l hab\u00eda solicitado, el <\/span><i><span style=\"font-weight: 400;\">Stabat Mater.<\/span><\/i><span style=\"font-weight: 400;\"> P\u00edo VII lo beatific\u00f3 el 21 de septiembre de 1806. P\u00edo X lo canoniz\u00f3 el 20 de mayo de 1909.<\/span><\/p>\n<p><img loading=\"lazy\" decoding=\"async\" class=\"size-full wp-image-121668 alignnone\" src=\"https:\/\/exaudi.org\/wp-content\/uploads\/2025\/03\/Santoral-15.jpg\" alt=\"\" width=\"1080\" height=\"1080\" srcset=\"https:\/\/exaudi.org\/wp-content\/uploads\/2025\/03\/Santoral-15.jpg 1080w, https:\/\/exaudi.org\/wp-content\/uploads\/2025\/03\/Santoral-15-300x300.jpg 300w, https:\/\/exaudi.org\/wp-content\/uploads\/2025\/03\/Santoral-15-1024x1024.jpg 1024w, https:\/\/exaudi.org\/wp-content\/uploads\/2025\/03\/Santoral-15-100x100.jpg?crop=1 100w, https:\/\/exaudi.org\/wp-content\/uploads\/2025\/03\/Santoral-15-770x770.jpg 770w, https:\/\/exaudi.org\/wp-content\/uploads\/2025\/03\/Santoral-15-500x500.jpg 500w\" sizes=\"auto, (max-width: 1080px) 100vw, 1080px\" \/><\/p>\n<p><img loading=\"lazy\" decoding=\"async\" class=\"alignright wp-image-2208\" src=\"https:\/\/exaudi.org\/wp-content\/uploads\/2021\/02\/santoral-scaled-1-725x1024.jpg\" alt=\"santoral Isabel Orellana\" width=\"262\" height=\"370\" \/><\/p>\n<div class=\"page\" title=\"Page 4\">\n<div class=\"layoutArea\">\n<div class=\"column\">\n<h6><em>\u00a9 <a href=\"https:\/\/exaudi.org\/es\/author\/isabelorellana\/\" target=\"_blank\" rel=\"noopener noreferrer\">Isabel Orellana Vilches<\/a>, 2018<\/em><br \/>\n<em>Autora vinculada a<\/em><br \/>\n<img loading=\"lazy\" decoding=\"async\" class=\"alignnone size-full wp-image-41949\" src=\"https:\/\/www.idente.org\/wp-content\/uploads\/logo-cedro-v01-843x295-1-e1603384654546.png\" alt=\"\" width=\"80\" height=\"28\" \/><br \/>\nObra protegida por derechos de autor.<br \/>\nInscrita en el Registro de la Propiedad Intelectual el 24 de noviembre de 2014.<br \/>\n________________<br \/>\nDerechos de edici\u00f3n reservados:<br \/>\nFundaci\u00f3n <a href=\"https:\/\/rielo.com\/\" target=\"_blank\" rel=\"noopener noreferrer\">Fernando Rielo<\/a><br \/>\nGoya 20, 4.\u00ba izq. int. 28001 Madrid<br \/>\nTlf.: (34) 91 575 40 91<br \/>\nCorreo electr\u00f3nico: fundacion@rielo.com<\/h6>\n<div class=\"page\" title=\"Page 4\">\n<div class=\"layoutArea\">\n<div class=\"column\">\n<h6>Dep\u00f3sito legal: M-18664-2020<br \/>\nISBN: 978-84-946646-6-3<\/h6>\n<\/div>\n<\/div>\n<\/div>\n<\/div>\n<\/div>\n<\/div>\n","protected":false},"excerpt":{"rendered":"<p>Pobreza y oraci\u00f3n<\/p>\n","protected":false},"author":23,"featured_media":158148,"comment_status":"closed","ping_status":"closed","sticky":false,"template":"","format":"standard","meta":{"_acf_changed":false,"_crdt_document":"","inline_featured_image":false,"footnotes":""},"categories":[74,2772],"tags":[388,1116,387,58880],"class_list":["post-7420","post","type-post","status-publish","format-standard","has-post-thumbnail","hentry","category-iglesia-y-mundo","category-santoral","tag-isabel-orellana-vilches","tag-san-jose-oriol","tag-santoral","tag-trending-es-151"],"acf":[],"yoast_head":"<!-- This site is optimized with the Yoast SEO plugin v27.4 - https:\/\/yoast.com\/product\/yoast-seo-wordpress\/ -->\n<title>San Jos\u00e9 Oriol, 23 de marzo &#8211; Exaudi Espa\u00f1a<\/title>\n<meta name=\"description\" content=\"Santoral del 23 de marzo sobre san Jos\u00e9 Oriol, por Isabel Orellana Vilches y la Fundaci\u00f3n Fernando Rielo.\" \/>\n<meta name=\"robots\" content=\"index, follow, max-snippet:-1, max-image-preview:large, max-video-preview:-1\" \/>\n<link rel=\"canonical\" href=\"https:\/\/exaudi.org\/es\/san-jose-oriol-23-marzo\/\" \/>\n<meta property=\"og:locale\" content=\"es_ES\" \/>\n<meta property=\"og:type\" content=\"article\" \/>\n<meta property=\"og:title\" content=\"San Jos\u00e9 Oriol, 23 de marzo &#8211; Exaudi Espa\u00f1a\" \/>\n<meta property=\"og:description\" content=\"Santoral del 23 de marzo sobre san Jos\u00e9 Oriol, por Isabel Orellana Vilches y la Fundaci\u00f3n Fernando Rielo.\" \/>\n<meta property=\"og:url\" content=\"https:\/\/exaudi.org\/es\/san-jose-oriol-23-marzo\/\" \/>\n<meta property=\"og:site_name\" content=\"Exaudi\" \/>\n<meta property=\"article:publisher\" content=\"https:\/\/www.facebook.com\/ExaudiNews\" \/>\n<meta property=\"article:published_time\" content=\"2026-03-23T06:30:39+00:00\" \/>\n<meta property=\"og:image\" content=\"https:\/\/exaudi.org\/wp-content\/uploads\/2025\/03\/Santoral-12-1024x614-1-1024x576-1.jpg\" \/>\n\t<meta property=\"og:image:width\" content=\"1024\" \/>\n\t<meta property=\"og:image:height\" content=\"576\" \/>\n\t<meta property=\"og:image:type\" content=\"image\/jpeg\" \/>\n<meta name=\"author\" content=\"Isabel Orellana\" \/>\n<meta name=\"twitter:card\" content=\"summary_large_image\" \/>\n<meta name=\"twitter:creator\" content=\"@Exaudi_News\" \/>\n<meta name=\"twitter:site\" content=\"@Exaudi_News\" \/>\n<meta name=\"twitter:label1\" content=\"Escrito por\" \/>\n\t<meta name=\"twitter:data1\" content=\"Isabel Orellana\" \/>\n\t<meta name=\"twitter:label2\" content=\"Tiempo de lectura\" \/>\n\t<meta name=\"twitter:data2\" content=\"6 minutos\" \/>\n<script type=\"application\/ld+json\" class=\"yoast-schema-graph\">{\"@context\":\"https:\\\/\\\/schema.org\",\"@graph\":[{\"@type\":\"Article\",\"@id\":\"https:\\\/\\\/exaudi.org\\\/es\\\/san-jose-oriol-23-marzo\\\/#article\",\"isPartOf\":{\"@id\":\"https:\\\/\\\/exaudi.org\\\/es\\\/san-jose-oriol-23-marzo\\\/\"},\"author\":{\"name\":\"Isabel Orellana\",\"@id\":\"https:\\\/\\\/exaudi.org\\\/#\\\/schema\\\/person\\\/64e18b96fd6118559a9217b5b3375fdc\"},\"headline\":\"San Jos\u00e9 Oriol, 23 de marzo\",\"datePublished\":\"2026-03-23T06:30:39+00:00\",\"mainEntityOfPage\":{\"@id\":\"https:\\\/\\\/exaudi.org\\\/es\\\/san-jose-oriol-23-marzo\\\/\"},\"wordCount\":1172,\"image\":{\"@id\":\"https:\\\/\\\/exaudi.org\\\/es\\\/san-jose-oriol-23-marzo\\\/#primaryimage\"},\"thumbnailUrl\":\"https:\\\/\\\/exaudi.org\\\/wp-content\\\/uploads\\\/2025\\\/03\\\/Santoral-12-1024x614-1-1024x576-1.jpg\",\"keywords\":[\"Isabel Orellana Vilches\",\"San Jos\u00e9 Oriol\",\"Santoral\",\"Trending\"],\"articleSection\":[\"Iglesia y Mundo\",\"Santoral\"],\"inLanguage\":\"es\"},{\"@type\":\"WebPage\",\"@id\":\"https:\\\/\\\/exaudi.org\\\/es\\\/san-jose-oriol-23-marzo\\\/\",\"url\":\"https:\\\/\\\/exaudi.org\\\/es\\\/san-jose-oriol-23-marzo\\\/\",\"name\":\"San Jos\u00e9 Oriol, 23 de marzo &#8211; Exaudi Espa\u00f1a\",\"isPartOf\":{\"@id\":\"https:\\\/\\\/exaudi.org\\\/#website\"},\"primaryImageOfPage\":{\"@id\":\"https:\\\/\\\/exaudi.org\\\/es\\\/san-jose-oriol-23-marzo\\\/#primaryimage\"},\"image\":{\"@id\":\"https:\\\/\\\/exaudi.org\\\/es\\\/san-jose-oriol-23-marzo\\\/#primaryimage\"},\"thumbnailUrl\":\"https:\\\/\\\/exaudi.org\\\/wp-content\\\/uploads\\\/2025\\\/03\\\/Santoral-12-1024x614-1-1024x576-1.jpg\",\"datePublished\":\"2026-03-23T06:30:39+00:00\",\"author\":{\"@id\":\"https:\\\/\\\/exaudi.org\\\/#\\\/schema\\\/person\\\/64e18b96fd6118559a9217b5b3375fdc\"},\"description\":\"Santoral del 23 de marzo sobre san Jos\u00e9 Oriol, por Isabel Orellana Vilches y la Fundaci\u00f3n Fernando Rielo.\",\"breadcrumb\":{\"@id\":\"https:\\\/\\\/exaudi.org\\\/es\\\/san-jose-oriol-23-marzo\\\/#breadcrumb\"},\"inLanguage\":\"es\",\"potentialAction\":[{\"@type\":\"ReadAction\",\"target\":[\"https:\\\/\\\/exaudi.org\\\/es\\\/san-jose-oriol-23-marzo\\\/\"]}]},{\"@type\":\"ImageObject\",\"inLanguage\":\"es\",\"@id\":\"https:\\\/\\\/exaudi.org\\\/es\\\/san-jose-oriol-23-marzo\\\/#primaryimage\",\"url\":\"https:\\\/\\\/exaudi.org\\\/wp-content\\\/uploads\\\/2025\\\/03\\\/Santoral-12-1024x614-1-1024x576-1.jpg\",\"contentUrl\":\"https:\\\/\\\/exaudi.org\\\/wp-content\\\/uploads\\\/2025\\\/03\\\/Santoral-12-1024x614-1-1024x576-1.jpg\",\"width\":1024,\"height\":576},{\"@type\":\"BreadcrumbList\",\"@id\":\"https:\\\/\\\/exaudi.org\\\/es\\\/san-jose-oriol-23-marzo\\\/#breadcrumb\",\"itemListElement\":[{\"@type\":\"ListItem\",\"position\":1,\"name\":\"Portada\",\"item\":\"https:\\\/\\\/exaudi.org\\\/es\\\/\"},{\"@type\":\"ListItem\",\"position\":2,\"name\":\"San Jos\u00e9 Oriol, 23 de marzo\"}]},{\"@type\":\"WebSite\",\"@id\":\"https:\\\/\\\/exaudi.org\\\/#website\",\"url\":\"https:\\\/\\\/exaudi.org\\\/\",\"name\":\"Exaudi\",\"description\":\"News\",\"potentialAction\":[{\"@type\":\"SearchAction\",\"target\":{\"@type\":\"EntryPoint\",\"urlTemplate\":\"https:\\\/\\\/exaudi.org\\\/?s={search_term_string}\"},\"query-input\":{\"@type\":\"PropertyValueSpecification\",\"valueRequired\":true,\"valueName\":\"search_term_string\"}}],\"inLanguage\":\"es\"},{\"@type\":\"Person\",\"@id\":\"https:\\\/\\\/exaudi.org\\\/#\\\/schema\\\/person\\\/64e18b96fd6118559a9217b5b3375fdc\",\"name\":\"Isabel Orellana\",\"image\":{\"@type\":\"ImageObject\",\"inLanguage\":\"es\",\"@id\":\"https:\\\/\\\/secure.gravatar.com\\\/avatar\\\/51968380bbb6b22ae85c605634860366fd9a2a611c6341125115bca32cd6c171?s=96&d=mm&r=g\",\"url\":\"https:\\\/\\\/secure.gravatar.com\\\/avatar\\\/51968380bbb6b22ae85c605634860366fd9a2a611c6341125115bca32cd6c171?s=96&d=mm&r=g\",\"contentUrl\":\"https:\\\/\\\/secure.gravatar.com\\\/avatar\\\/51968380bbb6b22ae85c605634860366fd9a2a611c6341125115bca32cd6c171?s=96&d=mm&r=g\",\"caption\":\"Isabel Orellana\"},\"description\":\"Isabel Orellana Vilches Misionera idente. Doctora en Filosof\u00eda por la Universidad Aut\u00f3noma de Barcelona con la tesis Realismo y progreso cient\u00edfico en la epistemolog\u00eda popperiana. Ha cursado estudios de teolog\u00eda en la Universidad Pontificia de Salamanca. Con amplia actividad docente desde 1986, ha publicado libros como: Realismo y progreso cient\u00edfico en la epistemolog\u00eda popperiana, Universitat Aut\u00f2noma de Barcelona, 1993; El evangelio habla a los j\u00f3venes, Atenas, Madrid, 1997; Qu\u00e9 es... LA TOLERANCIA, Paulinas, Madrid, 1999; Pedagog\u00eda del dolor. Ensayo antropol\u00f3gico, Palabra, Madrid, 1999; En colaboraci\u00f3n con Enrique Rivera de Ventosa (\u2020) OFM. Cap. San Francisco de As\u00eds y Fernando Rielo: Convergencias. Respuestas desde la fe a los interrogantes del hombre de hoy, Universidad Pontificia, Salamanca, 2001; La \\\"mirada\\\" del cine. Recursos did\u00e1cticos del s\u00e9ptimo arte. Librer\u00eda Cervantes, Salamanca, 2001; Paradojas de la convivencia, San Pablo, Madrid, 2002; En la Universidad T\u00e9cnica Particular de Loja, Ecuador, ha publicado: La confianza. El arte de amar, 2002; Educar para la responsabilidad, 2003; Apuntes de \u00e9tica en Karl R. Popper, 2003; De soledades y comunicaci\u00f3n, 2005; Yo educo; t\u00fa respondes, 2008; Humanismo y fe en un crisol de culturas, 2008; Repensar lo cotidiano, 2008; Convivir: un constante desaf\u00edo, 2009; La l\u00f3gica del amor, 2010; El dolor del amor. Apuntes sobre la enfermedad y el dolor en relaci\u00f3n con la virtud heroica, el martirio y la vida santa. Seminario Diocesano de M\u00e1laga, 2006 y Universidad T\u00e9cnica Particular de Loja, Ecuador (2007). Cuenta con numerosas colaboraciones en obras colectivas, as\u00ed como relatos, cuentos, f\u00e1bula y novela juvenil, adem\u00e1s de art\u00edculos de tem\u00e1tica cient\u00edfica, pedag\u00f3gica y espiritual, que viene publicando en distintas revistas nacionales e internacionales. En 2012 culmin\u00f3 el santoral Llamados a ser santos y poco m\u00e1s tarde Epopeyas de amor prologado por mons. Fernando Sebasti\u00e1n. Es la bi\u00f3grafa oficial del fundador de su familia espiritual, autora de Fernando Rielo Pardal. Fundador de los Misioneros Identes, Descl\u00e9e de Brouwer, Bilbao, 2009. Culmina la biograf\u00eda completa. Encargada del santoral de ZENIT desde 2012 a 2020 y ahora en Exaudi\",\"url\":\"https:\\\/\\\/exaudi.org\\\/es\\\/author\\\/isabelorellana\\\/\"}]}<\/script>\n<!-- \/ Yoast SEO plugin. -->","yoast_head_json":{"title":"San Jos\u00e9 Oriol, 23 de marzo &#8211; Exaudi Espa\u00f1a","description":"Santoral del 23 de marzo sobre san Jos\u00e9 Oriol, por Isabel Orellana Vilches y la Fundaci\u00f3n Fernando Rielo.","robots":{"index":"index","follow":"follow","max-snippet":"max-snippet:-1","max-image-preview":"max-image-preview:large","max-video-preview":"max-video-preview:-1"},"canonical":"https:\/\/exaudi.org\/es\/san-jose-oriol-23-marzo\/","og_locale":"es_ES","og_type":"article","og_title":"San Jos\u00e9 Oriol, 23 de marzo &#8211; Exaudi Espa\u00f1a","og_description":"Santoral del 23 de marzo sobre san Jos\u00e9 Oriol, por Isabel Orellana Vilches y la Fundaci\u00f3n Fernando Rielo.","og_url":"https:\/\/exaudi.org\/es\/san-jose-oriol-23-marzo\/","og_site_name":"Exaudi","article_publisher":"https:\/\/www.facebook.com\/ExaudiNews","article_published_time":"2026-03-23T06:30:39+00:00","og_image":[{"width":1024,"height":576,"url":"https:\/\/exaudi.org\/wp-content\/uploads\/2025\/03\/Santoral-12-1024x614-1-1024x576-1.jpg","type":"image\/jpeg"}],"author":"Isabel Orellana","twitter_card":"summary_large_image","twitter_creator":"@Exaudi_News","twitter_site":"@Exaudi_News","twitter_misc":{"Escrito por":"Isabel Orellana","Tiempo de lectura":"6 minutos"},"schema":{"@context":"https:\/\/schema.org","@graph":[{"@type":"Article","@id":"https:\/\/exaudi.org\/es\/san-jose-oriol-23-marzo\/#article","isPartOf":{"@id":"https:\/\/exaudi.org\/es\/san-jose-oriol-23-marzo\/"},"author":{"name":"Isabel Orellana","@id":"https:\/\/exaudi.org\/#\/schema\/person\/64e18b96fd6118559a9217b5b3375fdc"},"headline":"San Jos\u00e9 Oriol, 23 de marzo","datePublished":"2026-03-23T06:30:39+00:00","mainEntityOfPage":{"@id":"https:\/\/exaudi.org\/es\/san-jose-oriol-23-marzo\/"},"wordCount":1172,"image":{"@id":"https:\/\/exaudi.org\/es\/san-jose-oriol-23-marzo\/#primaryimage"},"thumbnailUrl":"https:\/\/exaudi.org\/wp-content\/uploads\/2025\/03\/Santoral-12-1024x614-1-1024x576-1.jpg","keywords":["Isabel Orellana Vilches","San Jos\u00e9 Oriol","Santoral","Trending"],"articleSection":["Iglesia y Mundo","Santoral"],"inLanguage":"es"},{"@type":"WebPage","@id":"https:\/\/exaudi.org\/es\/san-jose-oriol-23-marzo\/","url":"https:\/\/exaudi.org\/es\/san-jose-oriol-23-marzo\/","name":"San Jos\u00e9 Oriol, 23 de marzo &#8211; Exaudi Espa\u00f1a","isPartOf":{"@id":"https:\/\/exaudi.org\/#website"},"primaryImageOfPage":{"@id":"https:\/\/exaudi.org\/es\/san-jose-oriol-23-marzo\/#primaryimage"},"image":{"@id":"https:\/\/exaudi.org\/es\/san-jose-oriol-23-marzo\/#primaryimage"},"thumbnailUrl":"https:\/\/exaudi.org\/wp-content\/uploads\/2025\/03\/Santoral-12-1024x614-1-1024x576-1.jpg","datePublished":"2026-03-23T06:30:39+00:00","author":{"@id":"https:\/\/exaudi.org\/#\/schema\/person\/64e18b96fd6118559a9217b5b3375fdc"},"description":"Santoral del 23 de marzo sobre san Jos\u00e9 Oriol, por Isabel Orellana Vilches y la Fundaci\u00f3n Fernando Rielo.","breadcrumb":{"@id":"https:\/\/exaudi.org\/es\/san-jose-oriol-23-marzo\/#breadcrumb"},"inLanguage":"es","potentialAction":[{"@type":"ReadAction","target":["https:\/\/exaudi.org\/es\/san-jose-oriol-23-marzo\/"]}]},{"@type":"ImageObject","inLanguage":"es","@id":"https:\/\/exaudi.org\/es\/san-jose-oriol-23-marzo\/#primaryimage","url":"https:\/\/exaudi.org\/wp-content\/uploads\/2025\/03\/Santoral-12-1024x614-1-1024x576-1.jpg","contentUrl":"https:\/\/exaudi.org\/wp-content\/uploads\/2025\/03\/Santoral-12-1024x614-1-1024x576-1.jpg","width":1024,"height":576},{"@type":"BreadcrumbList","@id":"https:\/\/exaudi.org\/es\/san-jose-oriol-23-marzo\/#breadcrumb","itemListElement":[{"@type":"ListItem","position":1,"name":"Portada","item":"https:\/\/exaudi.org\/es\/"},{"@type":"ListItem","position":2,"name":"San Jos\u00e9 Oriol, 23 de marzo"}]},{"@type":"WebSite","@id":"https:\/\/exaudi.org\/#website","url":"https:\/\/exaudi.org\/","name":"Exaudi","description":"News","potentialAction":[{"@type":"SearchAction","target":{"@type":"EntryPoint","urlTemplate":"https:\/\/exaudi.org\/?s={search_term_string}"},"query-input":{"@type":"PropertyValueSpecification","valueRequired":true,"valueName":"search_term_string"}}],"inLanguage":"es"},{"@type":"Person","@id":"https:\/\/exaudi.org\/#\/schema\/person\/64e18b96fd6118559a9217b5b3375fdc","name":"Isabel Orellana","image":{"@type":"ImageObject","inLanguage":"es","@id":"https:\/\/secure.gravatar.com\/avatar\/51968380bbb6b22ae85c605634860366fd9a2a611c6341125115bca32cd6c171?s=96&d=mm&r=g","url":"https:\/\/secure.gravatar.com\/avatar\/51968380bbb6b22ae85c605634860366fd9a2a611c6341125115bca32cd6c171?s=96&d=mm&r=g","contentUrl":"https:\/\/secure.gravatar.com\/avatar\/51968380bbb6b22ae85c605634860366fd9a2a611c6341125115bca32cd6c171?s=96&d=mm&r=g","caption":"Isabel Orellana"},"description":"Isabel Orellana Vilches Misionera idente. Doctora en Filosof\u00eda por la Universidad Aut\u00f3noma de Barcelona con la tesis Realismo y progreso cient\u00edfico en la epistemolog\u00eda popperiana. Ha cursado estudios de teolog\u00eda en la Universidad Pontificia de Salamanca. Con amplia actividad docente desde 1986, ha publicado libros como: Realismo y progreso cient\u00edfico en la epistemolog\u00eda popperiana, Universitat Aut\u00f2noma de Barcelona, 1993; El evangelio habla a los j\u00f3venes, Atenas, Madrid, 1997; Qu\u00e9 es... LA TOLERANCIA, Paulinas, Madrid, 1999; Pedagog\u00eda del dolor. Ensayo antropol\u00f3gico, Palabra, Madrid, 1999; En colaboraci\u00f3n con Enrique Rivera de Ventosa (\u2020) OFM. Cap. San Francisco de As\u00eds y Fernando Rielo: Convergencias. Respuestas desde la fe a los interrogantes del hombre de hoy, Universidad Pontificia, Salamanca, 2001; La \"mirada\" del cine. Recursos did\u00e1cticos del s\u00e9ptimo arte. Librer\u00eda Cervantes, Salamanca, 2001; Paradojas de la convivencia, San Pablo, Madrid, 2002; En la Universidad T\u00e9cnica Particular de Loja, Ecuador, ha publicado: La confianza. El arte de amar, 2002; Educar para la responsabilidad, 2003; Apuntes de \u00e9tica en Karl R. Popper, 2003; De soledades y comunicaci\u00f3n, 2005; Yo educo; t\u00fa respondes, 2008; Humanismo y fe en un crisol de culturas, 2008; Repensar lo cotidiano, 2008; Convivir: un constante desaf\u00edo, 2009; La l\u00f3gica del amor, 2010; El dolor del amor. Apuntes sobre la enfermedad y el dolor en relaci\u00f3n con la virtud heroica, el martirio y la vida santa. Seminario Diocesano de M\u00e1laga, 2006 y Universidad T\u00e9cnica Particular de Loja, Ecuador (2007). Cuenta con numerosas colaboraciones en obras colectivas, as\u00ed como relatos, cuentos, f\u00e1bula y novela juvenil, adem\u00e1s de art\u00edculos de tem\u00e1tica cient\u00edfica, pedag\u00f3gica y espiritual, que viene publicando en distintas revistas nacionales e internacionales. En 2012 culmin\u00f3 el santoral Llamados a ser santos y poco m\u00e1s tarde Epopeyas de amor prologado por mons. Fernando Sebasti\u00e1n. Es la bi\u00f3grafa oficial del fundador de su familia espiritual, autora de Fernando Rielo Pardal. Fundador de los Misioneros Identes, Descl\u00e9e de Brouwer, Bilbao, 2009. Culmina la biograf\u00eda completa. Encargada del santoral de ZENIT desde 2012 a 2020 y ahora en Exaudi","url":"https:\/\/exaudi.org\/es\/author\/isabelorellana\/"}]}},"jetpack_featured_media_url":"https:\/\/exaudi.org\/wp-content\/uploads\/2025\/03\/Santoral-12-1024x614-1-1024x576-1.jpg","jetpack_shortlink":"https:\/\/wp.me\/pgKjF2-1VG","_links":{"self":[{"href":"https:\/\/exaudi.org\/es\/wp-json\/wp\/v2\/posts\/7420","targetHints":{"allow":["GET"]}}],"collection":[{"href":"https:\/\/exaudi.org\/es\/wp-json\/wp\/v2\/posts"}],"about":[{"href":"https:\/\/exaudi.org\/es\/wp-json\/wp\/v2\/types\/post"}],"author":[{"embeddable":true,"href":"https:\/\/exaudi.org\/es\/wp-json\/wp\/v2\/users\/23"}],"replies":[{"embeddable":true,"href":"https:\/\/exaudi.org\/es\/wp-json\/wp\/v2\/comments?post=7420"}],"version-history":[{"count":3,"href":"https:\/\/exaudi.org\/es\/wp-json\/wp\/v2\/posts\/7420\/revisions"}],"predecessor-version":[{"id":162709,"href":"https:\/\/exaudi.org\/es\/wp-json\/wp\/v2\/posts\/7420\/revisions\/162709"}],"wp:featuredmedia":[{"embeddable":true,"href":"https:\/\/exaudi.org\/es\/wp-json\/wp\/v2\/media\/158148"}],"wp:attachment":[{"href":"https:\/\/exaudi.org\/es\/wp-json\/wp\/v2\/media?parent=7420"}],"wp:term":[{"taxonomy":"category","embeddable":true,"href":"https:\/\/exaudi.org\/es\/wp-json\/wp\/v2\/categories?post=7420"},{"taxonomy":"post_tag","embeddable":true,"href":"https:\/\/exaudi.org\/es\/wp-json\/wp\/v2\/tags?post=7420"}],"curies":[{"name":"wp","href":"https:\/\/api.w.org\/{rel}","templated":true}]}}