{"id":74111,"date":"2023-04-16T11:19:58","date_gmt":"2023-04-16T09:19:58","guid":{"rendered":"https:\/\/exaudi.org\/?p=74111"},"modified":"2023-04-16T11:36:23","modified_gmt":"2023-04-16T09:36:23","slug":"el-papa-ustedes-son-las-manos-de-jesus-cuando-trabajan-unidos","status":"publish","type":"post","link":"https:\/\/exaudi.org\/es\/el-papa-ustedes-son-las-manos-de-jesus-cuando-trabajan-unidos\/","title":{"rendered":"El Papa: \u201cUstedes son las manos de Jes\u00fas, cuando trabajan unidos\u201d"},"content":{"rendered":"<audio class=\"wp-audio-shortcode\" id=\"audio-74111-1\" preload=\"none\" style=\"width: 100%;\" controls=\"controls\"><source type=\"audio\/mpeg\" src=\"https:\/\/exaudi.org\/wp-content\/uploads\/2023\/04\/El-Papa-Ustedes-son-las-manos-de-Jesus-cuando.mp3?_=1\" \/><a href=\"https:\/\/exaudi.org\/wp-content\/uploads\/2023\/04\/El-Papa-Ustedes-son-las-manos-de-Jesus-cuando.mp3\">https:\/\/exaudi.org\/wp-content\/uploads\/2023\/04\/El-Papa-Ustedes-son-las-manos-de-Jesus-cuando.mp3<\/a><\/audio>\n<p>Este s\u00e1bado, 15 de abril de 2023, el Santo Padre Francisco ha recibido en Audiencia, en\u00a0 la Sala Clementina del Palacio Apost\u00f3lico Vaticano a los Miembros de la <a href=\"https:\/\/www.madredelaesperanza.org\/\" target=\"_blank\" rel=\"noopener\">\u201cFundaci\u00f3n Madre Esperanza de Talavera de la Reina\u201d<\/a>,\u00a0organizaci\u00f3n de la Arquidi\u00f3cesis de Toledo, Espa\u00f1a, que acompa\u00f1a a personas con discapacidad intelectual en todas las etapas de su vida, y a sus familias, desde 1973.<\/p>\n<p>Publicamos a continuaci\u00f3n el discurso que el Papa dirigi\u00f3 a los presentes durante la Audiencia:<\/p>\n<p>***<\/p>\n<h3><strong>Discurso del Santo Padre<\/strong><\/h3>\n<p><i>Excelencia,<br \/>\nqueridos hermanos y hermanas:<\/i><\/p>\n<p>Me alegra mucho que est\u00e9n hoy aqu\u00ed y que puedan compartir conmigo y juntos la fiesta de la resurrecci\u00f3n del Se\u00f1or. Una fiesta que se prolonga y que todav\u00eda celebramos, en esta vigilia del Domingo de la Misericordia. S\u00e9 que ustedes tambi\u00e9n tienen otro motivo para celebrar, nada menos que cincuenta a\u00f1os unidos para trabajar y crecer juntos. Y esto es algo muy hermoso.<\/p>\n<p>El camino de la vida es como ese viacrucis que ustedes organizan todos los a\u00f1os para acompa\u00f1ar al Nazareno. Por un lado, hay que preparar muchas cosas, escuchar, aprender, experimentar; en definitiva, ayudarse unos a otros, teniendo muchas veces la humildad de reconocer que no podemos hacerlo solos. Despu\u00e9s hay que pedirle al Se\u00f1or la valent\u00eda de salir a la calle, llevando su imagen para que todos lo puedan contemplar. Y as\u00ed, ustedes llevan a Jes\u00fas a los dem\u00e1s, aunque no se den cuenta, y lo llevan con sus gestos, con sus cantos, con sus oraciones. \u00a1Y es hermoso que en nuestra peque\u00f1ez, podamos ser testigos de Jes\u00fas, misioneros de su misericordia, misioneros de su amor!<\/p>\n<p><img loading=\"lazy\" decoding=\"async\" class=\"size-full wp-image-74128 alignleft\" src=\"https:\/\/exaudi.org\/wp-content\/uploads\/2023\/04\/cq5dam.web_.800.800-4-1.jpeg\" alt=\"\" width=\"800\" height=\"533\" srcset=\"https:\/\/exaudi.org\/wp-content\/uploads\/2023\/04\/cq5dam.web_.800.800-4-1.jpeg 800w, https:\/\/exaudi.org\/wp-content\/uploads\/2023\/04\/cq5dam.web_.800.800-4-1-300x200.jpeg 300w, https:\/\/exaudi.org\/wp-content\/uploads\/2023\/04\/cq5dam.web_.800.800-4-1-770x513.jpeg 770w, https:\/\/exaudi.org\/wp-content\/uploads\/2023\/04\/cq5dam.web_.800.800-4-1-360x240.jpeg?crop=1 360w, https:\/\/exaudi.org\/wp-content\/uploads\/2023\/04\/cq5dam.web_.800.800-4-1-500x333.jpeg 500w, https:\/\/exaudi.org\/wp-content\/uploads\/2023\/04\/cq5dam.web_.800.800-4-1-370x247.jpeg 370w, https:\/\/exaudi.org\/wp-content\/uploads\/2023\/04\/cq5dam.web_.800.800-4-1-293x195.jpeg 293w, https:\/\/exaudi.org\/wp-content\/uploads\/2023\/04\/cq5dam.web_.800.800-4-1-120x80.jpeg 120w, https:\/\/exaudi.org\/wp-content\/uploads\/2023\/04\/cq5dam.web_.800.800-4-1-240x160.jpeg 240w, https:\/\/exaudi.org\/wp-content\/uploads\/2023\/04\/cq5dam.web_.800.800-4-1-390x260.jpeg 390w\" sizes=\"auto, (max-width: 800px) 100vw, 800px\" \/>En la vida, como en ese viacrucis, todos tenemos un trabajo, una tarea. Jes\u00fas nos mira y se alegra de nuestro esfuerzo y del amor que somos capaces de trasmitir nosotros. Algunos de ustedes son artistas, hacen verdaderas obras de arte, que despu\u00e9s se venden. Ser capaces de ganarse la vida es importante, porque el obrero merece su salario, pero creo que el beneficio del trabajo es mayor para aquellos que reciben esos peque\u00f1os objetos, tal vez como regalo, y ven todo el cari\u00f1o que ustedes han sido capaces de poner en su fabricaci\u00f3n. Qu\u00e9 importante ser\u00eda que en la labor de cada persona fu\u00e9semos capaces de ver toda la ilusi\u00f3n de aprender, la paciencia de sus maestros para ense\u00f1arles, el trabajo en equipo que es capaz de hacer que las distintas capacidades de cada uno converjan en un resultado final que es de todos. Y todo este amor, en una cosa tan peque\u00f1a\u2026 Parece incre\u00edble.<\/p>\n<p>He visto, en una foto, que ustedes en su viacrucis llevan a Jes\u00fas cautivo. En esta imagen, Jes\u00fas tiene las manos atadas y una cruz bordada en un peque\u00f1o escapulario. Jes\u00fas se viste as\u00ed para que nos demos cuenta de que muchos hermanos y hermanas que est\u00e1n a nuestro lado no se sienten capaces de hacer las cosas como los dem\u00e1s, y creen que tienen las manos atadas. Pero esto no es verdad, todos juntos, con Jes\u00fas, podemos hacer muchas cosas buenas. Y de esa forma ustedes son las manos de Jes\u00fas, cuando trabajan unidos. Son tambi\u00e9n sus pies, su voz, su Coraz\u00f3n, cuando salen a compartir con los dem\u00e1s la alegr\u00eda de haberlo encontrado. \u00bfY c\u00f3mo? Dando gracias a Dios por sus pap\u00e1s, por sus hermanos, por sus maestros, por sus sacerdotes, por todas las personas que los quieren a ustedes.<\/p>\n<p>La cruz bordada, de colores, los invita a so\u00f1ar con la resurrecci\u00f3n. Jes\u00fas vino al mundo para ense\u00f1arnos el camino del cielo, para abrirnos sus puertas, y esta es la gran alegr\u00eda que celebramos en la resurrecci\u00f3n: somos libres para hacer el bien, para caminar juntos hacia esa meta. Y nuestra cruz \u2014es decir, el esfuerzo, la paciencia, la fatiga\u2014 tiene como resultado una hermosa obra de arte, llena de color y de esperanza, que prendida en nuestro coraz\u00f3n nos da la fuerza y nos anima a seguir adelante.<\/p>\n<p>Que este sea nuestro prop\u00f3sito, al menos para los pr\u00f3ximos cincuenta a\u00f1os: trabajar unidos y agradecer llenos de gozo porque Jes\u00fas nos ha elegido para esta gran misi\u00f3n.<\/p>\n<p>Que Jes\u00fas los bendiga y la Virgen Santa, la Madre de la Esperanza, los cuide siempre. Y, por favor, no se olviden de rezar por m\u00ed. Gracias.<\/p>\n<p><i>(Despu\u00e9s de los aplausos, el Santo Padre imparte la bendici\u00f3n)<\/i><\/p>\n","protected":false},"excerpt":{"rendered":"<p>Audiencia \u201cFundaci\u00f3n Madre Esperanza de Talavera de la Reina\u201d <\/p>\n","protected":false},"author":15,"featured_media":74112,"comment_status":"closed","ping_status":"closed","sticky":false,"template":"","format":"standard","meta":{"_acf_changed":false,"_crdt_document":"","inline_featured_image":false,"footnotes":""},"categories":[124,68],"tags":[168,8886,8885,158,4953],"class_list":["post-74111","post","type-post","status-publish","format-standard","has-post-thumbnail","hentry","category-discursos","category-leon-xiv","tag-audiencia","tag-discapacitados","tag-fundacion-madre-esperanza-de-talavera-de-la-reina","tag-papa-francisco","tag-trending-es"],"acf":[],"yoast_head":"<!-- This site is optimized with the Yoast SEO plugin v27.4 - https:\/\/yoast.com\/product\/yoast-seo-wordpress\/ -->\n<title>El Papa: \u201cUstedes son las manos de Jes\u00fas, cuando trabajan unidos\u201d &#8211; Exaudi<\/title>\n<meta name=\"robots\" content=\"index, follow, max-snippet:-1, max-image-preview:large, max-video-preview:-1\" \/>\n<link rel=\"canonical\" href=\"https:\/\/exaudi.org\/es\/el-papa-ustedes-son-las-manos-de-jesus-cuando-trabajan-unidos\/\" \/>\n<meta property=\"og:locale\" content=\"es_ES\" \/>\n<meta property=\"og:type\" content=\"article\" \/>\n<meta property=\"og:title\" content=\"El Papa: \u201cUstedes son las manos de Jes\u00fas, cuando trabajan unidos\u201d &#8211; Exaudi\" \/>\n<meta property=\"og:description\" content=\"Audiencia \u201cFundaci\u00f3n Madre Esperanza de Talavera de la Reina\u201d\" \/>\n<meta property=\"og:url\" content=\"https:\/\/exaudi.org\/es\/el-papa-ustedes-son-las-manos-de-jesus-cuando-trabajan-unidos\/\" \/>\n<meta property=\"og:site_name\" content=\"Exaudi\" \/>\n<meta property=\"article:publisher\" content=\"https:\/\/www.facebook.com\/ExaudiNews\" \/>\n<meta property=\"article:author\" content=\"https:\/\/www.facebook.com\/ExaudiNoticias\/\" \/>\n<meta property=\"article:published_time\" content=\"2023-04-16T09:19:58+00:00\" \/>\n<meta property=\"article:modified_time\" content=\"2023-04-16T09:36:23+00:00\" \/>\n<meta property=\"og:image\" content=\"https:\/\/exaudi.org\/wp-content\/uploads\/2023\/04\/Fundacion.jpeg\" \/>\n\t<meta property=\"og:image:width\" content=\"1000\" \/>\n\t<meta property=\"og:image:height\" content=\"563\" \/>\n\t<meta property=\"og:image:type\" content=\"image\/jpeg\" \/>\n<meta name=\"author\" content=\"Exaudi Redacci\u00f3n\" \/>\n<meta name=\"twitter:card\" content=\"summary_large_image\" \/>\n<meta name=\"twitter:creator\" content=\"@Exaudi_noticias\" \/>\n<meta name=\"twitter:site\" content=\"@Exaudi_News\" \/>\n<meta name=\"twitter:label1\" content=\"Escrito por\" \/>\n\t<meta name=\"twitter:data1\" content=\"Exaudi Redacci\u00f3n\" \/>\n\t<meta name=\"twitter:label2\" content=\"Tiempo de lectura\" \/>\n\t<meta name=\"twitter:data2\" content=\"4 minutos\" \/>\n<script type=\"application\/ld+json\" class=\"yoast-schema-graph\">{\"@context\":\"https:\\\/\\\/schema.org\",\"@graph\":[{\"@type\":\"Article\",\"@id\":\"https:\\\/\\\/exaudi.org\\\/es\\\/el-papa-ustedes-son-las-manos-de-jesus-cuando-trabajan-unidos\\\/#article\",\"isPartOf\":{\"@id\":\"https:\\\/\\\/exaudi.org\\\/es\\\/el-papa-ustedes-son-las-manos-de-jesus-cuando-trabajan-unidos\\\/\"},\"author\":{\"name\":\"Exaudi Redacci\u00f3n\",\"@id\":\"https:\\\/\\\/exaudi.org\\\/#\\\/schema\\\/person\\\/f5fc8f063065e38742da7afe15f25df7\"},\"headline\":\"El Papa: \u201cUstedes son las manos de Jes\u00fas, cuando trabajan unidos\u201d\",\"datePublished\":\"2023-04-16T09:19:58+00:00\",\"dateModified\":\"2023-04-16T09:36:23+00:00\",\"mainEntityOfPage\":{\"@id\":\"https:\\\/\\\/exaudi.org\\\/es\\\/el-papa-ustedes-son-las-manos-de-jesus-cuando-trabajan-unidos\\\/\"},\"wordCount\":801,\"image\":{\"@id\":\"https:\\\/\\\/exaudi.org\\\/es\\\/el-papa-ustedes-son-las-manos-de-jesus-cuando-trabajan-unidos\\\/#primaryimage\"},\"thumbnailUrl\":\"https:\\\/\\\/exaudi.org\\\/wp-content\\\/uploads\\\/2023\\\/04\\\/Fundacion.jpeg\",\"keywords\":[\"audiencia\",\"Discapacitados\",\"Fundaci\u00f3n Madre Esperanza de Talavera de la Reina\",\"papa francisco\",\"Trending\"],\"articleSection\":[\"Discursos\",\"Le\u00f3n XIV\"],\"inLanguage\":\"es\"},{\"@type\":\"WebPage\",\"@id\":\"https:\\\/\\\/exaudi.org\\\/es\\\/el-papa-ustedes-son-las-manos-de-jesus-cuando-trabajan-unidos\\\/\",\"url\":\"https:\\\/\\\/exaudi.org\\\/es\\\/el-papa-ustedes-son-las-manos-de-jesus-cuando-trabajan-unidos\\\/\",\"name\":\"El Papa: \u201cUstedes son las manos de Jes\u00fas, cuando trabajan unidos\u201d &#8211; Exaudi\",\"isPartOf\":{\"@id\":\"https:\\\/\\\/exaudi.org\\\/#website\"},\"primaryImageOfPage\":{\"@id\":\"https:\\\/\\\/exaudi.org\\\/es\\\/el-papa-ustedes-son-las-manos-de-jesus-cuando-trabajan-unidos\\\/#primaryimage\"},\"image\":{\"@id\":\"https:\\\/\\\/exaudi.org\\\/es\\\/el-papa-ustedes-son-las-manos-de-jesus-cuando-trabajan-unidos\\\/#primaryimage\"},\"thumbnailUrl\":\"https:\\\/\\\/exaudi.org\\\/wp-content\\\/uploads\\\/2023\\\/04\\\/Fundacion.jpeg\",\"datePublished\":\"2023-04-16T09:19:58+00:00\",\"dateModified\":\"2023-04-16T09:36:23+00:00\",\"author\":{\"@id\":\"https:\\\/\\\/exaudi.org\\\/#\\\/schema\\\/person\\\/f5fc8f063065e38742da7afe15f25df7\"},\"breadcrumb\":{\"@id\":\"https:\\\/\\\/exaudi.org\\\/es\\\/el-papa-ustedes-son-las-manos-de-jesus-cuando-trabajan-unidos\\\/#breadcrumb\"},\"inLanguage\":\"es\",\"potentialAction\":[{\"@type\":\"ReadAction\",\"target\":[\"https:\\\/\\\/exaudi.org\\\/es\\\/el-papa-ustedes-son-las-manos-de-jesus-cuando-trabajan-unidos\\\/\"]}]},{\"@type\":\"ImageObject\",\"inLanguage\":\"es\",\"@id\":\"https:\\\/\\\/exaudi.org\\\/es\\\/el-papa-ustedes-son-las-manos-de-jesus-cuando-trabajan-unidos\\\/#primaryimage\",\"url\":\"https:\\\/\\\/exaudi.org\\\/wp-content\\\/uploads\\\/2023\\\/04\\\/Fundacion.jpeg\",\"contentUrl\":\"https:\\\/\\\/exaudi.org\\\/wp-content\\\/uploads\\\/2023\\\/04\\\/Fundacion.jpeg\",\"width\":1000,\"height\":563,\"caption\":\"Fundaci\u00f3n Madre de la Esperanza Talavera de la Reina \u00a9 Vatican Media\"},{\"@type\":\"BreadcrumbList\",\"@id\":\"https:\\\/\\\/exaudi.org\\\/es\\\/el-papa-ustedes-son-las-manos-de-jesus-cuando-trabajan-unidos\\\/#breadcrumb\",\"itemListElement\":[{\"@type\":\"ListItem\",\"position\":1,\"name\":\"Portada\",\"item\":\"https:\\\/\\\/exaudi.org\\\/es\\\/\"},{\"@type\":\"ListItem\",\"position\":2,\"name\":\"El Papa: \u201cUstedes son las manos de Jes\u00fas, cuando trabajan unidos\u201d\"}]},{\"@type\":\"WebSite\",\"@id\":\"https:\\\/\\\/exaudi.org\\\/#website\",\"url\":\"https:\\\/\\\/exaudi.org\\\/\",\"name\":\"Exaudi\",\"description\":\"News\",\"potentialAction\":[{\"@type\":\"SearchAction\",\"target\":{\"@type\":\"EntryPoint\",\"urlTemplate\":\"https:\\\/\\\/exaudi.org\\\/?s={search_term_string}\"},\"query-input\":{\"@type\":\"PropertyValueSpecification\",\"valueRequired\":true,\"valueName\":\"search_term_string\"}}],\"inLanguage\":\"es\"},{\"@type\":\"Person\",\"@id\":\"https:\\\/\\\/exaudi.org\\\/#\\\/schema\\\/person\\\/f5fc8f063065e38742da7afe15f25df7\",\"name\":\"Exaudi Redacci\u00f3n\",\"image\":{\"@type\":\"ImageObject\",\"inLanguage\":\"es\",\"@id\":\"https:\\\/\\\/secure.gravatar.com\\\/avatar\\\/fe0f6a059fb68d9b3e11bc5850dd4899b1c7492091a3cb6dd9b01b56ad828be2?s=96&d=mm&r=g\",\"url\":\"https:\\\/\\\/secure.gravatar.com\\\/avatar\\\/fe0f6a059fb68d9b3e11bc5850dd4899b1c7492091a3cb6dd9b01b56ad828be2?s=96&d=mm&r=g\",\"contentUrl\":\"https:\\\/\\\/secure.gravatar.com\\\/avatar\\\/fe0f6a059fb68d9b3e11bc5850dd4899b1c7492091a3cb6dd9b01b56ad828be2?s=96&d=mm&r=g\",\"caption\":\"Exaudi Redacci\u00f3n\"},\"description\":\"\u00bfQu\u00e9 es Exaudi News? Exaudi News es un medio de comunicaci\u00f3n cat\u00f3lico internacional que informa, forma y transforma, diariamente en espa\u00f1ol, ingl\u00e9s e italiano. A trav\u00e9s de noticias, art\u00edculos de an\u00e1lisis y transmisiones en directo de los eventos del Papa, Exaudi busca fortalecer la unidad de los cristianos y contribuir a la evangelizaci\u00f3n del mundo, siempre guiados por la doctrina social de la Iglesia. Trabajamos para acercar la verdad y los valores cristianos a cada rinc\u00f3n del planeta. \u00a1Ay\u00fadanos a transformar el mundo con Exaudi! En Exaudi creemos que la evangelizaci\u00f3n y la informaci\u00f3n de calidad pueden cambiar vidas. Para continuar con nuestra misi\u00f3n y expandir nuestro alcance, necesitamos tu ayuda. Adem\u00e1s, buscamos personas comprometidas que deseen unirse a nuestro equipo. Con tu apoyo, lograremos llegar a m\u00e1s personas, difundir el mensaje de Cristo y reforzar la unidad de los cristianos. \u00bfTe unes a nuestra misi\u00f3n? Para m\u00e1s informaci\u00f3n sobre c\u00f3mo colaborar, visita Exaudi.org\\\/es o cont\u00e1ctanos directamente: info@exaudi.org Exaudi: Informa, forma y transforma.\",\"sameAs\":[\"https:\\\/\\\/www.facebook.com\\\/ExaudiNoticias\\\/\",\"https:\\\/\\\/www.instagram.com\\\/exaudi_noticias\\\/\",\"https:\\\/\\\/x.com\\\/Exaudi_noticias\",\"https:\\\/\\\/www.youtube.com\\\/@exaudicatholicnews\"],\"url\":\"https:\\\/\\\/exaudi.org\\\/es\\\/author\\\/redaccionexaudi\\\/\"}]}<\/script>\n<!-- \/ Yoast SEO plugin. -->","yoast_head_json":{"title":"El Papa: \u201cUstedes son las manos de Jes\u00fas, cuando trabajan unidos\u201d &#8211; Exaudi","robots":{"index":"index","follow":"follow","max-snippet":"max-snippet:-1","max-image-preview":"max-image-preview:large","max-video-preview":"max-video-preview:-1"},"canonical":"https:\/\/exaudi.org\/es\/el-papa-ustedes-son-las-manos-de-jesus-cuando-trabajan-unidos\/","og_locale":"es_ES","og_type":"article","og_title":"El Papa: \u201cUstedes son las manos de Jes\u00fas, cuando trabajan unidos\u201d &#8211; Exaudi","og_description":"Audiencia \u201cFundaci\u00f3n Madre Esperanza de Talavera de la Reina\u201d","og_url":"https:\/\/exaudi.org\/es\/el-papa-ustedes-son-las-manos-de-jesus-cuando-trabajan-unidos\/","og_site_name":"Exaudi","article_publisher":"https:\/\/www.facebook.com\/ExaudiNews","article_author":"https:\/\/www.facebook.com\/ExaudiNoticias\/","article_published_time":"2023-04-16T09:19:58+00:00","article_modified_time":"2023-04-16T09:36:23+00:00","og_image":[{"width":1000,"height":563,"url":"https:\/\/exaudi.org\/wp-content\/uploads\/2023\/04\/Fundacion.jpeg","type":"image\/jpeg"}],"author":"Exaudi Redacci\u00f3n","twitter_card":"summary_large_image","twitter_creator":"@Exaudi_noticias","twitter_site":"@Exaudi_News","twitter_misc":{"Escrito por":"Exaudi Redacci\u00f3n","Tiempo de lectura":"4 minutos"},"schema":{"@context":"https:\/\/schema.org","@graph":[{"@type":"Article","@id":"https:\/\/exaudi.org\/es\/el-papa-ustedes-son-las-manos-de-jesus-cuando-trabajan-unidos\/#article","isPartOf":{"@id":"https:\/\/exaudi.org\/es\/el-papa-ustedes-son-las-manos-de-jesus-cuando-trabajan-unidos\/"},"author":{"name":"Exaudi Redacci\u00f3n","@id":"https:\/\/exaudi.org\/#\/schema\/person\/f5fc8f063065e38742da7afe15f25df7"},"headline":"El Papa: \u201cUstedes son las manos de Jes\u00fas, cuando trabajan unidos\u201d","datePublished":"2023-04-16T09:19:58+00:00","dateModified":"2023-04-16T09:36:23+00:00","mainEntityOfPage":{"@id":"https:\/\/exaudi.org\/es\/el-papa-ustedes-son-las-manos-de-jesus-cuando-trabajan-unidos\/"},"wordCount":801,"image":{"@id":"https:\/\/exaudi.org\/es\/el-papa-ustedes-son-las-manos-de-jesus-cuando-trabajan-unidos\/#primaryimage"},"thumbnailUrl":"https:\/\/exaudi.org\/wp-content\/uploads\/2023\/04\/Fundacion.jpeg","keywords":["audiencia","Discapacitados","Fundaci\u00f3n Madre Esperanza de Talavera de la Reina","papa francisco","Trending"],"articleSection":["Discursos","Le\u00f3n XIV"],"inLanguage":"es"},{"@type":"WebPage","@id":"https:\/\/exaudi.org\/es\/el-papa-ustedes-son-las-manos-de-jesus-cuando-trabajan-unidos\/","url":"https:\/\/exaudi.org\/es\/el-papa-ustedes-son-las-manos-de-jesus-cuando-trabajan-unidos\/","name":"El Papa: \u201cUstedes son las manos de Jes\u00fas, cuando trabajan unidos\u201d &#8211; Exaudi","isPartOf":{"@id":"https:\/\/exaudi.org\/#website"},"primaryImageOfPage":{"@id":"https:\/\/exaudi.org\/es\/el-papa-ustedes-son-las-manos-de-jesus-cuando-trabajan-unidos\/#primaryimage"},"image":{"@id":"https:\/\/exaudi.org\/es\/el-papa-ustedes-son-las-manos-de-jesus-cuando-trabajan-unidos\/#primaryimage"},"thumbnailUrl":"https:\/\/exaudi.org\/wp-content\/uploads\/2023\/04\/Fundacion.jpeg","datePublished":"2023-04-16T09:19:58+00:00","dateModified":"2023-04-16T09:36:23+00:00","author":{"@id":"https:\/\/exaudi.org\/#\/schema\/person\/f5fc8f063065e38742da7afe15f25df7"},"breadcrumb":{"@id":"https:\/\/exaudi.org\/es\/el-papa-ustedes-son-las-manos-de-jesus-cuando-trabajan-unidos\/#breadcrumb"},"inLanguage":"es","potentialAction":[{"@type":"ReadAction","target":["https:\/\/exaudi.org\/es\/el-papa-ustedes-son-las-manos-de-jesus-cuando-trabajan-unidos\/"]}]},{"@type":"ImageObject","inLanguage":"es","@id":"https:\/\/exaudi.org\/es\/el-papa-ustedes-son-las-manos-de-jesus-cuando-trabajan-unidos\/#primaryimage","url":"https:\/\/exaudi.org\/wp-content\/uploads\/2023\/04\/Fundacion.jpeg","contentUrl":"https:\/\/exaudi.org\/wp-content\/uploads\/2023\/04\/Fundacion.jpeg","width":1000,"height":563,"caption":"Fundaci\u00f3n Madre de la Esperanza Talavera de la Reina \u00a9 Vatican Media"},{"@type":"BreadcrumbList","@id":"https:\/\/exaudi.org\/es\/el-papa-ustedes-son-las-manos-de-jesus-cuando-trabajan-unidos\/#breadcrumb","itemListElement":[{"@type":"ListItem","position":1,"name":"Portada","item":"https:\/\/exaudi.org\/es\/"},{"@type":"ListItem","position":2,"name":"El Papa: \u201cUstedes son las manos de Jes\u00fas, cuando trabajan unidos\u201d"}]},{"@type":"WebSite","@id":"https:\/\/exaudi.org\/#website","url":"https:\/\/exaudi.org\/","name":"Exaudi","description":"News","potentialAction":[{"@type":"SearchAction","target":{"@type":"EntryPoint","urlTemplate":"https:\/\/exaudi.org\/?s={search_term_string}"},"query-input":{"@type":"PropertyValueSpecification","valueRequired":true,"valueName":"search_term_string"}}],"inLanguage":"es"},{"@type":"Person","@id":"https:\/\/exaudi.org\/#\/schema\/person\/f5fc8f063065e38742da7afe15f25df7","name":"Exaudi Redacci\u00f3n","image":{"@type":"ImageObject","inLanguage":"es","@id":"https:\/\/secure.gravatar.com\/avatar\/fe0f6a059fb68d9b3e11bc5850dd4899b1c7492091a3cb6dd9b01b56ad828be2?s=96&d=mm&r=g","url":"https:\/\/secure.gravatar.com\/avatar\/fe0f6a059fb68d9b3e11bc5850dd4899b1c7492091a3cb6dd9b01b56ad828be2?s=96&d=mm&r=g","contentUrl":"https:\/\/secure.gravatar.com\/avatar\/fe0f6a059fb68d9b3e11bc5850dd4899b1c7492091a3cb6dd9b01b56ad828be2?s=96&d=mm&r=g","caption":"Exaudi Redacci\u00f3n"},"description":"\u00bfQu\u00e9 es Exaudi News? Exaudi News es un medio de comunicaci\u00f3n cat\u00f3lico internacional que informa, forma y transforma, diariamente en espa\u00f1ol, ingl\u00e9s e italiano. A trav\u00e9s de noticias, art\u00edculos de an\u00e1lisis y transmisiones en directo de los eventos del Papa, Exaudi busca fortalecer la unidad de los cristianos y contribuir a la evangelizaci\u00f3n del mundo, siempre guiados por la doctrina social de la Iglesia. Trabajamos para acercar la verdad y los valores cristianos a cada rinc\u00f3n del planeta. \u00a1Ay\u00fadanos a transformar el mundo con Exaudi! En Exaudi creemos que la evangelizaci\u00f3n y la informaci\u00f3n de calidad pueden cambiar vidas. Para continuar con nuestra misi\u00f3n y expandir nuestro alcance, necesitamos tu ayuda. Adem\u00e1s, buscamos personas comprometidas que deseen unirse a nuestro equipo. Con tu apoyo, lograremos llegar a m\u00e1s personas, difundir el mensaje de Cristo y reforzar la unidad de los cristianos. \u00bfTe unes a nuestra misi\u00f3n? Para m\u00e1s informaci\u00f3n sobre c\u00f3mo colaborar, visita Exaudi.org\/es o cont\u00e1ctanos directamente: info@exaudi.org Exaudi: Informa, forma y transforma.","sameAs":["https:\/\/www.facebook.com\/ExaudiNoticias\/","https:\/\/www.instagram.com\/exaudi_noticias\/","https:\/\/x.com\/Exaudi_noticias","https:\/\/www.youtube.com\/@exaudicatholicnews"],"url":"https:\/\/exaudi.org\/es\/author\/redaccionexaudi\/"}]}},"jetpack_featured_media_url":"https:\/\/exaudi.org\/wp-content\/uploads\/2023\/04\/Fundacion.jpeg","jetpack_shortlink":"https:\/\/wp.me\/pgKjF2-jhl","_links":{"self":[{"href":"https:\/\/exaudi.org\/es\/wp-json\/wp\/v2\/posts\/74111","targetHints":{"allow":["GET"]}}],"collection":[{"href":"https:\/\/exaudi.org\/es\/wp-json\/wp\/v2\/posts"}],"about":[{"href":"https:\/\/exaudi.org\/es\/wp-json\/wp\/v2\/types\/post"}],"author":[{"embeddable":true,"href":"https:\/\/exaudi.org\/es\/wp-json\/wp\/v2\/users\/15"}],"replies":[{"embeddable":true,"href":"https:\/\/exaudi.org\/es\/wp-json\/wp\/v2\/comments?post=74111"}],"version-history":[{"count":0,"href":"https:\/\/exaudi.org\/es\/wp-json\/wp\/v2\/posts\/74111\/revisions"}],"wp:featuredmedia":[{"embeddable":true,"href":"https:\/\/exaudi.org\/es\/wp-json\/wp\/v2\/media\/74112"}],"wp:attachment":[{"href":"https:\/\/exaudi.org\/es\/wp-json\/wp\/v2\/media?parent=74111"}],"wp:term":[{"taxonomy":"category","embeddable":true,"href":"https:\/\/exaudi.org\/es\/wp-json\/wp\/v2\/categories?post=74111"},{"taxonomy":"post_tag","embeddable":true,"href":"https:\/\/exaudi.org\/es\/wp-json\/wp\/v2\/tags?post=74111"}],"curies":[{"name":"wp","href":"https:\/\/api.w.org\/{rel}","templated":true}]}}