{"id":73897,"date":"2023-04-10T15:46:38","date_gmt":"2023-04-10T13:46:38","guid":{"rendered":"https:\/\/exaudi.org\/?p=73897"},"modified":"2023-04-11T12:17:47","modified_gmt":"2023-04-11T10:17:47","slug":"veinticinco-anos-del-llamado-acuerdo-de-viernes-santo-o-de-belfast","status":"publish","type":"post","link":"https:\/\/exaudi.org\/es\/veinticinco-anos-del-llamado-acuerdo-de-viernes-santo-o-de-belfast\/","title":{"rendered":"Veinticinco a\u00f1os del llamado \u00abAcuerdo de Viernes Santo o de Belfast\u00bb"},"content":{"rendered":"<audio class=\"wp-audio-shortcode\" id=\"audio-73897-1\" preload=\"none\" style=\"width: 100%;\" controls=\"controls\"><source type=\"audio\/mpeg\" src=\"https:\/\/exaudi.org\/wp-content\/uploads\/2023\/04\/Veinticinco-anos-del-llamado-Acuerdo-de-Viernes.mp3?_=1\" \/><a href=\"https:\/\/exaudi.org\/wp-content\/uploads\/2023\/04\/Veinticinco-anos-del-llamado-Acuerdo-de-Viernes.mp3\">https:\/\/exaudi.org\/wp-content\/uploads\/2023\/04\/Veinticinco-anos-del-llamado-Acuerdo-de-Viernes.mp3<\/a><\/audio>\n<p>Hoy se cumplen veinticinco a\u00f1os del llamado \u00abAcuerdo de Viernes Santo o de Belfast\u00bb, que puso fin a la violencia que hab\u00eda perturbado a Irlanda del Norte durante d\u00e9cadas. dijo el Papa al final del <a href=\"https:\/\/exaudi.org\/es\/el-papa-anuncia-al-senor-y-lo-encontraras\/\" target=\"_blank\" rel=\"noopener\"><em>Regina Coeli<\/em><\/a>, de este lunes del \u00c1ngel, 10 de abril de 2023.<\/p>\n<p>Estas fueron las palabras del Papa\u00a0 Francisco despu\u00e9s de la oraci\u00f3n mariana, ofrecidas por la\u00a0<a href=\"https:\/\/www.vatican.va\/news_services\/press\/index_sp.htm\" target=\"_blank\" rel=\"noopener\">Oficina de Prensa de la Santa Sede<\/a>.<\/p>\n<p>***<\/p>\n<h2><b>Palabras del Papa<\/b><\/h2>\n<p>Queridos hermanos y hermanas:<\/p>\n<p>Hoy se cumplen veinticinco a\u00f1os del llamado \u00abAcuerdo de Viernes Santo o de Belfast\u00bb, que puso fin a la violencia que hab\u00eda perturbado a Irlanda del Norte durante d\u00e9cadas. Con esp\u00edritu de gratitud, ruego al Dios de la paz que lo conseguido en aquel hist\u00f3rico paso se consolide en beneficio de todos los hombres y mujeres de la isla de Irlanda.<\/p>\n<p>Renuevo mis deseos de una feliz Pascua a todos ustedes, romanos y peregrinos de diversos pa\u00edses: \u00abCristo ha resucitado; verdaderamente ha resucitado\u00bb. Los saludo cordialmente, especialmente a los adolescentes de las parroquias de Vigevano, a los chicos de Pisa y a los de Appiano Gentile.<\/p>\n<p>Doy las gracias a todos los que, en estos d\u00edas, me han enviado expresiones de buenos deseos. Agradezco especialmente las oraciones. \u00a1Que por intercesi\u00f3n de la Virgen Mar\u00eda, Dios recompense a cada uno con sus dones!<\/p>\n<p>Y deseo a todos que pasen estos d\u00edas de la Octava de Pascua, en los que se prolonga la celebraci\u00f3n de la Resurrecci\u00f3n de Cristo, en la alegr\u00eda de la fe. Perseveremos invocando el don de la paz para el mundo entero, especialmente para la querida y atormentada Ucrania.<\/p>\n<p>\u00a1Feliz lunes del \u00c1ngel! Por favor, no se olviden de rezar por m\u00ed. Buen almuerzo y hasta pronto.<\/p>\n","protected":false},"excerpt":{"rendered":"<p>Palabras del Santo Padre despu\u00e9s de la oraci\u00f3n mariana<\/p>\n","protected":false},"author":15,"featured_media":56452,"comment_status":"closed","ping_status":"closed","sticky":false,"template":"","format":"standard","meta":{"_acf_changed":false,"_crdt_document":"","inline_featured_image":false,"footnotes":""},"categories":[68,1387],"tags":[8852,4953],"class_list":["post-73897","post","type-post","status-publish","format-standard","has-post-thumbnail","hentry","category-leon-xiv","category-regina-coeli-es","tag-regina-coeli-10-abril-2023","tag-trending-es"],"acf":[],"yoast_head":"<!-- This site is optimized with the Yoast SEO plugin v27.4 - https:\/\/yoast.com\/product\/yoast-seo-wordpress\/ -->\n<title>Veinticinco a\u00f1os del llamado &quot;Acuerdo de Viernes Santo o de Belfast&quot; &#8211; Exaudi<\/title>\n<meta name=\"robots\" content=\"index, follow, max-snippet:-1, max-image-preview:large, max-video-preview:-1\" \/>\n<link rel=\"canonical\" href=\"https:\/\/exaudi.org\/es\/veinticinco-anos-del-llamado-acuerdo-de-viernes-santo-o-de-belfast\/\" \/>\n<meta property=\"og:locale\" content=\"es_ES\" \/>\n<meta property=\"og:type\" content=\"article\" \/>\n<meta property=\"og:title\" content=\"Veinticinco a\u00f1os del llamado &quot;Acuerdo de Viernes Santo o de Belfast&quot; &#8211; Exaudi\" \/>\n<meta property=\"og:description\" content=\"Palabras del Santo Padre despu\u00e9s de la oraci\u00f3n mariana\" \/>\n<meta property=\"og:url\" content=\"https:\/\/exaudi.org\/es\/veinticinco-anos-del-llamado-acuerdo-de-viernes-santo-o-de-belfast\/\" \/>\n<meta property=\"og:site_name\" content=\"Exaudi\" \/>\n<meta property=\"article:publisher\" content=\"https:\/\/www.facebook.com\/ExaudiNews\" \/>\n<meta property=\"article:author\" content=\"https:\/\/www.facebook.com\/ExaudiNoticias\/\" \/>\n<meta property=\"article:published_time\" content=\"2023-04-10T13:46:38+00:00\" \/>\n<meta property=\"article:modified_time\" content=\"2023-04-11T10:17:47+00:00\" \/>\n<meta property=\"og:image\" content=\"https:\/\/exaudi.org\/wp-content\/uploads\/2022\/05\/Regina-Coeli-1-mayo-2022--scaled.jpg\" \/>\n\t<meta property=\"og:image:width\" content=\"2560\" \/>\n\t<meta property=\"og:image:height\" content=\"1707\" \/>\n\t<meta property=\"og:image:type\" content=\"image\/jpeg\" \/>\n<meta name=\"author\" content=\"Exaudi Redacci\u00f3n\" \/>\n<meta name=\"twitter:card\" content=\"summary_large_image\" \/>\n<meta name=\"twitter:creator\" content=\"@Exaudi_noticias\" \/>\n<meta name=\"twitter:site\" content=\"@Exaudi_News\" \/>\n<meta name=\"twitter:label1\" content=\"Escrito por\" \/>\n\t<meta name=\"twitter:data1\" content=\"Exaudi Redacci\u00f3n\" \/>\n\t<meta name=\"twitter:label2\" content=\"Tiempo de lectura\" \/>\n\t<meta name=\"twitter:data2\" content=\"2 minutos\" \/>\n<script type=\"application\/ld+json\" class=\"yoast-schema-graph\">{\"@context\":\"https:\\\/\\\/schema.org\",\"@graph\":[{\"@type\":\"Article\",\"@id\":\"https:\\\/\\\/exaudi.org\\\/es\\\/veinticinco-anos-del-llamado-acuerdo-de-viernes-santo-o-de-belfast\\\/#article\",\"isPartOf\":{\"@id\":\"https:\\\/\\\/exaudi.org\\\/es\\\/veinticinco-anos-del-llamado-acuerdo-de-viernes-santo-o-de-belfast\\\/\"},\"author\":{\"name\":\"Exaudi Redacci\u00f3n\",\"@id\":\"https:\\\/\\\/exaudi.org\\\/#\\\/schema\\\/person\\\/f5fc8f063065e38742da7afe15f25df7\"},\"headline\":\"Veinticinco a\u00f1os del llamado \u00abAcuerdo de Viernes Santo o de Belfast\u00bb\",\"datePublished\":\"2023-04-10T13:46:38+00:00\",\"dateModified\":\"2023-04-11T10:17:47+00:00\",\"mainEntityOfPage\":{\"@id\":\"https:\\\/\\\/exaudi.org\\\/es\\\/veinticinco-anos-del-llamado-acuerdo-de-viernes-santo-o-de-belfast\\\/\"},\"wordCount\":323,\"image\":{\"@id\":\"https:\\\/\\\/exaudi.org\\\/es\\\/veinticinco-anos-del-llamado-acuerdo-de-viernes-santo-o-de-belfast\\\/#primaryimage\"},\"thumbnailUrl\":\"https:\\\/\\\/exaudi.org\\\/wp-content\\\/uploads\\\/2022\\\/05\\\/Regina-Coeli-1-mayo-2022--scaled.jpg\",\"keywords\":[\"Regina Coeli 10 Abril 2023\",\"Trending\"],\"articleSection\":[\"Le\u00f3n XIV\",\"Regina Coeli\"],\"inLanguage\":\"es\"},{\"@type\":\"WebPage\",\"@id\":\"https:\\\/\\\/exaudi.org\\\/es\\\/veinticinco-anos-del-llamado-acuerdo-de-viernes-santo-o-de-belfast\\\/\",\"url\":\"https:\\\/\\\/exaudi.org\\\/es\\\/veinticinco-anos-del-llamado-acuerdo-de-viernes-santo-o-de-belfast\\\/\",\"name\":\"Veinticinco a\u00f1os del llamado \\\"Acuerdo de Viernes Santo o de Belfast\\\" &#8211; Exaudi\",\"isPartOf\":{\"@id\":\"https:\\\/\\\/exaudi.org\\\/#website\"},\"primaryImageOfPage\":{\"@id\":\"https:\\\/\\\/exaudi.org\\\/es\\\/veinticinco-anos-del-llamado-acuerdo-de-viernes-santo-o-de-belfast\\\/#primaryimage\"},\"image\":{\"@id\":\"https:\\\/\\\/exaudi.org\\\/es\\\/veinticinco-anos-del-llamado-acuerdo-de-viernes-santo-o-de-belfast\\\/#primaryimage\"},\"thumbnailUrl\":\"https:\\\/\\\/exaudi.org\\\/wp-content\\\/uploads\\\/2022\\\/05\\\/Regina-Coeli-1-mayo-2022--scaled.jpg\",\"datePublished\":\"2023-04-10T13:46:38+00:00\",\"dateModified\":\"2023-04-11T10:17:47+00:00\",\"author\":{\"@id\":\"https:\\\/\\\/exaudi.org\\\/#\\\/schema\\\/person\\\/f5fc8f063065e38742da7afe15f25df7\"},\"breadcrumb\":{\"@id\":\"https:\\\/\\\/exaudi.org\\\/es\\\/veinticinco-anos-del-llamado-acuerdo-de-viernes-santo-o-de-belfast\\\/#breadcrumb\"},\"inLanguage\":\"es\",\"potentialAction\":[{\"@type\":\"ReadAction\",\"target\":[\"https:\\\/\\\/exaudi.org\\\/es\\\/veinticinco-anos-del-llamado-acuerdo-de-viernes-santo-o-de-belfast\\\/\"]}]},{\"@type\":\"ImageObject\",\"inLanguage\":\"es\",\"@id\":\"https:\\\/\\\/exaudi.org\\\/es\\\/veinticinco-anos-del-llamado-acuerdo-de-viernes-santo-o-de-belfast\\\/#primaryimage\",\"url\":\"https:\\\/\\\/exaudi.org\\\/wp-content\\\/uploads\\\/2022\\\/05\\\/Regina-Coeli-1-mayo-2022--scaled.jpg\",\"contentUrl\":\"https:\\\/\\\/exaudi.org\\\/wp-content\\\/uploads\\\/2022\\\/05\\\/Regina-Coeli-1-mayo-2022--scaled.jpg\",\"width\":2560,\"height\":1707,\"caption\":\"Regina Coeli 1 mayo 2022 \u00a9 Vatican Media\"},{\"@type\":\"BreadcrumbList\",\"@id\":\"https:\\\/\\\/exaudi.org\\\/es\\\/veinticinco-anos-del-llamado-acuerdo-de-viernes-santo-o-de-belfast\\\/#breadcrumb\",\"itemListElement\":[{\"@type\":\"ListItem\",\"position\":1,\"name\":\"Portada\",\"item\":\"https:\\\/\\\/exaudi.org\\\/es\\\/\"},{\"@type\":\"ListItem\",\"position\":2,\"name\":\"Veinticinco a\u00f1os del llamado \u00abAcuerdo de Viernes Santo o de Belfast\u00bb\"}]},{\"@type\":\"WebSite\",\"@id\":\"https:\\\/\\\/exaudi.org\\\/#website\",\"url\":\"https:\\\/\\\/exaudi.org\\\/\",\"name\":\"Exaudi\",\"description\":\"News\",\"potentialAction\":[{\"@type\":\"SearchAction\",\"target\":{\"@type\":\"EntryPoint\",\"urlTemplate\":\"https:\\\/\\\/exaudi.org\\\/?s={search_term_string}\"},\"query-input\":{\"@type\":\"PropertyValueSpecification\",\"valueRequired\":true,\"valueName\":\"search_term_string\"}}],\"inLanguage\":\"es\"},{\"@type\":\"Person\",\"@id\":\"https:\\\/\\\/exaudi.org\\\/#\\\/schema\\\/person\\\/f5fc8f063065e38742da7afe15f25df7\",\"name\":\"Exaudi Redacci\u00f3n\",\"image\":{\"@type\":\"ImageObject\",\"inLanguage\":\"es\",\"@id\":\"https:\\\/\\\/secure.gravatar.com\\\/avatar\\\/fe0f6a059fb68d9b3e11bc5850dd4899b1c7492091a3cb6dd9b01b56ad828be2?s=96&d=mm&r=g\",\"url\":\"https:\\\/\\\/secure.gravatar.com\\\/avatar\\\/fe0f6a059fb68d9b3e11bc5850dd4899b1c7492091a3cb6dd9b01b56ad828be2?s=96&d=mm&r=g\",\"contentUrl\":\"https:\\\/\\\/secure.gravatar.com\\\/avatar\\\/fe0f6a059fb68d9b3e11bc5850dd4899b1c7492091a3cb6dd9b01b56ad828be2?s=96&d=mm&r=g\",\"caption\":\"Exaudi Redacci\u00f3n\"},\"description\":\"\u00bfQu\u00e9 es Exaudi News? Exaudi News es un medio de comunicaci\u00f3n cat\u00f3lico internacional que informa, forma y transforma, diariamente en espa\u00f1ol, ingl\u00e9s e italiano. A trav\u00e9s de noticias, art\u00edculos de an\u00e1lisis y transmisiones en directo de los eventos del Papa, Exaudi busca fortalecer la unidad de los cristianos y contribuir a la evangelizaci\u00f3n del mundo, siempre guiados por la doctrina social de la Iglesia. Trabajamos para acercar la verdad y los valores cristianos a cada rinc\u00f3n del planeta. \u00a1Ay\u00fadanos a transformar el mundo con Exaudi! En Exaudi creemos que la evangelizaci\u00f3n y la informaci\u00f3n de calidad pueden cambiar vidas. Para continuar con nuestra misi\u00f3n y expandir nuestro alcance, necesitamos tu ayuda. Adem\u00e1s, buscamos personas comprometidas que deseen unirse a nuestro equipo. Con tu apoyo, lograremos llegar a m\u00e1s personas, difundir el mensaje de Cristo y reforzar la unidad de los cristianos. \u00bfTe unes a nuestra misi\u00f3n? Para m\u00e1s informaci\u00f3n sobre c\u00f3mo colaborar, visita Exaudi.org\\\/es o cont\u00e1ctanos directamente: info@exaudi.org Exaudi: Informa, forma y transforma.\",\"sameAs\":[\"https:\\\/\\\/www.facebook.com\\\/ExaudiNoticias\\\/\",\"https:\\\/\\\/www.instagram.com\\\/exaudi_noticias\\\/\",\"https:\\\/\\\/x.com\\\/Exaudi_noticias\",\"https:\\\/\\\/www.youtube.com\\\/@exaudicatholicnews\"],\"url\":\"https:\\\/\\\/exaudi.org\\\/es\\\/author\\\/redaccionexaudi\\\/\"}]}<\/script>\n<!-- \/ Yoast SEO plugin. -->","yoast_head_json":{"title":"Veinticinco a\u00f1os del llamado \"Acuerdo de Viernes Santo o de Belfast\" &#8211; Exaudi","robots":{"index":"index","follow":"follow","max-snippet":"max-snippet:-1","max-image-preview":"max-image-preview:large","max-video-preview":"max-video-preview:-1"},"canonical":"https:\/\/exaudi.org\/es\/veinticinco-anos-del-llamado-acuerdo-de-viernes-santo-o-de-belfast\/","og_locale":"es_ES","og_type":"article","og_title":"Veinticinco a\u00f1os del llamado \"Acuerdo de Viernes Santo o de Belfast\" &#8211; Exaudi","og_description":"Palabras del Santo Padre despu\u00e9s de la oraci\u00f3n mariana","og_url":"https:\/\/exaudi.org\/es\/veinticinco-anos-del-llamado-acuerdo-de-viernes-santo-o-de-belfast\/","og_site_name":"Exaudi","article_publisher":"https:\/\/www.facebook.com\/ExaudiNews","article_author":"https:\/\/www.facebook.com\/ExaudiNoticias\/","article_published_time":"2023-04-10T13:46:38+00:00","article_modified_time":"2023-04-11T10:17:47+00:00","og_image":[{"width":2560,"height":1707,"url":"https:\/\/exaudi.org\/wp-content\/uploads\/2022\/05\/Regina-Coeli-1-mayo-2022--scaled.jpg","type":"image\/jpeg"}],"author":"Exaudi Redacci\u00f3n","twitter_card":"summary_large_image","twitter_creator":"@Exaudi_noticias","twitter_site":"@Exaudi_News","twitter_misc":{"Escrito por":"Exaudi Redacci\u00f3n","Tiempo de lectura":"2 minutos"},"schema":{"@context":"https:\/\/schema.org","@graph":[{"@type":"Article","@id":"https:\/\/exaudi.org\/es\/veinticinco-anos-del-llamado-acuerdo-de-viernes-santo-o-de-belfast\/#article","isPartOf":{"@id":"https:\/\/exaudi.org\/es\/veinticinco-anos-del-llamado-acuerdo-de-viernes-santo-o-de-belfast\/"},"author":{"name":"Exaudi Redacci\u00f3n","@id":"https:\/\/exaudi.org\/#\/schema\/person\/f5fc8f063065e38742da7afe15f25df7"},"headline":"Veinticinco a\u00f1os del llamado \u00abAcuerdo de Viernes Santo o de Belfast\u00bb","datePublished":"2023-04-10T13:46:38+00:00","dateModified":"2023-04-11T10:17:47+00:00","mainEntityOfPage":{"@id":"https:\/\/exaudi.org\/es\/veinticinco-anos-del-llamado-acuerdo-de-viernes-santo-o-de-belfast\/"},"wordCount":323,"image":{"@id":"https:\/\/exaudi.org\/es\/veinticinco-anos-del-llamado-acuerdo-de-viernes-santo-o-de-belfast\/#primaryimage"},"thumbnailUrl":"https:\/\/exaudi.org\/wp-content\/uploads\/2022\/05\/Regina-Coeli-1-mayo-2022--scaled.jpg","keywords":["Regina Coeli 10 Abril 2023","Trending"],"articleSection":["Le\u00f3n XIV","Regina Coeli"],"inLanguage":"es"},{"@type":"WebPage","@id":"https:\/\/exaudi.org\/es\/veinticinco-anos-del-llamado-acuerdo-de-viernes-santo-o-de-belfast\/","url":"https:\/\/exaudi.org\/es\/veinticinco-anos-del-llamado-acuerdo-de-viernes-santo-o-de-belfast\/","name":"Veinticinco a\u00f1os del llamado \"Acuerdo de Viernes Santo o de Belfast\" &#8211; Exaudi","isPartOf":{"@id":"https:\/\/exaudi.org\/#website"},"primaryImageOfPage":{"@id":"https:\/\/exaudi.org\/es\/veinticinco-anos-del-llamado-acuerdo-de-viernes-santo-o-de-belfast\/#primaryimage"},"image":{"@id":"https:\/\/exaudi.org\/es\/veinticinco-anos-del-llamado-acuerdo-de-viernes-santo-o-de-belfast\/#primaryimage"},"thumbnailUrl":"https:\/\/exaudi.org\/wp-content\/uploads\/2022\/05\/Regina-Coeli-1-mayo-2022--scaled.jpg","datePublished":"2023-04-10T13:46:38+00:00","dateModified":"2023-04-11T10:17:47+00:00","author":{"@id":"https:\/\/exaudi.org\/#\/schema\/person\/f5fc8f063065e38742da7afe15f25df7"},"breadcrumb":{"@id":"https:\/\/exaudi.org\/es\/veinticinco-anos-del-llamado-acuerdo-de-viernes-santo-o-de-belfast\/#breadcrumb"},"inLanguage":"es","potentialAction":[{"@type":"ReadAction","target":["https:\/\/exaudi.org\/es\/veinticinco-anos-del-llamado-acuerdo-de-viernes-santo-o-de-belfast\/"]}]},{"@type":"ImageObject","inLanguage":"es","@id":"https:\/\/exaudi.org\/es\/veinticinco-anos-del-llamado-acuerdo-de-viernes-santo-o-de-belfast\/#primaryimage","url":"https:\/\/exaudi.org\/wp-content\/uploads\/2022\/05\/Regina-Coeli-1-mayo-2022--scaled.jpg","contentUrl":"https:\/\/exaudi.org\/wp-content\/uploads\/2022\/05\/Regina-Coeli-1-mayo-2022--scaled.jpg","width":2560,"height":1707,"caption":"Regina Coeli 1 mayo 2022 \u00a9 Vatican Media"},{"@type":"BreadcrumbList","@id":"https:\/\/exaudi.org\/es\/veinticinco-anos-del-llamado-acuerdo-de-viernes-santo-o-de-belfast\/#breadcrumb","itemListElement":[{"@type":"ListItem","position":1,"name":"Portada","item":"https:\/\/exaudi.org\/es\/"},{"@type":"ListItem","position":2,"name":"Veinticinco a\u00f1os del llamado \u00abAcuerdo de Viernes Santo o de Belfast\u00bb"}]},{"@type":"WebSite","@id":"https:\/\/exaudi.org\/#website","url":"https:\/\/exaudi.org\/","name":"Exaudi","description":"News","potentialAction":[{"@type":"SearchAction","target":{"@type":"EntryPoint","urlTemplate":"https:\/\/exaudi.org\/?s={search_term_string}"},"query-input":{"@type":"PropertyValueSpecification","valueRequired":true,"valueName":"search_term_string"}}],"inLanguage":"es"},{"@type":"Person","@id":"https:\/\/exaudi.org\/#\/schema\/person\/f5fc8f063065e38742da7afe15f25df7","name":"Exaudi Redacci\u00f3n","image":{"@type":"ImageObject","inLanguage":"es","@id":"https:\/\/secure.gravatar.com\/avatar\/fe0f6a059fb68d9b3e11bc5850dd4899b1c7492091a3cb6dd9b01b56ad828be2?s=96&d=mm&r=g","url":"https:\/\/secure.gravatar.com\/avatar\/fe0f6a059fb68d9b3e11bc5850dd4899b1c7492091a3cb6dd9b01b56ad828be2?s=96&d=mm&r=g","contentUrl":"https:\/\/secure.gravatar.com\/avatar\/fe0f6a059fb68d9b3e11bc5850dd4899b1c7492091a3cb6dd9b01b56ad828be2?s=96&d=mm&r=g","caption":"Exaudi Redacci\u00f3n"},"description":"\u00bfQu\u00e9 es Exaudi News? Exaudi News es un medio de comunicaci\u00f3n cat\u00f3lico internacional que informa, forma y transforma, diariamente en espa\u00f1ol, ingl\u00e9s e italiano. A trav\u00e9s de noticias, art\u00edculos de an\u00e1lisis y transmisiones en directo de los eventos del Papa, Exaudi busca fortalecer la unidad de los cristianos y contribuir a la evangelizaci\u00f3n del mundo, siempre guiados por la doctrina social de la Iglesia. Trabajamos para acercar la verdad y los valores cristianos a cada rinc\u00f3n del planeta. \u00a1Ay\u00fadanos a transformar el mundo con Exaudi! En Exaudi creemos que la evangelizaci\u00f3n y la informaci\u00f3n de calidad pueden cambiar vidas. Para continuar con nuestra misi\u00f3n y expandir nuestro alcance, necesitamos tu ayuda. Adem\u00e1s, buscamos personas comprometidas que deseen unirse a nuestro equipo. Con tu apoyo, lograremos llegar a m\u00e1s personas, difundir el mensaje de Cristo y reforzar la unidad de los cristianos. \u00bfTe unes a nuestra misi\u00f3n? Para m\u00e1s informaci\u00f3n sobre c\u00f3mo colaborar, visita Exaudi.org\/es o cont\u00e1ctanos directamente: info@exaudi.org Exaudi: Informa, forma y transforma.","sameAs":["https:\/\/www.facebook.com\/ExaudiNoticias\/","https:\/\/www.instagram.com\/exaudi_noticias\/","https:\/\/x.com\/Exaudi_noticias","https:\/\/www.youtube.com\/@exaudicatholicnews"],"url":"https:\/\/exaudi.org\/es\/author\/redaccionexaudi\/"}]}},"jetpack_featured_media_url":"https:\/\/exaudi.org\/wp-content\/uploads\/2022\/05\/Regina-Coeli-1-mayo-2022--scaled.jpg","jetpack_shortlink":"https:\/\/wp.me\/pgKjF2-jdT","_links":{"self":[{"href":"https:\/\/exaudi.org\/es\/wp-json\/wp\/v2\/posts\/73897","targetHints":{"allow":["GET"]}}],"collection":[{"href":"https:\/\/exaudi.org\/es\/wp-json\/wp\/v2\/posts"}],"about":[{"href":"https:\/\/exaudi.org\/es\/wp-json\/wp\/v2\/types\/post"}],"author":[{"embeddable":true,"href":"https:\/\/exaudi.org\/es\/wp-json\/wp\/v2\/users\/15"}],"replies":[{"embeddable":true,"href":"https:\/\/exaudi.org\/es\/wp-json\/wp\/v2\/comments?post=73897"}],"version-history":[{"count":0,"href":"https:\/\/exaudi.org\/es\/wp-json\/wp\/v2\/posts\/73897\/revisions"}],"wp:featuredmedia":[{"embeddable":true,"href":"https:\/\/exaudi.org\/es\/wp-json\/wp\/v2\/media\/56452"}],"wp:attachment":[{"href":"https:\/\/exaudi.org\/es\/wp-json\/wp\/v2\/media?parent=73897"}],"wp:term":[{"taxonomy":"category","embeddable":true,"href":"https:\/\/exaudi.org\/es\/wp-json\/wp\/v2\/categories?post=73897"},{"taxonomy":"post_tag","embeddable":true,"href":"https:\/\/exaudi.org\/es\/wp-json\/wp\/v2\/tags?post=73897"}],"curies":[{"name":"wp","href":"https:\/\/api.w.org\/{rel}","templated":true}]}}