{"id":73672,"date":"2023-04-06T21:25:25","date_gmt":"2023-04-06T19:25:25","guid":{"rendered":"https:\/\/exaudi.org\/?p=73672"},"modified":"2023-04-07T14:04:08","modified_gmt":"2023-04-07T12:04:08","slug":"jesus-dice-he-venido-a-salvaros-a-serviros","status":"publish","type":"post","link":"https:\/\/exaudi.org\/es\/jesus-dice-he-venido-a-salvaros-a-serviros\/","title":{"rendered":"Jes\u00fas dice: \u00abHe venido a salvaros, a serviros\u00bb"},"content":{"rendered":"<audio class=\"wp-audio-shortcode\" id=\"audio-73672-1\" preload=\"none\" style=\"width: 100%;\" controls=\"controls\"><source type=\"audio\/mpeg\" src=\"https:\/\/exaudi.org\/wp-content\/uploads\/2023\/04\/Jesus-dice-He-venido-a-salvaros-a-serviros.mp3?_=1\" \/><a href=\"https:\/\/exaudi.org\/wp-content\/uploads\/2023\/04\/Jesus-dice-He-venido-a-salvaros-a-serviros.mp3\">https:\/\/exaudi.org\/wp-content\/uploads\/2023\/04\/Jesus-dice-He-venido-a-salvaros-a-serviros.mp3<\/a><\/audio>\n<p>Esta tarde el Santo Padre Francisco ha acudido al Instituto Penal Juvenil de \u00abCasal del Marmo\u00bb para la celebraci\u00f3n de la Santa Misa \u201c<em>in Coena Domini<\/em>\u201d con las personas all\u00ed recluidas.<\/p>\n<p>A su llegada, el Papa se dirigi\u00f3 a la capilla donde presidi\u00f3 la Misa, concelebrada con el Maestro de las Celebraciones Lit\u00fargicas Pontificias y Responsable de la Capilla Musical Pontificia, el arzobispo Diego Giovanni Ravelli. Junto a los j\u00f3venes internos, una representaci\u00f3n de los funcionarios y personal del Centro Penitenciario.<\/p>\n<p>Tras la proclamaci\u00f3n del Santo Evangelio, el Papa pronunci\u00f3 la homil\u00eda.<\/p>\n<p>A continuaci\u00f3n, como es costumbre, el Papa Francisco repiti\u00f3 el gesto de Jes\u00fas durante la \u00daltima Cena, cuando el Se\u00f1or lav\u00f3 los pies a sus disc\u00edpulos como signo de amor llevado hasta el servicio y la humillaci\u00f3n, hacia 12 internos, chicos y chicas de diferentes nacionalidades.<\/p>\n<p>Al final de la Santa Misa, la Directora del Centro Penitenciario, Dra. Maria Teresa Iuliani, dirigi\u00f3 unas palabras de agradecimiento al Santo Padre.<\/p>\n<p>Antes de abandonar el Instituto, el Papa bendijo la placa inaugural de la Capilla, dedicada al Beato Pino Puglisi. Despu\u00e9s, mientras saludaba a algunos internos, el Papa Francisco recibi\u00f3 como regalo una cruz realizada por los chicos que siguen el curso de carpinter\u00eda, unas galletas y un paquete de pasta, ambos elaborados en la f\u00e1brica de pasta recientemente instalada en el interior de la c\u00e1rcel. A los j\u00f3venes internos, al director y al personal, el Papa regal\u00f3 algunos rosarios y huevos de chocolate.<\/p>\n<p>Publicamos a continuaci\u00f3n la homil\u00eda pronunciada por el Santo Padre:<\/p>\n<p>***<\/p>\n<h3><strong>Homil\u00eda del Papa<\/strong><\/h3>\n<p>Llama la atenci\u00f3n c\u00f3mo Jes\u00fas, el mismo d\u00eda antes de ser crucificado, hace este gesto. Lavarse los pies, era costumbre en aquella \u00e9poca porque las calles estaban polvorientas, la gente ven\u00eda de fuera y al entrar en una casa, antes del banquete, de la reuni\u00f3n, se lavaban los pies. Pero, \u00bfqui\u00e9n lavaba los pies? Los esclavos, porque era trabajo de esclavos. Imaginaos lo asombrados que se quedaron los disc\u00edpulos cuando vieron que Jes\u00fas empezaba a hacer este gesto de esclavo. Pero lo hace para hacerles comprender el mensaje del d\u00eda siguiente: que morir\u00eda como un esclavo, para pagar la deuda de todos nosotros. Si escuch\u00e1ramos estas cosas de Jes\u00fas, la vida ser\u00eda tan buena porque nos apresurar\u00edamos a ayudarnos unos a otros, en lugar de enga\u00f1arnos unos a otros, de aprovecharnos unos de otros, como nos ense\u00f1an los listos. Es tan hermoso ayudarse unos a otros, echarse una mano: son gestos humanos, universales, pero que salen de un coraz\u00f3n noble. Y Jes\u00fas quiere ense\u00f1arnos esto hoy con esta celebraci\u00f3n: la nobleza del coraz\u00f3n. Cada uno de nosotros puede decir: &#8216;Pero si el Papa supiera las cosas que tengo dentro&#8230;&#8217;. Pero Jes\u00fas las conoce y nos ama como somos, y nos lava los pies. Jes\u00fas nunca se asusta de nuestras debilidades, nunca se asusta porque ya ha pagado, s\u00f3lo quiere acompa\u00f1arnos, quiere llevarnos de la mano para que la vida no sea tan dura para nosotros. Voy a hacer el mismo gesto de lavar los pies, pero no es una cosa folcl\u00f3rica, no. Pensamos que es un gesto que anuncia c\u00f3mo debemos ser, unos con otros. En la sociedad vemos cu\u00e1nta gente se aprovecha de los dem\u00e1s, cu\u00e1nta gente est\u00e1 acorralada y no puede salir. Cu\u00e1ntas injusticias, cu\u00e1nta gente sin trabajo, cu\u00e1nta gente que trabaja y cobra la mitad, cu\u00e1nta gente que no tiene dinero para comprar medicinas, cu\u00e1ntas familias rotas, tantas cosas malas&#8230; Y ninguno de nosotros puede decir: \u00abDoy gracias a Dios por no estar as\u00ed, \u00bfsabes?\u00bb &#8211; \u00ab\u00a1Si no estoy as\u00ed es por la gracia de Dios!\u00bb; cada uno de nosotros puede resbalar, cada uno de nosotros. Y esta conciencia, esta certeza de que cada uno de nosotros puede resbalar es lo que nos da la dignidad -escuchad la palabra: la \u00abdignidad\u00bb- de ser pecadores. Y as\u00ed nos quiere Jes\u00fas, y por eso quiso lavarnos los pies y decirnos: \u00abHe venido a salvaros, a serviros\u00bb. Ahora yo har\u00e9 lo mismo para recordar lo que Jes\u00fas nos ense\u00f1\u00f3: ayudarnos los unos a los otros. Y as\u00ed la vida es m\u00e1s bella y podemos seguir as\u00ed. Durante el lavatorio de los pies -espero pasar porque no puedo caminar bien- pero durante el lavatorio de los pies piensas: &#8216;Jes\u00fas me lav\u00f3 los pies, Jes\u00fas me salv\u00f3, y ahora tengo esta dificultad&#8217;. Pero pasar\u00e1, el Se\u00f1or est\u00e1 siempre a tu lado, nunca te deja, nunca. Piensa en esto.<\/p>\n<p><iframe loading=\"lazy\" title=\"Santa Misa in Coena Domini - 06 abril 2023 - Papa Francisco\" width=\"500\" height=\"281\" src=\"https:\/\/www.youtube.com\/embed\/48Oc5v6alYI?feature=oembed\" frameborder=\"0\" allow=\"accelerometer; autoplay; clipboard-write; encrypted-media; gyroscope; picture-in-picture; web-share\" referrerpolicy=\"strict-origin-when-cross-origin\" allowfullscreen><\/iframe><\/p>\n","protected":false},"excerpt":{"rendered":"<p>Homil\u00eda del Papa, Misa de la \u00daltima Cena<\/p>\n","protected":false},"author":15,"featured_media":73665,"comment_status":"closed","ping_status":"closed","sticky":false,"template":"","format":"standard","meta":{"_acf_changed":false,"_crdt_document":"","inline_featured_image":false,"footnotes":""},"categories":[114,68],"tags":[173,1085,158,4953,8822],"class_list":["post-73672","post","type-post","status-publish","format-standard","has-post-thumbnail","hentry","category-homilias","category-leon-xiv","tag-homilia","tag-jueves-santo","tag-papa-francisco","tag-trending-es","tag-ultima-cena"],"acf":[],"yoast_head":"<!-- This site is optimized with the Yoast SEO plugin v27.5 - https:\/\/yoast.com\/product\/yoast-seo-wordpress\/ -->\n<title>Jes\u00fas dice: &quot;He venido a salvaros, a serviros&quot; &#8211; Exaudi<\/title>\n<meta name=\"robots\" content=\"index, follow, max-snippet:-1, max-image-preview:large, max-video-preview:-1\" \/>\n<link rel=\"canonical\" href=\"https:\/\/exaudi.org\/es\/jesus-dice-he-venido-a-salvaros-a-serviros\/\" \/>\n<meta property=\"og:locale\" content=\"es_ES\" \/>\n<meta property=\"og:type\" content=\"article\" \/>\n<meta property=\"og:title\" content=\"Jes\u00fas dice: &quot;He venido a salvaros, a serviros&quot; &#8211; Exaudi\" \/>\n<meta property=\"og:description\" content=\"Homil\u00eda del Papa, Misa de la \u00daltima Cena\" \/>\n<meta property=\"og:url\" content=\"https:\/\/exaudi.org\/es\/jesus-dice-he-venido-a-salvaros-a-serviros\/\" \/>\n<meta property=\"og:site_name\" content=\"Exaudi\" \/>\n<meta property=\"article:publisher\" content=\"https:\/\/www.facebook.com\/ExaudiNews\" \/>\n<meta property=\"article:author\" content=\"https:\/\/www.facebook.com\/ExaudiNoticias\/\" \/>\n<meta property=\"article:published_time\" content=\"2023-04-06T19:25:25+00:00\" \/>\n<meta property=\"article:modified_time\" content=\"2023-04-07T12:04:08+00:00\" \/>\n<meta property=\"og:image\" content=\"https:\/\/exaudi.org\/wp-content\/uploads\/2023\/04\/cq5dam.web_.800.800-2.jpeg\" \/>\n\t<meta property=\"og:image:width\" content=\"800\" \/>\n\t<meta property=\"og:image:height\" content=\"533\" \/>\n\t<meta property=\"og:image:type\" content=\"image\/jpeg\" \/>\n<meta name=\"author\" content=\"Exaudi Redacci\u00f3n\" \/>\n<meta name=\"twitter:card\" content=\"summary_large_image\" \/>\n<meta name=\"twitter:creator\" content=\"@Exaudi_noticias\" \/>\n<meta name=\"twitter:site\" content=\"@Exaudi_News\" \/>\n<meta name=\"twitter:label1\" content=\"Escrito por\" \/>\n\t<meta name=\"twitter:data1\" content=\"Exaudi Redacci\u00f3n\" \/>\n\t<meta name=\"twitter:label2\" content=\"Tiempo de lectura\" \/>\n\t<meta name=\"twitter:data2\" content=\"4 minutos\" \/>\n<script type=\"application\/ld+json\" class=\"yoast-schema-graph\">{\"@context\":\"https:\\\/\\\/schema.org\",\"@graph\":[{\"@type\":\"Article\",\"@id\":\"https:\\\/\\\/exaudi.org\\\/es\\\/jesus-dice-he-venido-a-salvaros-a-serviros\\\/#article\",\"isPartOf\":{\"@id\":\"https:\\\/\\\/exaudi.org\\\/es\\\/jesus-dice-he-venido-a-salvaros-a-serviros\\\/\"},\"author\":{\"name\":\"Exaudi Redacci\u00f3n\",\"@id\":\"https:\\\/\\\/exaudi.org\\\/#\\\/schema\\\/person\\\/f5fc8f063065e38742da7afe15f25df7\"},\"headline\":\"Jes\u00fas dice: \u00abHe venido a salvaros, a serviros\u00bb\",\"datePublished\":\"2023-04-06T19:25:25+00:00\",\"dateModified\":\"2023-04-07T12:04:08+00:00\",\"mainEntityOfPage\":{\"@id\":\"https:\\\/\\\/exaudi.org\\\/es\\\/jesus-dice-he-venido-a-salvaros-a-serviros\\\/\"},\"wordCount\":819,\"image\":{\"@id\":\"https:\\\/\\\/exaudi.org\\\/es\\\/jesus-dice-he-venido-a-salvaros-a-serviros\\\/#primaryimage\"},\"thumbnailUrl\":\"https:\\\/\\\/exaudi.org\\\/wp-content\\\/uploads\\\/2023\\\/04\\\/cq5dam.web_.800.800-2.jpeg\",\"keywords\":[\"homil\u00eda\",\"Jueves Santo\",\"papa francisco\",\"Trending\",\"\u00daltima Cena\"],\"articleSection\":[\"Homilias\",\"Le\u00f3n XIV\"],\"inLanguage\":\"es\"},{\"@type\":\"WebPage\",\"@id\":\"https:\\\/\\\/exaudi.org\\\/es\\\/jesus-dice-he-venido-a-salvaros-a-serviros\\\/\",\"url\":\"https:\\\/\\\/exaudi.org\\\/es\\\/jesus-dice-he-venido-a-salvaros-a-serviros\\\/\",\"name\":\"Jes\u00fas dice: \\\"He venido a salvaros, a serviros\\\" &#8211; Exaudi\",\"isPartOf\":{\"@id\":\"https:\\\/\\\/exaudi.org\\\/#website\"},\"primaryImageOfPage\":{\"@id\":\"https:\\\/\\\/exaudi.org\\\/es\\\/jesus-dice-he-venido-a-salvaros-a-serviros\\\/#primaryimage\"},\"image\":{\"@id\":\"https:\\\/\\\/exaudi.org\\\/es\\\/jesus-dice-he-venido-a-salvaros-a-serviros\\\/#primaryimage\"},\"thumbnailUrl\":\"https:\\\/\\\/exaudi.org\\\/wp-content\\\/uploads\\\/2023\\\/04\\\/cq5dam.web_.800.800-2.jpeg\",\"datePublished\":\"2023-04-06T19:25:25+00:00\",\"dateModified\":\"2023-04-07T12:04:08+00:00\",\"author\":{\"@id\":\"https:\\\/\\\/exaudi.org\\\/#\\\/schema\\\/person\\\/f5fc8f063065e38742da7afe15f25df7\"},\"breadcrumb\":{\"@id\":\"https:\\\/\\\/exaudi.org\\\/es\\\/jesus-dice-he-venido-a-salvaros-a-serviros\\\/#breadcrumb\"},\"inLanguage\":\"es\",\"potentialAction\":[{\"@type\":\"ReadAction\",\"target\":[\"https:\\\/\\\/exaudi.org\\\/es\\\/jesus-dice-he-venido-a-salvaros-a-serviros\\\/\"]}]},{\"@type\":\"ImageObject\",\"inLanguage\":\"es\",\"@id\":\"https:\\\/\\\/exaudi.org\\\/es\\\/jesus-dice-he-venido-a-salvaros-a-serviros\\\/#primaryimage\",\"url\":\"https:\\\/\\\/exaudi.org\\\/wp-content\\\/uploads\\\/2023\\\/04\\\/cq5dam.web_.800.800-2.jpeg\",\"contentUrl\":\"https:\\\/\\\/exaudi.org\\\/wp-content\\\/uploads\\\/2023\\\/04\\\/cq5dam.web_.800.800-2.jpeg\",\"width\":800,\"height\":533,\"caption\":\"Misa Jueves Santo \u00a9 Vatican Media\"},{\"@type\":\"BreadcrumbList\",\"@id\":\"https:\\\/\\\/exaudi.org\\\/es\\\/jesus-dice-he-venido-a-salvaros-a-serviros\\\/#breadcrumb\",\"itemListElement\":[{\"@type\":\"ListItem\",\"position\":1,\"name\":\"Portada\",\"item\":\"https:\\\/\\\/exaudi.org\\\/es\\\/\"},{\"@type\":\"ListItem\",\"position\":2,\"name\":\"Jes\u00fas dice: \u00abHe venido a salvaros, a serviros\u00bb\"}]},{\"@type\":\"WebSite\",\"@id\":\"https:\\\/\\\/exaudi.org\\\/#website\",\"url\":\"https:\\\/\\\/exaudi.org\\\/\",\"name\":\"Exaudi\",\"description\":\"News\",\"potentialAction\":[{\"@type\":\"SearchAction\",\"target\":{\"@type\":\"EntryPoint\",\"urlTemplate\":\"https:\\\/\\\/exaudi.org\\\/?s={search_term_string}\"},\"query-input\":{\"@type\":\"PropertyValueSpecification\",\"valueRequired\":true,\"valueName\":\"search_term_string\"}}],\"inLanguage\":\"es\"},{\"@type\":\"Person\",\"@id\":\"https:\\\/\\\/exaudi.org\\\/#\\\/schema\\\/person\\\/f5fc8f063065e38742da7afe15f25df7\",\"name\":\"Exaudi Redacci\u00f3n\",\"image\":{\"@type\":\"ImageObject\",\"inLanguage\":\"es\",\"@id\":\"https:\\\/\\\/secure.gravatar.com\\\/avatar\\\/fe0f6a059fb68d9b3e11bc5850dd4899b1c7492091a3cb6dd9b01b56ad828be2?s=96&d=mm&r=g\",\"url\":\"https:\\\/\\\/secure.gravatar.com\\\/avatar\\\/fe0f6a059fb68d9b3e11bc5850dd4899b1c7492091a3cb6dd9b01b56ad828be2?s=96&d=mm&r=g\",\"contentUrl\":\"https:\\\/\\\/secure.gravatar.com\\\/avatar\\\/fe0f6a059fb68d9b3e11bc5850dd4899b1c7492091a3cb6dd9b01b56ad828be2?s=96&d=mm&r=g\",\"caption\":\"Exaudi Redacci\u00f3n\"},\"description\":\"\u00bfQu\u00e9 es Exaudi News? Exaudi News es un medio de comunicaci\u00f3n cat\u00f3lico internacional que informa, forma y transforma, diariamente en espa\u00f1ol, ingl\u00e9s e italiano. A trav\u00e9s de noticias, art\u00edculos de an\u00e1lisis y transmisiones en directo de los eventos del Papa, Exaudi busca fortalecer la unidad de los cristianos y contribuir a la evangelizaci\u00f3n del mundo, siempre guiados por la doctrina social de la Iglesia. Trabajamos para acercar la verdad y los valores cristianos a cada rinc\u00f3n del planeta. \u00a1Ay\u00fadanos a transformar el mundo con Exaudi! En Exaudi creemos que la evangelizaci\u00f3n y la informaci\u00f3n de calidad pueden cambiar vidas. Para continuar con nuestra misi\u00f3n y expandir nuestro alcance, necesitamos tu ayuda. Adem\u00e1s, buscamos personas comprometidas que deseen unirse a nuestro equipo. Con tu apoyo, lograremos llegar a m\u00e1s personas, difundir el mensaje de Cristo y reforzar la unidad de los cristianos. \u00bfTe unes a nuestra misi\u00f3n? Para m\u00e1s informaci\u00f3n sobre c\u00f3mo colaborar, visita Exaudi.org\\\/es o cont\u00e1ctanos directamente: info@exaudi.org Exaudi: Informa, forma y transforma.\",\"sameAs\":[\"https:\\\/\\\/www.facebook.com\\\/ExaudiNoticias\\\/\",\"https:\\\/\\\/www.instagram.com\\\/exaudi_noticias\\\/\",\"https:\\\/\\\/x.com\\\/Exaudi_noticias\",\"https:\\\/\\\/www.youtube.com\\\/@exaudicatholicnews\"],\"url\":\"https:\\\/\\\/exaudi.org\\\/es\\\/author\\\/redaccionexaudi\\\/\"}]}<\/script>\n<!-- \/ Yoast SEO plugin. -->","yoast_head_json":{"title":"Jes\u00fas dice: \"He venido a salvaros, a serviros\" &#8211; Exaudi","robots":{"index":"index","follow":"follow","max-snippet":"max-snippet:-1","max-image-preview":"max-image-preview:large","max-video-preview":"max-video-preview:-1"},"canonical":"https:\/\/exaudi.org\/es\/jesus-dice-he-venido-a-salvaros-a-serviros\/","og_locale":"es_ES","og_type":"article","og_title":"Jes\u00fas dice: \"He venido a salvaros, a serviros\" &#8211; Exaudi","og_description":"Homil\u00eda del Papa, Misa de la \u00daltima Cena","og_url":"https:\/\/exaudi.org\/es\/jesus-dice-he-venido-a-salvaros-a-serviros\/","og_site_name":"Exaudi","article_publisher":"https:\/\/www.facebook.com\/ExaudiNews","article_author":"https:\/\/www.facebook.com\/ExaudiNoticias\/","article_published_time":"2023-04-06T19:25:25+00:00","article_modified_time":"2023-04-07T12:04:08+00:00","og_image":[{"width":800,"height":533,"url":"https:\/\/exaudi.org\/wp-content\/uploads\/2023\/04\/cq5dam.web_.800.800-2.jpeg","type":"image\/jpeg"}],"author":"Exaudi Redacci\u00f3n","twitter_card":"summary_large_image","twitter_creator":"@Exaudi_noticias","twitter_site":"@Exaudi_News","twitter_misc":{"Escrito por":"Exaudi Redacci\u00f3n","Tiempo de lectura":"4 minutos"},"schema":{"@context":"https:\/\/schema.org","@graph":[{"@type":"Article","@id":"https:\/\/exaudi.org\/es\/jesus-dice-he-venido-a-salvaros-a-serviros\/#article","isPartOf":{"@id":"https:\/\/exaudi.org\/es\/jesus-dice-he-venido-a-salvaros-a-serviros\/"},"author":{"name":"Exaudi Redacci\u00f3n","@id":"https:\/\/exaudi.org\/#\/schema\/person\/f5fc8f063065e38742da7afe15f25df7"},"headline":"Jes\u00fas dice: \u00abHe venido a salvaros, a serviros\u00bb","datePublished":"2023-04-06T19:25:25+00:00","dateModified":"2023-04-07T12:04:08+00:00","mainEntityOfPage":{"@id":"https:\/\/exaudi.org\/es\/jesus-dice-he-venido-a-salvaros-a-serviros\/"},"wordCount":819,"image":{"@id":"https:\/\/exaudi.org\/es\/jesus-dice-he-venido-a-salvaros-a-serviros\/#primaryimage"},"thumbnailUrl":"https:\/\/exaudi.org\/wp-content\/uploads\/2023\/04\/cq5dam.web_.800.800-2.jpeg","keywords":["homil\u00eda","Jueves Santo","papa francisco","Trending","\u00daltima Cena"],"articleSection":["Homilias","Le\u00f3n XIV"],"inLanguage":"es"},{"@type":"WebPage","@id":"https:\/\/exaudi.org\/es\/jesus-dice-he-venido-a-salvaros-a-serviros\/","url":"https:\/\/exaudi.org\/es\/jesus-dice-he-venido-a-salvaros-a-serviros\/","name":"Jes\u00fas dice: \"He venido a salvaros, a serviros\" &#8211; Exaudi","isPartOf":{"@id":"https:\/\/exaudi.org\/#website"},"primaryImageOfPage":{"@id":"https:\/\/exaudi.org\/es\/jesus-dice-he-venido-a-salvaros-a-serviros\/#primaryimage"},"image":{"@id":"https:\/\/exaudi.org\/es\/jesus-dice-he-venido-a-salvaros-a-serviros\/#primaryimage"},"thumbnailUrl":"https:\/\/exaudi.org\/wp-content\/uploads\/2023\/04\/cq5dam.web_.800.800-2.jpeg","datePublished":"2023-04-06T19:25:25+00:00","dateModified":"2023-04-07T12:04:08+00:00","author":{"@id":"https:\/\/exaudi.org\/#\/schema\/person\/f5fc8f063065e38742da7afe15f25df7"},"breadcrumb":{"@id":"https:\/\/exaudi.org\/es\/jesus-dice-he-venido-a-salvaros-a-serviros\/#breadcrumb"},"inLanguage":"es","potentialAction":[{"@type":"ReadAction","target":["https:\/\/exaudi.org\/es\/jesus-dice-he-venido-a-salvaros-a-serviros\/"]}]},{"@type":"ImageObject","inLanguage":"es","@id":"https:\/\/exaudi.org\/es\/jesus-dice-he-venido-a-salvaros-a-serviros\/#primaryimage","url":"https:\/\/exaudi.org\/wp-content\/uploads\/2023\/04\/cq5dam.web_.800.800-2.jpeg","contentUrl":"https:\/\/exaudi.org\/wp-content\/uploads\/2023\/04\/cq5dam.web_.800.800-2.jpeg","width":800,"height":533,"caption":"Misa Jueves Santo \u00a9 Vatican Media"},{"@type":"BreadcrumbList","@id":"https:\/\/exaudi.org\/es\/jesus-dice-he-venido-a-salvaros-a-serviros\/#breadcrumb","itemListElement":[{"@type":"ListItem","position":1,"name":"Portada","item":"https:\/\/exaudi.org\/es\/"},{"@type":"ListItem","position":2,"name":"Jes\u00fas dice: \u00abHe venido a salvaros, a serviros\u00bb"}]},{"@type":"WebSite","@id":"https:\/\/exaudi.org\/#website","url":"https:\/\/exaudi.org\/","name":"Exaudi","description":"News","potentialAction":[{"@type":"SearchAction","target":{"@type":"EntryPoint","urlTemplate":"https:\/\/exaudi.org\/?s={search_term_string}"},"query-input":{"@type":"PropertyValueSpecification","valueRequired":true,"valueName":"search_term_string"}}],"inLanguage":"es"},{"@type":"Person","@id":"https:\/\/exaudi.org\/#\/schema\/person\/f5fc8f063065e38742da7afe15f25df7","name":"Exaudi Redacci\u00f3n","image":{"@type":"ImageObject","inLanguage":"es","@id":"https:\/\/secure.gravatar.com\/avatar\/fe0f6a059fb68d9b3e11bc5850dd4899b1c7492091a3cb6dd9b01b56ad828be2?s=96&d=mm&r=g","url":"https:\/\/secure.gravatar.com\/avatar\/fe0f6a059fb68d9b3e11bc5850dd4899b1c7492091a3cb6dd9b01b56ad828be2?s=96&d=mm&r=g","contentUrl":"https:\/\/secure.gravatar.com\/avatar\/fe0f6a059fb68d9b3e11bc5850dd4899b1c7492091a3cb6dd9b01b56ad828be2?s=96&d=mm&r=g","caption":"Exaudi Redacci\u00f3n"},"description":"\u00bfQu\u00e9 es Exaudi News? Exaudi News es un medio de comunicaci\u00f3n cat\u00f3lico internacional que informa, forma y transforma, diariamente en espa\u00f1ol, ingl\u00e9s e italiano. A trav\u00e9s de noticias, art\u00edculos de an\u00e1lisis y transmisiones en directo de los eventos del Papa, Exaudi busca fortalecer la unidad de los cristianos y contribuir a la evangelizaci\u00f3n del mundo, siempre guiados por la doctrina social de la Iglesia. Trabajamos para acercar la verdad y los valores cristianos a cada rinc\u00f3n del planeta. \u00a1Ay\u00fadanos a transformar el mundo con Exaudi! En Exaudi creemos que la evangelizaci\u00f3n y la informaci\u00f3n de calidad pueden cambiar vidas. Para continuar con nuestra misi\u00f3n y expandir nuestro alcance, necesitamos tu ayuda. Adem\u00e1s, buscamos personas comprometidas que deseen unirse a nuestro equipo. Con tu apoyo, lograremos llegar a m\u00e1s personas, difundir el mensaje de Cristo y reforzar la unidad de los cristianos. \u00bfTe unes a nuestra misi\u00f3n? Para m\u00e1s informaci\u00f3n sobre c\u00f3mo colaborar, visita Exaudi.org\/es o cont\u00e1ctanos directamente: info@exaudi.org Exaudi: Informa, forma y transforma.","sameAs":["https:\/\/www.facebook.com\/ExaudiNoticias\/","https:\/\/www.instagram.com\/exaudi_noticias\/","https:\/\/x.com\/Exaudi_noticias","https:\/\/www.youtube.com\/@exaudicatholicnews"],"url":"https:\/\/exaudi.org\/es\/author\/redaccionexaudi\/"}]}},"jetpack_featured_media_url":"https:\/\/exaudi.org\/wp-content\/uploads\/2023\/04\/cq5dam.web_.800.800-2.jpeg","jetpack_shortlink":"https:\/\/wp.me\/pgKjF2-jag","_links":{"self":[{"href":"https:\/\/exaudi.org\/es\/wp-json\/wp\/v2\/posts\/73672","targetHints":{"allow":["GET"]}}],"collection":[{"href":"https:\/\/exaudi.org\/es\/wp-json\/wp\/v2\/posts"}],"about":[{"href":"https:\/\/exaudi.org\/es\/wp-json\/wp\/v2\/types\/post"}],"author":[{"embeddable":true,"href":"https:\/\/exaudi.org\/es\/wp-json\/wp\/v2\/users\/15"}],"replies":[{"embeddable":true,"href":"https:\/\/exaudi.org\/es\/wp-json\/wp\/v2\/comments?post=73672"}],"version-history":[{"count":0,"href":"https:\/\/exaudi.org\/es\/wp-json\/wp\/v2\/posts\/73672\/revisions"}],"wp:featuredmedia":[{"embeddable":true,"href":"https:\/\/exaudi.org\/es\/wp-json\/wp\/v2\/media\/73665"}],"wp:attachment":[{"href":"https:\/\/exaudi.org\/es\/wp-json\/wp\/v2\/media?parent=73672"}],"wp:term":[{"taxonomy":"category","embeddable":true,"href":"https:\/\/exaudi.org\/es\/wp-json\/wp\/v2\/categories?post=73672"},{"taxonomy":"post_tag","embeddable":true,"href":"https:\/\/exaudi.org\/es\/wp-json\/wp\/v2\/tags?post=73672"}],"curies":[{"name":"wp","href":"https:\/\/api.w.org\/{rel}","templated":true}]}}