{"id":73620,"date":"2023-04-06T08:39:07","date_gmt":"2023-04-06T06:39:07","guid":{"rendered":"https:\/\/exaudi.org\/?p=73620"},"modified":"2023-04-06T08:41:32","modified_gmt":"2023-04-06T06:41:32","slug":"papa-francisco-a-los-jovenes-presentemos-a-jesus-crucificado-todo-lo-que-somos-y-dejemos-que-renueve-en-nosotros-la-esperanza-de-una-vida-nueva","status":"publish","type":"post","link":"https:\/\/exaudi.org\/es\/papa-francisco-a-los-jovenes-presentemos-a-jesus-crucificado-todo-lo-que-somos-y-dejemos-que-renueve-en-nosotros-la-esperanza-de-una-vida-nueva\/","title":{"rendered":"\u00abDejemos que Jes\u00fas crucificado renueve en nosotros la esperanza de una vida nueva \u00bb"},"content":{"rendered":"<div>\n<audio class=\"wp-audio-shortcode\" id=\"audio-73620-1\" preload=\"none\" style=\"width: 100%;\" controls=\"controls\"><source type=\"audio\/mpeg\" src=\"https:\/\/exaudi.org\/wp-content\/uploads\/2023\/04\/Papa-Francisco-a-los-jovenes-del-UNIV.mp3?_=1\" \/><a href=\"https:\/\/exaudi.org\/wp-content\/uploads\/2023\/04\/Papa-Francisco-a-los-jovenes-del-UNIV.mp3\">https:\/\/exaudi.org\/wp-content\/uploads\/2023\/04\/Papa-Francisco-a-los-jovenes-del-UNIV.mp3<\/a><\/audio>\n<p>A las 10:00 horas de hoy, cerca de 3.000 j\u00f3venes que participan en esta edici\u00f3n del UNIV han acudido a la plaza de San Pedro para participar en la audiencia general con el Papa Francisco quien al final del encuentro se ha detenido a saludar a algunos de ellos. Durante la audiencia general, saludando a los j\u00f3venes del UNIV, el Papa ha dicho: \u00abSaludo cordialmente &#8230; a los j\u00f3venes que participan en el encuentro internacional UNIV 2023. En estos d\u00edas santos, acerqu\u00e9monos a Jes\u00fas crucificado. Contempl\u00e1ndolo a \u00c9l, herido y despojado de todo, reconozcamos nuestra propia verdad. Present\u00e9mosle todo lo que somos y dejemos que renueve en nosotros la esperanza de una vida nueva\u00bb (<a href=\"https:\/\/exaudi.org\/es\/contemplemos-a-jesus-crucificado-fuente-de-esperanza-para-todos\/\" target=\"_blank\" rel=\"noopener\">el texto completo de las palabras del Papa est\u00e1 disponible<\/a>).<\/p>\n<\/div>\n<div><b>\u00bfQu\u00e9 es el UNIV?<\/b><\/div>\n<div>El UNIV es un f\u00f3rum universitario que se organiza desde 1968. Cada a\u00f1o, miles de universitarios pasan la Semana Santa en Roma y tienen la oportunidad de conocer la riqueza cultural, hist\u00f3rica y espiritual de esta ciudad. Los primeros encuentros UNIV fueron organizados gracias al impulso de san Josemar\u00eda, fundador del Opus Dei, y actualmente, durante los d\u00edas del encuentro, la prelatura organiza actividades de formaci\u00f3n cristiana para los participantes.<\/div>\n<div><\/div>\n<div>Durante estos 55 a\u00f1os, decenas de miles de j\u00f3venes y profesores universitarios han podido ampliar sus horizontes culturales en el centro de la cristiandad, gracias tambi\u00e9n a<br \/>\nlas audiencias con los Papas Pablo VI, Juan Pablo II, Benedicto XVI y Francisco.<\/div>\n<div>Las palabras de los Pont\u00edfices a los j\u00f3venes del UNIV pueden consultarse en las siguientes p\u00e1ginas web:<br \/>\n<a href=\"https:\/\/univforum.org\/conoce-roma\/el-papa-y-el-univ\/\" target=\"_blank\" rel=\"noopener\" data-saferedirecturl=\"https:\/\/www.google.com\/url?q=https:\/\/univforum.org\/conoce-roma\/el-papa-y-el-univ\/&amp;source=gmail&amp;ust=1680848984001000&amp;usg=AOvVaw3I9WH374mszr9Z60X_7NFY\">https:\/\/univforum.org\/conoce-roma\/el-papa-y-el-univ\/<\/a><\/div>\n<div>\n<p><u>El tema del UNIV 2023 es \u201cLa b\u00fasqueda de la felicidad\u201d\u00a0<a href=\"http:\/\/www.univforum.org\/\" target=\"_blank\" rel=\"noopener\" data-saferedirecturl=\"https:\/\/www.google.com\/url?q=http:\/\/www.univforum.org&amp;source=gmail&amp;ust=1680848984001000&amp;usg=AOvVaw3DIcAJK6GEzAwskn_dcxG_\">www.univforum.org<\/a><\/u><\/p>\n<\/div>\n<div>Refiri\u00e9ndose al tema propuesto este a\u00f1o para la reflexi\u00f3n de los j\u00f3venes, el presidente del UNIV, el estadounidense Robert Marsland explica: \u201cEn el \u00faltimo medio siglo hemos podido sondear las profundidades del espacio y secuenciamos el genoma humano, pero a\u00fan luchamos por responder dos preguntas simples: \u00bfqu\u00e9 es la felicidad y c\u00f3mo puedo aumentarla? Desde S\u00f3crates hasta Sartre, ning\u00fan fil\u00f3sofo ha sido<br \/>\nindiferente a la cuesti\u00f3n del florecimiento humano; es la premisa oculta de toda publicidad y la raz\u00f3n detr\u00e1s de cada viaje al consultorio m\u00e9dico\u201d.<\/div>\n<div>El listado de temas de las ediciones precedentes del UNIV, junto con otras informaciones, se encuentran en las p\u00e1ginas web:\u00a0<a href=\"http:\/\/www.univforum.org\/\" target=\"_blank\" rel=\"noopener\" data-saferedirecturl=\"https:\/\/www.google.com\/url?q=http:\/\/www.univforum.org&amp;source=gmail&amp;ust=1680848984001000&amp;usg=AOvVaw3DIcAJK6GEzAwskn_dcxG_\">www.univforum.org<\/a>,\u00a0<a href=\"http:\/\/www.univinspire.org\/\" target=\"_blank\" rel=\"noopener\" data-saferedirecturl=\"https:\/\/www.google.com\/url?q=http:\/\/www.univinspire.org&amp;source=gmail&amp;ust=1680848984001000&amp;usg=AOvVaw0hzv8rZBZmTcjXcsnlwvDO\">www.univinspire.org<\/a>\u00a0y\u00a0<a href=\"http:\/\/univ.fasefundacion.org\/\" target=\"_blank\" rel=\"noopener\" data-saferedirecturl=\"https:\/\/www.google.com\/url?q=http:\/\/univ.fasefundacion.org&amp;source=gmail&amp;ust=1680848984001000&amp;usg=AOvVaw1_sjGW0SCmWZr1xgVK7AwD\">univ.fasefundacion.org<\/a>.<\/div>\n","protected":false},"excerpt":{"rendered":"<p>Los j\u00f3venes del UNIV han participado en la audiencia general con el Papa Francisco en la plaza de San Pedro<\/p>\n","protected":false},"author":15,"featured_media":73621,"comment_status":"closed","ping_status":"closed","sticky":false,"template":"","format":"standard","meta":{"_acf_changed":false,"_crdt_document":"","inline_featured_image":false,"footnotes":""},"categories":[74],"tags":[8810,158,1533,4953,8799],"class_list":["post-73620","post","type-post","status-publish","format-standard","has-post-thumbnail","hentry","category-iglesia-y-mundo","tag-fundacion-fase","tag-papa-francisco","tag-roma-es","tag-trending-es","tag-univ-2"],"acf":[],"yoast_head":"<!-- This site is optimized with the Yoast SEO plugin v27.4 - https:\/\/yoast.com\/product\/yoast-seo-wordpress\/ -->\n<title>\u00abDejemos que Jes\u00fas crucificado renueve en nosotros la esperanza de una vida nueva \u00bb &#8211; Exaudi<\/title>\n<meta name=\"robots\" content=\"index, follow, max-snippet:-1, max-image-preview:large, max-video-preview:-1\" \/>\n<link rel=\"canonical\" href=\"https:\/\/exaudi.org\/es\/papa-francisco-a-los-jovenes-presentemos-a-jesus-crucificado-todo-lo-que-somos-y-dejemos-que-renueve-en-nosotros-la-esperanza-de-una-vida-nueva\/\" \/>\n<meta property=\"og:locale\" content=\"es_ES\" \/>\n<meta property=\"og:type\" content=\"article\" \/>\n<meta property=\"og:title\" content=\"\u00abDejemos que Jes\u00fas crucificado renueve en nosotros la esperanza de una vida nueva \u00bb &#8211; Exaudi\" \/>\n<meta property=\"og:description\" content=\"Los j\u00f3venes del UNIV han participado en la audiencia general con el Papa Francisco en la plaza de San Pedro\" \/>\n<meta property=\"og:url\" content=\"https:\/\/exaudi.org\/es\/papa-francisco-a-los-jovenes-presentemos-a-jesus-crucificado-todo-lo-que-somos-y-dejemos-que-renueve-en-nosotros-la-esperanza-de-una-vida-nueva\/\" \/>\n<meta property=\"og:site_name\" content=\"Exaudi\" \/>\n<meta property=\"article:publisher\" content=\"https:\/\/www.facebook.com\/ExaudiNews\" \/>\n<meta property=\"article:author\" content=\"https:\/\/www.facebook.com\/ExaudiNoticias\/\" \/>\n<meta property=\"article:published_time\" content=\"2023-04-06T06:39:07+00:00\" \/>\n<meta property=\"article:modified_time\" content=\"2023-04-06T06:41:32+00:00\" \/>\n<meta property=\"og:image\" content=\"https:\/\/exaudi.org\/wp-content\/uploads\/2023\/04\/cq5dam.thumbnail.cropped.750.422-3.jpeg\" \/>\n\t<meta property=\"og:image:width\" content=\"750\" \/>\n\t<meta property=\"og:image:height\" content=\"422\" \/>\n\t<meta property=\"og:image:type\" content=\"image\/jpeg\" \/>\n<meta name=\"author\" content=\"Exaudi Redacci\u00f3n\" \/>\n<meta name=\"twitter:card\" content=\"summary_large_image\" \/>\n<meta name=\"twitter:creator\" content=\"@Exaudi_noticias\" \/>\n<meta name=\"twitter:site\" content=\"@Exaudi_News\" \/>\n<meta name=\"twitter:label1\" content=\"Escrito por\" \/>\n\t<meta name=\"twitter:data1\" content=\"Exaudi Redacci\u00f3n\" \/>\n\t<meta name=\"twitter:label2\" content=\"Tiempo de lectura\" \/>\n\t<meta name=\"twitter:data2\" content=\"2 minutos\" \/>\n<script type=\"application\/ld+json\" class=\"yoast-schema-graph\">{\"@context\":\"https:\\\/\\\/schema.org\",\"@graph\":[{\"@type\":\"Article\",\"@id\":\"https:\\\/\\\/exaudi.org\\\/es\\\/papa-francisco-a-los-jovenes-presentemos-a-jesus-crucificado-todo-lo-que-somos-y-dejemos-que-renueve-en-nosotros-la-esperanza-de-una-vida-nueva\\\/#article\",\"isPartOf\":{\"@id\":\"https:\\\/\\\/exaudi.org\\\/es\\\/papa-francisco-a-los-jovenes-presentemos-a-jesus-crucificado-todo-lo-que-somos-y-dejemos-que-renueve-en-nosotros-la-esperanza-de-una-vida-nueva\\\/\"},\"author\":{\"name\":\"Exaudi Redacci\u00f3n\",\"@id\":\"https:\\\/\\\/exaudi.org\\\/#\\\/schema\\\/person\\\/f5fc8f063065e38742da7afe15f25df7\"},\"headline\":\"\u00abDejemos que Jes\u00fas crucificado renueve en nosotros la esperanza de una vida nueva \u00bb\",\"datePublished\":\"2023-04-06T06:39:07+00:00\",\"dateModified\":\"2023-04-06T06:41:32+00:00\",\"mainEntityOfPage\":{\"@id\":\"https:\\\/\\\/exaudi.org\\\/es\\\/papa-francisco-a-los-jovenes-presentemos-a-jesus-crucificado-todo-lo-que-somos-y-dejemos-que-renueve-en-nosotros-la-esperanza-de-una-vida-nueva\\\/\"},\"wordCount\":444,\"image\":{\"@id\":\"https:\\\/\\\/exaudi.org\\\/es\\\/papa-francisco-a-los-jovenes-presentemos-a-jesus-crucificado-todo-lo-que-somos-y-dejemos-que-renueve-en-nosotros-la-esperanza-de-una-vida-nueva\\\/#primaryimage\"},\"thumbnailUrl\":\"https:\\\/\\\/exaudi.org\\\/wp-content\\\/uploads\\\/2023\\\/04\\\/cq5dam.thumbnail.cropped.750.422-3.jpeg\",\"keywords\":[\"Fundaci\u00f3n Fase\",\"papa francisco\",\"Roma\",\"Trending\",\"Univ\"],\"articleSection\":[\"Iglesia y Mundo\"],\"inLanguage\":\"es\"},{\"@type\":\"WebPage\",\"@id\":\"https:\\\/\\\/exaudi.org\\\/es\\\/papa-francisco-a-los-jovenes-presentemos-a-jesus-crucificado-todo-lo-que-somos-y-dejemos-que-renueve-en-nosotros-la-esperanza-de-una-vida-nueva\\\/\",\"url\":\"https:\\\/\\\/exaudi.org\\\/es\\\/papa-francisco-a-los-jovenes-presentemos-a-jesus-crucificado-todo-lo-que-somos-y-dejemos-que-renueve-en-nosotros-la-esperanza-de-una-vida-nueva\\\/\",\"name\":\"\u00abDejemos que Jes\u00fas crucificado renueve en nosotros la esperanza de una vida nueva \u00bb &#8211; Exaudi\",\"isPartOf\":{\"@id\":\"https:\\\/\\\/exaudi.org\\\/#website\"},\"primaryImageOfPage\":{\"@id\":\"https:\\\/\\\/exaudi.org\\\/es\\\/papa-francisco-a-los-jovenes-presentemos-a-jesus-crucificado-todo-lo-que-somos-y-dejemos-que-renueve-en-nosotros-la-esperanza-de-una-vida-nueva\\\/#primaryimage\"},\"image\":{\"@id\":\"https:\\\/\\\/exaudi.org\\\/es\\\/papa-francisco-a-los-jovenes-presentemos-a-jesus-crucificado-todo-lo-que-somos-y-dejemos-que-renueve-en-nosotros-la-esperanza-de-una-vida-nueva\\\/#primaryimage\"},\"thumbnailUrl\":\"https:\\\/\\\/exaudi.org\\\/wp-content\\\/uploads\\\/2023\\\/04\\\/cq5dam.thumbnail.cropped.750.422-3.jpeg\",\"datePublished\":\"2023-04-06T06:39:07+00:00\",\"dateModified\":\"2023-04-06T06:41:32+00:00\",\"author\":{\"@id\":\"https:\\\/\\\/exaudi.org\\\/#\\\/schema\\\/person\\\/f5fc8f063065e38742da7afe15f25df7\"},\"breadcrumb\":{\"@id\":\"https:\\\/\\\/exaudi.org\\\/es\\\/papa-francisco-a-los-jovenes-presentemos-a-jesus-crucificado-todo-lo-que-somos-y-dejemos-que-renueve-en-nosotros-la-esperanza-de-una-vida-nueva\\\/#breadcrumb\"},\"inLanguage\":\"es\",\"potentialAction\":[{\"@type\":\"ReadAction\",\"target\":[\"https:\\\/\\\/exaudi.org\\\/es\\\/papa-francisco-a-los-jovenes-presentemos-a-jesus-crucificado-todo-lo-que-somos-y-dejemos-que-renueve-en-nosotros-la-esperanza-de-una-vida-nueva\\\/\"]}]},{\"@type\":\"ImageObject\",\"inLanguage\":\"es\",\"@id\":\"https:\\\/\\\/exaudi.org\\\/es\\\/papa-francisco-a-los-jovenes-presentemos-a-jesus-crucificado-todo-lo-que-somos-y-dejemos-que-renueve-en-nosotros-la-esperanza-de-una-vida-nueva\\\/#primaryimage\",\"url\":\"https:\\\/\\\/exaudi.org\\\/wp-content\\\/uploads\\\/2023\\\/04\\\/cq5dam.thumbnail.cropped.750.422-3.jpeg\",\"contentUrl\":\"https:\\\/\\\/exaudi.org\\\/wp-content\\\/uploads\\\/2023\\\/04\\\/cq5dam.thumbnail.cropped.750.422-3.jpeg\",\"width\":750,\"height\":422},{\"@type\":\"BreadcrumbList\",\"@id\":\"https:\\\/\\\/exaudi.org\\\/es\\\/papa-francisco-a-los-jovenes-presentemos-a-jesus-crucificado-todo-lo-que-somos-y-dejemos-que-renueve-en-nosotros-la-esperanza-de-una-vida-nueva\\\/#breadcrumb\",\"itemListElement\":[{\"@type\":\"ListItem\",\"position\":1,\"name\":\"Portada\",\"item\":\"https:\\\/\\\/exaudi.org\\\/es\\\/\"},{\"@type\":\"ListItem\",\"position\":2,\"name\":\"\u00abDejemos que Jes\u00fas crucificado renueve en nosotros la esperanza de una vida nueva \u00bb\"}]},{\"@type\":\"WebSite\",\"@id\":\"https:\\\/\\\/exaudi.org\\\/#website\",\"url\":\"https:\\\/\\\/exaudi.org\\\/\",\"name\":\"Exaudi\",\"description\":\"News\",\"potentialAction\":[{\"@type\":\"SearchAction\",\"target\":{\"@type\":\"EntryPoint\",\"urlTemplate\":\"https:\\\/\\\/exaudi.org\\\/?s={search_term_string}\"},\"query-input\":{\"@type\":\"PropertyValueSpecification\",\"valueRequired\":true,\"valueName\":\"search_term_string\"}}],\"inLanguage\":\"es\"},{\"@type\":\"Person\",\"@id\":\"https:\\\/\\\/exaudi.org\\\/#\\\/schema\\\/person\\\/f5fc8f063065e38742da7afe15f25df7\",\"name\":\"Exaudi Redacci\u00f3n\",\"image\":{\"@type\":\"ImageObject\",\"inLanguage\":\"es\",\"@id\":\"https:\\\/\\\/secure.gravatar.com\\\/avatar\\\/fe0f6a059fb68d9b3e11bc5850dd4899b1c7492091a3cb6dd9b01b56ad828be2?s=96&d=mm&r=g\",\"url\":\"https:\\\/\\\/secure.gravatar.com\\\/avatar\\\/fe0f6a059fb68d9b3e11bc5850dd4899b1c7492091a3cb6dd9b01b56ad828be2?s=96&d=mm&r=g\",\"contentUrl\":\"https:\\\/\\\/secure.gravatar.com\\\/avatar\\\/fe0f6a059fb68d9b3e11bc5850dd4899b1c7492091a3cb6dd9b01b56ad828be2?s=96&d=mm&r=g\",\"caption\":\"Exaudi Redacci\u00f3n\"},\"description\":\"\u00bfQu\u00e9 es Exaudi News? Exaudi News es un medio de comunicaci\u00f3n cat\u00f3lico internacional que informa, forma y transforma, diariamente en espa\u00f1ol, ingl\u00e9s e italiano. A trav\u00e9s de noticias, art\u00edculos de an\u00e1lisis y transmisiones en directo de los eventos del Papa, Exaudi busca fortalecer la unidad de los cristianos y contribuir a la evangelizaci\u00f3n del mundo, siempre guiados por la doctrina social de la Iglesia. Trabajamos para acercar la verdad y los valores cristianos a cada rinc\u00f3n del planeta. \u00a1Ay\u00fadanos a transformar el mundo con Exaudi! En Exaudi creemos que la evangelizaci\u00f3n y la informaci\u00f3n de calidad pueden cambiar vidas. Para continuar con nuestra misi\u00f3n y expandir nuestro alcance, necesitamos tu ayuda. Adem\u00e1s, buscamos personas comprometidas que deseen unirse a nuestro equipo. Con tu apoyo, lograremos llegar a m\u00e1s personas, difundir el mensaje de Cristo y reforzar la unidad de los cristianos. \u00bfTe unes a nuestra misi\u00f3n? Para m\u00e1s informaci\u00f3n sobre c\u00f3mo colaborar, visita Exaudi.org\\\/es o cont\u00e1ctanos directamente: info@exaudi.org Exaudi: Informa, forma y transforma.\",\"sameAs\":[\"https:\\\/\\\/www.facebook.com\\\/ExaudiNoticias\\\/\",\"https:\\\/\\\/www.instagram.com\\\/exaudi_noticias\\\/\",\"https:\\\/\\\/x.com\\\/Exaudi_noticias\",\"https:\\\/\\\/www.youtube.com\\\/@exaudicatholicnews\"],\"url\":\"https:\\\/\\\/exaudi.org\\\/es\\\/author\\\/redaccionexaudi\\\/\"}]}<\/script>\n<!-- \/ Yoast SEO plugin. -->","yoast_head_json":{"title":"\u00abDejemos que Jes\u00fas crucificado renueve en nosotros la esperanza de una vida nueva \u00bb &#8211; Exaudi","robots":{"index":"index","follow":"follow","max-snippet":"max-snippet:-1","max-image-preview":"max-image-preview:large","max-video-preview":"max-video-preview:-1"},"canonical":"https:\/\/exaudi.org\/es\/papa-francisco-a-los-jovenes-presentemos-a-jesus-crucificado-todo-lo-que-somos-y-dejemos-que-renueve-en-nosotros-la-esperanza-de-una-vida-nueva\/","og_locale":"es_ES","og_type":"article","og_title":"\u00abDejemos que Jes\u00fas crucificado renueve en nosotros la esperanza de una vida nueva \u00bb &#8211; Exaudi","og_description":"Los j\u00f3venes del UNIV han participado en la audiencia general con el Papa Francisco en la plaza de San Pedro","og_url":"https:\/\/exaudi.org\/es\/papa-francisco-a-los-jovenes-presentemos-a-jesus-crucificado-todo-lo-que-somos-y-dejemos-que-renueve-en-nosotros-la-esperanza-de-una-vida-nueva\/","og_site_name":"Exaudi","article_publisher":"https:\/\/www.facebook.com\/ExaudiNews","article_author":"https:\/\/www.facebook.com\/ExaudiNoticias\/","article_published_time":"2023-04-06T06:39:07+00:00","article_modified_time":"2023-04-06T06:41:32+00:00","og_image":[{"width":750,"height":422,"url":"https:\/\/exaudi.org\/wp-content\/uploads\/2023\/04\/cq5dam.thumbnail.cropped.750.422-3.jpeg","type":"image\/jpeg"}],"author":"Exaudi Redacci\u00f3n","twitter_card":"summary_large_image","twitter_creator":"@Exaudi_noticias","twitter_site":"@Exaudi_News","twitter_misc":{"Escrito por":"Exaudi Redacci\u00f3n","Tiempo de lectura":"2 minutos"},"schema":{"@context":"https:\/\/schema.org","@graph":[{"@type":"Article","@id":"https:\/\/exaudi.org\/es\/papa-francisco-a-los-jovenes-presentemos-a-jesus-crucificado-todo-lo-que-somos-y-dejemos-que-renueve-en-nosotros-la-esperanza-de-una-vida-nueva\/#article","isPartOf":{"@id":"https:\/\/exaudi.org\/es\/papa-francisco-a-los-jovenes-presentemos-a-jesus-crucificado-todo-lo-que-somos-y-dejemos-que-renueve-en-nosotros-la-esperanza-de-una-vida-nueva\/"},"author":{"name":"Exaudi Redacci\u00f3n","@id":"https:\/\/exaudi.org\/#\/schema\/person\/f5fc8f063065e38742da7afe15f25df7"},"headline":"\u00abDejemos que Jes\u00fas crucificado renueve en nosotros la esperanza de una vida nueva \u00bb","datePublished":"2023-04-06T06:39:07+00:00","dateModified":"2023-04-06T06:41:32+00:00","mainEntityOfPage":{"@id":"https:\/\/exaudi.org\/es\/papa-francisco-a-los-jovenes-presentemos-a-jesus-crucificado-todo-lo-que-somos-y-dejemos-que-renueve-en-nosotros-la-esperanza-de-una-vida-nueva\/"},"wordCount":444,"image":{"@id":"https:\/\/exaudi.org\/es\/papa-francisco-a-los-jovenes-presentemos-a-jesus-crucificado-todo-lo-que-somos-y-dejemos-que-renueve-en-nosotros-la-esperanza-de-una-vida-nueva\/#primaryimage"},"thumbnailUrl":"https:\/\/exaudi.org\/wp-content\/uploads\/2023\/04\/cq5dam.thumbnail.cropped.750.422-3.jpeg","keywords":["Fundaci\u00f3n Fase","papa francisco","Roma","Trending","Univ"],"articleSection":["Iglesia y Mundo"],"inLanguage":"es"},{"@type":"WebPage","@id":"https:\/\/exaudi.org\/es\/papa-francisco-a-los-jovenes-presentemos-a-jesus-crucificado-todo-lo-que-somos-y-dejemos-que-renueve-en-nosotros-la-esperanza-de-una-vida-nueva\/","url":"https:\/\/exaudi.org\/es\/papa-francisco-a-los-jovenes-presentemos-a-jesus-crucificado-todo-lo-que-somos-y-dejemos-que-renueve-en-nosotros-la-esperanza-de-una-vida-nueva\/","name":"\u00abDejemos que Jes\u00fas crucificado renueve en nosotros la esperanza de una vida nueva \u00bb &#8211; Exaudi","isPartOf":{"@id":"https:\/\/exaudi.org\/#website"},"primaryImageOfPage":{"@id":"https:\/\/exaudi.org\/es\/papa-francisco-a-los-jovenes-presentemos-a-jesus-crucificado-todo-lo-que-somos-y-dejemos-que-renueve-en-nosotros-la-esperanza-de-una-vida-nueva\/#primaryimage"},"image":{"@id":"https:\/\/exaudi.org\/es\/papa-francisco-a-los-jovenes-presentemos-a-jesus-crucificado-todo-lo-que-somos-y-dejemos-que-renueve-en-nosotros-la-esperanza-de-una-vida-nueva\/#primaryimage"},"thumbnailUrl":"https:\/\/exaudi.org\/wp-content\/uploads\/2023\/04\/cq5dam.thumbnail.cropped.750.422-3.jpeg","datePublished":"2023-04-06T06:39:07+00:00","dateModified":"2023-04-06T06:41:32+00:00","author":{"@id":"https:\/\/exaudi.org\/#\/schema\/person\/f5fc8f063065e38742da7afe15f25df7"},"breadcrumb":{"@id":"https:\/\/exaudi.org\/es\/papa-francisco-a-los-jovenes-presentemos-a-jesus-crucificado-todo-lo-que-somos-y-dejemos-que-renueve-en-nosotros-la-esperanza-de-una-vida-nueva\/#breadcrumb"},"inLanguage":"es","potentialAction":[{"@type":"ReadAction","target":["https:\/\/exaudi.org\/es\/papa-francisco-a-los-jovenes-presentemos-a-jesus-crucificado-todo-lo-que-somos-y-dejemos-que-renueve-en-nosotros-la-esperanza-de-una-vida-nueva\/"]}]},{"@type":"ImageObject","inLanguage":"es","@id":"https:\/\/exaudi.org\/es\/papa-francisco-a-los-jovenes-presentemos-a-jesus-crucificado-todo-lo-que-somos-y-dejemos-que-renueve-en-nosotros-la-esperanza-de-una-vida-nueva\/#primaryimage","url":"https:\/\/exaudi.org\/wp-content\/uploads\/2023\/04\/cq5dam.thumbnail.cropped.750.422-3.jpeg","contentUrl":"https:\/\/exaudi.org\/wp-content\/uploads\/2023\/04\/cq5dam.thumbnail.cropped.750.422-3.jpeg","width":750,"height":422},{"@type":"BreadcrumbList","@id":"https:\/\/exaudi.org\/es\/papa-francisco-a-los-jovenes-presentemos-a-jesus-crucificado-todo-lo-que-somos-y-dejemos-que-renueve-en-nosotros-la-esperanza-de-una-vida-nueva\/#breadcrumb","itemListElement":[{"@type":"ListItem","position":1,"name":"Portada","item":"https:\/\/exaudi.org\/es\/"},{"@type":"ListItem","position":2,"name":"\u00abDejemos que Jes\u00fas crucificado renueve en nosotros la esperanza de una vida nueva \u00bb"}]},{"@type":"WebSite","@id":"https:\/\/exaudi.org\/#website","url":"https:\/\/exaudi.org\/","name":"Exaudi","description":"News","potentialAction":[{"@type":"SearchAction","target":{"@type":"EntryPoint","urlTemplate":"https:\/\/exaudi.org\/?s={search_term_string}"},"query-input":{"@type":"PropertyValueSpecification","valueRequired":true,"valueName":"search_term_string"}}],"inLanguage":"es"},{"@type":"Person","@id":"https:\/\/exaudi.org\/#\/schema\/person\/f5fc8f063065e38742da7afe15f25df7","name":"Exaudi Redacci\u00f3n","image":{"@type":"ImageObject","inLanguage":"es","@id":"https:\/\/secure.gravatar.com\/avatar\/fe0f6a059fb68d9b3e11bc5850dd4899b1c7492091a3cb6dd9b01b56ad828be2?s=96&d=mm&r=g","url":"https:\/\/secure.gravatar.com\/avatar\/fe0f6a059fb68d9b3e11bc5850dd4899b1c7492091a3cb6dd9b01b56ad828be2?s=96&d=mm&r=g","contentUrl":"https:\/\/secure.gravatar.com\/avatar\/fe0f6a059fb68d9b3e11bc5850dd4899b1c7492091a3cb6dd9b01b56ad828be2?s=96&d=mm&r=g","caption":"Exaudi Redacci\u00f3n"},"description":"\u00bfQu\u00e9 es Exaudi News? Exaudi News es un medio de comunicaci\u00f3n cat\u00f3lico internacional que informa, forma y transforma, diariamente en espa\u00f1ol, ingl\u00e9s e italiano. A trav\u00e9s de noticias, art\u00edculos de an\u00e1lisis y transmisiones en directo de los eventos del Papa, Exaudi busca fortalecer la unidad de los cristianos y contribuir a la evangelizaci\u00f3n del mundo, siempre guiados por la doctrina social de la Iglesia. Trabajamos para acercar la verdad y los valores cristianos a cada rinc\u00f3n del planeta. \u00a1Ay\u00fadanos a transformar el mundo con Exaudi! En Exaudi creemos que la evangelizaci\u00f3n y la informaci\u00f3n de calidad pueden cambiar vidas. Para continuar con nuestra misi\u00f3n y expandir nuestro alcance, necesitamos tu ayuda. Adem\u00e1s, buscamos personas comprometidas que deseen unirse a nuestro equipo. Con tu apoyo, lograremos llegar a m\u00e1s personas, difundir el mensaje de Cristo y reforzar la unidad de los cristianos. \u00bfTe unes a nuestra misi\u00f3n? Para m\u00e1s informaci\u00f3n sobre c\u00f3mo colaborar, visita Exaudi.org\/es o cont\u00e1ctanos directamente: info@exaudi.org Exaudi: Informa, forma y transforma.","sameAs":["https:\/\/www.facebook.com\/ExaudiNoticias\/","https:\/\/www.instagram.com\/exaudi_noticias\/","https:\/\/x.com\/Exaudi_noticias","https:\/\/www.youtube.com\/@exaudicatholicnews"],"url":"https:\/\/exaudi.org\/es\/author\/redaccionexaudi\/"}]}},"jetpack_featured_media_url":"https:\/\/exaudi.org\/wp-content\/uploads\/2023\/04\/cq5dam.thumbnail.cropped.750.422-3.jpeg","jetpack_shortlink":"https:\/\/wp.me\/pgKjF2-j9q","_links":{"self":[{"href":"https:\/\/exaudi.org\/es\/wp-json\/wp\/v2\/posts\/73620","targetHints":{"allow":["GET"]}}],"collection":[{"href":"https:\/\/exaudi.org\/es\/wp-json\/wp\/v2\/posts"}],"about":[{"href":"https:\/\/exaudi.org\/es\/wp-json\/wp\/v2\/types\/post"}],"author":[{"embeddable":true,"href":"https:\/\/exaudi.org\/es\/wp-json\/wp\/v2\/users\/15"}],"replies":[{"embeddable":true,"href":"https:\/\/exaudi.org\/es\/wp-json\/wp\/v2\/comments?post=73620"}],"version-history":[{"count":0,"href":"https:\/\/exaudi.org\/es\/wp-json\/wp\/v2\/posts\/73620\/revisions"}],"wp:featuredmedia":[{"embeddable":true,"href":"https:\/\/exaudi.org\/es\/wp-json\/wp\/v2\/media\/73621"}],"wp:attachment":[{"href":"https:\/\/exaudi.org\/es\/wp-json\/wp\/v2\/media?parent=73620"}],"wp:term":[{"taxonomy":"category","embeddable":true,"href":"https:\/\/exaudi.org\/es\/wp-json\/wp\/v2\/categories?post=73620"},{"taxonomy":"post_tag","embeddable":true,"href":"https:\/\/exaudi.org\/es\/wp-json\/wp\/v2\/tags?post=73620"}],"curies":[{"name":"wp","href":"https:\/\/api.w.org\/{rel}","templated":true}]}}