{"id":73610,"date":"2023-04-05T14:49:55","date_gmt":"2023-04-05T12:49:55","guid":{"rendered":"https:\/\/exaudi.org\/?p=73610"},"modified":"2023-04-05T14:52:46","modified_gmt":"2023-04-05T12:52:46","slug":"contemplemos-a-jesus-crucificado-fuente-de-esperanza-para-todos","status":"publish","type":"post","link":"https:\/\/exaudi.org\/es\/contemplemos-a-jesus-crucificado-fuente-de-esperanza-para-todos\/","title":{"rendered":"Contemplemos a Jes\u00fas crucificado, fuente de esperanza para todos"},"content":{"rendered":"<div class=\"testo\">\n<div class=\"text parbase vaticanrichtext\">\n<p>La audiencia general de esta ma\u00f1ana 5 de abril de 2023, tiene lugar a las 9.00 horas en la Plaza de San Pedro, donde el Santo Padre Francisco se re\u00fane con grupos de peregrinos y fieles de Italia y de todo el mundo.<\/p>\n<p>En su discurso, el Papa, en v\u00edsperas del Triduo Pascual, centra su meditaci\u00f3n sobre el tema: \u00abEl Crucificado, fuente de esperanza\u00bb (Lectura: 1 Pe 2,21-24).<\/p>\n<p>Tras resumir su catequesis en las distintas lenguas, el Santo Padre dirigi\u00f3 especiales expresiones especiales de saludo a los fieles presentes.<\/p>\n<p>La Audiencia General concluye con el rezo del <em>Pater Noster<\/em> y la Bendici\u00f3n Apost\u00f3lica.<\/p>\n<p>A continuaci\u00f3n, sigue el texto de la catequesis completa, los saludos y las palabras en espa\u00f1ol del Santo Padre.<\/p>\n<p>***<\/p>\n<h3><strong>Catequesis del Santo Padre<\/strong><\/h3>\n<p><b>\u201cEl Crucificado, fu<\/b><b>ente de esperanza\u201d<\/b><\/p>\n<p><i>Queridos hermanos y hermanas, \u00a1buenos d\u00edas!<\/i><\/p>\n<p>El pasado domingo la Liturgia nos hizo escuchar la Pasi\u00f3n del Se\u00f1or. Termina con estas palabras: \u00abSellando la piedra\u00bb (<i>Mt<\/i>\u00a027,66): todo parece terminado. Para los disc\u00edpulos de Jes\u00fas esa roca marca\u00a0<i>el t\u00e9rmino de la esperanza<\/i>. El Maestro ha sido crucificado, asesinado de la forma m\u00e1s cruel y humillante, colgado en un pat\u00edbulo infame fuera de la ciudad: un fracaso p\u00fablico, el peor final posible \u2014en esa \u00e9poca era el peor\u2014. Pues bien, ese des\u00e1nimo que oprim\u00eda a los disc\u00edpulos no es del todo extra\u00f1o a nosotros hoy. Tambi\u00e9n en nosotros se condensan pensamientos profundos y sentimientos de frustraci\u00f3n: \u00bfpor qu\u00e9 tanta indiferencia hacia Dios? Es curioso, esto: \u00bfpor qu\u00e9 hay tanta indiferencia hacia Dios? \u00bfPor qu\u00e9 tanto mal en el mundo? \u00a1Mira que hay mal en el mundo! \u00bfPor qu\u00e9 las desigualdades siguen creciendo y la anhelada paz no llega? \u00bfPor qu\u00e9 estamos tan apegados a la guerra, al hacerse mal el uno al otro? \u00a1Y en los corazones de cada uno, cu\u00e1ntas expectativas desvanecidas, cu\u00e1ntas desilusiones! Y tambi\u00e9n, esa sensaci\u00f3n de que los tiempos pasados fueron mejores y que, en el mundo, quiz\u00e1 tambi\u00e9n en la Iglesia, las cosas no van como antes\u2026 En resumen, tambi\u00e9n hoy la esperanza parece a veces sellada bajo la piedra de la desconfianza. E invito a cada uno de vosotros a pensar en esto: \u00bfd\u00f3nde est\u00e1 tu esperanza? T\u00fa, \u00bftienes una esperanza viva o la has sellado ah\u00ed, o la tienes en el caj\u00f3n como un recuerdo? Pero \u00bft\u00fa esperanza te empuja a caminar o es un recuerdo rom\u00e1ntico como si fuera algo que no existe? \u00bfD\u00f3nde est\u00e1 tu esperanza, hoy?<\/p>\n<p>En la mente de los disc\u00edpulos permanece fija una imagen:\u00a0<i>la cruz<\/i>. Y ah\u00ed ha terminado todo. Ah\u00ed se concentraba el final de todo. Pero poco despu\u00e9s descubrir\u00edan precisamente en la cruz un nuevo inicio. Queridos hermanos y hermanas, la esperanza de Dios brota as\u00ed, nace y renace en los agujeros negros de nuestras expectativas decepcionadas; y esta, la esperanza verdadera, sin embargo, no decepciona nunca. Pensemos precisamente en la cruz: del terrible instrumento de tortura Dios ha realizado el mayor signo del amor. Ese madero de muerte, convertido en \u00e1rbol de vida, nos recuerda que los inicios de Dios empiezan a menudo en nuestros finales. As\u00ed \u00c9l ama obrar maravillas. Hoy, por tanto,\u00a0<i>miremos al \u00e1rbol de la cruz para que brote en nosotros la esperanza<\/i>: esa virtud cotidiana, esa virtud silenciosa, humilde, pero esa virtud que nos mantiene en pie, que nos ayuda a ir adelante. Sin esperanza no se puede vivir. Pensemos: \u00bfd\u00f3nde est\u00e1 mi esperanza? Hoy,\u00a0<i>miremos al \u00e1rbol de la cruz para que brote en nosotros la esperanza<\/i>: para ser sanados de la tristeza \u2014pero, cu\u00e1nta gente triste\u2014\u2026 A m\u00ed, cuando pod\u00eda ir por las calles, ahora no puedo porque no me dejan, pero cuando pod\u00eda ir por las calles en la otra di\u00f3cesis, me gustaba ver la mirada de la gente, \u00a1Cu\u00e1ntas miradas tristes! Gente triste, gente que hablaba consigo misma, gente que caminaba solamente con el tel\u00e9fono, pero sin paz, sin esperanza. \u00bfD\u00f3nde est\u00e1 tu esperanza hoy? Hace falta un poco de esperanza para ser sanados de la tristeza de la que estamos enfermos, para ser sanados de la amargura con la que contaminamos a la Iglesia y al mundo. Hermanos y hermanas, miramos el Crucifijo. \u00bfY qu\u00e9 vemos? Vemos a\u00a0<i>Jes\u00fas desnudo<\/i>,\u00a0<i>Jes\u00fas despojado<\/i>,\u00a0<i>Jes\u00fas herido<\/i>,\u00a0<i>Jes\u00fas atormentado<\/i>. \u00bfEs el final de todo? Ah\u00ed est\u00e1 nuestra esperanza.<\/p>\n<p>Comprendamos entonces que en estos dos aspectos renace la esperanza que parece morir. En primer lugar, vemos a Jes\u00fas\u00a0<i>despojado<\/i>: de hecho, \u00abuna vez que lo crucificaron, se repartieron sus vestidos, echando a suertes\u00bb (v.<i>\u00a0<\/i>35). Dios despojado: \u00c9l que tiene todo se deja privar de todo. Pero esa humillaci\u00f3n es el camino de la redenci\u00f3n. Dios vence as\u00ed sobre nuestras apariencias. A nosotros, de hecho, nos cuesta ponernos al desnudo, decir la verdad: siempre tratamos de cubrir la verdad porque no nos gusta; nos revestimos de exterioridad que buscamos y cuidamos, con m\u00e1scaras para camuflarnos y mostrarnos mejor de lo que somos. Es un poco como la costumbre del maquillaje: maquillaje interior, parecer mejor que los otros\u2026 Pensamos que lo importante es ostentar, aparentar, para que los otros hablen bien de nosotros. Y nos adornamos de apariencias, nos adornamos de apariencias, de cosas superfluas; pero as\u00ed no encontramos paz. Luego el maquillaje se va y t\u00fa te miras al espejo con la cara fea que tienes, pero verdadera, la que Dios ama, no esa \u201cmaquillada\u201d. Y Jes\u00fas despojado de todo nos recuerda que la esperanza renace diciendo la verdad sobre nosotros \u00a0\u2014decir la verdad a uno mismo\u2014, dejando caer las dobleces, liber\u00e1ndonos de la pac\u00edfica convivencia con nuestras falsedades. A veces, estamos tan acostumbrados a decirnos falsedades que convivimos con las falsedades como si fueran la verdad y terminamos por envenenarnos con nuestras falsedades. Lo que hace falta es volver al coraz\u00f3n, a lo esencial, a una vida sencilla, despojada de tantas cosas in\u00fatiles, que son suced\u00e1neos de esperanza. Hoy, cuando todo es complejo y se corre el riesgo de perder el hilo, necesitamos sencillez, redescubrir el valor de la sobriedad, el valor de la renuncia, de limpiar lo que contamina el coraz\u00f3n y entristece. Cada uno de nosotros puede pensar en algo in\u00fatil de lo que puede liberarse para reencontrarse. Piensa t\u00fa, cu\u00e1ntas cosas in\u00fatiles. Aqu\u00ed, hace quince d\u00edas, en Santa Marta, donde yo vivo \u2014que es un hotel para mucha gente\u2014 se corri\u00f3 la voz de que para esta Semana Santa ser\u00eda bonito mirar el armario y despojar, quitar cosas que tenemos, que no usamos\u2026 \u00a1no imagin\u00e1is la cantidad de cosas! Es bonito despojarse de las cosas in\u00fatiles. Y esto fue para los pobres, a la gente que tiene necesidad. Tambi\u00e9n nosotros, tenemos muchas cosas in\u00fatiles dentro del coraz\u00f3n y fuera del coraz\u00f3n. Mirad vuestro armario: miradlo. Esto es \u00fatil, esto es in\u00fatil\u2026 y haced limpieza. Mirad el armario del alma: cu\u00e1ntas cosas in\u00fatiles tienes, cu\u00e1ntas ilusiones est\u00fapidas. \u00a0Volvamos a la sencillez, a las cosas verdaderas, que no necesitan maquillarse. \u00a1Este es un bonito ejercicio!<\/p>\n<p>Dirigimos una segunda mirada al Crucifijo y vemos a\u00a0<i>Jes\u00fas herido<\/i>. La cruz muestra los clavos que le atraviesan las manos y los pies, el costado abierto. Pero a las heridas del cuerpo se a\u00f1aden las del alma: \u00a1cu\u00e1nta angustia! Jes\u00fas est\u00e1 solo: traicionado, entregado y renegado por los suyos, sus amigos, tambi\u00e9n sus disc\u00edpulos, condenado por el poder religioso y civil, excomulgado, Jes\u00fas siente incluso el abandono de Dios (cfr. v. 46). Sobre la cruz aparece adem\u00e1s el motivo de la condena, \u00abEste es Jes\u00fas: el Rey de los jud\u00edos\u00bb (v. 37). Es una burla: \u00c9l, que hab\u00eda huido cuando trataban de hacerle rey (cfr.\u00a0<i>Jn<\/i>\u00a06,15), es condenado por haberse hecho rey; incluso no habiendo cometido cr\u00edmenes, es colocado entre dos criminales y se prefiere al violento Barrab\u00e1s (cfr.\u00a0<i>Mt<\/i>\u00a027,15-21). Jes\u00fas, en fin, est\u00e1 herido en el cuerpo y en el alma. Me pregunto: \u00bfde qu\u00e9 forma ayuda esto a nuestra esperanza? As\u00ed, Jes\u00fas desnudo, privado de todo, de todo; \u00bfqu\u00e9 dice esto a mi esperanza?, \u00bfc\u00f3mo me ayuda?<\/p>\n<p>Tambi\u00e9n nosotros estamos heridos: \u00bfqui\u00e9n no lo est\u00e1 en la vida? Y muchas veces, con heridas escondidas que escondemos por la verg\u00fcenza. \u00bfQui\u00e9n no lleva las cicatrices de decisiones pasadas, de incomprensiones, de dolores que permanecen dentro y es dif\u00edcil superar? \u00bfPero tambi\u00e9n de da\u00f1os sufridos, de palabras cortantes, de juicios inclementes? Dios no esconde a nuestros ojos las heridas que le han traspasado el cuerpo y el alma. Las muestra para hacernos ver que en Pascua se puede abrir un pasaje nuevo: hacer de las propias heridas\u00a0<i>focos de luz<\/i>. \u201cPero Santidad, no exagere\u201d, alguien puede decirme. No, es verdad: prueba; prueba. Intenta hacerlo. Piensa en tus heridas, esas que t\u00fa solo sabes, que cada uno tiene escondidas en el coraz\u00f3n. Y mira al Se\u00f1or. Y ver\u00e1s, ver\u00e1s c\u00f3mo de esas heridas salen focos de luz. Jes\u00fas en la cruz no recrimina, ama. Ama y perdona a quien lo hiere (cfr.\u00a0<i>Lc<\/i>\u00a023,34). As\u00ed convierte el mal en bien, as\u00ed convierte y transforma el dolor en amor.<\/p>\n<p>Hermanos y hermanas, el punto no es estar heridos poco o mucho por la vida, el punto es qu\u00e9 hacer con mis heridas. Las peque\u00f1as, las grandes, las que dejar\u00e1n una marca en mi cuerpo, en mi alma para siempre. \u00bfQu\u00e9 hago yo con mis heridas? \u00bfQu\u00e9 haces t\u00fa y t\u00fa con tus heridas? \u201cNo, Padre, yo no tengo heridas\u201d \u2013 \u201cEstate atento, piensa dos veces antes de decir eso\u201d. Y te pregunto: \u00bfqu\u00e9 haces con tus heridas, las que s\u00f3lo t\u00fa sabes? T\u00fa puedes dejar que se infecten de rencor, tristeza o puedes unirlas con las de Jes\u00fas, para que tambi\u00e9n mis llagas se vuelvan luminosas. Pensad en cu\u00e1ntos j\u00f3venes no toleran las propias heridas y buscan en el suicidio una v\u00eda de salvaci\u00f3n: hoy, en nuestras ciudades, muchos, muchos j\u00f3venes que no ven una salida, que no tienen esperanza y prefieren ir m\u00e1s all\u00e1 con la droga, con el olvido\u2026pobrecitos. Pensad en ellos. Y t\u00fa, \u00bfcu\u00e1l es tu droga para cubrir las heridas? Nuestras heridas pueden convertirse en fuentes de esperanza cuando, en lugar de compadecernos de nosotros mismos o esconderlas, enjugamos las l\u00e1grimas de los dem\u00e1s; cuando, en vez de guardar rencor por lo que nos quitan, nos preocupamos de lo que les falta a los dem\u00e1s; cuando, en lugar de hurgar en nosotros mismos, nos inclinamos hacia los que sufren; cuando, en vez de tener sed de amor por nosotros, saciamos a los que nos necesitan. Porque s\u00f3lo si dejamos de pensar en nosotros mismos, nos encontramos. Pero si seguimos pensando en nosotros mismos ya no nos encontraremos. Y haciendo esto \u2014dice la Escritura\u2014 nuestra herida cicatriza r\u00e1pidamente (cfr.\u00a0<i>Is<\/i>\u00a058, 8), y la esperanza florece de nuevo. Pensad: \u00bfqu\u00e9 puedo hacer por los otros? Estoy herido, estoy herido de pecado, estoy herido de historia, cada uno tiene la propia herida. \u00bfQu\u00e9 hago? Estoy herido de pecado, estoy herido de historia, cada uno tiene la propia herida. \u00bfQu\u00e9 hago: lamo mis heridas as\u00ed, toda la vida? \u00bfO miro las heridas de los otros y voy con la experiencia herida de mi vida, a sanar, a ayudar a los otros? Este es el desaf\u00edo de hoy, para todos vosotros, para cada uno de vosotros, para cada uno de nosotros. Que el Se\u00f1or nos ayude a ir adelante.<\/p>\n<\/div>\n<\/div>\n<p>***<\/p>\n<h3><strong>Resumen en espa\u00f1ol<\/strong><\/h3>\n<p><i>Queridos hermanos y hermanas:<\/i><\/p>\n<div class=\"testo\">\n<div class=\"text parbase vaticanrichtext\">\n<p>El domingo pasado escuchamos el relato de la Pasi\u00f3n, que termina con la sepultura de Jes\u00fas. Para los disc\u00edpulos, la piedra que sella el sepulcro significaba el final de sus esperanzas. Tambi\u00e9n hoy pareciera que la esperanza se encuentra muchas veces sepultada bajo el peso del sufrimiento y de la desconfianza. Pero, aun en los momentos m\u00e1s oscuros, cuando parece que todo acaba, Dios hace resurgir en nosotros la esperanza de un nuevo comienzo. Siempre se puede comenzar.<\/p>\n<p>Esta \u201cmuerte y resurrecci\u00f3n\u201d de la esperanza podemos verla al\u00a0<i>contemplar la cruz<\/i>. Jes\u00fas crucificado est\u00e1 herido y despojado de todo. Sin embargo, amando y perdonando a quienes lo lastiman, convierte el mal en bien y el dolor en amor; transforma sus heridas en\u00a0<i>fuente de esperanza<\/i>\u00a0para todos. Tambi\u00e9n nosotros podemos transformar nuestras heridas uni\u00e9ndolas a las de Jes\u00fas, olvid\u00e1ndonos de nosotros mismos y encomendando nuestra vida en las manos misericordiosas de Dios Padre.<\/p>\n<hr align=\"center\" size=\"1\" width=\"70%\" \/>\n<p><b>Saludos:<\/b><\/p>\n<p>Saludo cordialmente a los peregrinos de lengua espa\u00f1ola, que son tantos. En particular, saludo a los j\u00f3venes que participan en el Encuentro internacional Univ 2023. En estos d\u00edas santos, acerqu\u00e9monos a Jes\u00fas crucificado. Contempl\u00e1ndolo a \u00c9l, herido y despojado de todo, reconozcamos nuestra propia verdad. Present\u00e9mosle todo lo que somos y dejemos que renueve en nosotros la esperanza de una vida nueva. Que Dios los bendiga. Muchas gracias.<\/p>\n<p><iframe loading=\"lazy\" title=\"Audiencia General - 05 de abril de 2023 - Papa Francisco\" width=\"500\" height=\"281\" src=\"https:\/\/www.youtube.com\/embed\/9fKVrfs8lR4?feature=oembed\" frameborder=\"0\" allow=\"accelerometer; autoplay; clipboard-write; encrypted-media; gyroscope; picture-in-picture; web-share\" referrerpolicy=\"strict-origin-when-cross-origin\" allowfullscreen><\/iframe><\/p>\n<div class=\"clearfix\"><\/div>\n<\/div>\n<div class=\"content parsys\"><\/div>\n<\/div>\n","protected":false},"excerpt":{"rendered":"<p>Catequesis del Santo Padre<\/p>\n","protected":false},"author":15,"featured_media":73611,"comment_status":"closed","ping_status":"closed","sticky":false,"template":"","format":"standard","meta":{"_acf_changed":false,"_crdt_document":"","inline_featured_image":false,"footnotes":""},"categories":[112,68],"tags":[6690,8807,2419],"class_list":["post-73610","post","type-post","status-publish","format-standard","has-post-thumbnail","hentry","category-audiencia-general","category-leon-xiv","tag-catequesis-del-papa","tag-el-crucificado-fuente-de-esperanza","tag-featured"],"acf":[],"yoast_head":"<!-- This site is optimized with the Yoast SEO plugin v27.5 - https:\/\/yoast.com\/product\/yoast-seo-wordpress\/ -->\n<title>Contemplemos a Jes\u00fas crucificado, fuente de esperanza para todos &#8211; Exaudi<\/title>\n<meta name=\"robots\" content=\"index, follow, max-snippet:-1, max-image-preview:large, max-video-preview:-1\" \/>\n<link rel=\"canonical\" href=\"https:\/\/exaudi.org\/es\/contemplemos-a-jesus-crucificado-fuente-de-esperanza-para-todos\/\" \/>\n<meta property=\"og:locale\" content=\"es_ES\" \/>\n<meta property=\"og:type\" content=\"article\" \/>\n<meta property=\"og:title\" content=\"Contemplemos a Jes\u00fas crucificado, fuente de esperanza para todos &#8211; Exaudi\" \/>\n<meta property=\"og:description\" content=\"Catequesis del Santo Padre\" \/>\n<meta property=\"og:url\" content=\"https:\/\/exaudi.org\/es\/contemplemos-a-jesus-crucificado-fuente-de-esperanza-para-todos\/\" \/>\n<meta property=\"og:site_name\" content=\"Exaudi\" \/>\n<meta property=\"article:publisher\" content=\"https:\/\/www.facebook.com\/ExaudiNews\" \/>\n<meta property=\"article:author\" content=\"https:\/\/www.facebook.com\/ExaudiNoticias\/\" \/>\n<meta property=\"article:published_time\" content=\"2023-04-05T12:49:55+00:00\" \/>\n<meta property=\"article:modified_time\" content=\"2023-04-05T12:52:46+00:00\" \/>\n<meta property=\"og:image\" content=\"https:\/\/exaudi.org\/wp-content\/uploads\/2023\/04\/Audiencia-General-5-abril-2023.jpeg\" \/>\n\t<meta property=\"og:image:width\" content=\"800\" \/>\n\t<meta property=\"og:image:height\" content=\"533\" \/>\n\t<meta property=\"og:image:type\" content=\"image\/jpeg\" \/>\n<meta name=\"author\" content=\"Exaudi Redacci\u00f3n\" \/>\n<meta name=\"twitter:card\" content=\"summary_large_image\" \/>\n<meta name=\"twitter:creator\" content=\"@Exaudi_noticias\" \/>\n<meta name=\"twitter:site\" content=\"@Exaudi_News\" \/>\n<meta name=\"twitter:label1\" content=\"Escrito por\" \/>\n\t<meta name=\"twitter:data1\" content=\"Exaudi Redacci\u00f3n\" \/>\n\t<meta name=\"twitter:label2\" content=\"Tiempo de lectura\" \/>\n\t<meta name=\"twitter:data2\" content=\"10 minutos\" \/>\n<script type=\"application\/ld+json\" class=\"yoast-schema-graph\">{\"@context\":\"https:\\\/\\\/schema.org\",\"@graph\":[{\"@type\":\"Article\",\"@id\":\"https:\\\/\\\/exaudi.org\\\/es\\\/contemplemos-a-jesus-crucificado-fuente-de-esperanza-para-todos\\\/#article\",\"isPartOf\":{\"@id\":\"https:\\\/\\\/exaudi.org\\\/es\\\/contemplemos-a-jesus-crucificado-fuente-de-esperanza-para-todos\\\/\"},\"author\":{\"name\":\"Exaudi Redacci\u00f3n\",\"@id\":\"https:\\\/\\\/exaudi.org\\\/#\\\/schema\\\/person\\\/f5fc8f063065e38742da7afe15f25df7\"},\"headline\":\"Contemplemos a Jes\u00fas crucificado, fuente de esperanza para todos\",\"datePublished\":\"2023-04-05T12:49:55+00:00\",\"dateModified\":\"2023-04-05T12:52:46+00:00\",\"mainEntityOfPage\":{\"@id\":\"https:\\\/\\\/exaudi.org\\\/es\\\/contemplemos-a-jesus-crucificado-fuente-de-esperanza-para-todos\\\/\"},\"wordCount\":2247,\"image\":{\"@id\":\"https:\\\/\\\/exaudi.org\\\/es\\\/contemplemos-a-jesus-crucificado-fuente-de-esperanza-para-todos\\\/#primaryimage\"},\"thumbnailUrl\":\"https:\\\/\\\/exaudi.org\\\/wp-content\\\/uploads\\\/2023\\\/04\\\/Audiencia-General-5-abril-2023.jpeg\",\"keywords\":[\"Catequesis del Papa\",\"El crucificado fuente de esperanza\",\"Featured\"],\"articleSection\":[\"Audiencia General\",\"Le\u00f3n XIV\"],\"inLanguage\":\"es\"},{\"@type\":\"WebPage\",\"@id\":\"https:\\\/\\\/exaudi.org\\\/es\\\/contemplemos-a-jesus-crucificado-fuente-de-esperanza-para-todos\\\/\",\"url\":\"https:\\\/\\\/exaudi.org\\\/es\\\/contemplemos-a-jesus-crucificado-fuente-de-esperanza-para-todos\\\/\",\"name\":\"Contemplemos a Jes\u00fas crucificado, fuente de esperanza para todos &#8211; Exaudi\",\"isPartOf\":{\"@id\":\"https:\\\/\\\/exaudi.org\\\/#website\"},\"primaryImageOfPage\":{\"@id\":\"https:\\\/\\\/exaudi.org\\\/es\\\/contemplemos-a-jesus-crucificado-fuente-de-esperanza-para-todos\\\/#primaryimage\"},\"image\":{\"@id\":\"https:\\\/\\\/exaudi.org\\\/es\\\/contemplemos-a-jesus-crucificado-fuente-de-esperanza-para-todos\\\/#primaryimage\"},\"thumbnailUrl\":\"https:\\\/\\\/exaudi.org\\\/wp-content\\\/uploads\\\/2023\\\/04\\\/Audiencia-General-5-abril-2023.jpeg\",\"datePublished\":\"2023-04-05T12:49:55+00:00\",\"dateModified\":\"2023-04-05T12:52:46+00:00\",\"author\":{\"@id\":\"https:\\\/\\\/exaudi.org\\\/#\\\/schema\\\/person\\\/f5fc8f063065e38742da7afe15f25df7\"},\"breadcrumb\":{\"@id\":\"https:\\\/\\\/exaudi.org\\\/es\\\/contemplemos-a-jesus-crucificado-fuente-de-esperanza-para-todos\\\/#breadcrumb\"},\"inLanguage\":\"es\",\"potentialAction\":[{\"@type\":\"ReadAction\",\"target\":[\"https:\\\/\\\/exaudi.org\\\/es\\\/contemplemos-a-jesus-crucificado-fuente-de-esperanza-para-todos\\\/\"]}]},{\"@type\":\"ImageObject\",\"inLanguage\":\"es\",\"@id\":\"https:\\\/\\\/exaudi.org\\\/es\\\/contemplemos-a-jesus-crucificado-fuente-de-esperanza-para-todos\\\/#primaryimage\",\"url\":\"https:\\\/\\\/exaudi.org\\\/wp-content\\\/uploads\\\/2023\\\/04\\\/Audiencia-General-5-abril-2023.jpeg\",\"contentUrl\":\"https:\\\/\\\/exaudi.org\\\/wp-content\\\/uploads\\\/2023\\\/04\\\/Audiencia-General-5-abril-2023.jpeg\",\"width\":800,\"height\":533,\"caption\":\"Audiencia General, 5 abril 2023\"},{\"@type\":\"BreadcrumbList\",\"@id\":\"https:\\\/\\\/exaudi.org\\\/es\\\/contemplemos-a-jesus-crucificado-fuente-de-esperanza-para-todos\\\/#breadcrumb\",\"itemListElement\":[{\"@type\":\"ListItem\",\"position\":1,\"name\":\"Portada\",\"item\":\"https:\\\/\\\/exaudi.org\\\/es\\\/\"},{\"@type\":\"ListItem\",\"position\":2,\"name\":\"Contemplemos a Jes\u00fas crucificado, fuente de esperanza para todos\"}]},{\"@type\":\"WebSite\",\"@id\":\"https:\\\/\\\/exaudi.org\\\/#website\",\"url\":\"https:\\\/\\\/exaudi.org\\\/\",\"name\":\"Exaudi\",\"description\":\"News\",\"potentialAction\":[{\"@type\":\"SearchAction\",\"target\":{\"@type\":\"EntryPoint\",\"urlTemplate\":\"https:\\\/\\\/exaudi.org\\\/?s={search_term_string}\"},\"query-input\":{\"@type\":\"PropertyValueSpecification\",\"valueRequired\":true,\"valueName\":\"search_term_string\"}}],\"inLanguage\":\"es\"},{\"@type\":\"Person\",\"@id\":\"https:\\\/\\\/exaudi.org\\\/#\\\/schema\\\/person\\\/f5fc8f063065e38742da7afe15f25df7\",\"name\":\"Exaudi Redacci\u00f3n\",\"image\":{\"@type\":\"ImageObject\",\"inLanguage\":\"es\",\"@id\":\"https:\\\/\\\/secure.gravatar.com\\\/avatar\\\/fe0f6a059fb68d9b3e11bc5850dd4899b1c7492091a3cb6dd9b01b56ad828be2?s=96&d=mm&r=g\",\"url\":\"https:\\\/\\\/secure.gravatar.com\\\/avatar\\\/fe0f6a059fb68d9b3e11bc5850dd4899b1c7492091a3cb6dd9b01b56ad828be2?s=96&d=mm&r=g\",\"contentUrl\":\"https:\\\/\\\/secure.gravatar.com\\\/avatar\\\/fe0f6a059fb68d9b3e11bc5850dd4899b1c7492091a3cb6dd9b01b56ad828be2?s=96&d=mm&r=g\",\"caption\":\"Exaudi Redacci\u00f3n\"},\"description\":\"\u00bfQu\u00e9 es Exaudi News? Exaudi News es un medio de comunicaci\u00f3n cat\u00f3lico internacional que informa, forma y transforma, diariamente en espa\u00f1ol, ingl\u00e9s e italiano. A trav\u00e9s de noticias, art\u00edculos de an\u00e1lisis y transmisiones en directo de los eventos del Papa, Exaudi busca fortalecer la unidad de los cristianos y contribuir a la evangelizaci\u00f3n del mundo, siempre guiados por la doctrina social de la Iglesia. Trabajamos para acercar la verdad y los valores cristianos a cada rinc\u00f3n del planeta. \u00a1Ay\u00fadanos a transformar el mundo con Exaudi! En Exaudi creemos que la evangelizaci\u00f3n y la informaci\u00f3n de calidad pueden cambiar vidas. Para continuar con nuestra misi\u00f3n y expandir nuestro alcance, necesitamos tu ayuda. Adem\u00e1s, buscamos personas comprometidas que deseen unirse a nuestro equipo. Con tu apoyo, lograremos llegar a m\u00e1s personas, difundir el mensaje de Cristo y reforzar la unidad de los cristianos. \u00bfTe unes a nuestra misi\u00f3n? Para m\u00e1s informaci\u00f3n sobre c\u00f3mo colaborar, visita Exaudi.org\\\/es o cont\u00e1ctanos directamente: info@exaudi.org Exaudi: Informa, forma y transforma.\",\"sameAs\":[\"https:\\\/\\\/www.facebook.com\\\/ExaudiNoticias\\\/\",\"https:\\\/\\\/www.instagram.com\\\/exaudi_noticias\\\/\",\"https:\\\/\\\/x.com\\\/Exaudi_noticias\",\"https:\\\/\\\/www.youtube.com\\\/@exaudicatholicnews\"],\"url\":\"https:\\\/\\\/exaudi.org\\\/es\\\/author\\\/redaccionexaudi\\\/\"}]}<\/script>\n<!-- \/ Yoast SEO plugin. -->","yoast_head_json":{"title":"Contemplemos a Jes\u00fas crucificado, fuente de esperanza para todos &#8211; Exaudi","robots":{"index":"index","follow":"follow","max-snippet":"max-snippet:-1","max-image-preview":"max-image-preview:large","max-video-preview":"max-video-preview:-1"},"canonical":"https:\/\/exaudi.org\/es\/contemplemos-a-jesus-crucificado-fuente-de-esperanza-para-todos\/","og_locale":"es_ES","og_type":"article","og_title":"Contemplemos a Jes\u00fas crucificado, fuente de esperanza para todos &#8211; Exaudi","og_description":"Catequesis del Santo Padre","og_url":"https:\/\/exaudi.org\/es\/contemplemos-a-jesus-crucificado-fuente-de-esperanza-para-todos\/","og_site_name":"Exaudi","article_publisher":"https:\/\/www.facebook.com\/ExaudiNews","article_author":"https:\/\/www.facebook.com\/ExaudiNoticias\/","article_published_time":"2023-04-05T12:49:55+00:00","article_modified_time":"2023-04-05T12:52:46+00:00","og_image":[{"width":800,"height":533,"url":"https:\/\/exaudi.org\/wp-content\/uploads\/2023\/04\/Audiencia-General-5-abril-2023.jpeg","type":"image\/jpeg"}],"author":"Exaudi Redacci\u00f3n","twitter_card":"summary_large_image","twitter_creator":"@Exaudi_noticias","twitter_site":"@Exaudi_News","twitter_misc":{"Escrito por":"Exaudi Redacci\u00f3n","Tiempo de lectura":"10 minutos"},"schema":{"@context":"https:\/\/schema.org","@graph":[{"@type":"Article","@id":"https:\/\/exaudi.org\/es\/contemplemos-a-jesus-crucificado-fuente-de-esperanza-para-todos\/#article","isPartOf":{"@id":"https:\/\/exaudi.org\/es\/contemplemos-a-jesus-crucificado-fuente-de-esperanza-para-todos\/"},"author":{"name":"Exaudi Redacci\u00f3n","@id":"https:\/\/exaudi.org\/#\/schema\/person\/f5fc8f063065e38742da7afe15f25df7"},"headline":"Contemplemos a Jes\u00fas crucificado, fuente de esperanza para todos","datePublished":"2023-04-05T12:49:55+00:00","dateModified":"2023-04-05T12:52:46+00:00","mainEntityOfPage":{"@id":"https:\/\/exaudi.org\/es\/contemplemos-a-jesus-crucificado-fuente-de-esperanza-para-todos\/"},"wordCount":2247,"image":{"@id":"https:\/\/exaudi.org\/es\/contemplemos-a-jesus-crucificado-fuente-de-esperanza-para-todos\/#primaryimage"},"thumbnailUrl":"https:\/\/exaudi.org\/wp-content\/uploads\/2023\/04\/Audiencia-General-5-abril-2023.jpeg","keywords":["Catequesis del Papa","El crucificado fuente de esperanza","Featured"],"articleSection":["Audiencia General","Le\u00f3n XIV"],"inLanguage":"es"},{"@type":"WebPage","@id":"https:\/\/exaudi.org\/es\/contemplemos-a-jesus-crucificado-fuente-de-esperanza-para-todos\/","url":"https:\/\/exaudi.org\/es\/contemplemos-a-jesus-crucificado-fuente-de-esperanza-para-todos\/","name":"Contemplemos a Jes\u00fas crucificado, fuente de esperanza para todos &#8211; Exaudi","isPartOf":{"@id":"https:\/\/exaudi.org\/#website"},"primaryImageOfPage":{"@id":"https:\/\/exaudi.org\/es\/contemplemos-a-jesus-crucificado-fuente-de-esperanza-para-todos\/#primaryimage"},"image":{"@id":"https:\/\/exaudi.org\/es\/contemplemos-a-jesus-crucificado-fuente-de-esperanza-para-todos\/#primaryimage"},"thumbnailUrl":"https:\/\/exaudi.org\/wp-content\/uploads\/2023\/04\/Audiencia-General-5-abril-2023.jpeg","datePublished":"2023-04-05T12:49:55+00:00","dateModified":"2023-04-05T12:52:46+00:00","author":{"@id":"https:\/\/exaudi.org\/#\/schema\/person\/f5fc8f063065e38742da7afe15f25df7"},"breadcrumb":{"@id":"https:\/\/exaudi.org\/es\/contemplemos-a-jesus-crucificado-fuente-de-esperanza-para-todos\/#breadcrumb"},"inLanguage":"es","potentialAction":[{"@type":"ReadAction","target":["https:\/\/exaudi.org\/es\/contemplemos-a-jesus-crucificado-fuente-de-esperanza-para-todos\/"]}]},{"@type":"ImageObject","inLanguage":"es","@id":"https:\/\/exaudi.org\/es\/contemplemos-a-jesus-crucificado-fuente-de-esperanza-para-todos\/#primaryimage","url":"https:\/\/exaudi.org\/wp-content\/uploads\/2023\/04\/Audiencia-General-5-abril-2023.jpeg","contentUrl":"https:\/\/exaudi.org\/wp-content\/uploads\/2023\/04\/Audiencia-General-5-abril-2023.jpeg","width":800,"height":533,"caption":"Audiencia General, 5 abril 2023"},{"@type":"BreadcrumbList","@id":"https:\/\/exaudi.org\/es\/contemplemos-a-jesus-crucificado-fuente-de-esperanza-para-todos\/#breadcrumb","itemListElement":[{"@type":"ListItem","position":1,"name":"Portada","item":"https:\/\/exaudi.org\/es\/"},{"@type":"ListItem","position":2,"name":"Contemplemos a Jes\u00fas crucificado, fuente de esperanza para todos"}]},{"@type":"WebSite","@id":"https:\/\/exaudi.org\/#website","url":"https:\/\/exaudi.org\/","name":"Exaudi","description":"News","potentialAction":[{"@type":"SearchAction","target":{"@type":"EntryPoint","urlTemplate":"https:\/\/exaudi.org\/?s={search_term_string}"},"query-input":{"@type":"PropertyValueSpecification","valueRequired":true,"valueName":"search_term_string"}}],"inLanguage":"es"},{"@type":"Person","@id":"https:\/\/exaudi.org\/#\/schema\/person\/f5fc8f063065e38742da7afe15f25df7","name":"Exaudi Redacci\u00f3n","image":{"@type":"ImageObject","inLanguage":"es","@id":"https:\/\/secure.gravatar.com\/avatar\/fe0f6a059fb68d9b3e11bc5850dd4899b1c7492091a3cb6dd9b01b56ad828be2?s=96&d=mm&r=g","url":"https:\/\/secure.gravatar.com\/avatar\/fe0f6a059fb68d9b3e11bc5850dd4899b1c7492091a3cb6dd9b01b56ad828be2?s=96&d=mm&r=g","contentUrl":"https:\/\/secure.gravatar.com\/avatar\/fe0f6a059fb68d9b3e11bc5850dd4899b1c7492091a3cb6dd9b01b56ad828be2?s=96&d=mm&r=g","caption":"Exaudi Redacci\u00f3n"},"description":"\u00bfQu\u00e9 es Exaudi News? Exaudi News es un medio de comunicaci\u00f3n cat\u00f3lico internacional que informa, forma y transforma, diariamente en espa\u00f1ol, ingl\u00e9s e italiano. A trav\u00e9s de noticias, art\u00edculos de an\u00e1lisis y transmisiones en directo de los eventos del Papa, Exaudi busca fortalecer la unidad de los cristianos y contribuir a la evangelizaci\u00f3n del mundo, siempre guiados por la doctrina social de la Iglesia. Trabajamos para acercar la verdad y los valores cristianos a cada rinc\u00f3n del planeta. \u00a1Ay\u00fadanos a transformar el mundo con Exaudi! En Exaudi creemos que la evangelizaci\u00f3n y la informaci\u00f3n de calidad pueden cambiar vidas. Para continuar con nuestra misi\u00f3n y expandir nuestro alcance, necesitamos tu ayuda. Adem\u00e1s, buscamos personas comprometidas que deseen unirse a nuestro equipo. Con tu apoyo, lograremos llegar a m\u00e1s personas, difundir el mensaje de Cristo y reforzar la unidad de los cristianos. \u00bfTe unes a nuestra misi\u00f3n? Para m\u00e1s informaci\u00f3n sobre c\u00f3mo colaborar, visita Exaudi.org\/es o cont\u00e1ctanos directamente: info@exaudi.org Exaudi: Informa, forma y transforma.","sameAs":["https:\/\/www.facebook.com\/ExaudiNoticias\/","https:\/\/www.instagram.com\/exaudi_noticias\/","https:\/\/x.com\/Exaudi_noticias","https:\/\/www.youtube.com\/@exaudicatholicnews"],"url":"https:\/\/exaudi.org\/es\/author\/redaccionexaudi\/"}]}},"jetpack_featured_media_url":"https:\/\/exaudi.org\/wp-content\/uploads\/2023\/04\/Audiencia-General-5-abril-2023.jpeg","jetpack_shortlink":"https:\/\/wp.me\/pgKjF2-j9g","_links":{"self":[{"href":"https:\/\/exaudi.org\/es\/wp-json\/wp\/v2\/posts\/73610","targetHints":{"allow":["GET"]}}],"collection":[{"href":"https:\/\/exaudi.org\/es\/wp-json\/wp\/v2\/posts"}],"about":[{"href":"https:\/\/exaudi.org\/es\/wp-json\/wp\/v2\/types\/post"}],"author":[{"embeddable":true,"href":"https:\/\/exaudi.org\/es\/wp-json\/wp\/v2\/users\/15"}],"replies":[{"embeddable":true,"href":"https:\/\/exaudi.org\/es\/wp-json\/wp\/v2\/comments?post=73610"}],"version-history":[{"count":0,"href":"https:\/\/exaudi.org\/es\/wp-json\/wp\/v2\/posts\/73610\/revisions"}],"wp:featuredmedia":[{"embeddable":true,"href":"https:\/\/exaudi.org\/es\/wp-json\/wp\/v2\/media\/73611"}],"wp:attachment":[{"href":"https:\/\/exaudi.org\/es\/wp-json\/wp\/v2\/media?parent=73610"}],"wp:term":[{"taxonomy":"category","embeddable":true,"href":"https:\/\/exaudi.org\/es\/wp-json\/wp\/v2\/categories?post=73610"},{"taxonomy":"post_tag","embeddable":true,"href":"https:\/\/exaudi.org\/es\/wp-json\/wp\/v2\/tags?post=73610"}],"curies":[{"name":"wp","href":"https:\/\/api.w.org\/{rel}","templated":true}]}}