{"id":73566,"date":"2023-04-04T09:26:54","date_gmt":"2023-04-04T07:26:54","guid":{"rendered":"https:\/\/exaudi.org\/?p=73566"},"modified":"2023-04-04T09:42:14","modified_gmt":"2023-04-04T07:42:14","slug":"una-etica-para-la-inteligencia-artificial","status":"publish","type":"post","link":"https:\/\/exaudi.org\/es\/una-etica-para-la-inteligencia-artificial\/","title":{"rendered":"Una \u00e9tica para la inteligencia artificial"},"content":{"rendered":"<audio class=\"wp-audio-shortcode\" id=\"audio-73566-1\" preload=\"none\" style=\"width: 100%;\" controls=\"controls\"><source type=\"audio\/mpeg\" src=\"https:\/\/exaudi.org\/wp-content\/uploads\/2023\/04\/Una-etica-para-la-inteligencia-artificial.mp3?_=1\" \/><a href=\"https:\/\/exaudi.org\/wp-content\/uploads\/2023\/04\/Una-etica-para-la-inteligencia-artificial.mp3\">https:\/\/exaudi.org\/wp-content\/uploads\/2023\/04\/Una-etica-para-la-inteligencia-artificial.mp3<\/a><\/audio>\n<p>En 1968, Arthur C. Clarke public\u00f3 la novela: \u201c2001: Una odisea en el espacio\u201d y particip\u00f3 en su versi\u00f3n cinematogr\u00e1fica. En el relato, se cuenta la historia de la computadora HAL 9000, responsable de conducir una nave espacial. HAL parece enloquecer y comienza a sembrar muerte a su alrededor. En la secuela de la novela se esclarecen las razones que causan el malfuncionamiento. La computadora hab\u00eda sido dise\u00f1ada para procesar informaci\u00f3n sin ocultamiento ni distorsi\u00f3n. Sin embargo, recibe \u00f3rdenes de mantener un secreto por motivos de seguridad nacional. Esta contradicci\u00f3n crea un \u00abbucle\u00bb, que enferma a HAL de paranoia.<\/p>\n<p>HAL es una computadora \u201cheur\u00edstico-algor\u00edtmica\u201d, es decir, es una m\u00e1quina capaz de aprender de sus errores e innovar por s\u00ed misma a partir del hallazgo r\u00e1pido de soluciones aproximadas. El drama de HAL en la novela resulta ser de \u00edndole moral: la importancia de decir la verdad y el alto costo de sacrificar vidas humanas. Con ello Arthur C. Clarke identificaba uno de los desaf\u00edos m\u00e1s grandes que poseen las nacientes inteligencias artificiales (IA): \u00bfcu\u00e1l debe ser su \u00e9tica? \u00bfc\u00f3mo evitar que sus acciones no perjudiquen directa o indirectamente a los seres humanos? Es f\u00e1cil advertir que estas preguntas conllevan impl\u00edcitamente la convicci\u00f3n que la IA es verdadera \u201cinteligencia\u201d, que toman decisiones morales, y que es preciso \u201cdotarlas\u201d de ciertos par\u00e1metros para ello.<\/p>\n<p>Estos tres impl\u00edcitos en realidad son una trampa. Por una parte, la IA no es verdadera inteligencia, es decir, no es capacidad de un sujeto para descifrar el significado del mundo. Una cosa es encontrar resultados r\u00e1pidamente en internet y simular lenguaje humano, y otra que exista en la m\u00e1quina verdadera comprensi\u00f3n del sentido de lo que afirma una palabra, una oraci\u00f3n, un p\u00e1rrafo complejo. En segundo lugar, una decisi\u00f3n moral para ser tal requiere conciencia y libertad. La conciencia es vivir \u201cdesde dentro\u201d la experiencia del propio ser, y luego, ser capaz de reconocer como propias las acciones derivadas de las decisiones tomadas. Las decisiones para ser libres requieren aut\u00e9ntica auto-determinaci\u00f3n, es decir, capacidad de generar procesos causales \u201cpor propia elecci\u00f3n\u201d y eventual responsabilidad.<\/p>\n<p>Finalmente, la gran cuesti\u00f3n no es \u201cprogramar\u201d a la IA con algunas normas \u201c\u00e9ticas\u201d. La gran cuesti\u00f3n, como siempre, somos nosotros. En efecto, las \u201cinteligencias no-artificiales\u201d, somos los que necesitamos redescubrir la importancia de una moral que no s\u00f3lo evite la muerte, sino que nos haga crecer en virtud. Para tomar buenas decisiones no basta con contar con informaci\u00f3n, es preciso, ejercer la prudencia, la fortaleza, la templanza, la justicia. La moral sigue siendo asunto nuestro en primer t\u00e9rmino.<\/p>\n<p>La Pontificia Academia para la Vida, hace tres a\u00f1os convoc\u00f3 a firmar un acuerdo internacional sobre \u00e9tica de la IA (<a href=\"https:\/\/www.romecall.org\/\" target=\"_blank\" rel=\"noopener\">www.romecall.org<\/a>). Los primeros signatarios \u2013 IBM, Microsoft, la FAO \u2013 advirtieron de inmediato la importancia de iniciar este camino. Hoy todos somos desafiados a madurar moralmente para que nuestras tecnolog\u00edas \u2013 incluida ChatGPT \u2013 est\u00e9n siempre al servicio de la dignidad de las personas y no sucumban ante s\u00ed mismas o ante los no siempre claros intereses de poder.<\/p>\n<p><img loading=\"lazy\" decoding=\"async\" class=\"alignleft size-full wp-image-73574\" src=\"https:\/\/exaudi.org\/wp-content\/uploads\/2023\/04\/Voces.jpg\" alt=\"\" width=\"1080\" height=\"1080\" srcset=\"https:\/\/exaudi.org\/wp-content\/uploads\/2023\/04\/Voces.jpg 1080w, https:\/\/exaudi.org\/wp-content\/uploads\/2023\/04\/Voces-300x300.jpg 300w, https:\/\/exaudi.org\/wp-content\/uploads\/2023\/04\/Voces-1024x1024.jpg 1024w, https:\/\/exaudi.org\/wp-content\/uploads\/2023\/04\/Voces-100x100.jpg?crop=1 100w, https:\/\/exaudi.org\/wp-content\/uploads\/2023\/04\/Voces-770x770.jpg 770w, https:\/\/exaudi.org\/wp-content\/uploads\/2023\/04\/Voces-500x500.jpg 500w, https:\/\/exaudi.org\/wp-content\/uploads\/2023\/04\/Voces-293x293.jpg 293w, https:\/\/exaudi.org\/wp-content\/uploads\/2023\/04\/Voces-390x390.jpg 390w, https:\/\/exaudi.org\/wp-content\/uploads\/2023\/04\/Voces-585x585.jpg 585w, https:\/\/exaudi.org\/wp-content\/uploads\/2023\/04\/Voces-900x900.jpg 900w\" sizes=\"auto, (max-width: 1080px) 100vw, 1080px\" \/><\/p>\n","protected":false},"excerpt":{"rendered":"<p>Nuestras tecnolog\u00edas deben estar siempre al servicio de la dignidad de las personas<\/p>\n","protected":false},"author":98,"featured_media":73567,"comment_status":"closed","ping_status":"closed","sticky":false,"template":"","format":"standard","meta":{"_acf_changed":false,"_crdt_document":"","inline_featured_image":false,"footnotes":""},"categories":[130],"tags":[1793,3454,4953],"class_list":["post-73566","post","type-post","status-publish","format-standard","has-post-thumbnail","hentry","category-voces","tag-etica","tag-inteligencia-artificial","tag-trending-es"],"acf":[],"yoast_head":"<!-- This site is optimized with the Yoast SEO plugin v27.4 - https:\/\/yoast.com\/product\/yoast-seo-wordpress\/ -->\n<title>Una \u00e9tica para la inteligencia artificial &#8211; Exaudi<\/title>\n<meta name=\"robots\" content=\"index, follow, max-snippet:-1, max-image-preview:large, max-video-preview:-1\" \/>\n<link rel=\"canonical\" href=\"https:\/\/exaudi.org\/es\/una-etica-para-la-inteligencia-artificial\/\" \/>\n<meta property=\"og:locale\" content=\"es_ES\" \/>\n<meta property=\"og:type\" content=\"article\" \/>\n<meta property=\"og:title\" content=\"Una \u00e9tica para la inteligencia artificial &#8211; Exaudi\" \/>\n<meta property=\"og:description\" content=\"Nuestras tecnolog\u00edas deben estar siempre al servicio de la dignidad de las personas\" \/>\n<meta property=\"og:url\" content=\"https:\/\/exaudi.org\/es\/una-etica-para-la-inteligencia-artificial\/\" \/>\n<meta property=\"og:site_name\" content=\"Exaudi\" \/>\n<meta property=\"article:publisher\" content=\"https:\/\/www.facebook.com\/ExaudiNews\" \/>\n<meta property=\"article:published_time\" content=\"2023-04-04T07:26:54+00:00\" \/>\n<meta property=\"article:modified_time\" content=\"2023-04-04T07:42:14+00:00\" \/>\n<meta property=\"og:image\" content=\"https:\/\/exaudi.org\/wp-content\/uploads\/2023\/04\/pexels-tara-winstead-8386367-scaled.jpg\" \/>\n\t<meta property=\"og:image:width\" content=\"2560\" \/>\n\t<meta property=\"og:image:height\" content=\"1707\" \/>\n\t<meta property=\"og:image:type\" content=\"image\/jpeg\" \/>\n<meta name=\"author\" content=\"Rodrigo Guerra L\u00f3pez\" \/>\n<meta name=\"twitter:card\" content=\"summary_large_image\" \/>\n<meta name=\"twitter:creator\" content=\"@Exaudi_News\" \/>\n<meta name=\"twitter:site\" content=\"@Exaudi_News\" \/>\n<meta name=\"twitter:label1\" content=\"Escrito por\" \/>\n\t<meta name=\"twitter:data1\" content=\"Rodrigo Guerra L\u00f3pez\" \/>\n\t<meta name=\"twitter:label2\" content=\"Tiempo de lectura\" \/>\n\t<meta name=\"twitter:data2\" content=\"3 minutos\" \/>\n<script type=\"application\/ld+json\" class=\"yoast-schema-graph\">{\"@context\":\"https:\\\/\\\/schema.org\",\"@graph\":[{\"@type\":\"Article\",\"@id\":\"https:\\\/\\\/exaudi.org\\\/es\\\/una-etica-para-la-inteligencia-artificial\\\/#article\",\"isPartOf\":{\"@id\":\"https:\\\/\\\/exaudi.org\\\/es\\\/una-etica-para-la-inteligencia-artificial\\\/\"},\"author\":{\"name\":\"Rodrigo Guerra L\u00f3pez\",\"@id\":\"https:\\\/\\\/exaudi.org\\\/#\\\/schema\\\/person\\\/42c0731aeb305e3ac79b333a9b056576\"},\"headline\":\"Una \u00e9tica para la inteligencia artificial\",\"datePublished\":\"2023-04-04T07:26:54+00:00\",\"dateModified\":\"2023-04-04T07:42:14+00:00\",\"mainEntityOfPage\":{\"@id\":\"https:\\\/\\\/exaudi.org\\\/es\\\/una-etica-para-la-inteligencia-artificial\\\/\"},\"wordCount\":553,\"image\":{\"@id\":\"https:\\\/\\\/exaudi.org\\\/es\\\/una-etica-para-la-inteligencia-artificial\\\/#primaryimage\"},\"thumbnailUrl\":\"https:\\\/\\\/exaudi.org\\\/wp-content\\\/uploads\\\/2023\\\/04\\\/pexels-tara-winstead-8386367-scaled.jpg\",\"keywords\":[\"\u00c9tica\",\"Inteligencia Artificial\",\"Trending\"],\"articleSection\":[\"Voces\"],\"inLanguage\":\"es\"},{\"@type\":\"WebPage\",\"@id\":\"https:\\\/\\\/exaudi.org\\\/es\\\/una-etica-para-la-inteligencia-artificial\\\/\",\"url\":\"https:\\\/\\\/exaudi.org\\\/es\\\/una-etica-para-la-inteligencia-artificial\\\/\",\"name\":\"Una \u00e9tica para la inteligencia artificial &#8211; Exaudi\",\"isPartOf\":{\"@id\":\"https:\\\/\\\/exaudi.org\\\/#website\"},\"primaryImageOfPage\":{\"@id\":\"https:\\\/\\\/exaudi.org\\\/es\\\/una-etica-para-la-inteligencia-artificial\\\/#primaryimage\"},\"image\":{\"@id\":\"https:\\\/\\\/exaudi.org\\\/es\\\/una-etica-para-la-inteligencia-artificial\\\/#primaryimage\"},\"thumbnailUrl\":\"https:\\\/\\\/exaudi.org\\\/wp-content\\\/uploads\\\/2023\\\/04\\\/pexels-tara-winstead-8386367-scaled.jpg\",\"datePublished\":\"2023-04-04T07:26:54+00:00\",\"dateModified\":\"2023-04-04T07:42:14+00:00\",\"author\":{\"@id\":\"https:\\\/\\\/exaudi.org\\\/#\\\/schema\\\/person\\\/42c0731aeb305e3ac79b333a9b056576\"},\"breadcrumb\":{\"@id\":\"https:\\\/\\\/exaudi.org\\\/es\\\/una-etica-para-la-inteligencia-artificial\\\/#breadcrumb\"},\"inLanguage\":\"es\",\"potentialAction\":[{\"@type\":\"ReadAction\",\"target\":[\"https:\\\/\\\/exaudi.org\\\/es\\\/una-etica-para-la-inteligencia-artificial\\\/\"]}]},{\"@type\":\"ImageObject\",\"inLanguage\":\"es\",\"@id\":\"https:\\\/\\\/exaudi.org\\\/es\\\/una-etica-para-la-inteligencia-artificial\\\/#primaryimage\",\"url\":\"https:\\\/\\\/exaudi.org\\\/wp-content\\\/uploads\\\/2023\\\/04\\\/pexels-tara-winstead-8386367-scaled.jpg\",\"contentUrl\":\"https:\\\/\\\/exaudi.org\\\/wp-content\\\/uploads\\\/2023\\\/04\\\/pexels-tara-winstead-8386367-scaled.jpg\",\"width\":2560,\"height\":1707},{\"@type\":\"BreadcrumbList\",\"@id\":\"https:\\\/\\\/exaudi.org\\\/es\\\/una-etica-para-la-inteligencia-artificial\\\/#breadcrumb\",\"itemListElement\":[{\"@type\":\"ListItem\",\"position\":1,\"name\":\"Portada\",\"item\":\"https:\\\/\\\/exaudi.org\\\/es\\\/\"},{\"@type\":\"ListItem\",\"position\":2,\"name\":\"Una \u00e9tica para la inteligencia artificial\"}]},{\"@type\":\"WebSite\",\"@id\":\"https:\\\/\\\/exaudi.org\\\/#website\",\"url\":\"https:\\\/\\\/exaudi.org\\\/\",\"name\":\"Exaudi\",\"description\":\"News\",\"potentialAction\":[{\"@type\":\"SearchAction\",\"target\":{\"@type\":\"EntryPoint\",\"urlTemplate\":\"https:\\\/\\\/exaudi.org\\\/?s={search_term_string}\"},\"query-input\":{\"@type\":\"PropertyValueSpecification\",\"valueRequired\":true,\"valueName\":\"search_term_string\"}}],\"inLanguage\":\"es\"},{\"@type\":\"Person\",\"@id\":\"https:\\\/\\\/exaudi.org\\\/#\\\/schema\\\/person\\\/42c0731aeb305e3ac79b333a9b056576\",\"name\":\"Rodrigo Guerra L\u00f3pez\",\"image\":{\"@type\":\"ImageObject\",\"inLanguage\":\"es\",\"@id\":\"https:\\\/\\\/secure.gravatar.com\\\/avatar\\\/5f52de5f3535733d62353d8cc63100c139881a50ae2b78830c358107e8dd2f9a?s=96&d=mm&r=g\",\"url\":\"https:\\\/\\\/secure.gravatar.com\\\/avatar\\\/5f52de5f3535733d62353d8cc63100c139881a50ae2b78830c358107e8dd2f9a?s=96&d=mm&r=g\",\"contentUrl\":\"https:\\\/\\\/secure.gravatar.com\\\/avatar\\\/5f52de5f3535733d62353d8cc63100c139881a50ae2b78830c358107e8dd2f9a?s=96&d=mm&r=g\",\"caption\":\"Rodrigo Guerra L\u00f3pez\"},\"description\":\"Doctor en filosof\u00eda por la Academia Internacional de Filosof\u00eda en el Principado de Liechtenstein; miembro ordinario de la Pontificia Academia para la Vida, de la Pontificia Academia de las Ciencias Sociales; Secretario de la Pontificia Comisi\u00f3n para Am\u00e9rica Latina. E-mail: rodrigoguerra@mac.com\",\"url\":\"https:\\\/\\\/exaudi.org\\\/es\\\/author\\\/rodrigoguerra\\\/\"}]}<\/script>\n<!-- \/ Yoast SEO plugin. -->","yoast_head_json":{"title":"Una \u00e9tica para la inteligencia artificial &#8211; Exaudi","robots":{"index":"index","follow":"follow","max-snippet":"max-snippet:-1","max-image-preview":"max-image-preview:large","max-video-preview":"max-video-preview:-1"},"canonical":"https:\/\/exaudi.org\/es\/una-etica-para-la-inteligencia-artificial\/","og_locale":"es_ES","og_type":"article","og_title":"Una \u00e9tica para la inteligencia artificial &#8211; Exaudi","og_description":"Nuestras tecnolog\u00edas deben estar siempre al servicio de la dignidad de las personas","og_url":"https:\/\/exaudi.org\/es\/una-etica-para-la-inteligencia-artificial\/","og_site_name":"Exaudi","article_publisher":"https:\/\/www.facebook.com\/ExaudiNews","article_published_time":"2023-04-04T07:26:54+00:00","article_modified_time":"2023-04-04T07:42:14+00:00","og_image":[{"width":2560,"height":1707,"url":"https:\/\/exaudi.org\/wp-content\/uploads\/2023\/04\/pexels-tara-winstead-8386367-scaled.jpg","type":"image\/jpeg"}],"author":"Rodrigo Guerra L\u00f3pez","twitter_card":"summary_large_image","twitter_creator":"@Exaudi_News","twitter_site":"@Exaudi_News","twitter_misc":{"Escrito por":"Rodrigo Guerra L\u00f3pez","Tiempo de lectura":"3 minutos"},"schema":{"@context":"https:\/\/schema.org","@graph":[{"@type":"Article","@id":"https:\/\/exaudi.org\/es\/una-etica-para-la-inteligencia-artificial\/#article","isPartOf":{"@id":"https:\/\/exaudi.org\/es\/una-etica-para-la-inteligencia-artificial\/"},"author":{"name":"Rodrigo Guerra L\u00f3pez","@id":"https:\/\/exaudi.org\/#\/schema\/person\/42c0731aeb305e3ac79b333a9b056576"},"headline":"Una \u00e9tica para la inteligencia artificial","datePublished":"2023-04-04T07:26:54+00:00","dateModified":"2023-04-04T07:42:14+00:00","mainEntityOfPage":{"@id":"https:\/\/exaudi.org\/es\/una-etica-para-la-inteligencia-artificial\/"},"wordCount":553,"image":{"@id":"https:\/\/exaudi.org\/es\/una-etica-para-la-inteligencia-artificial\/#primaryimage"},"thumbnailUrl":"https:\/\/exaudi.org\/wp-content\/uploads\/2023\/04\/pexels-tara-winstead-8386367-scaled.jpg","keywords":["\u00c9tica","Inteligencia Artificial","Trending"],"articleSection":["Voces"],"inLanguage":"es"},{"@type":"WebPage","@id":"https:\/\/exaudi.org\/es\/una-etica-para-la-inteligencia-artificial\/","url":"https:\/\/exaudi.org\/es\/una-etica-para-la-inteligencia-artificial\/","name":"Una \u00e9tica para la inteligencia artificial &#8211; Exaudi","isPartOf":{"@id":"https:\/\/exaudi.org\/#website"},"primaryImageOfPage":{"@id":"https:\/\/exaudi.org\/es\/una-etica-para-la-inteligencia-artificial\/#primaryimage"},"image":{"@id":"https:\/\/exaudi.org\/es\/una-etica-para-la-inteligencia-artificial\/#primaryimage"},"thumbnailUrl":"https:\/\/exaudi.org\/wp-content\/uploads\/2023\/04\/pexels-tara-winstead-8386367-scaled.jpg","datePublished":"2023-04-04T07:26:54+00:00","dateModified":"2023-04-04T07:42:14+00:00","author":{"@id":"https:\/\/exaudi.org\/#\/schema\/person\/42c0731aeb305e3ac79b333a9b056576"},"breadcrumb":{"@id":"https:\/\/exaudi.org\/es\/una-etica-para-la-inteligencia-artificial\/#breadcrumb"},"inLanguage":"es","potentialAction":[{"@type":"ReadAction","target":["https:\/\/exaudi.org\/es\/una-etica-para-la-inteligencia-artificial\/"]}]},{"@type":"ImageObject","inLanguage":"es","@id":"https:\/\/exaudi.org\/es\/una-etica-para-la-inteligencia-artificial\/#primaryimage","url":"https:\/\/exaudi.org\/wp-content\/uploads\/2023\/04\/pexels-tara-winstead-8386367-scaled.jpg","contentUrl":"https:\/\/exaudi.org\/wp-content\/uploads\/2023\/04\/pexels-tara-winstead-8386367-scaled.jpg","width":2560,"height":1707},{"@type":"BreadcrumbList","@id":"https:\/\/exaudi.org\/es\/una-etica-para-la-inteligencia-artificial\/#breadcrumb","itemListElement":[{"@type":"ListItem","position":1,"name":"Portada","item":"https:\/\/exaudi.org\/es\/"},{"@type":"ListItem","position":2,"name":"Una \u00e9tica para la inteligencia artificial"}]},{"@type":"WebSite","@id":"https:\/\/exaudi.org\/#website","url":"https:\/\/exaudi.org\/","name":"Exaudi","description":"News","potentialAction":[{"@type":"SearchAction","target":{"@type":"EntryPoint","urlTemplate":"https:\/\/exaudi.org\/?s={search_term_string}"},"query-input":{"@type":"PropertyValueSpecification","valueRequired":true,"valueName":"search_term_string"}}],"inLanguage":"es"},{"@type":"Person","@id":"https:\/\/exaudi.org\/#\/schema\/person\/42c0731aeb305e3ac79b333a9b056576","name":"Rodrigo Guerra L\u00f3pez","image":{"@type":"ImageObject","inLanguage":"es","@id":"https:\/\/secure.gravatar.com\/avatar\/5f52de5f3535733d62353d8cc63100c139881a50ae2b78830c358107e8dd2f9a?s=96&d=mm&r=g","url":"https:\/\/secure.gravatar.com\/avatar\/5f52de5f3535733d62353d8cc63100c139881a50ae2b78830c358107e8dd2f9a?s=96&d=mm&r=g","contentUrl":"https:\/\/secure.gravatar.com\/avatar\/5f52de5f3535733d62353d8cc63100c139881a50ae2b78830c358107e8dd2f9a?s=96&d=mm&r=g","caption":"Rodrigo Guerra L\u00f3pez"},"description":"Doctor en filosof\u00eda por la Academia Internacional de Filosof\u00eda en el Principado de Liechtenstein; miembro ordinario de la Pontificia Academia para la Vida, de la Pontificia Academia de las Ciencias Sociales; Secretario de la Pontificia Comisi\u00f3n para Am\u00e9rica Latina. E-mail: rodrigoguerra@mac.com","url":"https:\/\/exaudi.org\/es\/author\/rodrigoguerra\/"}]}},"jetpack_featured_media_url":"https:\/\/exaudi.org\/wp-content\/uploads\/2023\/04\/pexels-tara-winstead-8386367-scaled.jpg","jetpack_shortlink":"https:\/\/wp.me\/pgKjF2-j8y","_links":{"self":[{"href":"https:\/\/exaudi.org\/es\/wp-json\/wp\/v2\/posts\/73566","targetHints":{"allow":["GET"]}}],"collection":[{"href":"https:\/\/exaudi.org\/es\/wp-json\/wp\/v2\/posts"}],"about":[{"href":"https:\/\/exaudi.org\/es\/wp-json\/wp\/v2\/types\/post"}],"author":[{"embeddable":true,"href":"https:\/\/exaudi.org\/es\/wp-json\/wp\/v2\/users\/98"}],"replies":[{"embeddable":true,"href":"https:\/\/exaudi.org\/es\/wp-json\/wp\/v2\/comments?post=73566"}],"version-history":[{"count":0,"href":"https:\/\/exaudi.org\/es\/wp-json\/wp\/v2\/posts\/73566\/revisions"}],"wp:featuredmedia":[{"embeddable":true,"href":"https:\/\/exaudi.org\/es\/wp-json\/wp\/v2\/media\/73567"}],"wp:attachment":[{"href":"https:\/\/exaudi.org\/es\/wp-json\/wp\/v2\/media?parent=73566"}],"wp:term":[{"taxonomy":"category","embeddable":true,"href":"https:\/\/exaudi.org\/es\/wp-json\/wp\/v2\/categories?post=73566"},{"taxonomy":"post_tag","embeddable":true,"href":"https:\/\/exaudi.org\/es\/wp-json\/wp\/v2\/tags?post=73566"}],"curies":[{"name":"wp","href":"https:\/\/api.w.org\/{rel}","templated":true}]}}