{"id":73488,"date":"2023-04-03T10:30:27","date_gmt":"2023-04-03T08:30:27","guid":{"rendered":"https:\/\/exaudi.org\/?p=73488"},"modified":"2023-04-05T09:20:09","modified_gmt":"2023-04-05T07:20:09","slug":"nuestra-semana-santa-de-todos-los-dias","status":"publish","type":"post","link":"https:\/\/exaudi.org\/es\/nuestra-semana-santa-de-todos-los-dias\/","title":{"rendered":"Nuestra Semana Santa de todos los d\u00edas"},"content":{"rendered":"<audio class=\"wp-audio-shortcode\" id=\"audio-73488-1\" preload=\"none\" style=\"width: 100%;\" controls=\"controls\"><source type=\"audio\/mpeg\" src=\"https:\/\/exaudi.org\/wp-content\/uploads\/2023\/04\/Nuestra-Semana-Santa-de-todos-los-dias-Estamos.mp3?_=1\" \/><a href=\"https:\/\/exaudi.org\/wp-content\/uploads\/2023\/04\/Nuestra-Semana-Santa-de-todos-los-dias-Estamos.mp3\">https:\/\/exaudi.org\/wp-content\/uploads\/2023\/04\/Nuestra-Semana-Santa-de-todos-los-dias-Estamos.mp3<\/a><\/audio>\n<p><span style=\"font-weight: 400\">En los \u00faltimos cincuenta a\u00f1os de historia hemos asistido a un crecimiento din\u00e1mico y acelerado de la presencia de la comunidad hispana. Crecimiento y presencia que ha convertido a la comunidad hispana en la minor\u00eda mayoritaria de la poblaci\u00f3n de esta naci\u00f3n. Con este incremento de la presencia hispana tambi\u00e9n ha aumentado el n\u00famero de fieles cat\u00f3licos para la Iglesia en los Estados Unidos y, con ello, tambi\u00e9n ha aumentado en la poblaci\u00f3n de este pa\u00eds el inter\u00e9s por los temas concernientes a la Iglesia Cat\u00f3lica.<\/span><\/p>\n<p><span style=\"font-weight: 400\">Se aproxima la semana que llamamos Semana Santa, la Semana Mayor en el culto y liturgia anual de los cristianos cat\u00f3licos del mundo que, en este a\u00f1o 2023, celebraremos entre el 02 y el 09 de abril. En ella, especialmente en el llamado \u201cTriduo Pascual\u201d (jueves santo, viernes santo y s\u00e1bado santo en la noche) los cristianos conmemoramos, en apretada s\u00edntesis, los acontecimientos que, acaecidos en la vida de Jes\u00fas de Nazaret, constituyen los pilares en los que se fundamenta nuestra fe cristiana: su pasi\u00f3n, su muerte y su resurrecci\u00f3n. Porque, como dice el Ap\u00f3stol Pablo: <\/span><i><span style=\"font-weight: 400\">\u201cSi Cristo no resucit\u00f3, vana es nuestra fe y vana tambi\u00e9n nuestra predicaci\u00f3n\u201d.<\/span><\/i><\/p>\n<p><span style=\"font-weight: 400\">Ahora bien, esta conmemoraci\u00f3n anual de la Semana Santa puede hacerse como un paseo por un museo de antig\u00fcedades, una memoria y lamento por acontecimientos injustos ocurridos en la persona de Jes\u00fas de Nazaret, sin que impliquen, afecten o transformen nuestro presente.\u00a0<\/span><\/p>\n<p><span style=\"font-weight: 400\">Pero hay una manera aut\u00e9ntica de conmemorar la pasi\u00f3n, muerte y resurrecci\u00f3n del Nazareno y, m\u00e1s que eso, de hacer hoy v\u00e1lido y vigente todo su proyecto de vida, que consiste en hacer memoria de lo sucedido en el <\/span><b><i>pasado <\/i><\/b><span style=\"font-weight: 400\">en la persona de Jes\u00fas, pero &#8211; al mismo tiempo y bajo esa luz -revisar, interpelar, cuestionar y renovar todo nuestro <\/span><b><i>presente,<\/i><\/b><span style=\"font-weight: 400\"> en el empe\u00f1o de construir un mejor <\/span><b><i>futuro.<\/i><\/b><span style=\"font-weight: 400\">\u00a0<\/span><\/p>\n<p><span style=\"font-weight: 400\">El p\u00f3rtico de la Semana Santa es el Domingo de Ramos. La conmemoraci\u00f3n de la entrada de Jes\u00fas a Jerusal\u00e9n y la lectura del drama de la pasi\u00f3n y muerte de Jes\u00fas constituyen un anticipo de lo que conmemoramos d\u00edas despu\u00e9s en el Triduo Pascual: la pasi\u00f3n y condena del inocente, su muerte con la que refrenda un estilo de vida que \u00c9l mismo vive y predica como sin\u00f3nimo de felicidad que consiste en dar la vida por los que amamos sin cuidarla ego\u00edstamente porque <\/span><i><span style=\"font-weight: 400\">\u201cel que guarda su vida la pierde, pero el que entrega y gasta su vida por el evangelio la salva y gana para la eternidad\u2026\u201d <\/span><\/i><span style=\"font-weight: 400\">y la resurrecci\u00f3n, con la que Dios-Padre convalida todo la vida y obra de Jes\u00fas de Nazaret como <\/span><i><span style=\"font-weight: 400\">\u201cel camino, la verdad y la vida\u201d<\/span><\/i><span style=\"font-weight: 400\"> que Dios quiere y sugiere, en Jes\u00fas, para todo hombre y mujer de buena voluntad.<\/span><\/p>\n<p><span style=\"font-weight: 400\">Toda la vida de Jes\u00fas, especialmente en la liturgia cat\u00f3lica de la Semana Santa, se nos propone como un modelo de humanidad, como la vocaci\u00f3n primera a la que hemos de aspirar todos los que nos reconocemos criaturas e hijos de Dios-Padre en Jesucristo; pues <\/span><i><span style=\"font-weight: 400\">\u201cel misterio que es el hombre se esclarece en el misterio del verbo encarnado: Jesucristo\u201d.<\/span><\/i><span style=\"font-weight: 400\"> (GS 22)<\/span><\/p>\n<p><span style=\"font-weight: 400\">As\u00ed, hoy como ayer, las esperanzas, el dolor, el sufrimiento y el mal que todo hombre experimenta en la tarea cotidiana de ser hombre y mujer, queda &#8211; especialmente en la Semana Santa y concretamente en Jueves y Viernes Santo \u2013 iluminada por el dolor y\u00a0 los padecimientos del de Nazaret quien, confiadamente, pone su vida y destino en las manos del Padre <\/span><i><span style=\"font-weight: 400\">(\u201c\u2026pero que no se haga mi voluntad sino la tuya\u201d ); <\/span><\/i><span style=\"font-weight: 400\">al mismo tiempo que la Vigilia Pascual ilumina nuestra sed de infinitud, nuestra esperanza, nuestro anhelo de trascendencia, nuestros sue\u00f1os de vida plena, nuestras proyecciones respecto de un futuro que no se agota en el aqu\u00ed y ahora de esta historia espacio-temporal.<\/span><\/p>\n<p><span style=\"font-weight: 400\">En un mundo de incoherencias entre lo que se dice y lo que se hace desentona y llama la atenci\u00f3n, hasta hoy, dividiendo la historia en dos partes, la figura de Jes\u00fas de Nazaret, quien con total autoridad, con absoluta transparencia y congruencia entre lo que vivi\u00f3 y predic\u00f3, con hechos y con palabras, entre lo que anunci\u00f3 y denunci\u00f3, afront\u00f3 hasta las \u00faltimas consecuencias su muerte en cruz.<\/span><\/p>\n<p><span style=\"font-weight: 400\">La Resurrecci\u00f3n, confesi\u00f3n de fe sobre el triunfo de la vida sobre la muerte en Jes\u00fas, es \u2013 al mismo tiempo &#8211; confesi\u00f3n en que en el destino \u00faltimo y definitivo del hombre no triunfa la muerte sino la vida, no triunfa la desesperanza sino la esperanza, no triunfa el mal sino la bondad misericordiosa de Dios.\u00a0<\/span><\/p>\n<p><span style=\"font-weight: 400\">Pero esta confesi\u00f3n de fe nos empuja y compromete a construir con nuestros hechos y palabras, con todas nuestras actitudes y comportamientos espacios de vida abundante en el aqu\u00ed y ahora de nuestra historia. La vida plena que esperamos en el m\u00e1s all\u00e1 comienza en el m\u00e1s ac\u00e1 de nuestras esperas cotidianas. El cielo nuevo ha de empezar por una tierra nueva, en una nueva sociedad de hombres y mujeres nuevos, con un nuevo modo de relacionarnos fraternal, justa y solidariamente.<\/span><\/p>\n<p><span style=\"font-weight: 400\">Todos los acontecimientos sucedidos en la persona de Jes\u00fas se repiten hoy y esclarecen la vida de los que son capaces de lavar los pies a sus hermanos y de construir fraternidad partiendo y compartiendo el pan. Porque aquel jueves y viernes de hace dos mil a\u00f1os se prolongan y actualizan hoy en los sufrimientos de los que se comprometen cargando la cruz propia y ajena y en la vida de los cirineos y ver\u00f3nicas que alivianan la vida de los otros. Porque las ca\u00eddas de Jes\u00fas, camino al Calvario, esclarecen nuestras ca\u00eddas y porque, su desnudez, ilumina la vida de los millones de despojados de mil maneras en el mundo.<\/span><\/p>\n<p><span style=\"font-weight: 400\">Hoy, aunque nos hemos acostumbrado a mil formas de padecimientos, de violencias, de injusticias y de muerte, estamos llamados a construir un mundo en el que la perfecci\u00f3n del hombre se encuentre en el mandamiento nuevo del amor, seg\u00fan los ideales, valores y criterios del evangelio de Jesucristo en el que creemos y profesamos los que nos llamamos \u201ccristianos\u201d y \u201ccat\u00f3licos\u201d.<\/span><\/p>\n<p><i><span style=\"font-weight: 400\">Mario J. Paredes es miembro de del Consejo General Directivo de la <a href=\"https:\/\/liderescatolicos.net\/\" target=\"_blank\" rel=\"noopener\">Academia Latinoamericana de Lideres Cat\u00f3licos<\/a>.\u00a0<\/span><\/i><\/p>\n","protected":false},"excerpt":{"rendered":"<p>Estamos llamados a construir un mundo en el que la perfecci\u00f3n del hombre se encuentre en el mandamiento nuevo del amor<\/p>\n","protected":false},"author":114,"featured_media":73590,"comment_status":"closed","ping_status":"closed","sticky":false,"template":"","format":"standard","meta":{"_acf_changed":false,"_crdt_document":"","inline_featured_image":false,"footnotes":""},"categories":[130],"tags":[1076,244,8727,4953],"class_list":["post-73488","post","type-post","status-publish","format-standard","has-post-thumbnail","hentry","category-voces","tag-domingo-de-ramos","tag-semana-santa","tag-semana-santa-2023","tag-trending-es"],"acf":[],"yoast_head":"<!-- This site is optimized with the Yoast SEO plugin v27.5 - https:\/\/yoast.com\/product\/yoast-seo-wordpress\/ -->\n<title>Nuestra Semana Santa de todos los d\u00edas &#8211; Exaudi<\/title>\n<meta name=\"robots\" content=\"index, follow, max-snippet:-1, max-image-preview:large, max-video-preview:-1\" \/>\n<link rel=\"canonical\" href=\"https:\/\/exaudi.org\/es\/nuestra-semana-santa-de-todos-los-dias\/\" \/>\n<meta property=\"og:locale\" content=\"es_ES\" \/>\n<meta property=\"og:type\" content=\"article\" \/>\n<meta property=\"og:title\" content=\"Nuestra Semana Santa de todos los d\u00edas &#8211; Exaudi\" \/>\n<meta property=\"og:description\" content=\"Estamos llamados a construir un mundo en el que la perfecci\u00f3n del hombre se encuentre en el mandamiento nuevo del amor\" \/>\n<meta property=\"og:url\" content=\"https:\/\/exaudi.org\/es\/nuestra-semana-santa-de-todos-los-dias\/\" \/>\n<meta property=\"og:site_name\" content=\"Exaudi\" \/>\n<meta property=\"article:publisher\" content=\"https:\/\/www.facebook.com\/ExaudiNews\" \/>\n<meta property=\"article:author\" content=\"https:\/\/www.facebook.com\/SOMOSCommunityCare\/\" \/>\n<meta property=\"article:published_time\" content=\"2023-04-03T08:30:27+00:00\" \/>\n<meta property=\"article:modified_time\" content=\"2023-04-05T07:20:09+00:00\" \/>\n<meta property=\"og:image\" content=\"https:\/\/exaudi.org\/wp-content\/uploads\/2023\/04\/Diseno-sin-titulo-9.png\" \/>\n\t<meta property=\"og:image:width\" content=\"1280\" \/>\n\t<meta property=\"og:image:height\" content=\"720\" \/>\n\t<meta property=\"og:image:type\" content=\"image\/png\" \/>\n<meta name=\"author\" content=\"Mario J. Paredes\" \/>\n<meta name=\"twitter:card\" content=\"summary_large_image\" \/>\n<meta name=\"twitter:creator\" content=\"@SOMOSCare\" \/>\n<meta name=\"twitter:site\" content=\"@Exaudi_News\" \/>\n<meta name=\"twitter:label1\" content=\"Escrito por\" \/>\n\t<meta name=\"twitter:data1\" content=\"Mario J. Paredes\" \/>\n\t<meta name=\"twitter:label2\" content=\"Tiempo de lectura\" \/>\n\t<meta name=\"twitter:data2\" content=\"6 minutos\" \/>\n<script type=\"application\/ld+json\" class=\"yoast-schema-graph\">{\"@context\":\"https:\\\/\\\/schema.org\",\"@graph\":[{\"@type\":\"Article\",\"@id\":\"https:\\\/\\\/exaudi.org\\\/es\\\/nuestra-semana-santa-de-todos-los-dias\\\/#article\",\"isPartOf\":{\"@id\":\"https:\\\/\\\/exaudi.org\\\/es\\\/nuestra-semana-santa-de-todos-los-dias\\\/\"},\"author\":{\"name\":\"Mario J. Paredes\",\"@id\":\"https:\\\/\\\/exaudi.org\\\/#\\\/schema\\\/person\\\/f4babf785ff6e9ecd6850d1802095c1d\"},\"headline\":\"Nuestra Semana Santa de todos los d\u00edas\",\"datePublished\":\"2023-04-03T08:30:27+00:00\",\"dateModified\":\"2023-04-05T07:20:09+00:00\",\"mainEntityOfPage\":{\"@id\":\"https:\\\/\\\/exaudi.org\\\/es\\\/nuestra-semana-santa-de-todos-los-dias\\\/\"},\"wordCount\":1112,\"image\":{\"@id\":\"https:\\\/\\\/exaudi.org\\\/es\\\/nuestra-semana-santa-de-todos-los-dias\\\/#primaryimage\"},\"thumbnailUrl\":\"https:\\\/\\\/exaudi.org\\\/wp-content\\\/uploads\\\/2023\\\/04\\\/Diseno-sin-titulo-9.png\",\"keywords\":[\"Domingo de Ramos\",\"semana santa\",\"Semana Santa 2023\",\"Trending\"],\"articleSection\":[\"Voces\"],\"inLanguage\":\"es\"},{\"@type\":\"WebPage\",\"@id\":\"https:\\\/\\\/exaudi.org\\\/es\\\/nuestra-semana-santa-de-todos-los-dias\\\/\",\"url\":\"https:\\\/\\\/exaudi.org\\\/es\\\/nuestra-semana-santa-de-todos-los-dias\\\/\",\"name\":\"Nuestra Semana Santa de todos los d\u00edas &#8211; Exaudi\",\"isPartOf\":{\"@id\":\"https:\\\/\\\/exaudi.org\\\/#website\"},\"primaryImageOfPage\":{\"@id\":\"https:\\\/\\\/exaudi.org\\\/es\\\/nuestra-semana-santa-de-todos-los-dias\\\/#primaryimage\"},\"image\":{\"@id\":\"https:\\\/\\\/exaudi.org\\\/es\\\/nuestra-semana-santa-de-todos-los-dias\\\/#primaryimage\"},\"thumbnailUrl\":\"https:\\\/\\\/exaudi.org\\\/wp-content\\\/uploads\\\/2023\\\/04\\\/Diseno-sin-titulo-9.png\",\"datePublished\":\"2023-04-03T08:30:27+00:00\",\"dateModified\":\"2023-04-05T07:20:09+00:00\",\"author\":{\"@id\":\"https:\\\/\\\/exaudi.org\\\/#\\\/schema\\\/person\\\/f4babf785ff6e9ecd6850d1802095c1d\"},\"breadcrumb\":{\"@id\":\"https:\\\/\\\/exaudi.org\\\/es\\\/nuestra-semana-santa-de-todos-los-dias\\\/#breadcrumb\"},\"inLanguage\":\"es\",\"potentialAction\":[{\"@type\":\"ReadAction\",\"target\":[\"https:\\\/\\\/exaudi.org\\\/es\\\/nuestra-semana-santa-de-todos-los-dias\\\/\"]}]},{\"@type\":\"ImageObject\",\"inLanguage\":\"es\",\"@id\":\"https:\\\/\\\/exaudi.org\\\/es\\\/nuestra-semana-santa-de-todos-los-dias\\\/#primaryimage\",\"url\":\"https:\\\/\\\/exaudi.org\\\/wp-content\\\/uploads\\\/2023\\\/04\\\/Diseno-sin-titulo-9.png\",\"contentUrl\":\"https:\\\/\\\/exaudi.org\\\/wp-content\\\/uploads\\\/2023\\\/04\\\/Diseno-sin-titulo-9.png\",\"width\":1280,\"height\":720},{\"@type\":\"BreadcrumbList\",\"@id\":\"https:\\\/\\\/exaudi.org\\\/es\\\/nuestra-semana-santa-de-todos-los-dias\\\/#breadcrumb\",\"itemListElement\":[{\"@type\":\"ListItem\",\"position\":1,\"name\":\"Portada\",\"item\":\"https:\\\/\\\/exaudi.org\\\/es\\\/\"},{\"@type\":\"ListItem\",\"position\":2,\"name\":\"Nuestra Semana Santa de todos los d\u00edas\"}]},{\"@type\":\"WebSite\",\"@id\":\"https:\\\/\\\/exaudi.org\\\/#website\",\"url\":\"https:\\\/\\\/exaudi.org\\\/\",\"name\":\"Exaudi\",\"description\":\"News\",\"potentialAction\":[{\"@type\":\"SearchAction\",\"target\":{\"@type\":\"EntryPoint\",\"urlTemplate\":\"https:\\\/\\\/exaudi.org\\\/?s={search_term_string}\"},\"query-input\":{\"@type\":\"PropertyValueSpecification\",\"valueRequired\":true,\"valueName\":\"search_term_string\"}}],\"inLanguage\":\"es\"},{\"@type\":\"Person\",\"@id\":\"https:\\\/\\\/exaudi.org\\\/#\\\/schema\\\/person\\\/f4babf785ff6e9ecd6850d1802095c1d\",\"name\":\"Mario J. Paredes\",\"image\":{\"@type\":\"ImageObject\",\"inLanguage\":\"es\",\"@id\":\"https:\\\/\\\/secure.gravatar.com\\\/avatar\\\/28c707f8b881139d324797c87373ccf8502494a7f73d0f6d23dcda1548e9d254?s=96&d=mm&r=g\",\"url\":\"https:\\\/\\\/secure.gravatar.com\\\/avatar\\\/28c707f8b881139d324797c87373ccf8502494a7f73d0f6d23dcda1548e9d254?s=96&d=mm&r=g\",\"contentUrl\":\"https:\\\/\\\/secure.gravatar.com\\\/avatar\\\/28c707f8b881139d324797c87373ccf8502494a7f73d0f6d23dcda1548e9d254?s=96&d=mm&r=g\",\"caption\":\"Mario J. Paredes\"},\"description\":\"Presidente ejecutivo de SOMOS Community Care, una red de 2,600 m\u00e9dicos independientes -en su mayor\u00eda de atenci\u00f3n primaria- que atienden a cerca de un mill\u00f3n de los pacientes m\u00e1s vulnerables del Medicaid de la Ciudad de Nueva York\",\"sameAs\":[\"http:\\\/\\\/somosnyhealth.org\",\"https:\\\/\\\/www.facebook.com\\\/SOMOSCommunityCare\\\/\",\"https:\\\/\\\/www.instagram.com\\\/somoscare\\\/\",\"https:\\\/\\\/www.linkedin.com\\\/company\\\/somoscommunitycare\\\/\",\"https:\\\/\\\/x.com\\\/SOMOSCare\",\"https:\\\/\\\/www.youtube.com\\\/channel\\\/UCUrnRjEHj5UrNvxU0jHSzQQ\"],\"url\":\"https:\\\/\\\/exaudi.org\\\/es\\\/author\\\/mario-j-paredes\\\/\"}]}<\/script>\n<!-- \/ Yoast SEO plugin. -->","yoast_head_json":{"title":"Nuestra Semana Santa de todos los d\u00edas &#8211; Exaudi","robots":{"index":"index","follow":"follow","max-snippet":"max-snippet:-1","max-image-preview":"max-image-preview:large","max-video-preview":"max-video-preview:-1"},"canonical":"https:\/\/exaudi.org\/es\/nuestra-semana-santa-de-todos-los-dias\/","og_locale":"es_ES","og_type":"article","og_title":"Nuestra Semana Santa de todos los d\u00edas &#8211; Exaudi","og_description":"Estamos llamados a construir un mundo en el que la perfecci\u00f3n del hombre se encuentre en el mandamiento nuevo del amor","og_url":"https:\/\/exaudi.org\/es\/nuestra-semana-santa-de-todos-los-dias\/","og_site_name":"Exaudi","article_publisher":"https:\/\/www.facebook.com\/ExaudiNews","article_author":"https:\/\/www.facebook.com\/SOMOSCommunityCare\/","article_published_time":"2023-04-03T08:30:27+00:00","article_modified_time":"2023-04-05T07:20:09+00:00","og_image":[{"width":1280,"height":720,"url":"https:\/\/exaudi.org\/wp-content\/uploads\/2023\/04\/Diseno-sin-titulo-9.png","type":"image\/png"}],"author":"Mario J. Paredes","twitter_card":"summary_large_image","twitter_creator":"@SOMOSCare","twitter_site":"@Exaudi_News","twitter_misc":{"Escrito por":"Mario J. Paredes","Tiempo de lectura":"6 minutos"},"schema":{"@context":"https:\/\/schema.org","@graph":[{"@type":"Article","@id":"https:\/\/exaudi.org\/es\/nuestra-semana-santa-de-todos-los-dias\/#article","isPartOf":{"@id":"https:\/\/exaudi.org\/es\/nuestra-semana-santa-de-todos-los-dias\/"},"author":{"name":"Mario J. Paredes","@id":"https:\/\/exaudi.org\/#\/schema\/person\/f4babf785ff6e9ecd6850d1802095c1d"},"headline":"Nuestra Semana Santa de todos los d\u00edas","datePublished":"2023-04-03T08:30:27+00:00","dateModified":"2023-04-05T07:20:09+00:00","mainEntityOfPage":{"@id":"https:\/\/exaudi.org\/es\/nuestra-semana-santa-de-todos-los-dias\/"},"wordCount":1112,"image":{"@id":"https:\/\/exaudi.org\/es\/nuestra-semana-santa-de-todos-los-dias\/#primaryimage"},"thumbnailUrl":"https:\/\/exaudi.org\/wp-content\/uploads\/2023\/04\/Diseno-sin-titulo-9.png","keywords":["Domingo de Ramos","semana santa","Semana Santa 2023","Trending"],"articleSection":["Voces"],"inLanguage":"es"},{"@type":"WebPage","@id":"https:\/\/exaudi.org\/es\/nuestra-semana-santa-de-todos-los-dias\/","url":"https:\/\/exaudi.org\/es\/nuestra-semana-santa-de-todos-los-dias\/","name":"Nuestra Semana Santa de todos los d\u00edas &#8211; Exaudi","isPartOf":{"@id":"https:\/\/exaudi.org\/#website"},"primaryImageOfPage":{"@id":"https:\/\/exaudi.org\/es\/nuestra-semana-santa-de-todos-los-dias\/#primaryimage"},"image":{"@id":"https:\/\/exaudi.org\/es\/nuestra-semana-santa-de-todos-los-dias\/#primaryimage"},"thumbnailUrl":"https:\/\/exaudi.org\/wp-content\/uploads\/2023\/04\/Diseno-sin-titulo-9.png","datePublished":"2023-04-03T08:30:27+00:00","dateModified":"2023-04-05T07:20:09+00:00","author":{"@id":"https:\/\/exaudi.org\/#\/schema\/person\/f4babf785ff6e9ecd6850d1802095c1d"},"breadcrumb":{"@id":"https:\/\/exaudi.org\/es\/nuestra-semana-santa-de-todos-los-dias\/#breadcrumb"},"inLanguage":"es","potentialAction":[{"@type":"ReadAction","target":["https:\/\/exaudi.org\/es\/nuestra-semana-santa-de-todos-los-dias\/"]}]},{"@type":"ImageObject","inLanguage":"es","@id":"https:\/\/exaudi.org\/es\/nuestra-semana-santa-de-todos-los-dias\/#primaryimage","url":"https:\/\/exaudi.org\/wp-content\/uploads\/2023\/04\/Diseno-sin-titulo-9.png","contentUrl":"https:\/\/exaudi.org\/wp-content\/uploads\/2023\/04\/Diseno-sin-titulo-9.png","width":1280,"height":720},{"@type":"BreadcrumbList","@id":"https:\/\/exaudi.org\/es\/nuestra-semana-santa-de-todos-los-dias\/#breadcrumb","itemListElement":[{"@type":"ListItem","position":1,"name":"Portada","item":"https:\/\/exaudi.org\/es\/"},{"@type":"ListItem","position":2,"name":"Nuestra Semana Santa de todos los d\u00edas"}]},{"@type":"WebSite","@id":"https:\/\/exaudi.org\/#website","url":"https:\/\/exaudi.org\/","name":"Exaudi","description":"News","potentialAction":[{"@type":"SearchAction","target":{"@type":"EntryPoint","urlTemplate":"https:\/\/exaudi.org\/?s={search_term_string}"},"query-input":{"@type":"PropertyValueSpecification","valueRequired":true,"valueName":"search_term_string"}}],"inLanguage":"es"},{"@type":"Person","@id":"https:\/\/exaudi.org\/#\/schema\/person\/f4babf785ff6e9ecd6850d1802095c1d","name":"Mario J. Paredes","image":{"@type":"ImageObject","inLanguage":"es","@id":"https:\/\/secure.gravatar.com\/avatar\/28c707f8b881139d324797c87373ccf8502494a7f73d0f6d23dcda1548e9d254?s=96&d=mm&r=g","url":"https:\/\/secure.gravatar.com\/avatar\/28c707f8b881139d324797c87373ccf8502494a7f73d0f6d23dcda1548e9d254?s=96&d=mm&r=g","contentUrl":"https:\/\/secure.gravatar.com\/avatar\/28c707f8b881139d324797c87373ccf8502494a7f73d0f6d23dcda1548e9d254?s=96&d=mm&r=g","caption":"Mario J. Paredes"},"description":"Presidente ejecutivo de SOMOS Community Care, una red de 2,600 m\u00e9dicos independientes -en su mayor\u00eda de atenci\u00f3n primaria- que atienden a cerca de un mill\u00f3n de los pacientes m\u00e1s vulnerables del Medicaid de la Ciudad de Nueva York","sameAs":["http:\/\/somosnyhealth.org","https:\/\/www.facebook.com\/SOMOSCommunityCare\/","https:\/\/www.instagram.com\/somoscare\/","https:\/\/www.linkedin.com\/company\/somoscommunitycare\/","https:\/\/x.com\/SOMOSCare","https:\/\/www.youtube.com\/channel\/UCUrnRjEHj5UrNvxU0jHSzQQ"],"url":"https:\/\/exaudi.org\/es\/author\/mario-j-paredes\/"}]}},"jetpack_featured_media_url":"https:\/\/exaudi.org\/wp-content\/uploads\/2023\/04\/Diseno-sin-titulo-9.png","jetpack_shortlink":"https:\/\/wp.me\/pgKjF2-j7i","_links":{"self":[{"href":"https:\/\/exaudi.org\/es\/wp-json\/wp\/v2\/posts\/73488","targetHints":{"allow":["GET"]}}],"collection":[{"href":"https:\/\/exaudi.org\/es\/wp-json\/wp\/v2\/posts"}],"about":[{"href":"https:\/\/exaudi.org\/es\/wp-json\/wp\/v2\/types\/post"}],"author":[{"embeddable":true,"href":"https:\/\/exaudi.org\/es\/wp-json\/wp\/v2\/users\/114"}],"replies":[{"embeddable":true,"href":"https:\/\/exaudi.org\/es\/wp-json\/wp\/v2\/comments?post=73488"}],"version-history":[{"count":0,"href":"https:\/\/exaudi.org\/es\/wp-json\/wp\/v2\/posts\/73488\/revisions"}],"wp:featuredmedia":[{"embeddable":true,"href":"https:\/\/exaudi.org\/es\/wp-json\/wp\/v2\/media\/73590"}],"wp:attachment":[{"href":"https:\/\/exaudi.org\/es\/wp-json\/wp\/v2\/media?parent=73488"}],"wp:term":[{"taxonomy":"category","embeddable":true,"href":"https:\/\/exaudi.org\/es\/wp-json\/wp\/v2\/categories?post=73488"},{"taxonomy":"post_tag","embeddable":true,"href":"https:\/\/exaudi.org\/es\/wp-json\/wp\/v2\/tags?post=73488"}],"curies":[{"name":"wp","href":"https:\/\/api.w.org\/{rel}","templated":true}]}}