{"id":73480,"date":"2023-04-03T08:24:08","date_gmt":"2023-04-03T06:24:08","guid":{"rendered":"https:\/\/exaudi.org\/?p=73480"},"modified":"2023-04-03T08:26:12","modified_gmt":"2023-04-03T06:26:12","slug":"encuentro-univ-2023","status":"publish","type":"post","link":"https:\/\/exaudi.org\/es\/encuentro-univ-2023\/","title":{"rendered":"Encuentro UNIV 2023"},"content":{"rendered":"<audio class=\"wp-audio-shortcode\" id=\"audio-73480-1\" preload=\"none\" style=\"width: 100%;\" controls=\"controls\"><source type=\"audio\/mpeg\" src=\"https:\/\/exaudi.org\/wp-content\/uploads\/2023\/04\/Encuentro-UNIV-2023-Mas-de-3000-universitarios.mp3?_=1\" \/><a href=\"https:\/\/exaudi.org\/wp-content\/uploads\/2023\/04\/Encuentro-UNIV-2023-Mas-de-3000-universitarios.mp3\">https:\/\/exaudi.org\/wp-content\/uploads\/2023\/04\/Encuentro-UNIV-2023-Mas-de-3000-universitarios.mp3<\/a><\/audio>\n<p style=\"font-weight: 400\">Como otros a\u00f1os durante la Semana Santa en Roma, estudiantes provenientes de m\u00e1s de un centenar de universidades se reunir\u00e1n en Roma con ocasi\u00f3n del UNIV<strong>\u00a02023<\/strong>, un encuentro internacional que permite a los participantes transcurrir junto al Papa y en Roma la Semana Santa y la Pascua.\u00a0Adem\u00e1s de mantener charlas culturales, asistir\u00e1n a las ceremonias lit\u00fargicas de la Semana Santa y a un encuentro con el prelado del Opus Dei, Mons. Fernando Oc\u00e1riz.<\/p>\n<p style=\"font-weight: 400\">Este a\u00f1o, el comit\u00e9 organizador del UNIV, les ha propuesto reflexionar sobre el tema\u00a0<strong>\u201cSearching for Happiness\u201d<\/strong>. Los j\u00f3venes que participan en el encuentro UNIV buscar\u00e1n profundizar en las claves de la b\u00fasqueda de la felicidad, y por medio de las conferencias y dem\u00e1s actividades de estas jornadas en la Ciudad Eterna, dar razones y herramientas para conceptuarla mejor.<\/p>\n<p style=\"font-weight: 400\">Refiri\u00e9ndose al tema propuesto este a\u00f1o, el portavoz del UNIVForum 2023,\u00a0el estadounidense\u00a0<strong>Robert Marsland<\/strong><strong>\u00a0<\/strong>explica:\u00a0\u201cEn el \u00faltimo medio siglo hemos podido sondear las profundidades del espacio y secuenciamos el genoma humano, pero a\u00fan luchamos por responder dos preguntas simples: \u00bfqu\u00e9 es la felicidad y c\u00f3mo puedo aumentarla? Desde S\u00f3crates hasta Sartre, ning\u00fan fil\u00f3sofo ha sido indiferente a la cuesti\u00f3n del florecimiento humano; es la premisa oculta de toda publicidad y la raz\u00f3n detr\u00e1s de cada viaje al consultorio m\u00e9dico\u201d.<\/p>\n<p style=\"font-weight: 400\">\u201cUNIVForum es, en definitiva, &#8211; contin\u00faa afirmando Robert Marsland &#8211; un espacio de encuentro, reflexi\u00f3n y trabajo. El objetivo es compartir con j\u00f3venes y expertos de los cinco continentes inquietudes y respuestas a los diferentes retos que nos plantea la cultura actual, relacionados con el tema del UNIVForum de este a\u00f1o\u201d.<\/p>\n<p style=\"font-weight: 400\">El UNIV 2023 prev\u00e9 manifestaciones culturales en varios lugares de Roma: conferencias, coloquios, muestras, mesas redondas con ponentes como\u00a0Arthur Brooks, profesor de Pr\u00e1ctica de Liderazgo P\u00fablico en la Escuela Kennedy de Harvard y miembro de la facultad en la Escuela de Negocios de Harvard (Estados Unidos);<strong>\u00a0<\/strong>Yvonne Font, Reumat\u00f3loga (Puerto Rico);<strong>\u00a0<\/strong>Francisco Iniesta, profesor de IESE Business School (Espa\u00f1a); Pepe Borrell (Espa\u00f1a); In\u00e9s Garc\u00eda, Psiquiatra (Espa\u00f1a); Teresa Bosch y Florencia Aguilar, Executive Director y Co-Founder de Austral World Building Lab (Argentina); Andrea Rodriguez, Profesora de la Universidad Internacional de Catalunya (Espa\u00f1a); y Pietro Cum, CEO y General Manager de ELIS (Italia).<\/p>\n<p style=\"font-weight: 400\">Los encuentros UNIV nacieron en 1968 bajo la inspiraci\u00f3n e impulso de\u00a0<strong>san Josemar\u00eda Escriv\u00e1<\/strong>, fundador del Opus Dei. En estos 55 a\u00f1os m\u00e1s de 100.000 estudiantes universitarios han participado en ellos. Cada a\u00f1o los estudiantes participan en la audiencia con el Papa. En esta ocasi\u00f3n, la del d\u00eda 5 de abril ser\u00e1 particularmente significativa, teniendo en cuenta la acuciante llamada a la paz de Papa Francisco, y la dram\u00e1tica situaci\u00f3n de tantos coet\u00e1neos de Ucrania y de varias \u00e1reas destruidas por el terremoto de Turqu\u00eda y Siria.<\/p>\n<p style=\"font-weight: 400\">El texto de aquellos encuentros y el listado de temas de las ediciones precedentes del UNIV, junto con otras informaciones, se encuentran en las p\u00e1ginas web\u00a0<a href=\"http:\/\/www.univforum.org\/\" target=\"_blank\" rel=\"noopener\" data-saferedirecturl=\"https:\/\/www.google.com\/url?q=http:\/\/www.univforum.org&amp;source=gmail&amp;ust=1680588073985000&amp;usg=AOvVaw3xyi0h-sPbh3OjAvpSVxxG\">www.univforum.org<\/a>\u00a0y\u00a0<a href=\"http:\/\/www.univinspire.org\/\" target=\"_blank\" rel=\"noopener\" data-saferedirecturl=\"https:\/\/www.google.com\/url?q=http:\/\/www.univinspire.org&amp;source=gmail&amp;ust=1680588073986000&amp;usg=AOvVaw3xyUcFIWrIcP454wBsZBKE\">www.univinspire.org<\/a>\u00a0y\u00a0<a href=\"https:\/\/univ.fasefundacion.org\/\" target=\"_blank\" rel=\"noopener\" data-saferedirecturl=\"https:\/\/www.google.com\/url?q=https:\/\/univ.fasefundacion.org\/&amp;source=gmail&amp;ust=1680588073986000&amp;usg=AOvVaw2Jx8XjtjorCn6aM1S_-2rf\">univ.fasefundacion.org\/<\/a><\/p>\n<p style=\"font-weight: 400\">La Prelatura del Opus Dei organiza actividades de formaci\u00f3n cristiana que acompa\u00f1an el programa del encuentro. Se trata de una oportunidad para recorrer la Semana Santa con una vida de m\u00e1s intensa oraci\u00f3n, conocer la ciudad de Roma, participar en visitas guiadas a museos, exposiciones de arte,\u00a0as\u00ed como visitas a los lugares donde se pueden seguir las huellas de la historia de la Iglesia desde los primeros siglos.<\/p>\n","protected":false},"excerpt":{"rendered":"<p>M\u00e1s de 3.000 universitarios se reunir\u00e1n en Roma del 2 al 9 de abril para profundizar en el sentido de la Semana Santa y reflexionar sobre el tema \u201cLa b\u00fasqueda de la felicidad\u201d<\/p>\n","protected":false},"author":15,"featured_media":73481,"comment_status":"closed","ping_status":"closed","sticky":false,"template":"","format":"standard","meta":{"_acf_changed":false,"_crdt_document":"","inline_featured_image":false,"footnotes":""},"categories":[74,132],"tags":[2448,4953,8799],"class_list":["post-73480","post","type-post","status-publish","format-standard","has-post-thumbnail","hentry","category-iglesia-y-mundo","category-vaticano-es","tag-opus-dei-es","tag-trending-es","tag-univ-2"],"acf":[],"yoast_head":"<!-- This site is optimized with the Yoast SEO plugin v27.5 - https:\/\/yoast.com\/product\/yoast-seo-wordpress\/ -->\n<title>Encuentro UNIV 2023 &#8211; Exaudi<\/title>\n<meta name=\"robots\" content=\"index, follow, max-snippet:-1, max-image-preview:large, max-video-preview:-1\" \/>\n<link rel=\"canonical\" href=\"https:\/\/exaudi.org\/es\/encuentro-univ-2023\/\" \/>\n<meta property=\"og:locale\" content=\"es_ES\" \/>\n<meta property=\"og:type\" content=\"article\" \/>\n<meta property=\"og:title\" content=\"Encuentro UNIV 2023 &#8211; Exaudi\" \/>\n<meta property=\"og:description\" content=\"M\u00e1s de 3.000 universitarios se reunir\u00e1n en Roma del 2 al 9 de abril para profundizar en el sentido de la Semana Santa y reflexionar sobre el tema \u201cLa b\u00fasqueda de la felicidad\u201d\" \/>\n<meta property=\"og:url\" content=\"https:\/\/exaudi.org\/es\/encuentro-univ-2023\/\" \/>\n<meta property=\"og:site_name\" content=\"Exaudi\" \/>\n<meta property=\"article:publisher\" content=\"https:\/\/www.facebook.com\/ExaudiNews\" \/>\n<meta property=\"article:author\" content=\"https:\/\/www.facebook.com\/ExaudiNoticias\/\" \/>\n<meta property=\"article:published_time\" content=\"2023-04-03T06:24:08+00:00\" \/>\n<meta property=\"article:modified_time\" content=\"2023-04-03T06:26:12+00:00\" \/>\n<meta property=\"og:image\" content=\"https:\/\/exaudi.org\/wp-content\/uploads\/2023\/04\/WhatsApp-Image-2023-04-02-at-12.49.53.jpeg\" \/>\n\t<meta property=\"og:image:width\" content=\"2048\" \/>\n\t<meta property=\"og:image:height\" content=\"1536\" \/>\n\t<meta property=\"og:image:type\" content=\"image\/jpeg\" \/>\n<meta name=\"author\" content=\"Exaudi Redacci\u00f3n\" \/>\n<meta name=\"twitter:card\" content=\"summary_large_image\" \/>\n<meta name=\"twitter:creator\" content=\"@Exaudi_noticias\" \/>\n<meta name=\"twitter:site\" content=\"@Exaudi_News\" \/>\n<meta name=\"twitter:label1\" content=\"Escrito por\" \/>\n\t<meta name=\"twitter:data1\" content=\"Exaudi Redacci\u00f3n\" \/>\n\t<meta name=\"twitter:label2\" content=\"Tiempo de lectura\" \/>\n\t<meta name=\"twitter:data2\" content=\"3 minutos\" \/>\n<script type=\"application\/ld+json\" class=\"yoast-schema-graph\">{\"@context\":\"https:\\\/\\\/schema.org\",\"@graph\":[{\"@type\":\"Article\",\"@id\":\"https:\\\/\\\/exaudi.org\\\/es\\\/encuentro-univ-2023\\\/#article\",\"isPartOf\":{\"@id\":\"https:\\\/\\\/exaudi.org\\\/es\\\/encuentro-univ-2023\\\/\"},\"author\":{\"name\":\"Exaudi Redacci\u00f3n\",\"@id\":\"https:\\\/\\\/exaudi.org\\\/#\\\/schema\\\/person\\\/f5fc8f063065e38742da7afe15f25df7\"},\"headline\":\"Encuentro UNIV 2023\",\"datePublished\":\"2023-04-03T06:24:08+00:00\",\"dateModified\":\"2023-04-03T06:26:12+00:00\",\"mainEntityOfPage\":{\"@id\":\"https:\\\/\\\/exaudi.org\\\/es\\\/encuentro-univ-2023\\\/\"},\"wordCount\":622,\"image\":{\"@id\":\"https:\\\/\\\/exaudi.org\\\/es\\\/encuentro-univ-2023\\\/#primaryimage\"},\"thumbnailUrl\":\"https:\\\/\\\/exaudi.org\\\/wp-content\\\/uploads\\\/2023\\\/04\\\/WhatsApp-Image-2023-04-02-at-12.49.53.jpeg\",\"keywords\":[\"Opus Dei\",\"Trending\",\"Univ\"],\"articleSection\":[\"Iglesia y Mundo\",\"Vaticano\"],\"inLanguage\":\"es\"},{\"@type\":\"WebPage\",\"@id\":\"https:\\\/\\\/exaudi.org\\\/es\\\/encuentro-univ-2023\\\/\",\"url\":\"https:\\\/\\\/exaudi.org\\\/es\\\/encuentro-univ-2023\\\/\",\"name\":\"Encuentro UNIV 2023 &#8211; Exaudi\",\"isPartOf\":{\"@id\":\"https:\\\/\\\/exaudi.org\\\/#website\"},\"primaryImageOfPage\":{\"@id\":\"https:\\\/\\\/exaudi.org\\\/es\\\/encuentro-univ-2023\\\/#primaryimage\"},\"image\":{\"@id\":\"https:\\\/\\\/exaudi.org\\\/es\\\/encuentro-univ-2023\\\/#primaryimage\"},\"thumbnailUrl\":\"https:\\\/\\\/exaudi.org\\\/wp-content\\\/uploads\\\/2023\\\/04\\\/WhatsApp-Image-2023-04-02-at-12.49.53.jpeg\",\"datePublished\":\"2023-04-03T06:24:08+00:00\",\"dateModified\":\"2023-04-03T06:26:12+00:00\",\"author\":{\"@id\":\"https:\\\/\\\/exaudi.org\\\/#\\\/schema\\\/person\\\/f5fc8f063065e38742da7afe15f25df7\"},\"breadcrumb\":{\"@id\":\"https:\\\/\\\/exaudi.org\\\/es\\\/encuentro-univ-2023\\\/#breadcrumb\"},\"inLanguage\":\"es\",\"potentialAction\":[{\"@type\":\"ReadAction\",\"target\":[\"https:\\\/\\\/exaudi.org\\\/es\\\/encuentro-univ-2023\\\/\"]}]},{\"@type\":\"ImageObject\",\"inLanguage\":\"es\",\"@id\":\"https:\\\/\\\/exaudi.org\\\/es\\\/encuentro-univ-2023\\\/#primaryimage\",\"url\":\"https:\\\/\\\/exaudi.org\\\/wp-content\\\/uploads\\\/2023\\\/04\\\/WhatsApp-Image-2023-04-02-at-12.49.53.jpeg\",\"contentUrl\":\"https:\\\/\\\/exaudi.org\\\/wp-content\\\/uploads\\\/2023\\\/04\\\/WhatsApp-Image-2023-04-02-at-12.49.53.jpeg\",\"width\":2048,\"height\":1536},{\"@type\":\"BreadcrumbList\",\"@id\":\"https:\\\/\\\/exaudi.org\\\/es\\\/encuentro-univ-2023\\\/#breadcrumb\",\"itemListElement\":[{\"@type\":\"ListItem\",\"position\":1,\"name\":\"Portada\",\"item\":\"https:\\\/\\\/exaudi.org\\\/es\\\/\"},{\"@type\":\"ListItem\",\"position\":2,\"name\":\"Encuentro UNIV 2023\"}]},{\"@type\":\"WebSite\",\"@id\":\"https:\\\/\\\/exaudi.org\\\/#website\",\"url\":\"https:\\\/\\\/exaudi.org\\\/\",\"name\":\"Exaudi\",\"description\":\"News\",\"potentialAction\":[{\"@type\":\"SearchAction\",\"target\":{\"@type\":\"EntryPoint\",\"urlTemplate\":\"https:\\\/\\\/exaudi.org\\\/?s={search_term_string}\"},\"query-input\":{\"@type\":\"PropertyValueSpecification\",\"valueRequired\":true,\"valueName\":\"search_term_string\"}}],\"inLanguage\":\"es\"},{\"@type\":\"Person\",\"@id\":\"https:\\\/\\\/exaudi.org\\\/#\\\/schema\\\/person\\\/f5fc8f063065e38742da7afe15f25df7\",\"name\":\"Exaudi Redacci\u00f3n\",\"image\":{\"@type\":\"ImageObject\",\"inLanguage\":\"es\",\"@id\":\"https:\\\/\\\/secure.gravatar.com\\\/avatar\\\/fe0f6a059fb68d9b3e11bc5850dd4899b1c7492091a3cb6dd9b01b56ad828be2?s=96&d=mm&r=g\",\"url\":\"https:\\\/\\\/secure.gravatar.com\\\/avatar\\\/fe0f6a059fb68d9b3e11bc5850dd4899b1c7492091a3cb6dd9b01b56ad828be2?s=96&d=mm&r=g\",\"contentUrl\":\"https:\\\/\\\/secure.gravatar.com\\\/avatar\\\/fe0f6a059fb68d9b3e11bc5850dd4899b1c7492091a3cb6dd9b01b56ad828be2?s=96&d=mm&r=g\",\"caption\":\"Exaudi Redacci\u00f3n\"},\"description\":\"\u00bfQu\u00e9 es Exaudi News? Exaudi News es un medio de comunicaci\u00f3n cat\u00f3lico internacional que informa, forma y transforma, diariamente en espa\u00f1ol, ingl\u00e9s e italiano. A trav\u00e9s de noticias, art\u00edculos de an\u00e1lisis y transmisiones en directo de los eventos del Papa, Exaudi busca fortalecer la unidad de los cristianos y contribuir a la evangelizaci\u00f3n del mundo, siempre guiados por la doctrina social de la Iglesia. Trabajamos para acercar la verdad y los valores cristianos a cada rinc\u00f3n del planeta. \u00a1Ay\u00fadanos a transformar el mundo con Exaudi! En Exaudi creemos que la evangelizaci\u00f3n y la informaci\u00f3n de calidad pueden cambiar vidas. Para continuar con nuestra misi\u00f3n y expandir nuestro alcance, necesitamos tu ayuda. Adem\u00e1s, buscamos personas comprometidas que deseen unirse a nuestro equipo. Con tu apoyo, lograremos llegar a m\u00e1s personas, difundir el mensaje de Cristo y reforzar la unidad de los cristianos. \u00bfTe unes a nuestra misi\u00f3n? Para m\u00e1s informaci\u00f3n sobre c\u00f3mo colaborar, visita Exaudi.org\\\/es o cont\u00e1ctanos directamente: info@exaudi.org Exaudi: Informa, forma y transforma.\",\"sameAs\":[\"https:\\\/\\\/www.facebook.com\\\/ExaudiNoticias\\\/\",\"https:\\\/\\\/www.instagram.com\\\/exaudi_noticias\\\/\",\"https:\\\/\\\/x.com\\\/Exaudi_noticias\",\"https:\\\/\\\/www.youtube.com\\\/@exaudicatholicnews\"],\"url\":\"https:\\\/\\\/exaudi.org\\\/es\\\/author\\\/redaccionexaudi\\\/\"}]}<\/script>\n<!-- \/ Yoast SEO plugin. -->","yoast_head_json":{"title":"Encuentro UNIV 2023 &#8211; Exaudi","robots":{"index":"index","follow":"follow","max-snippet":"max-snippet:-1","max-image-preview":"max-image-preview:large","max-video-preview":"max-video-preview:-1"},"canonical":"https:\/\/exaudi.org\/es\/encuentro-univ-2023\/","og_locale":"es_ES","og_type":"article","og_title":"Encuentro UNIV 2023 &#8211; Exaudi","og_description":"M\u00e1s de 3.000 universitarios se reunir\u00e1n en Roma del 2 al 9 de abril para profundizar en el sentido de la Semana Santa y reflexionar sobre el tema \u201cLa b\u00fasqueda de la felicidad\u201d","og_url":"https:\/\/exaudi.org\/es\/encuentro-univ-2023\/","og_site_name":"Exaudi","article_publisher":"https:\/\/www.facebook.com\/ExaudiNews","article_author":"https:\/\/www.facebook.com\/ExaudiNoticias\/","article_published_time":"2023-04-03T06:24:08+00:00","article_modified_time":"2023-04-03T06:26:12+00:00","og_image":[{"width":2048,"height":1536,"url":"https:\/\/exaudi.org\/wp-content\/uploads\/2023\/04\/WhatsApp-Image-2023-04-02-at-12.49.53.jpeg","type":"image\/jpeg"}],"author":"Exaudi Redacci\u00f3n","twitter_card":"summary_large_image","twitter_creator":"@Exaudi_noticias","twitter_site":"@Exaudi_News","twitter_misc":{"Escrito por":"Exaudi Redacci\u00f3n","Tiempo de lectura":"3 minutos"},"schema":{"@context":"https:\/\/schema.org","@graph":[{"@type":"Article","@id":"https:\/\/exaudi.org\/es\/encuentro-univ-2023\/#article","isPartOf":{"@id":"https:\/\/exaudi.org\/es\/encuentro-univ-2023\/"},"author":{"name":"Exaudi Redacci\u00f3n","@id":"https:\/\/exaudi.org\/#\/schema\/person\/f5fc8f063065e38742da7afe15f25df7"},"headline":"Encuentro UNIV 2023","datePublished":"2023-04-03T06:24:08+00:00","dateModified":"2023-04-03T06:26:12+00:00","mainEntityOfPage":{"@id":"https:\/\/exaudi.org\/es\/encuentro-univ-2023\/"},"wordCount":622,"image":{"@id":"https:\/\/exaudi.org\/es\/encuentro-univ-2023\/#primaryimage"},"thumbnailUrl":"https:\/\/exaudi.org\/wp-content\/uploads\/2023\/04\/WhatsApp-Image-2023-04-02-at-12.49.53.jpeg","keywords":["Opus Dei","Trending","Univ"],"articleSection":["Iglesia y Mundo","Vaticano"],"inLanguage":"es"},{"@type":"WebPage","@id":"https:\/\/exaudi.org\/es\/encuentro-univ-2023\/","url":"https:\/\/exaudi.org\/es\/encuentro-univ-2023\/","name":"Encuentro UNIV 2023 &#8211; Exaudi","isPartOf":{"@id":"https:\/\/exaudi.org\/#website"},"primaryImageOfPage":{"@id":"https:\/\/exaudi.org\/es\/encuentro-univ-2023\/#primaryimage"},"image":{"@id":"https:\/\/exaudi.org\/es\/encuentro-univ-2023\/#primaryimage"},"thumbnailUrl":"https:\/\/exaudi.org\/wp-content\/uploads\/2023\/04\/WhatsApp-Image-2023-04-02-at-12.49.53.jpeg","datePublished":"2023-04-03T06:24:08+00:00","dateModified":"2023-04-03T06:26:12+00:00","author":{"@id":"https:\/\/exaudi.org\/#\/schema\/person\/f5fc8f063065e38742da7afe15f25df7"},"breadcrumb":{"@id":"https:\/\/exaudi.org\/es\/encuentro-univ-2023\/#breadcrumb"},"inLanguage":"es","potentialAction":[{"@type":"ReadAction","target":["https:\/\/exaudi.org\/es\/encuentro-univ-2023\/"]}]},{"@type":"ImageObject","inLanguage":"es","@id":"https:\/\/exaudi.org\/es\/encuentro-univ-2023\/#primaryimage","url":"https:\/\/exaudi.org\/wp-content\/uploads\/2023\/04\/WhatsApp-Image-2023-04-02-at-12.49.53.jpeg","contentUrl":"https:\/\/exaudi.org\/wp-content\/uploads\/2023\/04\/WhatsApp-Image-2023-04-02-at-12.49.53.jpeg","width":2048,"height":1536},{"@type":"BreadcrumbList","@id":"https:\/\/exaudi.org\/es\/encuentro-univ-2023\/#breadcrumb","itemListElement":[{"@type":"ListItem","position":1,"name":"Portada","item":"https:\/\/exaudi.org\/es\/"},{"@type":"ListItem","position":2,"name":"Encuentro UNIV 2023"}]},{"@type":"WebSite","@id":"https:\/\/exaudi.org\/#website","url":"https:\/\/exaudi.org\/","name":"Exaudi","description":"News","potentialAction":[{"@type":"SearchAction","target":{"@type":"EntryPoint","urlTemplate":"https:\/\/exaudi.org\/?s={search_term_string}"},"query-input":{"@type":"PropertyValueSpecification","valueRequired":true,"valueName":"search_term_string"}}],"inLanguage":"es"},{"@type":"Person","@id":"https:\/\/exaudi.org\/#\/schema\/person\/f5fc8f063065e38742da7afe15f25df7","name":"Exaudi Redacci\u00f3n","image":{"@type":"ImageObject","inLanguage":"es","@id":"https:\/\/secure.gravatar.com\/avatar\/fe0f6a059fb68d9b3e11bc5850dd4899b1c7492091a3cb6dd9b01b56ad828be2?s=96&d=mm&r=g","url":"https:\/\/secure.gravatar.com\/avatar\/fe0f6a059fb68d9b3e11bc5850dd4899b1c7492091a3cb6dd9b01b56ad828be2?s=96&d=mm&r=g","contentUrl":"https:\/\/secure.gravatar.com\/avatar\/fe0f6a059fb68d9b3e11bc5850dd4899b1c7492091a3cb6dd9b01b56ad828be2?s=96&d=mm&r=g","caption":"Exaudi Redacci\u00f3n"},"description":"\u00bfQu\u00e9 es Exaudi News? Exaudi News es un medio de comunicaci\u00f3n cat\u00f3lico internacional que informa, forma y transforma, diariamente en espa\u00f1ol, ingl\u00e9s e italiano. A trav\u00e9s de noticias, art\u00edculos de an\u00e1lisis y transmisiones en directo de los eventos del Papa, Exaudi busca fortalecer la unidad de los cristianos y contribuir a la evangelizaci\u00f3n del mundo, siempre guiados por la doctrina social de la Iglesia. Trabajamos para acercar la verdad y los valores cristianos a cada rinc\u00f3n del planeta. \u00a1Ay\u00fadanos a transformar el mundo con Exaudi! En Exaudi creemos que la evangelizaci\u00f3n y la informaci\u00f3n de calidad pueden cambiar vidas. Para continuar con nuestra misi\u00f3n y expandir nuestro alcance, necesitamos tu ayuda. Adem\u00e1s, buscamos personas comprometidas que deseen unirse a nuestro equipo. Con tu apoyo, lograremos llegar a m\u00e1s personas, difundir el mensaje de Cristo y reforzar la unidad de los cristianos. \u00bfTe unes a nuestra misi\u00f3n? Para m\u00e1s informaci\u00f3n sobre c\u00f3mo colaborar, visita Exaudi.org\/es o cont\u00e1ctanos directamente: info@exaudi.org Exaudi: Informa, forma y transforma.","sameAs":["https:\/\/www.facebook.com\/ExaudiNoticias\/","https:\/\/www.instagram.com\/exaudi_noticias\/","https:\/\/x.com\/Exaudi_noticias","https:\/\/www.youtube.com\/@exaudicatholicnews"],"url":"https:\/\/exaudi.org\/es\/author\/redaccionexaudi\/"}]}},"jetpack_featured_media_url":"https:\/\/exaudi.org\/wp-content\/uploads\/2023\/04\/WhatsApp-Image-2023-04-02-at-12.49.53.jpeg","jetpack_shortlink":"https:\/\/wp.me\/pgKjF2-j7a","_links":{"self":[{"href":"https:\/\/exaudi.org\/es\/wp-json\/wp\/v2\/posts\/73480","targetHints":{"allow":["GET"]}}],"collection":[{"href":"https:\/\/exaudi.org\/es\/wp-json\/wp\/v2\/posts"}],"about":[{"href":"https:\/\/exaudi.org\/es\/wp-json\/wp\/v2\/types\/post"}],"author":[{"embeddable":true,"href":"https:\/\/exaudi.org\/es\/wp-json\/wp\/v2\/users\/15"}],"replies":[{"embeddable":true,"href":"https:\/\/exaudi.org\/es\/wp-json\/wp\/v2\/comments?post=73480"}],"version-history":[{"count":0,"href":"https:\/\/exaudi.org\/es\/wp-json\/wp\/v2\/posts\/73480\/revisions"}],"wp:featuredmedia":[{"embeddable":true,"href":"https:\/\/exaudi.org\/es\/wp-json\/wp\/v2\/media\/73481"}],"wp:attachment":[{"href":"https:\/\/exaudi.org\/es\/wp-json\/wp\/v2\/media?parent=73480"}],"wp:term":[{"taxonomy":"category","embeddable":true,"href":"https:\/\/exaudi.org\/es\/wp-json\/wp\/v2\/categories?post=73480"},{"taxonomy":"post_tag","embeddable":true,"href":"https:\/\/exaudi.org\/es\/wp-json\/wp\/v2\/tags?post=73480"}],"curies":[{"name":"wp","href":"https:\/\/api.w.org\/{rel}","templated":true}]}}