{"id":73431,"date":"2023-04-02T09:46:33","date_gmt":"2023-04-02T07:46:33","guid":{"rendered":"https:\/\/exaudi.org\/?p=73431"},"modified":"2023-04-03T08:10:04","modified_gmt":"2023-04-03T06:10:04","slug":"bendito-el-que-viene-en-nombre-del-senor-comentario-p-jorge-miro","status":"publish","type":"post","link":"https:\/\/exaudi.org\/es\/bendito-el-que-viene-en-nombre-del-senor-comentario-p-jorge-miro\/","title":{"rendered":"Bendito el que viene en nombre del Se\u00f1or: Comentario P. Jorge Mir\u00f3"},"content":{"rendered":"<audio class=\"wp-audio-shortcode\" id=\"audio-73431-1\" preload=\"none\" style=\"width: 100%;\" controls=\"controls\"><source type=\"audio\/mpeg\" src=\"https:\/\/exaudi.org\/wp-content\/uploads\/2023\/04\/Bendito-el-que-viene-en-nombre-del-Senor.mp3?_=1\" \/><a href=\"https:\/\/exaudi.org\/wp-content\/uploads\/2023\/04\/Bendito-el-que-viene-en-nombre-del-Senor.mp3\">https:\/\/exaudi.org\/wp-content\/uploads\/2023\/04\/Bendito-el-que-viene-en-nombre-del-Senor.mp3<\/a><\/audio>\n<p>El padre Jorge Mir\u00f3 comparte con los lectores de Exaudi su comentario sobre el\u00a0Evangelio de hoy, 2 de abril de 2023, titulado \u201cBendito el que viene en nombre del Se\u00f1or\u201d.<\/p>\n<p>***<\/p>\n<p>Vamos a celebrar en estos d\u00edas santos el Misterio Pascual de nuestro Se\u00f1or Jesucristo. Necesitas pedir al Esp\u00edritu Santo que te regale poder vivir el misterio pascual, poder encontrarte con Jesucristo en tu vida concreta, en tu cruz y ver c\u00f3mo \u00c9l la hace fecunda y gloria por el don de su Esp\u00edritu.<\/p>\n<p>Se van a cumplir los deseos ardientes de Jes\u00fas. Los de comer la Pascua con sus disc\u00edpulos, los de beber el c\u00e1liz preparado&#8230; Nos disponemos a celebrar provechosamente este misterio, no s\u00f3lo desde fuera, como el que asiste a un espect\u00e1culo, sino desde dentro, compenetr\u00e1ndonos con los sentimientos de Cristo, muriendo su misma muerte, para poder resucitar con \u00e9l \u201cy conocerle a \u00e9l, el poder de su resurrecci\u00f3n y la comuni\u00f3n en sus padecimientos\u201d.<\/p>\n<p>Vamos a <em>recordar<\/em> la historia m\u00e1s dolorosa y m\u00e1s hermosa. <em>Recordar <\/em>es volver a poner en el coraz\u00f3n. Acercarse, entrar en la historia. Compartir sus sentimientos y sus actitudes. Revivir los padecimientos de Cristo, sufriendo en mi carne lo que falta a la Pasi\u00f3n. Revivir su paciencia, su obediencia, su entrega, su perd\u00f3n, todo su amor.<\/p>\n<p>El Domingo de Ramos inaugura la Semana Santa. En este d\u00eda la Iglesia celebra la entrada de Cristo en Jerusal\u00e9n para realizar su misterio pascual. Jes\u00fas es presentado en los evangelios como el Rey\u2013Mes\u00edas que entra y toma posesi\u00f3n de su ciudad.<\/p>\n<p>Jes\u00fas ha muerto por nosotros. Su muerte es un acto de servicio, de amor, de entrega. Jes\u00fas ha cargado con el pecado de todos -tambi\u00e9n con el tuyo-, se ha sentido solidario de la suerte de toda la humanidad.<\/p>\n<p>La <em>procesi\u00f3n de ramos <\/em>expresa sensiblemente nuestra peregrinaci\u00f3n cuaresmal. Es la culminaci\u00f3n de la subida con Cristo a Jerusal\u00e9n para vivir la Pascua con \u00c9l, que <em>se humill\u00f3 a s\u00ed mismo, hecho obediente hasta la muerte, y una muerte de cruz. Por eso Dios lo exalt\u00f3 sobre todo\u2026 y toda lengua proclame: Jesucristo es Se\u00f1or, para gloria de Dios Padre. <\/em><\/p>\n<p>Y es que al cielo se sube, <em>bajando.<\/em><\/p>\n<p>La PASI\u00d3N es expresi\u00f3n de la voluntad del Padre. La muerte de Cristo es un acto supremo de obediencia al Padre. La muerte de Cristo adquiere un valor salvador, y culmina con su Resurrecci\u00f3n.<\/p>\n<p>En la primera lectura contemplamos la figura del SIERVO DE YAHVE, siervo que tiene el dolor de toda creatura, pero tambi\u00e9n la confianza que ilumina el sufrimiento. El mensaje que anuncia es \u00c9l mismo. Quiere ser palabra de aliento para todos los abatidos. Dios est\u00e1 en el sufrimiento con el siervo, y siervos de Dios son todos los que sufren y escuchan el sentido de su sufrimiento. En ellos se redime el dolor.<\/p>\n<p>La segunda lectura nos hace penetrar con profundidad en el misterio de la redenci\u00f3n. Nos presenta al Cristo <em>humilde<\/em> y <em>pobre,<\/em> al Cristo que pudo salvar a la humanidad desde la plataforma de la gloria, pero prefiri\u00f3 compartir el drama humano para salvar a los hombres desde dentro de la historia.<\/p>\n<p>La solemne lectura de la Pasi\u00f3n es lo m\u00e1s caracter\u00edstico de la liturgia de hoy. La Pasi\u00f3n de Cristo es la m\u00e1xima expresi\u00f3n de su amor a nosotros y de su obediencia al Padre. Por eso, la muerte de Cristo tiene un valor salvador que culmina en la Resurrecci\u00f3n.<\/p>\n<p>\u00a1Ven Esp\u00edritu Santo! (cf. _<em>Lc_ <\/em>11, 13).<\/p>\n<p>&nbsp;<\/p>\n","protected":false},"excerpt":{"rendered":"<p>Domingo de Ramos, 2 de abril de 2023<\/p>\n","protected":false},"author":20,"featured_media":73438,"comment_status":"closed","ping_status":"closed","sticky":false,"template":"","format":"standard","meta":{"_acf_changed":false,"_crdt_document":"","inline_featured_image":false,"footnotes":""},"categories":[96],"tags":[6281,4953],"class_list":["post-73431","post","type-post","status-publish","format-standard","has-post-thumbnail","hentry","category-espiritualidad","tag-jorge-miro","tag-trending-es"],"acf":[],"yoast_head":"<!-- This site is optimized with the Yoast SEO plugin v27.5 - https:\/\/yoast.com\/product\/yoast-seo-wordpress\/ -->\n<title>Bendito el que viene en nombre del Se\u00f1or: Comentario P. Jorge Mir\u00f3 &#8211; Exaudi<\/title>\n<meta name=\"robots\" content=\"index, follow, max-snippet:-1, max-image-preview:large, max-video-preview:-1\" \/>\n<link rel=\"canonical\" href=\"https:\/\/exaudi.org\/es\/bendito-el-que-viene-en-nombre-del-senor-comentario-p-jorge-miro\/\" \/>\n<meta property=\"og:locale\" content=\"es_ES\" \/>\n<meta property=\"og:type\" content=\"article\" \/>\n<meta property=\"og:title\" content=\"Bendito el que viene en nombre del Se\u00f1or: Comentario P. Jorge Mir\u00f3 &#8211; Exaudi\" \/>\n<meta property=\"og:description\" content=\"Domingo de Ramos, 2 de abril de 2023\" \/>\n<meta property=\"og:url\" content=\"https:\/\/exaudi.org\/es\/bendito-el-que-viene-en-nombre-del-senor-comentario-p-jorge-miro\/\" \/>\n<meta property=\"og:site_name\" content=\"Exaudi\" \/>\n<meta property=\"article:publisher\" content=\"https:\/\/www.facebook.com\/ExaudiNews\" \/>\n<meta property=\"article:published_time\" content=\"2023-04-02T07:46:33+00:00\" \/>\n<meta property=\"article:modified_time\" content=\"2023-04-03T06:10:04+00:00\" \/>\n<meta property=\"og:image\" content=\"https:\/\/exaudi.org\/wp-content\/uploads\/2023\/04\/Ramos.jpg\" \/>\n\t<meta property=\"og:image:width\" content=\"1248\" \/>\n\t<meta property=\"og:image:height\" content=\"1934\" \/>\n\t<meta property=\"og:image:type\" content=\"image\/jpeg\" \/>\n<meta name=\"author\" content=\"Jorge Mir\u00f3\" \/>\n<meta name=\"twitter:card\" content=\"summary_large_image\" \/>\n<meta name=\"twitter:creator\" content=\"@Exaudi_News\" \/>\n<meta name=\"twitter:site\" content=\"@Exaudi_News\" \/>\n<meta name=\"twitter:label1\" content=\"Escrito por\" \/>\n\t<meta name=\"twitter:data1\" content=\"Jorge Mir\u00f3\" \/>\n\t<meta name=\"twitter:label2\" content=\"Tiempo de lectura\" \/>\n\t<meta name=\"twitter:data2\" content=\"3 minutos\" \/>\n<script type=\"application\/ld+json\" class=\"yoast-schema-graph\">{\"@context\":\"https:\\\/\\\/schema.org\",\"@graph\":[{\"@type\":\"Article\",\"@id\":\"https:\\\/\\\/exaudi.org\\\/es\\\/bendito-el-que-viene-en-nombre-del-senor-comentario-p-jorge-miro\\\/#article\",\"isPartOf\":{\"@id\":\"https:\\\/\\\/exaudi.org\\\/es\\\/bendito-el-que-viene-en-nombre-del-senor-comentario-p-jorge-miro\\\/\"},\"author\":{\"name\":\"Jorge Mir\u00f3\",\"@id\":\"https:\\\/\\\/exaudi.org\\\/#\\\/schema\\\/person\\\/a258c56b05e63b2b367bdca29e0ed3e3\"},\"headline\":\"Bendito el que viene en nombre del Se\u00f1or: Comentario P. Jorge Mir\u00f3\",\"datePublished\":\"2023-04-02T07:46:33+00:00\",\"dateModified\":\"2023-04-03T06:10:04+00:00\",\"mainEntityOfPage\":{\"@id\":\"https:\\\/\\\/exaudi.org\\\/es\\\/bendito-el-que-viene-en-nombre-del-senor-comentario-p-jorge-miro\\\/\"},\"wordCount\":643,\"image\":{\"@id\":\"https:\\\/\\\/exaudi.org\\\/es\\\/bendito-el-que-viene-en-nombre-del-senor-comentario-p-jorge-miro\\\/#primaryimage\"},\"thumbnailUrl\":\"https:\\\/\\\/exaudi.org\\\/wp-content\\\/uploads\\\/2023\\\/04\\\/Ramos.jpg\",\"keywords\":[\"Jorge Mir\u00f3\",\"Trending\"],\"articleSection\":[\"Espiritualidad\"],\"inLanguage\":\"es\"},{\"@type\":\"WebPage\",\"@id\":\"https:\\\/\\\/exaudi.org\\\/es\\\/bendito-el-que-viene-en-nombre-del-senor-comentario-p-jorge-miro\\\/\",\"url\":\"https:\\\/\\\/exaudi.org\\\/es\\\/bendito-el-que-viene-en-nombre-del-senor-comentario-p-jorge-miro\\\/\",\"name\":\"Bendito el que viene en nombre del Se\u00f1or: Comentario P. Jorge Mir\u00f3 &#8211; Exaudi\",\"isPartOf\":{\"@id\":\"https:\\\/\\\/exaudi.org\\\/#website\"},\"primaryImageOfPage\":{\"@id\":\"https:\\\/\\\/exaudi.org\\\/es\\\/bendito-el-que-viene-en-nombre-del-senor-comentario-p-jorge-miro\\\/#primaryimage\"},\"image\":{\"@id\":\"https:\\\/\\\/exaudi.org\\\/es\\\/bendito-el-que-viene-en-nombre-del-senor-comentario-p-jorge-miro\\\/#primaryimage\"},\"thumbnailUrl\":\"https:\\\/\\\/exaudi.org\\\/wp-content\\\/uploads\\\/2023\\\/04\\\/Ramos.jpg\",\"datePublished\":\"2023-04-02T07:46:33+00:00\",\"dateModified\":\"2023-04-03T06:10:04+00:00\",\"author\":{\"@id\":\"https:\\\/\\\/exaudi.org\\\/#\\\/schema\\\/person\\\/a258c56b05e63b2b367bdca29e0ed3e3\"},\"breadcrumb\":{\"@id\":\"https:\\\/\\\/exaudi.org\\\/es\\\/bendito-el-que-viene-en-nombre-del-senor-comentario-p-jorge-miro\\\/#breadcrumb\"},\"inLanguage\":\"es\",\"potentialAction\":[{\"@type\":\"ReadAction\",\"target\":[\"https:\\\/\\\/exaudi.org\\\/es\\\/bendito-el-que-viene-en-nombre-del-senor-comentario-p-jorge-miro\\\/\"]}]},{\"@type\":\"ImageObject\",\"inLanguage\":\"es\",\"@id\":\"https:\\\/\\\/exaudi.org\\\/es\\\/bendito-el-que-viene-en-nombre-del-senor-comentario-p-jorge-miro\\\/#primaryimage\",\"url\":\"https:\\\/\\\/exaudi.org\\\/wp-content\\\/uploads\\\/2023\\\/04\\\/Ramos.jpg\",\"contentUrl\":\"https:\\\/\\\/exaudi.org\\\/wp-content\\\/uploads\\\/2023\\\/04\\\/Ramos.jpg\",\"width\":1248,\"height\":1934,\"caption\":\"Cathopic\"},{\"@type\":\"BreadcrumbList\",\"@id\":\"https:\\\/\\\/exaudi.org\\\/es\\\/bendito-el-que-viene-en-nombre-del-senor-comentario-p-jorge-miro\\\/#breadcrumb\",\"itemListElement\":[{\"@type\":\"ListItem\",\"position\":1,\"name\":\"Portada\",\"item\":\"https:\\\/\\\/exaudi.org\\\/es\\\/\"},{\"@type\":\"ListItem\",\"position\":2,\"name\":\"Bendito el que viene en nombre del Se\u00f1or: Comentario P. Jorge Mir\u00f3\"}]},{\"@type\":\"WebSite\",\"@id\":\"https:\\\/\\\/exaudi.org\\\/#website\",\"url\":\"https:\\\/\\\/exaudi.org\\\/\",\"name\":\"Exaudi\",\"description\":\"News\",\"potentialAction\":[{\"@type\":\"SearchAction\",\"target\":{\"@type\":\"EntryPoint\",\"urlTemplate\":\"https:\\\/\\\/exaudi.org\\\/?s={search_term_string}\"},\"query-input\":{\"@type\":\"PropertyValueSpecification\",\"valueRequired\":true,\"valueName\":\"search_term_string\"}}],\"inLanguage\":\"es\"},{\"@type\":\"Person\",\"@id\":\"https:\\\/\\\/exaudi.org\\\/#\\\/schema\\\/person\\\/a258c56b05e63b2b367bdca29e0ed3e3\",\"name\":\"Jorge Mir\u00f3\",\"image\":{\"@type\":\"ImageObject\",\"inLanguage\":\"es\",\"@id\":\"https:\\\/\\\/secure.gravatar.com\\\/avatar\\\/f5ea26c436669b01b7b02124bf13596df002525d6f392707d301543be365bd44?s=96&d=mm&r=g\",\"url\":\"https:\\\/\\\/secure.gravatar.com\\\/avatar\\\/f5ea26c436669b01b7b02124bf13596df002525d6f392707d301543be365bd44?s=96&d=mm&r=g\",\"contentUrl\":\"https:\\\/\\\/secure.gravatar.com\\\/avatar\\\/f5ea26c436669b01b7b02124bf13596df002525d6f392707d301543be365bd44?s=96&d=mm&r=g\",\"caption\":\"Jorge Mir\u00f3\"},\"description\":\"Sacerdote de la archidi\u00f3cesis de Valencia y profesor en la Facultad de Ciencias Jur\u00eddicas, Econ\u00f3micas y Sociales de la Universidad Cat\u00f3lica de Valencia\",\"url\":\"https:\\\/\\\/exaudi.org\\\/es\\\/author\\\/jorgemiro\\\/\"}]}<\/script>\n<!-- \/ Yoast SEO plugin. -->","yoast_head_json":{"title":"Bendito el que viene en nombre del Se\u00f1or: Comentario P. Jorge Mir\u00f3 &#8211; Exaudi","robots":{"index":"index","follow":"follow","max-snippet":"max-snippet:-1","max-image-preview":"max-image-preview:large","max-video-preview":"max-video-preview:-1"},"canonical":"https:\/\/exaudi.org\/es\/bendito-el-que-viene-en-nombre-del-senor-comentario-p-jorge-miro\/","og_locale":"es_ES","og_type":"article","og_title":"Bendito el que viene en nombre del Se\u00f1or: Comentario P. Jorge Mir\u00f3 &#8211; Exaudi","og_description":"Domingo de Ramos, 2 de abril de 2023","og_url":"https:\/\/exaudi.org\/es\/bendito-el-que-viene-en-nombre-del-senor-comentario-p-jorge-miro\/","og_site_name":"Exaudi","article_publisher":"https:\/\/www.facebook.com\/ExaudiNews","article_published_time":"2023-04-02T07:46:33+00:00","article_modified_time":"2023-04-03T06:10:04+00:00","og_image":[{"width":1248,"height":1934,"url":"https:\/\/exaudi.org\/wp-content\/uploads\/2023\/04\/Ramos.jpg","type":"image\/jpeg"}],"author":"Jorge Mir\u00f3","twitter_card":"summary_large_image","twitter_creator":"@Exaudi_News","twitter_site":"@Exaudi_News","twitter_misc":{"Escrito por":"Jorge Mir\u00f3","Tiempo de lectura":"3 minutos"},"schema":{"@context":"https:\/\/schema.org","@graph":[{"@type":"Article","@id":"https:\/\/exaudi.org\/es\/bendito-el-que-viene-en-nombre-del-senor-comentario-p-jorge-miro\/#article","isPartOf":{"@id":"https:\/\/exaudi.org\/es\/bendito-el-que-viene-en-nombre-del-senor-comentario-p-jorge-miro\/"},"author":{"name":"Jorge Mir\u00f3","@id":"https:\/\/exaudi.org\/#\/schema\/person\/a258c56b05e63b2b367bdca29e0ed3e3"},"headline":"Bendito el que viene en nombre del Se\u00f1or: Comentario P. Jorge Mir\u00f3","datePublished":"2023-04-02T07:46:33+00:00","dateModified":"2023-04-03T06:10:04+00:00","mainEntityOfPage":{"@id":"https:\/\/exaudi.org\/es\/bendito-el-que-viene-en-nombre-del-senor-comentario-p-jorge-miro\/"},"wordCount":643,"image":{"@id":"https:\/\/exaudi.org\/es\/bendito-el-que-viene-en-nombre-del-senor-comentario-p-jorge-miro\/#primaryimage"},"thumbnailUrl":"https:\/\/exaudi.org\/wp-content\/uploads\/2023\/04\/Ramos.jpg","keywords":["Jorge Mir\u00f3","Trending"],"articleSection":["Espiritualidad"],"inLanguage":"es"},{"@type":"WebPage","@id":"https:\/\/exaudi.org\/es\/bendito-el-que-viene-en-nombre-del-senor-comentario-p-jorge-miro\/","url":"https:\/\/exaudi.org\/es\/bendito-el-que-viene-en-nombre-del-senor-comentario-p-jorge-miro\/","name":"Bendito el que viene en nombre del Se\u00f1or: Comentario P. Jorge Mir\u00f3 &#8211; Exaudi","isPartOf":{"@id":"https:\/\/exaudi.org\/#website"},"primaryImageOfPage":{"@id":"https:\/\/exaudi.org\/es\/bendito-el-que-viene-en-nombre-del-senor-comentario-p-jorge-miro\/#primaryimage"},"image":{"@id":"https:\/\/exaudi.org\/es\/bendito-el-que-viene-en-nombre-del-senor-comentario-p-jorge-miro\/#primaryimage"},"thumbnailUrl":"https:\/\/exaudi.org\/wp-content\/uploads\/2023\/04\/Ramos.jpg","datePublished":"2023-04-02T07:46:33+00:00","dateModified":"2023-04-03T06:10:04+00:00","author":{"@id":"https:\/\/exaudi.org\/#\/schema\/person\/a258c56b05e63b2b367bdca29e0ed3e3"},"breadcrumb":{"@id":"https:\/\/exaudi.org\/es\/bendito-el-que-viene-en-nombre-del-senor-comentario-p-jorge-miro\/#breadcrumb"},"inLanguage":"es","potentialAction":[{"@type":"ReadAction","target":["https:\/\/exaudi.org\/es\/bendito-el-que-viene-en-nombre-del-senor-comentario-p-jorge-miro\/"]}]},{"@type":"ImageObject","inLanguage":"es","@id":"https:\/\/exaudi.org\/es\/bendito-el-que-viene-en-nombre-del-senor-comentario-p-jorge-miro\/#primaryimage","url":"https:\/\/exaudi.org\/wp-content\/uploads\/2023\/04\/Ramos.jpg","contentUrl":"https:\/\/exaudi.org\/wp-content\/uploads\/2023\/04\/Ramos.jpg","width":1248,"height":1934,"caption":"Cathopic"},{"@type":"BreadcrumbList","@id":"https:\/\/exaudi.org\/es\/bendito-el-que-viene-en-nombre-del-senor-comentario-p-jorge-miro\/#breadcrumb","itemListElement":[{"@type":"ListItem","position":1,"name":"Portada","item":"https:\/\/exaudi.org\/es\/"},{"@type":"ListItem","position":2,"name":"Bendito el que viene en nombre del Se\u00f1or: Comentario P. Jorge Mir\u00f3"}]},{"@type":"WebSite","@id":"https:\/\/exaudi.org\/#website","url":"https:\/\/exaudi.org\/","name":"Exaudi","description":"News","potentialAction":[{"@type":"SearchAction","target":{"@type":"EntryPoint","urlTemplate":"https:\/\/exaudi.org\/?s={search_term_string}"},"query-input":{"@type":"PropertyValueSpecification","valueRequired":true,"valueName":"search_term_string"}}],"inLanguage":"es"},{"@type":"Person","@id":"https:\/\/exaudi.org\/#\/schema\/person\/a258c56b05e63b2b367bdca29e0ed3e3","name":"Jorge Mir\u00f3","image":{"@type":"ImageObject","inLanguage":"es","@id":"https:\/\/secure.gravatar.com\/avatar\/f5ea26c436669b01b7b02124bf13596df002525d6f392707d301543be365bd44?s=96&d=mm&r=g","url":"https:\/\/secure.gravatar.com\/avatar\/f5ea26c436669b01b7b02124bf13596df002525d6f392707d301543be365bd44?s=96&d=mm&r=g","contentUrl":"https:\/\/secure.gravatar.com\/avatar\/f5ea26c436669b01b7b02124bf13596df002525d6f392707d301543be365bd44?s=96&d=mm&r=g","caption":"Jorge Mir\u00f3"},"description":"Sacerdote de la archidi\u00f3cesis de Valencia y profesor en la Facultad de Ciencias Jur\u00eddicas, Econ\u00f3micas y Sociales de la Universidad Cat\u00f3lica de Valencia","url":"https:\/\/exaudi.org\/es\/author\/jorgemiro\/"}]}},"jetpack_featured_media_url":"https:\/\/exaudi.org\/wp-content\/uploads\/2023\/04\/Ramos.jpg","jetpack_shortlink":"https:\/\/wp.me\/pgKjF2-j6n","_links":{"self":[{"href":"https:\/\/exaudi.org\/es\/wp-json\/wp\/v2\/posts\/73431","targetHints":{"allow":["GET"]}}],"collection":[{"href":"https:\/\/exaudi.org\/es\/wp-json\/wp\/v2\/posts"}],"about":[{"href":"https:\/\/exaudi.org\/es\/wp-json\/wp\/v2\/types\/post"}],"author":[{"embeddable":true,"href":"https:\/\/exaudi.org\/es\/wp-json\/wp\/v2\/users\/20"}],"replies":[{"embeddable":true,"href":"https:\/\/exaudi.org\/es\/wp-json\/wp\/v2\/comments?post=73431"}],"version-history":[{"count":0,"href":"https:\/\/exaudi.org\/es\/wp-json\/wp\/v2\/posts\/73431\/revisions"}],"wp:featuredmedia":[{"embeddable":true,"href":"https:\/\/exaudi.org\/es\/wp-json\/wp\/v2\/media\/73438"}],"wp:attachment":[{"href":"https:\/\/exaudi.org\/es\/wp-json\/wp\/v2\/media?parent=73431"}],"wp:term":[{"taxonomy":"category","embeddable":true,"href":"https:\/\/exaudi.org\/es\/wp-json\/wp\/v2\/categories?post=73431"},{"taxonomy":"post_tag","embeddable":true,"href":"https:\/\/exaudi.org\/es\/wp-json\/wp\/v2\/tags?post=73431"}],"curies":[{"name":"wp","href":"https:\/\/api.w.org\/{rel}","templated":true}]}}