{"id":73336,"date":"2023-03-30T22:25:37","date_gmt":"2023-03-30T20:25:37","guid":{"rendered":"https:\/\/exaudi.org\/?p=73336"},"modified":"2023-03-31T13:38:25","modified_gmt":"2023-03-31T11:38:25","slug":"el-papa-mejora-podria-ser-dado-de-alta-en-los-proximos-dias","status":"publish","type":"post","link":"https:\/\/exaudi.org\/es\/el-papa-mejora-podria-ser-dado-de-alta-en-los-proximos-dias\/","title":{"rendered":"El Papa mejora, podr\u00eda ser dado de alta en los pr\u00f3ximos d\u00edas"},"content":{"rendered":"<audio class=\"wp-audio-shortcode\" id=\"audio-73336-1\" preload=\"none\" style=\"width: 100%;\" controls=\"controls\"><source type=\"audio\/mpeg\" src=\"https:\/\/exaudi.org\/wp-content\/uploads\/2023\/03\/El-Papa-mejora-podria-ser-dado-de-alta-en-los-pr.mp3?_=1\" \/><a href=\"https:\/\/exaudi.org\/wp-content\/uploads\/2023\/03\/El-Papa-mejora-podria-ser-dado-de-alta-en-los-pr.mp3\">https:\/\/exaudi.org\/wp-content\/uploads\/2023\/03\/El-Papa-mejora-podria-ser-dado-de-alta-en-los-pr.mp3<\/a><\/audio>\n<p>Mejora el estado de salud del Papa Francisco y podr\u00eda ser dado de alta en los pr\u00f3ximos d\u00edas, seg\u00fan indican los m\u00e9dicos que tratan al Santo Padre.<\/p>\n<p>\u201cEl Papa Francisco ha pasado la tarde en el <a href=\"https:\/\/www.policlinicogemelli.it\/\" target=\"_blank\" rel=\"noopener\">Gemelli<\/a> dedic\u00e1ndose al descanso, a la oraci\u00f3n y a algunas tareas de trabajo\u201d ha informado en la tarde de este jueves, 30 de marzo de 2023, el director de la Oficina de Prensa de la Santa Sede, Matteo Bruni.<\/p>\n<p>El comunicado de prensa del Vaticano aporta informaci\u00f3n del personal m\u00e9dico que sigue al Santo Padre en el hospital Gemelli de Roma: \u201cEn el marco de los controles cl\u00ednicos programados se le detect\u00f3 al Santo Padre una bronquitis de base infecciosa que requiri\u00f3 la suministraci\u00f3n de antibi\u00f3ticos en infusi\u00f3n que produjo los efectos esperados con una notable mejor\u00eda de su estado de salud. Seg\u00fan la evoluci\u00f3n prevista el Santo Padre podr\u00eda ser dado de alta en los pr\u00f3ximos d\u00edas\u201d.<\/p>\n<h2><strong>Ingreso por una infecci\u00f3n respiratoria<\/strong><\/h2>\n<p><a href=\"https:\/\/exaudi.org\/es\/el-papa-francisco-ingresado-en-el-hospital-gemelli\/\" target=\"_blank\" rel=\"noopener\">Ayer por la tarde<\/a>, el director de la Oficina de Prensa de la Santa Sede, comunic\u00f3 que en los \u00faltimos d\u00edas Francisco hab\u00eda presentado algunas dificultades respiratorias y que hab\u00eda acudido al Hospital Policl\u00ednico Gemelli para realizarse algunas pruebas m\u00e9dicas.<\/p>\n<p>El resultado de las mismas revel\u00f3 una infecci\u00f3n respiratoria, descart\u00e1ndose la infecci\u00f3n por COVID19, que requerir\u00e1 algunos d\u00edas de tratamiento m\u00e9dico hospitalario adecuado.<\/p>\n<h2><strong>Informe de esta ma\u00f1ana<\/strong><\/h2>\n<p>En la ma\u00f1ana de hoy, Bruni anunci\u00f3 en una nota que \u201cSu Santidad el Papa Francisco ha descansado bien durante la noche. El cuadro cl\u00ednico mejora progresivamente y contin\u00faa con los tratamientos programados\u201d.<\/p>\n<p>Asimismo, despu\u00e9s de desayunar, el Pont\u00edfice \u201cley\u00f3 algunos peri\u00f3dicos y reanud\u00f3 el trabajo\u201d. \u201cAntes del almuerzo se dirigi\u00f3 a la capilla de su piso privado, donde se recogi\u00f3 en oraci\u00f3n y recibi\u00f3 la Eucarist\u00eda\u201d.<\/p>\n<p>Sigamos rezando por la recuperaci\u00f3n del Sucesor de Pedro, esperando que en los pr\u00f3ximos d\u00edas pueda recibir el alta m\u00e9dica.<\/p>\n","protected":false},"excerpt":{"rendered":"<p>Ha pasado la tarde en el Gemelli dedic\u00e1ndose al descanso, a la oraci\u00f3n y a algunas tareas de trabajo<\/p>\n","protected":false},"author":15,"featured_media":73337,"comment_status":"closed","ping_status":"closed","sticky":false,"template":"","format":"standard","meta":{"_acf_changed":false,"_crdt_document":"","inline_featured_image":false,"footnotes":""},"categories":[68],"tags":[3203,8788,512,4953],"class_list":["post-73336","post","type-post","status-publish","format-standard","has-post-thumbnail","hentry","category-leon-xiv","tag-hospital-gemelli","tag-papa-franacisco","tag-salud","tag-trending-es"],"acf":[],"yoast_head":"<!-- This site is optimized with the Yoast SEO plugin v27.4 - https:\/\/yoast.com\/product\/yoast-seo-wordpress\/ -->\n<title>El Papa mejora, podr\u00eda ser dado de alta en los pr\u00f3ximos d\u00edas &#8211; Exaudi<\/title>\n<meta name=\"description\" content=\"Mejora el estado de salud del Papa Francisco y podr\u00eda ser dado de alta en los pr\u00f3ximos d\u00edas, indican los m\u00e9dicos que tratan al Santo Padre.\" \/>\n<meta name=\"robots\" content=\"index, follow, max-snippet:-1, max-image-preview:large, max-video-preview:-1\" \/>\n<link rel=\"canonical\" href=\"https:\/\/exaudi.org\/es\/el-papa-mejora-podria-ser-dado-de-alta-en-los-proximos-dias\/\" \/>\n<meta property=\"og:locale\" content=\"es_ES\" \/>\n<meta property=\"og:type\" content=\"article\" \/>\n<meta property=\"og:title\" content=\"El Papa mejora, podr\u00eda ser dado de alta en los pr\u00f3ximos d\u00edas &#8211; Exaudi\" \/>\n<meta property=\"og:description\" content=\"Mejora el estado de salud del Papa Francisco y podr\u00eda ser dado de alta en los pr\u00f3ximos d\u00edas, indican los m\u00e9dicos que tratan al Santo Padre.\" \/>\n<meta property=\"og:url\" content=\"https:\/\/exaudi.org\/es\/el-papa-mejora-podria-ser-dado-de-alta-en-los-proximos-dias\/\" \/>\n<meta property=\"og:site_name\" content=\"Exaudi\" \/>\n<meta property=\"article:publisher\" content=\"https:\/\/www.facebook.com\/ExaudiNews\" \/>\n<meta property=\"article:author\" content=\"https:\/\/www.facebook.com\/ExaudiNoticias\/\" \/>\n<meta property=\"article:published_time\" content=\"2023-03-30T20:25:37+00:00\" \/>\n<meta property=\"article:modified_time\" content=\"2023-03-31T11:38:25+00:00\" \/>\n<meta property=\"og:image\" content=\"https:\/\/exaudi.org\/wp-content\/uploads\/2023\/03\/Hospital-Policlinico-Gemelli-Roma.jpeg\" \/>\n\t<meta property=\"og:image:width\" content=\"1280\" \/>\n\t<meta property=\"og:image:height\" content=\"720\" \/>\n\t<meta property=\"og:image:type\" content=\"image\/jpeg\" \/>\n<meta name=\"author\" content=\"Exaudi Redacci\u00f3n\" \/>\n<meta name=\"twitter:card\" content=\"summary_large_image\" \/>\n<meta name=\"twitter:creator\" content=\"@Exaudi_noticias\" \/>\n<meta name=\"twitter:site\" content=\"@Exaudi_News\" \/>\n<meta name=\"twitter:label1\" content=\"Escrito por\" \/>\n\t<meta name=\"twitter:data1\" content=\"Exaudi Redacci\u00f3n\" \/>\n\t<meta name=\"twitter:label2\" content=\"Tiempo de lectura\" \/>\n\t<meta name=\"twitter:data2\" content=\"2 minutos\" \/>\n<script type=\"application\/ld+json\" class=\"yoast-schema-graph\">{\"@context\":\"https:\\\/\\\/schema.org\",\"@graph\":[{\"@type\":\"Article\",\"@id\":\"https:\\\/\\\/exaudi.org\\\/es\\\/el-papa-mejora-podria-ser-dado-de-alta-en-los-proximos-dias\\\/#article\",\"isPartOf\":{\"@id\":\"https:\\\/\\\/exaudi.org\\\/es\\\/el-papa-mejora-podria-ser-dado-de-alta-en-los-proximos-dias\\\/\"},\"author\":{\"name\":\"Exaudi Redacci\u00f3n\",\"@id\":\"https:\\\/\\\/exaudi.org\\\/#\\\/schema\\\/person\\\/f5fc8f063065e38742da7afe15f25df7\"},\"headline\":\"El Papa mejora, podr\u00eda ser dado de alta en los pr\u00f3ximos d\u00edas\",\"datePublished\":\"2023-03-30T20:25:37+00:00\",\"dateModified\":\"2023-03-31T11:38:25+00:00\",\"mainEntityOfPage\":{\"@id\":\"https:\\\/\\\/exaudi.org\\\/es\\\/el-papa-mejora-podria-ser-dado-de-alta-en-los-proximos-dias\\\/\"},\"wordCount\":379,\"image\":{\"@id\":\"https:\\\/\\\/exaudi.org\\\/es\\\/el-papa-mejora-podria-ser-dado-de-alta-en-los-proximos-dias\\\/#primaryimage\"},\"thumbnailUrl\":\"https:\\\/\\\/exaudi.org\\\/wp-content\\\/uploads\\\/2023\\\/03\\\/Hospital-Policlinico-Gemelli-Roma.jpeg\",\"keywords\":[\"Hospital Gemelli\",\"Papa Franacisco\",\"Salud\",\"Trending\"],\"articleSection\":[\"Le\u00f3n XIV\"],\"inLanguage\":\"es\"},{\"@type\":\"WebPage\",\"@id\":\"https:\\\/\\\/exaudi.org\\\/es\\\/el-papa-mejora-podria-ser-dado-de-alta-en-los-proximos-dias\\\/\",\"url\":\"https:\\\/\\\/exaudi.org\\\/es\\\/el-papa-mejora-podria-ser-dado-de-alta-en-los-proximos-dias\\\/\",\"name\":\"El Papa mejora, podr\u00eda ser dado de alta en los pr\u00f3ximos d\u00edas &#8211; Exaudi\",\"isPartOf\":{\"@id\":\"https:\\\/\\\/exaudi.org\\\/#website\"},\"primaryImageOfPage\":{\"@id\":\"https:\\\/\\\/exaudi.org\\\/es\\\/el-papa-mejora-podria-ser-dado-de-alta-en-los-proximos-dias\\\/#primaryimage\"},\"image\":{\"@id\":\"https:\\\/\\\/exaudi.org\\\/es\\\/el-papa-mejora-podria-ser-dado-de-alta-en-los-proximos-dias\\\/#primaryimage\"},\"thumbnailUrl\":\"https:\\\/\\\/exaudi.org\\\/wp-content\\\/uploads\\\/2023\\\/03\\\/Hospital-Policlinico-Gemelli-Roma.jpeg\",\"datePublished\":\"2023-03-30T20:25:37+00:00\",\"dateModified\":\"2023-03-31T11:38:25+00:00\",\"author\":{\"@id\":\"https:\\\/\\\/exaudi.org\\\/#\\\/schema\\\/person\\\/f5fc8f063065e38742da7afe15f25df7\"},\"description\":\"Mejora el estado de salud del Papa Francisco y podr\u00eda ser dado de alta en los pr\u00f3ximos d\u00edas, indican los m\u00e9dicos que tratan al Santo Padre.\",\"breadcrumb\":{\"@id\":\"https:\\\/\\\/exaudi.org\\\/es\\\/el-papa-mejora-podria-ser-dado-de-alta-en-los-proximos-dias\\\/#breadcrumb\"},\"inLanguage\":\"es\",\"potentialAction\":[{\"@type\":\"ReadAction\",\"target\":[\"https:\\\/\\\/exaudi.org\\\/es\\\/el-papa-mejora-podria-ser-dado-de-alta-en-los-proximos-dias\\\/\"]}]},{\"@type\":\"ImageObject\",\"inLanguage\":\"es\",\"@id\":\"https:\\\/\\\/exaudi.org\\\/es\\\/el-papa-mejora-podria-ser-dado-de-alta-en-los-proximos-dias\\\/#primaryimage\",\"url\":\"https:\\\/\\\/exaudi.org\\\/wp-content\\\/uploads\\\/2023\\\/03\\\/Hospital-Policlinico-Gemelli-Roma.jpeg\",\"contentUrl\":\"https:\\\/\\\/exaudi.org\\\/wp-content\\\/uploads\\\/2023\\\/03\\\/Hospital-Policlinico-Gemelli-Roma.jpeg\",\"width\":1280,\"height\":720,\"caption\":\"Hospital Policl\u00ednico Gemelli, Roma \u00a9 Vatican Media\"},{\"@type\":\"BreadcrumbList\",\"@id\":\"https:\\\/\\\/exaudi.org\\\/es\\\/el-papa-mejora-podria-ser-dado-de-alta-en-los-proximos-dias\\\/#breadcrumb\",\"itemListElement\":[{\"@type\":\"ListItem\",\"position\":1,\"name\":\"Portada\",\"item\":\"https:\\\/\\\/exaudi.org\\\/es\\\/\"},{\"@type\":\"ListItem\",\"position\":2,\"name\":\"El Papa mejora, podr\u00eda ser dado de alta en los pr\u00f3ximos d\u00edas\"}]},{\"@type\":\"WebSite\",\"@id\":\"https:\\\/\\\/exaudi.org\\\/#website\",\"url\":\"https:\\\/\\\/exaudi.org\\\/\",\"name\":\"Exaudi\",\"description\":\"News\",\"potentialAction\":[{\"@type\":\"SearchAction\",\"target\":{\"@type\":\"EntryPoint\",\"urlTemplate\":\"https:\\\/\\\/exaudi.org\\\/?s={search_term_string}\"},\"query-input\":{\"@type\":\"PropertyValueSpecification\",\"valueRequired\":true,\"valueName\":\"search_term_string\"}}],\"inLanguage\":\"es\"},{\"@type\":\"Person\",\"@id\":\"https:\\\/\\\/exaudi.org\\\/#\\\/schema\\\/person\\\/f5fc8f063065e38742da7afe15f25df7\",\"name\":\"Exaudi Redacci\u00f3n\",\"image\":{\"@type\":\"ImageObject\",\"inLanguage\":\"es\",\"@id\":\"https:\\\/\\\/secure.gravatar.com\\\/avatar\\\/fe0f6a059fb68d9b3e11bc5850dd4899b1c7492091a3cb6dd9b01b56ad828be2?s=96&d=mm&r=g\",\"url\":\"https:\\\/\\\/secure.gravatar.com\\\/avatar\\\/fe0f6a059fb68d9b3e11bc5850dd4899b1c7492091a3cb6dd9b01b56ad828be2?s=96&d=mm&r=g\",\"contentUrl\":\"https:\\\/\\\/secure.gravatar.com\\\/avatar\\\/fe0f6a059fb68d9b3e11bc5850dd4899b1c7492091a3cb6dd9b01b56ad828be2?s=96&d=mm&r=g\",\"caption\":\"Exaudi Redacci\u00f3n\"},\"description\":\"\u00bfQu\u00e9 es Exaudi News? Exaudi News es un medio de comunicaci\u00f3n cat\u00f3lico internacional que informa, forma y transforma, diariamente en espa\u00f1ol, ingl\u00e9s e italiano. A trav\u00e9s de noticias, art\u00edculos de an\u00e1lisis y transmisiones en directo de los eventos del Papa, Exaudi busca fortalecer la unidad de los cristianos y contribuir a la evangelizaci\u00f3n del mundo, siempre guiados por la doctrina social de la Iglesia. Trabajamos para acercar la verdad y los valores cristianos a cada rinc\u00f3n del planeta. \u00a1Ay\u00fadanos a transformar el mundo con Exaudi! En Exaudi creemos que la evangelizaci\u00f3n y la informaci\u00f3n de calidad pueden cambiar vidas. Para continuar con nuestra misi\u00f3n y expandir nuestro alcance, necesitamos tu ayuda. Adem\u00e1s, buscamos personas comprometidas que deseen unirse a nuestro equipo. Con tu apoyo, lograremos llegar a m\u00e1s personas, difundir el mensaje de Cristo y reforzar la unidad de los cristianos. \u00bfTe unes a nuestra misi\u00f3n? Para m\u00e1s informaci\u00f3n sobre c\u00f3mo colaborar, visita Exaudi.org\\\/es o cont\u00e1ctanos directamente: info@exaudi.org Exaudi: Informa, forma y transforma.\",\"sameAs\":[\"https:\\\/\\\/www.facebook.com\\\/ExaudiNoticias\\\/\",\"https:\\\/\\\/www.instagram.com\\\/exaudi_noticias\\\/\",\"https:\\\/\\\/x.com\\\/Exaudi_noticias\",\"https:\\\/\\\/www.youtube.com\\\/@exaudicatholicnews\"],\"url\":\"https:\\\/\\\/exaudi.org\\\/es\\\/author\\\/redaccionexaudi\\\/\"}]}<\/script>\n<!-- \/ Yoast SEO plugin. -->","yoast_head_json":{"title":"El Papa mejora, podr\u00eda ser dado de alta en los pr\u00f3ximos d\u00edas &#8211; Exaudi","description":"Mejora el estado de salud del Papa Francisco y podr\u00eda ser dado de alta en los pr\u00f3ximos d\u00edas, indican los m\u00e9dicos que tratan al Santo Padre.","robots":{"index":"index","follow":"follow","max-snippet":"max-snippet:-1","max-image-preview":"max-image-preview:large","max-video-preview":"max-video-preview:-1"},"canonical":"https:\/\/exaudi.org\/es\/el-papa-mejora-podria-ser-dado-de-alta-en-los-proximos-dias\/","og_locale":"es_ES","og_type":"article","og_title":"El Papa mejora, podr\u00eda ser dado de alta en los pr\u00f3ximos d\u00edas &#8211; Exaudi","og_description":"Mejora el estado de salud del Papa Francisco y podr\u00eda ser dado de alta en los pr\u00f3ximos d\u00edas, indican los m\u00e9dicos que tratan al Santo Padre.","og_url":"https:\/\/exaudi.org\/es\/el-papa-mejora-podria-ser-dado-de-alta-en-los-proximos-dias\/","og_site_name":"Exaudi","article_publisher":"https:\/\/www.facebook.com\/ExaudiNews","article_author":"https:\/\/www.facebook.com\/ExaudiNoticias\/","article_published_time":"2023-03-30T20:25:37+00:00","article_modified_time":"2023-03-31T11:38:25+00:00","og_image":[{"width":1280,"height":720,"url":"https:\/\/exaudi.org\/wp-content\/uploads\/2023\/03\/Hospital-Policlinico-Gemelli-Roma.jpeg","type":"image\/jpeg"}],"author":"Exaudi Redacci\u00f3n","twitter_card":"summary_large_image","twitter_creator":"@Exaudi_noticias","twitter_site":"@Exaudi_News","twitter_misc":{"Escrito por":"Exaudi Redacci\u00f3n","Tiempo de lectura":"2 minutos"},"schema":{"@context":"https:\/\/schema.org","@graph":[{"@type":"Article","@id":"https:\/\/exaudi.org\/es\/el-papa-mejora-podria-ser-dado-de-alta-en-los-proximos-dias\/#article","isPartOf":{"@id":"https:\/\/exaudi.org\/es\/el-papa-mejora-podria-ser-dado-de-alta-en-los-proximos-dias\/"},"author":{"name":"Exaudi Redacci\u00f3n","@id":"https:\/\/exaudi.org\/#\/schema\/person\/f5fc8f063065e38742da7afe15f25df7"},"headline":"El Papa mejora, podr\u00eda ser dado de alta en los pr\u00f3ximos d\u00edas","datePublished":"2023-03-30T20:25:37+00:00","dateModified":"2023-03-31T11:38:25+00:00","mainEntityOfPage":{"@id":"https:\/\/exaudi.org\/es\/el-papa-mejora-podria-ser-dado-de-alta-en-los-proximos-dias\/"},"wordCount":379,"image":{"@id":"https:\/\/exaudi.org\/es\/el-papa-mejora-podria-ser-dado-de-alta-en-los-proximos-dias\/#primaryimage"},"thumbnailUrl":"https:\/\/exaudi.org\/wp-content\/uploads\/2023\/03\/Hospital-Policlinico-Gemelli-Roma.jpeg","keywords":["Hospital Gemelli","Papa Franacisco","Salud","Trending"],"articleSection":["Le\u00f3n XIV"],"inLanguage":"es"},{"@type":"WebPage","@id":"https:\/\/exaudi.org\/es\/el-papa-mejora-podria-ser-dado-de-alta-en-los-proximos-dias\/","url":"https:\/\/exaudi.org\/es\/el-papa-mejora-podria-ser-dado-de-alta-en-los-proximos-dias\/","name":"El Papa mejora, podr\u00eda ser dado de alta en los pr\u00f3ximos d\u00edas &#8211; Exaudi","isPartOf":{"@id":"https:\/\/exaudi.org\/#website"},"primaryImageOfPage":{"@id":"https:\/\/exaudi.org\/es\/el-papa-mejora-podria-ser-dado-de-alta-en-los-proximos-dias\/#primaryimage"},"image":{"@id":"https:\/\/exaudi.org\/es\/el-papa-mejora-podria-ser-dado-de-alta-en-los-proximos-dias\/#primaryimage"},"thumbnailUrl":"https:\/\/exaudi.org\/wp-content\/uploads\/2023\/03\/Hospital-Policlinico-Gemelli-Roma.jpeg","datePublished":"2023-03-30T20:25:37+00:00","dateModified":"2023-03-31T11:38:25+00:00","author":{"@id":"https:\/\/exaudi.org\/#\/schema\/person\/f5fc8f063065e38742da7afe15f25df7"},"description":"Mejora el estado de salud del Papa Francisco y podr\u00eda ser dado de alta en los pr\u00f3ximos d\u00edas, indican los m\u00e9dicos que tratan al Santo Padre.","breadcrumb":{"@id":"https:\/\/exaudi.org\/es\/el-papa-mejora-podria-ser-dado-de-alta-en-los-proximos-dias\/#breadcrumb"},"inLanguage":"es","potentialAction":[{"@type":"ReadAction","target":["https:\/\/exaudi.org\/es\/el-papa-mejora-podria-ser-dado-de-alta-en-los-proximos-dias\/"]}]},{"@type":"ImageObject","inLanguage":"es","@id":"https:\/\/exaudi.org\/es\/el-papa-mejora-podria-ser-dado-de-alta-en-los-proximos-dias\/#primaryimage","url":"https:\/\/exaudi.org\/wp-content\/uploads\/2023\/03\/Hospital-Policlinico-Gemelli-Roma.jpeg","contentUrl":"https:\/\/exaudi.org\/wp-content\/uploads\/2023\/03\/Hospital-Policlinico-Gemelli-Roma.jpeg","width":1280,"height":720,"caption":"Hospital Policl\u00ednico Gemelli, Roma \u00a9 Vatican Media"},{"@type":"BreadcrumbList","@id":"https:\/\/exaudi.org\/es\/el-papa-mejora-podria-ser-dado-de-alta-en-los-proximos-dias\/#breadcrumb","itemListElement":[{"@type":"ListItem","position":1,"name":"Portada","item":"https:\/\/exaudi.org\/es\/"},{"@type":"ListItem","position":2,"name":"El Papa mejora, podr\u00eda ser dado de alta en los pr\u00f3ximos d\u00edas"}]},{"@type":"WebSite","@id":"https:\/\/exaudi.org\/#website","url":"https:\/\/exaudi.org\/","name":"Exaudi","description":"News","potentialAction":[{"@type":"SearchAction","target":{"@type":"EntryPoint","urlTemplate":"https:\/\/exaudi.org\/?s={search_term_string}"},"query-input":{"@type":"PropertyValueSpecification","valueRequired":true,"valueName":"search_term_string"}}],"inLanguage":"es"},{"@type":"Person","@id":"https:\/\/exaudi.org\/#\/schema\/person\/f5fc8f063065e38742da7afe15f25df7","name":"Exaudi Redacci\u00f3n","image":{"@type":"ImageObject","inLanguage":"es","@id":"https:\/\/secure.gravatar.com\/avatar\/fe0f6a059fb68d9b3e11bc5850dd4899b1c7492091a3cb6dd9b01b56ad828be2?s=96&d=mm&r=g","url":"https:\/\/secure.gravatar.com\/avatar\/fe0f6a059fb68d9b3e11bc5850dd4899b1c7492091a3cb6dd9b01b56ad828be2?s=96&d=mm&r=g","contentUrl":"https:\/\/secure.gravatar.com\/avatar\/fe0f6a059fb68d9b3e11bc5850dd4899b1c7492091a3cb6dd9b01b56ad828be2?s=96&d=mm&r=g","caption":"Exaudi Redacci\u00f3n"},"description":"\u00bfQu\u00e9 es Exaudi News? Exaudi News es un medio de comunicaci\u00f3n cat\u00f3lico internacional que informa, forma y transforma, diariamente en espa\u00f1ol, ingl\u00e9s e italiano. A trav\u00e9s de noticias, art\u00edculos de an\u00e1lisis y transmisiones en directo de los eventos del Papa, Exaudi busca fortalecer la unidad de los cristianos y contribuir a la evangelizaci\u00f3n del mundo, siempre guiados por la doctrina social de la Iglesia. Trabajamos para acercar la verdad y los valores cristianos a cada rinc\u00f3n del planeta. \u00a1Ay\u00fadanos a transformar el mundo con Exaudi! En Exaudi creemos que la evangelizaci\u00f3n y la informaci\u00f3n de calidad pueden cambiar vidas. Para continuar con nuestra misi\u00f3n y expandir nuestro alcance, necesitamos tu ayuda. Adem\u00e1s, buscamos personas comprometidas que deseen unirse a nuestro equipo. Con tu apoyo, lograremos llegar a m\u00e1s personas, difundir el mensaje de Cristo y reforzar la unidad de los cristianos. \u00bfTe unes a nuestra misi\u00f3n? Para m\u00e1s informaci\u00f3n sobre c\u00f3mo colaborar, visita Exaudi.org\/es o cont\u00e1ctanos directamente: info@exaudi.org Exaudi: Informa, forma y transforma.","sameAs":["https:\/\/www.facebook.com\/ExaudiNoticias\/","https:\/\/www.instagram.com\/exaudi_noticias\/","https:\/\/x.com\/Exaudi_noticias","https:\/\/www.youtube.com\/@exaudicatholicnews"],"url":"https:\/\/exaudi.org\/es\/author\/redaccionexaudi\/"}]}},"jetpack_featured_media_url":"https:\/\/exaudi.org\/wp-content\/uploads\/2023\/03\/Hospital-Policlinico-Gemelli-Roma.jpeg","jetpack_shortlink":"https:\/\/wp.me\/pgKjF2-j4Q","_links":{"self":[{"href":"https:\/\/exaudi.org\/es\/wp-json\/wp\/v2\/posts\/73336","targetHints":{"allow":["GET"]}}],"collection":[{"href":"https:\/\/exaudi.org\/es\/wp-json\/wp\/v2\/posts"}],"about":[{"href":"https:\/\/exaudi.org\/es\/wp-json\/wp\/v2\/types\/post"}],"author":[{"embeddable":true,"href":"https:\/\/exaudi.org\/es\/wp-json\/wp\/v2\/users\/15"}],"replies":[{"embeddable":true,"href":"https:\/\/exaudi.org\/es\/wp-json\/wp\/v2\/comments?post=73336"}],"version-history":[{"count":0,"href":"https:\/\/exaudi.org\/es\/wp-json\/wp\/v2\/posts\/73336\/revisions"}],"wp:featuredmedia":[{"embeddable":true,"href":"https:\/\/exaudi.org\/es\/wp-json\/wp\/v2\/media\/73337"}],"wp:attachment":[{"href":"https:\/\/exaudi.org\/es\/wp-json\/wp\/v2\/media?parent=73336"}],"wp:term":[{"taxonomy":"category","embeddable":true,"href":"https:\/\/exaudi.org\/es\/wp-json\/wp\/v2\/categories?post=73336"},{"taxonomy":"post_tag","embeddable":true,"href":"https:\/\/exaudi.org\/es\/wp-json\/wp\/v2\/tags?post=73336"}],"curies":[{"name":"wp","href":"https:\/\/api.w.org\/{rel}","templated":true}]}}