{"id":73286,"date":"2023-03-30T16:10:47","date_gmt":"2023-03-30T14:10:47","guid":{"rendered":"https:\/\/exaudi.org\/?p=73286"},"modified":"2023-03-30T16:44:24","modified_gmt":"2023-03-30T14:44:24","slug":"no-a-la-violencia-no-a-la-guerra-no-a-las-armas-el-papa-francisco-clama-por-una-cultura-de-paz","status":"publish","type":"post","link":"https:\/\/exaudi.org\/es\/no-a-la-violencia-no-a-la-guerra-no-a-las-armas-el-papa-francisco-clama-por-una-cultura-de-paz\/","title":{"rendered":"No a la violencia, no a la guerra, no a las armas: el Papa Francisco clama por una cultura de paz"},"content":{"rendered":"<audio class=\"wp-audio-shortcode\" id=\"audio-73286-1\" preload=\"none\" style=\"width: 100%;\" controls=\"controls\"><source type=\"audio\/mpeg\" src=\"https:\/\/exaudi.org\/wp-content\/uploads\/2023\/03\/Por-una-cultura-de-la-no-violencia-\u2013-El-Video-del-Papa-4-\u2013-Abril-2023-128-kbps.mp3?_=1\" \/><a href=\"https:\/\/exaudi.org\/wp-content\/uploads\/2023\/03\/Por-una-cultura-de-la-no-violencia-\u2013-El-Video-del-Papa-4-\u2013-Abril-2023-128-kbps.mp3\">https:\/\/exaudi.org\/wp-content\/uploads\/2023\/03\/Por-una-cultura-de-la-no-violencia-\u2013-El-Video-del-Papa-4-\u2013-Abril-2023-128-kbps.mp3<\/a><\/audio>\n<p>\u201cDesarrollemos una cultura de la paz. Cultura de la paz\u201d, pide con fuerza el\u00a0Papa Francisco.\u00a0Este es el llamado que hace\u00a0<a href=\"https:\/\/thepopevideo.org\/?lang=es\" target=\"_blank\" rel=\"noopener\">El Video del Papa<\/a>\u00a0de abril con la nueva intenci\u00f3n de oraci\u00f3n que conf\u00eda a toda la\u00a0Iglesia Cat\u00f3lica, a trav\u00e9s de la\u00a0<a href=\"https:\/\/www.popesprayer.va\/es\/\" target=\"_blank\" rel=\"noopener\">Red Mundial de Oraci\u00f3n del Papa<\/a>.<\/p>\n<p>El pr\u00f3ximo 11 de abril se cumplen 60 a\u00f1os de la publicaci\u00f3n de la enc\u00edclica\u00a0Pacem in terris\u00a0escrita por el\u00a0Papa Juan XXIII\u00a0y que lleva como subt\u00edtulo \u201cSobre la paz entre todos los pueblos que ha de fundarse en la verdad, la justicia, el amor y la libertad\u201d. En su video de este mes,\u00a0Francisco\u00a0renueva este mensaje con fuerza, destacando \u201cque la guerra es una locura, est\u00e1 m\u00e1s all\u00e1 de la raz\u00f3n\u201d.<\/p>\n<p>Aquella frase de hace sesenta a\u00f1os, citada por\u00a0Francisco\u00a0en el mensaje que acompa\u00f1aba su intenci\u00f3n de oraci\u00f3n, est\u00e1 m\u00e1s vigente que nunca, como lo est\u00e1n los testimonios dejados por algunas de las personas que plantaron semillas de paz en el siglo pasado: san Juan XXIII, por supuesto, pero tambi\u00e9n Mahatma Gandhi, Martin Luther King, santa Teresa de Calcuta. En el Video del Papa de este mes, sus retratos en blanco y negro aparecen en medio de las escenas de destrucci\u00f3n causadas por la violencia actual: desde la guerra de Ucrania a las de Oriente Medio, pasando por los enfrentamientos y tiroteos incluso en los pa\u00edses m\u00e1s ricos, como Estados Unidos. Aunque no han faltado testigos, en definitiva, el mundo a\u00fan no ha aprendido la lecci\u00f3n fundamental: que \u00abcualquier guerra, cualquier enfrentamiento armado, acaba siendo una derrota para todos\u00bb.<\/p>\n<p><strong>La paz es el objetivo<\/strong><\/p>\n<p>En un art\u00edculo que Amnist\u00eda Internacional public\u00f3 sobre datos y estad\u00edsticas del uso de armas entre 2012 y 2016, se revela una muestra de lo que resulta de una cultura de violencia: por ejemplo, m\u00e1s de 500 personas mueren cada d\u00eda por la violencia armada y un promedio de 2000 resultan heridas; adem\u00e1s, el 44 % de los homicidios en el mundo se cometen con armas de fuego. Esto se relaciona directamente con la industria de las armas: 8 millones de armas port\u00e1tiles son producidas cada a\u00f1o, junto a 15,000 millones de cartuchos de munici\u00f3n. Y en lo que respecta al conflicto armado,\u00a0Acci\u00f3n contra la violencia armada\u00a0(Action on Armed Violence, AOAV) adelant\u00f3 que el panorama del 2023 no parece ser alentador: los nuevos enfrentamientos, en particular la invasi\u00f3n rusa a Ucrania y los estallidos en Asia, se sumaron a los conflictos y luchas armadas en curso en el Cuerno de \u00c1frica y Oriente Medio, entre otros.<\/p>\n<p>El \u00fanico camino posible para frenar esta embestida es buscar y poner en marcha, en el \u00e1mbito local e internacional, v\u00edas de di\u00e1logo real y asumir \u201cla no violencia\u201d como \u201cuna gu\u00eda para nuestra actuaci\u00f3n\u201d. Este mensaje se hace eco de lo que adelant\u00f3 el\u00a0Papa Juan XXIII\u00a0hace 60 a\u00f1os: \u201cLa violencia jam\u00e1s ha hecho otra cosa que destruir, no edificar; encender las pasiones, no calmarlas; acumular odio y escombros, no hacer fraternizar a los contendientes, y ha precipitado a los hombres y a los partidos a la dura necesidad de reconstruir lentamente, despu\u00e9s de pruebas dolorosas, sobre los destrozos de la discordia\u201d.<\/p>\n<p><strong>Paz sin armas<\/strong><\/p>\n<p>En un momento de la historia marcado por el conflicto en Ucrania, que ha implicado a un gran n\u00famero de pa\u00edses en el \u00faltimo a\u00f1o, Francisco recuerda que, incluso en los casos de leg\u00edtima defensa, el objetivo final debe ser siempre la paz: incluso cuando esta paz, como hoy, parece lejana. Pero \u00abuna paz duradera -a\u00f1ade- s\u00f3lo puede ser una paz sin armas\u00bb, y por eso insiste en el tema que le es muy querido del desarme a todos los niveles, incluso dentro de la sociedad: \u00abla cultura de la no violencia -concluye de hecho, en su intenci\u00f3n de oraci\u00f3n- pasa por un recurso cada vez menor a las armas, tanto por parte de los Estados como de los ciudadanos\u00bb.<\/p>\n<p>El\u00a0P. Fr\u00e9d\u00e9ric Fornos S.J., Director Internacional de la\u00a0<a href=\"https:\/\/www.popesprayer.va\/es\/\" target=\"_blank\" rel=\"noopener\">Red Mundial de Oraci\u00f3n del Papa<\/a>, coment\u00f3: \u201cFrente a la violencia de nuestro tiempo Francisco propone todo un mes para orar \u2018por una mayor difusi\u00f3n de una cultura de la no violencia\u2019. La paz entre los pueblos comienza, de hecho, en lo m\u00e1s concreto e \u00edntimo del coraz\u00f3n, cuando encuentro al otro en la calle, su rostro, su mirada, sobre todo el que viene de otra parte, el que no habla como yo y no tiene la misma cultura, el que es extra\u00f1o en sus actitudes y al que se llama \u2018extranjero\u2019. La guerra y el conflicto comienzan aqu\u00ed y ahora, en nuestros corazones, cada vez que permitimos que la violencia sustituya a la justicia y al perd\u00f3n. El Evangelio nos muestra que la vida de Jes\u00fas revela el verdadero camino de la paz y nos invita a seguirlo. Es en este esp\u00edritu que estamos llamados a \u2018desarmarnos\u2019, en el sentido de \u2018desarmar\u2019 nuestras palabras, nuestras acciones, nuestro odio. Oremos pues, como nos invita\u00a0Francisco\u00a0para que \u2018hagamos de la no violencia, tanto en la vida cotidiana como en las relaciones internacionales, una gu\u00eda para nuestra actuaci\u00f3n\u2019\u201d.<\/p>\n<p><iframe loading=\"lazy\" title=\"Por una cultura de la no violencia \u2013 El Video del Papa 4 \u2013 Abril 2023\" width=\"500\" height=\"281\" src=\"https:\/\/www.youtube.com\/embed\/OGrKuKSowcQ?feature=oembed\" frameborder=\"0\" allow=\"accelerometer; autoplay; clipboard-write; encrypted-media; gyroscope; picture-in-picture; web-share\" referrerpolicy=\"strict-origin-when-cross-origin\" allowfullscreen><\/iframe><\/p>\n<p><img loading=\"lazy\" decoding=\"async\" class=\"alignleft size-full wp-image-73288\" src=\"https:\/\/exaudi.org\/wp-content\/uploads\/2023\/03\/unnamed-2-scaled.jpg\" alt=\"\" width=\"563\" height=\"2560\" srcset=\"https:\/\/exaudi.org\/wp-content\/uploads\/2023\/03\/unnamed-2-scaled.jpg 563w, https:\/\/exaudi.org\/wp-content\/uploads\/2023\/03\/unnamed-2-66x300.jpg 66w, https:\/\/exaudi.org\/wp-content\/uploads\/2023\/03\/unnamed-2-225x1024.jpg 225w, https:\/\/exaudi.org\/wp-content\/uploads\/2023\/03\/unnamed-2-338x1536.jpg 338w, https:\/\/exaudi.org\/wp-content\/uploads\/2023\/03\/unnamed-2-293x1331.jpg 293w, https:\/\/exaudi.org\/wp-content\/uploads\/2023\/03\/unnamed-2-390x1772.jpg 390w\" sizes=\"auto, (max-width: 563px) 100vw, 563px\" \/><\/p>\n","protected":false},"excerpt":{"rendered":"<p>El Video del Papa de abril\ud83d\ude4f<\/p>\n","protected":false},"author":15,"featured_media":6377,"comment_status":"closed","ping_status":"closed","sticky":false,"template":"","format":"standard","meta":{"_acf_changed":false,"_crdt_document":"","inline_featured_image":false,"footnotes":""},"categories":[68],"tags":[1519,3834,8527,158,4953,236,725],"class_list":["post-73286","post","type-post","status-publish","format-standard","has-post-thumbnail","hentry","category-leon-xiv","tag-armas","tag-guerra-es","tag-intencion-mensual","tag-papa-francisco","tag-trending-es","tag-video-del-papa","tag-violencia"],"acf":[],"yoast_head":"<!-- This site is optimized with the Yoast SEO plugin v27.4 - https:\/\/yoast.com\/product\/yoast-seo-wordpress\/ -->\n<title>No a la violencia, no a la guerra, no a las armas: el Papa Francisco clama por una cultura de paz &#8211; Exaudi<\/title>\n<meta name=\"robots\" content=\"index, follow, max-snippet:-1, max-image-preview:large, max-video-preview:-1\" \/>\n<link rel=\"canonical\" href=\"https:\/\/exaudi.org\/es\/no-a-la-violencia-no-a-la-guerra-no-a-las-armas-el-papa-francisco-clama-por-una-cultura-de-paz\/\" \/>\n<meta property=\"og:locale\" content=\"es_ES\" \/>\n<meta property=\"og:type\" content=\"article\" \/>\n<meta property=\"og:title\" content=\"No a la violencia, no a la guerra, no a las armas: el Papa Francisco clama por una cultura de paz &#8211; Exaudi\" \/>\n<meta property=\"og:description\" content=\"El Video del Papa de abril\ud83d\ude4f\" \/>\n<meta property=\"og:url\" content=\"https:\/\/exaudi.org\/es\/no-a-la-violencia-no-a-la-guerra-no-a-las-armas-el-papa-francisco-clama-por-una-cultura-de-paz\/\" \/>\n<meta property=\"og:site_name\" content=\"Exaudi\" \/>\n<meta property=\"article:publisher\" content=\"https:\/\/www.facebook.com\/ExaudiNews\" \/>\n<meta property=\"article:author\" content=\"https:\/\/www.facebook.com\/ExaudiNoticias\/\" \/>\n<meta property=\"article:published_time\" content=\"2023-03-30T14:10:47+00:00\" \/>\n<meta property=\"article:modified_time\" content=\"2023-03-30T14:44:24+00:00\" \/>\n<meta property=\"og:image\" content=\"https:\/\/exaudi.org\/wp-content\/uploads\/2021\/03\/DSC7432.jpg\" \/>\n\t<meta property=\"og:image:width\" content=\"2301\" \/>\n\t<meta property=\"og:image:height\" content=\"1531\" \/>\n\t<meta property=\"og:image:type\" content=\"image\/jpeg\" \/>\n<meta name=\"author\" content=\"Exaudi Redacci\u00f3n\" \/>\n<meta name=\"twitter:card\" content=\"summary_large_image\" \/>\n<meta name=\"twitter:creator\" content=\"@Exaudi_noticias\" \/>\n<meta name=\"twitter:site\" content=\"@Exaudi_News\" \/>\n<meta name=\"twitter:label1\" content=\"Escrito por\" \/>\n\t<meta name=\"twitter:data1\" content=\"Exaudi Redacci\u00f3n\" \/>\n\t<meta name=\"twitter:label2\" content=\"Tiempo de lectura\" \/>\n\t<meta name=\"twitter:data2\" content=\"5 minutos\" \/>\n<script type=\"application\/ld+json\" class=\"yoast-schema-graph\">{\"@context\":\"https:\\\/\\\/schema.org\",\"@graph\":[{\"@type\":\"Article\",\"@id\":\"https:\\\/\\\/exaudi.org\\\/es\\\/no-a-la-violencia-no-a-la-guerra-no-a-las-armas-el-papa-francisco-clama-por-una-cultura-de-paz\\\/#article\",\"isPartOf\":{\"@id\":\"https:\\\/\\\/exaudi.org\\\/es\\\/no-a-la-violencia-no-a-la-guerra-no-a-las-armas-el-papa-francisco-clama-por-una-cultura-de-paz\\\/\"},\"author\":{\"name\":\"Exaudi Redacci\u00f3n\",\"@id\":\"https:\\\/\\\/exaudi.org\\\/#\\\/schema\\\/person\\\/f5fc8f063065e38742da7afe15f25df7\"},\"headline\":\"No a la violencia, no a la guerra, no a las armas: el Papa Francisco clama por una cultura de paz\",\"datePublished\":\"2023-03-30T14:10:47+00:00\",\"dateModified\":\"2023-03-30T14:44:24+00:00\",\"mainEntityOfPage\":{\"@id\":\"https:\\\/\\\/exaudi.org\\\/es\\\/no-a-la-violencia-no-a-la-guerra-no-a-las-armas-el-papa-francisco-clama-por-una-cultura-de-paz\\\/\"},\"wordCount\":943,\"image\":{\"@id\":\"https:\\\/\\\/exaudi.org\\\/es\\\/no-a-la-violencia-no-a-la-guerra-no-a-las-armas-el-papa-francisco-clama-por-una-cultura-de-paz\\\/#primaryimage\"},\"thumbnailUrl\":\"https:\\\/\\\/exaudi.org\\\/wp-content\\\/uploads\\\/2021\\\/03\\\/DSC7432.jpg\",\"keywords\":[\"Armas\",\"guerra\",\"Intenci\u00f3n Mensual\",\"papa francisco\",\"Trending\",\"v\u00eddeo del papa\",\"violencia\"],\"articleSection\":[\"Le\u00f3n XIV\"],\"inLanguage\":\"es\"},{\"@type\":\"WebPage\",\"@id\":\"https:\\\/\\\/exaudi.org\\\/es\\\/no-a-la-violencia-no-a-la-guerra-no-a-las-armas-el-papa-francisco-clama-por-una-cultura-de-paz\\\/\",\"url\":\"https:\\\/\\\/exaudi.org\\\/es\\\/no-a-la-violencia-no-a-la-guerra-no-a-las-armas-el-papa-francisco-clama-por-una-cultura-de-paz\\\/\",\"name\":\"No a la violencia, no a la guerra, no a las armas: el Papa Francisco clama por una cultura de paz &#8211; Exaudi\",\"isPartOf\":{\"@id\":\"https:\\\/\\\/exaudi.org\\\/#website\"},\"primaryImageOfPage\":{\"@id\":\"https:\\\/\\\/exaudi.org\\\/es\\\/no-a-la-violencia-no-a-la-guerra-no-a-las-armas-el-papa-francisco-clama-por-una-cultura-de-paz\\\/#primaryimage\"},\"image\":{\"@id\":\"https:\\\/\\\/exaudi.org\\\/es\\\/no-a-la-violencia-no-a-la-guerra-no-a-las-armas-el-papa-francisco-clama-por-una-cultura-de-paz\\\/#primaryimage\"},\"thumbnailUrl\":\"https:\\\/\\\/exaudi.org\\\/wp-content\\\/uploads\\\/2021\\\/03\\\/DSC7432.jpg\",\"datePublished\":\"2023-03-30T14:10:47+00:00\",\"dateModified\":\"2023-03-30T14:44:24+00:00\",\"author\":{\"@id\":\"https:\\\/\\\/exaudi.org\\\/#\\\/schema\\\/person\\\/f5fc8f063065e38742da7afe15f25df7\"},\"breadcrumb\":{\"@id\":\"https:\\\/\\\/exaudi.org\\\/es\\\/no-a-la-violencia-no-a-la-guerra-no-a-las-armas-el-papa-francisco-clama-por-una-cultura-de-paz\\\/#breadcrumb\"},\"inLanguage\":\"es\",\"potentialAction\":[{\"@type\":\"ReadAction\",\"target\":[\"https:\\\/\\\/exaudi.org\\\/es\\\/no-a-la-violencia-no-a-la-guerra-no-a-las-armas-el-papa-francisco-clama-por-una-cultura-de-paz\\\/\"]}]},{\"@type\":\"ImageObject\",\"inLanguage\":\"es\",\"@id\":\"https:\\\/\\\/exaudi.org\\\/es\\\/no-a-la-violencia-no-a-la-guerra-no-a-las-armas-el-papa-francisco-clama-por-una-cultura-de-paz\\\/#primaryimage\",\"url\":\"https:\\\/\\\/exaudi.org\\\/wp-content\\\/uploads\\\/2021\\\/03\\\/DSC7432.jpg\",\"contentUrl\":\"https:\\\/\\\/exaudi.org\\\/wp-content\\\/uploads\\\/2021\\\/03\\\/DSC7432.jpg\",\"width\":2301,\"height\":1531,\"caption\":\"Audiencia General 17 marzo 2021 \u00a9 Vatican Media\"},{\"@type\":\"BreadcrumbList\",\"@id\":\"https:\\\/\\\/exaudi.org\\\/es\\\/no-a-la-violencia-no-a-la-guerra-no-a-las-armas-el-papa-francisco-clama-por-una-cultura-de-paz\\\/#breadcrumb\",\"itemListElement\":[{\"@type\":\"ListItem\",\"position\":1,\"name\":\"Portada\",\"item\":\"https:\\\/\\\/exaudi.org\\\/es\\\/\"},{\"@type\":\"ListItem\",\"position\":2,\"name\":\"No a la violencia, no a la guerra, no a las armas: el Papa Francisco clama por una cultura de paz\"}]},{\"@type\":\"WebSite\",\"@id\":\"https:\\\/\\\/exaudi.org\\\/#website\",\"url\":\"https:\\\/\\\/exaudi.org\\\/\",\"name\":\"Exaudi\",\"description\":\"News\",\"potentialAction\":[{\"@type\":\"SearchAction\",\"target\":{\"@type\":\"EntryPoint\",\"urlTemplate\":\"https:\\\/\\\/exaudi.org\\\/?s={search_term_string}\"},\"query-input\":{\"@type\":\"PropertyValueSpecification\",\"valueRequired\":true,\"valueName\":\"search_term_string\"}}],\"inLanguage\":\"es\"},{\"@type\":\"Person\",\"@id\":\"https:\\\/\\\/exaudi.org\\\/#\\\/schema\\\/person\\\/f5fc8f063065e38742da7afe15f25df7\",\"name\":\"Exaudi Redacci\u00f3n\",\"image\":{\"@type\":\"ImageObject\",\"inLanguage\":\"es\",\"@id\":\"https:\\\/\\\/secure.gravatar.com\\\/avatar\\\/fe0f6a059fb68d9b3e11bc5850dd4899b1c7492091a3cb6dd9b01b56ad828be2?s=96&d=mm&r=g\",\"url\":\"https:\\\/\\\/secure.gravatar.com\\\/avatar\\\/fe0f6a059fb68d9b3e11bc5850dd4899b1c7492091a3cb6dd9b01b56ad828be2?s=96&d=mm&r=g\",\"contentUrl\":\"https:\\\/\\\/secure.gravatar.com\\\/avatar\\\/fe0f6a059fb68d9b3e11bc5850dd4899b1c7492091a3cb6dd9b01b56ad828be2?s=96&d=mm&r=g\",\"caption\":\"Exaudi Redacci\u00f3n\"},\"description\":\"\u00bfQu\u00e9 es Exaudi News? Exaudi News es un medio de comunicaci\u00f3n cat\u00f3lico internacional que informa, forma y transforma, diariamente en espa\u00f1ol, ingl\u00e9s e italiano. A trav\u00e9s de noticias, art\u00edculos de an\u00e1lisis y transmisiones en directo de los eventos del Papa, Exaudi busca fortalecer la unidad de los cristianos y contribuir a la evangelizaci\u00f3n del mundo, siempre guiados por la doctrina social de la Iglesia. Trabajamos para acercar la verdad y los valores cristianos a cada rinc\u00f3n del planeta. \u00a1Ay\u00fadanos a transformar el mundo con Exaudi! En Exaudi creemos que la evangelizaci\u00f3n y la informaci\u00f3n de calidad pueden cambiar vidas. Para continuar con nuestra misi\u00f3n y expandir nuestro alcance, necesitamos tu ayuda. Adem\u00e1s, buscamos personas comprometidas que deseen unirse a nuestro equipo. Con tu apoyo, lograremos llegar a m\u00e1s personas, difundir el mensaje de Cristo y reforzar la unidad de los cristianos. \u00bfTe unes a nuestra misi\u00f3n? Para m\u00e1s informaci\u00f3n sobre c\u00f3mo colaborar, visita Exaudi.org\\\/es o cont\u00e1ctanos directamente: info@exaudi.org Exaudi: Informa, forma y transforma.\",\"sameAs\":[\"https:\\\/\\\/www.facebook.com\\\/ExaudiNoticias\\\/\",\"https:\\\/\\\/www.instagram.com\\\/exaudi_noticias\\\/\",\"https:\\\/\\\/x.com\\\/Exaudi_noticias\",\"https:\\\/\\\/www.youtube.com\\\/@exaudicatholicnews\"],\"url\":\"https:\\\/\\\/exaudi.org\\\/es\\\/author\\\/redaccionexaudi\\\/\"}]}<\/script>\n<!-- \/ Yoast SEO plugin. -->","yoast_head_json":{"title":"No a la violencia, no a la guerra, no a las armas: el Papa Francisco clama por una cultura de paz &#8211; Exaudi","robots":{"index":"index","follow":"follow","max-snippet":"max-snippet:-1","max-image-preview":"max-image-preview:large","max-video-preview":"max-video-preview:-1"},"canonical":"https:\/\/exaudi.org\/es\/no-a-la-violencia-no-a-la-guerra-no-a-las-armas-el-papa-francisco-clama-por-una-cultura-de-paz\/","og_locale":"es_ES","og_type":"article","og_title":"No a la violencia, no a la guerra, no a las armas: el Papa Francisco clama por una cultura de paz &#8211; Exaudi","og_description":"El Video del Papa de abril\ud83d\ude4f","og_url":"https:\/\/exaudi.org\/es\/no-a-la-violencia-no-a-la-guerra-no-a-las-armas-el-papa-francisco-clama-por-una-cultura-de-paz\/","og_site_name":"Exaudi","article_publisher":"https:\/\/www.facebook.com\/ExaudiNews","article_author":"https:\/\/www.facebook.com\/ExaudiNoticias\/","article_published_time":"2023-03-30T14:10:47+00:00","article_modified_time":"2023-03-30T14:44:24+00:00","og_image":[{"width":2301,"height":1531,"url":"https:\/\/exaudi.org\/wp-content\/uploads\/2021\/03\/DSC7432.jpg","type":"image\/jpeg"}],"author":"Exaudi Redacci\u00f3n","twitter_card":"summary_large_image","twitter_creator":"@Exaudi_noticias","twitter_site":"@Exaudi_News","twitter_misc":{"Escrito por":"Exaudi Redacci\u00f3n","Tiempo de lectura":"5 minutos"},"schema":{"@context":"https:\/\/schema.org","@graph":[{"@type":"Article","@id":"https:\/\/exaudi.org\/es\/no-a-la-violencia-no-a-la-guerra-no-a-las-armas-el-papa-francisco-clama-por-una-cultura-de-paz\/#article","isPartOf":{"@id":"https:\/\/exaudi.org\/es\/no-a-la-violencia-no-a-la-guerra-no-a-las-armas-el-papa-francisco-clama-por-una-cultura-de-paz\/"},"author":{"name":"Exaudi Redacci\u00f3n","@id":"https:\/\/exaudi.org\/#\/schema\/person\/f5fc8f063065e38742da7afe15f25df7"},"headline":"No a la violencia, no a la guerra, no a las armas: el Papa Francisco clama por una cultura de paz","datePublished":"2023-03-30T14:10:47+00:00","dateModified":"2023-03-30T14:44:24+00:00","mainEntityOfPage":{"@id":"https:\/\/exaudi.org\/es\/no-a-la-violencia-no-a-la-guerra-no-a-las-armas-el-papa-francisco-clama-por-una-cultura-de-paz\/"},"wordCount":943,"image":{"@id":"https:\/\/exaudi.org\/es\/no-a-la-violencia-no-a-la-guerra-no-a-las-armas-el-papa-francisco-clama-por-una-cultura-de-paz\/#primaryimage"},"thumbnailUrl":"https:\/\/exaudi.org\/wp-content\/uploads\/2021\/03\/DSC7432.jpg","keywords":["Armas","guerra","Intenci\u00f3n Mensual","papa francisco","Trending","v\u00eddeo del papa","violencia"],"articleSection":["Le\u00f3n XIV"],"inLanguage":"es"},{"@type":"WebPage","@id":"https:\/\/exaudi.org\/es\/no-a-la-violencia-no-a-la-guerra-no-a-las-armas-el-papa-francisco-clama-por-una-cultura-de-paz\/","url":"https:\/\/exaudi.org\/es\/no-a-la-violencia-no-a-la-guerra-no-a-las-armas-el-papa-francisco-clama-por-una-cultura-de-paz\/","name":"No a la violencia, no a la guerra, no a las armas: el Papa Francisco clama por una cultura de paz &#8211; Exaudi","isPartOf":{"@id":"https:\/\/exaudi.org\/#website"},"primaryImageOfPage":{"@id":"https:\/\/exaudi.org\/es\/no-a-la-violencia-no-a-la-guerra-no-a-las-armas-el-papa-francisco-clama-por-una-cultura-de-paz\/#primaryimage"},"image":{"@id":"https:\/\/exaudi.org\/es\/no-a-la-violencia-no-a-la-guerra-no-a-las-armas-el-papa-francisco-clama-por-una-cultura-de-paz\/#primaryimage"},"thumbnailUrl":"https:\/\/exaudi.org\/wp-content\/uploads\/2021\/03\/DSC7432.jpg","datePublished":"2023-03-30T14:10:47+00:00","dateModified":"2023-03-30T14:44:24+00:00","author":{"@id":"https:\/\/exaudi.org\/#\/schema\/person\/f5fc8f063065e38742da7afe15f25df7"},"breadcrumb":{"@id":"https:\/\/exaudi.org\/es\/no-a-la-violencia-no-a-la-guerra-no-a-las-armas-el-papa-francisco-clama-por-una-cultura-de-paz\/#breadcrumb"},"inLanguage":"es","potentialAction":[{"@type":"ReadAction","target":["https:\/\/exaudi.org\/es\/no-a-la-violencia-no-a-la-guerra-no-a-las-armas-el-papa-francisco-clama-por-una-cultura-de-paz\/"]}]},{"@type":"ImageObject","inLanguage":"es","@id":"https:\/\/exaudi.org\/es\/no-a-la-violencia-no-a-la-guerra-no-a-las-armas-el-papa-francisco-clama-por-una-cultura-de-paz\/#primaryimage","url":"https:\/\/exaudi.org\/wp-content\/uploads\/2021\/03\/DSC7432.jpg","contentUrl":"https:\/\/exaudi.org\/wp-content\/uploads\/2021\/03\/DSC7432.jpg","width":2301,"height":1531,"caption":"Audiencia General 17 marzo 2021 \u00a9 Vatican Media"},{"@type":"BreadcrumbList","@id":"https:\/\/exaudi.org\/es\/no-a-la-violencia-no-a-la-guerra-no-a-las-armas-el-papa-francisco-clama-por-una-cultura-de-paz\/#breadcrumb","itemListElement":[{"@type":"ListItem","position":1,"name":"Portada","item":"https:\/\/exaudi.org\/es\/"},{"@type":"ListItem","position":2,"name":"No a la violencia, no a la guerra, no a las armas: el Papa Francisco clama por una cultura de paz"}]},{"@type":"WebSite","@id":"https:\/\/exaudi.org\/#website","url":"https:\/\/exaudi.org\/","name":"Exaudi","description":"News","potentialAction":[{"@type":"SearchAction","target":{"@type":"EntryPoint","urlTemplate":"https:\/\/exaudi.org\/?s={search_term_string}"},"query-input":{"@type":"PropertyValueSpecification","valueRequired":true,"valueName":"search_term_string"}}],"inLanguage":"es"},{"@type":"Person","@id":"https:\/\/exaudi.org\/#\/schema\/person\/f5fc8f063065e38742da7afe15f25df7","name":"Exaudi Redacci\u00f3n","image":{"@type":"ImageObject","inLanguage":"es","@id":"https:\/\/secure.gravatar.com\/avatar\/fe0f6a059fb68d9b3e11bc5850dd4899b1c7492091a3cb6dd9b01b56ad828be2?s=96&d=mm&r=g","url":"https:\/\/secure.gravatar.com\/avatar\/fe0f6a059fb68d9b3e11bc5850dd4899b1c7492091a3cb6dd9b01b56ad828be2?s=96&d=mm&r=g","contentUrl":"https:\/\/secure.gravatar.com\/avatar\/fe0f6a059fb68d9b3e11bc5850dd4899b1c7492091a3cb6dd9b01b56ad828be2?s=96&d=mm&r=g","caption":"Exaudi Redacci\u00f3n"},"description":"\u00bfQu\u00e9 es Exaudi News? Exaudi News es un medio de comunicaci\u00f3n cat\u00f3lico internacional que informa, forma y transforma, diariamente en espa\u00f1ol, ingl\u00e9s e italiano. A trav\u00e9s de noticias, art\u00edculos de an\u00e1lisis y transmisiones en directo de los eventos del Papa, Exaudi busca fortalecer la unidad de los cristianos y contribuir a la evangelizaci\u00f3n del mundo, siempre guiados por la doctrina social de la Iglesia. Trabajamos para acercar la verdad y los valores cristianos a cada rinc\u00f3n del planeta. \u00a1Ay\u00fadanos a transformar el mundo con Exaudi! En Exaudi creemos que la evangelizaci\u00f3n y la informaci\u00f3n de calidad pueden cambiar vidas. Para continuar con nuestra misi\u00f3n y expandir nuestro alcance, necesitamos tu ayuda. Adem\u00e1s, buscamos personas comprometidas que deseen unirse a nuestro equipo. Con tu apoyo, lograremos llegar a m\u00e1s personas, difundir el mensaje de Cristo y reforzar la unidad de los cristianos. \u00bfTe unes a nuestra misi\u00f3n? Para m\u00e1s informaci\u00f3n sobre c\u00f3mo colaborar, visita Exaudi.org\/es o cont\u00e1ctanos directamente: info@exaudi.org Exaudi: Informa, forma y transforma.","sameAs":["https:\/\/www.facebook.com\/ExaudiNoticias\/","https:\/\/www.instagram.com\/exaudi_noticias\/","https:\/\/x.com\/Exaudi_noticias","https:\/\/www.youtube.com\/@exaudicatholicnews"],"url":"https:\/\/exaudi.org\/es\/author\/redaccionexaudi\/"}]}},"jetpack_featured_media_url":"https:\/\/exaudi.org\/wp-content\/uploads\/2021\/03\/DSC7432.jpg","jetpack_shortlink":"https:\/\/wp.me\/pgKjF2-j42","_links":{"self":[{"href":"https:\/\/exaudi.org\/es\/wp-json\/wp\/v2\/posts\/73286","targetHints":{"allow":["GET"]}}],"collection":[{"href":"https:\/\/exaudi.org\/es\/wp-json\/wp\/v2\/posts"}],"about":[{"href":"https:\/\/exaudi.org\/es\/wp-json\/wp\/v2\/types\/post"}],"author":[{"embeddable":true,"href":"https:\/\/exaudi.org\/es\/wp-json\/wp\/v2\/users\/15"}],"replies":[{"embeddable":true,"href":"https:\/\/exaudi.org\/es\/wp-json\/wp\/v2\/comments?post=73286"}],"version-history":[{"count":0,"href":"https:\/\/exaudi.org\/es\/wp-json\/wp\/v2\/posts\/73286\/revisions"}],"wp:featuredmedia":[{"embeddable":true,"href":"https:\/\/exaudi.org\/es\/wp-json\/wp\/v2\/media\/6377"}],"wp:attachment":[{"href":"https:\/\/exaudi.org\/es\/wp-json\/wp\/v2\/media?parent=73286"}],"wp:term":[{"taxonomy":"category","embeddable":true,"href":"https:\/\/exaudi.org\/es\/wp-json\/wp\/v2\/categories?post=73286"},{"taxonomy":"post_tag","embeddable":true,"href":"https:\/\/exaudi.org\/es\/wp-json\/wp\/v2\/tags?post=73286"}],"curies":[{"name":"wp","href":"https:\/\/api.w.org\/{rel}","templated":true}]}}