{"id":73166,"date":"2023-03-30T09:00:58","date_gmt":"2023-03-30T07:00:58","guid":{"rendered":"https:\/\/exaudi.org\/?p=73166"},"modified":"2023-03-29T12:41:20","modified_gmt":"2023-03-29T10:41:20","slug":"cardenal-arizmendi-nosotros-tenemos-otros-datos","status":"publish","type":"post","link":"https:\/\/exaudi.org\/es\/cardenal-arizmendi-nosotros-tenemos-otros-datos\/","title":{"rendered":"Cardenal Arizmendi: Nosotros tenemos otros datos"},"content":{"rendered":"<audio class=\"wp-audio-shortcode\" id=\"audio-73166-1\" preload=\"none\" style=\"width: 100%;\" controls=\"controls\"><source type=\"audio\/mpeg\" src=\"https:\/\/exaudi.org\/wp-content\/uploads\/2023\/03\/Articulo-29-marzo.mp3?_=1\" \/><a href=\"https:\/\/exaudi.org\/wp-content\/uploads\/2023\/03\/Articulo-29-marzo.mp3\">https:\/\/exaudi.org\/wp-content\/uploads\/2023\/03\/Articulo-29-marzo.mp3<\/a><\/audio>\n<p>El\u00a0<a href=\"https:\/\/exaudi.org\/es\/author\/felipearizmendi\/\" target=\"_blank\" rel=\"noopener\">cardenal Felipe Arizmendi<\/a>, obispo em\u00e9rito de San Crist\u00f3bal de Las Casas y responsable de la Doctrina de la Fe en la\u00a0<a href=\"https:\/\/www.cem.org.mx\/\" target=\"_blank\" rel=\"noopener\">Conferencia del Episcopado Mexicano (CEM)<\/a>, ofrece a los lectores de Exaudi su art\u00edculo semanal titulado \u201cNosotros tenemos otros datos\u201d.<\/p>\n<p>***<\/p>\n<p><strong>MIRAR<\/strong><\/p>\n<p>En altas esferas federales se afirma que nuestro pa\u00eds va muy bien. Ciertamente hay muchos progresos en varios aspectos; eso no se puede negar. Sin embargo, nosotros tenemos otros datos. Bastantes personas y familias huyen del pa\u00eds, porque aqu\u00ed no encuentran seguridad. Si estuvi\u00e9ramos muy bien, no se ir\u00edan. Si muchos migrantes llegan a M\u00e9xico, no es para quedarse aqu\u00ed, sino para llegar a los Estados Unidos. Si estuvi\u00e9ramos muy bien, muchos anhelar\u00edan quedarse entre nosotros, y no ser s\u00f3lo un paso obligado de tr\u00e1nsito.<\/p>\n<p>En las altas esferas federales se afirma que han bajado los delitos de alto impacto y que hay m\u00e1s seguridad. \u00a1Qu\u00e9 bueno! \u00a1Ojal\u00e1 sigan bajando esos cr\u00edmenes! Sin embargo, nosotros tenemos otros datos. Los delitos de impacto cotidiano, como son las extorsiones, son ya un problema no regional, sino nacional. Casi nadie se libra de ser amenazado con que, si no paga lo que esos delincuentes exigen, su vida y la de los suyos est\u00e1n en peligro. Un caso, entre tant\u00edsimos otros: Una familia ten\u00eda un restaurancito de paso, muy sabroso por cierto. Como se negaron a pagar la cuota impuesta arbitrariamente por los extorsionadores, \u00e9stos secuestraron y asesinaron a la mam\u00e1, amenazaron a otros de la familia, y se tuvo que cerrar esa fuente de trabajo. Historias como esta, abundan en todo el pa\u00eds. \u00bfHan bajado estos delitos? Todo lo contrario.<\/p>\n<p>En altas esferas federales se afirma que el pueblo est\u00e1 contento. Es cierto. Hay miles de personas que est\u00e1n convencidas de que este es el camino a seguir y lo defienden a capa y espada. Las encuestas as\u00ed lo confirman. \u00bfQui\u00e9nes est\u00e1n contentos? Los que de alg\u00fan modo se han beneficiado de este sistema, sobre todo los j\u00f3venes y ancianos que reciben apoyos gubernamentales, que ya exist\u00edan desde otros per\u00edodos, pero que ahora se han incrementado, en particular en tiempos electorales, como una forma de comprar su voto. \u00a1Eso es indigno y repugnante; eso pervierte la sana democracia\u201d. Nosotros tenemos otros datos. Hay mucha oposici\u00f3n de quienes est\u00e1n informados de lo que realmente pasa en el pa\u00eds, y de aquellos que est\u00e1n sufriendo la inseguridad de cada d\u00eda.<\/p>\n<p><strong>DISCERNIR<\/strong><\/p>\n<p>Los obispos mexicanos, que vivimos muy cerca de nuestro pueblo y escuchamos sus quejas y dolencias, en nuestro <em>Proyecto Global de Pastoral 2031+2033 <\/em>sostenemos: <em>\u201cHoy vivimos situaciones que nos han rebasado en mucho y que son un verdadero calvario para personas, familias y comunidades enteras, en una espiral de dolor a la que por el momento no se le ve fin. Muchos pueblos en nuestro pa\u00eds experimentan constantemente la inseguridad, el miedo, el abandono de sus hogares y una completa orfandad por parte de quienes tienen la obligaci\u00f3n de proteger sus vidas y cuidar sus bienes. Tal parece que esta situaci\u00f3n de violencia ha rebasado a las autoridades en muchas partes del pa\u00eds, los grupos delincuenciales se han establecido como verdaderos due\u00f1os y se\u00f1ores de espacios y cotos de poder y, debido a la furia y a la capacidad de terror de muchos de ellos, han puesto a prueba la fuerza de la ley y del orden. Son muchos los sufrimientos que a causa de la violencia a lo largo de estos \u00faltimos a\u00f1os se han ido acumulando en las familias del pueblo mexicano\u201d <\/em>(56)<em>.<\/em><\/p>\n<p><em>\u201cEl panorama social se ha ido ensombreciendo paulatinamente por el fortalecimiento alarmante del crimen organizado que tiene m\u00faltiples ramificaciones y un entorno internacional que lo alimenta y fortalece, corrompiendo la mente y el coraz\u00f3n de personas y autoridades.\u00a0 La introducci\u00f3n de una narco-cultura en nuestra sociedad mexicana, de conseguir dinero r\u00e1pido, f\u00e1cil y de cualquier forma, ha venido a\u00a0 da\u00f1ar profundamente la mente de muchas personas, a quienes no les importa matar, robar, extorsionar, secuestrar o hacer cualquier cosa con tal de conseguir sus objetivos. Hechos tristemente exaltados cada d\u00eda como material medi\u00e1tico por los medios de comunicaci\u00f3n. Son muchas las causas que alimentan esta hoguera y que mantienen encendida esta llama de dolor: la p\u00e9rdida de valores, la desintegraci\u00f3n familiar, la falta de oportunidades, los trabajos mal remunerados, la corrupci\u00f3n galopante en todos los niveles, la ingobernabilidad, la impunidad, etc. Esta sociedad que tendr\u00eda que ofrecer a todos los ciudadanos las condiciones necesarias para vivir con dignidad, est\u00e1 da\u00f1ada y es necesario que todos como miembros de ella tomemos conciencia de esta realidad y nos hagamos responsables, para que pueda cumplir como un espacio de vida digna para todos sus miembros\u201d <\/em>(57)<em>.<\/em><\/p>\n<p><strong>ACTUAR<\/strong><\/p>\n<p>Quien pueda hacerlo, hable con las autoridades de cualquier nivel, o con su diputado local o federal, y manifi\u00e9steles lo que realmente estamos viviendo, para que, si les es posible, lo hagan llegar a las altas autoridades federales, aunque pareciera que \u00e9stas no escuchan. Y hagamos cuanto podamos por despertar la conciencia de lo que realmente vive el pa\u00eds.<\/p>\n","protected":false},"excerpt":{"rendered":"<p>Y hagamos cuanto podamos por despertar la conciencia de lo que realmente vive el pa\u00eds<\/p>\n","protected":false},"author":24,"featured_media":73170,"comment_status":"closed","ping_status":"closed","sticky":false,"template":"","format":"standard","meta":{"_acf_changed":false,"_crdt_document":"","inline_featured_image":false,"footnotes":""},"categories":[130],"tags":[4716,8766,8768,1542,8767,4953],"class_list":["post-73166","post","type-post","status-publish","format-standard","has-post-thumbnail","hentry","category-voces","tag-conciencia","tag-crimen-organizado","tag-despertar-conciencia","tag-libertad","tag-pueblo","tag-trending-es"],"acf":[],"yoast_head":"<!-- This site is optimized with the Yoast SEO plugin v27.5 - https:\/\/yoast.com\/product\/yoast-seo-wordpress\/ -->\n<title>Cardenal Arizmendi: Nosotros tenemos otros datos &#8211; Exaudi<\/title>\n<meta name=\"robots\" content=\"index, follow, max-snippet:-1, max-image-preview:large, max-video-preview:-1\" \/>\n<link rel=\"canonical\" href=\"https:\/\/exaudi.org\/es\/cardenal-arizmendi-nosotros-tenemos-otros-datos\/\" \/>\n<meta property=\"og:locale\" content=\"es_ES\" \/>\n<meta property=\"og:type\" content=\"article\" \/>\n<meta property=\"og:title\" content=\"Cardenal Arizmendi: Nosotros tenemos otros datos &#8211; Exaudi\" \/>\n<meta property=\"og:description\" content=\"Y hagamos cuanto podamos por despertar la conciencia de lo que realmente vive el pa\u00eds\" \/>\n<meta property=\"og:url\" content=\"https:\/\/exaudi.org\/es\/cardenal-arizmendi-nosotros-tenemos-otros-datos\/\" \/>\n<meta property=\"og:site_name\" content=\"Exaudi\" \/>\n<meta property=\"article:publisher\" content=\"https:\/\/www.facebook.com\/ExaudiNews\" \/>\n<meta property=\"article:published_time\" content=\"2023-03-30T07:00:58+00:00\" \/>\n<meta property=\"og:image\" content=\"https:\/\/exaudi.org\/wp-content\/uploads\/2023\/03\/pexels-faruk-tokluoglu-7101498-scaled.jpg\" \/>\n\t<meta property=\"og:image:width\" content=\"2560\" \/>\n\t<meta property=\"og:image:height\" content=\"1707\" \/>\n\t<meta property=\"og:image:type\" content=\"image\/jpeg\" \/>\n<meta name=\"author\" content=\"Cardenal Felipe Arizmendi\" \/>\n<meta name=\"twitter:card\" content=\"summary_large_image\" \/>\n<meta name=\"twitter:creator\" content=\"@Exaudi_News\" \/>\n<meta name=\"twitter:site\" content=\"@Exaudi_News\" \/>\n<meta name=\"twitter:label1\" content=\"Escrito por\" \/>\n\t<meta name=\"twitter:data1\" content=\"Cardenal Felipe Arizmendi\" \/>\n\t<meta name=\"twitter:label2\" content=\"Tiempo de lectura\" \/>\n\t<meta name=\"twitter:data2\" content=\"4 minutos\" \/>\n<script type=\"application\/ld+json\" class=\"yoast-schema-graph\">{\"@context\":\"https:\\\/\\\/schema.org\",\"@graph\":[{\"@type\":\"Article\",\"@id\":\"https:\\\/\\\/exaudi.org\\\/es\\\/cardenal-arizmendi-nosotros-tenemos-otros-datos\\\/#article\",\"isPartOf\":{\"@id\":\"https:\\\/\\\/exaudi.org\\\/es\\\/cardenal-arizmendi-nosotros-tenemos-otros-datos\\\/\"},\"author\":{\"name\":\"Cardenal Felipe Arizmendi\",\"@id\":\"https:\\\/\\\/exaudi.org\\\/#\\\/schema\\\/person\\\/c7d223f87e58f1105d044d8da1439102\"},\"headline\":\"Cardenal Arizmendi: Nosotros tenemos otros datos\",\"datePublished\":\"2023-03-30T07:00:58+00:00\",\"mainEntityOfPage\":{\"@id\":\"https:\\\/\\\/exaudi.org\\\/es\\\/cardenal-arizmendi-nosotros-tenemos-otros-datos\\\/\"},\"wordCount\":903,\"image\":{\"@id\":\"https:\\\/\\\/exaudi.org\\\/es\\\/cardenal-arizmendi-nosotros-tenemos-otros-datos\\\/#primaryimage\"},\"thumbnailUrl\":\"https:\\\/\\\/exaudi.org\\\/wp-content\\\/uploads\\\/2023\\\/03\\\/pexels-faruk-tokluoglu-7101498-scaled.jpg\",\"keywords\":[\"conciencia\",\"Crimen organizado\",\"despertar conciencia\",\"Libertad\",\"Pueblo\",\"Trending\"],\"articleSection\":[\"Voces\"],\"inLanguage\":\"es\"},{\"@type\":\"WebPage\",\"@id\":\"https:\\\/\\\/exaudi.org\\\/es\\\/cardenal-arizmendi-nosotros-tenemos-otros-datos\\\/\",\"url\":\"https:\\\/\\\/exaudi.org\\\/es\\\/cardenal-arizmendi-nosotros-tenemos-otros-datos\\\/\",\"name\":\"Cardenal Arizmendi: Nosotros tenemos otros datos &#8211; Exaudi\",\"isPartOf\":{\"@id\":\"https:\\\/\\\/exaudi.org\\\/#website\"},\"primaryImageOfPage\":{\"@id\":\"https:\\\/\\\/exaudi.org\\\/es\\\/cardenal-arizmendi-nosotros-tenemos-otros-datos\\\/#primaryimage\"},\"image\":{\"@id\":\"https:\\\/\\\/exaudi.org\\\/es\\\/cardenal-arizmendi-nosotros-tenemos-otros-datos\\\/#primaryimage\"},\"thumbnailUrl\":\"https:\\\/\\\/exaudi.org\\\/wp-content\\\/uploads\\\/2023\\\/03\\\/pexels-faruk-tokluoglu-7101498-scaled.jpg\",\"datePublished\":\"2023-03-30T07:00:58+00:00\",\"author\":{\"@id\":\"https:\\\/\\\/exaudi.org\\\/#\\\/schema\\\/person\\\/c7d223f87e58f1105d044d8da1439102\"},\"breadcrumb\":{\"@id\":\"https:\\\/\\\/exaudi.org\\\/es\\\/cardenal-arizmendi-nosotros-tenemos-otros-datos\\\/#breadcrumb\"},\"inLanguage\":\"es\",\"potentialAction\":[{\"@type\":\"ReadAction\",\"target\":[\"https:\\\/\\\/exaudi.org\\\/es\\\/cardenal-arizmendi-nosotros-tenemos-otros-datos\\\/\"]}]},{\"@type\":\"ImageObject\",\"inLanguage\":\"es\",\"@id\":\"https:\\\/\\\/exaudi.org\\\/es\\\/cardenal-arizmendi-nosotros-tenemos-otros-datos\\\/#primaryimage\",\"url\":\"https:\\\/\\\/exaudi.org\\\/wp-content\\\/uploads\\\/2023\\\/03\\\/pexels-faruk-tokluoglu-7101498-scaled.jpg\",\"contentUrl\":\"https:\\\/\\\/exaudi.org\\\/wp-content\\\/uploads\\\/2023\\\/03\\\/pexels-faruk-tokluoglu-7101498-scaled.jpg\",\"width\":2560,\"height\":1707,\"caption\":\"(C) Pexels\"},{\"@type\":\"BreadcrumbList\",\"@id\":\"https:\\\/\\\/exaudi.org\\\/es\\\/cardenal-arizmendi-nosotros-tenemos-otros-datos\\\/#breadcrumb\",\"itemListElement\":[{\"@type\":\"ListItem\",\"position\":1,\"name\":\"Portada\",\"item\":\"https:\\\/\\\/exaudi.org\\\/es\\\/\"},{\"@type\":\"ListItem\",\"position\":2,\"name\":\"Cardenal Arizmendi: Nosotros tenemos otros datos\"}]},{\"@type\":\"WebSite\",\"@id\":\"https:\\\/\\\/exaudi.org\\\/#website\",\"url\":\"https:\\\/\\\/exaudi.org\\\/\",\"name\":\"Exaudi\",\"description\":\"News\",\"potentialAction\":[{\"@type\":\"SearchAction\",\"target\":{\"@type\":\"EntryPoint\",\"urlTemplate\":\"https:\\\/\\\/exaudi.org\\\/?s={search_term_string}\"},\"query-input\":{\"@type\":\"PropertyValueSpecification\",\"valueRequired\":true,\"valueName\":\"search_term_string\"}}],\"inLanguage\":\"es\"},{\"@type\":\"Person\",\"@id\":\"https:\\\/\\\/exaudi.org\\\/#\\\/schema\\\/person\\\/c7d223f87e58f1105d044d8da1439102\",\"name\":\"Cardenal Felipe Arizmendi\",\"image\":{\"@type\":\"ImageObject\",\"inLanguage\":\"es\",\"@id\":\"https:\\\/\\\/secure.gravatar.com\\\/avatar\\\/4ffc5520d896b86d39346168903de33a17ef0f23d16de0ff45062c1ff422ed2f?s=96&d=mm&r=g\",\"url\":\"https:\\\/\\\/secure.gravatar.com\\\/avatar\\\/4ffc5520d896b86d39346168903de33a17ef0f23d16de0ff45062c1ff422ed2f?s=96&d=mm&r=g\",\"contentUrl\":\"https:\\\/\\\/secure.gravatar.com\\\/avatar\\\/4ffc5520d896b86d39346168903de33a17ef0f23d16de0ff45062c1ff422ed2f?s=96&d=mm&r=g\",\"caption\":\"Cardenal Felipe Arizmendi\"},\"description\":\"Nacido en Chiltepec el 1 de mayo de 1940. Estudi\u00f3 Humanidades y Filosof\u00eda en el Seminario de Toluca, de 1952 a 1959. Curs\u00f3 la Teolog\u00eda en la Universidad Pontificia de Salamanca, Espa\u00f1a, de 1959 a 1963, obteniendo la licenciatura en Teolog\u00eda Dogm\u00e1tica. Por su cuenta, se especializ\u00f3 en Liturgia. Fue ordenado sacerdote el 25 de agosto de 1963 en Toluca. Sirvi\u00f3 como Vicario Parroquial en tres parroquias por tres a\u00f1os y medio y fue p\u00e1rroco de una comunidad ind\u00edgena otom\u00ed, de 1967 a 1970. Fue Director Espiritual del Seminario de Toluca por diez a\u00f1os, y Rector del mismo de 1981 a 1991. El 7 de marzo de 1991, fue ordenado obispo de la di\u00f3cesis de Tapachula, donde estuvo hasta el 30 de abril del a\u00f1o 2000. El 1 de mayo del 2000, inici\u00f3 su ministerio episcopal como XLVI obispo de la di\u00f3cesis de San Crist\u00f3bal de las Casas, Chiapas, una de las di\u00f3cesis m\u00e1s antiguas de M\u00e9xico, erigida en 1539; all\u00ed sirvi\u00f3 por casi 18 a\u00f1os. Ha ocupado diversos cargos en la Conferencia del Episcopado Mexicano y en el CELAM. El 3 de noviembre de 2017, el Papa Francisco le acept\u00f3, por edad, su renuncia al servicio episcopal en esta di\u00f3cesis, que entreg\u00f3 a su sucesor el 3 de enero de 2018. Desde entonces, reside en la ciudad de Toluca. Desde 1979, escribe art\u00edculos de actualidad en varios medios religiosos y civiles. Es autor de varias publicaciones.\",\"url\":\"https:\\\/\\\/exaudi.org\\\/es\\\/author\\\/felipearizmendi\\\/\"}]}<\/script>\n<!-- \/ Yoast SEO plugin. -->","yoast_head_json":{"title":"Cardenal Arizmendi: Nosotros tenemos otros datos &#8211; Exaudi","robots":{"index":"index","follow":"follow","max-snippet":"max-snippet:-1","max-image-preview":"max-image-preview:large","max-video-preview":"max-video-preview:-1"},"canonical":"https:\/\/exaudi.org\/es\/cardenal-arizmendi-nosotros-tenemos-otros-datos\/","og_locale":"es_ES","og_type":"article","og_title":"Cardenal Arizmendi: Nosotros tenemos otros datos &#8211; Exaudi","og_description":"Y hagamos cuanto podamos por despertar la conciencia de lo que realmente vive el pa\u00eds","og_url":"https:\/\/exaudi.org\/es\/cardenal-arizmendi-nosotros-tenemos-otros-datos\/","og_site_name":"Exaudi","article_publisher":"https:\/\/www.facebook.com\/ExaudiNews","article_published_time":"2023-03-30T07:00:58+00:00","og_image":[{"width":2560,"height":1707,"url":"https:\/\/exaudi.org\/wp-content\/uploads\/2023\/03\/pexels-faruk-tokluoglu-7101498-scaled.jpg","type":"image\/jpeg"}],"author":"Cardenal Felipe Arizmendi","twitter_card":"summary_large_image","twitter_creator":"@Exaudi_News","twitter_site":"@Exaudi_News","twitter_misc":{"Escrito por":"Cardenal Felipe Arizmendi","Tiempo de lectura":"4 minutos"},"schema":{"@context":"https:\/\/schema.org","@graph":[{"@type":"Article","@id":"https:\/\/exaudi.org\/es\/cardenal-arizmendi-nosotros-tenemos-otros-datos\/#article","isPartOf":{"@id":"https:\/\/exaudi.org\/es\/cardenal-arizmendi-nosotros-tenemos-otros-datos\/"},"author":{"name":"Cardenal Felipe Arizmendi","@id":"https:\/\/exaudi.org\/#\/schema\/person\/c7d223f87e58f1105d044d8da1439102"},"headline":"Cardenal Arizmendi: Nosotros tenemos otros datos","datePublished":"2023-03-30T07:00:58+00:00","mainEntityOfPage":{"@id":"https:\/\/exaudi.org\/es\/cardenal-arizmendi-nosotros-tenemos-otros-datos\/"},"wordCount":903,"image":{"@id":"https:\/\/exaudi.org\/es\/cardenal-arizmendi-nosotros-tenemos-otros-datos\/#primaryimage"},"thumbnailUrl":"https:\/\/exaudi.org\/wp-content\/uploads\/2023\/03\/pexels-faruk-tokluoglu-7101498-scaled.jpg","keywords":["conciencia","Crimen organizado","despertar conciencia","Libertad","Pueblo","Trending"],"articleSection":["Voces"],"inLanguage":"es"},{"@type":"WebPage","@id":"https:\/\/exaudi.org\/es\/cardenal-arizmendi-nosotros-tenemos-otros-datos\/","url":"https:\/\/exaudi.org\/es\/cardenal-arizmendi-nosotros-tenemos-otros-datos\/","name":"Cardenal Arizmendi: Nosotros tenemos otros datos &#8211; Exaudi","isPartOf":{"@id":"https:\/\/exaudi.org\/#website"},"primaryImageOfPage":{"@id":"https:\/\/exaudi.org\/es\/cardenal-arizmendi-nosotros-tenemos-otros-datos\/#primaryimage"},"image":{"@id":"https:\/\/exaudi.org\/es\/cardenal-arizmendi-nosotros-tenemos-otros-datos\/#primaryimage"},"thumbnailUrl":"https:\/\/exaudi.org\/wp-content\/uploads\/2023\/03\/pexels-faruk-tokluoglu-7101498-scaled.jpg","datePublished":"2023-03-30T07:00:58+00:00","author":{"@id":"https:\/\/exaudi.org\/#\/schema\/person\/c7d223f87e58f1105d044d8da1439102"},"breadcrumb":{"@id":"https:\/\/exaudi.org\/es\/cardenal-arizmendi-nosotros-tenemos-otros-datos\/#breadcrumb"},"inLanguage":"es","potentialAction":[{"@type":"ReadAction","target":["https:\/\/exaudi.org\/es\/cardenal-arizmendi-nosotros-tenemos-otros-datos\/"]}]},{"@type":"ImageObject","inLanguage":"es","@id":"https:\/\/exaudi.org\/es\/cardenal-arizmendi-nosotros-tenemos-otros-datos\/#primaryimage","url":"https:\/\/exaudi.org\/wp-content\/uploads\/2023\/03\/pexels-faruk-tokluoglu-7101498-scaled.jpg","contentUrl":"https:\/\/exaudi.org\/wp-content\/uploads\/2023\/03\/pexels-faruk-tokluoglu-7101498-scaled.jpg","width":2560,"height":1707,"caption":"(C) Pexels"},{"@type":"BreadcrumbList","@id":"https:\/\/exaudi.org\/es\/cardenal-arizmendi-nosotros-tenemos-otros-datos\/#breadcrumb","itemListElement":[{"@type":"ListItem","position":1,"name":"Portada","item":"https:\/\/exaudi.org\/es\/"},{"@type":"ListItem","position":2,"name":"Cardenal Arizmendi: Nosotros tenemos otros datos"}]},{"@type":"WebSite","@id":"https:\/\/exaudi.org\/#website","url":"https:\/\/exaudi.org\/","name":"Exaudi","description":"News","potentialAction":[{"@type":"SearchAction","target":{"@type":"EntryPoint","urlTemplate":"https:\/\/exaudi.org\/?s={search_term_string}"},"query-input":{"@type":"PropertyValueSpecification","valueRequired":true,"valueName":"search_term_string"}}],"inLanguage":"es"},{"@type":"Person","@id":"https:\/\/exaudi.org\/#\/schema\/person\/c7d223f87e58f1105d044d8da1439102","name":"Cardenal Felipe Arizmendi","image":{"@type":"ImageObject","inLanguage":"es","@id":"https:\/\/secure.gravatar.com\/avatar\/4ffc5520d896b86d39346168903de33a17ef0f23d16de0ff45062c1ff422ed2f?s=96&d=mm&r=g","url":"https:\/\/secure.gravatar.com\/avatar\/4ffc5520d896b86d39346168903de33a17ef0f23d16de0ff45062c1ff422ed2f?s=96&d=mm&r=g","contentUrl":"https:\/\/secure.gravatar.com\/avatar\/4ffc5520d896b86d39346168903de33a17ef0f23d16de0ff45062c1ff422ed2f?s=96&d=mm&r=g","caption":"Cardenal Felipe Arizmendi"},"description":"Nacido en Chiltepec el 1 de mayo de 1940. Estudi\u00f3 Humanidades y Filosof\u00eda en el Seminario de Toluca, de 1952 a 1959. Curs\u00f3 la Teolog\u00eda en la Universidad Pontificia de Salamanca, Espa\u00f1a, de 1959 a 1963, obteniendo la licenciatura en Teolog\u00eda Dogm\u00e1tica. Por su cuenta, se especializ\u00f3 en Liturgia. Fue ordenado sacerdote el 25 de agosto de 1963 en Toluca. Sirvi\u00f3 como Vicario Parroquial en tres parroquias por tres a\u00f1os y medio y fue p\u00e1rroco de una comunidad ind\u00edgena otom\u00ed, de 1967 a 1970. Fue Director Espiritual del Seminario de Toluca por diez a\u00f1os, y Rector del mismo de 1981 a 1991. El 7 de marzo de 1991, fue ordenado obispo de la di\u00f3cesis de Tapachula, donde estuvo hasta el 30 de abril del a\u00f1o 2000. El 1 de mayo del 2000, inici\u00f3 su ministerio episcopal como XLVI obispo de la di\u00f3cesis de San Crist\u00f3bal de las Casas, Chiapas, una de las di\u00f3cesis m\u00e1s antiguas de M\u00e9xico, erigida en 1539; all\u00ed sirvi\u00f3 por casi 18 a\u00f1os. Ha ocupado diversos cargos en la Conferencia del Episcopado Mexicano y en el CELAM. El 3 de noviembre de 2017, el Papa Francisco le acept\u00f3, por edad, su renuncia al servicio episcopal en esta di\u00f3cesis, que entreg\u00f3 a su sucesor el 3 de enero de 2018. Desde entonces, reside en la ciudad de Toluca. Desde 1979, escribe art\u00edculos de actualidad en varios medios religiosos y civiles. Es autor de varias publicaciones.","url":"https:\/\/exaudi.org\/es\/author\/felipearizmendi\/"}]}},"jetpack_featured_media_url":"https:\/\/exaudi.org\/wp-content\/uploads\/2023\/03\/pexels-faruk-tokluoglu-7101498-scaled.jpg","jetpack_shortlink":"https:\/\/wp.me\/pgKjF2-j26","_links":{"self":[{"href":"https:\/\/exaudi.org\/es\/wp-json\/wp\/v2\/posts\/73166","targetHints":{"allow":["GET"]}}],"collection":[{"href":"https:\/\/exaudi.org\/es\/wp-json\/wp\/v2\/posts"}],"about":[{"href":"https:\/\/exaudi.org\/es\/wp-json\/wp\/v2\/types\/post"}],"author":[{"embeddable":true,"href":"https:\/\/exaudi.org\/es\/wp-json\/wp\/v2\/users\/24"}],"replies":[{"embeddable":true,"href":"https:\/\/exaudi.org\/es\/wp-json\/wp\/v2\/comments?post=73166"}],"version-history":[{"count":0,"href":"https:\/\/exaudi.org\/es\/wp-json\/wp\/v2\/posts\/73166\/revisions"}],"wp:featuredmedia":[{"embeddable":true,"href":"https:\/\/exaudi.org\/es\/wp-json\/wp\/v2\/media\/73170"}],"wp:attachment":[{"href":"https:\/\/exaudi.org\/es\/wp-json\/wp\/v2\/media?parent=73166"}],"wp:term":[{"taxonomy":"category","embeddable":true,"href":"https:\/\/exaudi.org\/es\/wp-json\/wp\/v2\/categories?post=73166"},{"taxonomy":"post_tag","embeddable":true,"href":"https:\/\/exaudi.org\/es\/wp-json\/wp\/v2\/tags?post=73166"}],"curies":[{"name":"wp","href":"https:\/\/api.w.org\/{rel}","templated":true}]}}