{"id":72953,"date":"2023-03-25T16:48:53","date_gmt":"2023-03-25T15:48:53","guid":{"rendered":"https:\/\/exaudi.org\/?p=72953"},"modified":"2023-03-26T14:27:04","modified_gmt":"2023-03-26T12:27:04","slug":"el-papa-confirma-vos-estis-lux-mundi-el-procedimiento-contra-los-abusos","status":"publish","type":"post","link":"https:\/\/exaudi.org\/es\/el-papa-confirma-vos-estis-lux-mundi-el-procedimiento-contra-los-abusos\/","title":{"rendered":"El Papa confirma \u201cVos estis lux mundi\u201d, el procedimiento contra los abusos"},"content":{"rendered":"<audio class=\"wp-audio-shortcode\" id=\"audio-72953-1\" preload=\"none\" style=\"width: 100%;\" controls=\"controls\"><source type=\"audio\/mpeg\" src=\"https:\/\/exaudi.org\/wp-content\/uploads\/2023\/03\/El-Papa-confirma-Vos-estis-lux-mundi-el.mp3?_=1\" \/><a href=\"https:\/\/exaudi.org\/wp-content\/uploads\/2023\/03\/El-Papa-confirma-Vos-estis-lux-mundi-el.mp3\">https:\/\/exaudi.org\/wp-content\/uploads\/2023\/03\/El-Papa-confirma-Vos-estis-lux-mundi-el.mp3<\/a><\/audio>\n<p><strong><em>Carta Apost\u00f3lica Motu Proprio<\/em><\/strong><\/p>\n<p>El Papa confirma \u201c<em>Vos estis lux mundi<\/em>\u201d, el procedimiento contra los abusos<br \/>\nTras casi cuatro a\u00f1os de experimentaci\u00f3n, se public\u00f3 una versi\u00f3n actualizada de las normas para<br \/>\nprevenir y combatir los abusos sexuales contra menores y adultos vulnerables. La novedad m\u00e1s<br \/>\nsignificativa es la extensi\u00f3n de las normas relativas a la responsabilidad de los obispos y los<br \/>\nsuperiores religiosos y tambi\u00e9n a los laicos moderadores de las asociaciones internacionales de<br \/>\nfieles reconocidas por la Santa Sede. El nuevo texto se ha armonizado con otras reformas normativas<br \/>\nintroducidas desde 2019 hasta hoy<\/p>\n<p><strong>Vatican News<\/strong><\/p>\n<p>Despu\u00e9s de casi cuatro a\u00f1os de experimentaci\u00f3n, tras haber consultado a los episcopados y a los<br \/>\ndicasterios de la Curia Romana, el Papa Francisco ha promulgado definitivamente los procedimientos<br \/>\npara prevenir y combatir el fen\u00f3meno de los abusos sexuales en el seno de la Iglesia cat\u00f3lica. Se ha<br \/>\npublicado hoy la nueva versi\u00f3n del motu proprio \u00abVos estis lux mundi\u00bb que entra en vigor el 30 de<br \/>\nabril y deroga la precedente de mayo de 2019 y confirma la voluntad de proseguir en la lucha contra<br \/>\nestos delitos.<\/p>\n<p>La novedad m\u00e1s significativa introducida en la nueva versi\u00f3n de la legislaci\u00f3n se refiere al \u00abT\u00edtulo<br \/>\nII\u00bb, con las disposiciones relativas a las responsabilidades de los obispos, superiores religiosos y<br \/>\ncl\u00e9rigos encargados de la gu\u00eda de una Iglesia particular o de una prelatura. En efecto, tambi\u00e9n se han<br \/>\na\u00f1adido los \u00abfieles laicos que son o hayan sido moderadores de asociaciones internacionales de fieles<br \/>\nreconocidas o erigidas por la Sede Apost\u00f3lica, para los hechos cometidos\u00bb mientras ejerc\u00edan su cargo.<br \/>\nMuchas otras modificaciones han sido introducidas para armonizar el texto de los procedimientos<br \/>\ncontra los abusos con las dem\u00e1s reformas normativas introducidas desde el 2019 hasta hoy, en<br \/>\nparticular con la revisi\u00f3n del motu proprio \u201cSacramentorum sanctitatis tutela\u201d (normas enmendadas<br \/>\nen el 2021); con las modificaciones del Libro VI del C\u00f3digo de Derecho Can\u00f3nico (reforma del 2021)<br \/>\ny con la nueva Constituci\u00f3n sobre la Curia Romana, \u201c<em>Praedicate Evangelium<\/em>\u201d (promulgada en el<br \/>\n2022).<\/p>\n<p>Entre ellas figura, por ejemplo, la relativa a los adultos \u00abvulnerables\u00bb. Mientras antes se hablaba de<br \/>\n\u00abactos sexuales con un menor o una persona vulnerable\u00bb, en la nueva versi\u00f3n se habla de \u00abdelito<br \/>\ncontra el VI mandamiento del dec\u00e1logo cometido con un menor o con una persona que tenga<br \/>\nhabitualmente un uso imperfecto de la raz\u00f3n o con un adulto vulnerable\u00bb.<br \/>\nOtra modificaci\u00f3n se refiere a la protecci\u00f3n de quien presenta la se\u00f1alaci\u00f3n de un presunto abuso:<br \/>\nmientras antes se afirmaba que a aquel que se\u00f1ala no puede ser impuesto ning\u00fan v\u00ednculo de silencio,<br \/>\nahora se a\u00f1ade que esta protecci\u00f3n debe extenderse, adem\u00e1s de a quien realiza una se\u00f1alaci\u00f3n,<br \/>\ntambi\u00e9n a \u00abla persona que afirma ser ofendida y a los testigos\u00bb.<\/p>\n<p>Tambi\u00e9n se refuerza la parte en la que se pide salvaguardar \u00abla leg\u00edtima protecci\u00f3n del buen nombre<br \/>\ny de la esfera privada de todas las personas implicadas\u00bb, as\u00ed como la presunci\u00f3n de inocencia para<br \/>\nquien es investigado en espera de que sean determinadas sus responsabilidades.<br \/>\nEn la nueva versi\u00f3n de \u00ab<em>Vos estis lux mundi<\/em>\u00bb tambi\u00e9n se especifica que las di\u00f3cesis y las eparqu\u00edas<br \/>\ndeben dotarse de \u00aborganismos y oficinas\u00bb \u2013 en el antiguo texto se hablaba m\u00e1s gen\u00e9ricamente de<br \/>\n\u00absistemas estables\u00bb \u2013 f\u00e1cilmente accesibles al p\u00fablico para recibir las se\u00f1alaciones de abusos. Y<br \/>\ntambi\u00e9n se especifica que la tarea de proceder con la investigaci\u00f3n es deber del obispo del lugar donde<br \/>\nhabr\u00edan ocurrido los hechos denunciados.<\/p>\n<p>Como se recordar\u00e1, los procedimientos introducidos en el 2019 establecen de modo preciso c\u00f3mo<br \/>\ncomportarse frente a las se\u00f1alaciones de casos de abuso y aseguran que obispos y superiores religiosos<br \/>\n\u2013 ahora tambi\u00e9n los laicos al frente de asociaciones internacionales \u2013 rindan cuentas de su actuaci\u00f3n<br \/>\ny est\u00e9n obligados \u2013 con un precepto legal establecido universalmente \u2013 a se\u00f1alar los abusos de los<br \/>\nque hayan tenido conocimiento.<\/p>\n<p>El documento inclu\u00eda y sigue incluyendo no s\u00f3lo las molestias y las violencias contra menores y<br \/>\nadultos vulnerables, sino que tambi\u00e9n se refiere a la violencia sexual y a las molestias derivadas del<br \/>\nabuso de autoridad. Por lo tanto, esta obligaci\u00f3n tambi\u00e9n incluye cualquier caso de violencia contra<br \/>\nlas religiosas por parte de cl\u00e9rigos, as\u00ed como el caso de molestias a seminaristas o novicios mayores<br \/>\nde edad.<\/p>\n","protected":false},"excerpt":{"rendered":"<p>Entra en vigor el 30 de abril<\/p>\n","protected":false},"author":15,"featured_media":65151,"comment_status":"closed","ping_status":"closed","sticky":false,"template":"","format":"standard","meta":{"_acf_changed":false,"_crdt_document":"","inline_featured_image":false,"footnotes":""},"categories":[68],"tags":[8733,157,158,4953],"class_list":["post-72953","post","type-post","status-publish","format-standard","has-post-thumbnail","hentry","category-leon-xiv","tag-contra-los-abusos","tag-motu-proprio","tag-papa-francisco","tag-trending-es"],"acf":[],"yoast_head":"<!-- This site is optimized with the Yoast SEO plugin v27.4 - https:\/\/yoast.com\/product\/yoast-seo-wordpress\/ -->\n<title>El Papa confirma \u201cVos estis lux mundi\u201d, el procedimiento contra los abusos &#8211; Exaudi<\/title>\n<meta name=\"robots\" content=\"index, follow, max-snippet:-1, max-image-preview:large, max-video-preview:-1\" \/>\n<link rel=\"canonical\" href=\"https:\/\/exaudi.org\/es\/el-papa-confirma-vos-estis-lux-mundi-el-procedimiento-contra-los-abusos\/\" \/>\n<meta property=\"og:locale\" content=\"es_ES\" \/>\n<meta property=\"og:type\" content=\"article\" \/>\n<meta property=\"og:title\" content=\"El Papa confirma \u201cVos estis lux mundi\u201d, el procedimiento contra los abusos &#8211; Exaudi\" \/>\n<meta property=\"og:description\" content=\"Entra en vigor el 30 de abril\" \/>\n<meta property=\"og:url\" content=\"https:\/\/exaudi.org\/es\/el-papa-confirma-vos-estis-lux-mundi-el-procedimiento-contra-los-abusos\/\" \/>\n<meta property=\"og:site_name\" content=\"Exaudi\" \/>\n<meta property=\"article:publisher\" content=\"https:\/\/www.facebook.com\/ExaudiNews\" \/>\n<meta property=\"article:author\" content=\"https:\/\/www.facebook.com\/ExaudiNoticias\/\" \/>\n<meta property=\"article:published_time\" content=\"2023-03-25T15:48:53+00:00\" \/>\n<meta property=\"article:modified_time\" content=\"2023-03-26T12:27:04+00:00\" \/>\n<meta property=\"og:image\" content=\"https:\/\/exaudi.org\/wp-content\/uploads\/2022\/11\/pexels-konstantinos-porikis-6139076-scaled.jpg\" \/>\n\t<meta property=\"og:image:width\" content=\"2560\" \/>\n\t<meta property=\"og:image:height\" content=\"1431\" \/>\n\t<meta property=\"og:image:type\" content=\"image\/jpeg\" \/>\n<meta name=\"author\" content=\"Exaudi Redacci\u00f3n\" \/>\n<meta name=\"twitter:card\" content=\"summary_large_image\" \/>\n<meta name=\"twitter:creator\" content=\"@Exaudi_noticias\" \/>\n<meta name=\"twitter:site\" content=\"@Exaudi_News\" \/>\n<meta name=\"twitter:label1\" content=\"Escrito por\" \/>\n\t<meta name=\"twitter:data1\" content=\"Exaudi Redacci\u00f3n\" \/>\n\t<meta name=\"twitter:label2\" content=\"Tiempo de lectura\" \/>\n\t<meta name=\"twitter:data2\" content=\"4 minutos\" \/>\n<script type=\"application\/ld+json\" class=\"yoast-schema-graph\">{\"@context\":\"https:\\\/\\\/schema.org\",\"@graph\":[{\"@type\":\"Article\",\"@id\":\"https:\\\/\\\/exaudi.org\\\/es\\\/el-papa-confirma-vos-estis-lux-mundi-el-procedimiento-contra-los-abusos\\\/#article\",\"isPartOf\":{\"@id\":\"https:\\\/\\\/exaudi.org\\\/es\\\/el-papa-confirma-vos-estis-lux-mundi-el-procedimiento-contra-los-abusos\\\/\"},\"author\":{\"name\":\"Exaudi Redacci\u00f3n\",\"@id\":\"https:\\\/\\\/exaudi.org\\\/#\\\/schema\\\/person\\\/f5fc8f063065e38742da7afe15f25df7\"},\"headline\":\"El Papa confirma \u201cVos estis lux mundi\u201d, el procedimiento contra los abusos\",\"datePublished\":\"2023-03-25T15:48:53+00:00\",\"dateModified\":\"2023-03-26T12:27:04+00:00\",\"mainEntityOfPage\":{\"@id\":\"https:\\\/\\\/exaudi.org\\\/es\\\/el-papa-confirma-vos-estis-lux-mundi-el-procedimiento-contra-los-abusos\\\/\"},\"wordCount\":786,\"image\":{\"@id\":\"https:\\\/\\\/exaudi.org\\\/es\\\/el-papa-confirma-vos-estis-lux-mundi-el-procedimiento-contra-los-abusos\\\/#primaryimage\"},\"thumbnailUrl\":\"https:\\\/\\\/exaudi.org\\\/wp-content\\\/uploads\\\/2022\\\/11\\\/pexels-konstantinos-porikis-6139076-scaled.jpg\",\"keywords\":[\"contra los abusos\",\"motu proprio\",\"papa francisco\",\"Trending\"],\"articleSection\":[\"Le\u00f3n XIV\"],\"inLanguage\":\"es\"},{\"@type\":\"WebPage\",\"@id\":\"https:\\\/\\\/exaudi.org\\\/es\\\/el-papa-confirma-vos-estis-lux-mundi-el-procedimiento-contra-los-abusos\\\/\",\"url\":\"https:\\\/\\\/exaudi.org\\\/es\\\/el-papa-confirma-vos-estis-lux-mundi-el-procedimiento-contra-los-abusos\\\/\",\"name\":\"El Papa confirma \u201cVos estis lux mundi\u201d, el procedimiento contra los abusos &#8211; Exaudi\",\"isPartOf\":{\"@id\":\"https:\\\/\\\/exaudi.org\\\/#website\"},\"primaryImageOfPage\":{\"@id\":\"https:\\\/\\\/exaudi.org\\\/es\\\/el-papa-confirma-vos-estis-lux-mundi-el-procedimiento-contra-los-abusos\\\/#primaryimage\"},\"image\":{\"@id\":\"https:\\\/\\\/exaudi.org\\\/es\\\/el-papa-confirma-vos-estis-lux-mundi-el-procedimiento-contra-los-abusos\\\/#primaryimage\"},\"thumbnailUrl\":\"https:\\\/\\\/exaudi.org\\\/wp-content\\\/uploads\\\/2022\\\/11\\\/pexels-konstantinos-porikis-6139076-scaled.jpg\",\"datePublished\":\"2023-03-25T15:48:53+00:00\",\"dateModified\":\"2023-03-26T12:27:04+00:00\",\"author\":{\"@id\":\"https:\\\/\\\/exaudi.org\\\/#\\\/schema\\\/person\\\/f5fc8f063065e38742da7afe15f25df7\"},\"breadcrumb\":{\"@id\":\"https:\\\/\\\/exaudi.org\\\/es\\\/el-papa-confirma-vos-estis-lux-mundi-el-procedimiento-contra-los-abusos\\\/#breadcrumb\"},\"inLanguage\":\"es\",\"potentialAction\":[{\"@type\":\"ReadAction\",\"target\":[\"https:\\\/\\\/exaudi.org\\\/es\\\/el-papa-confirma-vos-estis-lux-mundi-el-procedimiento-contra-los-abusos\\\/\"]}]},{\"@type\":\"ImageObject\",\"inLanguage\":\"es\",\"@id\":\"https:\\\/\\\/exaudi.org\\\/es\\\/el-papa-confirma-vos-estis-lux-mundi-el-procedimiento-contra-los-abusos\\\/#primaryimage\",\"url\":\"https:\\\/\\\/exaudi.org\\\/wp-content\\\/uploads\\\/2022\\\/11\\\/pexels-konstantinos-porikis-6139076-scaled.jpg\",\"contentUrl\":\"https:\\\/\\\/exaudi.org\\\/wp-content\\\/uploads\\\/2022\\\/11\\\/pexels-konstantinos-porikis-6139076-scaled.jpg\",\"width\":2560,\"height\":1431,\"caption\":\"Vaticano \u00a9 Pexels. Konstantinos Porikis\"},{\"@type\":\"BreadcrumbList\",\"@id\":\"https:\\\/\\\/exaudi.org\\\/es\\\/el-papa-confirma-vos-estis-lux-mundi-el-procedimiento-contra-los-abusos\\\/#breadcrumb\",\"itemListElement\":[{\"@type\":\"ListItem\",\"position\":1,\"name\":\"Portada\",\"item\":\"https:\\\/\\\/exaudi.org\\\/es\\\/\"},{\"@type\":\"ListItem\",\"position\":2,\"name\":\"El Papa confirma \u201cVos estis lux mundi\u201d, el procedimiento contra los abusos\"}]},{\"@type\":\"WebSite\",\"@id\":\"https:\\\/\\\/exaudi.org\\\/#website\",\"url\":\"https:\\\/\\\/exaudi.org\\\/\",\"name\":\"Exaudi\",\"description\":\"News\",\"potentialAction\":[{\"@type\":\"SearchAction\",\"target\":{\"@type\":\"EntryPoint\",\"urlTemplate\":\"https:\\\/\\\/exaudi.org\\\/?s={search_term_string}\"},\"query-input\":{\"@type\":\"PropertyValueSpecification\",\"valueRequired\":true,\"valueName\":\"search_term_string\"}}],\"inLanguage\":\"es\"},{\"@type\":\"Person\",\"@id\":\"https:\\\/\\\/exaudi.org\\\/#\\\/schema\\\/person\\\/f5fc8f063065e38742da7afe15f25df7\",\"name\":\"Exaudi Redacci\u00f3n\",\"image\":{\"@type\":\"ImageObject\",\"inLanguage\":\"es\",\"@id\":\"https:\\\/\\\/secure.gravatar.com\\\/avatar\\\/fe0f6a059fb68d9b3e11bc5850dd4899b1c7492091a3cb6dd9b01b56ad828be2?s=96&d=mm&r=g\",\"url\":\"https:\\\/\\\/secure.gravatar.com\\\/avatar\\\/fe0f6a059fb68d9b3e11bc5850dd4899b1c7492091a3cb6dd9b01b56ad828be2?s=96&d=mm&r=g\",\"contentUrl\":\"https:\\\/\\\/secure.gravatar.com\\\/avatar\\\/fe0f6a059fb68d9b3e11bc5850dd4899b1c7492091a3cb6dd9b01b56ad828be2?s=96&d=mm&r=g\",\"caption\":\"Exaudi Redacci\u00f3n\"},\"description\":\"\u00bfQu\u00e9 es Exaudi News? Exaudi News es un medio de comunicaci\u00f3n cat\u00f3lico internacional que informa, forma y transforma, diariamente en espa\u00f1ol, ingl\u00e9s e italiano. A trav\u00e9s de noticias, art\u00edculos de an\u00e1lisis y transmisiones en directo de los eventos del Papa, Exaudi busca fortalecer la unidad de los cristianos y contribuir a la evangelizaci\u00f3n del mundo, siempre guiados por la doctrina social de la Iglesia. Trabajamos para acercar la verdad y los valores cristianos a cada rinc\u00f3n del planeta. \u00a1Ay\u00fadanos a transformar el mundo con Exaudi! En Exaudi creemos que la evangelizaci\u00f3n y la informaci\u00f3n de calidad pueden cambiar vidas. Para continuar con nuestra misi\u00f3n y expandir nuestro alcance, necesitamos tu ayuda. Adem\u00e1s, buscamos personas comprometidas que deseen unirse a nuestro equipo. Con tu apoyo, lograremos llegar a m\u00e1s personas, difundir el mensaje de Cristo y reforzar la unidad de los cristianos. \u00bfTe unes a nuestra misi\u00f3n? Para m\u00e1s informaci\u00f3n sobre c\u00f3mo colaborar, visita Exaudi.org\\\/es o cont\u00e1ctanos directamente: info@exaudi.org Exaudi: Informa, forma y transforma.\",\"sameAs\":[\"https:\\\/\\\/www.facebook.com\\\/ExaudiNoticias\\\/\",\"https:\\\/\\\/www.instagram.com\\\/exaudi_noticias\\\/\",\"https:\\\/\\\/x.com\\\/Exaudi_noticias\",\"https:\\\/\\\/www.youtube.com\\\/@exaudicatholicnews\"],\"url\":\"https:\\\/\\\/exaudi.org\\\/es\\\/author\\\/redaccionexaudi\\\/\"}]}<\/script>\n<!-- \/ Yoast SEO plugin. -->","yoast_head_json":{"title":"El Papa confirma \u201cVos estis lux mundi\u201d, el procedimiento contra los abusos &#8211; Exaudi","robots":{"index":"index","follow":"follow","max-snippet":"max-snippet:-1","max-image-preview":"max-image-preview:large","max-video-preview":"max-video-preview:-1"},"canonical":"https:\/\/exaudi.org\/es\/el-papa-confirma-vos-estis-lux-mundi-el-procedimiento-contra-los-abusos\/","og_locale":"es_ES","og_type":"article","og_title":"El Papa confirma \u201cVos estis lux mundi\u201d, el procedimiento contra los abusos &#8211; Exaudi","og_description":"Entra en vigor el 30 de abril","og_url":"https:\/\/exaudi.org\/es\/el-papa-confirma-vos-estis-lux-mundi-el-procedimiento-contra-los-abusos\/","og_site_name":"Exaudi","article_publisher":"https:\/\/www.facebook.com\/ExaudiNews","article_author":"https:\/\/www.facebook.com\/ExaudiNoticias\/","article_published_time":"2023-03-25T15:48:53+00:00","article_modified_time":"2023-03-26T12:27:04+00:00","og_image":[{"width":2560,"height":1431,"url":"https:\/\/exaudi.org\/wp-content\/uploads\/2022\/11\/pexels-konstantinos-porikis-6139076-scaled.jpg","type":"image\/jpeg"}],"author":"Exaudi Redacci\u00f3n","twitter_card":"summary_large_image","twitter_creator":"@Exaudi_noticias","twitter_site":"@Exaudi_News","twitter_misc":{"Escrito por":"Exaudi Redacci\u00f3n","Tiempo de lectura":"4 minutos"},"schema":{"@context":"https:\/\/schema.org","@graph":[{"@type":"Article","@id":"https:\/\/exaudi.org\/es\/el-papa-confirma-vos-estis-lux-mundi-el-procedimiento-contra-los-abusos\/#article","isPartOf":{"@id":"https:\/\/exaudi.org\/es\/el-papa-confirma-vos-estis-lux-mundi-el-procedimiento-contra-los-abusos\/"},"author":{"name":"Exaudi Redacci\u00f3n","@id":"https:\/\/exaudi.org\/#\/schema\/person\/f5fc8f063065e38742da7afe15f25df7"},"headline":"El Papa confirma \u201cVos estis lux mundi\u201d, el procedimiento contra los abusos","datePublished":"2023-03-25T15:48:53+00:00","dateModified":"2023-03-26T12:27:04+00:00","mainEntityOfPage":{"@id":"https:\/\/exaudi.org\/es\/el-papa-confirma-vos-estis-lux-mundi-el-procedimiento-contra-los-abusos\/"},"wordCount":786,"image":{"@id":"https:\/\/exaudi.org\/es\/el-papa-confirma-vos-estis-lux-mundi-el-procedimiento-contra-los-abusos\/#primaryimage"},"thumbnailUrl":"https:\/\/exaudi.org\/wp-content\/uploads\/2022\/11\/pexels-konstantinos-porikis-6139076-scaled.jpg","keywords":["contra los abusos","motu proprio","papa francisco","Trending"],"articleSection":["Le\u00f3n XIV"],"inLanguage":"es"},{"@type":"WebPage","@id":"https:\/\/exaudi.org\/es\/el-papa-confirma-vos-estis-lux-mundi-el-procedimiento-contra-los-abusos\/","url":"https:\/\/exaudi.org\/es\/el-papa-confirma-vos-estis-lux-mundi-el-procedimiento-contra-los-abusos\/","name":"El Papa confirma \u201cVos estis lux mundi\u201d, el procedimiento contra los abusos &#8211; Exaudi","isPartOf":{"@id":"https:\/\/exaudi.org\/#website"},"primaryImageOfPage":{"@id":"https:\/\/exaudi.org\/es\/el-papa-confirma-vos-estis-lux-mundi-el-procedimiento-contra-los-abusos\/#primaryimage"},"image":{"@id":"https:\/\/exaudi.org\/es\/el-papa-confirma-vos-estis-lux-mundi-el-procedimiento-contra-los-abusos\/#primaryimage"},"thumbnailUrl":"https:\/\/exaudi.org\/wp-content\/uploads\/2022\/11\/pexels-konstantinos-porikis-6139076-scaled.jpg","datePublished":"2023-03-25T15:48:53+00:00","dateModified":"2023-03-26T12:27:04+00:00","author":{"@id":"https:\/\/exaudi.org\/#\/schema\/person\/f5fc8f063065e38742da7afe15f25df7"},"breadcrumb":{"@id":"https:\/\/exaudi.org\/es\/el-papa-confirma-vos-estis-lux-mundi-el-procedimiento-contra-los-abusos\/#breadcrumb"},"inLanguage":"es","potentialAction":[{"@type":"ReadAction","target":["https:\/\/exaudi.org\/es\/el-papa-confirma-vos-estis-lux-mundi-el-procedimiento-contra-los-abusos\/"]}]},{"@type":"ImageObject","inLanguage":"es","@id":"https:\/\/exaudi.org\/es\/el-papa-confirma-vos-estis-lux-mundi-el-procedimiento-contra-los-abusos\/#primaryimage","url":"https:\/\/exaudi.org\/wp-content\/uploads\/2022\/11\/pexels-konstantinos-porikis-6139076-scaled.jpg","contentUrl":"https:\/\/exaudi.org\/wp-content\/uploads\/2022\/11\/pexels-konstantinos-porikis-6139076-scaled.jpg","width":2560,"height":1431,"caption":"Vaticano \u00a9 Pexels. Konstantinos Porikis"},{"@type":"BreadcrumbList","@id":"https:\/\/exaudi.org\/es\/el-papa-confirma-vos-estis-lux-mundi-el-procedimiento-contra-los-abusos\/#breadcrumb","itemListElement":[{"@type":"ListItem","position":1,"name":"Portada","item":"https:\/\/exaudi.org\/es\/"},{"@type":"ListItem","position":2,"name":"El Papa confirma \u201cVos estis lux mundi\u201d, el procedimiento contra los abusos"}]},{"@type":"WebSite","@id":"https:\/\/exaudi.org\/#website","url":"https:\/\/exaudi.org\/","name":"Exaudi","description":"News","potentialAction":[{"@type":"SearchAction","target":{"@type":"EntryPoint","urlTemplate":"https:\/\/exaudi.org\/?s={search_term_string}"},"query-input":{"@type":"PropertyValueSpecification","valueRequired":true,"valueName":"search_term_string"}}],"inLanguage":"es"},{"@type":"Person","@id":"https:\/\/exaudi.org\/#\/schema\/person\/f5fc8f063065e38742da7afe15f25df7","name":"Exaudi Redacci\u00f3n","image":{"@type":"ImageObject","inLanguage":"es","@id":"https:\/\/secure.gravatar.com\/avatar\/fe0f6a059fb68d9b3e11bc5850dd4899b1c7492091a3cb6dd9b01b56ad828be2?s=96&d=mm&r=g","url":"https:\/\/secure.gravatar.com\/avatar\/fe0f6a059fb68d9b3e11bc5850dd4899b1c7492091a3cb6dd9b01b56ad828be2?s=96&d=mm&r=g","contentUrl":"https:\/\/secure.gravatar.com\/avatar\/fe0f6a059fb68d9b3e11bc5850dd4899b1c7492091a3cb6dd9b01b56ad828be2?s=96&d=mm&r=g","caption":"Exaudi Redacci\u00f3n"},"description":"\u00bfQu\u00e9 es Exaudi News? Exaudi News es un medio de comunicaci\u00f3n cat\u00f3lico internacional que informa, forma y transforma, diariamente en espa\u00f1ol, ingl\u00e9s e italiano. A trav\u00e9s de noticias, art\u00edculos de an\u00e1lisis y transmisiones en directo de los eventos del Papa, Exaudi busca fortalecer la unidad de los cristianos y contribuir a la evangelizaci\u00f3n del mundo, siempre guiados por la doctrina social de la Iglesia. Trabajamos para acercar la verdad y los valores cristianos a cada rinc\u00f3n del planeta. \u00a1Ay\u00fadanos a transformar el mundo con Exaudi! En Exaudi creemos que la evangelizaci\u00f3n y la informaci\u00f3n de calidad pueden cambiar vidas. Para continuar con nuestra misi\u00f3n y expandir nuestro alcance, necesitamos tu ayuda. Adem\u00e1s, buscamos personas comprometidas que deseen unirse a nuestro equipo. Con tu apoyo, lograremos llegar a m\u00e1s personas, difundir el mensaje de Cristo y reforzar la unidad de los cristianos. \u00bfTe unes a nuestra misi\u00f3n? Para m\u00e1s informaci\u00f3n sobre c\u00f3mo colaborar, visita Exaudi.org\/es o cont\u00e1ctanos directamente: info@exaudi.org Exaudi: Informa, forma y transforma.","sameAs":["https:\/\/www.facebook.com\/ExaudiNoticias\/","https:\/\/www.instagram.com\/exaudi_noticias\/","https:\/\/x.com\/Exaudi_noticias","https:\/\/www.youtube.com\/@exaudicatholicnews"],"url":"https:\/\/exaudi.org\/es\/author\/redaccionexaudi\/"}]}},"jetpack_featured_media_url":"https:\/\/exaudi.org\/wp-content\/uploads\/2022\/11\/pexels-konstantinos-porikis-6139076-scaled.jpg","jetpack_shortlink":"https:\/\/wp.me\/pgKjF2-iYF","_links":{"self":[{"href":"https:\/\/exaudi.org\/es\/wp-json\/wp\/v2\/posts\/72953","targetHints":{"allow":["GET"]}}],"collection":[{"href":"https:\/\/exaudi.org\/es\/wp-json\/wp\/v2\/posts"}],"about":[{"href":"https:\/\/exaudi.org\/es\/wp-json\/wp\/v2\/types\/post"}],"author":[{"embeddable":true,"href":"https:\/\/exaudi.org\/es\/wp-json\/wp\/v2\/users\/15"}],"replies":[{"embeddable":true,"href":"https:\/\/exaudi.org\/es\/wp-json\/wp\/v2\/comments?post=72953"}],"version-history":[{"count":0,"href":"https:\/\/exaudi.org\/es\/wp-json\/wp\/v2\/posts\/72953\/revisions"}],"wp:featuredmedia":[{"embeddable":true,"href":"https:\/\/exaudi.org\/es\/wp-json\/wp\/v2\/media\/65151"}],"wp:attachment":[{"href":"https:\/\/exaudi.org\/es\/wp-json\/wp\/v2\/media?parent=72953"}],"wp:term":[{"taxonomy":"category","embeddable":true,"href":"https:\/\/exaudi.org\/es\/wp-json\/wp\/v2\/categories?post=72953"},{"taxonomy":"post_tag","embeddable":true,"href":"https:\/\/exaudi.org\/es\/wp-json\/wp\/v2\/tags?post=72953"}],"curies":[{"name":"wp","href":"https:\/\/api.w.org\/{rel}","templated":true}]}}