{"id":72921,"date":"2023-03-27T10:00:48","date_gmt":"2023-03-27T08:00:48","guid":{"rendered":"https:\/\/exaudi.org\/?p=72921"},"modified":"2023-03-27T08:31:48","modified_gmt":"2023-03-27T06:31:48","slug":"por-que-orar","status":"publish","type":"post","link":"https:\/\/exaudi.org\/es\/por-que-orar\/","title":{"rendered":"\u00bfPor qu\u00e9 orar?"},"content":{"rendered":"<audio class=\"wp-audio-shortcode\" id=\"audio-72921-1\" preload=\"none\" style=\"width: 100%;\" controls=\"controls\"><source type=\"audio\/mpeg\" src=\"https:\/\/exaudi.org\/wp-content\/uploads\/2023\/03\/\u00bfPor-que-orar-\u00bfPor-que-orar-cuando-no-recibo-lo.mp3?_=1\" \/><a href=\"https:\/\/exaudi.org\/wp-content\/uploads\/2023\/03\/\u00bfPor-que-orar-\u00bfPor-que-orar-cuando-no-recibo-lo.mp3\">https:\/\/exaudi.org\/wp-content\/uploads\/2023\/03\/\u00bfPor-que-orar-\u00bfPor-que-orar-cuando-no-recibo-lo.mp3<\/a><\/audio>\n<p>En realidad, el t\u00edtulo deber\u00eda ser m\u00e1s largo: \u00bfpor qu\u00e9 orar cuando no recibo lo que he pedido? O, dicho m\u00e1s crudamente, \u00bfpara qu\u00e9 orar cuando aparentemente mis oraciones no son escuchadas o, peor a\u00fan, son escuchadas e ignoradas? A veces no resulta f\u00e1cil consolar a quien te dice, con el coraz\u00f3n roto: \u201c\u00bfde qu\u00e9 han servido todas las oraciones, las cadenas de oraci\u00f3n, tantas personas rezando\u2026?\u201d, cuando al final lo que se ped\u00eda, con tanta urgencia e insistencia, no se consigui\u00f3. \u00bfHay alguna especie de buz\u00f3n de reclamaci\u00f3n en el cielo?<\/p>\n<p>En mi muy particular experiencia pastoral, esas personas lo que necesitan es comprensi\u00f3n. Alguien que las escuche, las comprenda e intente devolverles la esperanza (s\u00f3lo Dios puede dar esperanza). A veces la vida es muy dura y la \u00fanica luz que se ve en el t\u00fanel es la de la oraci\u00f3n\u2026 y a veces esa luz se apaga. Cuando muere el hijo, la madre, la esposa\u2026 cuando te quedas sin trabajo y pasan los meses, los a\u00f1os incluso y no hay nuevo trabajo, y no s\u00e9 cu\u00e1ntos miles de situaciones m\u00e1s dif\u00edciles, que nos empujan a orar y de las que salimos desconsolados al no haber sido escuchados.<\/p>\n<p>Benedicto XVI habla de la oraci\u00f3n como de un lugar de esperanza:<\/p>\n<p style=\"text-align: center\"><strong><em>\u201cAgust\u00edn ilustr\u00f3 de forma muy bella la relaci\u00f3n \u00edntima entre oraci\u00f3n y esperanza en una homil\u00eda sobre la\u00a0Primera Carta de San Juan. \u00c9l define la oraci\u00f3n como un ejercicio del deseo. El hombre ha sido creado para una gran realidad, para Dios mismo, para ser colmado por \u00c9l. Pero su coraz\u00f3n es demasiado peque\u00f1o para la gran realidad que se le entrega. Tiene que ser ensanchado. \u00abDios, retardando [su don], ensancha el deseo; con el deseo, ensancha el alma y, ensanch\u00e1ndola, la hace capaz [de su don]\u00bb. Agust\u00edn se refiere a san Pablo, el cual dice de s\u00ed mismo que vive lanzado hacia lo que est\u00e1 por delante (cf.\u00a0Flp\u00a03,13). Despu\u00e9s usa una imagen muy bella para describir este proceso de ensanchamiento y preparaci\u00f3n del coraz\u00f3n humano. \u00abImag\u00ednate que Dios quiere llenarte de miel [s\u00edmbolo de la ternura y la bondad de Dios]; si est\u00e1s lleno de vinagre, \u00bfd\u00f3nde pondr\u00e1s la miel?\u00bb El vaso, es decir el coraz\u00f3n, tiene que ser antes ensanchado y luego purificado: liberado del vinagre y de su sabor. Eso requiere esfuerzo, es doloroso, pero s\u00f3lo as\u00ed se logra la capacitaci\u00f3n para lo que estamos destinados\u201d (Spe Salvi, 33).<\/em><\/strong><\/p>\n<p>Muy hermoso texto, pero no nos consuela, cuando nuestra petici\u00f3n sincera, aut\u00e9ntica, de lo m\u00e1s profundo del coraz\u00f3n no ha sido escuchada. A m\u00ed me sirve, en esos casos y siempre, pensar en el Padre Nuestro, modelo de la oraci\u00f3n cristiana. \u00bfQu\u00e9 le decimos ah\u00ed a Dios? \u201cH\u00e1gase Tu voluntad as\u00ed en la Tierra como en el Cielo.\u201d \u00a1C\u00f3mo nos gustar\u00eda que dijera: \u201ch\u00e1gase m\u00ed voluntad\u201d! Por otra parte, explica un padre de la Iglesia, creo que san Cipriano, que la voluntad de Dios se va a hacer, s\u00ed o s\u00ed; lo que le pedimos a Dios es que nosotros seamos capaces de ser instrumentos de esa voluntad. En realidad, lo que le pedimos a Dios es que seamos capaces de hacer Su voluntad en nuestra vida. Y esa voluntad a veces consiste en la Cruz.<\/p>\n<p>\u00bfNos olvida o ignora Dios cuando no escucha nuestras oraciones? Error. Siempre las escucha, no siempre hace lo que le pedimos. Pero no nos olvida, en realidad nos trata como a su Hijo, es decir, como a cristianos mayores de edad, los que han pasado por el crisol de la Cruz. \u201cEl cristiano madura y se hace fuerte junto a la Cruz de Jes\u00fas\u201d dir\u00eda san Josemar\u00eda. \u201cPadre, si es posible que pase de M\u00ed este c\u00e1liz, pero no se haga Mi voluntad sino la Tuya.\u201d Podr\u00edamos decir que la agon\u00eda de Jes\u00fas en Getseman\u00ed fue la primera oraci\u00f3n no cumplida. En realidad, fue todo lo contrario, Jes\u00fas que comenz\u00f3 postrado su oraci\u00f3n: \u201cmi alma est\u00e1 triste hasta la muerte\u201d, se hizo capaz de hacer la voluntad de Dios, y la termina diciendo: \u201cLevantaos, \u00a1vamos!, ya llega el que me va a entregar\u201d, sale decidido a realizar la voluntad de su Padre. \u00c9se es el verdadero fin de la oraci\u00f3n; por eso, cuando estamos desolados, no es el momento de dejar de rezar, al contrario, es la ocasi\u00f3n de incrementar nuestra oraci\u00f3n, para que tambi\u00e9n nosotros seamos capaces de hacer en nuestra vida la voluntad de Dios.<\/p>\n<p><img loading=\"lazy\" decoding=\"async\" class=\"size-full wp-image-72929 aligncenter\" src=\"https:\/\/exaudi.org\/wp-content\/uploads\/2023\/03\/Voces-8.jpg\" alt=\"\" width=\"1080\" height=\"1080\" srcset=\"https:\/\/exaudi.org\/wp-content\/uploads\/2023\/03\/Voces-8.jpg 1080w, https:\/\/exaudi.org\/wp-content\/uploads\/2023\/03\/Voces-8-300x300.jpg 300w, https:\/\/exaudi.org\/wp-content\/uploads\/2023\/03\/Voces-8-1024x1024.jpg 1024w, https:\/\/exaudi.org\/wp-content\/uploads\/2023\/03\/Voces-8-100x100.jpg?crop=1 100w, https:\/\/exaudi.org\/wp-content\/uploads\/2023\/03\/Voces-8-770x770.jpg 770w, https:\/\/exaudi.org\/wp-content\/uploads\/2023\/03\/Voces-8-500x500.jpg 500w, https:\/\/exaudi.org\/wp-content\/uploads\/2023\/03\/Voces-8-293x293.jpg 293w, https:\/\/exaudi.org\/wp-content\/uploads\/2023\/03\/Voces-8-390x390.jpg 390w, https:\/\/exaudi.org\/wp-content\/uploads\/2023\/03\/Voces-8-585x585.jpg 585w, https:\/\/exaudi.org\/wp-content\/uploads\/2023\/03\/Voces-8-900x900.jpg 900w\" sizes=\"auto, (max-width: 1080px) 100vw, 1080px\" \/><\/p>\n","protected":false},"excerpt":{"rendered":"<p>\u00bfPor qu\u00e9 orar cuando no recibo lo que he pedido?<\/p>\n","protected":false},"author":116,"featured_media":72922,"comment_status":"closed","ping_status":"closed","sticky":false,"template":"","format":"standard","meta":{"_acf_changed":false,"_crdt_document":"","inline_featured_image":false,"footnotes":""},"categories":[130],"tags":[3241,3975,8666,624,676,8725,8726,4953],"class_list":["post-72921","post","type-post","status-publish","format-standard","has-post-thumbnail","hentry","category-voces","tag-dios","tag-escucha","tag-escuchar","tag-esperanza","tag-oracion","tag-orar","tag-peticion","tag-trending-es"],"acf":[],"yoast_head":"<!-- This site is optimized with the Yoast SEO plugin v27.5 - https:\/\/yoast.com\/product\/yoast-seo-wordpress\/ -->\n<title>\u00bfPor qu\u00e9 orar? &#8211; Exaudi<\/title>\n<meta name=\"robots\" content=\"index, follow, max-snippet:-1, max-image-preview:large, max-video-preview:-1\" \/>\n<link rel=\"canonical\" href=\"https:\/\/exaudi.org\/es\/por-que-orar\/\" \/>\n<meta property=\"og:locale\" content=\"es_ES\" \/>\n<meta property=\"og:type\" content=\"article\" \/>\n<meta property=\"og:title\" content=\"\u00bfPor qu\u00e9 orar? &#8211; Exaudi\" \/>\n<meta property=\"og:description\" content=\"\u00bfPor qu\u00e9 orar cuando no recibo lo que he pedido?\" \/>\n<meta property=\"og:url\" content=\"https:\/\/exaudi.org\/es\/por-que-orar\/\" \/>\n<meta property=\"og:site_name\" content=\"Exaudi\" \/>\n<meta property=\"article:publisher\" content=\"https:\/\/www.facebook.com\/ExaudiNews\" \/>\n<meta property=\"article:published_time\" content=\"2023-03-27T08:00:48+00:00\" \/>\n<meta property=\"og:image\" content=\"https:\/\/exaudi.org\/wp-content\/uploads\/2023\/03\/pexels-cottonbro-studio-6284260-scaled.jpg\" \/>\n\t<meta property=\"og:image:width\" content=\"2560\" \/>\n\t<meta property=\"og:image:height\" content=\"1707\" \/>\n\t<meta property=\"og:image:type\" content=\"image\/jpeg\" \/>\n<meta name=\"author\" content=\"Salvador Fabre\" \/>\n<meta name=\"twitter:card\" content=\"summary_large_image\" \/>\n<meta name=\"twitter:creator\" content=\"@Exaudi_News\" \/>\n<meta name=\"twitter:site\" content=\"@Exaudi_News\" \/>\n<meta name=\"twitter:label1\" content=\"Escrito por\" \/>\n\t<meta name=\"twitter:data1\" content=\"Salvador Fabre\" \/>\n\t<meta name=\"twitter:label2\" content=\"Tiempo de lectura\" \/>\n\t<meta name=\"twitter:data2\" content=\"4 minutos\" \/>\n<script type=\"application\/ld+json\" class=\"yoast-schema-graph\">{\"@context\":\"https:\\\/\\\/schema.org\",\"@graph\":[{\"@type\":\"Article\",\"@id\":\"https:\\\/\\\/exaudi.org\\\/es\\\/por-que-orar\\\/#article\",\"isPartOf\":{\"@id\":\"https:\\\/\\\/exaudi.org\\\/es\\\/por-que-orar\\\/\"},\"author\":{\"name\":\"Salvador Fabre\",\"@id\":\"https:\\\/\\\/exaudi.org\\\/#\\\/schema\\\/person\\\/29b1dbd9f3952eecacfc704ca1a473a8\"},\"headline\":\"\u00bfPor qu\u00e9 orar?\",\"datePublished\":\"2023-03-27T08:00:48+00:00\",\"mainEntityOfPage\":{\"@id\":\"https:\\\/\\\/exaudi.org\\\/es\\\/por-que-orar\\\/\"},\"wordCount\":815,\"image\":{\"@id\":\"https:\\\/\\\/exaudi.org\\\/es\\\/por-que-orar\\\/#primaryimage\"},\"thumbnailUrl\":\"https:\\\/\\\/exaudi.org\\\/wp-content\\\/uploads\\\/2023\\\/03\\\/pexels-cottonbro-studio-6284260-scaled.jpg\",\"keywords\":[\"Dios\",\"Escucha\",\"Escuchar\",\"Esperanza\",\"Oraci\u00f3n\",\"Orar\",\"Petici\u00f3n\",\"Trending\"],\"articleSection\":[\"Voces\"],\"inLanguage\":\"es\"},{\"@type\":\"WebPage\",\"@id\":\"https:\\\/\\\/exaudi.org\\\/es\\\/por-que-orar\\\/\",\"url\":\"https:\\\/\\\/exaudi.org\\\/es\\\/por-que-orar\\\/\",\"name\":\"\u00bfPor qu\u00e9 orar? &#8211; Exaudi\",\"isPartOf\":{\"@id\":\"https:\\\/\\\/exaudi.org\\\/#website\"},\"primaryImageOfPage\":{\"@id\":\"https:\\\/\\\/exaudi.org\\\/es\\\/por-que-orar\\\/#primaryimage\"},\"image\":{\"@id\":\"https:\\\/\\\/exaudi.org\\\/es\\\/por-que-orar\\\/#primaryimage\"},\"thumbnailUrl\":\"https:\\\/\\\/exaudi.org\\\/wp-content\\\/uploads\\\/2023\\\/03\\\/pexels-cottonbro-studio-6284260-scaled.jpg\",\"datePublished\":\"2023-03-27T08:00:48+00:00\",\"author\":{\"@id\":\"https:\\\/\\\/exaudi.org\\\/#\\\/schema\\\/person\\\/29b1dbd9f3952eecacfc704ca1a473a8\"},\"breadcrumb\":{\"@id\":\"https:\\\/\\\/exaudi.org\\\/es\\\/por-que-orar\\\/#breadcrumb\"},\"inLanguage\":\"es\",\"potentialAction\":[{\"@type\":\"ReadAction\",\"target\":[\"https:\\\/\\\/exaudi.org\\\/es\\\/por-que-orar\\\/\"]}]},{\"@type\":\"ImageObject\",\"inLanguage\":\"es\",\"@id\":\"https:\\\/\\\/exaudi.org\\\/es\\\/por-que-orar\\\/#primaryimage\",\"url\":\"https:\\\/\\\/exaudi.org\\\/wp-content\\\/uploads\\\/2023\\\/03\\\/pexels-cottonbro-studio-6284260-scaled.jpg\",\"contentUrl\":\"https:\\\/\\\/exaudi.org\\\/wp-content\\\/uploads\\\/2023\\\/03\\\/pexels-cottonbro-studio-6284260-scaled.jpg\",\"width\":2560,\"height\":1707,\"caption\":\"(C) Pexels\"},{\"@type\":\"BreadcrumbList\",\"@id\":\"https:\\\/\\\/exaudi.org\\\/es\\\/por-que-orar\\\/#breadcrumb\",\"itemListElement\":[{\"@type\":\"ListItem\",\"position\":1,\"name\":\"Portada\",\"item\":\"https:\\\/\\\/exaudi.org\\\/es\\\/\"},{\"@type\":\"ListItem\",\"position\":2,\"name\":\"\u00bfPor qu\u00e9 orar?\"}]},{\"@type\":\"WebSite\",\"@id\":\"https:\\\/\\\/exaudi.org\\\/#website\",\"url\":\"https:\\\/\\\/exaudi.org\\\/\",\"name\":\"Exaudi\",\"description\":\"News\",\"potentialAction\":[{\"@type\":\"SearchAction\",\"target\":{\"@type\":\"EntryPoint\",\"urlTemplate\":\"https:\\\/\\\/exaudi.org\\\/?s={search_term_string}\"},\"query-input\":{\"@type\":\"PropertyValueSpecification\",\"valueRequired\":true,\"valueName\":\"search_term_string\"}}],\"inLanguage\":\"es\"},{\"@type\":\"Person\",\"@id\":\"https:\\\/\\\/exaudi.org\\\/#\\\/schema\\\/person\\\/29b1dbd9f3952eecacfc704ca1a473a8\",\"name\":\"Salvador Fabre\",\"image\":{\"@type\":\"ImageObject\",\"inLanguage\":\"es\",\"@id\":\"https:\\\/\\\/secure.gravatar.com\\\/avatar\\\/8d1a5a78ba86b9a8255e1c5b454943b9168b1dc31a275487309b73b631a7ac5d?s=96&d=mm&r=g\",\"url\":\"https:\\\/\\\/secure.gravatar.com\\\/avatar\\\/8d1a5a78ba86b9a8255e1c5b454943b9168b1dc31a275487309b73b631a7ac5d?s=96&d=mm&r=g\",\"contentUrl\":\"https:\\\/\\\/secure.gravatar.com\\\/avatar\\\/8d1a5a78ba86b9a8255e1c5b454943b9168b1dc31a275487309b73b631a7ac5d?s=96&d=mm&r=g\",\"caption\":\"Salvador Fabre\"},\"description\":\"Doctor en filosof\u00eda - Pensar en Cristiano\",\"url\":\"https:\\\/\\\/exaudi.org\\\/es\\\/author\\\/dr-salvador-fabre\\\/\"}]}<\/script>\n<!-- \/ Yoast SEO plugin. -->","yoast_head_json":{"title":"\u00bfPor qu\u00e9 orar? &#8211; Exaudi","robots":{"index":"index","follow":"follow","max-snippet":"max-snippet:-1","max-image-preview":"max-image-preview:large","max-video-preview":"max-video-preview:-1"},"canonical":"https:\/\/exaudi.org\/es\/por-que-orar\/","og_locale":"es_ES","og_type":"article","og_title":"\u00bfPor qu\u00e9 orar? &#8211; Exaudi","og_description":"\u00bfPor qu\u00e9 orar cuando no recibo lo que he pedido?","og_url":"https:\/\/exaudi.org\/es\/por-que-orar\/","og_site_name":"Exaudi","article_publisher":"https:\/\/www.facebook.com\/ExaudiNews","article_published_time":"2023-03-27T08:00:48+00:00","og_image":[{"width":2560,"height":1707,"url":"https:\/\/exaudi.org\/wp-content\/uploads\/2023\/03\/pexels-cottonbro-studio-6284260-scaled.jpg","type":"image\/jpeg"}],"author":"Salvador Fabre","twitter_card":"summary_large_image","twitter_creator":"@Exaudi_News","twitter_site":"@Exaudi_News","twitter_misc":{"Escrito por":"Salvador Fabre","Tiempo de lectura":"4 minutos"},"schema":{"@context":"https:\/\/schema.org","@graph":[{"@type":"Article","@id":"https:\/\/exaudi.org\/es\/por-que-orar\/#article","isPartOf":{"@id":"https:\/\/exaudi.org\/es\/por-que-orar\/"},"author":{"name":"Salvador Fabre","@id":"https:\/\/exaudi.org\/#\/schema\/person\/29b1dbd9f3952eecacfc704ca1a473a8"},"headline":"\u00bfPor qu\u00e9 orar?","datePublished":"2023-03-27T08:00:48+00:00","mainEntityOfPage":{"@id":"https:\/\/exaudi.org\/es\/por-que-orar\/"},"wordCount":815,"image":{"@id":"https:\/\/exaudi.org\/es\/por-que-orar\/#primaryimage"},"thumbnailUrl":"https:\/\/exaudi.org\/wp-content\/uploads\/2023\/03\/pexels-cottonbro-studio-6284260-scaled.jpg","keywords":["Dios","Escucha","Escuchar","Esperanza","Oraci\u00f3n","Orar","Petici\u00f3n","Trending"],"articleSection":["Voces"],"inLanguage":"es"},{"@type":"WebPage","@id":"https:\/\/exaudi.org\/es\/por-que-orar\/","url":"https:\/\/exaudi.org\/es\/por-que-orar\/","name":"\u00bfPor qu\u00e9 orar? &#8211; Exaudi","isPartOf":{"@id":"https:\/\/exaudi.org\/#website"},"primaryImageOfPage":{"@id":"https:\/\/exaudi.org\/es\/por-que-orar\/#primaryimage"},"image":{"@id":"https:\/\/exaudi.org\/es\/por-que-orar\/#primaryimage"},"thumbnailUrl":"https:\/\/exaudi.org\/wp-content\/uploads\/2023\/03\/pexels-cottonbro-studio-6284260-scaled.jpg","datePublished":"2023-03-27T08:00:48+00:00","author":{"@id":"https:\/\/exaudi.org\/#\/schema\/person\/29b1dbd9f3952eecacfc704ca1a473a8"},"breadcrumb":{"@id":"https:\/\/exaudi.org\/es\/por-que-orar\/#breadcrumb"},"inLanguage":"es","potentialAction":[{"@type":"ReadAction","target":["https:\/\/exaudi.org\/es\/por-que-orar\/"]}]},{"@type":"ImageObject","inLanguage":"es","@id":"https:\/\/exaudi.org\/es\/por-que-orar\/#primaryimage","url":"https:\/\/exaudi.org\/wp-content\/uploads\/2023\/03\/pexels-cottonbro-studio-6284260-scaled.jpg","contentUrl":"https:\/\/exaudi.org\/wp-content\/uploads\/2023\/03\/pexels-cottonbro-studio-6284260-scaled.jpg","width":2560,"height":1707,"caption":"(C) Pexels"},{"@type":"BreadcrumbList","@id":"https:\/\/exaudi.org\/es\/por-que-orar\/#breadcrumb","itemListElement":[{"@type":"ListItem","position":1,"name":"Portada","item":"https:\/\/exaudi.org\/es\/"},{"@type":"ListItem","position":2,"name":"\u00bfPor qu\u00e9 orar?"}]},{"@type":"WebSite","@id":"https:\/\/exaudi.org\/#website","url":"https:\/\/exaudi.org\/","name":"Exaudi","description":"News","potentialAction":[{"@type":"SearchAction","target":{"@type":"EntryPoint","urlTemplate":"https:\/\/exaudi.org\/?s={search_term_string}"},"query-input":{"@type":"PropertyValueSpecification","valueRequired":true,"valueName":"search_term_string"}}],"inLanguage":"es"},{"@type":"Person","@id":"https:\/\/exaudi.org\/#\/schema\/person\/29b1dbd9f3952eecacfc704ca1a473a8","name":"Salvador Fabre","image":{"@type":"ImageObject","inLanguage":"es","@id":"https:\/\/secure.gravatar.com\/avatar\/8d1a5a78ba86b9a8255e1c5b454943b9168b1dc31a275487309b73b631a7ac5d?s=96&d=mm&r=g","url":"https:\/\/secure.gravatar.com\/avatar\/8d1a5a78ba86b9a8255e1c5b454943b9168b1dc31a275487309b73b631a7ac5d?s=96&d=mm&r=g","contentUrl":"https:\/\/secure.gravatar.com\/avatar\/8d1a5a78ba86b9a8255e1c5b454943b9168b1dc31a275487309b73b631a7ac5d?s=96&d=mm&r=g","caption":"Salvador Fabre"},"description":"Doctor en filosof\u00eda - Pensar en Cristiano","url":"https:\/\/exaudi.org\/es\/author\/dr-salvador-fabre\/"}]}},"jetpack_featured_media_url":"https:\/\/exaudi.org\/wp-content\/uploads\/2023\/03\/pexels-cottonbro-studio-6284260-scaled.jpg","jetpack_shortlink":"https:\/\/wp.me\/pgKjF2-iY9","_links":{"self":[{"href":"https:\/\/exaudi.org\/es\/wp-json\/wp\/v2\/posts\/72921","targetHints":{"allow":["GET"]}}],"collection":[{"href":"https:\/\/exaudi.org\/es\/wp-json\/wp\/v2\/posts"}],"about":[{"href":"https:\/\/exaudi.org\/es\/wp-json\/wp\/v2\/types\/post"}],"author":[{"embeddable":true,"href":"https:\/\/exaudi.org\/es\/wp-json\/wp\/v2\/users\/116"}],"replies":[{"embeddable":true,"href":"https:\/\/exaudi.org\/es\/wp-json\/wp\/v2\/comments?post=72921"}],"version-history":[{"count":0,"href":"https:\/\/exaudi.org\/es\/wp-json\/wp\/v2\/posts\/72921\/revisions"}],"wp:featuredmedia":[{"embeddable":true,"href":"https:\/\/exaudi.org\/es\/wp-json\/wp\/v2\/media\/72922"}],"wp:attachment":[{"href":"https:\/\/exaudi.org\/es\/wp-json\/wp\/v2\/media?parent=72921"}],"wp:term":[{"taxonomy":"category","embeddable":true,"href":"https:\/\/exaudi.org\/es\/wp-json\/wp\/v2\/categories?post=72921"},{"taxonomy":"post_tag","embeddable":true,"href":"https:\/\/exaudi.org\/es\/wp-json\/wp\/v2\/tags?post=72921"}],"curies":[{"name":"wp","href":"https:\/\/api.w.org\/{rel}","templated":true}]}}