{"id":72817,"date":"2023-03-23T09:17:25","date_gmt":"2023-03-23T08:17:25","guid":{"rendered":"https:\/\/exaudi.org\/?p=72817"},"modified":"2023-03-23T09:59:18","modified_gmt":"2023-03-23T08:59:18","slug":"gemma-calabresi-es-posible-perdonar-sin-fe-con-la-propia-humanidad","status":"publish","type":"post","link":"https:\/\/exaudi.org\/es\/gemma-calabresi-es-posible-perdonar-sin-fe-con-la-propia-humanidad\/","title":{"rendered":"Gemma Calabresi: \u201cEs posible perdonar sin fe, con la propia humanidad\u201d"},"content":{"rendered":"<audio class=\"wp-audio-shortcode\" id=\"audio-72817-1\" preload=\"none\" style=\"width: 100%;\" controls=\"controls\"><source type=\"audio\/mpeg\" src=\"https:\/\/exaudi.org\/wp-content\/uploads\/2023\/03\/Gemma-Calabresi-Es-posible-perdonar-sin-fe-con.mp3?_=1\" \/><a href=\"https:\/\/exaudi.org\/wp-content\/uploads\/2023\/03\/Gemma-Calabresi-Es-posible-perdonar-sin-fe-con.mp3\">https:\/\/exaudi.org\/wp-content\/uploads\/2023\/03\/Gemma-Calabresi-Es-posible-perdonar-sin-fe-con.mp3<\/a><\/audio>\n<p>Gemma Calabresi, autora del libro <em><a href=\"https:\/\/edicionesencuentro.com\/libro\/la-grieta-y-la-luz\/\">La grieta y la luz<\/a>, <\/em>considera que \u201ces posible perdonar tambi\u00e9n sin fe, con la propia humanidad\u201d porque <a href=\"https:\/\/exaudi.org\/es\/monsenor-ugarte-el-perdon-puerta-felicidad\/\" target=\"_blank\" rel=\"noopener\">el perd\u00f3n<\/a> \u201ces un don, que solo puedes dar con el coraz\u00f3n. Un don lo das solo con amor, no puedes tomarlo a la ligera\u201d.<\/p>\n<p><em><img loading=\"lazy\" decoding=\"async\" class=\"size-medium wp-image-72821 alignleft\" src=\"https:\/\/exaudi.org\/wp-content\/uploads\/2023\/03\/1679559139833-213x300.jpg\" alt=\"\" width=\"213\" height=\"300\" srcset=\"https:\/\/exaudi.org\/wp-content\/uploads\/2023\/03\/1679559139833-213x300.jpg 213w, https:\/\/exaudi.org\/wp-content\/uploads\/2023\/03\/1679559139833-728x1024.jpg 728w, https:\/\/exaudi.org\/wp-content\/uploads\/2023\/03\/1679559139833-770x1084.jpg 770w, https:\/\/exaudi.org\/wp-content\/uploads\/2023\/03\/1679559139833-1091x1536.jpg 1091w, https:\/\/exaudi.org\/wp-content\/uploads\/2023\/03\/1679559139833-500x704.jpg 500w, https:\/\/exaudi.org\/wp-content\/uploads\/2023\/03\/1679559139833-293x412.jpg 293w, https:\/\/exaudi.org\/wp-content\/uploads\/2023\/03\/1679559139833-1400x1971.jpg 1400w, https:\/\/exaudi.org\/wp-content\/uploads\/2023\/03\/1679559139833-390x549.jpg 390w, https:\/\/exaudi.org\/wp-content\/uploads\/2023\/03\/1679559139833.jpg 1455w\" sizes=\"auto, (max-width: 213px) 100vw, 213px\" \/>La grieta y la luz<\/em> (<a href=\"https:\/\/edicionesencuentro.com\/\" target=\"_blank\" rel=\"noopener\">Ediciones Encuentro<\/a>, 2023) es el relato del viaje de Gemma Capra, viuda del comisario Calabresi, hacia el perd\u00f3n. Este recorrido comienza el d\u00eda del asesinato de su marido y el pr\u00e1cticamente inevitable deseo de venganza de una joven de 25 a\u00f1os que se qued\u00f3 sola con dos ni\u00f1os peque\u00f1os y embarazada del tercero.<\/p>\n<p>Este ha sido un periplo que, no sin esfuerzo, le ha llevado a criar a sus hijos lejos de la tentaci\u00f3n del rencor e ira y, con el paso del tiempo, a abrazar cada vez con mayor determinaci\u00f3n la idea del perd\u00f3n.<\/p>\n<p>El de Gemma es un relato que abarca medio siglo y en el que se entrelazan momentos \u00edntimos y privados con episodios p\u00fablicos de una sociedad afectada por el terrorismo. Con pr\u00f3logo de Irene Villa, <em>La grieta y la luz<\/em> es un testimonio intenso, conmovedor y sincero sobre el sentido de la justicia, el perd\u00f3n y la memoria.<\/p>\n<p>A continuaci\u00f3n, sigue la entrevista que Gemma ha concedido a Exaudi.<\/p>\n<p><strong>***<\/strong><\/p>\n<p><strong>Exaudi: En su libro explica que, aunque se esforz\u00f3 en perdonar \u201cusando la cabeza\u201d, fue en vano, porque comprendi\u00f3 que el perd\u00f3n \u201ces un movimiento aut\u00f3nomo del coraz\u00f3n\u201d. Es verdad que todos somos humanos y que tenemos un coraz\u00f3n y la capacidad de amar, pero \u00bfqu\u00e9 papel tiene la fe en este proceso? Y \u00bfes m\u00e1s dif\u00edcil perdonar sin fe?<\/strong><\/p>\n<p><strong><img loading=\"lazy\" decoding=\"async\" class=\"size-medium wp-image-72828 alignright\" src=\"https:\/\/exaudi.org\/wp-content\/uploads\/2023\/03\/MG_8752-300x200.jpg\" alt=\"\" width=\"300\" height=\"200\" srcset=\"https:\/\/exaudi.org\/wp-content\/uploads\/2023\/03\/MG_8752-300x200.jpg 300w, https:\/\/exaudi.org\/wp-content\/uploads\/2023\/03\/MG_8752-1024x683.jpg 1024w, https:\/\/exaudi.org\/wp-content\/uploads\/2023\/03\/MG_8752-770x513.jpg 770w, https:\/\/exaudi.org\/wp-content\/uploads\/2023\/03\/MG_8752-1536x1024.jpg 1536w, https:\/\/exaudi.org\/wp-content\/uploads\/2023\/03\/MG_8752-360x240.jpg?crop=1 360w, https:\/\/exaudi.org\/wp-content\/uploads\/2023\/03\/MG_8752-500x333.jpg 500w, https:\/\/exaudi.org\/wp-content\/uploads\/2023\/03\/MG_8752-1155x770.jpg 1155w, https:\/\/exaudi.org\/wp-content\/uploads\/2023\/03\/MG_8752-370x247.jpg 370w, https:\/\/exaudi.org\/wp-content\/uploads\/2023\/03\/MG_8752-293x195.jpg 293w, https:\/\/exaudi.org\/wp-content\/uploads\/2023\/03\/MG_8752-1400x933.jpg 1400w, https:\/\/exaudi.org\/wp-content\/uploads\/2023\/03\/MG_8752-120x80.jpg 120w, https:\/\/exaudi.org\/wp-content\/uploads\/2023\/03\/MG_8752-240x160.jpg 240w, https:\/\/exaudi.org\/wp-content\/uploads\/2023\/03\/MG_8752-390x260.jpg 390w, https:\/\/exaudi.org\/wp-content\/uploads\/2023\/03\/MG_8752.jpg 2048w\" sizes=\"auto, (max-width: 300px) 100vw, 300px\" \/>Gemma Calabresi:<\/strong> Me dec\u00eda siempre a m\u00ed misma que como cristiana debo perdonar, pero es muy dif\u00edcil, y no dejaba de pensar y razonar c\u00f3mo hacerlo. Despu\u00e9s descubr\u00ed que lo dice la palabra: es un don, que solo puedes dar con el coraz\u00f3n. Un don lo das solo con amor, no puedes tomarlo a la ligera. As\u00ed que decid\u00ed que iba a perdonar, independientemente de que me lo pidieran, como una decisi\u00f3n de mi vida.<\/p>\n<p>La fe me ha ayudado mucho, pero pienso que es posible perdonar tambi\u00e9n sin fe, con la propia humanidad. Porque el perd\u00f3n no es propiedad de la Iglesia o de la religi\u00f3n, sino que es un sentimiento que podemos tener todos.<\/p>\n<p><strong>Exaudi: A lo largo de su historia, usted habla muchas veces de oraci\u00f3n: de c\u00f3mo ha rezado por los asesinos de su marido, y de c\u00f3mo ellos han rezado por usted. \u00bfNos puede hablar de esta experiencia personal de la Comuni\u00f3n de los Santos y como ha sentido sus efectos en su vida cotidiana?<\/strong><\/p>\n<p><strong>Gemma Calabresi:<\/strong> La oraci\u00f3n nos pone en comuni\u00f3n entre nosotros, pone en marcha el amor. Dios sabe lo que necesitamos, pero quiere que seamos nosotros los que pidamos por nosotros y por los dem\u00e1s. Es un acto de fe respecto a Dios y un acto de fraternidad respecto al pr\u00f3jimo. La oraci\u00f3n camina, sube, y Dios concede.<\/p>\n<p><strong>Exaudi: \u00bfQu\u00e9 piensa de esa expresi\u00f3n que usan muchos: \u201cPerdono, pero no olvido\u201d? \u00bfEs necesario \u201colvidar\u201d hasta un cierto punto para perdonar, o las dos cosas son compatibles?<\/strong><\/p>\n<p><strong>Gemma Calabresi:<\/strong> Cuando uno dice \u201cperdono, pero no olvido\u201d, yo creo que no es un perd\u00f3n verdadero. Quiere decir que queda rencor, rabia. Porque cuando nos sucede una tragedia es como una herida: se cura, pero queda la cicatriz. Es decir, no se olvida lo que ha sucedido, pero se olvida la maldad de las personas, de los que te han hecho mal. Este es el verdadero perd\u00f3n.<\/p>\n<p><strong>Exaudi: Una de las personas implicadas en el homicidio de su marido ha mostrado arrepentimiento. \u00bfHay una diferencia en el perd\u00f3n respecto a quien no lo ha hecho? \u00bfDe d\u00f3nde viene ese esfuerzo \u201cextra\u201d del coraz\u00f3n en los casos en los que no hay arrepentimiento por la otra parte? <\/strong><\/p>\n<p><strong><img loading=\"lazy\" decoding=\"async\" class=\"size-medium wp-image-72834 alignleft\" src=\"https:\/\/exaudi.org\/wp-content\/uploads\/2023\/03\/MG_8764-300x200.jpg\" alt=\"\" width=\"300\" height=\"200\" srcset=\"https:\/\/exaudi.org\/wp-content\/uploads\/2023\/03\/MG_8764-300x200.jpg 300w, https:\/\/exaudi.org\/wp-content\/uploads\/2023\/03\/MG_8764-1024x683.jpg 1024w, https:\/\/exaudi.org\/wp-content\/uploads\/2023\/03\/MG_8764-770x513.jpg 770w, https:\/\/exaudi.org\/wp-content\/uploads\/2023\/03\/MG_8764-1536x1024.jpg 1536w, https:\/\/exaudi.org\/wp-content\/uploads\/2023\/03\/MG_8764-360x240.jpg?crop=1 360w, https:\/\/exaudi.org\/wp-content\/uploads\/2023\/03\/MG_8764-500x333.jpg 500w, https:\/\/exaudi.org\/wp-content\/uploads\/2023\/03\/MG_8764-1155x770.jpg 1155w, https:\/\/exaudi.org\/wp-content\/uploads\/2023\/03\/MG_8764-370x247.jpg 370w, https:\/\/exaudi.org\/wp-content\/uploads\/2023\/03\/MG_8764-293x195.jpg 293w, https:\/\/exaudi.org\/wp-content\/uploads\/2023\/03\/MG_8764-1400x933.jpg 1400w, https:\/\/exaudi.org\/wp-content\/uploads\/2023\/03\/MG_8764-120x80.jpg 120w, https:\/\/exaudi.org\/wp-content\/uploads\/2023\/03\/MG_8764-240x160.jpg 240w, https:\/\/exaudi.org\/wp-content\/uploads\/2023\/03\/MG_8764-390x260.jpg 390w, https:\/\/exaudi.org\/wp-content\/uploads\/2023\/03\/MG_8764.jpg 2048w\" sizes=\"auto, (max-width: 300px) 100vw, 300px\" \/>Gemma Calabresi:<\/strong> En cierto sentido, ya he respondido antes. Yo iba a perdonar en cualquier caso a todos, sin esperar nada a cambio. Porque cuando eliges perdonar, no miras a qui\u00e9n perdonas m\u00e1s y a qui\u00e9n menos, sino que el amor que te invade es para todos.<\/p>\n<p><strong>Exaudi: El t\u00edtulo de su obra no se refiere solo al perd\u00f3n, sino tambi\u00e9n a la esperanza: las personas son capaces de cometer actos deplorables, pero tambi\u00e9n otros llenos de bondad y somos dignos de nuevas oportunidades. \u00bfC\u00f3mo se puede dejar a un lado lo negativo, sobre todo cuando se trata de algo tan flagrante como el homicidio de una persona querida, y confiar en la redenci\u00f3n humana? En este sentido, \u00bfse ha inspirado en la actitud de Jes\u00fas respecto a quienes eran considerados \u201cpecadores\u201d en su vida p\u00fablica y a quienes lo condenaron a su pasi\u00f3n y muerte?<\/strong><\/p>\n<p><strong>Gemma Calabresi:<\/strong> Yo he descubierto signos. Todos los recibimos, hace falta saberlos ver, saberlos leer, saberlos aceptar. Os contar\u00e9 algo. Un d\u00eda estaba en el tribunal, en una pausa del juicio, y vi a uno de los acusados ir hasta el fondo de la sala a saludar a su hijo. Era muy tierno con su hijo: lo abrazaba, lo besaba, lo acariciaba, le se\u00f1alaba la puerta, le dec\u00eda que se fuera a casa. Yo en ese momento le mir\u00e9 con otros ojos. Le vi tambi\u00e9n como a m\u00ed misma, porque yo hubiera hecho lo mismo. Entend\u00ed que \u00e9l no era solamente el inductor de un homicidio. Pens\u00e9: \u201c\u00bfqu\u00e9 derecho tengo de relegarles para toda la vida al peor acto que han cometido?\u201d. Les devolv\u00ed su humanidad, su dignidad de personas, su vida, y los vi distintos: ya no les llam\u00e9 asesinos, sino los responsables de la muerte de Gigi.<\/p>\n<p><strong>Exaudi: Finalmente, usted ha debido perdonar algo tan terrible como el homicidio de su marido, algo que no todos debemos afrontar en la vida. Sin embargo, debemos perdonar constantemente las peque\u00f1as miserias cotidianas. \u00bfQu\u00e9 consejos da para \u201cmover el coraz\u00f3n\u201d hacia el amor y para saber perdonar m\u00e1s r\u00e1pida y f\u00e1cilmente en las peque\u00f1as cosas?<\/strong><\/p>\n<p><strong>Gemma Calabresi:<\/strong> Puedo decir lo que he aprendido de los signos. He entendido que no puedes \u201ccrucificar\u201d a la persona que te ha ofendido solo por esa calumnia, o esa ofensa, o ese gesto que has recibido. De ah\u00ed no sales. Esa persona es tambi\u00e9n muchas otras cosas. Debemos mirarlo en toda su historia, su sufrimiento, a trav\u00e9s de sus sentimientos, su camino, su vida. As\u00ed descubriremos su fragilidad, lograremos juzgar menos y comenzar un camino verdadero de perd\u00f3n.<\/p>\n<p><img loading=\"lazy\" decoding=\"async\" class=\"alignleft size-full wp-image-72864\" src=\"https:\/\/exaudi.org\/wp-content\/uploads\/2023\/03\/Entrevista.jpg\" alt=\"\" width=\"1080\" height=\"1080\" srcset=\"https:\/\/exaudi.org\/wp-content\/uploads\/2023\/03\/Entrevista.jpg 1080w, https:\/\/exaudi.org\/wp-content\/uploads\/2023\/03\/Entrevista-300x300.jpg 300w, https:\/\/exaudi.org\/wp-content\/uploads\/2023\/03\/Entrevista-1024x1024.jpg 1024w, https:\/\/exaudi.org\/wp-content\/uploads\/2023\/03\/Entrevista-100x100.jpg?crop=1 100w, https:\/\/exaudi.org\/wp-content\/uploads\/2023\/03\/Entrevista-770x770.jpg 770w, https:\/\/exaudi.org\/wp-content\/uploads\/2023\/03\/Entrevista-500x500.jpg 500w, https:\/\/exaudi.org\/wp-content\/uploads\/2023\/03\/Entrevista-293x293.jpg 293w, https:\/\/exaudi.org\/wp-content\/uploads\/2023\/03\/Entrevista-390x390.jpg 390w, https:\/\/exaudi.org\/wp-content\/uploads\/2023\/03\/Entrevista-585x585.jpg 585w, https:\/\/exaudi.org\/wp-content\/uploads\/2023\/03\/Entrevista-900x900.jpg 900w\" sizes=\"auto, (max-width: 1080px) 100vw, 1080px\" \/><\/p>\n","protected":false},"excerpt":{"rendered":"<p>Autora del libro &#8216;La grieta y la luz&#8217;, relato del viaje personal que realiz\u00f3 para perdonar a las personas que asesinaron a su marido<\/p>\n","protected":false},"author":15,"featured_media":72831,"comment_status":"closed","ping_status":"closed","sticky":false,"template":"","format":"standard","meta":{"_acf_changed":false,"_crdt_document":"","inline_featured_image":false,"footnotes":""},"categories":[108],"tags":[8717,1690,4953],"class_list":["post-72817","post","type-post","status-publish","format-standard","has-post-thumbnail","hentry","category-entrevistas","tag-gemma-calabresi","tag-perdon","tag-trending-es"],"acf":[],"yoast_head":"<!-- This site is optimized with the Yoast SEO plugin v27.5 - https:\/\/yoast.com\/product\/yoast-seo-wordpress\/ -->\n<title>Gemma Calabresi: \u201cEs posible perdonar sin fe, con la propia humanidad\u201d &#8211; Exaudi<\/title>\n<meta name=\"description\" content=\"Gemma Calabresi, autora del libro La grieta y la luz, considera que \u201ces posible perdonar tambi\u00e9n sin fe, con la propia humanidad\u201d\" \/>\n<meta name=\"robots\" content=\"index, follow, max-snippet:-1, max-image-preview:large, max-video-preview:-1\" \/>\n<link rel=\"canonical\" href=\"https:\/\/exaudi.org\/es\/gemma-calabresi-es-posible-perdonar-sin-fe-con-la-propia-humanidad\/\" \/>\n<meta property=\"og:locale\" content=\"es_ES\" \/>\n<meta property=\"og:type\" content=\"article\" \/>\n<meta property=\"og:title\" content=\"Gemma Calabresi: \u201cEs posible perdonar sin fe, con la propia humanidad\u201d &#8211; Exaudi\" \/>\n<meta property=\"og:description\" content=\"Gemma Calabresi, autora del libro La grieta y la luz, considera que \u201ces posible perdonar tambi\u00e9n sin fe, con la propia humanidad\u201d\" \/>\n<meta property=\"og:url\" content=\"https:\/\/exaudi.org\/es\/gemma-calabresi-es-posible-perdonar-sin-fe-con-la-propia-humanidad\/\" \/>\n<meta property=\"og:site_name\" content=\"Exaudi\" \/>\n<meta property=\"article:publisher\" content=\"https:\/\/www.facebook.com\/ExaudiNews\" \/>\n<meta property=\"article:author\" content=\"https:\/\/www.facebook.com\/ExaudiNoticias\/\" \/>\n<meta property=\"article:published_time\" content=\"2023-03-23T08:17:25+00:00\" \/>\n<meta property=\"article:modified_time\" content=\"2023-03-23T08:59:18+00:00\" \/>\n<meta property=\"og:image\" content=\"https:\/\/exaudi.org\/wp-content\/uploads\/2023\/03\/MG_8744.jpg\" \/>\n\t<meta property=\"og:image:width\" content=\"2048\" \/>\n\t<meta property=\"og:image:height\" content=\"1365\" \/>\n\t<meta property=\"og:image:type\" content=\"image\/jpeg\" \/>\n<meta name=\"author\" content=\"Exaudi Redacci\u00f3n\" \/>\n<meta name=\"twitter:card\" content=\"summary_large_image\" \/>\n<meta name=\"twitter:creator\" content=\"@Exaudi_noticias\" \/>\n<meta name=\"twitter:site\" content=\"@Exaudi_News\" \/>\n<meta name=\"twitter:label1\" content=\"Escrito por\" \/>\n\t<meta name=\"twitter:data1\" content=\"Exaudi Redacci\u00f3n\" \/>\n\t<meta name=\"twitter:label2\" content=\"Tiempo de lectura\" \/>\n\t<meta name=\"twitter:data2\" content=\"6 minutos\" \/>\n<script type=\"application\/ld+json\" class=\"yoast-schema-graph\">{\"@context\":\"https:\\\/\\\/schema.org\",\"@graph\":[{\"@type\":\"Article\",\"@id\":\"https:\\\/\\\/exaudi.org\\\/es\\\/gemma-calabresi-es-posible-perdonar-sin-fe-con-la-propia-humanidad\\\/#article\",\"isPartOf\":{\"@id\":\"https:\\\/\\\/exaudi.org\\\/es\\\/gemma-calabresi-es-posible-perdonar-sin-fe-con-la-propia-humanidad\\\/\"},\"author\":{\"name\":\"Exaudi Redacci\u00f3n\",\"@id\":\"https:\\\/\\\/exaudi.org\\\/#\\\/schema\\\/person\\\/f5fc8f063065e38742da7afe15f25df7\"},\"headline\":\"Gemma Calabresi: \u201cEs posible perdonar sin fe, con la propia humanidad\u201d\",\"datePublished\":\"2023-03-23T08:17:25+00:00\",\"dateModified\":\"2023-03-23T08:59:18+00:00\",\"mainEntityOfPage\":{\"@id\":\"https:\\\/\\\/exaudi.org\\\/es\\\/gemma-calabresi-es-posible-perdonar-sin-fe-con-la-propia-humanidad\\\/\"},\"wordCount\":1168,\"image\":{\"@id\":\"https:\\\/\\\/exaudi.org\\\/es\\\/gemma-calabresi-es-posible-perdonar-sin-fe-con-la-propia-humanidad\\\/#primaryimage\"},\"thumbnailUrl\":\"https:\\\/\\\/exaudi.org\\\/wp-content\\\/uploads\\\/2023\\\/03\\\/MG_8744.jpg\",\"keywords\":[\"Gemma Calabresi\",\"Perd\u00f3n\",\"Trending\"],\"articleSection\":[\"Entrevistas\"],\"inLanguage\":\"es\"},{\"@type\":\"WebPage\",\"@id\":\"https:\\\/\\\/exaudi.org\\\/es\\\/gemma-calabresi-es-posible-perdonar-sin-fe-con-la-propia-humanidad\\\/\",\"url\":\"https:\\\/\\\/exaudi.org\\\/es\\\/gemma-calabresi-es-posible-perdonar-sin-fe-con-la-propia-humanidad\\\/\",\"name\":\"Gemma Calabresi: \u201cEs posible perdonar sin fe, con la propia humanidad\u201d &#8211; Exaudi\",\"isPartOf\":{\"@id\":\"https:\\\/\\\/exaudi.org\\\/#website\"},\"primaryImageOfPage\":{\"@id\":\"https:\\\/\\\/exaudi.org\\\/es\\\/gemma-calabresi-es-posible-perdonar-sin-fe-con-la-propia-humanidad\\\/#primaryimage\"},\"image\":{\"@id\":\"https:\\\/\\\/exaudi.org\\\/es\\\/gemma-calabresi-es-posible-perdonar-sin-fe-con-la-propia-humanidad\\\/#primaryimage\"},\"thumbnailUrl\":\"https:\\\/\\\/exaudi.org\\\/wp-content\\\/uploads\\\/2023\\\/03\\\/MG_8744.jpg\",\"datePublished\":\"2023-03-23T08:17:25+00:00\",\"dateModified\":\"2023-03-23T08:59:18+00:00\",\"author\":{\"@id\":\"https:\\\/\\\/exaudi.org\\\/#\\\/schema\\\/person\\\/f5fc8f063065e38742da7afe15f25df7\"},\"description\":\"Gemma Calabresi, autora del libro La grieta y la luz, considera que \u201ces posible perdonar tambi\u00e9n sin fe, con la propia humanidad\u201d\",\"breadcrumb\":{\"@id\":\"https:\\\/\\\/exaudi.org\\\/es\\\/gemma-calabresi-es-posible-perdonar-sin-fe-con-la-propia-humanidad\\\/#breadcrumb\"},\"inLanguage\":\"es\",\"potentialAction\":[{\"@type\":\"ReadAction\",\"target\":[\"https:\\\/\\\/exaudi.org\\\/es\\\/gemma-calabresi-es-posible-perdonar-sin-fe-con-la-propia-humanidad\\\/\"]}]},{\"@type\":\"ImageObject\",\"inLanguage\":\"es\",\"@id\":\"https:\\\/\\\/exaudi.org\\\/es\\\/gemma-calabresi-es-posible-perdonar-sin-fe-con-la-propia-humanidad\\\/#primaryimage\",\"url\":\"https:\\\/\\\/exaudi.org\\\/wp-content\\\/uploads\\\/2023\\\/03\\\/MG_8744.jpg\",\"contentUrl\":\"https:\\\/\\\/exaudi.org\\\/wp-content\\\/uploads\\\/2023\\\/03\\\/MG_8744.jpg\",\"width\":2048,\"height\":1365,\"caption\":\"Gemma Calabresi durante su visita a Espa\u00f1a, marzo 2023 \u00a9 Paula Arg\u00fcelles, El Debate.\"},{\"@type\":\"BreadcrumbList\",\"@id\":\"https:\\\/\\\/exaudi.org\\\/es\\\/gemma-calabresi-es-posible-perdonar-sin-fe-con-la-propia-humanidad\\\/#breadcrumb\",\"itemListElement\":[{\"@type\":\"ListItem\",\"position\":1,\"name\":\"Portada\",\"item\":\"https:\\\/\\\/exaudi.org\\\/es\\\/\"},{\"@type\":\"ListItem\",\"position\":2,\"name\":\"Gemma Calabresi: \u201cEs posible perdonar sin fe, con la propia humanidad\u201d\"}]},{\"@type\":\"WebSite\",\"@id\":\"https:\\\/\\\/exaudi.org\\\/#website\",\"url\":\"https:\\\/\\\/exaudi.org\\\/\",\"name\":\"Exaudi\",\"description\":\"News\",\"potentialAction\":[{\"@type\":\"SearchAction\",\"target\":{\"@type\":\"EntryPoint\",\"urlTemplate\":\"https:\\\/\\\/exaudi.org\\\/?s={search_term_string}\"},\"query-input\":{\"@type\":\"PropertyValueSpecification\",\"valueRequired\":true,\"valueName\":\"search_term_string\"}}],\"inLanguage\":\"es\"},{\"@type\":\"Person\",\"@id\":\"https:\\\/\\\/exaudi.org\\\/#\\\/schema\\\/person\\\/f5fc8f063065e38742da7afe15f25df7\",\"name\":\"Exaudi Redacci\u00f3n\",\"image\":{\"@type\":\"ImageObject\",\"inLanguage\":\"es\",\"@id\":\"https:\\\/\\\/secure.gravatar.com\\\/avatar\\\/fe0f6a059fb68d9b3e11bc5850dd4899b1c7492091a3cb6dd9b01b56ad828be2?s=96&d=mm&r=g\",\"url\":\"https:\\\/\\\/secure.gravatar.com\\\/avatar\\\/fe0f6a059fb68d9b3e11bc5850dd4899b1c7492091a3cb6dd9b01b56ad828be2?s=96&d=mm&r=g\",\"contentUrl\":\"https:\\\/\\\/secure.gravatar.com\\\/avatar\\\/fe0f6a059fb68d9b3e11bc5850dd4899b1c7492091a3cb6dd9b01b56ad828be2?s=96&d=mm&r=g\",\"caption\":\"Exaudi Redacci\u00f3n\"},\"description\":\"\u00bfQu\u00e9 es Exaudi News? Exaudi News es un medio de comunicaci\u00f3n cat\u00f3lico internacional que informa, forma y transforma, diariamente en espa\u00f1ol, ingl\u00e9s e italiano. A trav\u00e9s de noticias, art\u00edculos de an\u00e1lisis y transmisiones en directo de los eventos del Papa, Exaudi busca fortalecer la unidad de los cristianos y contribuir a la evangelizaci\u00f3n del mundo, siempre guiados por la doctrina social de la Iglesia. Trabajamos para acercar la verdad y los valores cristianos a cada rinc\u00f3n del planeta. \u00a1Ay\u00fadanos a transformar el mundo con Exaudi! En Exaudi creemos que la evangelizaci\u00f3n y la informaci\u00f3n de calidad pueden cambiar vidas. Para continuar con nuestra misi\u00f3n y expandir nuestro alcance, necesitamos tu ayuda. Adem\u00e1s, buscamos personas comprometidas que deseen unirse a nuestro equipo. Con tu apoyo, lograremos llegar a m\u00e1s personas, difundir el mensaje de Cristo y reforzar la unidad de los cristianos. \u00bfTe unes a nuestra misi\u00f3n? Para m\u00e1s informaci\u00f3n sobre c\u00f3mo colaborar, visita Exaudi.org\\\/es o cont\u00e1ctanos directamente: info@exaudi.org Exaudi: Informa, forma y transforma.\",\"sameAs\":[\"https:\\\/\\\/www.facebook.com\\\/ExaudiNoticias\\\/\",\"https:\\\/\\\/www.instagram.com\\\/exaudi_noticias\\\/\",\"https:\\\/\\\/x.com\\\/Exaudi_noticias\",\"https:\\\/\\\/www.youtube.com\\\/@exaudicatholicnews\"],\"url\":\"https:\\\/\\\/exaudi.org\\\/es\\\/author\\\/redaccionexaudi\\\/\"}]}<\/script>\n<!-- \/ Yoast SEO plugin. -->","yoast_head_json":{"title":"Gemma Calabresi: \u201cEs posible perdonar sin fe, con la propia humanidad\u201d &#8211; Exaudi","description":"Gemma Calabresi, autora del libro La grieta y la luz, considera que \u201ces posible perdonar tambi\u00e9n sin fe, con la propia humanidad\u201d","robots":{"index":"index","follow":"follow","max-snippet":"max-snippet:-1","max-image-preview":"max-image-preview:large","max-video-preview":"max-video-preview:-1"},"canonical":"https:\/\/exaudi.org\/es\/gemma-calabresi-es-posible-perdonar-sin-fe-con-la-propia-humanidad\/","og_locale":"es_ES","og_type":"article","og_title":"Gemma Calabresi: \u201cEs posible perdonar sin fe, con la propia humanidad\u201d &#8211; Exaudi","og_description":"Gemma Calabresi, autora del libro La grieta y la luz, considera que \u201ces posible perdonar tambi\u00e9n sin fe, con la propia humanidad\u201d","og_url":"https:\/\/exaudi.org\/es\/gemma-calabresi-es-posible-perdonar-sin-fe-con-la-propia-humanidad\/","og_site_name":"Exaudi","article_publisher":"https:\/\/www.facebook.com\/ExaudiNews","article_author":"https:\/\/www.facebook.com\/ExaudiNoticias\/","article_published_time":"2023-03-23T08:17:25+00:00","article_modified_time":"2023-03-23T08:59:18+00:00","og_image":[{"width":2048,"height":1365,"url":"https:\/\/exaudi.org\/wp-content\/uploads\/2023\/03\/MG_8744.jpg","type":"image\/jpeg"}],"author":"Exaudi Redacci\u00f3n","twitter_card":"summary_large_image","twitter_creator":"@Exaudi_noticias","twitter_site":"@Exaudi_News","twitter_misc":{"Escrito por":"Exaudi Redacci\u00f3n","Tiempo de lectura":"6 minutos"},"schema":{"@context":"https:\/\/schema.org","@graph":[{"@type":"Article","@id":"https:\/\/exaudi.org\/es\/gemma-calabresi-es-posible-perdonar-sin-fe-con-la-propia-humanidad\/#article","isPartOf":{"@id":"https:\/\/exaudi.org\/es\/gemma-calabresi-es-posible-perdonar-sin-fe-con-la-propia-humanidad\/"},"author":{"name":"Exaudi Redacci\u00f3n","@id":"https:\/\/exaudi.org\/#\/schema\/person\/f5fc8f063065e38742da7afe15f25df7"},"headline":"Gemma Calabresi: \u201cEs posible perdonar sin fe, con la propia humanidad\u201d","datePublished":"2023-03-23T08:17:25+00:00","dateModified":"2023-03-23T08:59:18+00:00","mainEntityOfPage":{"@id":"https:\/\/exaudi.org\/es\/gemma-calabresi-es-posible-perdonar-sin-fe-con-la-propia-humanidad\/"},"wordCount":1168,"image":{"@id":"https:\/\/exaudi.org\/es\/gemma-calabresi-es-posible-perdonar-sin-fe-con-la-propia-humanidad\/#primaryimage"},"thumbnailUrl":"https:\/\/exaudi.org\/wp-content\/uploads\/2023\/03\/MG_8744.jpg","keywords":["Gemma Calabresi","Perd\u00f3n","Trending"],"articleSection":["Entrevistas"],"inLanguage":"es"},{"@type":"WebPage","@id":"https:\/\/exaudi.org\/es\/gemma-calabresi-es-posible-perdonar-sin-fe-con-la-propia-humanidad\/","url":"https:\/\/exaudi.org\/es\/gemma-calabresi-es-posible-perdonar-sin-fe-con-la-propia-humanidad\/","name":"Gemma Calabresi: \u201cEs posible perdonar sin fe, con la propia humanidad\u201d &#8211; Exaudi","isPartOf":{"@id":"https:\/\/exaudi.org\/#website"},"primaryImageOfPage":{"@id":"https:\/\/exaudi.org\/es\/gemma-calabresi-es-posible-perdonar-sin-fe-con-la-propia-humanidad\/#primaryimage"},"image":{"@id":"https:\/\/exaudi.org\/es\/gemma-calabresi-es-posible-perdonar-sin-fe-con-la-propia-humanidad\/#primaryimage"},"thumbnailUrl":"https:\/\/exaudi.org\/wp-content\/uploads\/2023\/03\/MG_8744.jpg","datePublished":"2023-03-23T08:17:25+00:00","dateModified":"2023-03-23T08:59:18+00:00","author":{"@id":"https:\/\/exaudi.org\/#\/schema\/person\/f5fc8f063065e38742da7afe15f25df7"},"description":"Gemma Calabresi, autora del libro La grieta y la luz, considera que \u201ces posible perdonar tambi\u00e9n sin fe, con la propia humanidad\u201d","breadcrumb":{"@id":"https:\/\/exaudi.org\/es\/gemma-calabresi-es-posible-perdonar-sin-fe-con-la-propia-humanidad\/#breadcrumb"},"inLanguage":"es","potentialAction":[{"@type":"ReadAction","target":["https:\/\/exaudi.org\/es\/gemma-calabresi-es-posible-perdonar-sin-fe-con-la-propia-humanidad\/"]}]},{"@type":"ImageObject","inLanguage":"es","@id":"https:\/\/exaudi.org\/es\/gemma-calabresi-es-posible-perdonar-sin-fe-con-la-propia-humanidad\/#primaryimage","url":"https:\/\/exaudi.org\/wp-content\/uploads\/2023\/03\/MG_8744.jpg","contentUrl":"https:\/\/exaudi.org\/wp-content\/uploads\/2023\/03\/MG_8744.jpg","width":2048,"height":1365,"caption":"Gemma Calabresi durante su visita a Espa\u00f1a, marzo 2023 \u00a9 Paula Arg\u00fcelles, El Debate."},{"@type":"BreadcrumbList","@id":"https:\/\/exaudi.org\/es\/gemma-calabresi-es-posible-perdonar-sin-fe-con-la-propia-humanidad\/#breadcrumb","itemListElement":[{"@type":"ListItem","position":1,"name":"Portada","item":"https:\/\/exaudi.org\/es\/"},{"@type":"ListItem","position":2,"name":"Gemma Calabresi: \u201cEs posible perdonar sin fe, con la propia humanidad\u201d"}]},{"@type":"WebSite","@id":"https:\/\/exaudi.org\/#website","url":"https:\/\/exaudi.org\/","name":"Exaudi","description":"News","potentialAction":[{"@type":"SearchAction","target":{"@type":"EntryPoint","urlTemplate":"https:\/\/exaudi.org\/?s={search_term_string}"},"query-input":{"@type":"PropertyValueSpecification","valueRequired":true,"valueName":"search_term_string"}}],"inLanguage":"es"},{"@type":"Person","@id":"https:\/\/exaudi.org\/#\/schema\/person\/f5fc8f063065e38742da7afe15f25df7","name":"Exaudi Redacci\u00f3n","image":{"@type":"ImageObject","inLanguage":"es","@id":"https:\/\/secure.gravatar.com\/avatar\/fe0f6a059fb68d9b3e11bc5850dd4899b1c7492091a3cb6dd9b01b56ad828be2?s=96&d=mm&r=g","url":"https:\/\/secure.gravatar.com\/avatar\/fe0f6a059fb68d9b3e11bc5850dd4899b1c7492091a3cb6dd9b01b56ad828be2?s=96&d=mm&r=g","contentUrl":"https:\/\/secure.gravatar.com\/avatar\/fe0f6a059fb68d9b3e11bc5850dd4899b1c7492091a3cb6dd9b01b56ad828be2?s=96&d=mm&r=g","caption":"Exaudi Redacci\u00f3n"},"description":"\u00bfQu\u00e9 es Exaudi News? Exaudi News es un medio de comunicaci\u00f3n cat\u00f3lico internacional que informa, forma y transforma, diariamente en espa\u00f1ol, ingl\u00e9s e italiano. A trav\u00e9s de noticias, art\u00edculos de an\u00e1lisis y transmisiones en directo de los eventos del Papa, Exaudi busca fortalecer la unidad de los cristianos y contribuir a la evangelizaci\u00f3n del mundo, siempre guiados por la doctrina social de la Iglesia. Trabajamos para acercar la verdad y los valores cristianos a cada rinc\u00f3n del planeta. \u00a1Ay\u00fadanos a transformar el mundo con Exaudi! En Exaudi creemos que la evangelizaci\u00f3n y la informaci\u00f3n de calidad pueden cambiar vidas. Para continuar con nuestra misi\u00f3n y expandir nuestro alcance, necesitamos tu ayuda. Adem\u00e1s, buscamos personas comprometidas que deseen unirse a nuestro equipo. Con tu apoyo, lograremos llegar a m\u00e1s personas, difundir el mensaje de Cristo y reforzar la unidad de los cristianos. \u00bfTe unes a nuestra misi\u00f3n? Para m\u00e1s informaci\u00f3n sobre c\u00f3mo colaborar, visita Exaudi.org\/es o cont\u00e1ctanos directamente: info@exaudi.org Exaudi: Informa, forma y transforma.","sameAs":["https:\/\/www.facebook.com\/ExaudiNoticias\/","https:\/\/www.instagram.com\/exaudi_noticias\/","https:\/\/x.com\/Exaudi_noticias","https:\/\/www.youtube.com\/@exaudicatholicnews"],"url":"https:\/\/exaudi.org\/es\/author\/redaccionexaudi\/"}]}},"jetpack_featured_media_url":"https:\/\/exaudi.org\/wp-content\/uploads\/2023\/03\/MG_8744.jpg","jetpack_shortlink":"https:\/\/wp.me\/pgKjF2-iWt","_links":{"self":[{"href":"https:\/\/exaudi.org\/es\/wp-json\/wp\/v2\/posts\/72817","targetHints":{"allow":["GET"]}}],"collection":[{"href":"https:\/\/exaudi.org\/es\/wp-json\/wp\/v2\/posts"}],"about":[{"href":"https:\/\/exaudi.org\/es\/wp-json\/wp\/v2\/types\/post"}],"author":[{"embeddable":true,"href":"https:\/\/exaudi.org\/es\/wp-json\/wp\/v2\/users\/15"}],"replies":[{"embeddable":true,"href":"https:\/\/exaudi.org\/es\/wp-json\/wp\/v2\/comments?post=72817"}],"version-history":[{"count":0,"href":"https:\/\/exaudi.org\/es\/wp-json\/wp\/v2\/posts\/72817\/revisions"}],"wp:featuredmedia":[{"embeddable":true,"href":"https:\/\/exaudi.org\/es\/wp-json\/wp\/v2\/media\/72831"}],"wp:attachment":[{"href":"https:\/\/exaudi.org\/es\/wp-json\/wp\/v2\/media?parent=72817"}],"wp:term":[{"taxonomy":"category","embeddable":true,"href":"https:\/\/exaudi.org\/es\/wp-json\/wp\/v2\/categories?post=72817"},{"taxonomy":"post_tag","embeddable":true,"href":"https:\/\/exaudi.org\/es\/wp-json\/wp\/v2\/tags?post=72817"}],"curies":[{"name":"wp","href":"https:\/\/api.w.org\/{rel}","templated":true}]}}