{"id":72743,"date":"2023-03-22T10:14:22","date_gmt":"2023-03-22T09:14:22","guid":{"rendered":"https:\/\/exaudi.org\/?p=72743"},"modified":"2023-03-22T10:14:22","modified_gmt":"2023-03-22T09:14:22","slug":"cardenal-arizmendi-mi-palabra-es-la-ley","status":"publish","type":"post","link":"https:\/\/exaudi.org\/es\/cardenal-arizmendi-mi-palabra-es-la-ley\/","title":{"rendered":"Cardenal Arizmendi: Mi palabra es la ley"},"content":{"rendered":"<audio class=\"wp-audio-shortcode\" id=\"audio-72743-1\" preload=\"none\" style=\"width: 100%;\" controls=\"controls\"><source type=\"audio\/mpeg\" src=\"https:\/\/exaudi.org\/wp-content\/uploads\/2023\/03\/Articulo-22-marzo.mp3?_=1\" \/><a href=\"https:\/\/exaudi.org\/wp-content\/uploads\/2023\/03\/Articulo-22-marzo.mp3\">https:\/\/exaudi.org\/wp-content\/uploads\/2023\/03\/Articulo-22-marzo.mp3<\/a><\/audio>\n<p>El\u00a0<a href=\"https:\/\/exaudi.org\/es\/author\/felipearizmendi\/\" target=\"_blank\" rel=\"noopener\">cardenal Felipe Arizmendi<\/a>, obispo em\u00e9rito de San Crist\u00f3bal de Las Casas y responsable de la Doctrina de la Fe en la\u00a0<a href=\"https:\/\/www.cem.org.mx\/\" target=\"_blank\" rel=\"noopener\">Conferencia del Episcopado Mexicano (CEM)<\/a>, ofrece a los lectores de Exaudi su art\u00edculo semanal titulado \u201cMi palabra es la ley\u201d.<\/p>\n<p>***<\/p>\n<p><strong>MIRAR<\/strong><\/p>\n<p><em>\u201cMi palabra es la ley\u201d <\/em>es lo que expresa con euforia una melod\u00eda popular mexicana, y que algunos cantan con todo el coraz\u00f3n, reflejando muchos sentimientos que se llevan en lo m\u00e1s profundo del alma. El titulo de la canci\u00f3n lo dice todo: <em>El rey. <\/em>En otras palabras: yo mando, aqu\u00ed se hace lo que yo digo, nadie est\u00e1 sobre m\u00ed&#8230;<\/p>\n<p>En cu\u00e1ntos hogares esta es la escena que prevalece todos los d\u00edas. Aunque no faltan mujeres con actitudes semejantes, somos los varones quienes seguimos imponiendo nuestro tradicional machismo y, en casa, el pap\u00e1 no toma en cuenta a su esposa ni a sus hijos, no los consulta ni los escucha, sino que se hace lo que a \u00e9l le parece lo mejor. Por esta actitud impositiva de algunos pap\u00e1s, \u00a1cu\u00e1ntos hijos crecen con un resentimiento contra su padre por toda la vida! Y repiten la misma actitud en forma casi inconsciente; se disculpan diciendo que <em>as\u00ed son&#8230;\u00a1y qu\u00e9!&#8230;<\/em><\/p>\n<p>En nuestras comunidades eclesiales, varios cl\u00e9rigos asumimos la misma actitud: en la di\u00f3cesis se hace lo que el obispo quiere, sin tomar en cuenta a sus Consejos que por ley can\u00f3nica est\u00e1n establecidos, y sus consejeros no tienen la audacia de expresarle opiniones contrastantes. En las parroquias, prevale la autoridad del p\u00e1rroco, que si llega a o\u00edr las propuestas e inquietudes de su pueblo, no lo escucha ni lo toma en cuenta. \u00c9l es la autoridad y es quien sabe y decide. En este ambiente, es imposible convertirnos a la espiritualidad que requiere el proceso sinodal que estamos impulsando en toda la Iglesia, pues el clericalismo nos delata.<\/p>\n<p>Hay gobernantes de todos los niveles que reflejan diariamente lo que expresa la melod\u00eda mexicana: ellos son los reyes y su palabra es la ley. En sus reacciones ma\u00f1aneras deciden lo que les parece adecuado, sin tomar en cuenta otras voces, sin preguntar opiniones a los expertos, salt\u00e1ndose incluso las leyes vigentes, porque <em>su palabra es la ley.<\/em> Sus colaboradores tienen que hacer malabares para deshacer los entuertos de su jefe, porque, de lo contrario, corren el riesgo de que los exponga a la cr\u00edtica p\u00fablica y les quite el trabajo. Con tal de no quedarse en la calle, tienen que aguantar las arbitrariedades de su jefe. Aunque \u00e9ste hable de democracia, es lo que menos practica; no es un dem\u00f3crata, sino un aut\u00f3crata.<\/p>\n<p><strong>DISCERNIR<\/strong><\/p>\n<p>El Papa Francisco, en su enc\u00edclica <em>Fratelli tutti, <\/em>dice: <em>\u201c<\/em><em>Jesucristo nunca invit\u00f3 a fomentar la violencia o la intolerancia. \u00c9l mismo condenaba abiertamente el uso de la fuerza para imponerse a los dem\u00e1s: \u00abUstedes saben que los jefes de las naciones las someten y los poderosos las dominan. Entre ustedes no debe ser as\u00ed\u00bb (Mt\u00a020,25-26). Por otra parte, el Evangelio pide perdonar \u00absetenta veces siete\u00bb (Mt\u00a018,22) y pone el ejemplo del servidor despiadado, que fue perdonado, pero \u00e9l a su vez no fue capaz de perdonar a otros (cf.\u00a0Mt\u00a018,23-35)<\/em><em>\u201d <\/em>(238).<\/p>\n<p><em>Si leemos otros textos del Nuevo Testamento, podemos advertir que, de hecho, las comunidades primitivas, inmersas en un mundo pagano desbordado de corrupci\u00f3n y desviaciones, viv\u00edan un sentido de paciencia, tolerancia, comprensi\u00f3n. Algunos textos son muy claros al respecto: se invita a reprender a los adversarios con dulzura (cf.\u00a02 Tm\u00a02,25). O se exhorta: \u00abQue no injurien a nadie ni sean agresivos, sino amables, demostrando una gran humildad con todo el mundo. Porque nosotros tambi\u00e9n antes \u00e9ramos detestables\u00bb (Tt\u00a03,2-3). El libro de los Hechos de los Ap\u00f3stoles afirma que los disc\u00edpulos, perseguidos por algunas autoridades, \u00abgozaban de la estima de todo el pueblo\u00bb (2,47; cf. 4,21.33; 5,13)<\/em><em>\u201d <\/em>(239).<\/p>\n<p><em>\u201c<\/em><em>Pido a Dios que prepare nuestros corazones al encuentro con los hermanos m\u00e1s all\u00e1 de las diferencias de ideas, lengua, cultura, religi\u00f3n; que unja todo nuestro ser con el aceite de la misericordia que cura las heridas de los errores, de las incomprensiones, de las controversias; la gracia de enviarnos, con humildad y mansedumbre, a los caminos, arriesgados pero fecundos, de la b\u00fasqueda de la paz<\/em><em>\u201d <\/em>(254)<\/p>\n<p><em>\u201c<\/em><em>El culto a Dios sincero y humilde no lleva a la discriminaci\u00f3n, al odio y la violencia, sino al respeto de la sacralidad de la vida, al respeto de la dignidad y la libertad de los dem\u00e1s, y al compromiso amoroso por todos. En realidad \u00abel que no ama no conoce a Dios, porque Dios es amor\u00bb (1 Jn\u00a04,8)<\/em><em>\u201d <\/em>(283).<em> \u201c<\/em><em>Cada uno de nosotros est\u00e1 llamado a ser un artesano de la paz, uniendo y no dividiendo, extinguiendo el odio y no conserv\u00e1ndolo, abriendo las sendas del di\u00e1logo y no levantando nuevos muros<\/em><em>\u201d<\/em> (284).<\/p>\n<p><strong>ACTUAR<\/strong><\/p>\n<p>En este tiempo cuaresmal, revisemos si nuestras actitudes reflejan la melod\u00eda mexicana <em>El Rey;<\/em> en caso afirmativo, debemos luchar con nosotros mismos para transformarnos interiormente, ser m\u00e1s humildes y no prepotentes.<\/p>\n","protected":false},"excerpt":{"rendered":"<p>Debemos luchar con nosotros mismos para transformarnos interiormente<\/p>\n","protected":false},"author":24,"featured_media":72747,"comment_status":"closed","ping_status":"closed","sticky":false,"template":"","format":"standard","meta":{"_acf_changed":false,"_crdt_document":"","inline_featured_image":false,"footnotes":""},"categories":[130],"tags":[8712,175,8711,4953],"class_list":["post-72743","post","type-post","status-publish","format-standard","has-post-thumbnail","hentry","category-voces","tag-cambio-interior","tag-cuaresma","tag-palabra","tag-trending-es"],"acf":[],"yoast_head":"<!-- This site is optimized with the Yoast SEO plugin v27.5 - https:\/\/yoast.com\/product\/yoast-seo-wordpress\/ -->\n<title>Cardenal Arizmendi: Mi palabra es la ley &#8211; Exaudi<\/title>\n<meta name=\"robots\" content=\"index, follow, max-snippet:-1, max-image-preview:large, max-video-preview:-1\" \/>\n<link rel=\"canonical\" href=\"https:\/\/exaudi.org\/es\/cardenal-arizmendi-mi-palabra-es-la-ley\/\" \/>\n<meta property=\"og:locale\" content=\"es_ES\" \/>\n<meta property=\"og:type\" content=\"article\" \/>\n<meta property=\"og:title\" content=\"Cardenal Arizmendi: Mi palabra es la ley &#8211; Exaudi\" \/>\n<meta property=\"og:description\" content=\"Debemos luchar con nosotros mismos para transformarnos interiormente\" \/>\n<meta property=\"og:url\" content=\"https:\/\/exaudi.org\/es\/cardenal-arizmendi-mi-palabra-es-la-ley\/\" \/>\n<meta property=\"og:site_name\" content=\"Exaudi\" \/>\n<meta property=\"article:publisher\" content=\"https:\/\/www.facebook.com\/ExaudiNews\" \/>\n<meta property=\"article:published_time\" content=\"2023-03-22T09:14:22+00:00\" \/>\n<meta property=\"og:image\" content=\"https:\/\/exaudi.org\/wp-content\/uploads\/2023\/03\/pexels-pixabay-278887-scaled.jpg\" \/>\n\t<meta property=\"og:image:width\" content=\"2560\" \/>\n\t<meta property=\"og:image:height\" content=\"1827\" \/>\n\t<meta property=\"og:image:type\" content=\"image\/jpeg\" \/>\n<meta name=\"author\" content=\"Cardenal Felipe Arizmendi\" \/>\n<meta name=\"twitter:card\" content=\"summary_large_image\" \/>\n<meta name=\"twitter:creator\" content=\"@Exaudi_News\" \/>\n<meta name=\"twitter:site\" content=\"@Exaudi_News\" \/>\n<meta name=\"twitter:label1\" content=\"Escrito por\" \/>\n\t<meta name=\"twitter:data1\" content=\"Cardenal Felipe Arizmendi\" \/>\n\t<meta name=\"twitter:label2\" content=\"Tiempo de lectura\" \/>\n\t<meta name=\"twitter:data2\" content=\"4 minutos\" \/>\n<script type=\"application\/ld+json\" class=\"yoast-schema-graph\">{\"@context\":\"https:\\\/\\\/schema.org\",\"@graph\":[{\"@type\":\"Article\",\"@id\":\"https:\\\/\\\/exaudi.org\\\/es\\\/cardenal-arizmendi-mi-palabra-es-la-ley\\\/#article\",\"isPartOf\":{\"@id\":\"https:\\\/\\\/exaudi.org\\\/es\\\/cardenal-arizmendi-mi-palabra-es-la-ley\\\/\"},\"author\":{\"name\":\"Cardenal Felipe Arizmendi\",\"@id\":\"https:\\\/\\\/exaudi.org\\\/#\\\/schema\\\/person\\\/c7d223f87e58f1105d044d8da1439102\"},\"headline\":\"Cardenal Arizmendi: Mi palabra es la ley\",\"datePublished\":\"2023-03-22T09:14:22+00:00\",\"mainEntityOfPage\":{\"@id\":\"https:\\\/\\\/exaudi.org\\\/es\\\/cardenal-arizmendi-mi-palabra-es-la-ley\\\/\"},\"wordCount\":880,\"image\":{\"@id\":\"https:\\\/\\\/exaudi.org\\\/es\\\/cardenal-arizmendi-mi-palabra-es-la-ley\\\/#primaryimage\"},\"thumbnailUrl\":\"https:\\\/\\\/exaudi.org\\\/wp-content\\\/uploads\\\/2023\\\/03\\\/pexels-pixabay-278887-scaled.jpg\",\"keywords\":[\"Cambio interior\",\"cuaresma\",\"Palabra\",\"Trending\"],\"articleSection\":[\"Voces\"],\"inLanguage\":\"es\"},{\"@type\":\"WebPage\",\"@id\":\"https:\\\/\\\/exaudi.org\\\/es\\\/cardenal-arizmendi-mi-palabra-es-la-ley\\\/\",\"url\":\"https:\\\/\\\/exaudi.org\\\/es\\\/cardenal-arizmendi-mi-palabra-es-la-ley\\\/\",\"name\":\"Cardenal Arizmendi: Mi palabra es la ley &#8211; Exaudi\",\"isPartOf\":{\"@id\":\"https:\\\/\\\/exaudi.org\\\/#website\"},\"primaryImageOfPage\":{\"@id\":\"https:\\\/\\\/exaudi.org\\\/es\\\/cardenal-arizmendi-mi-palabra-es-la-ley\\\/#primaryimage\"},\"image\":{\"@id\":\"https:\\\/\\\/exaudi.org\\\/es\\\/cardenal-arizmendi-mi-palabra-es-la-ley\\\/#primaryimage\"},\"thumbnailUrl\":\"https:\\\/\\\/exaudi.org\\\/wp-content\\\/uploads\\\/2023\\\/03\\\/pexels-pixabay-278887-scaled.jpg\",\"datePublished\":\"2023-03-22T09:14:22+00:00\",\"author\":{\"@id\":\"https:\\\/\\\/exaudi.org\\\/#\\\/schema\\\/person\\\/c7d223f87e58f1105d044d8da1439102\"},\"breadcrumb\":{\"@id\":\"https:\\\/\\\/exaudi.org\\\/es\\\/cardenal-arizmendi-mi-palabra-es-la-ley\\\/#breadcrumb\"},\"inLanguage\":\"es\",\"potentialAction\":[{\"@type\":\"ReadAction\",\"target\":[\"https:\\\/\\\/exaudi.org\\\/es\\\/cardenal-arizmendi-mi-palabra-es-la-ley\\\/\"]}]},{\"@type\":\"ImageObject\",\"inLanguage\":\"es\",\"@id\":\"https:\\\/\\\/exaudi.org\\\/es\\\/cardenal-arizmendi-mi-palabra-es-la-ley\\\/#primaryimage\",\"url\":\"https:\\\/\\\/exaudi.org\\\/wp-content\\\/uploads\\\/2023\\\/03\\\/pexels-pixabay-278887-scaled.jpg\",\"contentUrl\":\"https:\\\/\\\/exaudi.org\\\/wp-content\\\/uploads\\\/2023\\\/03\\\/pexels-pixabay-278887-scaled.jpg\",\"width\":2560,\"height\":1827,\"caption\":\"(C) Pexels\"},{\"@type\":\"BreadcrumbList\",\"@id\":\"https:\\\/\\\/exaudi.org\\\/es\\\/cardenal-arizmendi-mi-palabra-es-la-ley\\\/#breadcrumb\",\"itemListElement\":[{\"@type\":\"ListItem\",\"position\":1,\"name\":\"Portada\",\"item\":\"https:\\\/\\\/exaudi.org\\\/es\\\/\"},{\"@type\":\"ListItem\",\"position\":2,\"name\":\"Cardenal Arizmendi: Mi palabra es la ley\"}]},{\"@type\":\"WebSite\",\"@id\":\"https:\\\/\\\/exaudi.org\\\/#website\",\"url\":\"https:\\\/\\\/exaudi.org\\\/\",\"name\":\"Exaudi\",\"description\":\"News\",\"potentialAction\":[{\"@type\":\"SearchAction\",\"target\":{\"@type\":\"EntryPoint\",\"urlTemplate\":\"https:\\\/\\\/exaudi.org\\\/?s={search_term_string}\"},\"query-input\":{\"@type\":\"PropertyValueSpecification\",\"valueRequired\":true,\"valueName\":\"search_term_string\"}}],\"inLanguage\":\"es\"},{\"@type\":\"Person\",\"@id\":\"https:\\\/\\\/exaudi.org\\\/#\\\/schema\\\/person\\\/c7d223f87e58f1105d044d8da1439102\",\"name\":\"Cardenal Felipe Arizmendi\",\"image\":{\"@type\":\"ImageObject\",\"inLanguage\":\"es\",\"@id\":\"https:\\\/\\\/secure.gravatar.com\\\/avatar\\\/4ffc5520d896b86d39346168903de33a17ef0f23d16de0ff45062c1ff422ed2f?s=96&d=mm&r=g\",\"url\":\"https:\\\/\\\/secure.gravatar.com\\\/avatar\\\/4ffc5520d896b86d39346168903de33a17ef0f23d16de0ff45062c1ff422ed2f?s=96&d=mm&r=g\",\"contentUrl\":\"https:\\\/\\\/secure.gravatar.com\\\/avatar\\\/4ffc5520d896b86d39346168903de33a17ef0f23d16de0ff45062c1ff422ed2f?s=96&d=mm&r=g\",\"caption\":\"Cardenal Felipe Arizmendi\"},\"description\":\"Nacido en Chiltepec el 1 de mayo de 1940. Estudi\u00f3 Humanidades y Filosof\u00eda en el Seminario de Toluca, de 1952 a 1959. Curs\u00f3 la Teolog\u00eda en la Universidad Pontificia de Salamanca, Espa\u00f1a, de 1959 a 1963, obteniendo la licenciatura en Teolog\u00eda Dogm\u00e1tica. Por su cuenta, se especializ\u00f3 en Liturgia. Fue ordenado sacerdote el 25 de agosto de 1963 en Toluca. Sirvi\u00f3 como Vicario Parroquial en tres parroquias por tres a\u00f1os y medio y fue p\u00e1rroco de una comunidad ind\u00edgena otom\u00ed, de 1967 a 1970. Fue Director Espiritual del Seminario de Toluca por diez a\u00f1os, y Rector del mismo de 1981 a 1991. El 7 de marzo de 1991, fue ordenado obispo de la di\u00f3cesis de Tapachula, donde estuvo hasta el 30 de abril del a\u00f1o 2000. El 1 de mayo del 2000, inici\u00f3 su ministerio episcopal como XLVI obispo de la di\u00f3cesis de San Crist\u00f3bal de las Casas, Chiapas, una de las di\u00f3cesis m\u00e1s antiguas de M\u00e9xico, erigida en 1539; all\u00ed sirvi\u00f3 por casi 18 a\u00f1os. Ha ocupado diversos cargos en la Conferencia del Episcopado Mexicano y en el CELAM. El 3 de noviembre de 2017, el Papa Francisco le acept\u00f3, por edad, su renuncia al servicio episcopal en esta di\u00f3cesis, que entreg\u00f3 a su sucesor el 3 de enero de 2018. Desde entonces, reside en la ciudad de Toluca. Desde 1979, escribe art\u00edculos de actualidad en varios medios religiosos y civiles. Es autor de varias publicaciones.\",\"url\":\"https:\\\/\\\/exaudi.org\\\/es\\\/author\\\/felipearizmendi\\\/\"}]}<\/script>\n<!-- \/ Yoast SEO plugin. -->","yoast_head_json":{"title":"Cardenal Arizmendi: Mi palabra es la ley &#8211; Exaudi","robots":{"index":"index","follow":"follow","max-snippet":"max-snippet:-1","max-image-preview":"max-image-preview:large","max-video-preview":"max-video-preview:-1"},"canonical":"https:\/\/exaudi.org\/es\/cardenal-arizmendi-mi-palabra-es-la-ley\/","og_locale":"es_ES","og_type":"article","og_title":"Cardenal Arizmendi: Mi palabra es la ley &#8211; Exaudi","og_description":"Debemos luchar con nosotros mismos para transformarnos interiormente","og_url":"https:\/\/exaudi.org\/es\/cardenal-arizmendi-mi-palabra-es-la-ley\/","og_site_name":"Exaudi","article_publisher":"https:\/\/www.facebook.com\/ExaudiNews","article_published_time":"2023-03-22T09:14:22+00:00","og_image":[{"width":2560,"height":1827,"url":"https:\/\/exaudi.org\/wp-content\/uploads\/2023\/03\/pexels-pixabay-278887-scaled.jpg","type":"image\/jpeg"}],"author":"Cardenal Felipe Arizmendi","twitter_card":"summary_large_image","twitter_creator":"@Exaudi_News","twitter_site":"@Exaudi_News","twitter_misc":{"Escrito por":"Cardenal Felipe Arizmendi","Tiempo de lectura":"4 minutos"},"schema":{"@context":"https:\/\/schema.org","@graph":[{"@type":"Article","@id":"https:\/\/exaudi.org\/es\/cardenal-arizmendi-mi-palabra-es-la-ley\/#article","isPartOf":{"@id":"https:\/\/exaudi.org\/es\/cardenal-arizmendi-mi-palabra-es-la-ley\/"},"author":{"name":"Cardenal Felipe Arizmendi","@id":"https:\/\/exaudi.org\/#\/schema\/person\/c7d223f87e58f1105d044d8da1439102"},"headline":"Cardenal Arizmendi: Mi palabra es la ley","datePublished":"2023-03-22T09:14:22+00:00","mainEntityOfPage":{"@id":"https:\/\/exaudi.org\/es\/cardenal-arizmendi-mi-palabra-es-la-ley\/"},"wordCount":880,"image":{"@id":"https:\/\/exaudi.org\/es\/cardenal-arizmendi-mi-palabra-es-la-ley\/#primaryimage"},"thumbnailUrl":"https:\/\/exaudi.org\/wp-content\/uploads\/2023\/03\/pexels-pixabay-278887-scaled.jpg","keywords":["Cambio interior","cuaresma","Palabra","Trending"],"articleSection":["Voces"],"inLanguage":"es"},{"@type":"WebPage","@id":"https:\/\/exaudi.org\/es\/cardenal-arizmendi-mi-palabra-es-la-ley\/","url":"https:\/\/exaudi.org\/es\/cardenal-arizmendi-mi-palabra-es-la-ley\/","name":"Cardenal Arizmendi: Mi palabra es la ley &#8211; Exaudi","isPartOf":{"@id":"https:\/\/exaudi.org\/#website"},"primaryImageOfPage":{"@id":"https:\/\/exaudi.org\/es\/cardenal-arizmendi-mi-palabra-es-la-ley\/#primaryimage"},"image":{"@id":"https:\/\/exaudi.org\/es\/cardenal-arizmendi-mi-palabra-es-la-ley\/#primaryimage"},"thumbnailUrl":"https:\/\/exaudi.org\/wp-content\/uploads\/2023\/03\/pexels-pixabay-278887-scaled.jpg","datePublished":"2023-03-22T09:14:22+00:00","author":{"@id":"https:\/\/exaudi.org\/#\/schema\/person\/c7d223f87e58f1105d044d8da1439102"},"breadcrumb":{"@id":"https:\/\/exaudi.org\/es\/cardenal-arizmendi-mi-palabra-es-la-ley\/#breadcrumb"},"inLanguage":"es","potentialAction":[{"@type":"ReadAction","target":["https:\/\/exaudi.org\/es\/cardenal-arizmendi-mi-palabra-es-la-ley\/"]}]},{"@type":"ImageObject","inLanguage":"es","@id":"https:\/\/exaudi.org\/es\/cardenal-arizmendi-mi-palabra-es-la-ley\/#primaryimage","url":"https:\/\/exaudi.org\/wp-content\/uploads\/2023\/03\/pexels-pixabay-278887-scaled.jpg","contentUrl":"https:\/\/exaudi.org\/wp-content\/uploads\/2023\/03\/pexels-pixabay-278887-scaled.jpg","width":2560,"height":1827,"caption":"(C) Pexels"},{"@type":"BreadcrumbList","@id":"https:\/\/exaudi.org\/es\/cardenal-arizmendi-mi-palabra-es-la-ley\/#breadcrumb","itemListElement":[{"@type":"ListItem","position":1,"name":"Portada","item":"https:\/\/exaudi.org\/es\/"},{"@type":"ListItem","position":2,"name":"Cardenal Arizmendi: Mi palabra es la ley"}]},{"@type":"WebSite","@id":"https:\/\/exaudi.org\/#website","url":"https:\/\/exaudi.org\/","name":"Exaudi","description":"News","potentialAction":[{"@type":"SearchAction","target":{"@type":"EntryPoint","urlTemplate":"https:\/\/exaudi.org\/?s={search_term_string}"},"query-input":{"@type":"PropertyValueSpecification","valueRequired":true,"valueName":"search_term_string"}}],"inLanguage":"es"},{"@type":"Person","@id":"https:\/\/exaudi.org\/#\/schema\/person\/c7d223f87e58f1105d044d8da1439102","name":"Cardenal Felipe Arizmendi","image":{"@type":"ImageObject","inLanguage":"es","@id":"https:\/\/secure.gravatar.com\/avatar\/4ffc5520d896b86d39346168903de33a17ef0f23d16de0ff45062c1ff422ed2f?s=96&d=mm&r=g","url":"https:\/\/secure.gravatar.com\/avatar\/4ffc5520d896b86d39346168903de33a17ef0f23d16de0ff45062c1ff422ed2f?s=96&d=mm&r=g","contentUrl":"https:\/\/secure.gravatar.com\/avatar\/4ffc5520d896b86d39346168903de33a17ef0f23d16de0ff45062c1ff422ed2f?s=96&d=mm&r=g","caption":"Cardenal Felipe Arizmendi"},"description":"Nacido en Chiltepec el 1 de mayo de 1940. Estudi\u00f3 Humanidades y Filosof\u00eda en el Seminario de Toluca, de 1952 a 1959. Curs\u00f3 la Teolog\u00eda en la Universidad Pontificia de Salamanca, Espa\u00f1a, de 1959 a 1963, obteniendo la licenciatura en Teolog\u00eda Dogm\u00e1tica. Por su cuenta, se especializ\u00f3 en Liturgia. Fue ordenado sacerdote el 25 de agosto de 1963 en Toluca. Sirvi\u00f3 como Vicario Parroquial en tres parroquias por tres a\u00f1os y medio y fue p\u00e1rroco de una comunidad ind\u00edgena otom\u00ed, de 1967 a 1970. Fue Director Espiritual del Seminario de Toluca por diez a\u00f1os, y Rector del mismo de 1981 a 1991. El 7 de marzo de 1991, fue ordenado obispo de la di\u00f3cesis de Tapachula, donde estuvo hasta el 30 de abril del a\u00f1o 2000. El 1 de mayo del 2000, inici\u00f3 su ministerio episcopal como XLVI obispo de la di\u00f3cesis de San Crist\u00f3bal de las Casas, Chiapas, una de las di\u00f3cesis m\u00e1s antiguas de M\u00e9xico, erigida en 1539; all\u00ed sirvi\u00f3 por casi 18 a\u00f1os. Ha ocupado diversos cargos en la Conferencia del Episcopado Mexicano y en el CELAM. El 3 de noviembre de 2017, el Papa Francisco le acept\u00f3, por edad, su renuncia al servicio episcopal en esta di\u00f3cesis, que entreg\u00f3 a su sucesor el 3 de enero de 2018. Desde entonces, reside en la ciudad de Toluca. Desde 1979, escribe art\u00edculos de actualidad en varios medios religiosos y civiles. Es autor de varias publicaciones.","url":"https:\/\/exaudi.org\/es\/author\/felipearizmendi\/"}]}},"jetpack_featured_media_url":"https:\/\/exaudi.org\/wp-content\/uploads\/2023\/03\/pexels-pixabay-278887-scaled.jpg","jetpack_shortlink":"https:\/\/wp.me\/pgKjF2-iVh","_links":{"self":[{"href":"https:\/\/exaudi.org\/es\/wp-json\/wp\/v2\/posts\/72743","targetHints":{"allow":["GET"]}}],"collection":[{"href":"https:\/\/exaudi.org\/es\/wp-json\/wp\/v2\/posts"}],"about":[{"href":"https:\/\/exaudi.org\/es\/wp-json\/wp\/v2\/types\/post"}],"author":[{"embeddable":true,"href":"https:\/\/exaudi.org\/es\/wp-json\/wp\/v2\/users\/24"}],"replies":[{"embeddable":true,"href":"https:\/\/exaudi.org\/es\/wp-json\/wp\/v2\/comments?post=72743"}],"version-history":[{"count":0,"href":"https:\/\/exaudi.org\/es\/wp-json\/wp\/v2\/posts\/72743\/revisions"}],"wp:featuredmedia":[{"embeddable":true,"href":"https:\/\/exaudi.org\/es\/wp-json\/wp\/v2\/media\/72747"}],"wp:attachment":[{"href":"https:\/\/exaudi.org\/es\/wp-json\/wp\/v2\/media?parent=72743"}],"wp:term":[{"taxonomy":"category","embeddable":true,"href":"https:\/\/exaudi.org\/es\/wp-json\/wp\/v2\/categories?post=72743"},{"taxonomy":"post_tag","embeddable":true,"href":"https:\/\/exaudi.org\/es\/wp-json\/wp\/v2\/tags?post=72743"}],"curies":[{"name":"wp","href":"https:\/\/api.w.org\/{rel}","templated":true}]}}