{"id":72675,"date":"2023-03-21T10:32:27","date_gmt":"2023-03-21T09:32:27","guid":{"rendered":"https:\/\/exaudi.org\/?p=72675"},"modified":"2023-03-21T10:51:05","modified_gmt":"2023-03-21T09:51:05","slug":"el-celibato-sacerdotal","status":"publish","type":"post","link":"https:\/\/exaudi.org\/es\/el-celibato-sacerdotal\/","title":{"rendered":"El celibato sacerdotal"},"content":{"rendered":"<audio class=\"wp-audio-shortcode\" id=\"audio-72675-1\" preload=\"none\" style=\"width: 100%;\" controls=\"controls\"><source type=\"audio\/mpeg\" src=\"https:\/\/exaudi.org\/wp-content\/uploads\/2023\/03\/El-celibato-sacerdotal-El-sacerdote-como-todos.mp3?_=1\" \/><a href=\"https:\/\/exaudi.org\/wp-content\/uploads\/2023\/03\/El-celibato-sacerdotal-El-sacerdote-como-todos.mp3\">https:\/\/exaudi.org\/wp-content\/uploads\/2023\/03\/El-celibato-sacerdotal-El-sacerdote-como-todos.mp3<\/a><\/audio>\n<p>En una reciente entrevista con Infobae (11 de marzo), de la que se han hecho eco muchos medios de comunicaci\u00f3n, el papa Francisco asegur\u00f3 que \u201crevisar el celibato sacerdotal no aumentar\u00eda las vocaciones\u201d. No faltaron los que hicieron hincapi\u00e9 en otra afirmaci\u00f3n de Francisco, que recordaba que el celibato no es dogma de fe, sino una medida de disciplina eclesial revisable.<\/p>\n<p>Cuantos conocen el pensamiento y la trayectoria del Papa saben bien que dice lo que dice, y no lo que unas palabras descontextualizadas parecieran querer decir.<\/p>\n<p>El Papa considera que el celibato es un don que, como recordaba Juan Pablo II, \u201cno todos entienden&#8230;, sino s\u00f3lo aqu\u00e9llos a quienes se les ha concedido (Mt 19, 11)\u201d (Ex. Ap.<em> Pastores dabo vobis<\/em>); pero \u201csin amigos y sin oraci\u00f3n el celibato puede convertirse en un peso insoportable y en un anti-testimonio de la hermosura misma del sacerdocio\u201d (ibidem). De un modo u otro, durante su pontificado, Francisco ha insistido una vez y otra en el mismo mensaje, que es la necesidad de poner el foco en la evangelizaci\u00f3n, y no en los llamados problemas sist\u00e9micos y estructurales, pues la soluci\u00f3n pasa por un proceso de conversi\u00f3n interior.<\/p>\n<p style=\"text-align: left\">\u201cPrecisamente porque evangeliza y para poder evangelizar, el sacerdote, como la Iglesia, debe crecer en la conciencia de su permanente necesidad de ser evangelizado\u201d (n. 26).<\/p>\n<p>En definitiva, ante los argumentos esgrimidos a favor de hacer opcional el celibato, el papa Francisco ha mantenido la misma postura que sus antecesores, a los que ha citado frecuentemente. En especial, a Pablo VI (Enc\u00edclica <em>Sacerdotalis caelibatus<\/em>, 1967) y a Juan Pablo II (Ex. Ap.<em> Pastores dabo vobis, <\/em>1992). La presi\u00f3n de los partidarios de suprimir esta condici\u00f3n para ser ordenado presb\u00edtero en el rito latino se basa en razones de car\u00e1cter sociol\u00f3gico, no teol\u00f3gico.<\/p>\n<p>La necesidad de evangelizar y de ser evangelizado es un verdadero programa de catequesis, cuya urgencia se hace notar hoy m\u00e1s que nunca. Inmersos, como estamos, en una cultura a la deriva, en la que continuamente bombardea a los ciudadanos con mensajes ideologizados y reclamos sensuales, todos, sin excepci\u00f3n, pastores incluidos, dependemos de la fortaleza de los dem\u00e1s, de su acompa\u00f1amiento, de su ejemplo y aliento para profundizar en el mensaje de Cristo y de su Iglesia. Es, de hecho, una responsabilidad que el <em>Directorio para la catequesis<\/em> atribuye a los obispos:<\/p>\n<p style=\"text-align: left\">\u201cTambi\u00e9n prestar\u00e1n la debida atenci\u00f3n a la formaci\u00f3n catequ\u00edstica de los sacerdotes, especialmente aprovechando los momentos de formaci\u00f3n permanente. Esta atenci\u00f3n tiene por objeto promover la necesaria actualizaci\u00f3n catequ\u00e9tico-pastoral que favorece en los sacerdotes una mayor y m\u00e1s directa implicaci\u00f3n en la acci\u00f3n catequ\u00edstica, lo cual les ayuda a sentirse implicados en la tarea formativa de los catequistas\u201d (n. 153).<\/p>\n<p>Los que formamos parte del proyecto <a href=\"https:\/\/becat.online\" target=\"_blank\" rel=\"noopener\">#BeCaT<\/a> \u00a0tenemos la firme convicci\u00f3n de que el modo m\u00e1s pr\u00e1ctico de afrontar muchos problemas actuales consiste en superar la ignorancia con buena formaci\u00f3n. La renovaci\u00f3n de la catequesis, de la que mucho se habla, requiere renovar tambi\u00e9n el coraz\u00f3n y los m\u00e9todos. Hay que cambiar el enfoque y comenzar por aplicarnos el cuento nosotros mismos.<\/p>\n<p>La proximidad del Jueves Santo, en el que conmemoramos la instituci\u00f3n del sacerdocio y rezamos por los sacerdotes, puede ser buena ocasi\u00f3n para pedir a Dios que nos d\u00e9 luces para conseguir esa ansiada renovaci\u00f3n.<\/p>\n","protected":false},"excerpt":{"rendered":"<p>El sacerdote, como todos los fieles, tiene la continua necesidad de ser evangelizado<\/p>\n","protected":false},"author":95,"featured_media":72676,"comment_status":"closed","ping_status":"closed","sticky":false,"template":"","format":"standard","meta":{"_acf_changed":false,"_crdt_document":"","inline_featured_image":false,"footnotes":""},"categories":[130],"tags":[8694,4289,158,8693,4953],"class_list":["post-72675","post","type-post","status-publish","format-standard","has-post-thumbnail","hentry","category-voces","tag-becat","tag-celibato-es","tag-papa-francisco","tag-sacerdotal","tag-trending-es"],"acf":[],"yoast_head":"<!-- This site is optimized with the Yoast SEO plugin v27.4 - https:\/\/yoast.com\/product\/yoast-seo-wordpress\/ -->\n<title>El celibato sacerdotal &#8211; Exaudi<\/title>\n<meta name=\"robots\" content=\"index, follow, max-snippet:-1, max-image-preview:large, max-video-preview:-1\" \/>\n<link rel=\"canonical\" href=\"https:\/\/exaudi.org\/es\/el-celibato-sacerdotal\/\" \/>\n<meta property=\"og:locale\" content=\"es_ES\" \/>\n<meta property=\"og:type\" content=\"article\" \/>\n<meta property=\"og:title\" content=\"El celibato sacerdotal &#8211; Exaudi\" \/>\n<meta property=\"og:description\" content=\"El sacerdote, como todos los fieles, tiene la continua necesidad de ser evangelizado\" \/>\n<meta property=\"og:url\" content=\"https:\/\/exaudi.org\/es\/el-celibato-sacerdotal\/\" \/>\n<meta property=\"og:site_name\" content=\"Exaudi\" \/>\n<meta property=\"article:publisher\" content=\"https:\/\/www.facebook.com\/ExaudiNews\" \/>\n<meta property=\"article:published_time\" content=\"2023-03-21T09:32:27+00:00\" \/>\n<meta property=\"article:modified_time\" content=\"2023-03-21T09:51:05+00:00\" \/>\n<meta property=\"og:image\" content=\"https:\/\/exaudi.org\/wp-content\/uploads\/2023\/03\/Sacerdotes.png\" \/>\n\t<meta property=\"og:image:width\" content=\"1440\" \/>\n\t<meta property=\"og:image:height\" content=\"960\" \/>\n\t<meta property=\"og:image:type\" content=\"image\/png\" \/>\n<meta name=\"author\" content=\"Fernando Moreno\" \/>\n<meta name=\"twitter:card\" content=\"summary_large_image\" \/>\n<meta name=\"twitter:creator\" content=\"@Exaudi_News\" \/>\n<meta name=\"twitter:site\" content=\"@Exaudi_News\" \/>\n<meta name=\"twitter:label1\" content=\"Escrito por\" \/>\n\t<meta name=\"twitter:data1\" content=\"Fernando Moreno\" \/>\n\t<meta name=\"twitter:label2\" content=\"Tiempo de lectura\" \/>\n\t<meta name=\"twitter:data2\" content=\"3 minutos\" \/>\n<script type=\"application\/ld+json\" class=\"yoast-schema-graph\">{\"@context\":\"https:\\\/\\\/schema.org\",\"@graph\":[{\"@type\":\"Article\",\"@id\":\"https:\\\/\\\/exaudi.org\\\/es\\\/el-celibato-sacerdotal\\\/#article\",\"isPartOf\":{\"@id\":\"https:\\\/\\\/exaudi.org\\\/es\\\/el-celibato-sacerdotal\\\/\"},\"author\":{\"name\":\"Fernando Moreno\",\"@id\":\"https:\\\/\\\/exaudi.org\\\/#\\\/schema\\\/person\\\/f7be66f9b167acd77364fb22baf2df18\"},\"headline\":\"El celibato sacerdotal\",\"datePublished\":\"2023-03-21T09:32:27+00:00\",\"dateModified\":\"2023-03-21T09:51:05+00:00\",\"mainEntityOfPage\":{\"@id\":\"https:\\\/\\\/exaudi.org\\\/es\\\/el-celibato-sacerdotal\\\/\"},\"wordCount\":598,\"image\":{\"@id\":\"https:\\\/\\\/exaudi.org\\\/es\\\/el-celibato-sacerdotal\\\/#primaryimage\"},\"thumbnailUrl\":\"https:\\\/\\\/exaudi.org\\\/wp-content\\\/uploads\\\/2023\\\/03\\\/Sacerdotes.png\",\"keywords\":[\"Becat\",\"celibato\",\"papa francisco\",\"sacerdotal\",\"Trending\"],\"articleSection\":[\"Voces\"],\"inLanguage\":\"es\"},{\"@type\":\"WebPage\",\"@id\":\"https:\\\/\\\/exaudi.org\\\/es\\\/el-celibato-sacerdotal\\\/\",\"url\":\"https:\\\/\\\/exaudi.org\\\/es\\\/el-celibato-sacerdotal\\\/\",\"name\":\"El celibato sacerdotal &#8211; Exaudi\",\"isPartOf\":{\"@id\":\"https:\\\/\\\/exaudi.org\\\/#website\"},\"primaryImageOfPage\":{\"@id\":\"https:\\\/\\\/exaudi.org\\\/es\\\/el-celibato-sacerdotal\\\/#primaryimage\"},\"image\":{\"@id\":\"https:\\\/\\\/exaudi.org\\\/es\\\/el-celibato-sacerdotal\\\/#primaryimage\"},\"thumbnailUrl\":\"https:\\\/\\\/exaudi.org\\\/wp-content\\\/uploads\\\/2023\\\/03\\\/Sacerdotes.png\",\"datePublished\":\"2023-03-21T09:32:27+00:00\",\"dateModified\":\"2023-03-21T09:51:05+00:00\",\"author\":{\"@id\":\"https:\\\/\\\/exaudi.org\\\/#\\\/schema\\\/person\\\/f7be66f9b167acd77364fb22baf2df18\"},\"breadcrumb\":{\"@id\":\"https:\\\/\\\/exaudi.org\\\/es\\\/el-celibato-sacerdotal\\\/#breadcrumb\"},\"inLanguage\":\"es\",\"potentialAction\":[{\"@type\":\"ReadAction\",\"target\":[\"https:\\\/\\\/exaudi.org\\\/es\\\/el-celibato-sacerdotal\\\/\"]}]},{\"@type\":\"ImageObject\",\"inLanguage\":\"es\",\"@id\":\"https:\\\/\\\/exaudi.org\\\/es\\\/el-celibato-sacerdotal\\\/#primaryimage\",\"url\":\"https:\\\/\\\/exaudi.org\\\/wp-content\\\/uploads\\\/2023\\\/03\\\/Sacerdotes.png\",\"contentUrl\":\"https:\\\/\\\/exaudi.org\\\/wp-content\\\/uploads\\\/2023\\\/03\\\/Sacerdotes.png\",\"width\":1440,\"height\":960},{\"@type\":\"BreadcrumbList\",\"@id\":\"https:\\\/\\\/exaudi.org\\\/es\\\/el-celibato-sacerdotal\\\/#breadcrumb\",\"itemListElement\":[{\"@type\":\"ListItem\",\"position\":1,\"name\":\"Portada\",\"item\":\"https:\\\/\\\/exaudi.org\\\/es\\\/\"},{\"@type\":\"ListItem\",\"position\":2,\"name\":\"El celibato sacerdotal\"}]},{\"@type\":\"WebSite\",\"@id\":\"https:\\\/\\\/exaudi.org\\\/#website\",\"url\":\"https:\\\/\\\/exaudi.org\\\/\",\"name\":\"Exaudi\",\"description\":\"News\",\"potentialAction\":[{\"@type\":\"SearchAction\",\"target\":{\"@type\":\"EntryPoint\",\"urlTemplate\":\"https:\\\/\\\/exaudi.org\\\/?s={search_term_string}\"},\"query-input\":{\"@type\":\"PropertyValueSpecification\",\"valueRequired\":true,\"valueName\":\"search_term_string\"}}],\"inLanguage\":\"es\"},{\"@type\":\"Person\",\"@id\":\"https:\\\/\\\/exaudi.org\\\/#\\\/schema\\\/person\\\/f7be66f9b167acd77364fb22baf2df18\",\"name\":\"Fernando Moreno\",\"image\":{\"@type\":\"ImageObject\",\"inLanguage\":\"es\",\"@id\":\"https:\\\/\\\/secure.gravatar.com\\\/avatar\\\/89d06a32e238a5809ca3e34f462a4afe4c499cdb794f65c9ba8a1c6fe2f299bf?s=96&d=mm&r=g\",\"url\":\"https:\\\/\\\/secure.gravatar.com\\\/avatar\\\/89d06a32e238a5809ca3e34f462a4afe4c499cdb794f65c9ba8a1c6fe2f299bf?s=96&d=mm&r=g\",\"contentUrl\":\"https:\\\/\\\/secure.gravatar.com\\\/avatar\\\/89d06a32e238a5809ca3e34f462a4afe4c499cdb794f65c9ba8a1c6fe2f299bf?s=96&d=mm&r=g\",\"caption\":\"Fernando Moreno\"},\"description\":\"Director del Diploma en Did\u00e1ctica de la Catequesis de la Universidad Internacional de la Rioja (UNIR) y responsable de los proyectos #BeCaT (https:\\\/\\\/becat.online) y Catequesis Familiar (https:\\\/\\\/catequesisfamiliar.net), es doctor Europeo en Educaci\u00f3n (Universidad de Navarra), MSc in TQM (Sheffield Hallam University) y M\u00e1ster en Persona y Sociedad seg\u00fan Joseph Ratzinger (UNIR).\",\"url\":\"https:\\\/\\\/exaudi.org\\\/es\\\/author\\\/fernandomoreno\\\/\"}]}<\/script>\n<!-- \/ Yoast SEO plugin. -->","yoast_head_json":{"title":"El celibato sacerdotal &#8211; Exaudi","robots":{"index":"index","follow":"follow","max-snippet":"max-snippet:-1","max-image-preview":"max-image-preview:large","max-video-preview":"max-video-preview:-1"},"canonical":"https:\/\/exaudi.org\/es\/el-celibato-sacerdotal\/","og_locale":"es_ES","og_type":"article","og_title":"El celibato sacerdotal &#8211; Exaudi","og_description":"El sacerdote, como todos los fieles, tiene la continua necesidad de ser evangelizado","og_url":"https:\/\/exaudi.org\/es\/el-celibato-sacerdotal\/","og_site_name":"Exaudi","article_publisher":"https:\/\/www.facebook.com\/ExaudiNews","article_published_time":"2023-03-21T09:32:27+00:00","article_modified_time":"2023-03-21T09:51:05+00:00","og_image":[{"width":1440,"height":960,"url":"https:\/\/exaudi.org\/wp-content\/uploads\/2023\/03\/Sacerdotes.png","type":"image\/png"}],"author":"Fernando Moreno","twitter_card":"summary_large_image","twitter_creator":"@Exaudi_News","twitter_site":"@Exaudi_News","twitter_misc":{"Escrito por":"Fernando Moreno","Tiempo de lectura":"3 minutos"},"schema":{"@context":"https:\/\/schema.org","@graph":[{"@type":"Article","@id":"https:\/\/exaudi.org\/es\/el-celibato-sacerdotal\/#article","isPartOf":{"@id":"https:\/\/exaudi.org\/es\/el-celibato-sacerdotal\/"},"author":{"name":"Fernando Moreno","@id":"https:\/\/exaudi.org\/#\/schema\/person\/f7be66f9b167acd77364fb22baf2df18"},"headline":"El celibato sacerdotal","datePublished":"2023-03-21T09:32:27+00:00","dateModified":"2023-03-21T09:51:05+00:00","mainEntityOfPage":{"@id":"https:\/\/exaudi.org\/es\/el-celibato-sacerdotal\/"},"wordCount":598,"image":{"@id":"https:\/\/exaudi.org\/es\/el-celibato-sacerdotal\/#primaryimage"},"thumbnailUrl":"https:\/\/exaudi.org\/wp-content\/uploads\/2023\/03\/Sacerdotes.png","keywords":["Becat","celibato","papa francisco","sacerdotal","Trending"],"articleSection":["Voces"],"inLanguage":"es"},{"@type":"WebPage","@id":"https:\/\/exaudi.org\/es\/el-celibato-sacerdotal\/","url":"https:\/\/exaudi.org\/es\/el-celibato-sacerdotal\/","name":"El celibato sacerdotal &#8211; Exaudi","isPartOf":{"@id":"https:\/\/exaudi.org\/#website"},"primaryImageOfPage":{"@id":"https:\/\/exaudi.org\/es\/el-celibato-sacerdotal\/#primaryimage"},"image":{"@id":"https:\/\/exaudi.org\/es\/el-celibato-sacerdotal\/#primaryimage"},"thumbnailUrl":"https:\/\/exaudi.org\/wp-content\/uploads\/2023\/03\/Sacerdotes.png","datePublished":"2023-03-21T09:32:27+00:00","dateModified":"2023-03-21T09:51:05+00:00","author":{"@id":"https:\/\/exaudi.org\/#\/schema\/person\/f7be66f9b167acd77364fb22baf2df18"},"breadcrumb":{"@id":"https:\/\/exaudi.org\/es\/el-celibato-sacerdotal\/#breadcrumb"},"inLanguage":"es","potentialAction":[{"@type":"ReadAction","target":["https:\/\/exaudi.org\/es\/el-celibato-sacerdotal\/"]}]},{"@type":"ImageObject","inLanguage":"es","@id":"https:\/\/exaudi.org\/es\/el-celibato-sacerdotal\/#primaryimage","url":"https:\/\/exaudi.org\/wp-content\/uploads\/2023\/03\/Sacerdotes.png","contentUrl":"https:\/\/exaudi.org\/wp-content\/uploads\/2023\/03\/Sacerdotes.png","width":1440,"height":960},{"@type":"BreadcrumbList","@id":"https:\/\/exaudi.org\/es\/el-celibato-sacerdotal\/#breadcrumb","itemListElement":[{"@type":"ListItem","position":1,"name":"Portada","item":"https:\/\/exaudi.org\/es\/"},{"@type":"ListItem","position":2,"name":"El celibato sacerdotal"}]},{"@type":"WebSite","@id":"https:\/\/exaudi.org\/#website","url":"https:\/\/exaudi.org\/","name":"Exaudi","description":"News","potentialAction":[{"@type":"SearchAction","target":{"@type":"EntryPoint","urlTemplate":"https:\/\/exaudi.org\/?s={search_term_string}"},"query-input":{"@type":"PropertyValueSpecification","valueRequired":true,"valueName":"search_term_string"}}],"inLanguage":"es"},{"@type":"Person","@id":"https:\/\/exaudi.org\/#\/schema\/person\/f7be66f9b167acd77364fb22baf2df18","name":"Fernando Moreno","image":{"@type":"ImageObject","inLanguage":"es","@id":"https:\/\/secure.gravatar.com\/avatar\/89d06a32e238a5809ca3e34f462a4afe4c499cdb794f65c9ba8a1c6fe2f299bf?s=96&d=mm&r=g","url":"https:\/\/secure.gravatar.com\/avatar\/89d06a32e238a5809ca3e34f462a4afe4c499cdb794f65c9ba8a1c6fe2f299bf?s=96&d=mm&r=g","contentUrl":"https:\/\/secure.gravatar.com\/avatar\/89d06a32e238a5809ca3e34f462a4afe4c499cdb794f65c9ba8a1c6fe2f299bf?s=96&d=mm&r=g","caption":"Fernando Moreno"},"description":"Director del Diploma en Did\u00e1ctica de la Catequesis de la Universidad Internacional de la Rioja (UNIR) y responsable de los proyectos #BeCaT (https:\/\/becat.online) y Catequesis Familiar (https:\/\/catequesisfamiliar.net), es doctor Europeo en Educaci\u00f3n (Universidad de Navarra), MSc in TQM (Sheffield Hallam University) y M\u00e1ster en Persona y Sociedad seg\u00fan Joseph Ratzinger (UNIR).","url":"https:\/\/exaudi.org\/es\/author\/fernandomoreno\/"}]}},"jetpack_featured_media_url":"https:\/\/exaudi.org\/wp-content\/uploads\/2023\/03\/Sacerdotes.png","jetpack_shortlink":"https:\/\/wp.me\/pgKjF2-iUb","_links":{"self":[{"href":"https:\/\/exaudi.org\/es\/wp-json\/wp\/v2\/posts\/72675","targetHints":{"allow":["GET"]}}],"collection":[{"href":"https:\/\/exaudi.org\/es\/wp-json\/wp\/v2\/posts"}],"about":[{"href":"https:\/\/exaudi.org\/es\/wp-json\/wp\/v2\/types\/post"}],"author":[{"embeddable":true,"href":"https:\/\/exaudi.org\/es\/wp-json\/wp\/v2\/users\/95"}],"replies":[{"embeddable":true,"href":"https:\/\/exaudi.org\/es\/wp-json\/wp\/v2\/comments?post=72675"}],"version-history":[{"count":0,"href":"https:\/\/exaudi.org\/es\/wp-json\/wp\/v2\/posts\/72675\/revisions"}],"wp:featuredmedia":[{"embeddable":true,"href":"https:\/\/exaudi.org\/es\/wp-json\/wp\/v2\/media\/72676"}],"wp:attachment":[{"href":"https:\/\/exaudi.org\/es\/wp-json\/wp\/v2\/media?parent=72675"}],"wp:term":[{"taxonomy":"category","embeddable":true,"href":"https:\/\/exaudi.org\/es\/wp-json\/wp\/v2\/categories?post=72675"},{"taxonomy":"post_tag","embeddable":true,"href":"https:\/\/exaudi.org\/es\/wp-json\/wp\/v2\/tags?post=72675"}],"curies":[{"name":"wp","href":"https:\/\/api.w.org\/{rel}","templated":true}]}}