{"id":72530,"date":"2023-03-19T11:30:39","date_gmt":"2023-03-19T10:30:39","guid":{"rendered":"https:\/\/exaudi.org\/?p=72530"},"modified":"2023-03-20T09:34:45","modified_gmt":"2023-03-20T08:34:45","slug":"el-artesano-que-logra-comunicar-con-las-piedras","status":"publish","type":"post","link":"https:\/\/exaudi.org\/es\/el-artesano-que-logra-comunicar-con-las-piedras\/","title":{"rendered":"El artesano que logra comunicar con las piedras"},"content":{"rendered":"<audio class=\"wp-audio-shortcode\" id=\"audio-72530-1\" preload=\"none\" style=\"width: 100%;\" controls=\"controls\"><source type=\"audio\/mpeg\" src=\"https:\/\/exaudi.org\/wp-content\/uploads\/2023\/03\/El-artesano-que-logra-comunicar-con-las-piedras.mp3?_=1\" \/><a href=\"https:\/\/exaudi.org\/wp-content\/uploads\/2023\/03\/El-artesano-que-logra-comunicar-con-las-piedras.mp3\">https:\/\/exaudi.org\/wp-content\/uploads\/2023\/03\/El-artesano-que-logra-comunicar-con-las-piedras.mp3<\/a><\/audio>\n<p>Sus manos comenzaron a esculpir las im\u00e1genes que llevaba grabadas en su mente. Con solo 8 a\u00f1os Juan Valencia Villanueva aprend\u00eda de su padre a tallar la piedra de granito. Hizo de su arte un sustento de vida. Su padre lo inici\u00f3 en la fabricaci\u00f3n de z\u00f3calos de pisos de casas. Pero el inter\u00e9s de Juan fue m\u00e1s all\u00e1.<\/p>\n<p><img loading=\"lazy\" decoding=\"async\" class=\"size-medium wp-image-72537 alignleft\" src=\"https:\/\/exaudi.org\/wp-content\/uploads\/2023\/03\/IMG-20230110-WA0012-300x300.jpg\" alt=\"\" width=\"300\" height=\"300\" srcset=\"https:\/\/exaudi.org\/wp-content\/uploads\/2023\/03\/IMG-20230110-WA0012-300x300.jpg 300w, https:\/\/exaudi.org\/wp-content\/uploads\/2023\/03\/IMG-20230110-WA0012-1024x1024.jpg 1024w, https:\/\/exaudi.org\/wp-content\/uploads\/2023\/03\/IMG-20230110-WA0012-100x100.jpg?crop=1 100w, https:\/\/exaudi.org\/wp-content\/uploads\/2023\/03\/IMG-20230110-WA0012-770x770.jpg 770w, https:\/\/exaudi.org\/wp-content\/uploads\/2023\/03\/IMG-20230110-WA0012-500x500.jpg 500w, https:\/\/exaudi.org\/wp-content\/uploads\/2023\/03\/IMG-20230110-WA0012-293x293.jpg 293w, https:\/\/exaudi.org\/wp-content\/uploads\/2023\/03\/IMG-20230110-WA0012-390x390.jpg 390w, https:\/\/exaudi.org\/wp-content\/uploads\/2023\/03\/IMG-20230110-WA0012-585x585.jpg 585w, https:\/\/exaudi.org\/wp-content\/uploads\/2023\/03\/IMG-20230110-WA0012-900x900.jpg 900w, https:\/\/exaudi.org\/wp-content\/uploads\/2023\/03\/IMG-20230110-WA0012.jpg 1280w\" sizes=\"auto, (max-width: 300px) 100vw, 300px\" \/><\/p>\n<p>Y es que lleva en la sangre la pasi\u00f3n por el tallado. Naci\u00f3 en un caser\u00edo cajamarquino, rodeado de \u00e1rboles y paisajes deslumbrantes. \u201cHuambocancha Alta\u201d, un lugar donde sus pobladores se dedican a labrar la piedra, a 8 km de Cajamarca en la sierra del Per\u00fa.<\/p>\n<p><img loading=\"lazy\" decoding=\"async\" class=\"size-medium wp-image-72543 alignright\" src=\"https:\/\/exaudi.org\/wp-content\/uploads\/2023\/03\/IMG-20230110-WA0010-224x300.jpg\" alt=\"\" width=\"224\" height=\"300\" srcset=\"https:\/\/exaudi.org\/wp-content\/uploads\/2023\/03\/IMG-20230110-WA0010-224x300.jpg 224w, https:\/\/exaudi.org\/wp-content\/uploads\/2023\/03\/IMG-20230110-WA0010-765x1024.jpg 765w, https:\/\/exaudi.org\/wp-content\/uploads\/2023\/03\/IMG-20230110-WA0010-770x1031.jpg 770w, https:\/\/exaudi.org\/wp-content\/uploads\/2023\/03\/IMG-20230110-WA0010-500x669.jpg 500w, https:\/\/exaudi.org\/wp-content\/uploads\/2023\/03\/IMG-20230110-WA0010-293x392.jpg 293w, https:\/\/exaudi.org\/wp-content\/uploads\/2023\/03\/IMG-20230110-WA0010-390x522.jpg 390w, https:\/\/exaudi.org\/wp-content\/uploads\/2023\/03\/IMG-20230110-WA0010.jpg 777w\" sizes=\"auto, (max-width: 224px) 100vw, 224px\" \/>Desde incas en tama\u00f1o natural, bancas, piletas, hasta l\u00e1pidas en granito, pastores, y campesinos adornan este pueblo. \u201cEl arte de tallar la piedra lo hered\u00e9 de mi padre, y ahora me toca ense\u00f1arles a mis hijos, es una tradici\u00f3n familiar\u201d, narra el artesano peruano.<\/p>\n<p>Su perseverancia en este arte lo llev\u00f3 a descubrir una cantera de marmolina en la provincia de San Pablo. Decidi\u00f3 comprar un bloque de este material, y empez\u00f3 a esculpirlo. Ya lleva 60 a\u00f1os en esta labor, de la que es un buen embajador. Pues, a lo largo de estos a\u00f1os, represent\u00f3 al pa\u00eds en diversos concursos y ferias artesanales.<\/p>\n<h2><strong>Vivir con el arte en las manos<\/strong><\/h2>\n<p><img loading=\"lazy\" decoding=\"async\" class=\"size-medium wp-image-72534 alignleft\" src=\"https:\/\/exaudi.org\/wp-content\/uploads\/2023\/03\/IMG-20230317-WA0013-165x300.jpg\" alt=\"\" width=\"165\" height=\"300\" srcset=\"https:\/\/exaudi.org\/wp-content\/uploads\/2023\/03\/IMG-20230317-WA0013-165x300.jpg 165w, https:\/\/exaudi.org\/wp-content\/uploads\/2023\/03\/IMG-20230317-WA0013-564x1024.jpg 564w, https:\/\/exaudi.org\/wp-content\/uploads\/2023\/03\/IMG-20230317-WA0013-500x908.jpg 500w, https:\/\/exaudi.org\/wp-content\/uploads\/2023\/03\/IMG-20230317-WA0013-293x532.jpg 293w, https:\/\/exaudi.org\/wp-content\/uploads\/2023\/03\/IMG-20230317-WA0013-390x708.jpg 390w, https:\/\/exaudi.org\/wp-content\/uploads\/2023\/03\/IMG-20230317-WA0013.jpg 705w\" sizes=\"auto, (max-width: 165px) 100vw, 165px\" \/>Ubicar la mejor piedra que le permita dar forma a la figura que desea representar no lo es todo. El secreto est\u00e1 en esculpir la obra maestra en el piso, comenta el artista. \u201cEsta t\u00e9cnica fue la que implement\u00f3 en su \u00faltima obra, un nacimiento andino que result\u00f3 ganador del XVIII concurso nacional de belenes \u201cNavidad es Jes\u00fas 2022\u201d.<\/p>\n<p>Esta obra maestra est\u00e1 compuesta de 10 piezas. Sus personajes usan sandalias de caucho, sombrero y poncho. San Jos\u00e9 lleva flauta y tambor como parte de su indumentaria. La virgen usa trenzas y los tres reyes tienen rasgos andinos. El ni\u00f1o Dios, un \u00e1ngel, un pastor, una vaca y una mula completan el conjunto que es el fiel reflejo de las costumbres andinas.<\/p>\n<p>Desde su adolescencia y en su juventud participaba en ferias artesanales. Precisamente este \u00faltimo reconocimiento es el impulso que buscaba conseguir. Tras no haber alcanzado el primer puesto, con su perseverancia lo logr\u00f3. \u201cMe invitaron hace tres a\u00f1os, antes de la pandemia. Aquella vez solo obtuve una menci\u00f3n honrosa. \u201cEste a\u00f1o volv\u00ed al concurso y me llev\u00e9 la sorpresa de resultar ganador\u201d.<\/p>\n<h2><strong>Mirar a trav\u00e9s de las obras <\/strong><\/h2>\n<p><img loading=\"lazy\" decoding=\"async\" class=\"size-medium wp-image-72546 alignright\" src=\"https:\/\/exaudi.org\/wp-content\/uploads\/2023\/03\/IMG-20230110-WA0013-225x300.jpg\" alt=\"\" width=\"225\" height=\"300\" srcset=\"https:\/\/exaudi.org\/wp-content\/uploads\/2023\/03\/IMG-20230110-WA0013-225x300.jpg 225w, https:\/\/exaudi.org\/wp-content\/uploads\/2023\/03\/IMG-20230110-WA0013-768x1024.jpg 768w, https:\/\/exaudi.org\/wp-content\/uploads\/2023\/03\/IMG-20230110-WA0013-770x1027.jpg 770w, https:\/\/exaudi.org\/wp-content\/uploads\/2023\/03\/IMG-20230110-WA0013-1152x1536.jpg 1152w, https:\/\/exaudi.org\/wp-content\/uploads\/2023\/03\/IMG-20230110-WA0013-500x667.jpg 500w, https:\/\/exaudi.org\/wp-content\/uploads\/2023\/03\/IMG-20230110-WA0013-293x391.jpg 293w, https:\/\/exaudi.org\/wp-content\/uploads\/2023\/03\/IMG-20230110-WA0013-390x520.jpg 390w, https:\/\/exaudi.org\/wp-content\/uploads\/2023\/03\/IMG-20230110-WA0013.jpg 1200w\" sizes=\"auto, (max-width: 225px) 100vw, 225px\" \/>La artesan\u00eda es la mejor forma de expresar sus vivencias y experiencias cotidianas. \u201cCada una de mis obras se convierten en un indicador de lo que este arte va logrando en m\u00ed\u201d.<\/p>\n<p>\u201cSiento que crezco al tallar la piedra\u201d, reconoce Juan. Participar con este bel\u00e9n en el certamen organizado por el Instituto Cultural Teatral y Social (Ictys) fue su mayor desaf\u00edo.<\/p>\n<p>Incas, chasquis, tejedoras y m\u00fasicos forman parte tambi\u00e9n son algunas de sus obras esculpidas en piedra que exhibe a diario adem\u00e1s de objetos utilitarios como joyeros y cofres en su taller ubicado en el kil\u00f3metro 6 de la carretera a Bambamarca. Un maestro artesano que vale un Per\u00fa.<\/p>\n<p>Aqu\u00ed el <a href=\"https:\/\/vm.tiktok.com\/ZMYxjn5pr\/\" target=\"_blank\" rel=\"noopener\">video con el saludo de Juan<\/a> a los artesanos en su d\u00eda.<\/p>\n","protected":false},"excerpt":{"rendered":"<p>La artesan\u00eda es la mejor forma de expresar sus vivencias y experiencias cotidianas<\/p>\n","protected":false},"author":39,"featured_media":72540,"comment_status":"closed","ping_status":"closed","sticky":false,"template":"","format":"standard","meta":{"_acf_changed":false,"_crdt_document":"","inline_featured_image":false,"footnotes":""},"categories":[76,98],"tags":[4953],"class_list":["post-72530","post","type-post","status-publish","format-standard","has-post-thumbnail","hentry","category-arte-y-cultura","category-testimonios","tag-trending-es"],"acf":[],"yoast_head":"<!-- This site is optimized with the Yoast SEO plugin v27.5 - https:\/\/yoast.com\/product\/yoast-seo-wordpress\/ -->\n<title>El artesano que logra comunicar con las piedras &#8211; Exaudi<\/title>\n<meta name=\"robots\" content=\"index, follow, max-snippet:-1, max-image-preview:large, max-video-preview:-1\" \/>\n<link rel=\"canonical\" href=\"https:\/\/exaudi.org\/es\/el-artesano-que-logra-comunicar-con-las-piedras\/\" \/>\n<meta property=\"og:locale\" content=\"es_ES\" \/>\n<meta property=\"og:type\" content=\"article\" \/>\n<meta property=\"og:title\" content=\"El artesano que logra comunicar con las piedras &#8211; Exaudi\" \/>\n<meta property=\"og:description\" content=\"La artesan\u00eda es la mejor forma de expresar sus vivencias y experiencias cotidianas\" \/>\n<meta property=\"og:url\" content=\"https:\/\/exaudi.org\/es\/el-artesano-que-logra-comunicar-con-las-piedras\/\" \/>\n<meta property=\"og:site_name\" content=\"Exaudi\" \/>\n<meta property=\"article:publisher\" content=\"https:\/\/www.facebook.com\/ExaudiNews\" \/>\n<meta property=\"article:published_time\" content=\"2023-03-19T10:30:39+00:00\" \/>\n<meta property=\"article:modified_time\" content=\"2023-03-20T08:34:45+00:00\" \/>\n<meta property=\"og:image\" content=\"https:\/\/exaudi.org\/wp-content\/uploads\/2023\/03\/IMG-20230110-WA0009.jpg\" \/>\n\t<meta property=\"og:image:width\" content=\"1280\" \/>\n\t<meta property=\"og:image:height\" content=\"844\" \/>\n\t<meta property=\"og:image:type\" content=\"image\/jpeg\" \/>\n<meta name=\"author\" content=\"Esther N\u00fa\u00f1ez\" \/>\n<meta name=\"twitter:card\" content=\"summary_large_image\" \/>\n<meta name=\"twitter:creator\" content=\"@Exaudi_News\" \/>\n<meta name=\"twitter:site\" content=\"@Exaudi_News\" \/>\n<meta name=\"twitter:label1\" content=\"Escrito por\" \/>\n\t<meta name=\"twitter:data1\" content=\"Esther N\u00fa\u00f1ez\" \/>\n\t<meta name=\"twitter:label2\" content=\"Tiempo de lectura\" \/>\n\t<meta name=\"twitter:data2\" content=\"4 minutos\" \/>\n<script type=\"application\/ld+json\" class=\"yoast-schema-graph\">{\"@context\":\"https:\\\/\\\/schema.org\",\"@graph\":[{\"@type\":\"Article\",\"@id\":\"https:\\\/\\\/exaudi.org\\\/es\\\/el-artesano-que-logra-comunicar-con-las-piedras\\\/#article\",\"isPartOf\":{\"@id\":\"https:\\\/\\\/exaudi.org\\\/es\\\/el-artesano-que-logra-comunicar-con-las-piedras\\\/\"},\"author\":{\"name\":\"Esther N\u00fa\u00f1ez\",\"@id\":\"https:\\\/\\\/exaudi.org\\\/#\\\/schema\\\/person\\\/7105d7735b2bf8c31e7cf8784351ebbc\"},\"headline\":\"El artesano que logra comunicar con las piedras\",\"datePublished\":\"2023-03-19T10:30:39+00:00\",\"dateModified\":\"2023-03-20T08:34:45+00:00\",\"mainEntityOfPage\":{\"@id\":\"https:\\\/\\\/exaudi.org\\\/es\\\/el-artesano-que-logra-comunicar-con-las-piedras\\\/\"},\"wordCount\":572,\"image\":{\"@id\":\"https:\\\/\\\/exaudi.org\\\/es\\\/el-artesano-que-logra-comunicar-con-las-piedras\\\/#primaryimage\"},\"thumbnailUrl\":\"https:\\\/\\\/exaudi.org\\\/wp-content\\\/uploads\\\/2023\\\/03\\\/IMG-20230110-WA0009.jpg\",\"keywords\":[\"Trending\"],\"articleSection\":[\"Arte y Cultura\",\"Testimonios\"],\"inLanguage\":\"es\"},{\"@type\":\"WebPage\",\"@id\":\"https:\\\/\\\/exaudi.org\\\/es\\\/el-artesano-que-logra-comunicar-con-las-piedras\\\/\",\"url\":\"https:\\\/\\\/exaudi.org\\\/es\\\/el-artesano-que-logra-comunicar-con-las-piedras\\\/\",\"name\":\"El artesano que logra comunicar con las piedras &#8211; Exaudi\",\"isPartOf\":{\"@id\":\"https:\\\/\\\/exaudi.org\\\/#website\"},\"primaryImageOfPage\":{\"@id\":\"https:\\\/\\\/exaudi.org\\\/es\\\/el-artesano-que-logra-comunicar-con-las-piedras\\\/#primaryimage\"},\"image\":{\"@id\":\"https:\\\/\\\/exaudi.org\\\/es\\\/el-artesano-que-logra-comunicar-con-las-piedras\\\/#primaryimage\"},\"thumbnailUrl\":\"https:\\\/\\\/exaudi.org\\\/wp-content\\\/uploads\\\/2023\\\/03\\\/IMG-20230110-WA0009.jpg\",\"datePublished\":\"2023-03-19T10:30:39+00:00\",\"dateModified\":\"2023-03-20T08:34:45+00:00\",\"author\":{\"@id\":\"https:\\\/\\\/exaudi.org\\\/#\\\/schema\\\/person\\\/7105d7735b2bf8c31e7cf8784351ebbc\"},\"breadcrumb\":{\"@id\":\"https:\\\/\\\/exaudi.org\\\/es\\\/el-artesano-que-logra-comunicar-con-las-piedras\\\/#breadcrumb\"},\"inLanguage\":\"es\",\"potentialAction\":[{\"@type\":\"ReadAction\",\"target\":[\"https:\\\/\\\/exaudi.org\\\/es\\\/el-artesano-que-logra-comunicar-con-las-piedras\\\/\"]}]},{\"@type\":\"ImageObject\",\"inLanguage\":\"es\",\"@id\":\"https:\\\/\\\/exaudi.org\\\/es\\\/el-artesano-que-logra-comunicar-con-las-piedras\\\/#primaryimage\",\"url\":\"https:\\\/\\\/exaudi.org\\\/wp-content\\\/uploads\\\/2023\\\/03\\\/IMG-20230110-WA0009.jpg\",\"contentUrl\":\"https:\\\/\\\/exaudi.org\\\/wp-content\\\/uploads\\\/2023\\\/03\\\/IMG-20230110-WA0009.jpg\",\"width\":1280,\"height\":844,\"caption\":\"\u00a9 Juan Valencia\"},{\"@type\":\"BreadcrumbList\",\"@id\":\"https:\\\/\\\/exaudi.org\\\/es\\\/el-artesano-que-logra-comunicar-con-las-piedras\\\/#breadcrumb\",\"itemListElement\":[{\"@type\":\"ListItem\",\"position\":1,\"name\":\"Portada\",\"item\":\"https:\\\/\\\/exaudi.org\\\/es\\\/\"},{\"@type\":\"ListItem\",\"position\":2,\"name\":\"El artesano que logra comunicar con las piedras\"}]},{\"@type\":\"WebSite\",\"@id\":\"https:\\\/\\\/exaudi.org\\\/#website\",\"url\":\"https:\\\/\\\/exaudi.org\\\/\",\"name\":\"Exaudi\",\"description\":\"News\",\"potentialAction\":[{\"@type\":\"SearchAction\",\"target\":{\"@type\":\"EntryPoint\",\"urlTemplate\":\"https:\\\/\\\/exaudi.org\\\/?s={search_term_string}\"},\"query-input\":{\"@type\":\"PropertyValueSpecification\",\"valueRequired\":true,\"valueName\":\"search_term_string\"}}],\"inLanguage\":\"es\"},{\"@type\":\"Person\",\"@id\":\"https:\\\/\\\/exaudi.org\\\/#\\\/schema\\\/person\\\/7105d7735b2bf8c31e7cf8784351ebbc\",\"name\":\"Esther N\u00fa\u00f1ez\",\"image\":{\"@type\":\"ImageObject\",\"inLanguage\":\"es\",\"@id\":\"https:\\\/\\\/secure.gravatar.com\\\/avatar\\\/856566533d218d9d7b852b03a545bc963463ade36cec448d0cba38a2d59be800?s=96&d=mm&r=g\",\"url\":\"https:\\\/\\\/secure.gravatar.com\\\/avatar\\\/856566533d218d9d7b852b03a545bc963463ade36cec448d0cba38a2d59be800?s=96&d=mm&r=g\",\"contentUrl\":\"https:\\\/\\\/secure.gravatar.com\\\/avatar\\\/856566533d218d9d7b852b03a545bc963463ade36cec448d0cba38a2d59be800?s=96&d=mm&r=g\",\"caption\":\"Esther N\u00fa\u00f1ez\"},\"description\":\"Lima, Per\u00fa Periodista colegiada con ejercicio de la profesi\u00f3n desde 2001. Licenciada en periodismo por la Universidad Jaime Bausate y Meza, de Lima. Estudios complementarios en Teolog\u00eda, Filosof\u00eda, Comunicaci\u00f3n Digital; as\u00ed como en Conducci\u00f3n de noticieros y producci\u00f3n audiovisual. Con preparaci\u00f3n adicional en doctrina social de la Iglesia, comunicaci\u00f3n institucional en el sector p\u00fablico y eclesial. Ha ejercido tareas como imagen institucional en la Oficina de Educaci\u00f3n de la Conferencia Episcopal Peruana. Asimismo, Jefa de prensa de un canal y editora de dos revistas impresas. Experiencia en la realizaci\u00f3n de talleres de redacci\u00f3n, as\u00ed como en corresponsal\u00edas de agencias y portales web, direcci\u00f3n, producci\u00f3n y conducci\u00f3n de programas de radio y televisi\u00f3n. Desde 2020 colabora como periodista en el Instituto de Radio y Televisi\u00f3n del Per\u00fa.\",\"url\":\"https:\\\/\\\/exaudi.org\\\/es\\\/author\\\/esthernunez\\\/\"}]}<\/script>\n<!-- \/ Yoast SEO plugin. -->","yoast_head_json":{"title":"El artesano que logra comunicar con las piedras &#8211; Exaudi","robots":{"index":"index","follow":"follow","max-snippet":"max-snippet:-1","max-image-preview":"max-image-preview:large","max-video-preview":"max-video-preview:-1"},"canonical":"https:\/\/exaudi.org\/es\/el-artesano-que-logra-comunicar-con-las-piedras\/","og_locale":"es_ES","og_type":"article","og_title":"El artesano que logra comunicar con las piedras &#8211; Exaudi","og_description":"La artesan\u00eda es la mejor forma de expresar sus vivencias y experiencias cotidianas","og_url":"https:\/\/exaudi.org\/es\/el-artesano-que-logra-comunicar-con-las-piedras\/","og_site_name":"Exaudi","article_publisher":"https:\/\/www.facebook.com\/ExaudiNews","article_published_time":"2023-03-19T10:30:39+00:00","article_modified_time":"2023-03-20T08:34:45+00:00","og_image":[{"width":1280,"height":844,"url":"https:\/\/exaudi.org\/wp-content\/uploads\/2023\/03\/IMG-20230110-WA0009.jpg","type":"image\/jpeg"}],"author":"Esther N\u00fa\u00f1ez","twitter_card":"summary_large_image","twitter_creator":"@Exaudi_News","twitter_site":"@Exaudi_News","twitter_misc":{"Escrito por":"Esther N\u00fa\u00f1ez","Tiempo de lectura":"4 minutos"},"schema":{"@context":"https:\/\/schema.org","@graph":[{"@type":"Article","@id":"https:\/\/exaudi.org\/es\/el-artesano-que-logra-comunicar-con-las-piedras\/#article","isPartOf":{"@id":"https:\/\/exaudi.org\/es\/el-artesano-que-logra-comunicar-con-las-piedras\/"},"author":{"name":"Esther N\u00fa\u00f1ez","@id":"https:\/\/exaudi.org\/#\/schema\/person\/7105d7735b2bf8c31e7cf8784351ebbc"},"headline":"El artesano que logra comunicar con las piedras","datePublished":"2023-03-19T10:30:39+00:00","dateModified":"2023-03-20T08:34:45+00:00","mainEntityOfPage":{"@id":"https:\/\/exaudi.org\/es\/el-artesano-que-logra-comunicar-con-las-piedras\/"},"wordCount":572,"image":{"@id":"https:\/\/exaudi.org\/es\/el-artesano-que-logra-comunicar-con-las-piedras\/#primaryimage"},"thumbnailUrl":"https:\/\/exaudi.org\/wp-content\/uploads\/2023\/03\/IMG-20230110-WA0009.jpg","keywords":["Trending"],"articleSection":["Arte y Cultura","Testimonios"],"inLanguage":"es"},{"@type":"WebPage","@id":"https:\/\/exaudi.org\/es\/el-artesano-que-logra-comunicar-con-las-piedras\/","url":"https:\/\/exaudi.org\/es\/el-artesano-que-logra-comunicar-con-las-piedras\/","name":"El artesano que logra comunicar con las piedras &#8211; Exaudi","isPartOf":{"@id":"https:\/\/exaudi.org\/#website"},"primaryImageOfPage":{"@id":"https:\/\/exaudi.org\/es\/el-artesano-que-logra-comunicar-con-las-piedras\/#primaryimage"},"image":{"@id":"https:\/\/exaudi.org\/es\/el-artesano-que-logra-comunicar-con-las-piedras\/#primaryimage"},"thumbnailUrl":"https:\/\/exaudi.org\/wp-content\/uploads\/2023\/03\/IMG-20230110-WA0009.jpg","datePublished":"2023-03-19T10:30:39+00:00","dateModified":"2023-03-20T08:34:45+00:00","author":{"@id":"https:\/\/exaudi.org\/#\/schema\/person\/7105d7735b2bf8c31e7cf8784351ebbc"},"breadcrumb":{"@id":"https:\/\/exaudi.org\/es\/el-artesano-que-logra-comunicar-con-las-piedras\/#breadcrumb"},"inLanguage":"es","potentialAction":[{"@type":"ReadAction","target":["https:\/\/exaudi.org\/es\/el-artesano-que-logra-comunicar-con-las-piedras\/"]}]},{"@type":"ImageObject","inLanguage":"es","@id":"https:\/\/exaudi.org\/es\/el-artesano-que-logra-comunicar-con-las-piedras\/#primaryimage","url":"https:\/\/exaudi.org\/wp-content\/uploads\/2023\/03\/IMG-20230110-WA0009.jpg","contentUrl":"https:\/\/exaudi.org\/wp-content\/uploads\/2023\/03\/IMG-20230110-WA0009.jpg","width":1280,"height":844,"caption":"\u00a9 Juan Valencia"},{"@type":"BreadcrumbList","@id":"https:\/\/exaudi.org\/es\/el-artesano-que-logra-comunicar-con-las-piedras\/#breadcrumb","itemListElement":[{"@type":"ListItem","position":1,"name":"Portada","item":"https:\/\/exaudi.org\/es\/"},{"@type":"ListItem","position":2,"name":"El artesano que logra comunicar con las piedras"}]},{"@type":"WebSite","@id":"https:\/\/exaudi.org\/#website","url":"https:\/\/exaudi.org\/","name":"Exaudi","description":"News","potentialAction":[{"@type":"SearchAction","target":{"@type":"EntryPoint","urlTemplate":"https:\/\/exaudi.org\/?s={search_term_string}"},"query-input":{"@type":"PropertyValueSpecification","valueRequired":true,"valueName":"search_term_string"}}],"inLanguage":"es"},{"@type":"Person","@id":"https:\/\/exaudi.org\/#\/schema\/person\/7105d7735b2bf8c31e7cf8784351ebbc","name":"Esther N\u00fa\u00f1ez","image":{"@type":"ImageObject","inLanguage":"es","@id":"https:\/\/secure.gravatar.com\/avatar\/856566533d218d9d7b852b03a545bc963463ade36cec448d0cba38a2d59be800?s=96&d=mm&r=g","url":"https:\/\/secure.gravatar.com\/avatar\/856566533d218d9d7b852b03a545bc963463ade36cec448d0cba38a2d59be800?s=96&d=mm&r=g","contentUrl":"https:\/\/secure.gravatar.com\/avatar\/856566533d218d9d7b852b03a545bc963463ade36cec448d0cba38a2d59be800?s=96&d=mm&r=g","caption":"Esther N\u00fa\u00f1ez"},"description":"Lima, Per\u00fa Periodista colegiada con ejercicio de la profesi\u00f3n desde 2001. Licenciada en periodismo por la Universidad Jaime Bausate y Meza, de Lima. Estudios complementarios en Teolog\u00eda, Filosof\u00eda, Comunicaci\u00f3n Digital; as\u00ed como en Conducci\u00f3n de noticieros y producci\u00f3n audiovisual. Con preparaci\u00f3n adicional en doctrina social de la Iglesia, comunicaci\u00f3n institucional en el sector p\u00fablico y eclesial. Ha ejercido tareas como imagen institucional en la Oficina de Educaci\u00f3n de la Conferencia Episcopal Peruana. Asimismo, Jefa de prensa de un canal y editora de dos revistas impresas. Experiencia en la realizaci\u00f3n de talleres de redacci\u00f3n, as\u00ed como en corresponsal\u00edas de agencias y portales web, direcci\u00f3n, producci\u00f3n y conducci\u00f3n de programas de radio y televisi\u00f3n. Desde 2020 colabora como periodista en el Instituto de Radio y Televisi\u00f3n del Per\u00fa.","url":"https:\/\/exaudi.org\/es\/author\/esthernunez\/"}]}},"jetpack_featured_media_url":"https:\/\/exaudi.org\/wp-content\/uploads\/2023\/03\/IMG-20230110-WA0009.jpg","jetpack_shortlink":"https:\/\/wp.me\/pgKjF2-iRQ","_links":{"self":[{"href":"https:\/\/exaudi.org\/es\/wp-json\/wp\/v2\/posts\/72530","targetHints":{"allow":["GET"]}}],"collection":[{"href":"https:\/\/exaudi.org\/es\/wp-json\/wp\/v2\/posts"}],"about":[{"href":"https:\/\/exaudi.org\/es\/wp-json\/wp\/v2\/types\/post"}],"author":[{"embeddable":true,"href":"https:\/\/exaudi.org\/es\/wp-json\/wp\/v2\/users\/39"}],"replies":[{"embeddable":true,"href":"https:\/\/exaudi.org\/es\/wp-json\/wp\/v2\/comments?post=72530"}],"version-history":[{"count":0,"href":"https:\/\/exaudi.org\/es\/wp-json\/wp\/v2\/posts\/72530\/revisions"}],"wp:featuredmedia":[{"embeddable":true,"href":"https:\/\/exaudi.org\/es\/wp-json\/wp\/v2\/media\/72540"}],"wp:attachment":[{"href":"https:\/\/exaudi.org\/es\/wp-json\/wp\/v2\/media?parent=72530"}],"wp:term":[{"taxonomy":"category","embeddable":true,"href":"https:\/\/exaudi.org\/es\/wp-json\/wp\/v2\/categories?post=72530"},{"taxonomy":"post_tag","embeddable":true,"href":"https:\/\/exaudi.org\/es\/wp-json\/wp\/v2\/tags?post=72530"}],"curies":[{"name":"wp","href":"https:\/\/api.w.org\/{rel}","templated":true}]}}