{"id":72512,"date":"2023-03-20T11:00:10","date_gmt":"2023-03-20T10:00:10","guid":{"rendered":"https:\/\/exaudi.org\/?p=72512"},"modified":"2023-03-18T18:48:43","modified_gmt":"2023-03-18T17:48:43","slug":"san-jose","status":"publish","type":"post","link":"https:\/\/exaudi.org\/es\/san-jose\/","title":{"rendered":"San Jos\u00e9"},"content":{"rendered":"<audio class=\"wp-audio-shortcode\" id=\"audio-72512-1\" preload=\"none\" style=\"width: 100%;\" controls=\"controls\"><source type=\"audio\/mpeg\" src=\"https:\/\/exaudi.org\/wp-content\/uploads\/2023\/03\/San-Jose-Tradicionalmente-se-considera-a-san-Jose.mp3?_=1\" \/><a href=\"https:\/\/exaudi.org\/wp-content\/uploads\/2023\/03\/San-Jose-Tradicionalmente-se-considera-a-san-Jose.mp3\">https:\/\/exaudi.org\/wp-content\/uploads\/2023\/03\/San-Jose-Tradicionalmente-se-considera-a-san-Jose.mp3<\/a><\/audio>\n<p>\u00c9ste a\u00f1o la solemnidad de san Jos\u00e9 pasa del domingo 19 al lunes 20. Digamos que lit\u00fargicamente pudo m\u00e1s el \u201cDomingo letare\u201d cuaresmal, que la fiesta del santo. La figura de san Jos\u00e9 no deja de ser sugerente. Pone en clara evidencia c\u00f3mo los criterios humanos son muy distintos de los divinos. No debi\u00f3 ser nada f\u00e1cil su misi\u00f3n, su vocaci\u00f3n aqu\u00ed en la Tierra, y al mismo tiempo no hizo nada extraordinario; o, mejor dicho, vivi\u00f3 extraordinariamente la vida ordinaria.<\/p>\n<p>La devoci\u00f3n a san Jos\u00e9 es una realidad que ha madurado, poco a poco, lentamente, a lo largo de la historia de la Iglesia. El Papa actual, elegido un 13 de marzo, quiso esperar al 19, solemnidad de san Jos\u00e9, para realizar la ceremonia del comienzo oficial de su pontificado. Sobra decir que, una vez m\u00e1s, puso a la Iglesia bajo el particular patrocinio de san Jos\u00e9. \u00a1Y vaya que lo necesita! Ahora podemos pedirle, muy especialmente, por la unidad de la Iglesia: que no se rompa, \u00a1una vez m\u00e1s!, esa unidad por culpa del Camino Sinodal Alem\u00e1n.<\/p>\n<p><img loading=\"lazy\" decoding=\"async\" class=\" wp-image-72517\" src=\"https:\/\/exaudi.org\/wp-content\/uploads\/2023\/03\/pexels-ange-sista-11444321-scaled.jpg\" alt=\"(C) Pexels\" width=\"186\" height=\"248\" srcset=\"https:\/\/exaudi.org\/wp-content\/uploads\/2023\/03\/pexels-ange-sista-11444321-scaled.jpg 1920w, https:\/\/exaudi.org\/wp-content\/uploads\/2023\/03\/pexels-ange-sista-11444321-225x300.jpg 225w, https:\/\/exaudi.org\/wp-content\/uploads\/2023\/03\/pexels-ange-sista-11444321-768x1024.jpg 768w, https:\/\/exaudi.org\/wp-content\/uploads\/2023\/03\/pexels-ange-sista-11444321-770x1027.jpg 770w, https:\/\/exaudi.org\/wp-content\/uploads\/2023\/03\/pexels-ange-sista-11444321-1152x1536.jpg 1152w, https:\/\/exaudi.org\/wp-content\/uploads\/2023\/03\/pexels-ange-sista-11444321-1536x2048.jpg 1536w, https:\/\/exaudi.org\/wp-content\/uploads\/2023\/03\/pexels-ange-sista-11444321-500x667.jpg 500w, https:\/\/exaudi.org\/wp-content\/uploads\/2023\/03\/pexels-ange-sista-11444321-293x391.jpg 293w, https:\/\/exaudi.org\/wp-content\/uploads\/2023\/03\/pexels-ange-sista-11444321-1400x1867.jpg 1400w, https:\/\/exaudi.org\/wp-content\/uploads\/2023\/03\/pexels-ange-sista-11444321-390x520.jpg 390w\" sizes=\"auto, (max-width: 186px) 100vw, 186px\" \/><\/p>\n<p>El Papa puso su pontificado bajo la protecci\u00f3n de san Jos\u00e9, y suele confiarle su descanso. Ha difundido mucho la devoci\u00f3n a san Jos\u00e9 dormido \u2013al pobre no lo dejaban dormir los \u00e1ngeles, siempre le estaban dando mensajes mientras dorm\u00eda-, como un auxilio para dormir bien. A m\u00ed, me ayuda a pensar que no s\u00f3lo ayuda a \u201cdormir mejor\u201d, sino que tambi\u00e9n es una forma de convertir el sue\u00f1o en oraci\u00f3n, como lo fue en la vida del santo.<\/p>\n<p>\u00bfQu\u00e9 m\u00e1s se puede decir de tan gran santo? Pues que Dios le confi\u00f3 los dos tesoros m\u00e1s grandes de la historia de la humanidad: nada menos que Jes\u00fas y que la Virgen. \u00bfPuede haber algo m\u00e1s valioso? Por eso, no es exageraci\u00f3n de Francisco el confiarle a la Iglesia y a su pontificado. \u00bfQu\u00e9 podemos pedirle nosotros a san Jos\u00e9? Quiz\u00e1, lo m\u00e1s importante, que nos ayude a amar a Jes\u00fas y a la Virgen como \u00e9l los am\u00f3. Ah\u00ed est\u00e1 el intr\u00edngulis de la vida interior, de la vida sobrenatural, de la vida cristiana.<\/p>\n<p>Los santos que le han tenido devoci\u00f3n a san Jos\u00e9 son m\u00faltiples, quiz\u00e1 comenzando con santa Teresa de Jes\u00fas y culminando, en tiempo reciente, con san Josemar\u00eda. Para este \u00faltimo, hab\u00eda una especie de presencia inefable del Santo Patriarca en cada uno de los sagrarios del mundo. Digamos que intu\u00eda que esa \u201ctrinidad de la Tierra\u201d, como \u00e9l llamaba a la Sagrada Familia: Jes\u00fas, Mar\u00eda y Jos\u00e9, no se deb\u00eda separar, deb\u00eda permanecer siempre unida, de forma que san Jos\u00e9 no dejar\u00eda a Jes\u00fas s\u00f3lo en el sagrario, sino que deber\u00eda haber una especie de presencia m\u00edstica de Mar\u00eda y de Jos\u00e9 en cada sagrario del mundo. Ah\u00ed est\u00e1 Jos\u00e9, cuidando de su Hijo, como siempre lo ha hecho.<\/p>\n<p>Para san Josemar\u00eda, el camino a la Trinidad del Cielo: el Padre, el Hijo, y el Esp\u00edritu Santo, comienza a partir de la \u201ctrinidad de la Tierra\u201d: Jes\u00fas, Mar\u00eda y Jos\u00e9. Y \u00e9ste \u00faltimo es el m\u00e1s cercano a nosotros, precisamente por ser el menos perfecto de los tres. Pero, por ser el m\u00e1s cercano a ellos, se convierte en Patrono de la vida interior o vida sobrenatural; es decir, nuestra vida de trato con Dios. Es como decir, para llegar a Dios \u2013meta y culmen de nuestra existencia- el atajo es san Jos\u00e9. Por eso hay que quererle mucho, para que nos sople, nos gu\u00ede, nos tome de la mano y nos conduzca a la intimidad con Dios.<\/p>\n<p>Tradicionalmente se considera a san Jos\u00e9 como el m\u00e1s santo de los santos, por la misi\u00f3n que le fue encomendada y su cercan\u00eda con Jes\u00fas y la Virgen. Lo m\u00e1s sorprendente es que esa eximia santidad no tiene nada de extraordinario, se fragua al calor de la vida corriente, si exceptuamos los sue\u00f1os en los que los \u00e1ngeles le hablaban. \u00bfQu\u00e9 hizo san Jos\u00e9 de especial? Nada. Querer mucho a Jes\u00fas y a Mar\u00eda, y manifest\u00e1rselos a trav\u00e9s del trabajo diario y de la vida cotidiana. En este aspecto tambi\u00e9n es un modelo para nosotros: podemos aspirar a la m\u00e1s elevada santidad, simplemente viviendo bien, con amor, nuestra vida cotidiana, nuestra vida familiar y nuestro trabajo. La santidad m\u00e1s grande est\u00e1 al alcance de la mano. Pid\u00e1mosle a Jos\u00e9 que no nos quedemos a medio camino.<\/p>\n","protected":false},"excerpt":{"rendered":"<p>Tradicionalmente se considera a san Jos\u00e9 como el m\u00e1s santo de los santos<\/p>\n","protected":false},"author":116,"featured_media":72513,"comment_status":"closed","ping_status":"closed","sticky":false,"template":"","format":"standard","meta":{"_acf_changed":false,"_crdt_document":"","inline_featured_image":false,"footnotes":""},"categories":[130],"tags":[8677,1159,814,8675,387,8676,4953],"class_list":["post-72512","post","type-post","status-publish","format-standard","has-post-thumbnail","hentry","category-voces","tag-devocion","tag-maria-es","tag-san-jose","tag-santo-de-todos-los-santos","tag-santoral","tag-silencio","tag-trending-es"],"acf":[],"yoast_head":"<!-- This site is optimized with the Yoast SEO plugin v27.5 - https:\/\/yoast.com\/product\/yoast-seo-wordpress\/ -->\n<title>San Jos\u00e9 &#8211; Exaudi<\/title>\n<meta name=\"robots\" content=\"index, follow, max-snippet:-1, max-image-preview:large, max-video-preview:-1\" \/>\n<link rel=\"canonical\" href=\"https:\/\/exaudi.org\/es\/san-jose\/\" \/>\n<meta property=\"og:locale\" content=\"es_ES\" \/>\n<meta property=\"og:type\" content=\"article\" \/>\n<meta property=\"og:title\" content=\"San Jos\u00e9 &#8211; Exaudi\" \/>\n<meta property=\"og:description\" content=\"Tradicionalmente se considera a san Jos\u00e9 como el m\u00e1s santo de los santos\" \/>\n<meta property=\"og:url\" content=\"https:\/\/exaudi.org\/es\/san-jose\/\" \/>\n<meta property=\"og:site_name\" content=\"Exaudi\" \/>\n<meta property=\"article:publisher\" content=\"https:\/\/www.facebook.com\/ExaudiNews\" \/>\n<meta property=\"article:published_time\" content=\"2023-03-20T10:00:10+00:00\" \/>\n<meta property=\"og:image\" content=\"https:\/\/exaudi.org\/wp-content\/uploads\/2023\/03\/saint-john-s-seminary-nSDeTH_waKo-unsplash-scaled.jpg\" \/>\n\t<meta property=\"og:image:width\" content=\"2560\" \/>\n\t<meta property=\"og:image:height\" content=\"1707\" \/>\n\t<meta property=\"og:image:type\" content=\"image\/jpeg\" \/>\n<meta name=\"author\" content=\"Salvador Fabre\" \/>\n<meta name=\"twitter:card\" content=\"summary_large_image\" \/>\n<meta name=\"twitter:creator\" content=\"@Exaudi_News\" \/>\n<meta name=\"twitter:site\" content=\"@Exaudi_News\" \/>\n<meta name=\"twitter:label1\" content=\"Escrito por\" \/>\n\t<meta name=\"twitter:data1\" content=\"Salvador Fabre\" \/>\n\t<meta name=\"twitter:label2\" content=\"Tiempo de lectura\" \/>\n\t<meta name=\"twitter:data2\" content=\"4 minutos\" \/>\n<script type=\"application\/ld+json\" class=\"yoast-schema-graph\">{\"@context\":\"https:\\\/\\\/schema.org\",\"@graph\":[{\"@type\":\"Article\",\"@id\":\"https:\\\/\\\/exaudi.org\\\/es\\\/san-jose\\\/#article\",\"isPartOf\":{\"@id\":\"https:\\\/\\\/exaudi.org\\\/es\\\/san-jose\\\/\"},\"author\":{\"name\":\"Salvador Fabre\",\"@id\":\"https:\\\/\\\/exaudi.org\\\/#\\\/schema\\\/person\\\/29b1dbd9f3952eecacfc704ca1a473a8\"},\"headline\":\"San Jos\u00e9\",\"datePublished\":\"2023-03-20T10:00:10+00:00\",\"mainEntityOfPage\":{\"@id\":\"https:\\\/\\\/exaudi.org\\\/es\\\/san-jose\\\/\"},\"wordCount\":799,\"image\":{\"@id\":\"https:\\\/\\\/exaudi.org\\\/es\\\/san-jose\\\/#primaryimage\"},\"thumbnailUrl\":\"https:\\\/\\\/exaudi.org\\\/wp-content\\\/uploads\\\/2023\\\/03\\\/saint-john-s-seminary-nSDeTH_waKo-unsplash-scaled.jpg\",\"keywords\":[\"Devoci\u00f3n\",\"Maria\",\"San Jos\u00e9\",\"Santo de todos los santos\",\"Santoral\",\"Silencio\",\"Trending\"],\"articleSection\":[\"Voces\"],\"inLanguage\":\"es\"},{\"@type\":\"WebPage\",\"@id\":\"https:\\\/\\\/exaudi.org\\\/es\\\/san-jose\\\/\",\"url\":\"https:\\\/\\\/exaudi.org\\\/es\\\/san-jose\\\/\",\"name\":\"San Jos\u00e9 &#8211; Exaudi\",\"isPartOf\":{\"@id\":\"https:\\\/\\\/exaudi.org\\\/#website\"},\"primaryImageOfPage\":{\"@id\":\"https:\\\/\\\/exaudi.org\\\/es\\\/san-jose\\\/#primaryimage\"},\"image\":{\"@id\":\"https:\\\/\\\/exaudi.org\\\/es\\\/san-jose\\\/#primaryimage\"},\"thumbnailUrl\":\"https:\\\/\\\/exaudi.org\\\/wp-content\\\/uploads\\\/2023\\\/03\\\/saint-john-s-seminary-nSDeTH_waKo-unsplash-scaled.jpg\",\"datePublished\":\"2023-03-20T10:00:10+00:00\",\"author\":{\"@id\":\"https:\\\/\\\/exaudi.org\\\/#\\\/schema\\\/person\\\/29b1dbd9f3952eecacfc704ca1a473a8\"},\"breadcrumb\":{\"@id\":\"https:\\\/\\\/exaudi.org\\\/es\\\/san-jose\\\/#breadcrumb\"},\"inLanguage\":\"es\",\"potentialAction\":[{\"@type\":\"ReadAction\",\"target\":[\"https:\\\/\\\/exaudi.org\\\/es\\\/san-jose\\\/\"]}]},{\"@type\":\"ImageObject\",\"inLanguage\":\"es\",\"@id\":\"https:\\\/\\\/exaudi.org\\\/es\\\/san-jose\\\/#primaryimage\",\"url\":\"https:\\\/\\\/exaudi.org\\\/wp-content\\\/uploads\\\/2023\\\/03\\\/saint-john-s-seminary-nSDeTH_waKo-unsplash-scaled.jpg\",\"contentUrl\":\"https:\\\/\\\/exaudi.org\\\/wp-content\\\/uploads\\\/2023\\\/03\\\/saint-john-s-seminary-nSDeTH_waKo-unsplash-scaled.jpg\",\"width\":2560,\"height\":1707,\"caption\":\"(C) Unsplash\"},{\"@type\":\"BreadcrumbList\",\"@id\":\"https:\\\/\\\/exaudi.org\\\/es\\\/san-jose\\\/#breadcrumb\",\"itemListElement\":[{\"@type\":\"ListItem\",\"position\":1,\"name\":\"Portada\",\"item\":\"https:\\\/\\\/exaudi.org\\\/es\\\/\"},{\"@type\":\"ListItem\",\"position\":2,\"name\":\"San Jos\u00e9\"}]},{\"@type\":\"WebSite\",\"@id\":\"https:\\\/\\\/exaudi.org\\\/#website\",\"url\":\"https:\\\/\\\/exaudi.org\\\/\",\"name\":\"Exaudi\",\"description\":\"News\",\"potentialAction\":[{\"@type\":\"SearchAction\",\"target\":{\"@type\":\"EntryPoint\",\"urlTemplate\":\"https:\\\/\\\/exaudi.org\\\/?s={search_term_string}\"},\"query-input\":{\"@type\":\"PropertyValueSpecification\",\"valueRequired\":true,\"valueName\":\"search_term_string\"}}],\"inLanguage\":\"es\"},{\"@type\":\"Person\",\"@id\":\"https:\\\/\\\/exaudi.org\\\/#\\\/schema\\\/person\\\/29b1dbd9f3952eecacfc704ca1a473a8\",\"name\":\"Salvador Fabre\",\"image\":{\"@type\":\"ImageObject\",\"inLanguage\":\"es\",\"@id\":\"https:\\\/\\\/secure.gravatar.com\\\/avatar\\\/8d1a5a78ba86b9a8255e1c5b454943b9168b1dc31a275487309b73b631a7ac5d?s=96&d=mm&r=g\",\"url\":\"https:\\\/\\\/secure.gravatar.com\\\/avatar\\\/8d1a5a78ba86b9a8255e1c5b454943b9168b1dc31a275487309b73b631a7ac5d?s=96&d=mm&r=g\",\"contentUrl\":\"https:\\\/\\\/secure.gravatar.com\\\/avatar\\\/8d1a5a78ba86b9a8255e1c5b454943b9168b1dc31a275487309b73b631a7ac5d?s=96&d=mm&r=g\",\"caption\":\"Salvador Fabre\"},\"description\":\"Doctor en filosof\u00eda - Pensar en Cristiano\",\"url\":\"https:\\\/\\\/exaudi.org\\\/es\\\/author\\\/dr-salvador-fabre\\\/\"}]}<\/script>\n<!-- \/ Yoast SEO plugin. -->","yoast_head_json":{"title":"San Jos\u00e9 &#8211; Exaudi","robots":{"index":"index","follow":"follow","max-snippet":"max-snippet:-1","max-image-preview":"max-image-preview:large","max-video-preview":"max-video-preview:-1"},"canonical":"https:\/\/exaudi.org\/es\/san-jose\/","og_locale":"es_ES","og_type":"article","og_title":"San Jos\u00e9 &#8211; Exaudi","og_description":"Tradicionalmente se considera a san Jos\u00e9 como el m\u00e1s santo de los santos","og_url":"https:\/\/exaudi.org\/es\/san-jose\/","og_site_name":"Exaudi","article_publisher":"https:\/\/www.facebook.com\/ExaudiNews","article_published_time":"2023-03-20T10:00:10+00:00","og_image":[{"width":2560,"height":1707,"url":"https:\/\/exaudi.org\/wp-content\/uploads\/2023\/03\/saint-john-s-seminary-nSDeTH_waKo-unsplash-scaled.jpg","type":"image\/jpeg"}],"author":"Salvador Fabre","twitter_card":"summary_large_image","twitter_creator":"@Exaudi_News","twitter_site":"@Exaudi_News","twitter_misc":{"Escrito por":"Salvador Fabre","Tiempo de lectura":"4 minutos"},"schema":{"@context":"https:\/\/schema.org","@graph":[{"@type":"Article","@id":"https:\/\/exaudi.org\/es\/san-jose\/#article","isPartOf":{"@id":"https:\/\/exaudi.org\/es\/san-jose\/"},"author":{"name":"Salvador Fabre","@id":"https:\/\/exaudi.org\/#\/schema\/person\/29b1dbd9f3952eecacfc704ca1a473a8"},"headline":"San Jos\u00e9","datePublished":"2023-03-20T10:00:10+00:00","mainEntityOfPage":{"@id":"https:\/\/exaudi.org\/es\/san-jose\/"},"wordCount":799,"image":{"@id":"https:\/\/exaudi.org\/es\/san-jose\/#primaryimage"},"thumbnailUrl":"https:\/\/exaudi.org\/wp-content\/uploads\/2023\/03\/saint-john-s-seminary-nSDeTH_waKo-unsplash-scaled.jpg","keywords":["Devoci\u00f3n","Maria","San Jos\u00e9","Santo de todos los santos","Santoral","Silencio","Trending"],"articleSection":["Voces"],"inLanguage":"es"},{"@type":"WebPage","@id":"https:\/\/exaudi.org\/es\/san-jose\/","url":"https:\/\/exaudi.org\/es\/san-jose\/","name":"San Jos\u00e9 &#8211; Exaudi","isPartOf":{"@id":"https:\/\/exaudi.org\/#website"},"primaryImageOfPage":{"@id":"https:\/\/exaudi.org\/es\/san-jose\/#primaryimage"},"image":{"@id":"https:\/\/exaudi.org\/es\/san-jose\/#primaryimage"},"thumbnailUrl":"https:\/\/exaudi.org\/wp-content\/uploads\/2023\/03\/saint-john-s-seminary-nSDeTH_waKo-unsplash-scaled.jpg","datePublished":"2023-03-20T10:00:10+00:00","author":{"@id":"https:\/\/exaudi.org\/#\/schema\/person\/29b1dbd9f3952eecacfc704ca1a473a8"},"breadcrumb":{"@id":"https:\/\/exaudi.org\/es\/san-jose\/#breadcrumb"},"inLanguage":"es","potentialAction":[{"@type":"ReadAction","target":["https:\/\/exaudi.org\/es\/san-jose\/"]}]},{"@type":"ImageObject","inLanguage":"es","@id":"https:\/\/exaudi.org\/es\/san-jose\/#primaryimage","url":"https:\/\/exaudi.org\/wp-content\/uploads\/2023\/03\/saint-john-s-seminary-nSDeTH_waKo-unsplash-scaled.jpg","contentUrl":"https:\/\/exaudi.org\/wp-content\/uploads\/2023\/03\/saint-john-s-seminary-nSDeTH_waKo-unsplash-scaled.jpg","width":2560,"height":1707,"caption":"(C) Unsplash"},{"@type":"BreadcrumbList","@id":"https:\/\/exaudi.org\/es\/san-jose\/#breadcrumb","itemListElement":[{"@type":"ListItem","position":1,"name":"Portada","item":"https:\/\/exaudi.org\/es\/"},{"@type":"ListItem","position":2,"name":"San Jos\u00e9"}]},{"@type":"WebSite","@id":"https:\/\/exaudi.org\/#website","url":"https:\/\/exaudi.org\/","name":"Exaudi","description":"News","potentialAction":[{"@type":"SearchAction","target":{"@type":"EntryPoint","urlTemplate":"https:\/\/exaudi.org\/?s={search_term_string}"},"query-input":{"@type":"PropertyValueSpecification","valueRequired":true,"valueName":"search_term_string"}}],"inLanguage":"es"},{"@type":"Person","@id":"https:\/\/exaudi.org\/#\/schema\/person\/29b1dbd9f3952eecacfc704ca1a473a8","name":"Salvador Fabre","image":{"@type":"ImageObject","inLanguage":"es","@id":"https:\/\/secure.gravatar.com\/avatar\/8d1a5a78ba86b9a8255e1c5b454943b9168b1dc31a275487309b73b631a7ac5d?s=96&d=mm&r=g","url":"https:\/\/secure.gravatar.com\/avatar\/8d1a5a78ba86b9a8255e1c5b454943b9168b1dc31a275487309b73b631a7ac5d?s=96&d=mm&r=g","contentUrl":"https:\/\/secure.gravatar.com\/avatar\/8d1a5a78ba86b9a8255e1c5b454943b9168b1dc31a275487309b73b631a7ac5d?s=96&d=mm&r=g","caption":"Salvador Fabre"},"description":"Doctor en filosof\u00eda - Pensar en Cristiano","url":"https:\/\/exaudi.org\/es\/author\/dr-salvador-fabre\/"}]}},"jetpack_featured_media_url":"https:\/\/exaudi.org\/wp-content\/uploads\/2023\/03\/saint-john-s-seminary-nSDeTH_waKo-unsplash-scaled.jpg","jetpack_shortlink":"https:\/\/wp.me\/pgKjF2-iRy","_links":{"self":[{"href":"https:\/\/exaudi.org\/es\/wp-json\/wp\/v2\/posts\/72512","targetHints":{"allow":["GET"]}}],"collection":[{"href":"https:\/\/exaudi.org\/es\/wp-json\/wp\/v2\/posts"}],"about":[{"href":"https:\/\/exaudi.org\/es\/wp-json\/wp\/v2\/types\/post"}],"author":[{"embeddable":true,"href":"https:\/\/exaudi.org\/es\/wp-json\/wp\/v2\/users\/116"}],"replies":[{"embeddable":true,"href":"https:\/\/exaudi.org\/es\/wp-json\/wp\/v2\/comments?post=72512"}],"version-history":[{"count":0,"href":"https:\/\/exaudi.org\/es\/wp-json\/wp\/v2\/posts\/72512\/revisions"}],"wp:featuredmedia":[{"embeddable":true,"href":"https:\/\/exaudi.org\/es\/wp-json\/wp\/v2\/media\/72513"}],"wp:attachment":[{"href":"https:\/\/exaudi.org\/es\/wp-json\/wp\/v2\/media?parent=72512"}],"wp:term":[{"taxonomy":"category","embeddable":true,"href":"https:\/\/exaudi.org\/es\/wp-json\/wp\/v2\/categories?post=72512"},{"taxonomy":"post_tag","embeddable":true,"href":"https:\/\/exaudi.org\/es\/wp-json\/wp\/v2\/tags?post=72512"}],"curies":[{"name":"wp","href":"https:\/\/api.w.org\/{rel}","templated":true}]}}