{"id":72262,"date":"2023-03-16T10:20:24","date_gmt":"2023-03-16T09:20:24","guid":{"rendered":"https:\/\/exaudi.org\/?p=72262"},"modified":"2023-03-16T10:20:24","modified_gmt":"2023-03-16T09:20:24","slug":"nuevos-oficiales-para-la-prevencion-del-abuso-en-america-latina","status":"publish","type":"post","link":"https:\/\/exaudi.org\/es\/nuevos-oficiales-para-la-prevencion-del-abuso-en-america-latina\/","title":{"rendered":"Nuevos oficiales para la prevenci\u00f3n del abuso en Am\u00e9rica Latina"},"content":{"rendered":"<audio class=\"wp-audio-shortcode\" id=\"audio-72262-1\" preload=\"none\" style=\"width: 100%;\" controls=\"controls\"><source type=\"audio\/mpeg\" src=\"https:\/\/exaudi.org\/wp-content\/uploads\/2023\/03\/Nuevos-oficiales-para-la-prevencion-del-abuso-en_1.mp3?_=1\" \/><a href=\"https:\/\/exaudi.org\/wp-content\/uploads\/2023\/03\/Nuevos-oficiales-para-la-prevencion-del-abuso-en_1.mp3\">https:\/\/exaudi.org\/wp-content\/uploads\/2023\/03\/Nuevos-oficiales-para-la-prevencion-del-abuso-en_1.mp3<\/a><\/audio>\n<p>El Cardenal Se\u00e1n O\u00b4Malley inform\u00f3 que la Comisi\u00f3n para la Protecci\u00f3n de los Menores se encuentra en fase de renovaci\u00f3n con la intenci\u00f3n de reforzar cada vez m\u00e1s el trabajo de la prevenci\u00f3n en los continentes y en cada pa\u00eds.<\/p>\n<p>As\u00ed fue como present\u00f3 al nuevo equipo de oficiales consultantes para todos los continentes, detallando que cada uno de ellos tiene un cargo y una misi\u00f3n concreta, quedando conformado de la siguiente manera:<\/p>\n<ul>\n<li>Daniel Portillo Trevizo, Sacerdote mexicano, nombrado Experto Regional para Am\u00e9rica.<\/li>\n<li>Mar\u00eda In\u00e9s Franck, Laica argentina, nombrada como Directora de Pol\u00edticas de Prevenci\u00f3n.<\/li>\n<li>Eliane di Carli, Laica brasile\u00f1a, como Asesora Regional para Am\u00e9rica.<\/li>\n<\/ul>\n<p>Uni\u00e9ndose as\u00ed a los miembros de la Pontificia\u00a0Comisi\u00f3n designados para la regi\u00f3n del continente americano en 2022, Dra. Teresa Kettelkamp, Dra. Patricia Espinosa, Mons Luis Manuel Ali, Lic. Juan Carlos Cruz y Lic. Nelson Giovanelli.<\/p>\n<p>La creaci\u00f3n de toda esta estructura pretende reforzar acciones integrales tanto de prevenci\u00f3n como de atenci\u00f3n que permita la actualizaci\u00f3n a las \u201cL\u00edneas Gu\u00eda\u201d con est\u00e1ndares y pol\u00edticas de prevenci\u00f3n fundamentales, el establecimiento de centros de escucha a V\u00edctimas, capacitaci\u00f3n de los agentes que ofrecen sus servicios dentro de las distintas di\u00f3cesis del mundo, as\u00ed como la vinculaci\u00f3n y acompa\u00f1amiento a cada una de las Conferencias Episcopales.<\/p>\n<p>Estos son algunos de los nuevos retos que se propone la Comisi\u00f3n para la Protecci\u00f3n de los Menores. Al concluir, O\u00b4Malley, invit\u00f3 a los participantes a realizar juntos estos trabajos, ya que con estas acciones no desea centralizar la prevenci\u00f3n, sino por el contrario, es buscar consolidaci\u00f3n de la cultura del cuidado, la responsabilidad y la Accountability dentro de la Iglesia.<\/p>\n","protected":false},"excerpt":{"rendered":"<p>Para una relaci\u00f3n m\u00e1s cercana con las Iglesia locales<\/p>\n","protected":false},"author":15,"featured_media":72263,"comment_status":"closed","ping_status":"closed","sticky":false,"template":"","format":"standard","meta":{"_acf_changed":false,"_crdt_document":"","inline_featured_image":false,"footnotes":""},"categories":[74],"tags":[4609,8642,1195,4953],"class_list":["post-72262","post","type-post","status-publish","format-standard","has-post-thumbnail","hentry","category-iglesia-y-mundo","tag-cardenal-sean-omalley","tag-comision-para-la-proteccion-de-los-menores","tag-prevencion-de-abusos","tag-trending-es"],"acf":[],"yoast_head":"<!-- This site is optimized with the Yoast SEO plugin v27.5 - https:\/\/yoast.com\/product\/yoast-seo-wordpress\/ -->\n<title>Nuevos oficiales para la prevenci\u00f3n del abuso en Am\u00e9rica Latina &#8211; Exaudi<\/title>\n<meta name=\"robots\" content=\"index, follow, max-snippet:-1, max-image-preview:large, max-video-preview:-1\" \/>\n<link rel=\"canonical\" href=\"https:\/\/exaudi.org\/es\/nuevos-oficiales-para-la-prevencion-del-abuso-en-america-latina\/\" \/>\n<meta property=\"og:locale\" content=\"es_ES\" \/>\n<meta property=\"og:type\" content=\"article\" \/>\n<meta property=\"og:title\" content=\"Nuevos oficiales para la prevenci\u00f3n del abuso en Am\u00e9rica Latina &#8211; Exaudi\" \/>\n<meta property=\"og:description\" content=\"Para una relaci\u00f3n m\u00e1s cercana con las Iglesia locales\" \/>\n<meta property=\"og:url\" content=\"https:\/\/exaudi.org\/es\/nuevos-oficiales-para-la-prevencion-del-abuso-en-america-latina\/\" \/>\n<meta property=\"og:site_name\" content=\"Exaudi\" \/>\n<meta property=\"article:publisher\" content=\"https:\/\/www.facebook.com\/ExaudiNews\" \/>\n<meta property=\"article:author\" content=\"https:\/\/www.facebook.com\/ExaudiNoticias\/\" \/>\n<meta property=\"article:published_time\" content=\"2023-03-16T09:20:24+00:00\" \/>\n<meta property=\"og:image\" content=\"https:\/\/exaudi.org\/wp-content\/uploads\/2023\/03\/janet-scaled.jpg\" \/>\n\t<meta property=\"og:image:width\" content=\"2560\" \/>\n\t<meta property=\"og:image:height\" content=\"1627\" \/>\n\t<meta property=\"og:image:type\" content=\"image\/jpeg\" \/>\n<meta name=\"author\" content=\"Exaudi Redacci\u00f3n\" \/>\n<meta name=\"twitter:card\" content=\"summary_large_image\" \/>\n<meta name=\"twitter:creator\" content=\"@Exaudi_noticias\" \/>\n<meta name=\"twitter:site\" content=\"@Exaudi_News\" \/>\n<meta name=\"twitter:label1\" content=\"Escrito por\" \/>\n\t<meta name=\"twitter:data1\" content=\"Exaudi Redacci\u00f3n\" \/>\n\t<meta name=\"twitter:label2\" content=\"Tiempo de lectura\" \/>\n\t<meta name=\"twitter:data2\" content=\"2 minutos\" \/>\n<script type=\"application\/ld+json\" class=\"yoast-schema-graph\">{\"@context\":\"https:\\\/\\\/schema.org\",\"@graph\":[{\"@type\":\"Article\",\"@id\":\"https:\\\/\\\/exaudi.org\\\/es\\\/nuevos-oficiales-para-la-prevencion-del-abuso-en-america-latina\\\/#article\",\"isPartOf\":{\"@id\":\"https:\\\/\\\/exaudi.org\\\/es\\\/nuevos-oficiales-para-la-prevencion-del-abuso-en-america-latina\\\/\"},\"author\":{\"name\":\"Exaudi Redacci\u00f3n\",\"@id\":\"https:\\\/\\\/exaudi.org\\\/#\\\/schema\\\/person\\\/f5fc8f063065e38742da7afe15f25df7\"},\"headline\":\"Nuevos oficiales para la prevenci\u00f3n del abuso en Am\u00e9rica Latina\",\"datePublished\":\"2023-03-16T09:20:24+00:00\",\"mainEntityOfPage\":{\"@id\":\"https:\\\/\\\/exaudi.org\\\/es\\\/nuevos-oficiales-para-la-prevencion-del-abuso-en-america-latina\\\/\"},\"wordCount\":329,\"image\":{\"@id\":\"https:\\\/\\\/exaudi.org\\\/es\\\/nuevos-oficiales-para-la-prevencion-del-abuso-en-america-latina\\\/#primaryimage\"},\"thumbnailUrl\":\"https:\\\/\\\/exaudi.org\\\/wp-content\\\/uploads\\\/2023\\\/03\\\/janet-scaled.jpg\",\"keywords\":[\"Cardenal Se\u00e1n O'Malley\",\"Comisi\u00f3n para la Protecci\u00f3n de los Menores\",\"Prevenci\u00f3n de abusos\",\"Trending\"],\"articleSection\":[\"Iglesia y Mundo\"],\"inLanguage\":\"es\"},{\"@type\":\"WebPage\",\"@id\":\"https:\\\/\\\/exaudi.org\\\/es\\\/nuevos-oficiales-para-la-prevencion-del-abuso-en-america-latina\\\/\",\"url\":\"https:\\\/\\\/exaudi.org\\\/es\\\/nuevos-oficiales-para-la-prevencion-del-abuso-en-america-latina\\\/\",\"name\":\"Nuevos oficiales para la prevenci\u00f3n del abuso en Am\u00e9rica Latina &#8211; Exaudi\",\"isPartOf\":{\"@id\":\"https:\\\/\\\/exaudi.org\\\/#website\"},\"primaryImageOfPage\":{\"@id\":\"https:\\\/\\\/exaudi.org\\\/es\\\/nuevos-oficiales-para-la-prevencion-del-abuso-en-america-latina\\\/#primaryimage\"},\"image\":{\"@id\":\"https:\\\/\\\/exaudi.org\\\/es\\\/nuevos-oficiales-para-la-prevencion-del-abuso-en-america-latina\\\/#primaryimage\"},\"thumbnailUrl\":\"https:\\\/\\\/exaudi.org\\\/wp-content\\\/uploads\\\/2023\\\/03\\\/janet-scaled.jpg\",\"datePublished\":\"2023-03-16T09:20:24+00:00\",\"author\":{\"@id\":\"https:\\\/\\\/exaudi.org\\\/#\\\/schema\\\/person\\\/f5fc8f063065e38742da7afe15f25df7\"},\"breadcrumb\":{\"@id\":\"https:\\\/\\\/exaudi.org\\\/es\\\/nuevos-oficiales-para-la-prevencion-del-abuso-en-america-latina\\\/#breadcrumb\"},\"inLanguage\":\"es\",\"potentialAction\":[{\"@type\":\"ReadAction\",\"target\":[\"https:\\\/\\\/exaudi.org\\\/es\\\/nuevos-oficiales-para-la-prevencion-del-abuso-en-america-latina\\\/\"]}]},{\"@type\":\"ImageObject\",\"inLanguage\":\"es\",\"@id\":\"https:\\\/\\\/exaudi.org\\\/es\\\/nuevos-oficiales-para-la-prevencion-del-abuso-en-america-latina\\\/#primaryimage\",\"url\":\"https:\\\/\\\/exaudi.org\\\/wp-content\\\/uploads\\\/2023\\\/03\\\/janet-scaled.jpg\",\"contentUrl\":\"https:\\\/\\\/exaudi.org\\\/wp-content\\\/uploads\\\/2023\\\/03\\\/janet-scaled.jpg\",\"width\":2560,\"height\":1627},{\"@type\":\"BreadcrumbList\",\"@id\":\"https:\\\/\\\/exaudi.org\\\/es\\\/nuevos-oficiales-para-la-prevencion-del-abuso-en-america-latina\\\/#breadcrumb\",\"itemListElement\":[{\"@type\":\"ListItem\",\"position\":1,\"name\":\"Portada\",\"item\":\"https:\\\/\\\/exaudi.org\\\/es\\\/\"},{\"@type\":\"ListItem\",\"position\":2,\"name\":\"Nuevos oficiales para la prevenci\u00f3n del abuso en Am\u00e9rica Latina\"}]},{\"@type\":\"WebSite\",\"@id\":\"https:\\\/\\\/exaudi.org\\\/#website\",\"url\":\"https:\\\/\\\/exaudi.org\\\/\",\"name\":\"Exaudi\",\"description\":\"News\",\"potentialAction\":[{\"@type\":\"SearchAction\",\"target\":{\"@type\":\"EntryPoint\",\"urlTemplate\":\"https:\\\/\\\/exaudi.org\\\/?s={search_term_string}\"},\"query-input\":{\"@type\":\"PropertyValueSpecification\",\"valueRequired\":true,\"valueName\":\"search_term_string\"}}],\"inLanguage\":\"es\"},{\"@type\":\"Person\",\"@id\":\"https:\\\/\\\/exaudi.org\\\/#\\\/schema\\\/person\\\/f5fc8f063065e38742da7afe15f25df7\",\"name\":\"Exaudi Redacci\u00f3n\",\"image\":{\"@type\":\"ImageObject\",\"inLanguage\":\"es\",\"@id\":\"https:\\\/\\\/secure.gravatar.com\\\/avatar\\\/fe0f6a059fb68d9b3e11bc5850dd4899b1c7492091a3cb6dd9b01b56ad828be2?s=96&d=mm&r=g\",\"url\":\"https:\\\/\\\/secure.gravatar.com\\\/avatar\\\/fe0f6a059fb68d9b3e11bc5850dd4899b1c7492091a3cb6dd9b01b56ad828be2?s=96&d=mm&r=g\",\"contentUrl\":\"https:\\\/\\\/secure.gravatar.com\\\/avatar\\\/fe0f6a059fb68d9b3e11bc5850dd4899b1c7492091a3cb6dd9b01b56ad828be2?s=96&d=mm&r=g\",\"caption\":\"Exaudi Redacci\u00f3n\"},\"description\":\"\u00bfQu\u00e9 es Exaudi News? Exaudi News es un medio de comunicaci\u00f3n cat\u00f3lico internacional que informa, forma y transforma, diariamente en espa\u00f1ol, ingl\u00e9s e italiano. A trav\u00e9s de noticias, art\u00edculos de an\u00e1lisis y transmisiones en directo de los eventos del Papa, Exaudi busca fortalecer la unidad de los cristianos y contribuir a la evangelizaci\u00f3n del mundo, siempre guiados por la doctrina social de la Iglesia. Trabajamos para acercar la verdad y los valores cristianos a cada rinc\u00f3n del planeta. \u00a1Ay\u00fadanos a transformar el mundo con Exaudi! En Exaudi creemos que la evangelizaci\u00f3n y la informaci\u00f3n de calidad pueden cambiar vidas. Para continuar con nuestra misi\u00f3n y expandir nuestro alcance, necesitamos tu ayuda. Adem\u00e1s, buscamos personas comprometidas que deseen unirse a nuestro equipo. Con tu apoyo, lograremos llegar a m\u00e1s personas, difundir el mensaje de Cristo y reforzar la unidad de los cristianos. \u00bfTe unes a nuestra misi\u00f3n? Para m\u00e1s informaci\u00f3n sobre c\u00f3mo colaborar, visita Exaudi.org\\\/es o cont\u00e1ctanos directamente: info@exaudi.org Exaudi: Informa, forma y transforma.\",\"sameAs\":[\"https:\\\/\\\/www.facebook.com\\\/ExaudiNoticias\\\/\",\"https:\\\/\\\/www.instagram.com\\\/exaudi_noticias\\\/\",\"https:\\\/\\\/x.com\\\/Exaudi_noticias\",\"https:\\\/\\\/www.youtube.com\\\/@exaudicatholicnews\"],\"url\":\"https:\\\/\\\/exaudi.org\\\/es\\\/author\\\/redaccionexaudi\\\/\"}]}<\/script>\n<!-- \/ Yoast SEO plugin. -->","yoast_head_json":{"title":"Nuevos oficiales para la prevenci\u00f3n del abuso en Am\u00e9rica Latina &#8211; Exaudi","robots":{"index":"index","follow":"follow","max-snippet":"max-snippet:-1","max-image-preview":"max-image-preview:large","max-video-preview":"max-video-preview:-1"},"canonical":"https:\/\/exaudi.org\/es\/nuevos-oficiales-para-la-prevencion-del-abuso-en-america-latina\/","og_locale":"es_ES","og_type":"article","og_title":"Nuevos oficiales para la prevenci\u00f3n del abuso en Am\u00e9rica Latina &#8211; Exaudi","og_description":"Para una relaci\u00f3n m\u00e1s cercana con las Iglesia locales","og_url":"https:\/\/exaudi.org\/es\/nuevos-oficiales-para-la-prevencion-del-abuso-en-america-latina\/","og_site_name":"Exaudi","article_publisher":"https:\/\/www.facebook.com\/ExaudiNews","article_author":"https:\/\/www.facebook.com\/ExaudiNoticias\/","article_published_time":"2023-03-16T09:20:24+00:00","og_image":[{"width":2560,"height":1627,"url":"https:\/\/exaudi.org\/wp-content\/uploads\/2023\/03\/janet-scaled.jpg","type":"image\/jpeg"}],"author":"Exaudi Redacci\u00f3n","twitter_card":"summary_large_image","twitter_creator":"@Exaudi_noticias","twitter_site":"@Exaudi_News","twitter_misc":{"Escrito por":"Exaudi Redacci\u00f3n","Tiempo de lectura":"2 minutos"},"schema":{"@context":"https:\/\/schema.org","@graph":[{"@type":"Article","@id":"https:\/\/exaudi.org\/es\/nuevos-oficiales-para-la-prevencion-del-abuso-en-america-latina\/#article","isPartOf":{"@id":"https:\/\/exaudi.org\/es\/nuevos-oficiales-para-la-prevencion-del-abuso-en-america-latina\/"},"author":{"name":"Exaudi Redacci\u00f3n","@id":"https:\/\/exaudi.org\/#\/schema\/person\/f5fc8f063065e38742da7afe15f25df7"},"headline":"Nuevos oficiales para la prevenci\u00f3n del abuso en Am\u00e9rica Latina","datePublished":"2023-03-16T09:20:24+00:00","mainEntityOfPage":{"@id":"https:\/\/exaudi.org\/es\/nuevos-oficiales-para-la-prevencion-del-abuso-en-america-latina\/"},"wordCount":329,"image":{"@id":"https:\/\/exaudi.org\/es\/nuevos-oficiales-para-la-prevencion-del-abuso-en-america-latina\/#primaryimage"},"thumbnailUrl":"https:\/\/exaudi.org\/wp-content\/uploads\/2023\/03\/janet-scaled.jpg","keywords":["Cardenal Se\u00e1n O'Malley","Comisi\u00f3n para la Protecci\u00f3n de los Menores","Prevenci\u00f3n de abusos","Trending"],"articleSection":["Iglesia y Mundo"],"inLanguage":"es"},{"@type":"WebPage","@id":"https:\/\/exaudi.org\/es\/nuevos-oficiales-para-la-prevencion-del-abuso-en-america-latina\/","url":"https:\/\/exaudi.org\/es\/nuevos-oficiales-para-la-prevencion-del-abuso-en-america-latina\/","name":"Nuevos oficiales para la prevenci\u00f3n del abuso en Am\u00e9rica Latina &#8211; Exaudi","isPartOf":{"@id":"https:\/\/exaudi.org\/#website"},"primaryImageOfPage":{"@id":"https:\/\/exaudi.org\/es\/nuevos-oficiales-para-la-prevencion-del-abuso-en-america-latina\/#primaryimage"},"image":{"@id":"https:\/\/exaudi.org\/es\/nuevos-oficiales-para-la-prevencion-del-abuso-en-america-latina\/#primaryimage"},"thumbnailUrl":"https:\/\/exaudi.org\/wp-content\/uploads\/2023\/03\/janet-scaled.jpg","datePublished":"2023-03-16T09:20:24+00:00","author":{"@id":"https:\/\/exaudi.org\/#\/schema\/person\/f5fc8f063065e38742da7afe15f25df7"},"breadcrumb":{"@id":"https:\/\/exaudi.org\/es\/nuevos-oficiales-para-la-prevencion-del-abuso-en-america-latina\/#breadcrumb"},"inLanguage":"es","potentialAction":[{"@type":"ReadAction","target":["https:\/\/exaudi.org\/es\/nuevos-oficiales-para-la-prevencion-del-abuso-en-america-latina\/"]}]},{"@type":"ImageObject","inLanguage":"es","@id":"https:\/\/exaudi.org\/es\/nuevos-oficiales-para-la-prevencion-del-abuso-en-america-latina\/#primaryimage","url":"https:\/\/exaudi.org\/wp-content\/uploads\/2023\/03\/janet-scaled.jpg","contentUrl":"https:\/\/exaudi.org\/wp-content\/uploads\/2023\/03\/janet-scaled.jpg","width":2560,"height":1627},{"@type":"BreadcrumbList","@id":"https:\/\/exaudi.org\/es\/nuevos-oficiales-para-la-prevencion-del-abuso-en-america-latina\/#breadcrumb","itemListElement":[{"@type":"ListItem","position":1,"name":"Portada","item":"https:\/\/exaudi.org\/es\/"},{"@type":"ListItem","position":2,"name":"Nuevos oficiales para la prevenci\u00f3n del abuso en Am\u00e9rica Latina"}]},{"@type":"WebSite","@id":"https:\/\/exaudi.org\/#website","url":"https:\/\/exaudi.org\/","name":"Exaudi","description":"News","potentialAction":[{"@type":"SearchAction","target":{"@type":"EntryPoint","urlTemplate":"https:\/\/exaudi.org\/?s={search_term_string}"},"query-input":{"@type":"PropertyValueSpecification","valueRequired":true,"valueName":"search_term_string"}}],"inLanguage":"es"},{"@type":"Person","@id":"https:\/\/exaudi.org\/#\/schema\/person\/f5fc8f063065e38742da7afe15f25df7","name":"Exaudi Redacci\u00f3n","image":{"@type":"ImageObject","inLanguage":"es","@id":"https:\/\/secure.gravatar.com\/avatar\/fe0f6a059fb68d9b3e11bc5850dd4899b1c7492091a3cb6dd9b01b56ad828be2?s=96&d=mm&r=g","url":"https:\/\/secure.gravatar.com\/avatar\/fe0f6a059fb68d9b3e11bc5850dd4899b1c7492091a3cb6dd9b01b56ad828be2?s=96&d=mm&r=g","contentUrl":"https:\/\/secure.gravatar.com\/avatar\/fe0f6a059fb68d9b3e11bc5850dd4899b1c7492091a3cb6dd9b01b56ad828be2?s=96&d=mm&r=g","caption":"Exaudi Redacci\u00f3n"},"description":"\u00bfQu\u00e9 es Exaudi News? Exaudi News es un medio de comunicaci\u00f3n cat\u00f3lico internacional que informa, forma y transforma, diariamente en espa\u00f1ol, ingl\u00e9s e italiano. A trav\u00e9s de noticias, art\u00edculos de an\u00e1lisis y transmisiones en directo de los eventos del Papa, Exaudi busca fortalecer la unidad de los cristianos y contribuir a la evangelizaci\u00f3n del mundo, siempre guiados por la doctrina social de la Iglesia. Trabajamos para acercar la verdad y los valores cristianos a cada rinc\u00f3n del planeta. \u00a1Ay\u00fadanos a transformar el mundo con Exaudi! En Exaudi creemos que la evangelizaci\u00f3n y la informaci\u00f3n de calidad pueden cambiar vidas. Para continuar con nuestra misi\u00f3n y expandir nuestro alcance, necesitamos tu ayuda. Adem\u00e1s, buscamos personas comprometidas que deseen unirse a nuestro equipo. Con tu apoyo, lograremos llegar a m\u00e1s personas, difundir el mensaje de Cristo y reforzar la unidad de los cristianos. \u00bfTe unes a nuestra misi\u00f3n? Para m\u00e1s informaci\u00f3n sobre c\u00f3mo colaborar, visita Exaudi.org\/es o cont\u00e1ctanos directamente: info@exaudi.org Exaudi: Informa, forma y transforma.","sameAs":["https:\/\/www.facebook.com\/ExaudiNoticias\/","https:\/\/www.instagram.com\/exaudi_noticias\/","https:\/\/x.com\/Exaudi_noticias","https:\/\/www.youtube.com\/@exaudicatholicnews"],"url":"https:\/\/exaudi.org\/es\/author\/redaccionexaudi\/"}]}},"jetpack_featured_media_url":"https:\/\/exaudi.org\/wp-content\/uploads\/2023\/03\/janet-scaled.jpg","jetpack_shortlink":"https:\/\/wp.me\/pgKjF2-iNw","_links":{"self":[{"href":"https:\/\/exaudi.org\/es\/wp-json\/wp\/v2\/posts\/72262","targetHints":{"allow":["GET"]}}],"collection":[{"href":"https:\/\/exaudi.org\/es\/wp-json\/wp\/v2\/posts"}],"about":[{"href":"https:\/\/exaudi.org\/es\/wp-json\/wp\/v2\/types\/post"}],"author":[{"embeddable":true,"href":"https:\/\/exaudi.org\/es\/wp-json\/wp\/v2\/users\/15"}],"replies":[{"embeddable":true,"href":"https:\/\/exaudi.org\/es\/wp-json\/wp\/v2\/comments?post=72262"}],"version-history":[{"count":0,"href":"https:\/\/exaudi.org\/es\/wp-json\/wp\/v2\/posts\/72262\/revisions"}],"wp:featuredmedia":[{"embeddable":true,"href":"https:\/\/exaudi.org\/es\/wp-json\/wp\/v2\/media\/72263"}],"wp:attachment":[{"href":"https:\/\/exaudi.org\/es\/wp-json\/wp\/v2\/media?parent=72262"}],"wp:term":[{"taxonomy":"category","embeddable":true,"href":"https:\/\/exaudi.org\/es\/wp-json\/wp\/v2\/categories?post=72262"},{"taxonomy":"post_tag","embeddable":true,"href":"https:\/\/exaudi.org\/es\/wp-json\/wp\/v2\/tags?post=72262"}],"curies":[{"name":"wp","href":"https:\/\/api.w.org\/{rel}","templated":true}]}}