{"id":72100,"date":"2023-03-14T16:43:07","date_gmt":"2023-03-14T15:43:07","guid":{"rendered":"https:\/\/exaudi.org\/?p=72100"},"modified":"2023-03-16T10:34:43","modified_gmt":"2023-03-16T09:34:43","slug":"rafael-luciani-el-reto-del-tercer-milenio-una-iglesia-en-clave-sinodal","status":"publish","type":"post","link":"https:\/\/exaudi.org\/es\/rafael-luciani-el-reto-del-tercer-milenio-una-iglesia-en-clave-sinodal\/","title":{"rendered":"Rafael Luciani: \u201cEl reto del tercer milenio: Una Iglesia en clave sinodal\u201d"},"content":{"rendered":"<p>A continuaci\u00f3n, la intervenci\u00f3n completa de Rafael Luciani, Doctor en Teolog\u00eda por la Pontificia Universidad Gregoriana (Roma), con motivo del X Aniversario de la elecci\u00f3n del Papa Francisco, pronunciadas en el encuentro online organizado por la <a href=\"https:\/\/liderescatolicos.net\/\" target=\"_blank\" rel=\"noopener\">Academia de Lideres Cat\u00f3licos<\/a> realizado este 11 de marzo de 2023.<\/p>\n<p>***<\/p>\n<h2><strong>Audio<\/strong> de la intervenci\u00f3n<\/h2>\n<audio class=\"wp-audio-shortcode\" id=\"audio-72100-1\" preload=\"none\" style=\"width: 100%;\" controls=\"controls\"><source type=\"audio\/mpeg\" src=\"https:\/\/exaudi.org\/wp-content\/uploads\/2023\/03\/Rafael-Luciani-Seminario-10-anos-del-Papa-Francisco-128-kbps.mp3?_=1\" \/><a href=\"https:\/\/exaudi.org\/wp-content\/uploads\/2023\/03\/Rafael-Luciani-Seminario-10-anos-del-Papa-Francisco-128-kbps.mp3\">https:\/\/exaudi.org\/wp-content\/uploads\/2023\/03\/Rafael-Luciani-Seminario-10-anos-del-Papa-Francisco-128-kbps.mp3<\/a><\/audio>\n<h2><strong>Un camino de maduraci\u00f3n en la recepci\u00f3n del Concilio<\/strong><\/h2>\n<p>El Concilio Vaticano II fue un concilio de reforma. As\u00ed lo testimonian los discursos pronunciados por Juan XXIII y Pablo VI al comienzo del primer y segundo per\u00edodo de los trabajos del Concilio. El primero habl\u00f3 de <em>aggiornamento<\/em>. El segundo de <em>renovatio ecclesiae<\/em>. Incluso, recurriendo a una expresi\u00f3n de Lutero, el Decreto sobre el ecumenismo \u2014<em>Unitatis redintegratio<\/em> 4.6\u2014 habla de la <em>ecclesia indiget reformatione y perennem reformationem<\/em>. La forma eclesial a la cual deb\u00eda apuntar la reforma conciliar la describi\u00f3 una de las mentes m\u00e1s brillantes de <em>Lumen Gentium<\/em>, el cardenal Suenens. Poco despu\u00e9s de haber culminado el Concilio, Suenens destac\u00f3 que los dos elementos m\u00e1s ricos de la renovaci\u00f3n eclesiol\u00f3gica eran la imagen del Pueblo de Dios como totalidad y la corresponsabilidad en la misi\u00f3n que de ella deriva para todos sus miembros. Por una parte, se entend\u00eda que la esencia de lo eclesial reposa sobre el estado de creyentes de todos sus miembros y no en la jerarqu\u00eda. Por otra, se reconoc\u00eda la historicidad de la Iglesia en tanto que esta la configura a trav\u00e9s de las realidades socioculturales en donde desarrolla su misi\u00f3n.<\/p>\n<p>Profundizando el esp\u00edritu y el texto del Concilio, el pontificado de Francisco inicia una nueva fase en la recepci\u00f3n del Vaticano II y recupera la imagen conciliar de una <em>Ecclesia semper reformanda<\/em>, como dir\u00e1 el 9 de noviembre de 2013 en Santa Marta. D\u00edas despu\u00e9s, explicar\u00e1 en la Exhortaci\u00f3n Apost\u00f3lica <em>Evangelii Gaudium<\/em> (24 de noviembre de 2013) que no se trata de un acto puntual de revisi\u00f3n de ciertas estructuras, sino de un proceso permanente de conversi\u00f3n eclesial enraizado en la eclesiolog\u00eda del pueblo de Dios. Esto acontec\u00eda en medio de una iglesia que comenzaba a ser mundial y culturalmente polic\u00e9ntrica, e inauguraba un pontificado cuyas ra\u00edces remiten a la experiencia eclesial latinoamericana. De hecho, la noci\u00f3n que moldear\u00e1 su ideal de reforma al inicio de su pontificado vendr\u00e1 de la recepci\u00f3n del Vaticano II que hacen dos Conferencias Generales del Episcopado Latinoamericano. Se trata de la conversi\u00f3n pastoral.<\/p>\n<p>Para la Conferencia de Santo Domingo (1992) esto significaba revisar \u201cla praxis personal y comunitaria, las relaciones de igualdad y de autoridad, y las estructuras y dinamismos\u201d (SD 30). Para Aparecida (2007), la puesta en marcha de la conversi\u00f3n pastoral responde al modelo de la Iglesia como Pueblo de Dios y requiere \u201cactitud de apertura, de di\u00e1logo y disponibilidad para promover la corresponsabilidad y participaci\u00f3n efectiva de todos los fieles\u201d (Ap 368). Especialmente, que \u201clos laicos participen del discernimiento, la toma de decisiones, la planificaci\u00f3n y la ejecuci\u00f3n\u201d (Ap 371) de la misi\u00f3n eclesial.<\/p>\n<p>Esto no quiere decir que su pontificado haya querido implantar el modelo eclesial latinoamericano. Francisco ha dicho enf\u00e1ticamente: \u201clas cosas que hice no las invent\u00e9 ni las so\u00f1\u00e9 despu\u00e9s de una noche de indigesti\u00f3n. Recog\u00ed todo lo que los cardenales hab\u00edamos dicho en las reuniones pre-c\u00f3nclave que deb\u00eda hacer el pr\u00f3ximo Papa. Dijimos las cosas que hab\u00eda que cambiar\u201d (Telam, 1-7-2022). El Documento preparatorio del S\u00ednodo sobre la sinodalidad se\u00f1ala el desaf\u00edo que el Papa encontr\u00f3: \u201cla Iglesia entera esta\u0301 llamada a confrontarse con el peso de una cultura impregnada de clericalismo, heredada de su historia, y de formas de ejercicio de la autoridad en las que se insertan los diversos tipos de abuso (de poder, econ\u00f3micos, de conciencia, sexuales). Es impensable una conversi\u00f3n del accionar eclesial sin la participaci\u00f3n activa de todos los integrantes del Pueblo de Dios\u201d (n.6). Hoy se quiere responder a esta realidad por medio de una conversi\u00f3n sinodal que lleve a \u201creformas espirituales, pastorales e institucionales\u201d (Ap 367).<\/p>\n<h2><strong>Procesos de reforma en clave sinodal<\/strong><\/h2>\n<p>Para muchas personas las reformas que ha emprendido Francisco se circunscriben en torno a la renovaci\u00f3n de los S\u00ednodos de los Obispos. Uno de los cambios se refiere a la praxis, al ampliar la fase de escucha a todo el pueblo de Dios. Como ejemplo est\u00e1n los dos cuestionarios del S\u00ednodo sobre la familia, la pre-asamblea del s\u00ednodo de los j\u00f3venes, la consulta a m\u00e1s de 80.000 personas y 270 reuniones preparatorias del S\u00ednodo para la Amazonia. Hoy en d\u00eda, esto se profundiza al convocar a un S\u00ednodo sobre la sinodalidad (2021-2024). Es el acontecimiento m\u00e1s importante luego del Vaticano II y el esfuerzo m\u00e1s amplio que haya hecho la Iglesia Cat\u00f3lica en toda su historia por involucrar a todos los fieles en \u201cla obra de renovaci\u00f3n y de reforma\u201d (UR 4).<\/p>\n<p>Sin embargo, hablar de un proceso de reformas en clave sinodal va m\u00e1s all\u00e1 de la celebraci\u00f3n de S\u00ednodos. Se trata de un proceso de maduraci\u00f3n de la eclesiolog\u00eda que encuentra su fundamento en el cap\u00edtulo II de la <em>Lumen Gentium<\/em> [Iglesia como Pueblo de Dios]. Podemos hablar de una reforma en clave sinodal porque la sinodalidad es el modo de constituirnos en Iglesia Pueblo de Dios con la participaci\u00f3n corresponsable de todos. El documento de la Comisi\u00f3n Teol\u00f3gica Internacional define a la sinodalidad como una dimensi\u00f3n constitutiva de toda la Iglesia porque se refiere a \u201cla espec\u00edfica forma de vivir y obrar\/operar (modus vivendi et operandi)\u201d, lo cual supone revisar \u201crelaciones y mentalidades\u201d (ser), y \u201cdin\u00e1micas comunicativas y estructuras\u201d (operar).<\/p>\n<p>En este sentido, la sinodalidad no es algo opcional. Las palabras del Papa Francisco a la Di\u00f3cesis de Roma son iluminadoras al respecto (18 de septiembre de 2021): \u201cel tema de la sinodalidad no es el cap\u00edtulo de un tratado de eclesiolog\u00eda, y menos a\u00fan una moda, no es un slogan o un nuevo t\u00e9rmino a usar e instrumentalizar en nuestros encuentros. \u00a1No! La sinodalidad expresa la naturaleza de la Iglesia, su forma, su estilo y su misi\u00f3n. Por tanto, hablamos de una Iglesia sinodal, evitando, as\u00ed, que consideremos que sea un t\u00edtulo entre otros o un modo de pensarla previendo alternativas\u201d.<\/p>\n<h2><strong>El reto de caminar juntos<\/strong><\/h2>\n<p>En el Discurso de la Conmemoraci\u00f3n del 50 Aniversario de la instituci\u00f3n del S\u00ednodo de los Obispos (2015), Francisco hizo expl\u00edcita esta visi\u00f3n y sostuvo que \u201cel camino de la sinodalidad es el camino que Dios espera de la Iglesia del tercer milenio\u201d, para lo cual ha invitado a toda la Iglesia a emprender procesos de consulta, escucha y discernimiento que contribuyan a construir un nuevo modelo institucional. En ese mismo discurso, el Papa describe el nuevo modelo con las siguientes palabras: \u201clo que el Se\u00f1or nos pide, en cierto sentido, ya est\u00e1 todo contenido en la palabra \u2018S\u00ednodo\u2019. Caminar juntos \u2014laicos, pastores, Obispo de Roma\u201d. Pero, \u00bfQu\u00e9 significa esto?<\/p>\n<p>El Documento Preparatorio del S\u00ednodo de la sinodalidad nos explica que \u201ccaminar juntos puede ser entendido seg\u00fan dos perspectivas diversas, fuertemente interconectadas. La primera mira a la vida interna de las Iglesias particulares, a las relaciones entre los sujetos que las constituyen (en primer lugar, la relaci\u00f3n entre los fieles y sus pastores, tambi\u00e9n a trav\u00e9s de los organismos de participaci\u00f3n previstos por la disciplina can\u00f3nica, incluido el s\u00ednodo diocesano) y a las comunidades en las cuales se articulan (en particular las parroquias)\u201d (DP 28). \u201cLa segunda perspectiva considera c\u00f3mo el Pueblo de Dios camina junto a la entera familia humana\u201d (DP 29).<\/p>\n<p>En ambos casos, se nos habla de \u201cla forma espec\u00edfica de vivir y obrar\/operar (modus vivendi et operandi) de la Iglesia Pueblo de Dios que manifiesta y realiza en concreto su ser comuni\u00f3n en el caminar juntos, en el reunirse en asamblea y en el participar activamente de todos sus miembros en su misi\u00f3n evangelizadora\u201d (Comisi\u00f3n Teol\u00f3gica Internacional, La sinodalidad en la vida y en la misi\u00f3n de la Iglesia 6). Esto implica el hecho de que cualquier proceso de reformas debe buscar los modos de involucrar a todo el Pueblo de Dios, en su totalidad, mediante procesos de escucha, discernimiento comunitario, elaboraci\u00f3n y toma de decisiones porque, como sostiene la Comisi\u00f3n Teol\u00f3gica Internacional, \u201cla dimensi\u00f3n sinodal de la Iglesia se debe expresar mediante la realizaci\u00f3n y el gobierno de procesos de participaci\u00f3n y de discernimiento capaces de manifestar el dinamismo de comuni\u00f3n que inspira todas las decisiones eclesiales\u201d (n.76).<\/p>\n<p>En este sentido, caminar juntos supone revisar tanto las \u201crelaciones y las mentalidades\u201d (ser), como las \u201cdin\u00e1micas comunicativas y las estructuras\u201d (operar) de la Iglesia. As\u00ed, este pontificado ha iniciado un proceso de renovaci\u00f3n eclesial que supone un cambio en la comprensi\u00f3n de la conciencia colectiva de lo que es ser Iglesia Pueblo de Dios, lo cual conlleva el reto de generar nuevos modos de relacionarnos entre los sujetos eclesiales (conversi\u00f3n), as\u00ed como la actualizaci\u00f3n de estructuras existentes y la creaci\u00f3n de otras (reforma) que permitan el ejercicio de la corresponsabilidad efectiva de todos los fieles. Pero, \u00bfpor d\u00f3nde comenzar?<\/p>\n<h2><strong>Hacia un nuevo modelo institucional<\/strong><\/h2>\n<p>Francisco habla del nuevo modelo usando din\u00e1micas comunicativas. Explica que \u201cuna Iglesia sinodal es una Iglesia de la escucha (&#8230;). Es una escucha rec\u00edproca en la cual cada uno tiene algo que aprender (&#8230;). Es escucha de Dios, hasta escuchar con \u00e9l el clamor del pueblo; y es escucha del pueblo, hasta respirar en \u00e9l la voluntad a la que Dios nos llama\u201d. El ejercicio de la escucha es indispensable para cualquier cambio eclesial pues parte del reconocimiento de la identidad y la contribuci\u00f3n propia de cada sujeto eclesial \u2014laicos(as), presb\u00edteros, religiosos(as), obispos, Papa. Se recuperar\u00edan las relaciones horizontales que brotan de la dignidad bautismal, la participaci\u00f3n en el sacerdocio com\u00fan de todos los fieles y el ejercicio de la corresponsabilidad en la misi\u00f3n.<\/p>\n<p>La pr\u00e1ctica de la escucha activar\u00e1 el proceso de conversi\u00f3n y reformas hacia un nuevo modelo institucional que se inspire en el cl\u00e1sico principio que reza: lo que afecta a todos debe ser tratado y aprobado por todos. Por tanto, en una Iglesia sinodal, la escucha se realiza en el marco de un proceso, porque su finalidad no es simplemente encontrarnos y conocernos mejor, sino discernir y elaborar decisiones pastorales que nos afectar\u00e1n a todos, \u201csiguiendo lo que podemos considerar el primer y m\u00e1s importante manual de eclesiolog\u00eda, que es el libro de los Hechos de los Ap\u00f3stoles\u201d (Francisco a la Di\u00f3cesis de Roma, 18 de septiembre 2021). Adem\u00e1s, se trata de escuchar a los otros \u201cpara conocer lo que el Esp\u00edritu dice a las Iglesias (Ap 2,7)\u201d y encontrar modos de proceder acordes a nuestra \u00e9poca. Por ello, la escucha incluye a quienes tienen puntos de vista diverso, a los que no han sido escuchados o son excluidos. No podemos pretender domesticar al Esp\u00edritu y decirle por donde ha de hablar.<\/p>\n<p>La sinodalidad puede ser nueva para nosotros, pero no para la larga y rica tradici\u00f3n de la Iglesia. Podemos concluir recordando la regla de oro de San Cipriano, que ofrece el marco interpretativo m\u00e1s adecuado para pensar los retos actuales: \u201cnada sin el consejo de los presb\u00edteros y el consenso del pueblo\u201d. Para este obispo, tomar consejo del presbiterio y construir consenso con el pueblo fueron experiencias fundamentales a lo largo de su ejercicio episcopal para mantener la comuni\u00f3n en la Iglesia. \u00c9l implement\u00f3 m\u00e9todos basados en la escucha, el di\u00e1logo y el discernimiento en los que participaban todos los fieles y no solo los ministros ordenados.<\/p>\n<p>Hoy, Francisco nos deja con este gran desaf\u00edo para el tercer milenio: construir una Iglesia toda ella sinodal que viva la comuni\u00f3n desde la participaci\u00f3n y la corresponsabilidad de todos los fieles como miembros de una Iglesia Pueblo de Dios en estado permanente de conversi\u00f3n y reforma. Quisiera culminar con una reflexi\u00f3n que ofrecieron las voces recogidas de todos los continentes en el Documento para la Etapa Continental del S\u00ednodo sobre la sinodalidad:<\/p>\n<p>\u201cCaminar juntos como Pueblo de Dios requiere que reconozcamos la necesidad de una conversi\u00f3n continua, individual y comunitaria. En el plano institucional y pastoral, esta conversi\u00f3n se traduce en una reforma igualmente permanente de la Iglesia, de sus estructuras y de su estilo, siguiendo las huellas del impulso al aggiornamento continuo, legado precioso que nos ha dejado el Concilio Vaticano II, al que estamos llamados a mirar mientras celebramos su 60\u00ba aniversario\u201d (DET 101)<em>.<\/em><\/p>\n<p>______________________<br \/>\nAUTORES<br \/>\n* Rafael Luciani is a Venezuelan lay theologian, a full professor at the Universidad Cat\u00f3lica Andr\u00e9s Bello in Caracas, and professor extraordinarius at Boston College&#8217;s School of Theology and Ministry. He has been appointed an expert for the theological commission of the General Secretariat of the Synod.<br \/>\n* Serena Noceti is an Italian lay theologian, a full professor at the Religious Sciences Institute in Florence, also she teaches at the Theological Faculty of Central Italy. She is a founding member of the Association of Italian Women Theologians and former Vice-President of the Italian Theological Association.<\/p>\n<p>A continuaci\u00f3n, el video de la intervenci\u00f3n:<\/p>\n<p>&nbsp;<\/p>\n<p><iframe loading=\"lazy\" title=\"Rafael Luciani - Seminario 10 a\u00f1os del Papa Francisco\" width=\"500\" height=\"375\" src=\"https:\/\/www.youtube.com\/embed\/FDS-4lBFyS0?feature=oembed\" frameborder=\"0\" allow=\"accelerometer; autoplay; clipboard-write; encrypted-media; gyroscope; picture-in-picture; web-share\" referrerpolicy=\"strict-origin-when-cross-origin\" allowfullscreen><\/iframe><\/p>\n<p><img loading=\"lazy\" decoding=\"async\" class=\"alignleft size-full wp-image-72142\" src=\"https:\/\/exaudi.org\/wp-content\/uploads\/2023\/03\/WhatsApp-Image-2023-03-11-at-20.53.28.jpeg\" alt=\"\" width=\"900\" height=\"600\" srcset=\"https:\/\/exaudi.org\/wp-content\/uploads\/2023\/03\/WhatsApp-Image-2023-03-11-at-20.53.28.jpeg 900w, https:\/\/exaudi.org\/wp-content\/uploads\/2023\/03\/WhatsApp-Image-2023-03-11-at-20.53.28-300x200.jpeg 300w, https:\/\/exaudi.org\/wp-content\/uploads\/2023\/03\/WhatsApp-Image-2023-03-11-at-20.53.28-770x513.jpeg 770w, https:\/\/exaudi.org\/wp-content\/uploads\/2023\/03\/WhatsApp-Image-2023-03-11-at-20.53.28-360x240.jpeg?crop=1 360w, https:\/\/exaudi.org\/wp-content\/uploads\/2023\/03\/WhatsApp-Image-2023-03-11-at-20.53.28-500x333.jpeg 500w, https:\/\/exaudi.org\/wp-content\/uploads\/2023\/03\/WhatsApp-Image-2023-03-11-at-20.53.28-370x247.jpeg 370w, https:\/\/exaudi.org\/wp-content\/uploads\/2023\/03\/WhatsApp-Image-2023-03-11-at-20.53.28-293x195.jpeg 293w, https:\/\/exaudi.org\/wp-content\/uploads\/2023\/03\/WhatsApp-Image-2023-03-11-at-20.53.28-120x80.jpeg 120w, https:\/\/exaudi.org\/wp-content\/uploads\/2023\/03\/WhatsApp-Image-2023-03-11-at-20.53.28-240x160.jpeg 240w, https:\/\/exaudi.org\/wp-content\/uploads\/2023\/03\/WhatsApp-Image-2023-03-11-at-20.53.28-390x260.jpeg 390w\" sizes=\"auto, (max-width: 900px) 100vw, 900px\" \/><\/p>\n","protected":false},"excerpt":{"rendered":"<p>Palabras de Rafael Luciani, Doctor en Teolog\u00eda por la Pontificia Universidad Gregoriana (Roma), con motivo del X Aniversario de la elecci\u00f3n del Papa Francisco. Evento promovido por Exaudi<\/p>\n","protected":false},"author":15,"featured_media":72101,"comment_status":"closed","ping_status":"closed","sticky":false,"template":"","format":"standard","meta":{"_acf_changed":false,"_crdt_document":"","inline_featured_image":false,"footnotes":""},"categories":[74,130],"tags":[765,8611,158,977,8620,4953],"class_list":["post-72100","post","type-post","status-publish","format-standard","has-post-thumbnail","hentry","category-iglesia-y-mundo","category-voces","tag-academia-de-lideres-catolicos","tag-franciscus10","tag-papa-francisco","tag-pontificado","tag-rafael-luciani","tag-trending-es"],"acf":[],"yoast_head":"<!-- This site is optimized with the Yoast SEO plugin v27.4 - https:\/\/yoast.com\/product\/yoast-seo-wordpress\/ -->\n<title>Rafael Luciani: \u201cEl reto del tercer milenio: Una Iglesia en clave sinodal\u201d &#8211; Exaudi<\/title>\n<meta name=\"robots\" content=\"index, follow, max-snippet:-1, max-image-preview:large, max-video-preview:-1\" \/>\n<link rel=\"canonical\" href=\"https:\/\/exaudi.org\/es\/rafael-luciani-el-reto-del-tercer-milenio-una-iglesia-en-clave-sinodal\/\" \/>\n<meta property=\"og:locale\" content=\"es_ES\" \/>\n<meta property=\"og:type\" content=\"article\" \/>\n<meta property=\"og:title\" content=\"Rafael Luciani: \u201cEl reto del tercer milenio: Una Iglesia en clave sinodal\u201d &#8211; Exaudi\" \/>\n<meta property=\"og:description\" content=\"Palabras de Rafael Luciani, Doctor en Teolog\u00eda por la Pontificia Universidad Gregoriana (Roma), con motivo del X Aniversario de la elecci\u00f3n del Papa Francisco. Evento promovido por Exaudi\" \/>\n<meta property=\"og:url\" content=\"https:\/\/exaudi.org\/es\/rafael-luciani-el-reto-del-tercer-milenio-una-iglesia-en-clave-sinodal\/\" \/>\n<meta property=\"og:site_name\" content=\"Exaudi\" \/>\n<meta property=\"article:publisher\" content=\"https:\/\/www.facebook.com\/ExaudiNews\" \/>\n<meta property=\"article:author\" content=\"https:\/\/www.facebook.com\/ExaudiNoticias\/\" \/>\n<meta property=\"article:published_time\" content=\"2023-03-14T15:43:07+00:00\" \/>\n<meta property=\"article:modified_time\" content=\"2023-03-16T09:34:43+00:00\" \/>\n<meta property=\"og:image\" content=\"https:\/\/exaudi.org\/wp-content\/uploads\/2023\/03\/Rafael-Luziani.jpg\" \/>\n\t<meta property=\"og:image:width\" content=\"2560\" \/>\n\t<meta property=\"og:image:height\" content=\"1718\" \/>\n\t<meta property=\"og:image:type\" content=\"image\/jpeg\" \/>\n<meta name=\"author\" content=\"Exaudi Redacci\u00f3n\" \/>\n<meta name=\"twitter:card\" content=\"summary_large_image\" \/>\n<meta name=\"twitter:creator\" content=\"@Exaudi_noticias\" \/>\n<meta name=\"twitter:site\" content=\"@Exaudi_News\" \/>\n<meta name=\"twitter:label1\" content=\"Escrito por\" \/>\n\t<meta name=\"twitter:data1\" content=\"Exaudi Redacci\u00f3n\" \/>\n\t<meta name=\"twitter:label2\" content=\"Tiempo de lectura\" \/>\n\t<meta name=\"twitter:data2\" content=\"10 minutos\" \/>\n<script type=\"application\/ld+json\" class=\"yoast-schema-graph\">{\"@context\":\"https:\\\/\\\/schema.org\",\"@graph\":[{\"@type\":\"Article\",\"@id\":\"https:\\\/\\\/exaudi.org\\\/es\\\/rafael-luciani-el-reto-del-tercer-milenio-una-iglesia-en-clave-sinodal\\\/#article\",\"isPartOf\":{\"@id\":\"https:\\\/\\\/exaudi.org\\\/es\\\/rafael-luciani-el-reto-del-tercer-milenio-una-iglesia-en-clave-sinodal\\\/\"},\"author\":{\"name\":\"Exaudi Redacci\u00f3n\",\"@id\":\"https:\\\/\\\/exaudi.org\\\/#\\\/schema\\\/person\\\/f5fc8f063065e38742da7afe15f25df7\"},\"headline\":\"Rafael Luciani: \u201cEl reto del tercer milenio: Una Iglesia en clave sinodal\u201d\",\"datePublished\":\"2023-03-14T15:43:07+00:00\",\"dateModified\":\"2023-03-16T09:34:43+00:00\",\"mainEntityOfPage\":{\"@id\":\"https:\\\/\\\/exaudi.org\\\/es\\\/rafael-luciani-el-reto-del-tercer-milenio-una-iglesia-en-clave-sinodal\\\/\"},\"wordCount\":2307,\"image\":{\"@id\":\"https:\\\/\\\/exaudi.org\\\/es\\\/rafael-luciani-el-reto-del-tercer-milenio-una-iglesia-en-clave-sinodal\\\/#primaryimage\"},\"thumbnailUrl\":\"https:\\\/\\\/exaudi.org\\\/wp-content\\\/uploads\\\/2023\\\/03\\\/Rafael-Luziani.jpg\",\"keywords\":[\"Academia de L\u00edderes Cat\u00f3licos\",\"Franciscus10\",\"papa francisco\",\"Pontificado\",\"Rafael Luciani\",\"Trending\"],\"articleSection\":[\"Iglesia y Mundo\",\"Voces\"],\"inLanguage\":\"es\"},{\"@type\":\"WebPage\",\"@id\":\"https:\\\/\\\/exaudi.org\\\/es\\\/rafael-luciani-el-reto-del-tercer-milenio-una-iglesia-en-clave-sinodal\\\/\",\"url\":\"https:\\\/\\\/exaudi.org\\\/es\\\/rafael-luciani-el-reto-del-tercer-milenio-una-iglesia-en-clave-sinodal\\\/\",\"name\":\"Rafael Luciani: \u201cEl reto del tercer milenio: Una Iglesia en clave sinodal\u201d &#8211; Exaudi\",\"isPartOf\":{\"@id\":\"https:\\\/\\\/exaudi.org\\\/#website\"},\"primaryImageOfPage\":{\"@id\":\"https:\\\/\\\/exaudi.org\\\/es\\\/rafael-luciani-el-reto-del-tercer-milenio-una-iglesia-en-clave-sinodal\\\/#primaryimage\"},\"image\":{\"@id\":\"https:\\\/\\\/exaudi.org\\\/es\\\/rafael-luciani-el-reto-del-tercer-milenio-una-iglesia-en-clave-sinodal\\\/#primaryimage\"},\"thumbnailUrl\":\"https:\\\/\\\/exaudi.org\\\/wp-content\\\/uploads\\\/2023\\\/03\\\/Rafael-Luziani.jpg\",\"datePublished\":\"2023-03-14T15:43:07+00:00\",\"dateModified\":\"2023-03-16T09:34:43+00:00\",\"author\":{\"@id\":\"https:\\\/\\\/exaudi.org\\\/#\\\/schema\\\/person\\\/f5fc8f063065e38742da7afe15f25df7\"},\"breadcrumb\":{\"@id\":\"https:\\\/\\\/exaudi.org\\\/es\\\/rafael-luciani-el-reto-del-tercer-milenio-una-iglesia-en-clave-sinodal\\\/#breadcrumb\"},\"inLanguage\":\"es\",\"potentialAction\":[{\"@type\":\"ReadAction\",\"target\":[\"https:\\\/\\\/exaudi.org\\\/es\\\/rafael-luciani-el-reto-del-tercer-milenio-una-iglesia-en-clave-sinodal\\\/\"]}]},{\"@type\":\"ImageObject\",\"inLanguage\":\"es\",\"@id\":\"https:\\\/\\\/exaudi.org\\\/es\\\/rafael-luciani-el-reto-del-tercer-milenio-una-iglesia-en-clave-sinodal\\\/#primaryimage\",\"url\":\"https:\\\/\\\/exaudi.org\\\/wp-content\\\/uploads\\\/2023\\\/03\\\/Rafael-Luziani.jpg\",\"contentUrl\":\"https:\\\/\\\/exaudi.org\\\/wp-content\\\/uploads\\\/2023\\\/03\\\/Rafael-Luziani.jpg\",\"width\":2560,\"height\":1718},{\"@type\":\"BreadcrumbList\",\"@id\":\"https:\\\/\\\/exaudi.org\\\/es\\\/rafael-luciani-el-reto-del-tercer-milenio-una-iglesia-en-clave-sinodal\\\/#breadcrumb\",\"itemListElement\":[{\"@type\":\"ListItem\",\"position\":1,\"name\":\"Portada\",\"item\":\"https:\\\/\\\/exaudi.org\\\/es\\\/\"},{\"@type\":\"ListItem\",\"position\":2,\"name\":\"Rafael Luciani: \u201cEl reto del tercer milenio: Una Iglesia en clave sinodal\u201d\"}]},{\"@type\":\"WebSite\",\"@id\":\"https:\\\/\\\/exaudi.org\\\/#website\",\"url\":\"https:\\\/\\\/exaudi.org\\\/\",\"name\":\"Exaudi\",\"description\":\"News\",\"potentialAction\":[{\"@type\":\"SearchAction\",\"target\":{\"@type\":\"EntryPoint\",\"urlTemplate\":\"https:\\\/\\\/exaudi.org\\\/?s={search_term_string}\"},\"query-input\":{\"@type\":\"PropertyValueSpecification\",\"valueRequired\":true,\"valueName\":\"search_term_string\"}}],\"inLanguage\":\"es\"},{\"@type\":\"Person\",\"@id\":\"https:\\\/\\\/exaudi.org\\\/#\\\/schema\\\/person\\\/f5fc8f063065e38742da7afe15f25df7\",\"name\":\"Exaudi Redacci\u00f3n\",\"image\":{\"@type\":\"ImageObject\",\"inLanguage\":\"es\",\"@id\":\"https:\\\/\\\/secure.gravatar.com\\\/avatar\\\/fe0f6a059fb68d9b3e11bc5850dd4899b1c7492091a3cb6dd9b01b56ad828be2?s=96&d=mm&r=g\",\"url\":\"https:\\\/\\\/secure.gravatar.com\\\/avatar\\\/fe0f6a059fb68d9b3e11bc5850dd4899b1c7492091a3cb6dd9b01b56ad828be2?s=96&d=mm&r=g\",\"contentUrl\":\"https:\\\/\\\/secure.gravatar.com\\\/avatar\\\/fe0f6a059fb68d9b3e11bc5850dd4899b1c7492091a3cb6dd9b01b56ad828be2?s=96&d=mm&r=g\",\"caption\":\"Exaudi Redacci\u00f3n\"},\"description\":\"\u00bfQu\u00e9 es Exaudi News? Exaudi News es un medio de comunicaci\u00f3n cat\u00f3lico internacional que informa, forma y transforma, diariamente en espa\u00f1ol, ingl\u00e9s e italiano. A trav\u00e9s de noticias, art\u00edculos de an\u00e1lisis y transmisiones en directo de los eventos del Papa, Exaudi busca fortalecer la unidad de los cristianos y contribuir a la evangelizaci\u00f3n del mundo, siempre guiados por la doctrina social de la Iglesia. Trabajamos para acercar la verdad y los valores cristianos a cada rinc\u00f3n del planeta. \u00a1Ay\u00fadanos a transformar el mundo con Exaudi! En Exaudi creemos que la evangelizaci\u00f3n y la informaci\u00f3n de calidad pueden cambiar vidas. Para continuar con nuestra misi\u00f3n y expandir nuestro alcance, necesitamos tu ayuda. Adem\u00e1s, buscamos personas comprometidas que deseen unirse a nuestro equipo. Con tu apoyo, lograremos llegar a m\u00e1s personas, difundir el mensaje de Cristo y reforzar la unidad de los cristianos. \u00bfTe unes a nuestra misi\u00f3n? Para m\u00e1s informaci\u00f3n sobre c\u00f3mo colaborar, visita Exaudi.org\\\/es o cont\u00e1ctanos directamente: info@exaudi.org Exaudi: Informa, forma y transforma.\",\"sameAs\":[\"https:\\\/\\\/www.facebook.com\\\/ExaudiNoticias\\\/\",\"https:\\\/\\\/www.instagram.com\\\/exaudi_noticias\\\/\",\"https:\\\/\\\/x.com\\\/Exaudi_noticias\",\"https:\\\/\\\/www.youtube.com\\\/@exaudicatholicnews\"],\"url\":\"https:\\\/\\\/exaudi.org\\\/es\\\/author\\\/redaccionexaudi\\\/\"}]}<\/script>\n<!-- \/ Yoast SEO plugin. -->","yoast_head_json":{"title":"Rafael Luciani: \u201cEl reto del tercer milenio: Una Iglesia en clave sinodal\u201d &#8211; Exaudi","robots":{"index":"index","follow":"follow","max-snippet":"max-snippet:-1","max-image-preview":"max-image-preview:large","max-video-preview":"max-video-preview:-1"},"canonical":"https:\/\/exaudi.org\/es\/rafael-luciani-el-reto-del-tercer-milenio-una-iglesia-en-clave-sinodal\/","og_locale":"es_ES","og_type":"article","og_title":"Rafael Luciani: \u201cEl reto del tercer milenio: Una Iglesia en clave sinodal\u201d &#8211; Exaudi","og_description":"Palabras de Rafael Luciani, Doctor en Teolog\u00eda por la Pontificia Universidad Gregoriana (Roma), con motivo del X Aniversario de la elecci\u00f3n del Papa Francisco. Evento promovido por Exaudi","og_url":"https:\/\/exaudi.org\/es\/rafael-luciani-el-reto-del-tercer-milenio-una-iglesia-en-clave-sinodal\/","og_site_name":"Exaudi","article_publisher":"https:\/\/www.facebook.com\/ExaudiNews","article_author":"https:\/\/www.facebook.com\/ExaudiNoticias\/","article_published_time":"2023-03-14T15:43:07+00:00","article_modified_time":"2023-03-16T09:34:43+00:00","og_image":[{"width":2560,"height":1718,"url":"https:\/\/exaudi.org\/wp-content\/uploads\/2023\/03\/Rafael-Luziani.jpg","type":"image\/jpeg"}],"author":"Exaudi Redacci\u00f3n","twitter_card":"summary_large_image","twitter_creator":"@Exaudi_noticias","twitter_site":"@Exaudi_News","twitter_misc":{"Escrito por":"Exaudi Redacci\u00f3n","Tiempo de lectura":"10 minutos"},"schema":{"@context":"https:\/\/schema.org","@graph":[{"@type":"Article","@id":"https:\/\/exaudi.org\/es\/rafael-luciani-el-reto-del-tercer-milenio-una-iglesia-en-clave-sinodal\/#article","isPartOf":{"@id":"https:\/\/exaudi.org\/es\/rafael-luciani-el-reto-del-tercer-milenio-una-iglesia-en-clave-sinodal\/"},"author":{"name":"Exaudi Redacci\u00f3n","@id":"https:\/\/exaudi.org\/#\/schema\/person\/f5fc8f063065e38742da7afe15f25df7"},"headline":"Rafael Luciani: \u201cEl reto del tercer milenio: Una Iglesia en clave sinodal\u201d","datePublished":"2023-03-14T15:43:07+00:00","dateModified":"2023-03-16T09:34:43+00:00","mainEntityOfPage":{"@id":"https:\/\/exaudi.org\/es\/rafael-luciani-el-reto-del-tercer-milenio-una-iglesia-en-clave-sinodal\/"},"wordCount":2307,"image":{"@id":"https:\/\/exaudi.org\/es\/rafael-luciani-el-reto-del-tercer-milenio-una-iglesia-en-clave-sinodal\/#primaryimage"},"thumbnailUrl":"https:\/\/exaudi.org\/wp-content\/uploads\/2023\/03\/Rafael-Luziani.jpg","keywords":["Academia de L\u00edderes Cat\u00f3licos","Franciscus10","papa francisco","Pontificado","Rafael Luciani","Trending"],"articleSection":["Iglesia y Mundo","Voces"],"inLanguage":"es"},{"@type":"WebPage","@id":"https:\/\/exaudi.org\/es\/rafael-luciani-el-reto-del-tercer-milenio-una-iglesia-en-clave-sinodal\/","url":"https:\/\/exaudi.org\/es\/rafael-luciani-el-reto-del-tercer-milenio-una-iglesia-en-clave-sinodal\/","name":"Rafael Luciani: \u201cEl reto del tercer milenio: Una Iglesia en clave sinodal\u201d &#8211; Exaudi","isPartOf":{"@id":"https:\/\/exaudi.org\/#website"},"primaryImageOfPage":{"@id":"https:\/\/exaudi.org\/es\/rafael-luciani-el-reto-del-tercer-milenio-una-iglesia-en-clave-sinodal\/#primaryimage"},"image":{"@id":"https:\/\/exaudi.org\/es\/rafael-luciani-el-reto-del-tercer-milenio-una-iglesia-en-clave-sinodal\/#primaryimage"},"thumbnailUrl":"https:\/\/exaudi.org\/wp-content\/uploads\/2023\/03\/Rafael-Luziani.jpg","datePublished":"2023-03-14T15:43:07+00:00","dateModified":"2023-03-16T09:34:43+00:00","author":{"@id":"https:\/\/exaudi.org\/#\/schema\/person\/f5fc8f063065e38742da7afe15f25df7"},"breadcrumb":{"@id":"https:\/\/exaudi.org\/es\/rafael-luciani-el-reto-del-tercer-milenio-una-iglesia-en-clave-sinodal\/#breadcrumb"},"inLanguage":"es","potentialAction":[{"@type":"ReadAction","target":["https:\/\/exaudi.org\/es\/rafael-luciani-el-reto-del-tercer-milenio-una-iglesia-en-clave-sinodal\/"]}]},{"@type":"ImageObject","inLanguage":"es","@id":"https:\/\/exaudi.org\/es\/rafael-luciani-el-reto-del-tercer-milenio-una-iglesia-en-clave-sinodal\/#primaryimage","url":"https:\/\/exaudi.org\/wp-content\/uploads\/2023\/03\/Rafael-Luziani.jpg","contentUrl":"https:\/\/exaudi.org\/wp-content\/uploads\/2023\/03\/Rafael-Luziani.jpg","width":2560,"height":1718},{"@type":"BreadcrumbList","@id":"https:\/\/exaudi.org\/es\/rafael-luciani-el-reto-del-tercer-milenio-una-iglesia-en-clave-sinodal\/#breadcrumb","itemListElement":[{"@type":"ListItem","position":1,"name":"Portada","item":"https:\/\/exaudi.org\/es\/"},{"@type":"ListItem","position":2,"name":"Rafael Luciani: \u201cEl reto del tercer milenio: Una Iglesia en clave sinodal\u201d"}]},{"@type":"WebSite","@id":"https:\/\/exaudi.org\/#website","url":"https:\/\/exaudi.org\/","name":"Exaudi","description":"News","potentialAction":[{"@type":"SearchAction","target":{"@type":"EntryPoint","urlTemplate":"https:\/\/exaudi.org\/?s={search_term_string}"},"query-input":{"@type":"PropertyValueSpecification","valueRequired":true,"valueName":"search_term_string"}}],"inLanguage":"es"},{"@type":"Person","@id":"https:\/\/exaudi.org\/#\/schema\/person\/f5fc8f063065e38742da7afe15f25df7","name":"Exaudi Redacci\u00f3n","image":{"@type":"ImageObject","inLanguage":"es","@id":"https:\/\/secure.gravatar.com\/avatar\/fe0f6a059fb68d9b3e11bc5850dd4899b1c7492091a3cb6dd9b01b56ad828be2?s=96&d=mm&r=g","url":"https:\/\/secure.gravatar.com\/avatar\/fe0f6a059fb68d9b3e11bc5850dd4899b1c7492091a3cb6dd9b01b56ad828be2?s=96&d=mm&r=g","contentUrl":"https:\/\/secure.gravatar.com\/avatar\/fe0f6a059fb68d9b3e11bc5850dd4899b1c7492091a3cb6dd9b01b56ad828be2?s=96&d=mm&r=g","caption":"Exaudi Redacci\u00f3n"},"description":"\u00bfQu\u00e9 es Exaudi News? Exaudi News es un medio de comunicaci\u00f3n cat\u00f3lico internacional que informa, forma y transforma, diariamente en espa\u00f1ol, ingl\u00e9s e italiano. A trav\u00e9s de noticias, art\u00edculos de an\u00e1lisis y transmisiones en directo de los eventos del Papa, Exaudi busca fortalecer la unidad de los cristianos y contribuir a la evangelizaci\u00f3n del mundo, siempre guiados por la doctrina social de la Iglesia. Trabajamos para acercar la verdad y los valores cristianos a cada rinc\u00f3n del planeta. \u00a1Ay\u00fadanos a transformar el mundo con Exaudi! En Exaudi creemos que la evangelizaci\u00f3n y la informaci\u00f3n de calidad pueden cambiar vidas. Para continuar con nuestra misi\u00f3n y expandir nuestro alcance, necesitamos tu ayuda. Adem\u00e1s, buscamos personas comprometidas que deseen unirse a nuestro equipo. Con tu apoyo, lograremos llegar a m\u00e1s personas, difundir el mensaje de Cristo y reforzar la unidad de los cristianos. \u00bfTe unes a nuestra misi\u00f3n? Para m\u00e1s informaci\u00f3n sobre c\u00f3mo colaborar, visita Exaudi.org\/es o cont\u00e1ctanos directamente: info@exaudi.org Exaudi: Informa, forma y transforma.","sameAs":["https:\/\/www.facebook.com\/ExaudiNoticias\/","https:\/\/www.instagram.com\/exaudi_noticias\/","https:\/\/x.com\/Exaudi_noticias","https:\/\/www.youtube.com\/@exaudicatholicnews"],"url":"https:\/\/exaudi.org\/es\/author\/redaccionexaudi\/"}]}},"jetpack_featured_media_url":"https:\/\/exaudi.org\/wp-content\/uploads\/2023\/03\/Rafael-Luziani.jpg","jetpack_shortlink":"https:\/\/wp.me\/pgKjF2-iKU","_links":{"self":[{"href":"https:\/\/exaudi.org\/es\/wp-json\/wp\/v2\/posts\/72100","targetHints":{"allow":["GET"]}}],"collection":[{"href":"https:\/\/exaudi.org\/es\/wp-json\/wp\/v2\/posts"}],"about":[{"href":"https:\/\/exaudi.org\/es\/wp-json\/wp\/v2\/types\/post"}],"author":[{"embeddable":true,"href":"https:\/\/exaudi.org\/es\/wp-json\/wp\/v2\/users\/15"}],"replies":[{"embeddable":true,"href":"https:\/\/exaudi.org\/es\/wp-json\/wp\/v2\/comments?post=72100"}],"version-history":[{"count":0,"href":"https:\/\/exaudi.org\/es\/wp-json\/wp\/v2\/posts\/72100\/revisions"}],"wp:featuredmedia":[{"embeddable":true,"href":"https:\/\/exaudi.org\/es\/wp-json\/wp\/v2\/media\/72101"}],"wp:attachment":[{"href":"https:\/\/exaudi.org\/es\/wp-json\/wp\/v2\/media?parent=72100"}],"wp:term":[{"taxonomy":"category","embeddable":true,"href":"https:\/\/exaudi.org\/es\/wp-json\/wp\/v2\/categories?post=72100"},{"taxonomy":"post_tag","embeddable":true,"href":"https:\/\/exaudi.org\/es\/wp-json\/wp\/v2\/tags?post=72100"}],"curies":[{"name":"wp","href":"https:\/\/api.w.org\/{rel}","templated":true}]}}