{"id":71842,"date":"2023-03-13T09:00:41","date_gmt":"2023-03-13T08:00:41","guid":{"rendered":"https:\/\/exaudi.org\/?p=71842"},"modified":"2023-03-13T16:49:32","modified_gmt":"2023-03-13T15:49:32","slug":"10-anos-del-pontificado-del-papa-francisco","status":"publish","type":"post","link":"https:\/\/exaudi.org\/es\/10-anos-del-pontificado-del-papa-francisco\/","title":{"rendered":"10 a\u00f1os del pontificado del Papa Francisco"},"content":{"rendered":"<audio class=\"wp-audio-shortcode\" id=\"audio-71842-1\" preload=\"none\" style=\"width: 100%;\" controls=\"controls\"><source type=\"audio\/mpeg\" src=\"https:\/\/exaudi.org\/wp-content\/uploads\/2023\/03\/10-anos-del-pontificado-del-Papa-Francisco_1-1.mp3?_=1\" \/><a href=\"https:\/\/exaudi.org\/wp-content\/uploads\/2023\/03\/10-anos-del-pontificado-del-Papa-Francisco_1-1.mp3\">https:\/\/exaudi.org\/wp-content\/uploads\/2023\/03\/10-anos-del-pontificado-del-Papa-Francisco_1-1.mp3<\/a><\/audio>\n<p>Hoy, 13 de marzo de 2023, se cumplen 10 a\u00f1os del pontificado del Papa Francisco.<\/p>\n<p>Las primeras palabras del Santo Padre tras anunciarse su elecci\u00f3n fueron: \u201cSab\u00e9is que el deber del c\u00f3nclave era dar un Obispo a Roma. Parece que mis hermanos cardenales han ido a buscarlo casi al fin del mundo&#8230;, pero aqu\u00ed estamos. Os agradezco la acogida. La comunidad diocesana de Roma tiene a su Obispo. Gracias. Y ante todo, quisiera rezar por nuestro obispo em\u00e9rito, Benedicto XVI. Oremos todos juntos por \u00e9l, para que el Se\u00f1or lo bendiga y la Virgen lo proteja\u201d.<\/p>\n<p>\u201cY ahora, comenzamos este camino: Obispo y pueblo. Este camino de la Iglesia de Roma, que es la que preside en la caridad a todas las Iglesias. Un camino de fraternidad, de amor, de confianza entre nosotros. Recemos siempre por nosotros: el uno por el otro. Recemos por todo el mundo, para que haya una gran fraternidad. Deseo que este camino de Iglesia, que hoy comenzamos y en el cual me ayudar\u00e1 mi cardenal vicario, aqu\u00ed presente, sea fruct\u00edfero para la evangelizaci\u00f3n de esta ciudad tan hermosa. Y ahora quisiera dar la Bendici\u00f3n, pero antes, antes, os pido un favor: antes que el Obispo bendiga al pueblo, os pido que vosotros rec\u00e9is para el que Se\u00f1or me bendiga: la oraci\u00f3n del pueblo, pidiendo la Bendici\u00f3n para su Obispo. Hagamos en silencio esta oraci\u00f3n de vosotros por m\u00ed&#8230;\u201d, a\u00f1adi\u00f3 el Papa antes de impartir la bendici\u00f3n <a href=\"https:\/\/exaudi.org\/es\/bendicion-urbi-et-orbi-papa\/\" target=\"_blank\" rel=\"noopener\"><em>urbi et orbi<\/em><\/a>.<\/p>\n<p>En estos 10 a\u00f1os Francisco se ha caracterizado por su cercan\u00eda a todos, especialmente a los m\u00e1s alejados y desfavorecidos, proponiendo una Iglesia en salida, como un hospital de campa\u00f1a al que acuda la gente herida. El suyo es un pontificado centrado en la misericordia, en la Caridad, en el servicio y el amor al pr\u00f3jimo. Por medio de sus palabras, sus gestos y sus escritos ha presentado a una Iglesia que anuncia el Evangelio con alegr\u00eda y misericordia.<\/p>\n<h2>Un pontificado que le \u201cagarr\u00f3 por sorpresa\u201d<\/h2>\n<p>En su <a href=\"https:\/\/exaudi.org\/es\/francisco-pontificado-no-hay-nada-inventado-por-mi\/\" target=\"_blank\" rel=\"noopener\">entrevista con Carlos Herrera<\/a> en septiembre de 2021, Francisco confes\u00f3 que el nombramiento como Pont\u00edfice le \u201cagarr\u00f3 por sorpresa porque vine con una valijita\u201d. Al c\u00f3nclave, \u201cvine como siempre. Y dej\u00e9 preparadas las homil\u00edas de la Semana Santa all\u00e1 en el obispado\u201d.<\/p>\n<p>Del mismo modo, Francisco expres\u00f3 que en su trayectoria como Sucesor de Pedro \u201cno hay nada m\u00edo inventado, lo que hice desde el principio es procurar poner en marcha lo que los cardenales dijimos en las reuniones prec\u00f3nclave para el pr\u00f3ximo Papa\u201d.<\/p>\n<p>En este sentido, indic\u00f3 que \u201cquedan varias cosas por hacer todav\u00eda, pero no hay nada inventado por m\u00ed. Yo estoy obedeciendo a lo que se marc\u00f3 en aquel momento (\u2026)\u201d. \u201cNo hay una originalidad m\u00eda en el plan. Y mi proyecto de trabajo,\u00a0<a href=\"https:\/\/www.vatican.va\/content\/francesco\/es\/apost_exhortations\/documents\/papa-francesco_esortazione-ap_20131124_evangelii-gaudium.html\" target=\"_blank\" rel=\"noopener\"><em>Evangelii Gaudium<\/em><\/a>, es una cosa en la que trat\u00e9 de resumir lo que los cardenales dijimos en ese momento\u201d.<\/p>\n<p>Asimismo, describi\u00f3 que le gustar\u00eda ser recordado: \u201cComo lo que soy: un pecador que trata de hacer el bien\u201d.<\/p>\n<p>En un d\u00eda como hoy, demos gracias a Dios por el Papa Francisco y, como \u00e9l mismo siempre pide, no nos olvidemos de rezar por \u00e9l.<\/p>\n<p><iframe loading=\"lazy\" title=\"Diez a\u00f1os de Pontificado, 2013  El Papa Francisco y la Iglesia pobre\" width=\"500\" height=\"281\" src=\"https:\/\/www.youtube.com\/embed\/HCz0pAp9LKo?feature=oembed\" frameborder=\"0\" allow=\"accelerometer; autoplay; clipboard-write; encrypted-media; gyroscope; picture-in-picture; web-share\" referrerpolicy=\"strict-origin-when-cross-origin\" allowfullscreen><\/iframe><\/p>\n<p><img loading=\"lazy\" decoding=\"async\" class=\"alignleft size-full wp-image-72033\" src=\"https:\/\/exaudi.org\/wp-content\/uploads\/2023\/03\/Papa-Francisco.jpg\" alt=\"\" width=\"1080\" height=\"1080\" srcset=\"https:\/\/exaudi.org\/wp-content\/uploads\/2023\/03\/Papa-Francisco.jpg 1080w, https:\/\/exaudi.org\/wp-content\/uploads\/2023\/03\/Papa-Francisco-300x300.jpg 300w, https:\/\/exaudi.org\/wp-content\/uploads\/2023\/03\/Papa-Francisco-1024x1024.jpg 1024w, https:\/\/exaudi.org\/wp-content\/uploads\/2023\/03\/Papa-Francisco-100x100.jpg?crop=1 100w, https:\/\/exaudi.org\/wp-content\/uploads\/2023\/03\/Papa-Francisco-770x770.jpg 770w, https:\/\/exaudi.org\/wp-content\/uploads\/2023\/03\/Papa-Francisco-500x500.jpg 500w, https:\/\/exaudi.org\/wp-content\/uploads\/2023\/03\/Papa-Francisco-293x293.jpg 293w, https:\/\/exaudi.org\/wp-content\/uploads\/2023\/03\/Papa-Francisco-390x390.jpg 390w, https:\/\/exaudi.org\/wp-content\/uploads\/2023\/03\/Papa-Francisco-585x585.jpg 585w, https:\/\/exaudi.org\/wp-content\/uploads\/2023\/03\/Papa-Francisco-900x900.jpg 900w\" sizes=\"auto, (max-width: 1080px) 100vw, 1080px\" \/><\/p>\n<p>&nbsp;<\/p>\n","protected":false},"excerpt":{"rendered":"<p>\u00a1Gracias, Santo Padre, rezamos por usted!<\/p>\n","protected":false},"author":5,"featured_media":72018,"comment_status":"closed","ping_status":"closed","sticky":false,"template":"","format":"standard","meta":{"_acf_changed":false,"_crdt_document":"","inline_featured_image":false,"footnotes":""},"categories":[68],"tags":[2419,158,977],"class_list":["post-71842","post","type-post","status-publish","format-standard","has-post-thumbnail","hentry","category-leon-xiv","tag-featured","tag-papa-francisco","tag-pontificado"],"acf":[],"yoast_head":"<!-- This site is optimized with the Yoast SEO plugin v27.4 - https:\/\/yoast.com\/product\/yoast-seo-wordpress\/ -->\n<title>10 a\u00f1os del pontificado del Papa Francisco &#8211; Exaudi<\/title>\n<meta name=\"description\" content=\"Hoy, 13 de marzo 2022, se cumplen 9 a\u00f1os del pontificado del Papa Francisco, Un pontificado en el que \u201cno hay nada m\u00edo inventado\u201d\" \/>\n<meta name=\"robots\" content=\"index, follow, max-snippet:-1, max-image-preview:large, max-video-preview:-1\" \/>\n<link rel=\"canonical\" href=\"https:\/\/exaudi.org\/es\/10-anos-del-pontificado-del-papa-francisco\/\" \/>\n<meta property=\"og:locale\" content=\"es_ES\" \/>\n<meta property=\"og:type\" content=\"article\" \/>\n<meta property=\"og:title\" content=\"10 a\u00f1os del pontificado del Papa Francisco &#8211; Exaudi\" \/>\n<meta property=\"og:description\" content=\"Hoy, 13 de marzo 2022, se cumplen 9 a\u00f1os del pontificado del Papa Francisco, Un pontificado en el que \u201cno hay nada m\u00edo inventado\u201d\" \/>\n<meta property=\"og:url\" content=\"https:\/\/exaudi.org\/es\/10-anos-del-pontificado-del-papa-francisco\/\" \/>\n<meta property=\"og:site_name\" content=\"Exaudi\" \/>\n<meta property=\"article:publisher\" content=\"https:\/\/www.facebook.com\/ExaudiNews\" \/>\n<meta property=\"article:published_time\" content=\"2023-03-13T08:00:41+00:00\" \/>\n<meta property=\"article:modified_time\" content=\"2023-03-13T15:49:32+00:00\" \/>\n<meta property=\"og:image\" content=\"https:\/\/exaudi.org\/wp-content\/uploads\/2023\/03\/cq5dam.thumbnail.cropped.1500.844-10.jpeg\" \/>\n\t<meta property=\"og:image:width\" content=\"1500\" \/>\n\t<meta property=\"og:image:height\" content=\"844\" \/>\n\t<meta property=\"og:image:type\" content=\"image\/jpeg\" \/>\n<meta name=\"author\" content=\"Larissa I. L\u00f3pez\" \/>\n<meta name=\"twitter:card\" content=\"summary_large_image\" \/>\n<meta name=\"twitter:creator\" content=\"@Exaudi_News\" \/>\n<meta name=\"twitter:site\" content=\"@Exaudi_News\" \/>\n<meta name=\"twitter:label1\" content=\"Escrito por\" \/>\n\t<meta name=\"twitter:data1\" content=\"Larissa I. L\u00f3pez\" \/>\n\t<meta name=\"twitter:label2\" content=\"Tiempo de lectura\" \/>\n\t<meta name=\"twitter:data2\" content=\"3 minutos\" \/>\n<script type=\"application\/ld+json\" class=\"yoast-schema-graph\">{\"@context\":\"https:\\\/\\\/schema.org\",\"@graph\":[{\"@type\":\"Article\",\"@id\":\"https:\\\/\\\/exaudi.org\\\/es\\\/10-anos-del-pontificado-del-papa-francisco\\\/#article\",\"isPartOf\":{\"@id\":\"https:\\\/\\\/exaudi.org\\\/es\\\/10-anos-del-pontificado-del-papa-francisco\\\/\"},\"author\":{\"name\":\"Larissa I. L\u00f3pez\",\"@id\":\"https:\\\/\\\/exaudi.org\\\/#\\\/schema\\\/person\\\/7d2f77db033c2c0929edfab6dbe8c588\"},\"headline\":\"10 a\u00f1os del pontificado del Papa Francisco\",\"datePublished\":\"2023-03-13T08:00:41+00:00\",\"dateModified\":\"2023-03-13T15:49:32+00:00\",\"mainEntityOfPage\":{\"@id\":\"https:\\\/\\\/exaudi.org\\\/es\\\/10-anos-del-pontificado-del-papa-francisco\\\/\"},\"wordCount\":577,\"image\":{\"@id\":\"https:\\\/\\\/exaudi.org\\\/es\\\/10-anos-del-pontificado-del-papa-francisco\\\/#primaryimage\"},\"thumbnailUrl\":\"https:\\\/\\\/exaudi.org\\\/wp-content\\\/uploads\\\/2023\\\/03\\\/cq5dam.thumbnail.cropped.1500.844-10.jpeg\",\"keywords\":[\"Featured\",\"papa francisco\",\"Pontificado\"],\"articleSection\":[\"Le\u00f3n XIV\"],\"inLanguage\":\"es\"},{\"@type\":\"WebPage\",\"@id\":\"https:\\\/\\\/exaudi.org\\\/es\\\/10-anos-del-pontificado-del-papa-francisco\\\/\",\"url\":\"https:\\\/\\\/exaudi.org\\\/es\\\/10-anos-del-pontificado-del-papa-francisco\\\/\",\"name\":\"10 a\u00f1os del pontificado del Papa Francisco &#8211; Exaudi\",\"isPartOf\":{\"@id\":\"https:\\\/\\\/exaudi.org\\\/#website\"},\"primaryImageOfPage\":{\"@id\":\"https:\\\/\\\/exaudi.org\\\/es\\\/10-anos-del-pontificado-del-papa-francisco\\\/#primaryimage\"},\"image\":{\"@id\":\"https:\\\/\\\/exaudi.org\\\/es\\\/10-anos-del-pontificado-del-papa-francisco\\\/#primaryimage\"},\"thumbnailUrl\":\"https:\\\/\\\/exaudi.org\\\/wp-content\\\/uploads\\\/2023\\\/03\\\/cq5dam.thumbnail.cropped.1500.844-10.jpeg\",\"datePublished\":\"2023-03-13T08:00:41+00:00\",\"dateModified\":\"2023-03-13T15:49:32+00:00\",\"author\":{\"@id\":\"https:\\\/\\\/exaudi.org\\\/#\\\/schema\\\/person\\\/7d2f77db033c2c0929edfab6dbe8c588\"},\"description\":\"Hoy, 13 de marzo 2022, se cumplen 9 a\u00f1os del pontificado del Papa Francisco, Un pontificado en el que \u201cno hay nada m\u00edo inventado\u201d\",\"breadcrumb\":{\"@id\":\"https:\\\/\\\/exaudi.org\\\/es\\\/10-anos-del-pontificado-del-papa-francisco\\\/#breadcrumb\"},\"inLanguage\":\"es\",\"potentialAction\":[{\"@type\":\"ReadAction\",\"target\":[\"https:\\\/\\\/exaudi.org\\\/es\\\/10-anos-del-pontificado-del-papa-francisco\\\/\"]}]},{\"@type\":\"ImageObject\",\"inLanguage\":\"es\",\"@id\":\"https:\\\/\\\/exaudi.org\\\/es\\\/10-anos-del-pontificado-del-papa-francisco\\\/#primaryimage\",\"url\":\"https:\\\/\\\/exaudi.org\\\/wp-content\\\/uploads\\\/2023\\\/03\\\/cq5dam.thumbnail.cropped.1500.844-10.jpeg\",\"contentUrl\":\"https:\\\/\\\/exaudi.org\\\/wp-content\\\/uploads\\\/2023\\\/03\\\/cq5dam.thumbnail.cropped.1500.844-10.jpeg\",\"width\":1500,\"height\":844,\"caption\":\"Papa Francisco \u00a9 Vatican Media\"},{\"@type\":\"BreadcrumbList\",\"@id\":\"https:\\\/\\\/exaudi.org\\\/es\\\/10-anos-del-pontificado-del-papa-francisco\\\/#breadcrumb\",\"itemListElement\":[{\"@type\":\"ListItem\",\"position\":1,\"name\":\"Portada\",\"item\":\"https:\\\/\\\/exaudi.org\\\/es\\\/\"},{\"@type\":\"ListItem\",\"position\":2,\"name\":\"10 a\u00f1os del pontificado del Papa Francisco\"}]},{\"@type\":\"WebSite\",\"@id\":\"https:\\\/\\\/exaudi.org\\\/#website\",\"url\":\"https:\\\/\\\/exaudi.org\\\/\",\"name\":\"Exaudi\",\"description\":\"News\",\"potentialAction\":[{\"@type\":\"SearchAction\",\"target\":{\"@type\":\"EntryPoint\",\"urlTemplate\":\"https:\\\/\\\/exaudi.org\\\/?s={search_term_string}\"},\"query-input\":{\"@type\":\"PropertyValueSpecification\",\"valueRequired\":true,\"valueName\":\"search_term_string\"}}],\"inLanguage\":\"es\"},{\"@type\":\"Person\",\"@id\":\"https:\\\/\\\/exaudi.org\\\/#\\\/schema\\\/person\\\/7d2f77db033c2c0929edfab6dbe8c588\",\"name\":\"Larissa I. L\u00f3pez\",\"image\":{\"@type\":\"ImageObject\",\"inLanguage\":\"es\",\"@id\":\"https:\\\/\\\/secure.gravatar.com\\\/avatar\\\/db3ef399ff343d0bb9d25dc5198bc8ece5ac6d621eca79876697a354dabc1e3f?s=96&d=mm&r=g\",\"url\":\"https:\\\/\\\/secure.gravatar.com\\\/avatar\\\/db3ef399ff343d0bb9d25dc5198bc8ece5ac6d621eca79876697a354dabc1e3f?s=96&d=mm&r=g\",\"contentUrl\":\"https:\\\/\\\/secure.gravatar.com\\\/avatar\\\/db3ef399ff343d0bb9d25dc5198bc8ece5ac6d621eca79876697a354dabc1e3f?s=96&d=mm&r=g\",\"caption\":\"Larissa I. L\u00f3pez\"},\"description\":\"Doctora en Comunicaci\u00f3n. Mi trayectoria profesional ha transcurrido entre el \u00e1mbito de la comunicaci\u00f3n y el de la docencia. En los \u00faltimos a\u00f1os, he trabajado como coordinadora y redactora de la edici\u00f3n de ZENIT en espa\u00f1ol. Como profesora, he impartido clases en la universidad y en centros de FP y bachillerato. Cordobesa de nacimiento, tambi\u00e9n he vivido en Sevilla, Madrid y Roma\",\"url\":\"https:\\\/\\\/exaudi.org\\\/es\\\/author\\\/llopezexaudi-org\\\/\"}]}<\/script>\n<!-- \/ Yoast SEO plugin. -->","yoast_head_json":{"title":"10 a\u00f1os del pontificado del Papa Francisco &#8211; Exaudi","description":"Hoy, 13 de marzo 2022, se cumplen 9 a\u00f1os del pontificado del Papa Francisco, Un pontificado en el que \u201cno hay nada m\u00edo inventado\u201d","robots":{"index":"index","follow":"follow","max-snippet":"max-snippet:-1","max-image-preview":"max-image-preview:large","max-video-preview":"max-video-preview:-1"},"canonical":"https:\/\/exaudi.org\/es\/10-anos-del-pontificado-del-papa-francisco\/","og_locale":"es_ES","og_type":"article","og_title":"10 a\u00f1os del pontificado del Papa Francisco &#8211; Exaudi","og_description":"Hoy, 13 de marzo 2022, se cumplen 9 a\u00f1os del pontificado del Papa Francisco, Un pontificado en el que \u201cno hay nada m\u00edo inventado\u201d","og_url":"https:\/\/exaudi.org\/es\/10-anos-del-pontificado-del-papa-francisco\/","og_site_name":"Exaudi","article_publisher":"https:\/\/www.facebook.com\/ExaudiNews","article_published_time":"2023-03-13T08:00:41+00:00","article_modified_time":"2023-03-13T15:49:32+00:00","og_image":[{"width":1500,"height":844,"url":"https:\/\/exaudi.org\/wp-content\/uploads\/2023\/03\/cq5dam.thumbnail.cropped.1500.844-10.jpeg","type":"image\/jpeg"}],"author":"Larissa I. L\u00f3pez","twitter_card":"summary_large_image","twitter_creator":"@Exaudi_News","twitter_site":"@Exaudi_News","twitter_misc":{"Escrito por":"Larissa I. L\u00f3pez","Tiempo de lectura":"3 minutos"},"schema":{"@context":"https:\/\/schema.org","@graph":[{"@type":"Article","@id":"https:\/\/exaudi.org\/es\/10-anos-del-pontificado-del-papa-francisco\/#article","isPartOf":{"@id":"https:\/\/exaudi.org\/es\/10-anos-del-pontificado-del-papa-francisco\/"},"author":{"name":"Larissa I. L\u00f3pez","@id":"https:\/\/exaudi.org\/#\/schema\/person\/7d2f77db033c2c0929edfab6dbe8c588"},"headline":"10 a\u00f1os del pontificado del Papa Francisco","datePublished":"2023-03-13T08:00:41+00:00","dateModified":"2023-03-13T15:49:32+00:00","mainEntityOfPage":{"@id":"https:\/\/exaudi.org\/es\/10-anos-del-pontificado-del-papa-francisco\/"},"wordCount":577,"image":{"@id":"https:\/\/exaudi.org\/es\/10-anos-del-pontificado-del-papa-francisco\/#primaryimage"},"thumbnailUrl":"https:\/\/exaudi.org\/wp-content\/uploads\/2023\/03\/cq5dam.thumbnail.cropped.1500.844-10.jpeg","keywords":["Featured","papa francisco","Pontificado"],"articleSection":["Le\u00f3n XIV"],"inLanguage":"es"},{"@type":"WebPage","@id":"https:\/\/exaudi.org\/es\/10-anos-del-pontificado-del-papa-francisco\/","url":"https:\/\/exaudi.org\/es\/10-anos-del-pontificado-del-papa-francisco\/","name":"10 a\u00f1os del pontificado del Papa Francisco &#8211; Exaudi","isPartOf":{"@id":"https:\/\/exaudi.org\/#website"},"primaryImageOfPage":{"@id":"https:\/\/exaudi.org\/es\/10-anos-del-pontificado-del-papa-francisco\/#primaryimage"},"image":{"@id":"https:\/\/exaudi.org\/es\/10-anos-del-pontificado-del-papa-francisco\/#primaryimage"},"thumbnailUrl":"https:\/\/exaudi.org\/wp-content\/uploads\/2023\/03\/cq5dam.thumbnail.cropped.1500.844-10.jpeg","datePublished":"2023-03-13T08:00:41+00:00","dateModified":"2023-03-13T15:49:32+00:00","author":{"@id":"https:\/\/exaudi.org\/#\/schema\/person\/7d2f77db033c2c0929edfab6dbe8c588"},"description":"Hoy, 13 de marzo 2022, se cumplen 9 a\u00f1os del pontificado del Papa Francisco, Un pontificado en el que \u201cno hay nada m\u00edo inventado\u201d","breadcrumb":{"@id":"https:\/\/exaudi.org\/es\/10-anos-del-pontificado-del-papa-francisco\/#breadcrumb"},"inLanguage":"es","potentialAction":[{"@type":"ReadAction","target":["https:\/\/exaudi.org\/es\/10-anos-del-pontificado-del-papa-francisco\/"]}]},{"@type":"ImageObject","inLanguage":"es","@id":"https:\/\/exaudi.org\/es\/10-anos-del-pontificado-del-papa-francisco\/#primaryimage","url":"https:\/\/exaudi.org\/wp-content\/uploads\/2023\/03\/cq5dam.thumbnail.cropped.1500.844-10.jpeg","contentUrl":"https:\/\/exaudi.org\/wp-content\/uploads\/2023\/03\/cq5dam.thumbnail.cropped.1500.844-10.jpeg","width":1500,"height":844,"caption":"Papa Francisco \u00a9 Vatican Media"},{"@type":"BreadcrumbList","@id":"https:\/\/exaudi.org\/es\/10-anos-del-pontificado-del-papa-francisco\/#breadcrumb","itemListElement":[{"@type":"ListItem","position":1,"name":"Portada","item":"https:\/\/exaudi.org\/es\/"},{"@type":"ListItem","position":2,"name":"10 a\u00f1os del pontificado del Papa Francisco"}]},{"@type":"WebSite","@id":"https:\/\/exaudi.org\/#website","url":"https:\/\/exaudi.org\/","name":"Exaudi","description":"News","potentialAction":[{"@type":"SearchAction","target":{"@type":"EntryPoint","urlTemplate":"https:\/\/exaudi.org\/?s={search_term_string}"},"query-input":{"@type":"PropertyValueSpecification","valueRequired":true,"valueName":"search_term_string"}}],"inLanguage":"es"},{"@type":"Person","@id":"https:\/\/exaudi.org\/#\/schema\/person\/7d2f77db033c2c0929edfab6dbe8c588","name":"Larissa I. L\u00f3pez","image":{"@type":"ImageObject","inLanguage":"es","@id":"https:\/\/secure.gravatar.com\/avatar\/db3ef399ff343d0bb9d25dc5198bc8ece5ac6d621eca79876697a354dabc1e3f?s=96&d=mm&r=g","url":"https:\/\/secure.gravatar.com\/avatar\/db3ef399ff343d0bb9d25dc5198bc8ece5ac6d621eca79876697a354dabc1e3f?s=96&d=mm&r=g","contentUrl":"https:\/\/secure.gravatar.com\/avatar\/db3ef399ff343d0bb9d25dc5198bc8ece5ac6d621eca79876697a354dabc1e3f?s=96&d=mm&r=g","caption":"Larissa I. L\u00f3pez"},"description":"Doctora en Comunicaci\u00f3n. Mi trayectoria profesional ha transcurrido entre el \u00e1mbito de la comunicaci\u00f3n y el de la docencia. En los \u00faltimos a\u00f1os, he trabajado como coordinadora y redactora de la edici\u00f3n de ZENIT en espa\u00f1ol. Como profesora, he impartido clases en la universidad y en centros de FP y bachillerato. Cordobesa de nacimiento, tambi\u00e9n he vivido en Sevilla, Madrid y Roma","url":"https:\/\/exaudi.org\/es\/author\/llopezexaudi-org\/"}]}},"jetpack_featured_media_url":"https:\/\/exaudi.org\/wp-content\/uploads\/2023\/03\/cq5dam.thumbnail.cropped.1500.844-10.jpeg","jetpack_shortlink":"https:\/\/wp.me\/pgKjF2-iGK","_links":{"self":[{"href":"https:\/\/exaudi.org\/es\/wp-json\/wp\/v2\/posts\/71842","targetHints":{"allow":["GET"]}}],"collection":[{"href":"https:\/\/exaudi.org\/es\/wp-json\/wp\/v2\/posts"}],"about":[{"href":"https:\/\/exaudi.org\/es\/wp-json\/wp\/v2\/types\/post"}],"author":[{"embeddable":true,"href":"https:\/\/exaudi.org\/es\/wp-json\/wp\/v2\/users\/5"}],"replies":[{"embeddable":true,"href":"https:\/\/exaudi.org\/es\/wp-json\/wp\/v2\/comments?post=71842"}],"version-history":[{"count":0,"href":"https:\/\/exaudi.org\/es\/wp-json\/wp\/v2\/posts\/71842\/revisions"}],"wp:featuredmedia":[{"embeddable":true,"href":"https:\/\/exaudi.org\/es\/wp-json\/wp\/v2\/media\/72018"}],"wp:attachment":[{"href":"https:\/\/exaudi.org\/es\/wp-json\/wp\/v2\/media?parent=71842"}],"wp:term":[{"taxonomy":"category","embeddable":true,"href":"https:\/\/exaudi.org\/es\/wp-json\/wp\/v2\/categories?post=71842"},{"taxonomy":"post_tag","embeddable":true,"href":"https:\/\/exaudi.org\/es\/wp-json\/wp\/v2\/tags?post=71842"}],"curies":[{"name":"wp","href":"https:\/\/api.w.org\/{rel}","templated":true}]}}