{"id":71810,"date":"2023-03-09T10:55:20","date_gmt":"2023-03-09T09:55:20","guid":{"rendered":"https:\/\/exaudi.org\/?p=71810"},"modified":"2023-03-09T12:10:17","modified_gmt":"2023-03-09T11:10:17","slug":"que-es-la-agenda-2030-es-compatible-con-los-valores-de-la-iglesia","status":"publish","type":"post","link":"https:\/\/exaudi.org\/es\/que-es-la-agenda-2030-es-compatible-con-los-valores-de-la-iglesia\/","title":{"rendered":"\u00bfQu\u00e9 es la Agenda 2030? \u00bfEs compatible con los valores de la Iglesia?"},"content":{"rendered":"<audio class=\"wp-audio-shortcode\" id=\"audio-71810-1\" preload=\"none\" style=\"width: 100%;\" controls=\"controls\"><source type=\"audio\/mpeg\" src=\"https:\/\/exaudi.org\/wp-content\/uploads\/2023\/03\/\u00bfQue-es-la-Agenda-2030-\u00bfEs-compatible-con-los_1.mp3?_=1\" \/><a href=\"https:\/\/exaudi.org\/wp-content\/uploads\/2023\/03\/\u00bfQue-es-la-Agenda-2030-\u00bfEs-compatible-con-los_1.mp3\">https:\/\/exaudi.org\/wp-content\/uploads\/2023\/03\/\u00bfQue-es-la-Agenda-2030-\u00bfEs-compatible-con-los_1.mp3<\/a><\/audio>\n<p>El portal Infovaticana ha publicado el 8 de febrero pasado un art\u00edculo titulado \u201c<a href=\"https:\/\/infovaticana.com\/2023\/02\/08\/la-carta-de-un-padre-catolico-a-los-obispos-preocupado-por-la-alianza-de-la-jmj-con-la-agenda-2030\/\" target=\"_blank\" rel=\"noopener\">La carta de un padre cat\u00f3lico a los obispos, preocupado por la alianza de la JMJ -Jornada Mundial de la Juventud- con la Agenda 2030<\/a>\u201d. En el mismo se informa sobre un hombre que habr\u00eda enviado una misiva a todos los obispos de Espa\u00f1a denunciando \u201cel acuerdo que la organizaci\u00f3n de la JMJ ha suscrito con la Agenda 2030\u201d de las Naciones Unidas. Seg\u00fan el portal mencionado, la carta fue firmada por \u201cun cat\u00f3lico\u201d.<\/p>\n<p>Creemos que se trata de una excelente ocasi\u00f3n para analizar el tema y ponerlo en contexto en forma org\u00e1nica. Como cristianos tenemos siempre la obligaci\u00f3n moral de estar bien informados sobre los temas que opinamos, para que nuestra voz sea luz para otros, basada en la verdad. Al decir \u201cverdad\u201d nos referimos a aquella que contempla un todo org\u00e1nico de una realidad, y no solo una parte, separada de los contextos a los que se encuentra integrada. Una verdad truncada no ayuda a conocer la realidad objetiva y puede confundir, y puede estar justamente dedicada a confundir.<\/p>\n<p>El medio mencionado no es el \u00fanico al que le \u201ccuesta\u201d presentar una visi\u00f3n m\u00e1s org\u00e1nica de los procesos sociales y de la Iglesia. Tanto otros medios, como cat\u00f3licos medi\u00e1ticos, caen en la misma tentaci\u00f3n. Pero tomaremos este caso como una buena ocasi\u00f3n para conocer mejor la Agenda 2030.<\/p>\n<h2><strong>De qu\u00e9 trata la Agenda 2030, de las Naciones Unidas &#8211; 17 objetivos<\/strong><\/h2>\n<p>En esta <a href=\"https:\/\/www.un.org\/sustainabledevelopment\/es\/2015\/09\/la-asamblea-general-adopta-la-agenda-2030-para-el-desarrollo-sostenible\/#\" target=\"_blank\" rel=\"noopener\">p\u00e1gina de las Naciones Unidas<\/a> se explica la meta de la Agenda:<\/p>\n<p>\u201c\u2018Estamos resueltos a poner fin a la pobreza y el hambre en todo el mundo de aqu\u00ed (25 septiembre 2015) a 2030, a combatir las desigualdades dentro de los pa\u00edses y entre ellos, a construir sociedades pac\u00edficas, justas e inclusivas, a proteger los derechos humanos y promover la igualdad entre los g\u00e9neros y el empoderamiento de las mujeres y las ni\u00f1as, y a garantizar una protecci\u00f3n duradera del planeta y sus recursos naturales\u2019, se\u00f1alaron los Estados en la resoluci\u00f3n\u201d.<\/p>\n<p>Los \u201cObjetivos de Desarrollo Sostenible\u201d de la Agenda son:<\/p>\n<p>1- <a href=\"https:\/\/www.un.org\/sustainabledevelopment\/es\/poverty\/\" target=\"_blank\" rel=\"noopener\">Fin de la pobreza<\/a><\/p>\n<p>2- <a href=\"https:\/\/www.un.org\/sustainabledevelopment\/es\/hunger\/\" target=\"_blank\" rel=\"noopener\">Hambre cero<\/a><\/p>\n<p>3- <a href=\"https:\/\/www.un.org\/sustainabledevelopment\/es\/health\/\" target=\"_blank\" rel=\"noopener\">Salud y bienestar<\/a><\/p>\n<p>4- <a href=\"https:\/\/www.un.org\/sustainabledevelopment\/es\/education\/\" target=\"_blank\" rel=\"noopener\">Educaci\u00f3n de calidad<\/a><\/p>\n<p>5- <a href=\"https:\/\/www.un.org\/sustainabledevelopment\/es\/gender-equality\/\" target=\"_blank\" rel=\"noopener\">Igualdad de g\u00e9nero<\/a><\/p>\n<p>6- <a href=\"https:\/\/www.un.org\/sustainabledevelopment\/es\/water-and-sanitation\/\" target=\"_blank\" rel=\"noopener\">Agua limpia y saneamiento<\/a><\/p>\n<p>7- <a href=\"https:\/\/www.un.org\/sustainabledevelopment\/es\/energy\/\" target=\"_blank\" rel=\"noopener\">Energ\u00eda asequible y no contaminante<\/a><\/p>\n<p>8- <a href=\"https:\/\/www.un.org\/sustainabledevelopment\/es\/economic-growth\/\" target=\"_blank\" rel=\"noopener\">Trabajo decente y crecimiento econ\u00f3mico<\/a><\/p>\n<p>9- <a href=\"https:\/\/www.un.org\/sustainabledevelopment\/es\/infrastructure\/\" target=\"_blank\" rel=\"noopener\">Industria. Innovaci\u00f3n e infraestructura<\/a><\/p>\n<p>10- <a href=\"https:\/\/www.un.org\/sustainabledevelopment\/es\/inequality\/\" target=\"_blank\" rel=\"noopener\">Reducci\u00f3n de las desigualdades<\/a><\/p>\n<p>11- <a href=\"https:\/\/www.un.org\/sustainabledevelopment\/es\/cities\/\" target=\"_blank\" rel=\"noopener\">Ciudades y comunidades sostenibles<\/a><\/p>\n<p>12- <a href=\"https:\/\/www.un.org\/sustainabledevelopment\/es\/sustainable-consumption-production\/\" target=\"_blank\" rel=\"noopener\">Producci\u00f3n y consumo responsables<\/a><\/p>\n<p>13- <a href=\"https:\/\/www.un.org\/sustainabledevelopment\/es\/climate-change-2\/\" target=\"_blank\" rel=\"noopener\">Acci\u00f3n por el clima<\/a><\/p>\n<p>14- <a href=\"https:\/\/www.un.org\/sustainabledevelopment\/es\/oceans\/\" target=\"_blank\" rel=\"noopener\">Vida submarina<\/a><\/p>\n<p>15- <a href=\"https:\/\/www.un.org\/sustainabledevelopment\/es\/biodiversity\/\" target=\"_blank\" rel=\"noopener\">Vida. Ecosistemas terrestres<\/a><\/p>\n<p>16- <a href=\"https:\/\/www.un.org\/sustainabledevelopment\/es\/peace-justice\/\" target=\"_blank\" rel=\"noopener\">Paz. Justicia e instituciones s\u00f3lidas<\/a><\/p>\n<p>17- <a href=\"https:\/\/www.un.org\/sustainabledevelopment\/es\/globalpartnerships\/\" target=\"_blank\" rel=\"noopener\">Alianzas para lograr los objetivos<\/a><\/p>\n<h2><strong>Informaci\u00f3n que brinda Infovaticana<\/strong><\/h2>\n<p>En un art\u00edculo del 17 de noviembre pasado, titulado \u201c<a href=\"https:\/\/infovaticana.com\/2022\/11\/17\/la-jmj-de-lisboa-de-2023-se-pone-al-servicio-de-la-agenda-2030\/\" target=\"_blank\" rel=\"noopener\">La JMJ de Lisboa de 2023 se pone al servicio de la Agenda 2030<\/a>\u201d Infovaticana expresa que la \u201cp\u00e1gina web de la JMJ de Lisboa 2023 contiene un apartado dedicado expresamente al compromiso organizativo de este evento mundial de la juventud cat\u00f3lica con el Papa Francisco y la Agenda 2030\u201d.<\/p>\n<p>Y citando la p\u00e1gina mencionada de la JMJ, transcribe un p\u00e1rrafo de la misma: \u201cNuestra misi\u00f3n es construir la JMJ Lisboa 2023 teniendo en cuenta los objetivos de sostenibilidad abrazados en todo el mundo, los\u202fLaudato Si\u2019 Goals\u202fpresentados por el Vaticano y la\u202fAgenda 2030 de las Naciones Unidas (ODS)\u201d, agregando Infovaticana la siguiente frase con un hyperlink: \u201c<a href=\"https:\/\/lisboa2023.org\/es\/lisboa2023\/sustentabilidad\" target=\"_blank\" rel=\"noopener\">se lee en la carta de compromiso de la JMJ<\/a>\u201d.<\/p>\n<h2><strong>Lo que Infovaticana no dice<\/strong><\/h2>\n<p>Pero \u201cins\u00f3litamente\u201d, se les escap\u00f3 incluir el final del p\u00e1rrafo al que se refiere, trunc\u00e1ndolo. La frase de la JMJ censurada por Infovaticana expresa: \u201csiguiendo las <a href=\"https:\/\/holyseemission.org\/contents\/statements\/5806914667987.php\" target=\"_blank\" rel=\"noopener\">orientaciones de la Santa Sede<\/a>\u201d,\u00a0e incluye un hyperlink que lleva al documento en el cual el entonces Nuncio Apost\u00f3lico y Observador permanente ante las Naciones Unidas, Arzobispo Bernardito Auza, con fecha 5 de octubre 2016, o sea, un a\u00f1o m\u00e1s tarde de la firma de la Resoluci\u00f3n, define la posici\u00f3n de la Santa Sede ante la Agenda 2030, de acuerdo a los principios cristianos, sostenidos por la Iglesia cat\u00f3lica en el documento \u201cNota de la Santa Sede en el primer aniversario de la adopci\u00f3n de los Objetivos de Desarrollo Sostenible\u201d.<\/p>\n<h2><strong>La posici\u00f3n de la Santa Sede. Es un deber moral mencionar ambos aspectos<\/strong><\/h2>\n<p>Basta leer los 17 objetivos de la Agenda para comprender que \u201clos temas son reflejo de la Doctrina Social de la Iglesia para un desarrollo humano integral\u201d, seg\u00fan el Arzobispo Auza en su alocuci\u00f3n del 27 de enero 2023 en Barcelona, en la Universitat Abat Oliba CEU; y agrega: \u201cteniendo en cuenta con grande atenci\u00f3n algunos puntos, en particular t\u00e9rminos, que la Santa Sede y la Iglesia en general no pueden aceptar\u201d.<\/p>\n<p>Un analista responsable no puede obviar ambas realidades al respecto de la postura de la Iglesia ante la Agenda:<\/p>\n<ul>\n<li>Por un lado, que los temas son reflejo de la Doctrina Social de la Iglesia y que \u201cla Santa Sede est\u00e1 de acuerdo con la mayor\u00eda de los objetivos y metas enumerados en la Agenda\u201d, seg\u00fan citamos al Arzobispo Auza abajo.<\/li>\n<li>Por otro lado, que la Santa Sede rechaza con claridad y sin rodeos algunos aspectos de la misma.<\/li>\n<\/ul>\n<p>Si al referirnos a la Agenda obvi\u00e1ramos uno de estos puntos, estar\u00edamos faltando a nuestra obligaci\u00f3n moral de iluminar con la verdad, que debe ser abarcada en su organicidad.<\/p>\n<h2><strong>\u00bfPor qu\u00e9 la Santa Sede apoya la Agenda 2030, aunque expresando sus claras reservas?<\/strong><\/h2>\n<p>En el documento mencionado \u201cNota de la Santa Sede en el primer aniversario de la adopci\u00f3n de los Objetivos de Desarrollo Sostenible\u201d, el Arzobispo Auza expresa el visto bueno de la Santa Sede a la \u201cmayor\u00eda de los objetivos y metas enumerados en la Agenda\u201d. Dado que los 17 objetivos enunciados arriba son de suyo obviamente positivos, no nos dedicaremos a fundamentar su valor. El lector puede comprobarlo yendo al enlace que lleva al objetivo concreto en la p\u00e1gina de las Naciones Unidas.<\/p>\n<p>La Iglesia tiene la misi\u00f3n de bregar por la justicia social, no desde un dedo acusador, sino desde su involucramiento en los procesos de cambio. Por eso se ha ganado un lugar como Observadora Permanente ante las Naciones Unidas, desde donde ha podido dar valiosos aportes, y donde los sigue dando. La Iglesia se siente parte de los destinos del mundo, junto con todas las naciones. Por esta raz\u00f3n es que valora y apoya los objetivos de la Agenda 2030, con la salvedad de los puntos con que no concuerda y rechaza.<\/p>\n<h2><strong>Apoyo y reparos<\/strong><\/h2>\n<p>Transcribiremos aqu\u00ed solo unos p\u00e1rrafos del documento mencionado, que exponen el apoyo de la Santa Sede a la Agenda, con sus reparos a unos puntos concretos.<\/p>\n<p>En el punto 15 se expresa que la \u201cAgenda 2030 es una clara se\u00f1al de que, a pesar de las diferencias en algunos \u00e1mbitos, la comunidad internacional se ha unido y ha afirmado su compromiso de erradicar la pobreza en todas sus formas y dimensiones y de garantizar que todos los ni\u00f1os, mujeres y hombres del mundo tengan las condiciones necesarias para vivir en verdadera libertad y dignidad\u201d.<\/p>\n<p>Y contin\u00faa: \u201cTeniendo en cuenta que la Santa Sede est\u00e1 de acuerdo con la mayor\u00eda de los objetivos y metas enumerados en la Agenda, en este punto, la Santa Sede, de conformidad con su naturaleza y misi\u00f3n particular, desea hacer aclaraciones y reservas sobre algunos de los conceptos utilizados en la Agenda 2030\u201d.<\/p>\n<p>Sobre los puntos m\u00e1s controvertidos citamos los siguientes p\u00e1rrafos del documento que expresa la posici\u00f3n de la Santa Sede:<\/p>\n<h2><strong>Papa Francisco defiende derecho a la vida ante las Naciones Unidas &#8211; Agenda 2030<\/strong><\/h2>\n<p>En el punto 6 del documento emitido por el Nuncio Apost\u00f3lico se citan palabras del Papa Francisco ante las Naciones Unidas, referidas a la Agenda 2030 sobre el desarrollo humano integral, que incluye el derecho a la vida:<\/p>\n<p>\u201cComprender el desarrollo humano integral. Los pilares del desarrollo humano integral, a saber, el derecho a la vida y, m\u00e1s en general, el derecho a la existencia de la propia naturaleza humana, se ven amenazados cuando ya no reconocemos ninguna instancia por encima de nosotros mismos ni vemos nada m\u00e1s que a nosotros mismos. Esto solo puede remediarse mediante el reconocimiento de una ley moral inscrita en la propia naturaleza humana, que incluye el respeto absoluto a la vida en todas sus etapas y dimensiones y a la diferencia natural entre hombre y mujer. Los derechos humanos derivan de una correcta comprensi\u00f3n de la naturaleza humana, la persona humana, la dignidad humana inherente y la ley moral\u201d.<\/p>\n<p>Otros puntos que cita dicho documento son: Reconocer a los pobres como agentes dignos de su propio destino, proporcionar medios espirituales y materiales para que una persona pueda vivir dignamente, respeto del principio de justicia, el derecho a la educaci\u00f3n a la luz del destino trascendente de la persona humana, respeto del Estado de Derecho, resoluci\u00f3n pac\u00edfica de los conflictos, servicio a los dem\u00e1s y respeto del bien com\u00fan y construir los cimientos de la fraternidad universal.<\/p>\n<h2><strong>Sobre la \u201cideolog\u00eda de g\u00e9nero\u201d y sus peligros<\/strong><\/h2>\n<p>En el p\u00e1rrafo 20, c, del mismo documento, puede leerse: \u201cLa Santa Sede subraya que cualquier referencia a \u2018g\u00e9nero\u2019, \u2018igualdad de g\u00e9nero e \u2018igualdad de g\u00e9nero y empoderamiento de las mujeres y las ni\u00f1as\u2019 se entiende seg\u00fan el uso ordinario y generalmente aceptado de la palabra \u2018g\u00e9nero\u2019, basado en la identidad biol\u00f3gica que es masculina y femenina, lo que, a su vez, se ve reforzado por las numerosas referencias en la Agenda 2030 a ambos sexos (p\u00e1rrs. 15, 20, 25). El Papa Francisco, siguiendo los pasos de sus predecesores, ha hablado con frecuencia sobre los peligros de la \u2018ideolog\u00eda de g\u00e9nero\u2019 que niega la relevancia del sexo biol\u00f3gico, masculino y femenino, al opinar que existe una pl\u00e9tora de \u2018g\u00e9neros\u2019 basados en las percepciones subjetivas de cada uno\u201d. 1<\/p>\n<h2><strong>El Santo Padre sobre la colonizaci\u00f3n ideol\u00f3gica<\/strong><\/h2>\n<p>El Santo Padre dijo a la Asamblea General sobre la Agenda: \u201cSin el reconocimiento de unos l\u00edmites \u00e9ticos naturales insalvables\u2026 corre el riesgo de convertirse en un espejismo inalcanzable o, peor au\u0301n, en palabras vaci\u0301as que sirven de excusa para cualquier abuso y corrupcio\u0301n, o para promover una colonizacio\u0301n ideolo\u0301gica a trave\u0301s de la imposicio\u0301n de modelos y estilos de vida ano\u0301malos, extran\u0303os a la identidad de los pueblos y, en u\u0301ltimo te\u0301rmino, irresponsables\u201d.<\/p>\n<p>U\u0301ltimamente, en su Discurso al Cuerpo Diploma\u0301tico acreditado ante la Santa Sede, que tuvo lugar el di\u0301a 9 de enero 2023, el Santo Padre expres\u00f3: \u00abExiste el riesgo de una deriva, que asume cada vez ma\u0301s el rostro de un totalitarismo ideol\u00f3gico que promueve la intolerancia respecto al que no se adhiere a supuestas posiciones de \u2018progreso\u2019, que en realidad parecen conducir m\u00e1s bien a un retroceso general de la humanidad, al violar la libertad de pensamiento y de conciencia\u201d.<\/p>\n<p>Y contin\u00faa: \u201cAsimismo, se emplean cada vez m\u00e1s recursos para imponer, especialmente en relaci\u00f3n a los pa\u00edses m\u00e1s pobres, formas de colonizaci\u00f3n ideol\u00f3gica, creando, por otra parte, un nexo directo entre la concesi\u00f3n de ayudas econ\u00f3micas y la aceptaci\u00f3n de tales ideolog\u00edas. \u2026 En los u\u0301ltimos tiempos, los diversos foros internacionales han visto un aumento de la polarizacio\u0301n y de los intentos de imponer una sola forma de pensar&#8230;\u201d.<\/p>\n<h2><strong>Lo que Infovaticana concluye: \u201cEn la JMJ Dios pasa a un lugar secundario\u201d<\/strong><\/h2>\n<p>A veces, las dudas las resuelven los mismos que las generan. Leemos en el art\u00edculo \u201cLa JMJ de Lisboa de 2023 se pone al servicio de la Agenda 2030\u201d del portal Infovaticana:<\/p>\n<p>\u201cInspirados en estos valores y teniendo en cuenta el llamado del Santo Padre para que vivamos seg\u00fan los valores de la fraternidad universal y del cuidado de nuestra casa com\u00fan, nos comprometemos a hacer de la sostenibilidad un objetivo central en la realizaci\u00f3n de la JMJ Lisboa 2023\u2019, subraya el comit\u00e9 organizativo de esta jornada\u201d. Y remata el portal: \u201c\u200bDe nuevo, una ocasi\u00f3n de evangelizaci\u00f3n en donde Dios pasa a un lugar secundario y donde se prima la obediencia a la religi\u00f3n clim\u00e1tica y a la Agenda, globalista, 2030\u201d.<\/p>\n<p>Cuando la JMJ afirma que el compromiso con la humanidad ser\u00e1 un valor central de la JMJ, en ning\u00fan momento expresa que ser\u00e1 ni el \u00fanico ni el principal. Por el contrario, al decir que se trata de \u201cun objetivo central\u201d, excluye ambas variables. Manifestar que se trata de \u201cun objetivo central\u201d es una forma de expresar que es \u201cun objetivo muy importante\u201d.<\/p>\n<p>La misma redacci\u00f3n de Infovaticana expresa al comenzar el mismo art\u00edculo que la \u201cp\u00e1gina web de la JMJ de Lisboa 2023 contiene un apartado dedicado expresamente al compromiso organizativo de este evento mundial de la juventud cat\u00f3lica con el Papa Francisco y la Agenda 2030\u201d.<\/p>\n<p>O sea\u2026 un apartado. Se trata de un subtema, no del tema central. A confesi\u00f3n de parte, relevo de prueba. Abajo explicaremos de forma muy simple d\u00f3nde la JMJ pone la acentuaci\u00f3n.<\/p>\n<h2><strong>La carta de un padre a los obispos de Espa\u00f1a<\/strong><\/h2>\n<p>En <a href=\"https:\/\/infovaticana.com\/2023\/02\/08\/la-carta-de-un-padre-catolico-a-los-obispos-preocupado-por-la-alianza-de-la-jmj-con-la-agenda-2030\/\" target=\"_blank\" rel=\"noopener\">un segundo art\u00edculo, publicado el 8 de febrero 2023<\/a>, Infovaticana transcribe la carta de un padre dirigida a los obispos de Espa\u00f1a, preocupado por la \u201calianza de la JMJ con la Agenda 2030\u201d.<\/p>\n<p>Veo en ella una honesta preocupaci\u00f3n de un padre, m\u00e1s ubicado que el art\u00edculo en que posiblemente se inspir\u00f3 (ver arriba \u201cLa JMJ de Lisboa de 2023 se pone al servicio de la Agenda 2030\u201d, y con buena voluntad. Damos respuesta en este art\u00edculo a todas sus preocupaciones en cuanto a la JMJ y la Agenda 2030.<\/p>\n<h2><strong>JMJ confirma: No existe tal alianza de la JMJ con la Agenda 2030<\/strong><\/h2>\n<p>Si bien es obvio que no hay alianza alguna de la JMJ con la Agenda 2030, hemos consultado a la Organizaci\u00f3n de la JMJ sobre el tema, quienes nos respondieron que \u201cNo existe acuerdo de ning\u00fan tipo de la JMJ ni con las Naciones Unidas ni con la Agenda 2030. Tal como figura en nuestra p\u00e1gina web, \u2018nuestra misi\u00f3n es construir la JMJ Lisboa 2023 teniendo en cuenta los objetivos de sostenibilidad abrazados en todo el mundo, los\u202f<em><a href=\"https:\/\/plataformadeaccionlaudatosi.org\/\" target=\"_blank\" rel=\"noopener\">Laudato Si\u2019 Goals<\/a>\u202f <\/em>presentados por el Vaticano y la\u202fAgenda 2030 de las Naciones Unidas (ODS), siguiendo las <a href=\"https:\/\/holyseemission.org\/contents\/statements\/5806914667987.php\" target=\"_blank\" rel=\"noopener\">orientaciones de la Santa Sede<\/a>\u2019\u201d.<\/p>\n<h2><strong>JMJ: Relaci\u00f3n con Jes\u00fas lleva al compromiso con el hermano<\/strong><\/h2>\n<p>En l<a href=\"https:\/\/www.lisboa2023.org\/es\/que-es\" target=\"_blank\" rel=\"noopener\">a p\u00e1gina interna \u201c\u00bfQu\u00e9 es?\u201d de la JMJ<\/a>, se lee que la misma pretende \u201cproporcionar a todos los participantes una experiencia de Iglesia universal, fomentando el encuentro personal con Jesucristo. Es un nuevo impulso a la fe, a la esperanza y a la caridad de toda la comunidad del pa\u00eds de acogida. Teniendo como protagonistas a los j\u00f3venes, la Jornada Mundial de la Juventud busca, tambi\u00e9n, promover la paz, la uni\u00f3n y la fraternidad entre los pueblos y las naciones de todo el mundo\u201d.<\/p>\n<p>Se trata de lo mejor que le puede suceder a un joven. Tener una experiencia de Iglesia universal, promoviendo una relaci\u00f3n personal con Jes\u00fas. La misma busca impulsar la fe, la esperanza y la caridad. Y obviamente este encuentro con la comunidad y con Jes\u00fas, lleva a una conversi\u00f3n del coraz\u00f3n. La conversi\u00f3n en Jes\u00fas es la meta. El compromiso radical con los hermanos es la consecuencia imprescindible. \u00bfSe puede acaso explicarlo de forma m\u00e1s simple y clara?<\/p>\n<p>Dice san Juan Pablo II en <em><a href=\"http:\/\/w2.vatican.va\/content\/john-paul-ii\/es\/apost_letters\/2001\/documents\/hf_jp-ii_apl_20010106_novo-millennio-ineunte.html\" target=\"_blank\" rel=\"noopener\">Novo millennio ineunte<\/a><\/em>:<\/p>\n<p>\u201cSi verdaderamente hemos partido de la contemplaci\u00f3n de Cristo, tenemos que saberlo descubrir sobre todo en el rostro de aquellos con los que \u00e9l mismo ha querido identificarse: \u2018He tenido hambre y me hab\u00e9is dado de comer, he tenido sed y me hab\u00e9is dado que beber; fui forastero y me hab\u00e9is hospedado; desnudo y me hab\u00e9is vestido, enfermo y me hab\u00e9is visitado, encarcelado y hab\u00e9is venido a verme\u2019. (Mt 25,35-36)\u201d.<\/p>\n<h2><strong>\u00bfD\u00f3nde estamos los cristianos llamados a NO actuar?<\/strong><\/h2>\n<p>Tengamos en cuenta que apoyar los 17 Objetivos de la Agenda 2030 no implica en ning\u00fan momento\u00a0 validar los aspectos que la Iglesia rechaza. Recordemos poner siempre la realidad en contexto, sin polarizaciones, con objetividad y con celo apost\u00f3lico, como Iglesia prof\u00e9tica y en salida.<\/p>\n<p>Y me pregunto: \u00bfen qu\u00e9 campo de la vida de la humanidad, el cristiano est\u00e1 llamado a no actuar, sanando, dignificando, asistiendo, motivando, elevando, llevando justicia, promoviendo la unidad, generando entendimiento, creando condiciones dignas, cuidando los dones que Dios nos da?<\/p>\n<p>Es un esc\u00e1ndalo que un cristiano se escandalice porque la conversi\u00f3n del coraz\u00f3n en Jes\u00fas, tenga las consecuencias solidarias que exige el mismo Jes\u00fas.<\/p>\n<p>Y es un esc\u00e1ndalo que un cristiano subvierta la realidad, por las razones que sea, confundiendo a desprevenidos que se le conf\u00edan de buena fe.<\/p>\n<p>Nuestras acciones depender\u00e1n de en qui\u00e9n ponemos nuestra confianza. Donde hay enemistad, enga\u00f1o, divisi\u00f3n, obsesi\u00f3n, all\u00ed no est\u00e1 Dios. Donde hay sinceridad, transparencia, fraternidad, apertura del coraz\u00f3n al Esp\u00edritu, all\u00ed est\u00e1 Dios. Y no nos olvidemos que una caracter\u00edstica esencial de la Tradici\u00f3n de la Iglesia es la fidelidad al papa. Donde est\u00e1 el papa, est\u00e1 la Iglesia.<\/p>\n<p>Transcribimos aqu\u00ed el p\u00e1rrafo #155 de la Enc\u00edclica <em>Laudato Si&#8217;<\/em>, del Papa Francisco, incluido en la cita de arriba, que se refiere a la aceptaci\u00f3n del propio cuerpo como don de Dios:<\/p>\n<p>\u201cLa ecolog\u00eda humana implica tambi\u00e9n algo muy hondo: la necesaria relaci\u00f3n de la vida del ser humano con la ley moral escrita en su propia naturaleza, necesaria para poder crear un ambiente m\u00e1s digno. Dec\u00eda Benedicto XVI que existe una \u2018ecolog\u00eda del hombre\u2019 porque \u2018tambi\u00e9n el hombre posee una naturaleza que \u00e9l debe respetar y que no puede manipular a su antojo<a href=\"https:\/\/www.vatican.va\/content\/francesco\/es\/encyclicals\/documents\/papa-francesco_20150524_enciclica-laudato-si.html#_ftn120\" target=\"_blank\" rel=\"noopener\">[120]<\/a>. En esta l\u00ednea, cabe reconocer que nuestro propio cuerpo nos sit\u00faa en una relaci\u00f3n directa con el ambiente y con los dem\u00e1s seres vivientes. La aceptaci\u00f3n del propio cuerpo como don de Dios es necesaria para acoger y aceptar el mundo entero como regalo del Padre y casa com\u00fan, mientras una l\u00f3gica de dominio sobre el propio cuerpo se transforma en una l\u00f3gica a veces sutil de dominio sobre la creaci\u00f3n. Aprender a recibir el propio cuerpo, a cuidarlo y a respetar sus significados, es esencial para una verdadera ecolog\u00eda humana. Tambi\u00e9n la valoraci\u00f3n del propio cuerpo en su femineidad o masculinidad es necesaria para reconocerse a s\u00ed mismo en el encuentro con el diferente. De este modo es posible aceptar gozosamente el don espec\u00edfico del otro o de la otra, obra del Dios creador, y enriquecerse rec\u00edprocamente. Por lo tanto, no es sana una actitud que pretenda \u2018cancelar la diferencia sexual porque ya no sabe confrontarse con la misma\u2019<a href=\"https:\/\/www.vatican.va\/content\/francesco\/es\/encyclicals\/documents\/papa-francesco_20150524_enciclica-laudato-si.html#_ftn121\" target=\"_blank\" rel=\"noopener\">[121]<\/a>\u201d. Laudato Si, #155.<\/p>\n<p>&#8212;&#8212;&#8212;&#8212;&#8212;&#8212;&#8212;&#8212;&#8212;&#8212;&#8212;&#8212;&#8212;&#8212;&#8212;&#8212;&#8212;&#8212;-<\/p>\n<p>1<\/p>\n<p>\u201c- V\u00e9ase, por ejemplo, Papa Francisco, \u00ab<a href=\"https:\/\/www.vatican.va\/content\/francesco\/es\/speeches\/2015\/june\/documents\/papa-francesco_20150608_adlimina-porto-rico.html\" target=\"_blank\" rel=\"noopener\">Discurso a los obispos de la Conferencia Episcopal de Puerto Rico en su visita Ad Limina<\/a>\u00ab, Domus Sanctae Marthae, 8 de junio de 2015;<\/p>\n<p>&#8211;\u00a0 V\u00e9ase tambi\u00e9n la carta enc\u00edclica \u00ab<a href=\"https:\/\/www.vatican.va\/content\/francesco\/es\/encyclicals\/documents\/papa-francesco_20150524_enciclica-laudato-si.html#_ftn121\" target=\"_blank\" rel=\"noopener\">Laudato Si: Sobre el cuidado de la casa com\u00fan<\/a>\u00ab, 24 de mayo de 2015, n. 155;<\/p>\n<p>&#8211; y \u00ab<a href=\"https:\/\/www.vatican.va\/content\/francesco\/es\/speeches\/2015\/september\/documents\/papa-francesco_20150925_onu-visita.html\" target=\"_blank\" rel=\"noopener\">Discurso a la Organizaci\u00f3n de las Naciones Unidas<\/a>\u00ab, Nueva York, 25 de septiembre de 2015\u201d.<\/p>\n<p>Naciones Unidad. Transformar nuestro mundo: la Agenda 2030 para el Desarrollo Sostenible: 25 de septiembre de 2015: <a href=\"https:\/\/exaudi.org\/wp-content\/uploads\/2023\/03\/ARES701.pdf\" target=\"_blank\" rel=\"noopener\">\u00a0ARES701<\/a><\/p>\n<p><img loading=\"lazy\" decoding=\"async\" class=\"size-full wp-image-71836 aligncenter\" src=\"https:\/\/exaudi.org\/wp-content\/uploads\/2023\/03\/Voces-3.jpg\" alt=\"\" width=\"1080\" height=\"1080\" srcset=\"https:\/\/exaudi.org\/wp-content\/uploads\/2023\/03\/Voces-3.jpg 1080w, https:\/\/exaudi.org\/wp-content\/uploads\/2023\/03\/Voces-3-300x300.jpg 300w, https:\/\/exaudi.org\/wp-content\/uploads\/2023\/03\/Voces-3-1024x1024.jpg 1024w, https:\/\/exaudi.org\/wp-content\/uploads\/2023\/03\/Voces-3-100x100.jpg?crop=1 100w, https:\/\/exaudi.org\/wp-content\/uploads\/2023\/03\/Voces-3-770x770.jpg 770w, https:\/\/exaudi.org\/wp-content\/uploads\/2023\/03\/Voces-3-500x500.jpg 500w, https:\/\/exaudi.org\/wp-content\/uploads\/2023\/03\/Voces-3-293x293.jpg 293w, https:\/\/exaudi.org\/wp-content\/uploads\/2023\/03\/Voces-3-390x390.jpg 390w, https:\/\/exaudi.org\/wp-content\/uploads\/2023\/03\/Voces-3-585x585.jpg 585w, https:\/\/exaudi.org\/wp-content\/uploads\/2023\/03\/Voces-3-900x900.jpg 900w\" sizes=\"auto, (max-width: 1080px) 100vw, 1080px\" \/><\/p>\n","protected":false},"excerpt":{"rendered":"<p>Se oyen voces preocupadas por su contenido, pero \u00bfes bueno apoyarla o no?<\/p>\n","protected":false},"author":41,"featured_media":71811,"comment_status":"closed","ping_status":"closed","sticky":false,"template":"","format":"standard","meta":{"_acf_changed":false,"_crdt_document":"","inline_featured_image":false,"footnotes":""},"categories":[130],"tags":[8593,8594,449,158,4953],"class_list":["post-71810","post","type-post","status-publish","format-standard","has-post-thumbnail","hentry","category-voces","tag-agenda-2030","tag-compatible","tag-iglesia-catolica","tag-papa-francisco","tag-trending-es"],"acf":[],"yoast_head":"<!-- This site is optimized with the Yoast SEO plugin v27.4 - https:\/\/yoast.com\/product\/yoast-seo-wordpress\/ -->\n<title>\u00bfQu\u00e9 es la Agenda 2030? \u00bfEs compatible con los valores de la Iglesia? &#8211; Exaudi<\/title>\n<meta name=\"robots\" content=\"index, follow, max-snippet:-1, max-image-preview:large, max-video-preview:-1\" \/>\n<link rel=\"canonical\" href=\"https:\/\/exaudi.org\/es\/que-es-la-agenda-2030-es-compatible-con-los-valores-de-la-iglesia\/\" \/>\n<meta property=\"og:locale\" content=\"es_ES\" \/>\n<meta property=\"og:type\" content=\"article\" \/>\n<meta property=\"og:title\" content=\"\u00bfQu\u00e9 es la Agenda 2030? \u00bfEs compatible con los valores de la Iglesia? &#8211; Exaudi\" \/>\n<meta property=\"og:description\" content=\"Se oyen voces preocupadas por su contenido, pero \u00bfes bueno apoyarla o no?\" \/>\n<meta property=\"og:url\" content=\"https:\/\/exaudi.org\/es\/que-es-la-agenda-2030-es-compatible-con-los-valores-de-la-iglesia\/\" \/>\n<meta property=\"og:site_name\" content=\"Exaudi\" \/>\n<meta property=\"article:publisher\" content=\"https:\/\/www.facebook.com\/ExaudiNews\" \/>\n<meta property=\"article:published_time\" content=\"2023-03-09T09:55:20+00:00\" \/>\n<meta property=\"article:modified_time\" content=\"2023-03-09T11:10:17+00:00\" \/>\n<meta property=\"og:image\" content=\"https:\/\/exaudi.org\/wp-content\/uploads\/2023\/03\/logo-agenda-2030.jpg\" \/>\n\t<meta property=\"og:image:width\" content=\"530\" \/>\n\t<meta property=\"og:image:height\" content=\"383\" \/>\n\t<meta property=\"og:image:type\" content=\"image\/jpeg\" \/>\n<meta name=\"author\" content=\"Enrique Soros\" \/>\n<meta name=\"twitter:card\" content=\"summary_large_image\" \/>\n<meta name=\"twitter:creator\" content=\"@Exaudi_News\" \/>\n<meta name=\"twitter:site\" content=\"@Exaudi_News\" \/>\n<meta name=\"twitter:label1\" content=\"Escrito por\" \/>\n\t<meta name=\"twitter:data1\" content=\"Enrique Soros\" \/>\n\t<meta name=\"twitter:label2\" content=\"Tiempo de lectura\" \/>\n\t<meta name=\"twitter:data2\" content=\"15 minutos\" \/>\n<script type=\"application\/ld+json\" class=\"yoast-schema-graph\">{\"@context\":\"https:\\\/\\\/schema.org\",\"@graph\":[{\"@type\":\"Article\",\"@id\":\"https:\\\/\\\/exaudi.org\\\/es\\\/que-es-la-agenda-2030-es-compatible-con-los-valores-de-la-iglesia\\\/#article\",\"isPartOf\":{\"@id\":\"https:\\\/\\\/exaudi.org\\\/es\\\/que-es-la-agenda-2030-es-compatible-con-los-valores-de-la-iglesia\\\/\"},\"author\":{\"name\":\"Enrique Soros\",\"@id\":\"https:\\\/\\\/exaudi.org\\\/#\\\/schema\\\/person\\\/b562feb21279ee01cdb5c8cd58ac4e33\"},\"headline\":\"\u00bfQu\u00e9 es la Agenda 2030? \u00bfEs compatible con los valores de la Iglesia?\",\"datePublished\":\"2023-03-09T09:55:20+00:00\",\"dateModified\":\"2023-03-09T11:10:17+00:00\",\"mainEntityOfPage\":{\"@id\":\"https:\\\/\\\/exaudi.org\\\/es\\\/que-es-la-agenda-2030-es-compatible-con-los-valores-de-la-iglesia\\\/\"},\"wordCount\":3318,\"image\":{\"@id\":\"https:\\\/\\\/exaudi.org\\\/es\\\/que-es-la-agenda-2030-es-compatible-con-los-valores-de-la-iglesia\\\/#primaryimage\"},\"thumbnailUrl\":\"https:\\\/\\\/exaudi.org\\\/wp-content\\\/uploads\\\/2023\\\/03\\\/logo-agenda-2030.jpg\",\"keywords\":[\"Agenda 2030\",\"Compatible\",\"Iglesia cat\u00f3lica\",\"papa francisco\",\"Trending\"],\"articleSection\":[\"Voces\"],\"inLanguage\":\"es\"},{\"@type\":\"WebPage\",\"@id\":\"https:\\\/\\\/exaudi.org\\\/es\\\/que-es-la-agenda-2030-es-compatible-con-los-valores-de-la-iglesia\\\/\",\"url\":\"https:\\\/\\\/exaudi.org\\\/es\\\/que-es-la-agenda-2030-es-compatible-con-los-valores-de-la-iglesia\\\/\",\"name\":\"\u00bfQu\u00e9 es la Agenda 2030? \u00bfEs compatible con los valores de la Iglesia? &#8211; Exaudi\",\"isPartOf\":{\"@id\":\"https:\\\/\\\/exaudi.org\\\/#website\"},\"primaryImageOfPage\":{\"@id\":\"https:\\\/\\\/exaudi.org\\\/es\\\/que-es-la-agenda-2030-es-compatible-con-los-valores-de-la-iglesia\\\/#primaryimage\"},\"image\":{\"@id\":\"https:\\\/\\\/exaudi.org\\\/es\\\/que-es-la-agenda-2030-es-compatible-con-los-valores-de-la-iglesia\\\/#primaryimage\"},\"thumbnailUrl\":\"https:\\\/\\\/exaudi.org\\\/wp-content\\\/uploads\\\/2023\\\/03\\\/logo-agenda-2030.jpg\",\"datePublished\":\"2023-03-09T09:55:20+00:00\",\"dateModified\":\"2023-03-09T11:10:17+00:00\",\"author\":{\"@id\":\"https:\\\/\\\/exaudi.org\\\/#\\\/schema\\\/person\\\/b562feb21279ee01cdb5c8cd58ac4e33\"},\"breadcrumb\":{\"@id\":\"https:\\\/\\\/exaudi.org\\\/es\\\/que-es-la-agenda-2030-es-compatible-con-los-valores-de-la-iglesia\\\/#breadcrumb\"},\"inLanguage\":\"es\",\"potentialAction\":[{\"@type\":\"ReadAction\",\"target\":[\"https:\\\/\\\/exaudi.org\\\/es\\\/que-es-la-agenda-2030-es-compatible-con-los-valores-de-la-iglesia\\\/\"]}]},{\"@type\":\"ImageObject\",\"inLanguage\":\"es\",\"@id\":\"https:\\\/\\\/exaudi.org\\\/es\\\/que-es-la-agenda-2030-es-compatible-con-los-valores-de-la-iglesia\\\/#primaryimage\",\"url\":\"https:\\\/\\\/exaudi.org\\\/wp-content\\\/uploads\\\/2023\\\/03\\\/logo-agenda-2030.jpg\",\"contentUrl\":\"https:\\\/\\\/exaudi.org\\\/wp-content\\\/uploads\\\/2023\\\/03\\\/logo-agenda-2030.jpg\",\"width\":530,\"height\":383},{\"@type\":\"BreadcrumbList\",\"@id\":\"https:\\\/\\\/exaudi.org\\\/es\\\/que-es-la-agenda-2030-es-compatible-con-los-valores-de-la-iglesia\\\/#breadcrumb\",\"itemListElement\":[{\"@type\":\"ListItem\",\"position\":1,\"name\":\"Portada\",\"item\":\"https:\\\/\\\/exaudi.org\\\/es\\\/\"},{\"@type\":\"ListItem\",\"position\":2,\"name\":\"\u00bfQu\u00e9 es la Agenda 2030? \u00bfEs compatible con los valores de la Iglesia?\"}]},{\"@type\":\"WebSite\",\"@id\":\"https:\\\/\\\/exaudi.org\\\/#website\",\"url\":\"https:\\\/\\\/exaudi.org\\\/\",\"name\":\"Exaudi\",\"description\":\"News\",\"potentialAction\":[{\"@type\":\"SearchAction\",\"target\":{\"@type\":\"EntryPoint\",\"urlTemplate\":\"https:\\\/\\\/exaudi.org\\\/?s={search_term_string}\"},\"query-input\":{\"@type\":\"PropertyValueSpecification\",\"valueRequired\":true,\"valueName\":\"search_term_string\"}}],\"inLanguage\":\"es\"},{\"@type\":\"Person\",\"@id\":\"https:\\\/\\\/exaudi.org\\\/#\\\/schema\\\/person\\\/b562feb21279ee01cdb5c8cd58ac4e33\",\"name\":\"Enrique Soros\",\"image\":{\"@type\":\"ImageObject\",\"inLanguage\":\"es\",\"@id\":\"https:\\\/\\\/secure.gravatar.com\\\/avatar\\\/909c464715f2daa91ebbef733cea12657b24a5ddb7284bf9b3bb3911d874bb9e?s=96&d=mm&r=g\",\"url\":\"https:\\\/\\\/secure.gravatar.com\\\/avatar\\\/909c464715f2daa91ebbef733cea12657b24a5ddb7284bf9b3bb3911d874bb9e?s=96&d=mm&r=g\",\"contentUrl\":\"https:\\\/\\\/secure.gravatar.com\\\/avatar\\\/909c464715f2daa91ebbef733cea12657b24a5ddb7284bf9b3bb3911d874bb9e?s=96&d=mm&r=g\",\"caption\":\"Enrique Soros\"},\"description\":\"Argentino. Reside desde hace 27 a\u00f1os en Washington, DC, Estados Unidos, con su esposa Erica, con quien tiene un hijo, Mart\u00edn, de 21 a\u00f1os. Es comunicador social, escritor, traductor p\u00fablico. Act\u00faa como agente pastoral y comunicacional en Estados Unidos, donde es vicepresidente del Consejo Nacional Cat\u00f3lico para el Ministerio Hispano -NCCHM, por sus siglas en ingl\u00e9s-, que tiene como misi\u00f3n la promoci\u00f3n y el trabajo com\u00fan de las fuerzas pastorales hispanas en el pa\u00eds. Participa en proyectos pastorales y comunicacionales en Latinoam\u00e9rica y desde 2012 colabora con el CELAM, Consejo Episcopal Latinoamericano en esfuerzos de integraci\u00f3n pastoral entre dicha instituci\u00f3n y la Iglesia en los Estados Unidos.\",\"url\":\"https:\\\/\\\/exaudi.org\\\/es\\\/author\\\/enriquesoros\\\/\"}]}<\/script>\n<!-- \/ Yoast SEO plugin. -->","yoast_head_json":{"title":"\u00bfQu\u00e9 es la Agenda 2030? \u00bfEs compatible con los valores de la Iglesia? &#8211; Exaudi","robots":{"index":"index","follow":"follow","max-snippet":"max-snippet:-1","max-image-preview":"max-image-preview:large","max-video-preview":"max-video-preview:-1"},"canonical":"https:\/\/exaudi.org\/es\/que-es-la-agenda-2030-es-compatible-con-los-valores-de-la-iglesia\/","og_locale":"es_ES","og_type":"article","og_title":"\u00bfQu\u00e9 es la Agenda 2030? \u00bfEs compatible con los valores de la Iglesia? &#8211; Exaudi","og_description":"Se oyen voces preocupadas por su contenido, pero \u00bfes bueno apoyarla o no?","og_url":"https:\/\/exaudi.org\/es\/que-es-la-agenda-2030-es-compatible-con-los-valores-de-la-iglesia\/","og_site_name":"Exaudi","article_publisher":"https:\/\/www.facebook.com\/ExaudiNews","article_published_time":"2023-03-09T09:55:20+00:00","article_modified_time":"2023-03-09T11:10:17+00:00","og_image":[{"width":530,"height":383,"url":"https:\/\/exaudi.org\/wp-content\/uploads\/2023\/03\/logo-agenda-2030.jpg","type":"image\/jpeg"}],"author":"Enrique Soros","twitter_card":"summary_large_image","twitter_creator":"@Exaudi_News","twitter_site":"@Exaudi_News","twitter_misc":{"Escrito por":"Enrique Soros","Tiempo de lectura":"15 minutos"},"schema":{"@context":"https:\/\/schema.org","@graph":[{"@type":"Article","@id":"https:\/\/exaudi.org\/es\/que-es-la-agenda-2030-es-compatible-con-los-valores-de-la-iglesia\/#article","isPartOf":{"@id":"https:\/\/exaudi.org\/es\/que-es-la-agenda-2030-es-compatible-con-los-valores-de-la-iglesia\/"},"author":{"name":"Enrique Soros","@id":"https:\/\/exaudi.org\/#\/schema\/person\/b562feb21279ee01cdb5c8cd58ac4e33"},"headline":"\u00bfQu\u00e9 es la Agenda 2030? \u00bfEs compatible con los valores de la Iglesia?","datePublished":"2023-03-09T09:55:20+00:00","dateModified":"2023-03-09T11:10:17+00:00","mainEntityOfPage":{"@id":"https:\/\/exaudi.org\/es\/que-es-la-agenda-2030-es-compatible-con-los-valores-de-la-iglesia\/"},"wordCount":3318,"image":{"@id":"https:\/\/exaudi.org\/es\/que-es-la-agenda-2030-es-compatible-con-los-valores-de-la-iglesia\/#primaryimage"},"thumbnailUrl":"https:\/\/exaudi.org\/wp-content\/uploads\/2023\/03\/logo-agenda-2030.jpg","keywords":["Agenda 2030","Compatible","Iglesia cat\u00f3lica","papa francisco","Trending"],"articleSection":["Voces"],"inLanguage":"es"},{"@type":"WebPage","@id":"https:\/\/exaudi.org\/es\/que-es-la-agenda-2030-es-compatible-con-los-valores-de-la-iglesia\/","url":"https:\/\/exaudi.org\/es\/que-es-la-agenda-2030-es-compatible-con-los-valores-de-la-iglesia\/","name":"\u00bfQu\u00e9 es la Agenda 2030? \u00bfEs compatible con los valores de la Iglesia? &#8211; Exaudi","isPartOf":{"@id":"https:\/\/exaudi.org\/#website"},"primaryImageOfPage":{"@id":"https:\/\/exaudi.org\/es\/que-es-la-agenda-2030-es-compatible-con-los-valores-de-la-iglesia\/#primaryimage"},"image":{"@id":"https:\/\/exaudi.org\/es\/que-es-la-agenda-2030-es-compatible-con-los-valores-de-la-iglesia\/#primaryimage"},"thumbnailUrl":"https:\/\/exaudi.org\/wp-content\/uploads\/2023\/03\/logo-agenda-2030.jpg","datePublished":"2023-03-09T09:55:20+00:00","dateModified":"2023-03-09T11:10:17+00:00","author":{"@id":"https:\/\/exaudi.org\/#\/schema\/person\/b562feb21279ee01cdb5c8cd58ac4e33"},"breadcrumb":{"@id":"https:\/\/exaudi.org\/es\/que-es-la-agenda-2030-es-compatible-con-los-valores-de-la-iglesia\/#breadcrumb"},"inLanguage":"es","potentialAction":[{"@type":"ReadAction","target":["https:\/\/exaudi.org\/es\/que-es-la-agenda-2030-es-compatible-con-los-valores-de-la-iglesia\/"]}]},{"@type":"ImageObject","inLanguage":"es","@id":"https:\/\/exaudi.org\/es\/que-es-la-agenda-2030-es-compatible-con-los-valores-de-la-iglesia\/#primaryimage","url":"https:\/\/exaudi.org\/wp-content\/uploads\/2023\/03\/logo-agenda-2030.jpg","contentUrl":"https:\/\/exaudi.org\/wp-content\/uploads\/2023\/03\/logo-agenda-2030.jpg","width":530,"height":383},{"@type":"BreadcrumbList","@id":"https:\/\/exaudi.org\/es\/que-es-la-agenda-2030-es-compatible-con-los-valores-de-la-iglesia\/#breadcrumb","itemListElement":[{"@type":"ListItem","position":1,"name":"Portada","item":"https:\/\/exaudi.org\/es\/"},{"@type":"ListItem","position":2,"name":"\u00bfQu\u00e9 es la Agenda 2030? \u00bfEs compatible con los valores de la Iglesia?"}]},{"@type":"WebSite","@id":"https:\/\/exaudi.org\/#website","url":"https:\/\/exaudi.org\/","name":"Exaudi","description":"News","potentialAction":[{"@type":"SearchAction","target":{"@type":"EntryPoint","urlTemplate":"https:\/\/exaudi.org\/?s={search_term_string}"},"query-input":{"@type":"PropertyValueSpecification","valueRequired":true,"valueName":"search_term_string"}}],"inLanguage":"es"},{"@type":"Person","@id":"https:\/\/exaudi.org\/#\/schema\/person\/b562feb21279ee01cdb5c8cd58ac4e33","name":"Enrique Soros","image":{"@type":"ImageObject","inLanguage":"es","@id":"https:\/\/secure.gravatar.com\/avatar\/909c464715f2daa91ebbef733cea12657b24a5ddb7284bf9b3bb3911d874bb9e?s=96&d=mm&r=g","url":"https:\/\/secure.gravatar.com\/avatar\/909c464715f2daa91ebbef733cea12657b24a5ddb7284bf9b3bb3911d874bb9e?s=96&d=mm&r=g","contentUrl":"https:\/\/secure.gravatar.com\/avatar\/909c464715f2daa91ebbef733cea12657b24a5ddb7284bf9b3bb3911d874bb9e?s=96&d=mm&r=g","caption":"Enrique Soros"},"description":"Argentino. Reside desde hace 27 a\u00f1os en Washington, DC, Estados Unidos, con su esposa Erica, con quien tiene un hijo, Mart\u00edn, de 21 a\u00f1os. Es comunicador social, escritor, traductor p\u00fablico. Act\u00faa como agente pastoral y comunicacional en Estados Unidos, donde es vicepresidente del Consejo Nacional Cat\u00f3lico para el Ministerio Hispano -NCCHM, por sus siglas en ingl\u00e9s-, que tiene como misi\u00f3n la promoci\u00f3n y el trabajo com\u00fan de las fuerzas pastorales hispanas en el pa\u00eds. Participa en proyectos pastorales y comunicacionales en Latinoam\u00e9rica y desde 2012 colabora con el CELAM, Consejo Episcopal Latinoamericano en esfuerzos de integraci\u00f3n pastoral entre dicha instituci\u00f3n y la Iglesia en los Estados Unidos.","url":"https:\/\/exaudi.org\/es\/author\/enriquesoros\/"}]}},"jetpack_featured_media_url":"https:\/\/exaudi.org\/wp-content\/uploads\/2023\/03\/logo-agenda-2030.jpg","jetpack_shortlink":"https:\/\/wp.me\/pgKjF2-iGe","_links":{"self":[{"href":"https:\/\/exaudi.org\/es\/wp-json\/wp\/v2\/posts\/71810","targetHints":{"allow":["GET"]}}],"collection":[{"href":"https:\/\/exaudi.org\/es\/wp-json\/wp\/v2\/posts"}],"about":[{"href":"https:\/\/exaudi.org\/es\/wp-json\/wp\/v2\/types\/post"}],"author":[{"embeddable":true,"href":"https:\/\/exaudi.org\/es\/wp-json\/wp\/v2\/users\/41"}],"replies":[{"embeddable":true,"href":"https:\/\/exaudi.org\/es\/wp-json\/wp\/v2\/comments?post=71810"}],"version-history":[{"count":0,"href":"https:\/\/exaudi.org\/es\/wp-json\/wp\/v2\/posts\/71810\/revisions"}],"wp:featuredmedia":[{"embeddable":true,"href":"https:\/\/exaudi.org\/es\/wp-json\/wp\/v2\/media\/71811"}],"wp:attachment":[{"href":"https:\/\/exaudi.org\/es\/wp-json\/wp\/v2\/media?parent=71810"}],"wp:term":[{"taxonomy":"category","embeddable":true,"href":"https:\/\/exaudi.org\/es\/wp-json\/wp\/v2\/categories?post=71810"},{"taxonomy":"post_tag","embeddable":true,"href":"https:\/\/exaudi.org\/es\/wp-json\/wp\/v2\/tags?post=71810"}],"curies":[{"name":"wp","href":"https:\/\/api.w.org\/{rel}","templated":true}]}}