{"id":71682,"date":"2023-03-07T13:34:25","date_gmt":"2023-03-07T12:34:25","guid":{"rendered":"https:\/\/exaudi.org\/?p=71682"},"modified":"2023-03-07T13:37:15","modified_gmt":"2023-03-07T12:37:15","slug":"quirografo-del-papa-y-nuevos-estatutos-el-ior-se-renueva","status":"publish","type":"post","link":"https:\/\/exaudi.org\/es\/quirografo-del-papa-y-nuevos-estatutos-el-ior-se-renueva\/","title":{"rendered":"El IOR se renueva: Quir\u00f3grafo del Papa y nuevos Estatutos"},"content":{"rendered":"<audio class=\"wp-audio-shortcode\" id=\"audio-71682-1\" preload=\"none\" style=\"width: 100%;\" controls=\"controls\"><source type=\"audio\/mpeg\" src=\"https:\/\/exaudi.org\/wp-content\/uploads\/2023\/03\/Quirografo-del-Papa-y-nuevos-Estatutos-el-IOR-se.mp3?_=1\" \/><a href=\"https:\/\/exaudi.org\/wp-content\/uploads\/2023\/03\/Quirografo-del-Papa-y-nuevos-Estatutos-el-IOR-se.mp3\">https:\/\/exaudi.org\/wp-content\/uploads\/2023\/03\/Quirografo-del-Papa-y-nuevos-Estatutos-el-IOR-se.mp3<\/a><\/audio>\n<p>El IOR se renueva: menos de cuatro a\u00f1os despu\u00e9s de la \u00faltima revisi\u00f3n de su Estatuto, el Instituto para las Obras de Religi\u00f3n cambia para adecuarse a la nueva Constituci\u00f3n Apost\u00f3lica\u00a0<i>Praedicate Evangelium<\/i>: mandatos de cinco a\u00f1os con posibilidad de renovarlos una sola vez, una estructura de gobierno m\u00e1s \u00e1gil y con funciones mejor definidas entre los distintos \u00f3rganos para evitar superposiciones o duplicidades de actividades. Esto es lo que se desprende del quir\u00f3grafo del Papa Francisco y de los nuevos estatutos, publicados el martes 7 de marzo, con los que se renueva el IOR, cuya finalidad, se afirma, es \u00abproveer a la custodia y administraci\u00f3n de los bienes muebles e inmuebles transferidos o confiados por personas f\u00edsicas o jur\u00eddicas y destinados a obras de religi\u00f3n o de caridad\u00bb.<\/p>\n<p>As\u00ed pues, las principales modificaciones que contienen ambos textos se refieren a la armonizaci\u00f3n de la duraci\u00f3n del mandato quinquenal y a la renovabilidad de los mandatos en los distintos organismos, que s\u00f3lo ser\u00e1 posible una vez (es decir, por un m\u00e1ximo de diez a\u00f1os). El car\u00e1cter no simult\u00e1neo de los mandatos de los integrantes de la Comisi\u00f3n Cardenalicia y del Consejo de Superintendencia, la inclusi\u00f3n de una disposici\u00f3n espec\u00edfica sobre los conflictos de intereses: esta \u00faltima prev\u00e9 que \u00abcada miembro del Consejo de Superintendencia se abstendr\u00e1 de participar en las votaciones relativas a resoluciones en las que tenga un inter\u00e9s, actual o potencial, en nombre propio o de terceros\u00bb.<\/p>\n<p>Otra modificaci\u00f3n se refiere a una m\u00e1s clara definici\u00f3n y distinci\u00f3n de las respectivas funciones y responsabilidades de los \u00f3rganos del Instituto. El Consejo de Superintendencia es responsable de definir las l\u00edneas estrat\u00e9gicas, las pol\u00edticas generales y la supervisi\u00f3n de las actividades del IOR. Mientras que el Director General es responsable de la gesti\u00f3n y administraci\u00f3n del Instituto. Por \u00faltimo, el cambio de la Direcci\u00f3n, que pasa de ser un \u00f3rgano colegiado, compuesto por el Director y el Vide-Director, a ser un \u00f3rgano monocr\u00e1tico compuesto \u00fanicamente por el Director General. As\u00ed, el Vice-Director cesa de ser un \u00f3rgano de gobierno y se convierte en una \u00abfunci\u00f3n\u00bb, que el Director General podr\u00e1 delegar en uno de los gerentes.<\/p>\n<p>El Director General sigue siendo nombrado por el Consejo de Superintendencia y aprobado por la Comisi\u00f3n Cardenalicia, pero a partir de ahora \u00absobre la base de una terna de al menos tres candidatos id\u00f3neos\u00bb. Podr\u00e1 ser contratado por tiempo indeterminado o determinado.<\/p>\n<p>Copyright \u00a9 Dicasterium pro Communicatione<\/p>\n","protected":false},"excerpt":{"rendered":"<p>El IOR se adapta a la nueva Constituci\u00f3n Praedicate Evangelium<\/p>\n","protected":false},"author":15,"featured_media":55260,"comment_status":"closed","ping_status":"closed","sticky":false,"template":"","format":"standard","meta":{"_acf_changed":false,"_crdt_document":"","inline_featured_image":false,"footnotes":""},"categories":[68,132],"tags":[8582,158,6144,4953,272],"class_list":["post-71682","post","type-post","status-publish","format-standard","has-post-thumbnail","hentry","category-leon-xiv","category-vaticano-es","tag-ior-3","tag-papa-francisco","tag-praedicate-evangelium","tag-trending-es","tag-vaticano-es"],"acf":[],"yoast_head":"<!-- This site is optimized with the Yoast SEO plugin v27.4 - https:\/\/yoast.com\/product\/yoast-seo-wordpress\/ -->\n<title>El IOR se renueva: Quir\u00f3grafo del Papa y nuevos Estatutos &#8211; Exaudi<\/title>\n<meta name=\"robots\" content=\"index, follow, max-snippet:-1, max-image-preview:large, max-video-preview:-1\" \/>\n<link rel=\"canonical\" href=\"https:\/\/exaudi.org\/es\/quirografo-del-papa-y-nuevos-estatutos-el-ior-se-renueva\/\" \/>\n<meta property=\"og:locale\" content=\"es_ES\" \/>\n<meta property=\"og:type\" content=\"article\" \/>\n<meta property=\"og:title\" content=\"El IOR se renueva: Quir\u00f3grafo del Papa y nuevos Estatutos &#8211; Exaudi\" \/>\n<meta property=\"og:description\" content=\"El IOR se adapta a la nueva Constituci\u00f3n Praedicate Evangelium\" \/>\n<meta property=\"og:url\" content=\"https:\/\/exaudi.org\/es\/quirografo-del-papa-y-nuevos-estatutos-el-ior-se-renueva\/\" \/>\n<meta property=\"og:site_name\" content=\"Exaudi\" \/>\n<meta property=\"article:publisher\" content=\"https:\/\/www.facebook.com\/ExaudiNews\" \/>\n<meta property=\"article:author\" content=\"https:\/\/www.facebook.com\/ExaudiNoticias\/\" \/>\n<meta property=\"article:published_time\" content=\"2023-03-07T12:34:25+00:00\" \/>\n<meta property=\"article:modified_time\" content=\"2023-03-07T12:37:15+00:00\" \/>\n<meta property=\"og:image\" content=\"https:\/\/exaudi.org\/wp-content\/uploads\/2022\/03\/Vaticano.jpeg\" \/>\n\t<meta property=\"og:image:width\" content=\"1600\" \/>\n\t<meta property=\"og:image:height\" content=\"903\" \/>\n\t<meta property=\"og:image:type\" content=\"image\/jpeg\" \/>\n<meta name=\"author\" content=\"Exaudi Redacci\u00f3n\" \/>\n<meta name=\"twitter:card\" content=\"summary_large_image\" \/>\n<meta name=\"twitter:creator\" content=\"@Exaudi_noticias\" \/>\n<meta name=\"twitter:site\" content=\"@Exaudi_News\" \/>\n<meta name=\"twitter:label1\" content=\"Escrito por\" \/>\n\t<meta name=\"twitter:data1\" content=\"Exaudi Redacci\u00f3n\" \/>\n\t<meta name=\"twitter:label2\" content=\"Tiempo de lectura\" \/>\n\t<meta name=\"twitter:data2\" content=\"2 minutos\" \/>\n<script type=\"application\/ld+json\" class=\"yoast-schema-graph\">{\"@context\":\"https:\\\/\\\/schema.org\",\"@graph\":[{\"@type\":\"Article\",\"@id\":\"https:\\\/\\\/exaudi.org\\\/es\\\/quirografo-del-papa-y-nuevos-estatutos-el-ior-se-renueva\\\/#article\",\"isPartOf\":{\"@id\":\"https:\\\/\\\/exaudi.org\\\/es\\\/quirografo-del-papa-y-nuevos-estatutos-el-ior-se-renueva\\\/\"},\"author\":{\"name\":\"Exaudi Redacci\u00f3n\",\"@id\":\"https:\\\/\\\/exaudi.org\\\/#\\\/schema\\\/person\\\/f5fc8f063065e38742da7afe15f25df7\"},\"headline\":\"El IOR se renueva: Quir\u00f3grafo del Papa y nuevos Estatutos\",\"datePublished\":\"2023-03-07T12:34:25+00:00\",\"dateModified\":\"2023-03-07T12:37:15+00:00\",\"mainEntityOfPage\":{\"@id\":\"https:\\\/\\\/exaudi.org\\\/es\\\/quirografo-del-papa-y-nuevos-estatutos-el-ior-se-renueva\\\/\"},\"wordCount\":462,\"image\":{\"@id\":\"https:\\\/\\\/exaudi.org\\\/es\\\/quirografo-del-papa-y-nuevos-estatutos-el-ior-se-renueva\\\/#primaryimage\"},\"thumbnailUrl\":\"https:\\\/\\\/exaudi.org\\\/wp-content\\\/uploads\\\/2022\\\/03\\\/Vaticano.jpeg\",\"keywords\":[\"IOR\",\"papa francisco\",\"Praedicate evangelium\",\"Trending\",\"Vaticano\"],\"articleSection\":[\"Le\u00f3n XIV\",\"Vaticano\"],\"inLanguage\":\"es\"},{\"@type\":\"WebPage\",\"@id\":\"https:\\\/\\\/exaudi.org\\\/es\\\/quirografo-del-papa-y-nuevos-estatutos-el-ior-se-renueva\\\/\",\"url\":\"https:\\\/\\\/exaudi.org\\\/es\\\/quirografo-del-papa-y-nuevos-estatutos-el-ior-se-renueva\\\/\",\"name\":\"El IOR se renueva: Quir\u00f3grafo del Papa y nuevos Estatutos &#8211; Exaudi\",\"isPartOf\":{\"@id\":\"https:\\\/\\\/exaudi.org\\\/#website\"},\"primaryImageOfPage\":{\"@id\":\"https:\\\/\\\/exaudi.org\\\/es\\\/quirografo-del-papa-y-nuevos-estatutos-el-ior-se-renueva\\\/#primaryimage\"},\"image\":{\"@id\":\"https:\\\/\\\/exaudi.org\\\/es\\\/quirografo-del-papa-y-nuevos-estatutos-el-ior-se-renueva\\\/#primaryimage\"},\"thumbnailUrl\":\"https:\\\/\\\/exaudi.org\\\/wp-content\\\/uploads\\\/2022\\\/03\\\/Vaticano.jpeg\",\"datePublished\":\"2023-03-07T12:34:25+00:00\",\"dateModified\":\"2023-03-07T12:37:15+00:00\",\"author\":{\"@id\":\"https:\\\/\\\/exaudi.org\\\/#\\\/schema\\\/person\\\/f5fc8f063065e38742da7afe15f25df7\"},\"breadcrumb\":{\"@id\":\"https:\\\/\\\/exaudi.org\\\/es\\\/quirografo-del-papa-y-nuevos-estatutos-el-ior-se-renueva\\\/#breadcrumb\"},\"inLanguage\":\"es\",\"potentialAction\":[{\"@type\":\"ReadAction\",\"target\":[\"https:\\\/\\\/exaudi.org\\\/es\\\/quirografo-del-papa-y-nuevos-estatutos-el-ior-se-renueva\\\/\"]}]},{\"@type\":\"ImageObject\",\"inLanguage\":\"es\",\"@id\":\"https:\\\/\\\/exaudi.org\\\/es\\\/quirografo-del-papa-y-nuevos-estatutos-el-ior-se-renueva\\\/#primaryimage\",\"url\":\"https:\\\/\\\/exaudi.org\\\/wp-content\\\/uploads\\\/2022\\\/03\\\/Vaticano.jpeg\",\"contentUrl\":\"https:\\\/\\\/exaudi.org\\\/wp-content\\\/uploads\\\/2022\\\/03\\\/Vaticano.jpeg\",\"width\":1600,\"height\":903,\"caption\":\"(C) Acali \\\/ Exaudi\"},{\"@type\":\"BreadcrumbList\",\"@id\":\"https:\\\/\\\/exaudi.org\\\/es\\\/quirografo-del-papa-y-nuevos-estatutos-el-ior-se-renueva\\\/#breadcrumb\",\"itemListElement\":[{\"@type\":\"ListItem\",\"position\":1,\"name\":\"Portada\",\"item\":\"https:\\\/\\\/exaudi.org\\\/es\\\/\"},{\"@type\":\"ListItem\",\"position\":2,\"name\":\"El IOR se renueva: Quir\u00f3grafo del Papa y nuevos Estatutos\"}]},{\"@type\":\"WebSite\",\"@id\":\"https:\\\/\\\/exaudi.org\\\/#website\",\"url\":\"https:\\\/\\\/exaudi.org\\\/\",\"name\":\"Exaudi\",\"description\":\"News\",\"potentialAction\":[{\"@type\":\"SearchAction\",\"target\":{\"@type\":\"EntryPoint\",\"urlTemplate\":\"https:\\\/\\\/exaudi.org\\\/?s={search_term_string}\"},\"query-input\":{\"@type\":\"PropertyValueSpecification\",\"valueRequired\":true,\"valueName\":\"search_term_string\"}}],\"inLanguage\":\"es\"},{\"@type\":\"Person\",\"@id\":\"https:\\\/\\\/exaudi.org\\\/#\\\/schema\\\/person\\\/f5fc8f063065e38742da7afe15f25df7\",\"name\":\"Exaudi Redacci\u00f3n\",\"image\":{\"@type\":\"ImageObject\",\"inLanguage\":\"es\",\"@id\":\"https:\\\/\\\/secure.gravatar.com\\\/avatar\\\/fe0f6a059fb68d9b3e11bc5850dd4899b1c7492091a3cb6dd9b01b56ad828be2?s=96&d=mm&r=g\",\"url\":\"https:\\\/\\\/secure.gravatar.com\\\/avatar\\\/fe0f6a059fb68d9b3e11bc5850dd4899b1c7492091a3cb6dd9b01b56ad828be2?s=96&d=mm&r=g\",\"contentUrl\":\"https:\\\/\\\/secure.gravatar.com\\\/avatar\\\/fe0f6a059fb68d9b3e11bc5850dd4899b1c7492091a3cb6dd9b01b56ad828be2?s=96&d=mm&r=g\",\"caption\":\"Exaudi Redacci\u00f3n\"},\"description\":\"\u00bfQu\u00e9 es Exaudi News? Exaudi News es un medio de comunicaci\u00f3n cat\u00f3lico internacional que informa, forma y transforma, diariamente en espa\u00f1ol, ingl\u00e9s e italiano. A trav\u00e9s de noticias, art\u00edculos de an\u00e1lisis y transmisiones en directo de los eventos del Papa, Exaudi busca fortalecer la unidad de los cristianos y contribuir a la evangelizaci\u00f3n del mundo, siempre guiados por la doctrina social de la Iglesia. Trabajamos para acercar la verdad y los valores cristianos a cada rinc\u00f3n del planeta. \u00a1Ay\u00fadanos a transformar el mundo con Exaudi! En Exaudi creemos que la evangelizaci\u00f3n y la informaci\u00f3n de calidad pueden cambiar vidas. Para continuar con nuestra misi\u00f3n y expandir nuestro alcance, necesitamos tu ayuda. Adem\u00e1s, buscamos personas comprometidas que deseen unirse a nuestro equipo. Con tu apoyo, lograremos llegar a m\u00e1s personas, difundir el mensaje de Cristo y reforzar la unidad de los cristianos. \u00bfTe unes a nuestra misi\u00f3n? Para m\u00e1s informaci\u00f3n sobre c\u00f3mo colaborar, visita Exaudi.org\\\/es o cont\u00e1ctanos directamente: info@exaudi.org Exaudi: Informa, forma y transforma.\",\"sameAs\":[\"https:\\\/\\\/www.facebook.com\\\/ExaudiNoticias\\\/\",\"https:\\\/\\\/www.instagram.com\\\/exaudi_noticias\\\/\",\"https:\\\/\\\/x.com\\\/Exaudi_noticias\",\"https:\\\/\\\/www.youtube.com\\\/@exaudicatholicnews\"],\"url\":\"https:\\\/\\\/exaudi.org\\\/es\\\/author\\\/redaccionexaudi\\\/\"}]}<\/script>\n<!-- \/ Yoast SEO plugin. -->","yoast_head_json":{"title":"El IOR se renueva: Quir\u00f3grafo del Papa y nuevos Estatutos &#8211; Exaudi","robots":{"index":"index","follow":"follow","max-snippet":"max-snippet:-1","max-image-preview":"max-image-preview:large","max-video-preview":"max-video-preview:-1"},"canonical":"https:\/\/exaudi.org\/es\/quirografo-del-papa-y-nuevos-estatutos-el-ior-se-renueva\/","og_locale":"es_ES","og_type":"article","og_title":"El IOR se renueva: Quir\u00f3grafo del Papa y nuevos Estatutos &#8211; Exaudi","og_description":"El IOR se adapta a la nueva Constituci\u00f3n Praedicate Evangelium","og_url":"https:\/\/exaudi.org\/es\/quirografo-del-papa-y-nuevos-estatutos-el-ior-se-renueva\/","og_site_name":"Exaudi","article_publisher":"https:\/\/www.facebook.com\/ExaudiNews","article_author":"https:\/\/www.facebook.com\/ExaudiNoticias\/","article_published_time":"2023-03-07T12:34:25+00:00","article_modified_time":"2023-03-07T12:37:15+00:00","og_image":[{"width":1600,"height":903,"url":"https:\/\/exaudi.org\/wp-content\/uploads\/2022\/03\/Vaticano.jpeg","type":"image\/jpeg"}],"author":"Exaudi Redacci\u00f3n","twitter_card":"summary_large_image","twitter_creator":"@Exaudi_noticias","twitter_site":"@Exaudi_News","twitter_misc":{"Escrito por":"Exaudi Redacci\u00f3n","Tiempo de lectura":"2 minutos"},"schema":{"@context":"https:\/\/schema.org","@graph":[{"@type":"Article","@id":"https:\/\/exaudi.org\/es\/quirografo-del-papa-y-nuevos-estatutos-el-ior-se-renueva\/#article","isPartOf":{"@id":"https:\/\/exaudi.org\/es\/quirografo-del-papa-y-nuevos-estatutos-el-ior-se-renueva\/"},"author":{"name":"Exaudi Redacci\u00f3n","@id":"https:\/\/exaudi.org\/#\/schema\/person\/f5fc8f063065e38742da7afe15f25df7"},"headline":"El IOR se renueva: Quir\u00f3grafo del Papa y nuevos Estatutos","datePublished":"2023-03-07T12:34:25+00:00","dateModified":"2023-03-07T12:37:15+00:00","mainEntityOfPage":{"@id":"https:\/\/exaudi.org\/es\/quirografo-del-papa-y-nuevos-estatutos-el-ior-se-renueva\/"},"wordCount":462,"image":{"@id":"https:\/\/exaudi.org\/es\/quirografo-del-papa-y-nuevos-estatutos-el-ior-se-renueva\/#primaryimage"},"thumbnailUrl":"https:\/\/exaudi.org\/wp-content\/uploads\/2022\/03\/Vaticano.jpeg","keywords":["IOR","papa francisco","Praedicate evangelium","Trending","Vaticano"],"articleSection":["Le\u00f3n XIV","Vaticano"],"inLanguage":"es"},{"@type":"WebPage","@id":"https:\/\/exaudi.org\/es\/quirografo-del-papa-y-nuevos-estatutos-el-ior-se-renueva\/","url":"https:\/\/exaudi.org\/es\/quirografo-del-papa-y-nuevos-estatutos-el-ior-se-renueva\/","name":"El IOR se renueva: Quir\u00f3grafo del Papa y nuevos Estatutos &#8211; Exaudi","isPartOf":{"@id":"https:\/\/exaudi.org\/#website"},"primaryImageOfPage":{"@id":"https:\/\/exaudi.org\/es\/quirografo-del-papa-y-nuevos-estatutos-el-ior-se-renueva\/#primaryimage"},"image":{"@id":"https:\/\/exaudi.org\/es\/quirografo-del-papa-y-nuevos-estatutos-el-ior-se-renueva\/#primaryimage"},"thumbnailUrl":"https:\/\/exaudi.org\/wp-content\/uploads\/2022\/03\/Vaticano.jpeg","datePublished":"2023-03-07T12:34:25+00:00","dateModified":"2023-03-07T12:37:15+00:00","author":{"@id":"https:\/\/exaudi.org\/#\/schema\/person\/f5fc8f063065e38742da7afe15f25df7"},"breadcrumb":{"@id":"https:\/\/exaudi.org\/es\/quirografo-del-papa-y-nuevos-estatutos-el-ior-se-renueva\/#breadcrumb"},"inLanguage":"es","potentialAction":[{"@type":"ReadAction","target":["https:\/\/exaudi.org\/es\/quirografo-del-papa-y-nuevos-estatutos-el-ior-se-renueva\/"]}]},{"@type":"ImageObject","inLanguage":"es","@id":"https:\/\/exaudi.org\/es\/quirografo-del-papa-y-nuevos-estatutos-el-ior-se-renueva\/#primaryimage","url":"https:\/\/exaudi.org\/wp-content\/uploads\/2022\/03\/Vaticano.jpeg","contentUrl":"https:\/\/exaudi.org\/wp-content\/uploads\/2022\/03\/Vaticano.jpeg","width":1600,"height":903,"caption":"(C) Acali \/ Exaudi"},{"@type":"BreadcrumbList","@id":"https:\/\/exaudi.org\/es\/quirografo-del-papa-y-nuevos-estatutos-el-ior-se-renueva\/#breadcrumb","itemListElement":[{"@type":"ListItem","position":1,"name":"Portada","item":"https:\/\/exaudi.org\/es\/"},{"@type":"ListItem","position":2,"name":"El IOR se renueva: Quir\u00f3grafo del Papa y nuevos Estatutos"}]},{"@type":"WebSite","@id":"https:\/\/exaudi.org\/#website","url":"https:\/\/exaudi.org\/","name":"Exaudi","description":"News","potentialAction":[{"@type":"SearchAction","target":{"@type":"EntryPoint","urlTemplate":"https:\/\/exaudi.org\/?s={search_term_string}"},"query-input":{"@type":"PropertyValueSpecification","valueRequired":true,"valueName":"search_term_string"}}],"inLanguage":"es"},{"@type":"Person","@id":"https:\/\/exaudi.org\/#\/schema\/person\/f5fc8f063065e38742da7afe15f25df7","name":"Exaudi Redacci\u00f3n","image":{"@type":"ImageObject","inLanguage":"es","@id":"https:\/\/secure.gravatar.com\/avatar\/fe0f6a059fb68d9b3e11bc5850dd4899b1c7492091a3cb6dd9b01b56ad828be2?s=96&d=mm&r=g","url":"https:\/\/secure.gravatar.com\/avatar\/fe0f6a059fb68d9b3e11bc5850dd4899b1c7492091a3cb6dd9b01b56ad828be2?s=96&d=mm&r=g","contentUrl":"https:\/\/secure.gravatar.com\/avatar\/fe0f6a059fb68d9b3e11bc5850dd4899b1c7492091a3cb6dd9b01b56ad828be2?s=96&d=mm&r=g","caption":"Exaudi Redacci\u00f3n"},"description":"\u00bfQu\u00e9 es Exaudi News? Exaudi News es un medio de comunicaci\u00f3n cat\u00f3lico internacional que informa, forma y transforma, diariamente en espa\u00f1ol, ingl\u00e9s e italiano. A trav\u00e9s de noticias, art\u00edculos de an\u00e1lisis y transmisiones en directo de los eventos del Papa, Exaudi busca fortalecer la unidad de los cristianos y contribuir a la evangelizaci\u00f3n del mundo, siempre guiados por la doctrina social de la Iglesia. Trabajamos para acercar la verdad y los valores cristianos a cada rinc\u00f3n del planeta. \u00a1Ay\u00fadanos a transformar el mundo con Exaudi! En Exaudi creemos que la evangelizaci\u00f3n y la informaci\u00f3n de calidad pueden cambiar vidas. Para continuar con nuestra misi\u00f3n y expandir nuestro alcance, necesitamos tu ayuda. Adem\u00e1s, buscamos personas comprometidas que deseen unirse a nuestro equipo. Con tu apoyo, lograremos llegar a m\u00e1s personas, difundir el mensaje de Cristo y reforzar la unidad de los cristianos. \u00bfTe unes a nuestra misi\u00f3n? Para m\u00e1s informaci\u00f3n sobre c\u00f3mo colaborar, visita Exaudi.org\/es o cont\u00e1ctanos directamente: info@exaudi.org Exaudi: Informa, forma y transforma.","sameAs":["https:\/\/www.facebook.com\/ExaudiNoticias\/","https:\/\/www.instagram.com\/exaudi_noticias\/","https:\/\/x.com\/Exaudi_noticias","https:\/\/www.youtube.com\/@exaudicatholicnews"],"url":"https:\/\/exaudi.org\/es\/author\/redaccionexaudi\/"}]}},"jetpack_featured_media_url":"https:\/\/exaudi.org\/wp-content\/uploads\/2022\/03\/Vaticano.jpeg","jetpack_shortlink":"https:\/\/wp.me\/pgKjF2-iEa","_links":{"self":[{"href":"https:\/\/exaudi.org\/es\/wp-json\/wp\/v2\/posts\/71682","targetHints":{"allow":["GET"]}}],"collection":[{"href":"https:\/\/exaudi.org\/es\/wp-json\/wp\/v2\/posts"}],"about":[{"href":"https:\/\/exaudi.org\/es\/wp-json\/wp\/v2\/types\/post"}],"author":[{"embeddable":true,"href":"https:\/\/exaudi.org\/es\/wp-json\/wp\/v2\/users\/15"}],"replies":[{"embeddable":true,"href":"https:\/\/exaudi.org\/es\/wp-json\/wp\/v2\/comments?post=71682"}],"version-history":[{"count":0,"href":"https:\/\/exaudi.org\/es\/wp-json\/wp\/v2\/posts\/71682\/revisions"}],"wp:featuredmedia":[{"embeddable":true,"href":"https:\/\/exaudi.org\/es\/wp-json\/wp\/v2\/media\/55260"}],"wp:attachment":[{"href":"https:\/\/exaudi.org\/es\/wp-json\/wp\/v2\/media?parent=71682"}],"wp:term":[{"taxonomy":"category","embeddable":true,"href":"https:\/\/exaudi.org\/es\/wp-json\/wp\/v2\/categories?post=71682"},{"taxonomy":"post_tag","embeddable":true,"href":"https:\/\/exaudi.org\/es\/wp-json\/wp\/v2\/tags?post=71682"}],"curies":[{"name":"wp","href":"https:\/\/api.w.org\/{rel}","templated":true}]}}