{"id":71520,"date":"2023-03-05T15:09:55","date_gmt":"2023-03-05T14:09:55","guid":{"rendered":"https:\/\/exaudi.org\/?p=71520"},"modified":"2023-03-05T16:23:33","modified_gmt":"2023-03-05T15:23:33","slug":"el-papa-jesus-es-la-belleza-luminosa-del-amor-que-se-entrega","status":"publish","type":"post","link":"https:\/\/exaudi.org\/es\/el-papa-jesus-es-la-belleza-luminosa-del-amor-que-se-entrega\/","title":{"rendered":"El Papa: Jes\u00fas es la belleza luminosa del amor que se entrega"},"content":{"rendered":"<p>Este domingo, 5 de marzo de 2023, el Papa Francisco se asom\u00f3 a la ventana de su estudio en el Palacio Apost\u00f3lico Vaticano, para recitar el <a href=\"https:\/\/exaudi.org\/es\/el-papa-expresa-su-dolor-por-la-tragedia-ocurrida-en-las-aguas-de-cutro\/\" target=\"_blank\" rel=\"noopener\"><em>\u00c1ngelus<\/em>,<\/a> con los fieles y peregrinos reunidos en la Plaza de San Pedro para la cita habitual de los domingos.<\/p>\n<p>Estas fueron las palabras del Papa al introducir la oraci\u00f3n mariana:<\/p>\n<p>***<\/p>\n<h3><strong>Palabras del Papa<\/strong><\/h3>\n<p><i>Queridos hermanos y hermanas, \u00a1buenos d\u00edas!<\/i><\/p>\n<p>En este segundo Domingo de Cuaresma se proclama el Evangelio de la Transfiguraci\u00f3n: Jes\u00fas lleva consigo, sobre el monte, a Pedro, Santiago y Juan y se revela ante ellos en toda su belleza de Hijo de Dios (<a href=\"https:\/\/www.dominicos.org\/predicacion\/homilia\/5-3-2023\/lecturas\/\" target=\"_blank\" rel=\"noopener\">cf.\u00a0<i>Mt<\/i>\u00a017,1-9<\/a>).<\/p>\n<p>Deteng\u00e1monos un momento en esta escena y pregunt\u00e9monos: \u00bfEn qu\u00e9 consiste esta belleza? \u00bfQu\u00e9 ven los disc\u00edpulos? \u00bfUn efecto especial? No, no es eso. Ven la luz de la santidad de Dios resplandecer en el rostro y en las vestimentas de Jes\u00fas, imagen perfecta del Padre. Se revela la majestad de Dios, la belleza de Dios. Pero Dios es Amor, y, por lo tanto, los disc\u00edpulos han visto con sus ojos la belleza y el esplendor del Amor divino encarnado en Cristo. \u00a1Tuvieron un anticipo del para\u00edso! \u00a1Qu\u00e9 sorpresa para los disc\u00edpulos! \u00a1Hab\u00edan tenido bajo sus ojos durante tanto tiempo el rostro del Amor y no se hab\u00edan dado cuenta de lo hermoso que era! Solo ahora se dan cuenta, y con tanta alegr\u00eda, con inmensa alegr\u00eda.<\/p>\n<p>Jes\u00fas, en realidad, con esta experiencia los est\u00e1 formando, los est\u00e1 preparando para un paso todav\u00eda m\u00e1s importante. De ah\u00ed en poco tiempo, de hecho, deber\u00e1n saber reconocer en \u00c9l la misma belleza, cuando suba a la cruz y su rostro se desfigure. A Pedro le cuesta entender: quisiera detener el tiempo, poner la escena en \u201cpausa\u201d, estar all\u00ed y alargar esta experiencia maravillosa; pero Jes\u00fas no lo permite. Su luz, de hecho, no se puede reducir a un \u201cmomento m\u00e1gico\u201d. As\u00ed se convertir\u00eda en algo falso, artificial, que se disuelve en la niebla de los sentimientos pasajeros. Al contrario, Cristo es la luz que orienta el camino, como la columna de fuego para el pueblo en el desierto (cf.\u00a0<i>Ex<\/i>\u00a013,21). La belleza de Jes\u00fas no aparta a los disc\u00edpulos de la realidad de la vida, sino que les da la fuerza para seguirlo hasta Jerusal\u00e9n, hasta la cruz. La belleza de Cristo no es alienante, te lleva siempre adelante, no te hace esconderte: \u00a1ve adelante!<\/p>\n<p>Hermanos, hermanas, este Evangelio traza tambi\u00e9n para nosotros un camino: nos ense\u00f1a lo importante que es estar con Jes\u00fas, incluso cuando no es f\u00e1cil entender todo lo que dice y lo que hace por nosotros. Es estando con \u00e9l, de hecho, como aprendemos a reconocer, en su rostro, la belleza luminosa del amor que se entrega, incluso cuando lleva las marcas de la cruz. Y es en su escuela donde aprendemos a captar la misma belleza en los rostros de las personas que cada d\u00eda caminan junto a nosotros: los familiares, los amigos, los colegas, quienes en diversos modos cuidan de nosotros. \u00a1Cu\u00e1ntos rostros luminosos, cu\u00e1ntas sonrisas, cu\u00e1ntas arrugas, cu\u00e1ntas l\u00e1grimas y cicatrices hablan de amor en torno a nosotros! Aprendamos a reconocerlas y a llenarnos el coraz\u00f3n con ellas. Y despu\u00e9s partamos, para llevar tambi\u00e9n a los dem\u00e1s la luz que hemos recibido, con las obras concretas del amor (cf.\u00a0<i>1 Jn<\/i>\u00a03,18), sumergi\u00e9ndose con m\u00e1s generosidad en las tareas cotidianas, amando, sirviendo y perdonando con m\u00e1s entusiasmo y disponibilidad. La contemplaci\u00f3n de las maravillas de Dios, la contemplaci\u00f3n del rostro de Dios, de la cara del Se\u00f1or, nos debe empujar al servicio a los dem\u00e1s.<\/p>\n<p>Podemos preguntarnos: \u00bfSabemos reconocer la luz del amor de Dios en nuestra vida? \u00bfLa reconocemos con alegr\u00eda y gratitud en los rostros de las personas que nos quieren? \u00bfBuscamos en torno a nosotros las se\u00f1ales de esta luz, que nos llena el coraz\u00f3n y lo abre al amor y al servicio? \u00bfO preferimos los fuegos de paja de los \u00eddolos, que nos alienan y nos cierran en nosotros mismos? La gran luz del Se\u00f1or y la luz falsa, artificial de los \u00eddolos. \u00bfQu\u00e9 prefiero yo?<\/p>\n<p>Que Mar\u00eda, que ha custodiado en el coraz\u00f3n la luz de su Hijo, tambi\u00e9n en la oscuridad del Calvario, nos acompa\u00f1e siempre en el camino del amor.<\/p>\n<p><iframe loading=\"lazy\" title=\"\u00c1ngelus   05 marzo   2023\" width=\"500\" height=\"281\" src=\"https:\/\/www.youtube.com\/embed\/GDa5lsvhaTg?feature=oembed\" frameborder=\"0\" allow=\"accelerometer; autoplay; clipboard-write; encrypted-media; gyroscope; picture-in-picture; web-share\" referrerpolicy=\"strict-origin-when-cross-origin\" allowfullscreen><\/iframe><\/p>\n","protected":false},"excerpt":{"rendered":"<p>Palabras del Santo Padre antes del \u00c1ngelus<\/p>\n","protected":false},"author":15,"featured_media":67618,"comment_status":"closed","ping_status":"closed","sticky":false,"template":"","format":"standard","meta":{"_acf_changed":false,"_crdt_document":"","inline_featured_image":false,"footnotes":""},"categories":[70,68],"tags":[8543,2419],"class_list":["post-71520","post","type-post","status-publish","format-standard","has-post-thumbnail","hentry","category-angelus-es","category-leon-xiv","tag-angelus-5-marzo-2023","tag-featured"],"acf":[],"yoast_head":"<!-- This site is optimized with the Yoast SEO plugin v27.4 - https:\/\/yoast.com\/product\/yoast-seo-wordpress\/ -->\n<title>El Papa: Jes\u00fas es la belleza luminosa del amor que se entrega &#8211; Exaudi<\/title>\n<meta name=\"robots\" content=\"index, follow, max-snippet:-1, max-image-preview:large, max-video-preview:-1\" \/>\n<link rel=\"canonical\" href=\"https:\/\/exaudi.org\/es\/el-papa-jesus-es-la-belleza-luminosa-del-amor-que-se-entrega\/\" \/>\n<meta property=\"og:locale\" content=\"es_ES\" \/>\n<meta property=\"og:type\" content=\"article\" \/>\n<meta property=\"og:title\" content=\"El Papa: Jes\u00fas es la belleza luminosa del amor que se entrega &#8211; Exaudi\" \/>\n<meta property=\"og:description\" content=\"Palabras del Santo Padre antes del \u00c1ngelus\" \/>\n<meta property=\"og:url\" content=\"https:\/\/exaudi.org\/es\/el-papa-jesus-es-la-belleza-luminosa-del-amor-que-se-entrega\/\" \/>\n<meta property=\"og:site_name\" content=\"Exaudi\" \/>\n<meta property=\"article:publisher\" content=\"https:\/\/www.facebook.com\/ExaudiNews\" \/>\n<meta property=\"article:author\" content=\"https:\/\/www.facebook.com\/ExaudiNoticias\/\" \/>\n<meta property=\"article:published_time\" content=\"2023-03-05T14:09:55+00:00\" \/>\n<meta property=\"article:modified_time\" content=\"2023-03-05T15:23:33+00:00\" \/>\n<meta property=\"og:image\" content=\"https:\/\/exaudi.org\/wp-content\/uploads\/2022\/12\/thumbnail_mt26122022120026_00010.jpg\" \/>\n\t<meta property=\"og:image:width\" content=\"1280\" \/>\n\t<meta property=\"og:image:height\" content=\"853\" \/>\n\t<meta property=\"og:image:type\" content=\"image\/jpeg\" \/>\n<meta name=\"author\" content=\"Exaudi Redacci\u00f3n\" \/>\n<meta name=\"twitter:card\" content=\"summary_large_image\" \/>\n<meta name=\"twitter:creator\" content=\"@Exaudi_noticias\" \/>\n<meta name=\"twitter:site\" content=\"@Exaudi_News\" \/>\n<meta name=\"twitter:label1\" content=\"Escrito por\" \/>\n\t<meta name=\"twitter:data1\" content=\"Exaudi Redacci\u00f3n\" \/>\n\t<meta name=\"twitter:label2\" content=\"Tiempo de lectura\" \/>\n\t<meta name=\"twitter:data2\" content=\"4 minutos\" \/>\n<script type=\"application\/ld+json\" class=\"yoast-schema-graph\">{\"@context\":\"https:\\\/\\\/schema.org\",\"@graph\":[{\"@type\":\"Article\",\"@id\":\"https:\\\/\\\/exaudi.org\\\/es\\\/el-papa-jesus-es-la-belleza-luminosa-del-amor-que-se-entrega\\\/#article\",\"isPartOf\":{\"@id\":\"https:\\\/\\\/exaudi.org\\\/es\\\/el-papa-jesus-es-la-belleza-luminosa-del-amor-que-se-entrega\\\/\"},\"author\":{\"name\":\"Exaudi Redacci\u00f3n\",\"@id\":\"https:\\\/\\\/exaudi.org\\\/#\\\/schema\\\/person\\\/f5fc8f063065e38742da7afe15f25df7\"},\"headline\":\"El Papa: Jes\u00fas es la belleza luminosa del amor que se entrega\",\"datePublished\":\"2023-03-05T14:09:55+00:00\",\"dateModified\":\"2023-03-05T15:23:33+00:00\",\"mainEntityOfPage\":{\"@id\":\"https:\\\/\\\/exaudi.org\\\/es\\\/el-papa-jesus-es-la-belleza-luminosa-del-amor-que-se-entrega\\\/\"},\"wordCount\":780,\"image\":{\"@id\":\"https:\\\/\\\/exaudi.org\\\/es\\\/el-papa-jesus-es-la-belleza-luminosa-del-amor-que-se-entrega\\\/#primaryimage\"},\"thumbnailUrl\":\"https:\\\/\\\/exaudi.org\\\/wp-content\\\/uploads\\\/2022\\\/12\\\/thumbnail_mt26122022120026_00010.jpg\",\"keywords\":[\"\u00c1ngelus 5 marzo 2023\",\"Featured\"],\"articleSection\":[\"\u00c1ngelus\",\"Le\u00f3n XIV\"],\"inLanguage\":\"es\"},{\"@type\":\"WebPage\",\"@id\":\"https:\\\/\\\/exaudi.org\\\/es\\\/el-papa-jesus-es-la-belleza-luminosa-del-amor-que-se-entrega\\\/\",\"url\":\"https:\\\/\\\/exaudi.org\\\/es\\\/el-papa-jesus-es-la-belleza-luminosa-del-amor-que-se-entrega\\\/\",\"name\":\"El Papa: Jes\u00fas es la belleza luminosa del amor que se entrega &#8211; Exaudi\",\"isPartOf\":{\"@id\":\"https:\\\/\\\/exaudi.org\\\/#website\"},\"primaryImageOfPage\":{\"@id\":\"https:\\\/\\\/exaudi.org\\\/es\\\/el-papa-jesus-es-la-belleza-luminosa-del-amor-que-se-entrega\\\/#primaryimage\"},\"image\":{\"@id\":\"https:\\\/\\\/exaudi.org\\\/es\\\/el-papa-jesus-es-la-belleza-luminosa-del-amor-que-se-entrega\\\/#primaryimage\"},\"thumbnailUrl\":\"https:\\\/\\\/exaudi.org\\\/wp-content\\\/uploads\\\/2022\\\/12\\\/thumbnail_mt26122022120026_00010.jpg\",\"datePublished\":\"2023-03-05T14:09:55+00:00\",\"dateModified\":\"2023-03-05T15:23:33+00:00\",\"author\":{\"@id\":\"https:\\\/\\\/exaudi.org\\\/#\\\/schema\\\/person\\\/f5fc8f063065e38742da7afe15f25df7\"},\"breadcrumb\":{\"@id\":\"https:\\\/\\\/exaudi.org\\\/es\\\/el-papa-jesus-es-la-belleza-luminosa-del-amor-que-se-entrega\\\/#breadcrumb\"},\"inLanguage\":\"es\",\"potentialAction\":[{\"@type\":\"ReadAction\",\"target\":[\"https:\\\/\\\/exaudi.org\\\/es\\\/el-papa-jesus-es-la-belleza-luminosa-del-amor-que-se-entrega\\\/\"]}]},{\"@type\":\"ImageObject\",\"inLanguage\":\"es\",\"@id\":\"https:\\\/\\\/exaudi.org\\\/es\\\/el-papa-jesus-es-la-belleza-luminosa-del-amor-que-se-entrega\\\/#primaryimage\",\"url\":\"https:\\\/\\\/exaudi.org\\\/wp-content\\\/uploads\\\/2022\\\/12\\\/thumbnail_mt26122022120026_00010.jpg\",\"contentUrl\":\"https:\\\/\\\/exaudi.org\\\/wp-content\\\/uploads\\\/2022\\\/12\\\/thumbnail_mt26122022120026_00010.jpg\",\"width\":1280,\"height\":853,\"caption\":\"\u00c1ngelus (C) Vatican Media\"},{\"@type\":\"BreadcrumbList\",\"@id\":\"https:\\\/\\\/exaudi.org\\\/es\\\/el-papa-jesus-es-la-belleza-luminosa-del-amor-que-se-entrega\\\/#breadcrumb\",\"itemListElement\":[{\"@type\":\"ListItem\",\"position\":1,\"name\":\"Portada\",\"item\":\"https:\\\/\\\/exaudi.org\\\/es\\\/\"},{\"@type\":\"ListItem\",\"position\":2,\"name\":\"El Papa: Jes\u00fas es la belleza luminosa del amor que se entrega\"}]},{\"@type\":\"WebSite\",\"@id\":\"https:\\\/\\\/exaudi.org\\\/#website\",\"url\":\"https:\\\/\\\/exaudi.org\\\/\",\"name\":\"Exaudi\",\"description\":\"News\",\"potentialAction\":[{\"@type\":\"SearchAction\",\"target\":{\"@type\":\"EntryPoint\",\"urlTemplate\":\"https:\\\/\\\/exaudi.org\\\/?s={search_term_string}\"},\"query-input\":{\"@type\":\"PropertyValueSpecification\",\"valueRequired\":true,\"valueName\":\"search_term_string\"}}],\"inLanguage\":\"es\"},{\"@type\":\"Person\",\"@id\":\"https:\\\/\\\/exaudi.org\\\/#\\\/schema\\\/person\\\/f5fc8f063065e38742da7afe15f25df7\",\"name\":\"Exaudi Redacci\u00f3n\",\"image\":{\"@type\":\"ImageObject\",\"inLanguage\":\"es\",\"@id\":\"https:\\\/\\\/secure.gravatar.com\\\/avatar\\\/fe0f6a059fb68d9b3e11bc5850dd4899b1c7492091a3cb6dd9b01b56ad828be2?s=96&d=mm&r=g\",\"url\":\"https:\\\/\\\/secure.gravatar.com\\\/avatar\\\/fe0f6a059fb68d9b3e11bc5850dd4899b1c7492091a3cb6dd9b01b56ad828be2?s=96&d=mm&r=g\",\"contentUrl\":\"https:\\\/\\\/secure.gravatar.com\\\/avatar\\\/fe0f6a059fb68d9b3e11bc5850dd4899b1c7492091a3cb6dd9b01b56ad828be2?s=96&d=mm&r=g\",\"caption\":\"Exaudi Redacci\u00f3n\"},\"description\":\"\u00bfQu\u00e9 es Exaudi News? Exaudi News es un medio de comunicaci\u00f3n cat\u00f3lico internacional que informa, forma y transforma, diariamente en espa\u00f1ol, ingl\u00e9s e italiano. A trav\u00e9s de noticias, art\u00edculos de an\u00e1lisis y transmisiones en directo de los eventos del Papa, Exaudi busca fortalecer la unidad de los cristianos y contribuir a la evangelizaci\u00f3n del mundo, siempre guiados por la doctrina social de la Iglesia. Trabajamos para acercar la verdad y los valores cristianos a cada rinc\u00f3n del planeta. \u00a1Ay\u00fadanos a transformar el mundo con Exaudi! En Exaudi creemos que la evangelizaci\u00f3n y la informaci\u00f3n de calidad pueden cambiar vidas. Para continuar con nuestra misi\u00f3n y expandir nuestro alcance, necesitamos tu ayuda. Adem\u00e1s, buscamos personas comprometidas que deseen unirse a nuestro equipo. Con tu apoyo, lograremos llegar a m\u00e1s personas, difundir el mensaje de Cristo y reforzar la unidad de los cristianos. \u00bfTe unes a nuestra misi\u00f3n? Para m\u00e1s informaci\u00f3n sobre c\u00f3mo colaborar, visita Exaudi.org\\\/es o cont\u00e1ctanos directamente: info@exaudi.org Exaudi: Informa, forma y transforma.\",\"sameAs\":[\"https:\\\/\\\/www.facebook.com\\\/ExaudiNoticias\\\/\",\"https:\\\/\\\/www.instagram.com\\\/exaudi_noticias\\\/\",\"https:\\\/\\\/x.com\\\/Exaudi_noticias\",\"https:\\\/\\\/www.youtube.com\\\/@exaudicatholicnews\"],\"url\":\"https:\\\/\\\/exaudi.org\\\/es\\\/author\\\/redaccionexaudi\\\/\"}]}<\/script>\n<!-- \/ Yoast SEO plugin. -->","yoast_head_json":{"title":"El Papa: Jes\u00fas es la belleza luminosa del amor que se entrega &#8211; Exaudi","robots":{"index":"index","follow":"follow","max-snippet":"max-snippet:-1","max-image-preview":"max-image-preview:large","max-video-preview":"max-video-preview:-1"},"canonical":"https:\/\/exaudi.org\/es\/el-papa-jesus-es-la-belleza-luminosa-del-amor-que-se-entrega\/","og_locale":"es_ES","og_type":"article","og_title":"El Papa: Jes\u00fas es la belleza luminosa del amor que se entrega &#8211; Exaudi","og_description":"Palabras del Santo Padre antes del \u00c1ngelus","og_url":"https:\/\/exaudi.org\/es\/el-papa-jesus-es-la-belleza-luminosa-del-amor-que-se-entrega\/","og_site_name":"Exaudi","article_publisher":"https:\/\/www.facebook.com\/ExaudiNews","article_author":"https:\/\/www.facebook.com\/ExaudiNoticias\/","article_published_time":"2023-03-05T14:09:55+00:00","article_modified_time":"2023-03-05T15:23:33+00:00","og_image":[{"width":1280,"height":853,"url":"https:\/\/exaudi.org\/wp-content\/uploads\/2022\/12\/thumbnail_mt26122022120026_00010.jpg","type":"image\/jpeg"}],"author":"Exaudi Redacci\u00f3n","twitter_card":"summary_large_image","twitter_creator":"@Exaudi_noticias","twitter_site":"@Exaudi_News","twitter_misc":{"Escrito por":"Exaudi Redacci\u00f3n","Tiempo de lectura":"4 minutos"},"schema":{"@context":"https:\/\/schema.org","@graph":[{"@type":"Article","@id":"https:\/\/exaudi.org\/es\/el-papa-jesus-es-la-belleza-luminosa-del-amor-que-se-entrega\/#article","isPartOf":{"@id":"https:\/\/exaudi.org\/es\/el-papa-jesus-es-la-belleza-luminosa-del-amor-que-se-entrega\/"},"author":{"name":"Exaudi Redacci\u00f3n","@id":"https:\/\/exaudi.org\/#\/schema\/person\/f5fc8f063065e38742da7afe15f25df7"},"headline":"El Papa: Jes\u00fas es la belleza luminosa del amor que se entrega","datePublished":"2023-03-05T14:09:55+00:00","dateModified":"2023-03-05T15:23:33+00:00","mainEntityOfPage":{"@id":"https:\/\/exaudi.org\/es\/el-papa-jesus-es-la-belleza-luminosa-del-amor-que-se-entrega\/"},"wordCount":780,"image":{"@id":"https:\/\/exaudi.org\/es\/el-papa-jesus-es-la-belleza-luminosa-del-amor-que-se-entrega\/#primaryimage"},"thumbnailUrl":"https:\/\/exaudi.org\/wp-content\/uploads\/2022\/12\/thumbnail_mt26122022120026_00010.jpg","keywords":["\u00c1ngelus 5 marzo 2023","Featured"],"articleSection":["\u00c1ngelus","Le\u00f3n XIV"],"inLanguage":"es"},{"@type":"WebPage","@id":"https:\/\/exaudi.org\/es\/el-papa-jesus-es-la-belleza-luminosa-del-amor-que-se-entrega\/","url":"https:\/\/exaudi.org\/es\/el-papa-jesus-es-la-belleza-luminosa-del-amor-que-se-entrega\/","name":"El Papa: Jes\u00fas es la belleza luminosa del amor que se entrega &#8211; Exaudi","isPartOf":{"@id":"https:\/\/exaudi.org\/#website"},"primaryImageOfPage":{"@id":"https:\/\/exaudi.org\/es\/el-papa-jesus-es-la-belleza-luminosa-del-amor-que-se-entrega\/#primaryimage"},"image":{"@id":"https:\/\/exaudi.org\/es\/el-papa-jesus-es-la-belleza-luminosa-del-amor-que-se-entrega\/#primaryimage"},"thumbnailUrl":"https:\/\/exaudi.org\/wp-content\/uploads\/2022\/12\/thumbnail_mt26122022120026_00010.jpg","datePublished":"2023-03-05T14:09:55+00:00","dateModified":"2023-03-05T15:23:33+00:00","author":{"@id":"https:\/\/exaudi.org\/#\/schema\/person\/f5fc8f063065e38742da7afe15f25df7"},"breadcrumb":{"@id":"https:\/\/exaudi.org\/es\/el-papa-jesus-es-la-belleza-luminosa-del-amor-que-se-entrega\/#breadcrumb"},"inLanguage":"es","potentialAction":[{"@type":"ReadAction","target":["https:\/\/exaudi.org\/es\/el-papa-jesus-es-la-belleza-luminosa-del-amor-que-se-entrega\/"]}]},{"@type":"ImageObject","inLanguage":"es","@id":"https:\/\/exaudi.org\/es\/el-papa-jesus-es-la-belleza-luminosa-del-amor-que-se-entrega\/#primaryimage","url":"https:\/\/exaudi.org\/wp-content\/uploads\/2022\/12\/thumbnail_mt26122022120026_00010.jpg","contentUrl":"https:\/\/exaudi.org\/wp-content\/uploads\/2022\/12\/thumbnail_mt26122022120026_00010.jpg","width":1280,"height":853,"caption":"\u00c1ngelus (C) Vatican Media"},{"@type":"BreadcrumbList","@id":"https:\/\/exaudi.org\/es\/el-papa-jesus-es-la-belleza-luminosa-del-amor-que-se-entrega\/#breadcrumb","itemListElement":[{"@type":"ListItem","position":1,"name":"Portada","item":"https:\/\/exaudi.org\/es\/"},{"@type":"ListItem","position":2,"name":"El Papa: Jes\u00fas es la belleza luminosa del amor que se entrega"}]},{"@type":"WebSite","@id":"https:\/\/exaudi.org\/#website","url":"https:\/\/exaudi.org\/","name":"Exaudi","description":"News","potentialAction":[{"@type":"SearchAction","target":{"@type":"EntryPoint","urlTemplate":"https:\/\/exaudi.org\/?s={search_term_string}"},"query-input":{"@type":"PropertyValueSpecification","valueRequired":true,"valueName":"search_term_string"}}],"inLanguage":"es"},{"@type":"Person","@id":"https:\/\/exaudi.org\/#\/schema\/person\/f5fc8f063065e38742da7afe15f25df7","name":"Exaudi Redacci\u00f3n","image":{"@type":"ImageObject","inLanguage":"es","@id":"https:\/\/secure.gravatar.com\/avatar\/fe0f6a059fb68d9b3e11bc5850dd4899b1c7492091a3cb6dd9b01b56ad828be2?s=96&d=mm&r=g","url":"https:\/\/secure.gravatar.com\/avatar\/fe0f6a059fb68d9b3e11bc5850dd4899b1c7492091a3cb6dd9b01b56ad828be2?s=96&d=mm&r=g","contentUrl":"https:\/\/secure.gravatar.com\/avatar\/fe0f6a059fb68d9b3e11bc5850dd4899b1c7492091a3cb6dd9b01b56ad828be2?s=96&d=mm&r=g","caption":"Exaudi Redacci\u00f3n"},"description":"\u00bfQu\u00e9 es Exaudi News? Exaudi News es un medio de comunicaci\u00f3n cat\u00f3lico internacional que informa, forma y transforma, diariamente en espa\u00f1ol, ingl\u00e9s e italiano. A trav\u00e9s de noticias, art\u00edculos de an\u00e1lisis y transmisiones en directo de los eventos del Papa, Exaudi busca fortalecer la unidad de los cristianos y contribuir a la evangelizaci\u00f3n del mundo, siempre guiados por la doctrina social de la Iglesia. Trabajamos para acercar la verdad y los valores cristianos a cada rinc\u00f3n del planeta. \u00a1Ay\u00fadanos a transformar el mundo con Exaudi! En Exaudi creemos que la evangelizaci\u00f3n y la informaci\u00f3n de calidad pueden cambiar vidas. Para continuar con nuestra misi\u00f3n y expandir nuestro alcance, necesitamos tu ayuda. Adem\u00e1s, buscamos personas comprometidas que deseen unirse a nuestro equipo. Con tu apoyo, lograremos llegar a m\u00e1s personas, difundir el mensaje de Cristo y reforzar la unidad de los cristianos. \u00bfTe unes a nuestra misi\u00f3n? Para m\u00e1s informaci\u00f3n sobre c\u00f3mo colaborar, visita Exaudi.org\/es o cont\u00e1ctanos directamente: info@exaudi.org Exaudi: Informa, forma y transforma.","sameAs":["https:\/\/www.facebook.com\/ExaudiNoticias\/","https:\/\/www.instagram.com\/exaudi_noticias\/","https:\/\/x.com\/Exaudi_noticias","https:\/\/www.youtube.com\/@exaudicatholicnews"],"url":"https:\/\/exaudi.org\/es\/author\/redaccionexaudi\/"}]}},"jetpack_featured_media_url":"https:\/\/exaudi.org\/wp-content\/uploads\/2022\/12\/thumbnail_mt26122022120026_00010.jpg","jetpack_shortlink":"https:\/\/wp.me\/pgKjF2-iBy","_links":{"self":[{"href":"https:\/\/exaudi.org\/es\/wp-json\/wp\/v2\/posts\/71520","targetHints":{"allow":["GET"]}}],"collection":[{"href":"https:\/\/exaudi.org\/es\/wp-json\/wp\/v2\/posts"}],"about":[{"href":"https:\/\/exaudi.org\/es\/wp-json\/wp\/v2\/types\/post"}],"author":[{"embeddable":true,"href":"https:\/\/exaudi.org\/es\/wp-json\/wp\/v2\/users\/15"}],"replies":[{"embeddable":true,"href":"https:\/\/exaudi.org\/es\/wp-json\/wp\/v2\/comments?post=71520"}],"version-history":[{"count":0,"href":"https:\/\/exaudi.org\/es\/wp-json\/wp\/v2\/posts\/71520\/revisions"}],"wp:featuredmedia":[{"embeddable":true,"href":"https:\/\/exaudi.org\/es\/wp-json\/wp\/v2\/media\/67618"}],"wp:attachment":[{"href":"https:\/\/exaudi.org\/es\/wp-json\/wp\/v2\/media?parent=71520"}],"wp:term":[{"taxonomy":"category","embeddable":true,"href":"https:\/\/exaudi.org\/es\/wp-json\/wp\/v2\/categories?post=71520"},{"taxonomy":"post_tag","embeddable":true,"href":"https:\/\/exaudi.org\/es\/wp-json\/wp\/v2\/tags?post=71520"}],"curies":[{"name":"wp","href":"https:\/\/api.w.org\/{rel}","templated":true}]}}