{"id":71425,"date":"2023-03-03T09:39:01","date_gmt":"2023-03-03T08:39:01","guid":{"rendered":"https:\/\/exaudi.org\/?p=71425"},"modified":"2023-03-03T09:40:26","modified_gmt":"2023-03-03T08:40:26","slug":"i-seminario-internacional-10-anos-del-papa-francisco","status":"publish","type":"post","link":"https:\/\/exaudi.org\/es\/i-seminario-internacional-10-anos-del-papa-francisco\/","title":{"rendered":"I Seminario Internacional 10 a\u00f1os del Papa Francisco"},"content":{"rendered":"<audio class=\"wp-audio-shortcode\" id=\"audio-71425-1\" preload=\"none\" style=\"width: 100%;\" controls=\"controls\"><source type=\"audio\/mpeg\" src=\"https:\/\/exaudi.org\/wp-content\/uploads\/2023\/03\/I-Seminario-Internacional-10-anos-del-Papa.mp3?_=1\" \/><a href=\"https:\/\/exaudi.org\/wp-content\/uploads\/2023\/03\/I-Seminario-Internacional-10-anos-del-Papa.mp3\">https:\/\/exaudi.org\/wp-content\/uploads\/2023\/03\/I-Seminario-Internacional-10-anos-del-Papa.mp3<\/a><\/audio>\n<p>El pr\u00f3ximo 11 de marzo se llevar\u00e1 a cabo el primer seminario internacional en conmemoraci\u00f3n del d\u00e9cimo aniversario del papado del Papa Francisco. Este evento ha sido organizado por m\u00e1s de 16 instituciones cat\u00f3licas de gran renombre a nivel mundial y reunir\u00e1 a l\u00edderes de la iglesia, acad\u00e9micos y expertos de todo el mundo para discutir los logros y desaf\u00edos del pontificado de Francisco en la \u00faltima d\u00e9cada. Ser\u00e1 una oportunidad \u00fanica para reflexionar sobre la influencia del Papa Francisco en la iglesia cat\u00f3lica y en el mundo en general.<\/p>\n<p>Entre las instituciones cat\u00f3licas convocantes se encuentran la Pontificia Comisi\u00f3n para Am\u00e9rica Latina, la Conferencia Episcopal de M\u00e9xico, la Confederaci\u00f3n Latinoamericana de Religiosos, la Academia Latinoamericana de L\u00edderes Cat\u00f3licos, la Organizaci\u00f3n de Universidades Cat\u00f3licas de Am\u00e9rica Latina, entre otras.<\/p>\n<p>Durante el evento, se abordar\u00e1n temas clave relacionados con la visi\u00f3n del Papa Francisco para la iglesia, incluyendo la pandemia del COVID-19, la pol\u00edtica y la influencia internacional, la crisis de los abusos y la promoci\u00f3n de la mujer, entre otros temas importantes.<\/p>\n<p>Para Jos\u00e9 Antonio Rosas, director general de la Academia de L\u00edderes Cat\u00f3licos, el seminario del Papa <strong><em>\u201cofrece una oportunidad \u00fanica para profundizar en la figura del Papa Francisco y en su visi\u00f3n de la Iglesia y del mundo. Adem\u00e1s, brinda la posibilidad de debatir los desaf\u00edos y oportunidades que enfrentamos en la actualidad. Este evento tambi\u00e9n refleja el compromiso de la Iglesia Cat\u00f3lica con el di\u00e1logo y el intercambio de ideas en un mundo cada vez m\u00e1s complejo y diverso\u201d.<\/em><\/strong><\/p>\n<p>Durante el seminario, se presentar\u00e1 el lanzamiento mundial de \u00abFratelli Tutti\u00bb, una canci\u00f3n interpretada por m\u00e1s de 30 m\u00fasicos cat\u00f3licos de diversas partes del mundo. Esta iniciativa ha sido dirigida por Luis Alfredo D\u00edaz, un cantante reconocido y precursor hist\u00f3rico de la m\u00fasica espiritual en espa\u00f1ol. Este lanzamiento ser\u00e1 una oportunidad \u00fanica para disfrutar de una interpretaci\u00f3n musical de gran calidad y para conocer la obra de estos artistas que, con su talento y su compromiso, buscan difundir valores universales de hermandad y solidaridad.<\/p>\n<p>Para Luis Alfredo D\u00edaz, cantante cat\u00f3lico y autor de la canci\u00f3n Fratelli Tutti, describe c\u00f3mo surgi\u00f3 la creaci\u00f3n de esta obra: <strong><em>\u00abLa canci\u00f3n sali\u00f3 de manera natural, sin cambios ni inventos, gracias a la colaboraci\u00f3n y el apoyo de muchas personas que dieron todo su cari\u00f1o por Francisco y por la Iglesia. Estoy muy agradecido de que esta canci\u00f3n se est\u00e9 cantando en todas partes de Am\u00e9rica Latina y el mundo entero, porque de alguna manera le damos gracias a Dios por la vida del papa Francisco\u00bb.<\/em><\/strong><\/p>\n<p>Este seminario es una oportunidad \u00fanica para profundizar en el pensamiento del Papa\u00a0Francisco y su visi\u00f3n de una Iglesia m\u00e1s comprometida con los desaf\u00edos del mundo\u00a0contempor\u00e1neo.<\/p>\n<p>Inscripciones: <a href=\"https:\/\/liderescatolicos.net\/francisco10\/\">https:\/\/liderescatolicos.net\/francisco10\/<\/a><\/p>\n<p><em><strong>Fecha: 11 de marzo de 2023<\/strong><\/em><\/p>\n<p>Horarios:<\/p>\n<p>9:00 a 13:00 horas. M\u00e9xico, Costa Rica.<\/p>\n<p>10:00 a 14:00 horas. Nueva York, Colombia, Per\u00fa.<\/p>\n<p>11:00 a 15:00 horas. Venezuela.<\/p>\n<p>12:00 a 16:00 horas. Argentina, Brasil, Chile.<\/p>\n<p>16:00 a 20:00 horas. Europa y Guinea Ecuatorial<\/p>\n<p><img loading=\"lazy\" decoding=\"async\" class=\"alignleft size-full wp-image-71426\" src=\"https:\/\/exaudi.org\/wp-content\/uploads\/2023\/03\/feed-insta-flyer-expositores-Seminario-Papa-Francisco-01-1.png\" alt=\"\" width=\"1081\" height=\"1081\" srcset=\"https:\/\/exaudi.org\/wp-content\/uploads\/2023\/03\/feed-insta-flyer-expositores-Seminario-Papa-Francisco-01-1.png 1081w, https:\/\/exaudi.org\/wp-content\/uploads\/2023\/03\/feed-insta-flyer-expositores-Seminario-Papa-Francisco-01-1-300x300.png 300w, https:\/\/exaudi.org\/wp-content\/uploads\/2023\/03\/feed-insta-flyer-expositores-Seminario-Papa-Francisco-01-1-1024x1024.png 1024w, https:\/\/exaudi.org\/wp-content\/uploads\/2023\/03\/feed-insta-flyer-expositores-Seminario-Papa-Francisco-01-1-100x100.png?crop=1 100w, https:\/\/exaudi.org\/wp-content\/uploads\/2023\/03\/feed-insta-flyer-expositores-Seminario-Papa-Francisco-01-1-770x770.png 770w, https:\/\/exaudi.org\/wp-content\/uploads\/2023\/03\/feed-insta-flyer-expositores-Seminario-Papa-Francisco-01-1-500x500.png 500w, https:\/\/exaudi.org\/wp-content\/uploads\/2023\/03\/feed-insta-flyer-expositores-Seminario-Papa-Francisco-01-1-293x293.png 293w, https:\/\/exaudi.org\/wp-content\/uploads\/2023\/03\/feed-insta-flyer-expositores-Seminario-Papa-Francisco-01-1-390x390.png 390w, https:\/\/exaudi.org\/wp-content\/uploads\/2023\/03\/feed-insta-flyer-expositores-Seminario-Papa-Francisco-01-1-585x585.png 585w, https:\/\/exaudi.org\/wp-content\/uploads\/2023\/03\/feed-insta-flyer-expositores-Seminario-Papa-Francisco-01-1-900x900.png 900w\" sizes=\"auto, (max-width: 1081px) 100vw, 1081px\" \/> <img loading=\"lazy\" decoding=\"async\" class=\"alignleft size-full wp-image-71429\" src=\"https:\/\/exaudi.org\/wp-content\/uploads\/2023\/03\/flyer-1-feed-insta-Seminario-Papa-Francisco-01-3.png\" alt=\"\" width=\"1081\" height=\"1081\" srcset=\"https:\/\/exaudi.org\/wp-content\/uploads\/2023\/03\/flyer-1-feed-insta-Seminario-Papa-Francisco-01-3.png 1081w, https:\/\/exaudi.org\/wp-content\/uploads\/2023\/03\/flyer-1-feed-insta-Seminario-Papa-Francisco-01-3-300x300.png 300w, https:\/\/exaudi.org\/wp-content\/uploads\/2023\/03\/flyer-1-feed-insta-Seminario-Papa-Francisco-01-3-1024x1024.png 1024w, https:\/\/exaudi.org\/wp-content\/uploads\/2023\/03\/flyer-1-feed-insta-Seminario-Papa-Francisco-01-3-100x100.png?crop=1 100w, https:\/\/exaudi.org\/wp-content\/uploads\/2023\/03\/flyer-1-feed-insta-Seminario-Papa-Francisco-01-3-770x770.png 770w, https:\/\/exaudi.org\/wp-content\/uploads\/2023\/03\/flyer-1-feed-insta-Seminario-Papa-Francisco-01-3-500x500.png 500w, https:\/\/exaudi.org\/wp-content\/uploads\/2023\/03\/flyer-1-feed-insta-Seminario-Papa-Francisco-01-3-293x293.png 293w, https:\/\/exaudi.org\/wp-content\/uploads\/2023\/03\/flyer-1-feed-insta-Seminario-Papa-Francisco-01-3-390x390.png 390w, https:\/\/exaudi.org\/wp-content\/uploads\/2023\/03\/flyer-1-feed-insta-Seminario-Papa-Francisco-01-3-585x585.png 585w, https:\/\/exaudi.org\/wp-content\/uploads\/2023\/03\/flyer-1-feed-insta-Seminario-Papa-Francisco-01-3-900x900.png 900w\" sizes=\"auto, (max-width: 1081px) 100vw, 1081px\" \/><\/p>\n","protected":false},"excerpt":{"rendered":"<p>Legado y contribuciones de su pontificado<\/p>\n","protected":false},"author":15,"featured_media":71426,"comment_status":"closed","ping_status":"closed","sticky":false,"template":"","format":"standard","meta":{"_acf_changed":false,"_crdt_document":"","inline_featured_image":false,"footnotes":""},"categories":[74],"tags":[765,1772,158,977,4953],"class_list":["post-71425","post","type-post","status-publish","format-standard","has-post-thumbnail","hentry","category-iglesia-y-mundo","tag-academia-de-lideres-catolicos","tag-aniversario","tag-papa-francisco","tag-pontificado","tag-trending-es"],"acf":[],"yoast_head":"<!-- This site is optimized with the Yoast SEO plugin v27.5 - https:\/\/yoast.com\/product\/yoast-seo-wordpress\/ -->\n<title>I Seminario Internacional 10 a\u00f1os del Papa Francisco &#8211; Exaudi<\/title>\n<meta name=\"robots\" content=\"index, follow, max-snippet:-1, max-image-preview:large, max-video-preview:-1\" \/>\n<link rel=\"canonical\" href=\"https:\/\/exaudi.org\/es\/i-seminario-internacional-10-anos-del-papa-francisco\/\" \/>\n<meta property=\"og:locale\" content=\"es_ES\" \/>\n<meta property=\"og:type\" content=\"article\" \/>\n<meta property=\"og:title\" content=\"I Seminario Internacional 10 a\u00f1os del Papa Francisco &#8211; Exaudi\" \/>\n<meta property=\"og:description\" content=\"Legado y contribuciones de su pontificado\" \/>\n<meta property=\"og:url\" content=\"https:\/\/exaudi.org\/es\/i-seminario-internacional-10-anos-del-papa-francisco\/\" \/>\n<meta property=\"og:site_name\" content=\"Exaudi\" \/>\n<meta property=\"article:publisher\" content=\"https:\/\/www.facebook.com\/ExaudiNews\" \/>\n<meta property=\"article:author\" content=\"https:\/\/www.facebook.com\/ExaudiNoticias\/\" \/>\n<meta property=\"article:published_time\" content=\"2023-03-03T08:39:01+00:00\" \/>\n<meta property=\"article:modified_time\" content=\"2023-03-03T08:40:26+00:00\" \/>\n<meta property=\"og:image\" content=\"https:\/\/exaudi.org\/wp-content\/uploads\/2023\/03\/feed-insta-flyer-expositores-Seminario-Papa-Francisco-01-1.png\" \/>\n\t<meta property=\"og:image:width\" content=\"1081\" \/>\n\t<meta property=\"og:image:height\" content=\"1081\" \/>\n\t<meta property=\"og:image:type\" content=\"image\/png\" \/>\n<meta name=\"author\" content=\"Exaudi Redacci\u00f3n\" \/>\n<meta name=\"twitter:card\" content=\"summary_large_image\" \/>\n<meta name=\"twitter:creator\" content=\"@Exaudi_noticias\" \/>\n<meta name=\"twitter:site\" content=\"@Exaudi_News\" \/>\n<meta name=\"twitter:label1\" content=\"Escrito por\" \/>\n\t<meta name=\"twitter:data1\" content=\"Exaudi Redacci\u00f3n\" \/>\n\t<meta name=\"twitter:label2\" content=\"Tiempo de lectura\" \/>\n\t<meta name=\"twitter:data2\" content=\"3 minutos\" \/>\n<script type=\"application\/ld+json\" class=\"yoast-schema-graph\">{\"@context\":\"https:\\\/\\\/schema.org\",\"@graph\":[{\"@type\":\"Article\",\"@id\":\"https:\\\/\\\/exaudi.org\\\/es\\\/i-seminario-internacional-10-anos-del-papa-francisco\\\/#article\",\"isPartOf\":{\"@id\":\"https:\\\/\\\/exaudi.org\\\/es\\\/i-seminario-internacional-10-anos-del-papa-francisco\\\/\"},\"author\":{\"name\":\"Exaudi Redacci\u00f3n\",\"@id\":\"https:\\\/\\\/exaudi.org\\\/#\\\/schema\\\/person\\\/f5fc8f063065e38742da7afe15f25df7\"},\"headline\":\"I Seminario Internacional 10 a\u00f1os del Papa Francisco\",\"datePublished\":\"2023-03-03T08:39:01+00:00\",\"dateModified\":\"2023-03-03T08:40:26+00:00\",\"mainEntityOfPage\":{\"@id\":\"https:\\\/\\\/exaudi.org\\\/es\\\/i-seminario-internacional-10-anos-del-papa-francisco\\\/\"},\"wordCount\":559,\"image\":{\"@id\":\"https:\\\/\\\/exaudi.org\\\/es\\\/i-seminario-internacional-10-anos-del-papa-francisco\\\/#primaryimage\"},\"thumbnailUrl\":\"https:\\\/\\\/exaudi.org\\\/wp-content\\\/uploads\\\/2023\\\/03\\\/feed-insta-flyer-expositores-Seminario-Papa-Francisco-01-1.png\",\"keywords\":[\"Academia de L\u00edderes Cat\u00f3licos\",\"Aniversario\",\"papa francisco\",\"Pontificado\",\"Trending\"],\"articleSection\":[\"Iglesia y Mundo\"],\"inLanguage\":\"es\"},{\"@type\":\"WebPage\",\"@id\":\"https:\\\/\\\/exaudi.org\\\/es\\\/i-seminario-internacional-10-anos-del-papa-francisco\\\/\",\"url\":\"https:\\\/\\\/exaudi.org\\\/es\\\/i-seminario-internacional-10-anos-del-papa-francisco\\\/\",\"name\":\"I Seminario Internacional 10 a\u00f1os del Papa Francisco &#8211; Exaudi\",\"isPartOf\":{\"@id\":\"https:\\\/\\\/exaudi.org\\\/#website\"},\"primaryImageOfPage\":{\"@id\":\"https:\\\/\\\/exaudi.org\\\/es\\\/i-seminario-internacional-10-anos-del-papa-francisco\\\/#primaryimage\"},\"image\":{\"@id\":\"https:\\\/\\\/exaudi.org\\\/es\\\/i-seminario-internacional-10-anos-del-papa-francisco\\\/#primaryimage\"},\"thumbnailUrl\":\"https:\\\/\\\/exaudi.org\\\/wp-content\\\/uploads\\\/2023\\\/03\\\/feed-insta-flyer-expositores-Seminario-Papa-Francisco-01-1.png\",\"datePublished\":\"2023-03-03T08:39:01+00:00\",\"dateModified\":\"2023-03-03T08:40:26+00:00\",\"author\":{\"@id\":\"https:\\\/\\\/exaudi.org\\\/#\\\/schema\\\/person\\\/f5fc8f063065e38742da7afe15f25df7\"},\"breadcrumb\":{\"@id\":\"https:\\\/\\\/exaudi.org\\\/es\\\/i-seminario-internacional-10-anos-del-papa-francisco\\\/#breadcrumb\"},\"inLanguage\":\"es\",\"potentialAction\":[{\"@type\":\"ReadAction\",\"target\":[\"https:\\\/\\\/exaudi.org\\\/es\\\/i-seminario-internacional-10-anos-del-papa-francisco\\\/\"]}]},{\"@type\":\"ImageObject\",\"inLanguage\":\"es\",\"@id\":\"https:\\\/\\\/exaudi.org\\\/es\\\/i-seminario-internacional-10-anos-del-papa-francisco\\\/#primaryimage\",\"url\":\"https:\\\/\\\/exaudi.org\\\/wp-content\\\/uploads\\\/2023\\\/03\\\/feed-insta-flyer-expositores-Seminario-Papa-Francisco-01-1.png\",\"contentUrl\":\"https:\\\/\\\/exaudi.org\\\/wp-content\\\/uploads\\\/2023\\\/03\\\/feed-insta-flyer-expositores-Seminario-Papa-Francisco-01-1.png\",\"width\":1081,\"height\":1081},{\"@type\":\"BreadcrumbList\",\"@id\":\"https:\\\/\\\/exaudi.org\\\/es\\\/i-seminario-internacional-10-anos-del-papa-francisco\\\/#breadcrumb\",\"itemListElement\":[{\"@type\":\"ListItem\",\"position\":1,\"name\":\"Portada\",\"item\":\"https:\\\/\\\/exaudi.org\\\/es\\\/\"},{\"@type\":\"ListItem\",\"position\":2,\"name\":\"I Seminario Internacional 10 a\u00f1os del Papa Francisco\"}]},{\"@type\":\"WebSite\",\"@id\":\"https:\\\/\\\/exaudi.org\\\/#website\",\"url\":\"https:\\\/\\\/exaudi.org\\\/\",\"name\":\"Exaudi\",\"description\":\"News\",\"potentialAction\":[{\"@type\":\"SearchAction\",\"target\":{\"@type\":\"EntryPoint\",\"urlTemplate\":\"https:\\\/\\\/exaudi.org\\\/?s={search_term_string}\"},\"query-input\":{\"@type\":\"PropertyValueSpecification\",\"valueRequired\":true,\"valueName\":\"search_term_string\"}}],\"inLanguage\":\"es\"},{\"@type\":\"Person\",\"@id\":\"https:\\\/\\\/exaudi.org\\\/#\\\/schema\\\/person\\\/f5fc8f063065e38742da7afe15f25df7\",\"name\":\"Exaudi Redacci\u00f3n\",\"image\":{\"@type\":\"ImageObject\",\"inLanguage\":\"es\",\"@id\":\"https:\\\/\\\/secure.gravatar.com\\\/avatar\\\/fe0f6a059fb68d9b3e11bc5850dd4899b1c7492091a3cb6dd9b01b56ad828be2?s=96&d=mm&r=g\",\"url\":\"https:\\\/\\\/secure.gravatar.com\\\/avatar\\\/fe0f6a059fb68d9b3e11bc5850dd4899b1c7492091a3cb6dd9b01b56ad828be2?s=96&d=mm&r=g\",\"contentUrl\":\"https:\\\/\\\/secure.gravatar.com\\\/avatar\\\/fe0f6a059fb68d9b3e11bc5850dd4899b1c7492091a3cb6dd9b01b56ad828be2?s=96&d=mm&r=g\",\"caption\":\"Exaudi Redacci\u00f3n\"},\"description\":\"\u00bfQu\u00e9 es Exaudi News? Exaudi News es un medio de comunicaci\u00f3n cat\u00f3lico internacional que informa, forma y transforma, diariamente en espa\u00f1ol, ingl\u00e9s e italiano. A trav\u00e9s de noticias, art\u00edculos de an\u00e1lisis y transmisiones en directo de los eventos del Papa, Exaudi busca fortalecer la unidad de los cristianos y contribuir a la evangelizaci\u00f3n del mundo, siempre guiados por la doctrina social de la Iglesia. Trabajamos para acercar la verdad y los valores cristianos a cada rinc\u00f3n del planeta. \u00a1Ay\u00fadanos a transformar el mundo con Exaudi! En Exaudi creemos que la evangelizaci\u00f3n y la informaci\u00f3n de calidad pueden cambiar vidas. Para continuar con nuestra misi\u00f3n y expandir nuestro alcance, necesitamos tu ayuda. Adem\u00e1s, buscamos personas comprometidas que deseen unirse a nuestro equipo. Con tu apoyo, lograremos llegar a m\u00e1s personas, difundir el mensaje de Cristo y reforzar la unidad de los cristianos. \u00bfTe unes a nuestra misi\u00f3n? Para m\u00e1s informaci\u00f3n sobre c\u00f3mo colaborar, visita Exaudi.org\\\/es o cont\u00e1ctanos directamente: info@exaudi.org Exaudi: Informa, forma y transforma.\",\"sameAs\":[\"https:\\\/\\\/www.facebook.com\\\/ExaudiNoticias\\\/\",\"https:\\\/\\\/www.instagram.com\\\/exaudi_noticias\\\/\",\"https:\\\/\\\/x.com\\\/Exaudi_noticias\",\"https:\\\/\\\/www.youtube.com\\\/@exaudicatholicnews\"],\"url\":\"https:\\\/\\\/exaudi.org\\\/es\\\/author\\\/redaccionexaudi\\\/\"}]}<\/script>\n<!-- \/ Yoast SEO plugin. -->","yoast_head_json":{"title":"I Seminario Internacional 10 a\u00f1os del Papa Francisco &#8211; Exaudi","robots":{"index":"index","follow":"follow","max-snippet":"max-snippet:-1","max-image-preview":"max-image-preview:large","max-video-preview":"max-video-preview:-1"},"canonical":"https:\/\/exaudi.org\/es\/i-seminario-internacional-10-anos-del-papa-francisco\/","og_locale":"es_ES","og_type":"article","og_title":"I Seminario Internacional 10 a\u00f1os del Papa Francisco &#8211; Exaudi","og_description":"Legado y contribuciones de su pontificado","og_url":"https:\/\/exaudi.org\/es\/i-seminario-internacional-10-anos-del-papa-francisco\/","og_site_name":"Exaudi","article_publisher":"https:\/\/www.facebook.com\/ExaudiNews","article_author":"https:\/\/www.facebook.com\/ExaudiNoticias\/","article_published_time":"2023-03-03T08:39:01+00:00","article_modified_time":"2023-03-03T08:40:26+00:00","og_image":[{"width":1081,"height":1081,"url":"https:\/\/exaudi.org\/wp-content\/uploads\/2023\/03\/feed-insta-flyer-expositores-Seminario-Papa-Francisco-01-1.png","type":"image\/png"}],"author":"Exaudi Redacci\u00f3n","twitter_card":"summary_large_image","twitter_creator":"@Exaudi_noticias","twitter_site":"@Exaudi_News","twitter_misc":{"Escrito por":"Exaudi Redacci\u00f3n","Tiempo de lectura":"3 minutos"},"schema":{"@context":"https:\/\/schema.org","@graph":[{"@type":"Article","@id":"https:\/\/exaudi.org\/es\/i-seminario-internacional-10-anos-del-papa-francisco\/#article","isPartOf":{"@id":"https:\/\/exaudi.org\/es\/i-seminario-internacional-10-anos-del-papa-francisco\/"},"author":{"name":"Exaudi Redacci\u00f3n","@id":"https:\/\/exaudi.org\/#\/schema\/person\/f5fc8f063065e38742da7afe15f25df7"},"headline":"I Seminario Internacional 10 a\u00f1os del Papa Francisco","datePublished":"2023-03-03T08:39:01+00:00","dateModified":"2023-03-03T08:40:26+00:00","mainEntityOfPage":{"@id":"https:\/\/exaudi.org\/es\/i-seminario-internacional-10-anos-del-papa-francisco\/"},"wordCount":559,"image":{"@id":"https:\/\/exaudi.org\/es\/i-seminario-internacional-10-anos-del-papa-francisco\/#primaryimage"},"thumbnailUrl":"https:\/\/exaudi.org\/wp-content\/uploads\/2023\/03\/feed-insta-flyer-expositores-Seminario-Papa-Francisco-01-1.png","keywords":["Academia de L\u00edderes Cat\u00f3licos","Aniversario","papa francisco","Pontificado","Trending"],"articleSection":["Iglesia y Mundo"],"inLanguage":"es"},{"@type":"WebPage","@id":"https:\/\/exaudi.org\/es\/i-seminario-internacional-10-anos-del-papa-francisco\/","url":"https:\/\/exaudi.org\/es\/i-seminario-internacional-10-anos-del-papa-francisco\/","name":"I Seminario Internacional 10 a\u00f1os del Papa Francisco &#8211; Exaudi","isPartOf":{"@id":"https:\/\/exaudi.org\/#website"},"primaryImageOfPage":{"@id":"https:\/\/exaudi.org\/es\/i-seminario-internacional-10-anos-del-papa-francisco\/#primaryimage"},"image":{"@id":"https:\/\/exaudi.org\/es\/i-seminario-internacional-10-anos-del-papa-francisco\/#primaryimage"},"thumbnailUrl":"https:\/\/exaudi.org\/wp-content\/uploads\/2023\/03\/feed-insta-flyer-expositores-Seminario-Papa-Francisco-01-1.png","datePublished":"2023-03-03T08:39:01+00:00","dateModified":"2023-03-03T08:40:26+00:00","author":{"@id":"https:\/\/exaudi.org\/#\/schema\/person\/f5fc8f063065e38742da7afe15f25df7"},"breadcrumb":{"@id":"https:\/\/exaudi.org\/es\/i-seminario-internacional-10-anos-del-papa-francisco\/#breadcrumb"},"inLanguage":"es","potentialAction":[{"@type":"ReadAction","target":["https:\/\/exaudi.org\/es\/i-seminario-internacional-10-anos-del-papa-francisco\/"]}]},{"@type":"ImageObject","inLanguage":"es","@id":"https:\/\/exaudi.org\/es\/i-seminario-internacional-10-anos-del-papa-francisco\/#primaryimage","url":"https:\/\/exaudi.org\/wp-content\/uploads\/2023\/03\/feed-insta-flyer-expositores-Seminario-Papa-Francisco-01-1.png","contentUrl":"https:\/\/exaudi.org\/wp-content\/uploads\/2023\/03\/feed-insta-flyer-expositores-Seminario-Papa-Francisco-01-1.png","width":1081,"height":1081},{"@type":"BreadcrumbList","@id":"https:\/\/exaudi.org\/es\/i-seminario-internacional-10-anos-del-papa-francisco\/#breadcrumb","itemListElement":[{"@type":"ListItem","position":1,"name":"Portada","item":"https:\/\/exaudi.org\/es\/"},{"@type":"ListItem","position":2,"name":"I Seminario Internacional 10 a\u00f1os del Papa Francisco"}]},{"@type":"WebSite","@id":"https:\/\/exaudi.org\/#website","url":"https:\/\/exaudi.org\/","name":"Exaudi","description":"News","potentialAction":[{"@type":"SearchAction","target":{"@type":"EntryPoint","urlTemplate":"https:\/\/exaudi.org\/?s={search_term_string}"},"query-input":{"@type":"PropertyValueSpecification","valueRequired":true,"valueName":"search_term_string"}}],"inLanguage":"es"},{"@type":"Person","@id":"https:\/\/exaudi.org\/#\/schema\/person\/f5fc8f063065e38742da7afe15f25df7","name":"Exaudi Redacci\u00f3n","image":{"@type":"ImageObject","inLanguage":"es","@id":"https:\/\/secure.gravatar.com\/avatar\/fe0f6a059fb68d9b3e11bc5850dd4899b1c7492091a3cb6dd9b01b56ad828be2?s=96&d=mm&r=g","url":"https:\/\/secure.gravatar.com\/avatar\/fe0f6a059fb68d9b3e11bc5850dd4899b1c7492091a3cb6dd9b01b56ad828be2?s=96&d=mm&r=g","contentUrl":"https:\/\/secure.gravatar.com\/avatar\/fe0f6a059fb68d9b3e11bc5850dd4899b1c7492091a3cb6dd9b01b56ad828be2?s=96&d=mm&r=g","caption":"Exaudi Redacci\u00f3n"},"description":"\u00bfQu\u00e9 es Exaudi News? Exaudi News es un medio de comunicaci\u00f3n cat\u00f3lico internacional que informa, forma y transforma, diariamente en espa\u00f1ol, ingl\u00e9s e italiano. A trav\u00e9s de noticias, art\u00edculos de an\u00e1lisis y transmisiones en directo de los eventos del Papa, Exaudi busca fortalecer la unidad de los cristianos y contribuir a la evangelizaci\u00f3n del mundo, siempre guiados por la doctrina social de la Iglesia. Trabajamos para acercar la verdad y los valores cristianos a cada rinc\u00f3n del planeta. \u00a1Ay\u00fadanos a transformar el mundo con Exaudi! En Exaudi creemos que la evangelizaci\u00f3n y la informaci\u00f3n de calidad pueden cambiar vidas. Para continuar con nuestra misi\u00f3n y expandir nuestro alcance, necesitamos tu ayuda. Adem\u00e1s, buscamos personas comprometidas que deseen unirse a nuestro equipo. Con tu apoyo, lograremos llegar a m\u00e1s personas, difundir el mensaje de Cristo y reforzar la unidad de los cristianos. \u00bfTe unes a nuestra misi\u00f3n? Para m\u00e1s informaci\u00f3n sobre c\u00f3mo colaborar, visita Exaudi.org\/es o cont\u00e1ctanos directamente: info@exaudi.org Exaudi: Informa, forma y transforma.","sameAs":["https:\/\/www.facebook.com\/ExaudiNoticias\/","https:\/\/www.instagram.com\/exaudi_noticias\/","https:\/\/x.com\/Exaudi_noticias","https:\/\/www.youtube.com\/@exaudicatholicnews"],"url":"https:\/\/exaudi.org\/es\/author\/redaccionexaudi\/"}]}},"jetpack_featured_media_url":"https:\/\/exaudi.org\/wp-content\/uploads\/2023\/03\/feed-insta-flyer-expositores-Seminario-Papa-Francisco-01-1.png","jetpack_shortlink":"https:\/\/wp.me\/pgKjF2-iA1","_links":{"self":[{"href":"https:\/\/exaudi.org\/es\/wp-json\/wp\/v2\/posts\/71425","targetHints":{"allow":["GET"]}}],"collection":[{"href":"https:\/\/exaudi.org\/es\/wp-json\/wp\/v2\/posts"}],"about":[{"href":"https:\/\/exaudi.org\/es\/wp-json\/wp\/v2\/types\/post"}],"author":[{"embeddable":true,"href":"https:\/\/exaudi.org\/es\/wp-json\/wp\/v2\/users\/15"}],"replies":[{"embeddable":true,"href":"https:\/\/exaudi.org\/es\/wp-json\/wp\/v2\/comments?post=71425"}],"version-history":[{"count":0,"href":"https:\/\/exaudi.org\/es\/wp-json\/wp\/v2\/posts\/71425\/revisions"}],"wp:featuredmedia":[{"embeddable":true,"href":"https:\/\/exaudi.org\/es\/wp-json\/wp\/v2\/media\/71426"}],"wp:attachment":[{"href":"https:\/\/exaudi.org\/es\/wp-json\/wp\/v2\/media?parent=71425"}],"wp:term":[{"taxonomy":"category","embeddable":true,"href":"https:\/\/exaudi.org\/es\/wp-json\/wp\/v2\/categories?post=71425"},{"taxonomy":"post_tag","embeddable":true,"href":"https:\/\/exaudi.org\/es\/wp-json\/wp\/v2\/tags?post=71425"}],"curies":[{"name":"wp","href":"https:\/\/api.w.org\/{rel}","templated":true}]}}