{"id":71129,"date":"2023-02-27T10:42:27","date_gmt":"2023-02-27T09:42:27","guid":{"rendered":"https:\/\/exaudi.org\/?p=71129"},"modified":"2023-02-27T10:50:23","modified_gmt":"2023-02-27T09:50:23","slug":"macrofiesta-del-rosario-26-de-febrero-de-2023","status":"publish","type":"post","link":"https:\/\/exaudi.org\/es\/macrofiesta-del-rosario-26-de-febrero-de-2023\/","title":{"rendered":"Macrofiesta del Rosario \u2013 26 de febrero de 2023"},"content":{"rendered":"<p>Ayer 26 de Febrero se celebr\u00f3 como cada domingo la Macrofiesta del Rosario a trav\u00e9s de Instagram. (@quintanajosepmaria, @pacheco.doria, @virgendelaalegr\u00eda, @viajarentrelineas)<\/p>\n<p>Esta vez contaron con la presencia de dos testimonios llenos de vida, de sentido de vida, de vocaci\u00f3n, de amor.<\/p>\n<p>En ellas se pod\u00eda ver la importancia de las redes sociales que tienen sobre nuestra sociedad cuando se utilizan para hacer el bien.<\/p>\n<p>Mabel, joven de 27 a\u00f1os, que encuentra su vocaci\u00f3n a las Ham (hijas del Amor Misericordioso) gracias entre otras cosas al contenido de valor que encuentra en diferentes redes sociales que le despiertan el inter\u00e9s de conocer m\u00e1s y mejor lo que anhelaba su coraz\u00f3n.<\/p>\n<p>Jeannine cuya cuenta en Instagram es @prayart.jewels relataba como su conversi\u00f3n llega en el peor momento, y es cuando llega a su mano una oraci\u00f3n que le traspasa su coraz\u00f3n. Desde entonces utilizaba Youtube, para escuchar testimonios de fe y de vida. Fue a Me\u0111ugorje a pedirle a la Virgen la sanaci\u00f3n de su coraz\u00f3n y que Dios le pusiera en su vida al hombre de su vida a su San Jos\u00e9<\/p>\n<p>Ese hombre apareci\u00f3, se llama Jos\u00e9 Francisco, en Instagram @elmaridodelarubia. Los que le conocen nos cuentan lo incre\u00edble que resulta estar con ellos, a c\u00f3mo viven su matrimonio unidos al Se\u00f1or, con una naturalidad y fe que no deja indiferente.<\/p>\n<p>Estas iniciativas digitales son la esperanza de nuestras redes sociales. Lo f\u00e1cil ser\u00eda no estar, lo sencillo ser\u00eda vivir para uno. Pero no, todos estos valientes, con nombre y apellidos, han decidido salir al terreno de juego para poner sal ante tanto hielo, poner luz ante tanta oscuridad, aportar contenido de valor ante unas redes sociales, muchas veces, carentes de buen contenido.<\/p>\n<p>Hablamos con uno de los integrantes de la Macrofiesta del Rosario y nos dice en referencia a un Santo que no es alternativa sino obligaci\u00f3n ahogar el mal en abundancia de bien en medio del mundo. Nos explica que no siempre es f\u00e1cil gestionar seg\u00fan que comentarios, silencios, juicios, pero que tienen claro que se nos juzgar\u00e1 en el Cielo por el amor que hemos sembrado y que no poner al servicio de los dem\u00e1s los dones recibidos ser\u00eda injusto.<\/p>\n<p>Y en eso est\u00e1n, d\u00e1ndose, d\u00e1ndose a lo dem\u00e1s, navegando en mares muchas veces complicadas de navegar, pero felices y convencidos de la necesidad de mostrar la misericordia de nuestro Se\u00f1or en medio del mundo. De lo digital a lo presencial.<\/p>\n<audio class=\"wp-audio-shortcode\" id=\"audio-71129-1\" preload=\"none\" style=\"width: 100%;\" controls=\"controls\"><source type=\"audio\/mpeg\" src=\"https:\/\/exaudi.org\/wp-content\/uploads\/2023\/02\/26-de-febrero-de-2023-Macrofiesta-del-Rosario-64-kbps.mp3?_=1\" \/><a href=\"https:\/\/exaudi.org\/wp-content\/uploads\/2023\/02\/26-de-febrero-de-2023-Macrofiesta-del-Rosario-64-kbps.mp3\">https:\/\/exaudi.org\/wp-content\/uploads\/2023\/02\/26-de-febrero-de-2023-Macrofiesta-del-Rosario-64-kbps.mp3<\/a><\/audio>\n<p><span class=\"style-scope yt-formatted-string\" dir=\"auto\">La Macrofiesta del Rosario: Un proyecto que naci\u00f3 \u201ccon vocaci\u00f3n de madre\u201d, al ser un evento que crea una familia que intenta mimar y cuidar a cada persona \u201cpara que se acerque al Se\u00f1or a trav\u00e9s de Mar\u00eda\u201d.<\/span><\/p>\n<div class=\"block-da-1 block-da block-da-post_middle_content clearfix\">\n<p><span class=\"style-scope yt-formatted-string\" dir=\"auto\">A trav\u00e9s de cada uno de los cuatro perfiles de Instagram todos los domingos a las 21.30 horas se puede seguir en directo la oraci\u00f3n a Mar\u00eda:\u00a0<a href=\"https:\/\/www.instagram.com\/pacheco.doria\/\">@pacheco.doria<\/a>\u00a0<a href=\"https:\/\/www.instagram.com\/viajarentrelineas\/\">@viajarentrelineas<\/a>\u00a0<a href=\"https:\/\/www.instagram.com\/lavirgendelaalegria\/\">@lavirgendelaalegria<\/a>\u00a0<a href=\"https:\/\/www.instagram.com\/quintanajosepmaria\/\">@quintanajosepmaria\u00a0<\/a><\/span><a class=\"yt-simple-endpoint style-scope yt-formatted-string\" dir=\"auto\" href=\"https:\/\/www.youtube.com\/hashtag\/palanteeeeeysirculando\">#palanteeeeeysirculando<\/a><\/p>\n<\/div>\n<p>Puedes verlo todos los lunes en el canal de YouTube de Exaudi:<\/p>\n<p><iframe loading=\"lazy\" title=\"26 de febrero de 2023 - Macrofiesta del Rosario\" width=\"500\" height=\"281\" src=\"https:\/\/www.youtube.com\/embed\/cXffn-yszrs?feature=oembed\" frameborder=\"0\" allow=\"accelerometer; autoplay; clipboard-write; encrypted-media; gyroscope; picture-in-picture; web-share\" referrerpolicy=\"strict-origin-when-cross-origin\" allowfullscreen><\/iframe><\/p>\n","protected":false},"excerpt":{"rendered":"<p>Esta vez contaron con la presencia de dos testimonios llenos de vida, de sentido de vida, de vocaci\u00f3n, de amor<\/p>\n","protected":false},"author":15,"featured_media":71136,"comment_status":"closed","ping_status":"closed","sticky":false,"template":"","format":"standard","meta":{"_acf_changed":false,"_crdt_document":"","inline_featured_image":false,"footnotes":""},"categories":[74,100],"tags":[8498,8499,1855,8348,8496,4953,8497,7568],"class_list":["post-71129","post","type-post","status-publish","format-standard","has-post-thumbnail","hentry","category-iglesia-y-mundo","category-jovenes","tag-javi-pacheco-doria","tag-josepmaria-quintana","tag-jovenes","tag-macrofiesta-del-rosario","tag-medugorje","tag-trending-es","tag-viajar-entre-lineas","tag-virgen-de-la-alegria"],"acf":[],"yoast_head":"<!-- This site is optimized with the Yoast SEO plugin v27.5 - https:\/\/yoast.com\/product\/yoast-seo-wordpress\/ -->\n<title>Macrofiesta del Rosario \u2013 26 de febrero de 2023 &#8211; Exaudi<\/title>\n<meta name=\"robots\" content=\"index, follow, max-snippet:-1, max-image-preview:large, max-video-preview:-1\" \/>\n<link rel=\"canonical\" href=\"https:\/\/exaudi.org\/es\/macrofiesta-del-rosario-26-de-febrero-de-2023\/\" \/>\n<meta property=\"og:locale\" content=\"es_ES\" \/>\n<meta property=\"og:type\" content=\"article\" \/>\n<meta property=\"og:title\" content=\"Macrofiesta del Rosario \u2013 26 de febrero de 2023 &#8211; Exaudi\" \/>\n<meta property=\"og:description\" content=\"Esta vez contaron con la presencia de dos testimonios llenos de vida, de sentido de vida, de vocaci\u00f3n, de amor\" \/>\n<meta property=\"og:url\" content=\"https:\/\/exaudi.org\/es\/macrofiesta-del-rosario-26-de-febrero-de-2023\/\" \/>\n<meta property=\"og:site_name\" content=\"Exaudi\" \/>\n<meta property=\"article:publisher\" content=\"https:\/\/www.facebook.com\/ExaudiNews\" \/>\n<meta property=\"article:author\" content=\"https:\/\/www.facebook.com\/ExaudiNoticias\/\" \/>\n<meta property=\"article:published_time\" content=\"2023-02-27T09:42:27+00:00\" \/>\n<meta property=\"article:modified_time\" content=\"2023-02-27T09:50:23+00:00\" \/>\n<meta property=\"og:image\" content=\"https:\/\/exaudi.org\/wp-content\/uploads\/2023\/02\/Articulo-2-2.jpg\" \/>\n\t<meta property=\"og:image:width\" content=\"1920\" \/>\n\t<meta property=\"og:image:height\" content=\"1080\" \/>\n\t<meta property=\"og:image:type\" content=\"image\/jpeg\" \/>\n<meta name=\"author\" content=\"Exaudi Redacci\u00f3n\" \/>\n<meta name=\"twitter:card\" content=\"summary_large_image\" \/>\n<meta name=\"twitter:creator\" content=\"@Exaudi_noticias\" \/>\n<meta name=\"twitter:site\" content=\"@Exaudi_News\" \/>\n<meta name=\"twitter:label1\" content=\"Escrito por\" \/>\n\t<meta name=\"twitter:data1\" content=\"Exaudi Redacci\u00f3n\" \/>\n\t<meta name=\"twitter:label2\" content=\"Tiempo de lectura\" \/>\n\t<meta name=\"twitter:data2\" content=\"3 minutos\" \/>\n<script type=\"application\/ld+json\" class=\"yoast-schema-graph\">{\"@context\":\"https:\\\/\\\/schema.org\",\"@graph\":[{\"@type\":\"Article\",\"@id\":\"https:\\\/\\\/exaudi.org\\\/es\\\/macrofiesta-del-rosario-26-de-febrero-de-2023\\\/#article\",\"isPartOf\":{\"@id\":\"https:\\\/\\\/exaudi.org\\\/es\\\/macrofiesta-del-rosario-26-de-febrero-de-2023\\\/\"},\"author\":{\"name\":\"Exaudi Redacci\u00f3n\",\"@id\":\"https:\\\/\\\/exaudi.org\\\/#\\\/schema\\\/person\\\/f5fc8f063065e38742da7afe15f25df7\"},\"headline\":\"Macrofiesta del Rosario \u2013 26 de febrero de 2023\",\"datePublished\":\"2023-02-27T09:42:27+00:00\",\"dateModified\":\"2023-02-27T09:50:23+00:00\",\"mainEntityOfPage\":{\"@id\":\"https:\\\/\\\/exaudi.org\\\/es\\\/macrofiesta-del-rosario-26-de-febrero-de-2023\\\/\"},\"wordCount\":546,\"image\":{\"@id\":\"https:\\\/\\\/exaudi.org\\\/es\\\/macrofiesta-del-rosario-26-de-febrero-de-2023\\\/#primaryimage\"},\"thumbnailUrl\":\"https:\\\/\\\/exaudi.org\\\/wp-content\\\/uploads\\\/2023\\\/02\\\/Articulo-2-2.jpg\",\"keywords\":[\"Javi Pacheco Doria\",\"Josepmaria Quintana\",\"J\u00f3venes\",\"Macrofiesta del Rosario\",\"Me\u0111ugorje\",\"Trending\",\"Viajar entre l\u00edneas\",\"Virgen de la Alegr\u00eda\"],\"articleSection\":[\"Iglesia y Mundo\",\"J\u00f3venes\"],\"inLanguage\":\"es\"},{\"@type\":\"WebPage\",\"@id\":\"https:\\\/\\\/exaudi.org\\\/es\\\/macrofiesta-del-rosario-26-de-febrero-de-2023\\\/\",\"url\":\"https:\\\/\\\/exaudi.org\\\/es\\\/macrofiesta-del-rosario-26-de-febrero-de-2023\\\/\",\"name\":\"Macrofiesta del Rosario \u2013 26 de febrero de 2023 &#8211; Exaudi\",\"isPartOf\":{\"@id\":\"https:\\\/\\\/exaudi.org\\\/#website\"},\"primaryImageOfPage\":{\"@id\":\"https:\\\/\\\/exaudi.org\\\/es\\\/macrofiesta-del-rosario-26-de-febrero-de-2023\\\/#primaryimage\"},\"image\":{\"@id\":\"https:\\\/\\\/exaudi.org\\\/es\\\/macrofiesta-del-rosario-26-de-febrero-de-2023\\\/#primaryimage\"},\"thumbnailUrl\":\"https:\\\/\\\/exaudi.org\\\/wp-content\\\/uploads\\\/2023\\\/02\\\/Articulo-2-2.jpg\",\"datePublished\":\"2023-02-27T09:42:27+00:00\",\"dateModified\":\"2023-02-27T09:50:23+00:00\",\"author\":{\"@id\":\"https:\\\/\\\/exaudi.org\\\/#\\\/schema\\\/person\\\/f5fc8f063065e38742da7afe15f25df7\"},\"breadcrumb\":{\"@id\":\"https:\\\/\\\/exaudi.org\\\/es\\\/macrofiesta-del-rosario-26-de-febrero-de-2023\\\/#breadcrumb\"},\"inLanguage\":\"es\",\"potentialAction\":[{\"@type\":\"ReadAction\",\"target\":[\"https:\\\/\\\/exaudi.org\\\/es\\\/macrofiesta-del-rosario-26-de-febrero-de-2023\\\/\"]}]},{\"@type\":\"ImageObject\",\"inLanguage\":\"es\",\"@id\":\"https:\\\/\\\/exaudi.org\\\/es\\\/macrofiesta-del-rosario-26-de-febrero-de-2023\\\/#primaryimage\",\"url\":\"https:\\\/\\\/exaudi.org\\\/wp-content\\\/uploads\\\/2023\\\/02\\\/Articulo-2-2.jpg\",\"contentUrl\":\"https:\\\/\\\/exaudi.org\\\/wp-content\\\/uploads\\\/2023\\\/02\\\/Articulo-2-2.jpg\",\"width\":1920,\"height\":1080},{\"@type\":\"BreadcrumbList\",\"@id\":\"https:\\\/\\\/exaudi.org\\\/es\\\/macrofiesta-del-rosario-26-de-febrero-de-2023\\\/#breadcrumb\",\"itemListElement\":[{\"@type\":\"ListItem\",\"position\":1,\"name\":\"Portada\",\"item\":\"https:\\\/\\\/exaudi.org\\\/es\\\/\"},{\"@type\":\"ListItem\",\"position\":2,\"name\":\"Macrofiesta del Rosario \u2013 26 de febrero de 2023\"}]},{\"@type\":\"WebSite\",\"@id\":\"https:\\\/\\\/exaudi.org\\\/#website\",\"url\":\"https:\\\/\\\/exaudi.org\\\/\",\"name\":\"Exaudi\",\"description\":\"News\",\"potentialAction\":[{\"@type\":\"SearchAction\",\"target\":{\"@type\":\"EntryPoint\",\"urlTemplate\":\"https:\\\/\\\/exaudi.org\\\/?s={search_term_string}\"},\"query-input\":{\"@type\":\"PropertyValueSpecification\",\"valueRequired\":true,\"valueName\":\"search_term_string\"}}],\"inLanguage\":\"es\"},{\"@type\":\"Person\",\"@id\":\"https:\\\/\\\/exaudi.org\\\/#\\\/schema\\\/person\\\/f5fc8f063065e38742da7afe15f25df7\",\"name\":\"Exaudi Redacci\u00f3n\",\"image\":{\"@type\":\"ImageObject\",\"inLanguage\":\"es\",\"@id\":\"https:\\\/\\\/secure.gravatar.com\\\/avatar\\\/fe0f6a059fb68d9b3e11bc5850dd4899b1c7492091a3cb6dd9b01b56ad828be2?s=96&d=mm&r=g\",\"url\":\"https:\\\/\\\/secure.gravatar.com\\\/avatar\\\/fe0f6a059fb68d9b3e11bc5850dd4899b1c7492091a3cb6dd9b01b56ad828be2?s=96&d=mm&r=g\",\"contentUrl\":\"https:\\\/\\\/secure.gravatar.com\\\/avatar\\\/fe0f6a059fb68d9b3e11bc5850dd4899b1c7492091a3cb6dd9b01b56ad828be2?s=96&d=mm&r=g\",\"caption\":\"Exaudi Redacci\u00f3n\"},\"description\":\"\u00bfQu\u00e9 es Exaudi News? Exaudi News es un medio de comunicaci\u00f3n cat\u00f3lico internacional que informa, forma y transforma, diariamente en espa\u00f1ol, ingl\u00e9s e italiano. A trav\u00e9s de noticias, art\u00edculos de an\u00e1lisis y transmisiones en directo de los eventos del Papa, Exaudi busca fortalecer la unidad de los cristianos y contribuir a la evangelizaci\u00f3n del mundo, siempre guiados por la doctrina social de la Iglesia. Trabajamos para acercar la verdad y los valores cristianos a cada rinc\u00f3n del planeta. \u00a1Ay\u00fadanos a transformar el mundo con Exaudi! En Exaudi creemos que la evangelizaci\u00f3n y la informaci\u00f3n de calidad pueden cambiar vidas. Para continuar con nuestra misi\u00f3n y expandir nuestro alcance, necesitamos tu ayuda. Adem\u00e1s, buscamos personas comprometidas que deseen unirse a nuestro equipo. Con tu apoyo, lograremos llegar a m\u00e1s personas, difundir el mensaje de Cristo y reforzar la unidad de los cristianos. \u00bfTe unes a nuestra misi\u00f3n? Para m\u00e1s informaci\u00f3n sobre c\u00f3mo colaborar, visita Exaudi.org\\\/es o cont\u00e1ctanos directamente: info@exaudi.org Exaudi: Informa, forma y transforma.\",\"sameAs\":[\"https:\\\/\\\/www.facebook.com\\\/ExaudiNoticias\\\/\",\"https:\\\/\\\/www.instagram.com\\\/exaudi_noticias\\\/\",\"https:\\\/\\\/x.com\\\/Exaudi_noticias\",\"https:\\\/\\\/www.youtube.com\\\/@exaudicatholicnews\"],\"url\":\"https:\\\/\\\/exaudi.org\\\/es\\\/author\\\/redaccionexaudi\\\/\"}]}<\/script>\n<!-- \/ Yoast SEO plugin. -->","yoast_head_json":{"title":"Macrofiesta del Rosario \u2013 26 de febrero de 2023 &#8211; Exaudi","robots":{"index":"index","follow":"follow","max-snippet":"max-snippet:-1","max-image-preview":"max-image-preview:large","max-video-preview":"max-video-preview:-1"},"canonical":"https:\/\/exaudi.org\/es\/macrofiesta-del-rosario-26-de-febrero-de-2023\/","og_locale":"es_ES","og_type":"article","og_title":"Macrofiesta del Rosario \u2013 26 de febrero de 2023 &#8211; Exaudi","og_description":"Esta vez contaron con la presencia de dos testimonios llenos de vida, de sentido de vida, de vocaci\u00f3n, de amor","og_url":"https:\/\/exaudi.org\/es\/macrofiesta-del-rosario-26-de-febrero-de-2023\/","og_site_name":"Exaudi","article_publisher":"https:\/\/www.facebook.com\/ExaudiNews","article_author":"https:\/\/www.facebook.com\/ExaudiNoticias\/","article_published_time":"2023-02-27T09:42:27+00:00","article_modified_time":"2023-02-27T09:50:23+00:00","og_image":[{"width":1920,"height":1080,"url":"https:\/\/exaudi.org\/wp-content\/uploads\/2023\/02\/Articulo-2-2.jpg","type":"image\/jpeg"}],"author":"Exaudi Redacci\u00f3n","twitter_card":"summary_large_image","twitter_creator":"@Exaudi_noticias","twitter_site":"@Exaudi_News","twitter_misc":{"Escrito por":"Exaudi Redacci\u00f3n","Tiempo de lectura":"3 minutos"},"schema":{"@context":"https:\/\/schema.org","@graph":[{"@type":"Article","@id":"https:\/\/exaudi.org\/es\/macrofiesta-del-rosario-26-de-febrero-de-2023\/#article","isPartOf":{"@id":"https:\/\/exaudi.org\/es\/macrofiesta-del-rosario-26-de-febrero-de-2023\/"},"author":{"name":"Exaudi Redacci\u00f3n","@id":"https:\/\/exaudi.org\/#\/schema\/person\/f5fc8f063065e38742da7afe15f25df7"},"headline":"Macrofiesta del Rosario \u2013 26 de febrero de 2023","datePublished":"2023-02-27T09:42:27+00:00","dateModified":"2023-02-27T09:50:23+00:00","mainEntityOfPage":{"@id":"https:\/\/exaudi.org\/es\/macrofiesta-del-rosario-26-de-febrero-de-2023\/"},"wordCount":546,"image":{"@id":"https:\/\/exaudi.org\/es\/macrofiesta-del-rosario-26-de-febrero-de-2023\/#primaryimage"},"thumbnailUrl":"https:\/\/exaudi.org\/wp-content\/uploads\/2023\/02\/Articulo-2-2.jpg","keywords":["Javi Pacheco Doria","Josepmaria Quintana","J\u00f3venes","Macrofiesta del Rosario","Me\u0111ugorje","Trending","Viajar entre l\u00edneas","Virgen de la Alegr\u00eda"],"articleSection":["Iglesia y Mundo","J\u00f3venes"],"inLanguage":"es"},{"@type":"WebPage","@id":"https:\/\/exaudi.org\/es\/macrofiesta-del-rosario-26-de-febrero-de-2023\/","url":"https:\/\/exaudi.org\/es\/macrofiesta-del-rosario-26-de-febrero-de-2023\/","name":"Macrofiesta del Rosario \u2013 26 de febrero de 2023 &#8211; Exaudi","isPartOf":{"@id":"https:\/\/exaudi.org\/#website"},"primaryImageOfPage":{"@id":"https:\/\/exaudi.org\/es\/macrofiesta-del-rosario-26-de-febrero-de-2023\/#primaryimage"},"image":{"@id":"https:\/\/exaudi.org\/es\/macrofiesta-del-rosario-26-de-febrero-de-2023\/#primaryimage"},"thumbnailUrl":"https:\/\/exaudi.org\/wp-content\/uploads\/2023\/02\/Articulo-2-2.jpg","datePublished":"2023-02-27T09:42:27+00:00","dateModified":"2023-02-27T09:50:23+00:00","author":{"@id":"https:\/\/exaudi.org\/#\/schema\/person\/f5fc8f063065e38742da7afe15f25df7"},"breadcrumb":{"@id":"https:\/\/exaudi.org\/es\/macrofiesta-del-rosario-26-de-febrero-de-2023\/#breadcrumb"},"inLanguage":"es","potentialAction":[{"@type":"ReadAction","target":["https:\/\/exaudi.org\/es\/macrofiesta-del-rosario-26-de-febrero-de-2023\/"]}]},{"@type":"ImageObject","inLanguage":"es","@id":"https:\/\/exaudi.org\/es\/macrofiesta-del-rosario-26-de-febrero-de-2023\/#primaryimage","url":"https:\/\/exaudi.org\/wp-content\/uploads\/2023\/02\/Articulo-2-2.jpg","contentUrl":"https:\/\/exaudi.org\/wp-content\/uploads\/2023\/02\/Articulo-2-2.jpg","width":1920,"height":1080},{"@type":"BreadcrumbList","@id":"https:\/\/exaudi.org\/es\/macrofiesta-del-rosario-26-de-febrero-de-2023\/#breadcrumb","itemListElement":[{"@type":"ListItem","position":1,"name":"Portada","item":"https:\/\/exaudi.org\/es\/"},{"@type":"ListItem","position":2,"name":"Macrofiesta del Rosario \u2013 26 de febrero de 2023"}]},{"@type":"WebSite","@id":"https:\/\/exaudi.org\/#website","url":"https:\/\/exaudi.org\/","name":"Exaudi","description":"News","potentialAction":[{"@type":"SearchAction","target":{"@type":"EntryPoint","urlTemplate":"https:\/\/exaudi.org\/?s={search_term_string}"},"query-input":{"@type":"PropertyValueSpecification","valueRequired":true,"valueName":"search_term_string"}}],"inLanguage":"es"},{"@type":"Person","@id":"https:\/\/exaudi.org\/#\/schema\/person\/f5fc8f063065e38742da7afe15f25df7","name":"Exaudi Redacci\u00f3n","image":{"@type":"ImageObject","inLanguage":"es","@id":"https:\/\/secure.gravatar.com\/avatar\/fe0f6a059fb68d9b3e11bc5850dd4899b1c7492091a3cb6dd9b01b56ad828be2?s=96&d=mm&r=g","url":"https:\/\/secure.gravatar.com\/avatar\/fe0f6a059fb68d9b3e11bc5850dd4899b1c7492091a3cb6dd9b01b56ad828be2?s=96&d=mm&r=g","contentUrl":"https:\/\/secure.gravatar.com\/avatar\/fe0f6a059fb68d9b3e11bc5850dd4899b1c7492091a3cb6dd9b01b56ad828be2?s=96&d=mm&r=g","caption":"Exaudi Redacci\u00f3n"},"description":"\u00bfQu\u00e9 es Exaudi News? Exaudi News es un medio de comunicaci\u00f3n cat\u00f3lico internacional que informa, forma y transforma, diariamente en espa\u00f1ol, ingl\u00e9s e italiano. A trav\u00e9s de noticias, art\u00edculos de an\u00e1lisis y transmisiones en directo de los eventos del Papa, Exaudi busca fortalecer la unidad de los cristianos y contribuir a la evangelizaci\u00f3n del mundo, siempre guiados por la doctrina social de la Iglesia. Trabajamos para acercar la verdad y los valores cristianos a cada rinc\u00f3n del planeta. \u00a1Ay\u00fadanos a transformar el mundo con Exaudi! En Exaudi creemos que la evangelizaci\u00f3n y la informaci\u00f3n de calidad pueden cambiar vidas. Para continuar con nuestra misi\u00f3n y expandir nuestro alcance, necesitamos tu ayuda. Adem\u00e1s, buscamos personas comprometidas que deseen unirse a nuestro equipo. Con tu apoyo, lograremos llegar a m\u00e1s personas, difundir el mensaje de Cristo y reforzar la unidad de los cristianos. \u00bfTe unes a nuestra misi\u00f3n? Para m\u00e1s informaci\u00f3n sobre c\u00f3mo colaborar, visita Exaudi.org\/es o cont\u00e1ctanos directamente: info@exaudi.org Exaudi: Informa, forma y transforma.","sameAs":["https:\/\/www.facebook.com\/ExaudiNoticias\/","https:\/\/www.instagram.com\/exaudi_noticias\/","https:\/\/x.com\/Exaudi_noticias","https:\/\/www.youtube.com\/@exaudicatholicnews"],"url":"https:\/\/exaudi.org\/es\/author\/redaccionexaudi\/"}]}},"jetpack_featured_media_url":"https:\/\/exaudi.org\/wp-content\/uploads\/2023\/02\/Articulo-2-2.jpg","jetpack_shortlink":"https:\/\/wp.me\/pgKjF2-ivf","_links":{"self":[{"href":"https:\/\/exaudi.org\/es\/wp-json\/wp\/v2\/posts\/71129","targetHints":{"allow":["GET"]}}],"collection":[{"href":"https:\/\/exaudi.org\/es\/wp-json\/wp\/v2\/posts"}],"about":[{"href":"https:\/\/exaudi.org\/es\/wp-json\/wp\/v2\/types\/post"}],"author":[{"embeddable":true,"href":"https:\/\/exaudi.org\/es\/wp-json\/wp\/v2\/users\/15"}],"replies":[{"embeddable":true,"href":"https:\/\/exaudi.org\/es\/wp-json\/wp\/v2\/comments?post=71129"}],"version-history":[{"count":0,"href":"https:\/\/exaudi.org\/es\/wp-json\/wp\/v2\/posts\/71129\/revisions"}],"wp:featuredmedia":[{"embeddable":true,"href":"https:\/\/exaudi.org\/es\/wp-json\/wp\/v2\/media\/71136"}],"wp:attachment":[{"href":"https:\/\/exaudi.org\/es\/wp-json\/wp\/v2\/media?parent=71129"}],"wp:term":[{"taxonomy":"category","embeddable":true,"href":"https:\/\/exaudi.org\/es\/wp-json\/wp\/v2\/categories?post=71129"},{"taxonomy":"post_tag","embeddable":true,"href":"https:\/\/exaudi.org\/es\/wp-json\/wp\/v2\/tags?post=71129"}],"curies":[{"name":"wp","href":"https:\/\/api.w.org\/{rel}","templated":true}]}}