{"id":71108,"date":"2023-02-27T09:51:41","date_gmt":"2023-02-27T08:51:41","guid":{"rendered":"https:\/\/exaudi.org\/?p=71108"},"modified":"2023-02-27T09:51:41","modified_gmt":"2023-02-27T08:51:41","slug":"vocacion-del-educador-hoy-testigos-de-vida","status":"publish","type":"post","link":"https:\/\/exaudi.org\/es\/vocacion-del-educador-hoy-testigos-de-vida\/","title":{"rendered":"Vocaci\u00f3n del educador hoy: Testigos de Vida"},"content":{"rendered":"<audio class=\"wp-audio-shortcode\" id=\"audio-71108-1\" preload=\"none\" style=\"width: 100%;\" controls=\"controls\"><source type=\"audio\/mpeg\" src=\"https:\/\/exaudi.org\/wp-content\/uploads\/2023\/02\/Vocacion-del-educador-hoy-Testigos-de-Vida-III.mp3?_=1\" \/><a href=\"https:\/\/exaudi.org\/wp-content\/uploads\/2023\/02\/Vocacion-del-educador-hoy-Testigos-de-Vida-III.mp3\">https:\/\/exaudi.org\/wp-content\/uploads\/2023\/02\/Vocacion-del-educador-hoy-Testigos-de-Vida-III.mp3<\/a><\/audio>\n<p>La Academia de L\u00edderes Cat\u00f3licos, en colaboraci\u00f3n con la Organizaci\u00f3n de Universidades Cat\u00f3licas de Am\u00e9rica Latina y el Caribe, la Pontificia Universidad Cat\u00f3lica del Ecuador, la Universidad Cat\u00f3lica de Salta y la Uni\u00f3n Social de Empresarios de M\u00e9xico USEM-Chihuahua, se complace en anunciar la Convocatoria <strong>del III Seminario Internacional de Educaci\u00f3n Cat\u00f3lica. Bajo el tema \u00abVocaci\u00f3n del educador hoy: Testigos de Vida\u00bb<\/strong>, el seminario tiene como objetivo comprender la identidad y la vocaci\u00f3n del educador cat\u00f3lico, abordando los principales desaf\u00edos de la educaci\u00f3n, como la familia, la Iglesia y la revoluci\u00f3n tecnol\u00f3gica.<\/p>\n<p>El programa acad\u00e9mico est\u00e1 certificado por las organizaciones mencionadas y cuenta con profesores de referencia internacionales en educaci\u00f3n, incluyendo <strong>al P. Fernando Ponce, SJ, Rector de la PUCE; Rita Gajate, Rectora de la Universidad Cat\u00f3lica de La Plata; Claudio Rama, Doctor en Educaci\u00f3n por la Universidad Nacional Sim\u00f3n Rodr\u00edguez; Cecilia Sturla, Directora del Instituto de la Familia y la Vida Juan Pablo II de la Universidad Cat\u00f3lica de Salta; Hno. \u00c1lvaro Rodr\u00edguez, Ex Superior General de Los Lasallistas y Ex Presidente de la Uni\u00f3n Mundial de Superiores Generales; y Juan Carlos Romero Hicks, Ex rector de la Universidad de Guanajuato<\/strong>.<\/p>\n<p><strong><u>Este seminario busca comprender la identidad y la vocaci\u00f3n del educador cat\u00f3lico<\/u><\/strong><\/p>\n<p>El Rector Rodolfo Gallo, presidente de la Organizaci\u00f3n de Universidades Cat\u00f3licas de Am\u00e9rica Latina y el Caribe, destaca la importancia del Seminario como respuesta a una necesidad actual en el campo de la educaci\u00f3n, ya que <strong><em>\u00abla educaci\u00f3n es un proceso permanente que debe abrir la mente y el esp\u00edritu a una dimensi\u00f3n nueva y trascendente, y que, en la actualidad, esta b\u00fasqueda de significado se complica a\u00fan m\u00e1s en una cultura &#8216;l\u00edquida&#8217; muy compleja\u00bb.<\/em><\/strong><\/p>\n<p>Para Cl\u00e9lia Peretti, Profesora de la Pontificia Universidad Cat\u00f3lica de Paran\u00e1, <strong><em>\u00abla labor del educador cat\u00f3lico es fundamental, ya que este debe ser un testimonio vivo de los valores cristianos en su vida cotidiana y en su labor educativa. En este sentido, la educaci\u00f3n cat\u00f3lica no s\u00f3lo busca el desarrollo intelectual de los estudiantes, sino tambi\u00e9n su formaci\u00f3n espiritual y moral, basada en el amor, la solidaridad y el respeto a los dem\u00e1s\u00bb.<\/em><\/strong><\/p>\n<p>El seminario ofrece becas del 100% y 80% para obispos, rectores, personas avaladas por obispos, sacerdotes, religiosas, profesores, estudiantes y exalumnos de la Academia. El plazo para postular es antes del 11 de marzo y se puede encontrar m\u00e1s informaci\u00f3n sobre costos y becas en el sitio web <a href=\"https:\/\/liderescatolicos.net\/educacion3\/\">https:\/\/liderescatolicos.net\/educacion3\/\u00a0<\/a><\/p>\n<p><img loading=\"lazy\" decoding=\"async\" class=\"alignleft size-full wp-image-71109\" src=\"https:\/\/exaudi.org\/wp-content\/uploads\/2023\/02\/Diseno-sin-titulo-1.png\" alt=\"\" width=\"1080\" height=\"1080\" srcset=\"https:\/\/exaudi.org\/wp-content\/uploads\/2023\/02\/Diseno-sin-titulo-1.png 1080w, https:\/\/exaudi.org\/wp-content\/uploads\/2023\/02\/Diseno-sin-titulo-1-300x300.png 300w, https:\/\/exaudi.org\/wp-content\/uploads\/2023\/02\/Diseno-sin-titulo-1-1024x1024.png 1024w, https:\/\/exaudi.org\/wp-content\/uploads\/2023\/02\/Diseno-sin-titulo-1-100x100.png?crop=1 100w, https:\/\/exaudi.org\/wp-content\/uploads\/2023\/02\/Diseno-sin-titulo-1-770x770.png 770w, https:\/\/exaudi.org\/wp-content\/uploads\/2023\/02\/Diseno-sin-titulo-1-500x500.png 500w, https:\/\/exaudi.org\/wp-content\/uploads\/2023\/02\/Diseno-sin-titulo-1-293x293.png 293w, https:\/\/exaudi.org\/wp-content\/uploads\/2023\/02\/Diseno-sin-titulo-1-390x390.png 390w, https:\/\/exaudi.org\/wp-content\/uploads\/2023\/02\/Diseno-sin-titulo-1-585x585.png 585w, https:\/\/exaudi.org\/wp-content\/uploads\/2023\/02\/Diseno-sin-titulo-1-900x900.png 900w\" sizes=\"auto, (max-width: 1080px) 100vw, 1080px\" \/> <img loading=\"lazy\" decoding=\"async\" class=\"alignleft size-full wp-image-71112\" src=\"https:\/\/exaudi.org\/wp-content\/uploads\/2023\/02\/Diseno-sin-titulo-2.png\" alt=\"\" width=\"1080\" height=\"1080\" srcset=\"https:\/\/exaudi.org\/wp-content\/uploads\/2023\/02\/Diseno-sin-titulo-2.png 1080w, https:\/\/exaudi.org\/wp-content\/uploads\/2023\/02\/Diseno-sin-titulo-2-300x300.png 300w, https:\/\/exaudi.org\/wp-content\/uploads\/2023\/02\/Diseno-sin-titulo-2-1024x1024.png 1024w, https:\/\/exaudi.org\/wp-content\/uploads\/2023\/02\/Diseno-sin-titulo-2-100x100.png?crop=1 100w, https:\/\/exaudi.org\/wp-content\/uploads\/2023\/02\/Diseno-sin-titulo-2-770x770.png 770w, https:\/\/exaudi.org\/wp-content\/uploads\/2023\/02\/Diseno-sin-titulo-2-500x500.png 500w, https:\/\/exaudi.org\/wp-content\/uploads\/2023\/02\/Diseno-sin-titulo-2-293x293.png 293w, https:\/\/exaudi.org\/wp-content\/uploads\/2023\/02\/Diseno-sin-titulo-2-390x390.png 390w, https:\/\/exaudi.org\/wp-content\/uploads\/2023\/02\/Diseno-sin-titulo-2-585x585.png 585w, https:\/\/exaudi.org\/wp-content\/uploads\/2023\/02\/Diseno-sin-titulo-2-900x900.png 900w\" sizes=\"auto, (max-width: 1080px) 100vw, 1080px\" \/><\/p>\n","protected":false},"excerpt":{"rendered":"<p>III Seminario Internacional de Educaci\u00f3n Cat\u00f3lica<\/p>\n","protected":false},"author":15,"featured_media":71112,"comment_status":"closed","ping_status":"closed","sticky":false,"template":"","format":"standard","meta":{"_acf_changed":false,"_crdt_document":"","inline_featured_image":false,"footnotes":""},"categories":[74],"tags":[765,8494,2423,4953],"class_list":["post-71108","post","type-post","status-publish","format-standard","has-post-thumbnail","hentry","category-iglesia-y-mundo","tag-academia-de-lideres-catolicos","tag-educacion-catolica","tag-seminario","tag-trending-es"],"acf":[],"yoast_head":"<!-- This site is optimized with the Yoast SEO plugin v27.4 - https:\/\/yoast.com\/product\/yoast-seo-wordpress\/ -->\n<title>Vocaci\u00f3n del educador hoy: Testigos de Vida &#8211; Exaudi<\/title>\n<meta name=\"robots\" content=\"index, follow, max-snippet:-1, max-image-preview:large, max-video-preview:-1\" \/>\n<link rel=\"canonical\" href=\"https:\/\/exaudi.org\/es\/vocacion-del-educador-hoy-testigos-de-vida\/\" \/>\n<meta property=\"og:locale\" content=\"es_ES\" \/>\n<meta property=\"og:type\" content=\"article\" \/>\n<meta property=\"og:title\" content=\"Vocaci\u00f3n del educador hoy: Testigos de Vida &#8211; Exaudi\" \/>\n<meta property=\"og:description\" content=\"III Seminario Internacional de Educaci\u00f3n Cat\u00f3lica\" \/>\n<meta property=\"og:url\" content=\"https:\/\/exaudi.org\/es\/vocacion-del-educador-hoy-testigos-de-vida\/\" \/>\n<meta property=\"og:site_name\" content=\"Exaudi\" \/>\n<meta property=\"article:publisher\" content=\"https:\/\/www.facebook.com\/ExaudiNews\" \/>\n<meta property=\"article:author\" content=\"https:\/\/www.facebook.com\/ExaudiNoticias\/\" \/>\n<meta property=\"article:published_time\" content=\"2023-02-27T08:51:41+00:00\" \/>\n<meta property=\"og:image\" content=\"https:\/\/exaudi.org\/wp-content\/uploads\/2023\/02\/Diseno-sin-titulo-2.png\" \/>\n\t<meta property=\"og:image:width\" content=\"1080\" \/>\n\t<meta property=\"og:image:height\" content=\"1080\" \/>\n\t<meta property=\"og:image:type\" content=\"image\/png\" \/>\n<meta name=\"author\" content=\"Exaudi Redacci\u00f3n\" \/>\n<meta name=\"twitter:card\" content=\"summary_large_image\" \/>\n<meta name=\"twitter:creator\" content=\"@Exaudi_noticias\" \/>\n<meta name=\"twitter:site\" content=\"@Exaudi_News\" \/>\n<meta name=\"twitter:label1\" content=\"Escrito por\" \/>\n\t<meta name=\"twitter:data1\" content=\"Exaudi Redacci\u00f3n\" \/>\n\t<meta name=\"twitter:label2\" content=\"Tiempo de lectura\" \/>\n\t<meta name=\"twitter:data2\" content=\"2 minutos\" \/>\n<script type=\"application\/ld+json\" class=\"yoast-schema-graph\">{\"@context\":\"https:\\\/\\\/schema.org\",\"@graph\":[{\"@type\":\"Article\",\"@id\":\"https:\\\/\\\/exaudi.org\\\/es\\\/vocacion-del-educador-hoy-testigos-de-vida\\\/#article\",\"isPartOf\":{\"@id\":\"https:\\\/\\\/exaudi.org\\\/es\\\/vocacion-del-educador-hoy-testigos-de-vida\\\/\"},\"author\":{\"name\":\"Exaudi Redacci\u00f3n\",\"@id\":\"https:\\\/\\\/exaudi.org\\\/#\\\/schema\\\/person\\\/f5fc8f063065e38742da7afe15f25df7\"},\"headline\":\"Vocaci\u00f3n del educador hoy: Testigos de Vida\",\"datePublished\":\"2023-02-27T08:51:41+00:00\",\"mainEntityOfPage\":{\"@id\":\"https:\\\/\\\/exaudi.org\\\/es\\\/vocacion-del-educador-hoy-testigos-de-vida\\\/\"},\"wordCount\":471,\"image\":{\"@id\":\"https:\\\/\\\/exaudi.org\\\/es\\\/vocacion-del-educador-hoy-testigos-de-vida\\\/#primaryimage\"},\"thumbnailUrl\":\"https:\\\/\\\/exaudi.org\\\/wp-content\\\/uploads\\\/2023\\\/02\\\/Diseno-sin-titulo-2.png\",\"keywords\":[\"Academia de L\u00edderes Cat\u00f3licos\",\"Educaci\u00f3n Cat\u00f3lica\",\"Seminario\",\"Trending\"],\"articleSection\":[\"Iglesia y Mundo\"],\"inLanguage\":\"es\"},{\"@type\":\"WebPage\",\"@id\":\"https:\\\/\\\/exaudi.org\\\/es\\\/vocacion-del-educador-hoy-testigos-de-vida\\\/\",\"url\":\"https:\\\/\\\/exaudi.org\\\/es\\\/vocacion-del-educador-hoy-testigos-de-vida\\\/\",\"name\":\"Vocaci\u00f3n del educador hoy: Testigos de Vida &#8211; Exaudi\",\"isPartOf\":{\"@id\":\"https:\\\/\\\/exaudi.org\\\/#website\"},\"primaryImageOfPage\":{\"@id\":\"https:\\\/\\\/exaudi.org\\\/es\\\/vocacion-del-educador-hoy-testigos-de-vida\\\/#primaryimage\"},\"image\":{\"@id\":\"https:\\\/\\\/exaudi.org\\\/es\\\/vocacion-del-educador-hoy-testigos-de-vida\\\/#primaryimage\"},\"thumbnailUrl\":\"https:\\\/\\\/exaudi.org\\\/wp-content\\\/uploads\\\/2023\\\/02\\\/Diseno-sin-titulo-2.png\",\"datePublished\":\"2023-02-27T08:51:41+00:00\",\"author\":{\"@id\":\"https:\\\/\\\/exaudi.org\\\/#\\\/schema\\\/person\\\/f5fc8f063065e38742da7afe15f25df7\"},\"breadcrumb\":{\"@id\":\"https:\\\/\\\/exaudi.org\\\/es\\\/vocacion-del-educador-hoy-testigos-de-vida\\\/#breadcrumb\"},\"inLanguage\":\"es\",\"potentialAction\":[{\"@type\":\"ReadAction\",\"target\":[\"https:\\\/\\\/exaudi.org\\\/es\\\/vocacion-del-educador-hoy-testigos-de-vida\\\/\"]}]},{\"@type\":\"ImageObject\",\"inLanguage\":\"es\",\"@id\":\"https:\\\/\\\/exaudi.org\\\/es\\\/vocacion-del-educador-hoy-testigos-de-vida\\\/#primaryimage\",\"url\":\"https:\\\/\\\/exaudi.org\\\/wp-content\\\/uploads\\\/2023\\\/02\\\/Diseno-sin-titulo-2.png\",\"contentUrl\":\"https:\\\/\\\/exaudi.org\\\/wp-content\\\/uploads\\\/2023\\\/02\\\/Diseno-sin-titulo-2.png\",\"width\":1080,\"height\":1080},{\"@type\":\"BreadcrumbList\",\"@id\":\"https:\\\/\\\/exaudi.org\\\/es\\\/vocacion-del-educador-hoy-testigos-de-vida\\\/#breadcrumb\",\"itemListElement\":[{\"@type\":\"ListItem\",\"position\":1,\"name\":\"Portada\",\"item\":\"https:\\\/\\\/exaudi.org\\\/es\\\/\"},{\"@type\":\"ListItem\",\"position\":2,\"name\":\"Vocaci\u00f3n del educador hoy: Testigos de Vida\"}]},{\"@type\":\"WebSite\",\"@id\":\"https:\\\/\\\/exaudi.org\\\/#website\",\"url\":\"https:\\\/\\\/exaudi.org\\\/\",\"name\":\"Exaudi\",\"description\":\"News\",\"potentialAction\":[{\"@type\":\"SearchAction\",\"target\":{\"@type\":\"EntryPoint\",\"urlTemplate\":\"https:\\\/\\\/exaudi.org\\\/?s={search_term_string}\"},\"query-input\":{\"@type\":\"PropertyValueSpecification\",\"valueRequired\":true,\"valueName\":\"search_term_string\"}}],\"inLanguage\":\"es\"},{\"@type\":\"Person\",\"@id\":\"https:\\\/\\\/exaudi.org\\\/#\\\/schema\\\/person\\\/f5fc8f063065e38742da7afe15f25df7\",\"name\":\"Exaudi Redacci\u00f3n\",\"image\":{\"@type\":\"ImageObject\",\"inLanguage\":\"es\",\"@id\":\"https:\\\/\\\/secure.gravatar.com\\\/avatar\\\/fe0f6a059fb68d9b3e11bc5850dd4899b1c7492091a3cb6dd9b01b56ad828be2?s=96&d=mm&r=g\",\"url\":\"https:\\\/\\\/secure.gravatar.com\\\/avatar\\\/fe0f6a059fb68d9b3e11bc5850dd4899b1c7492091a3cb6dd9b01b56ad828be2?s=96&d=mm&r=g\",\"contentUrl\":\"https:\\\/\\\/secure.gravatar.com\\\/avatar\\\/fe0f6a059fb68d9b3e11bc5850dd4899b1c7492091a3cb6dd9b01b56ad828be2?s=96&d=mm&r=g\",\"caption\":\"Exaudi Redacci\u00f3n\"},\"description\":\"\u00bfQu\u00e9 es Exaudi News? Exaudi News es un medio de comunicaci\u00f3n cat\u00f3lico internacional que informa, forma y transforma, diariamente en espa\u00f1ol, ingl\u00e9s e italiano. A trav\u00e9s de noticias, art\u00edculos de an\u00e1lisis y transmisiones en directo de los eventos del Papa, Exaudi busca fortalecer la unidad de los cristianos y contribuir a la evangelizaci\u00f3n del mundo, siempre guiados por la doctrina social de la Iglesia. Trabajamos para acercar la verdad y los valores cristianos a cada rinc\u00f3n del planeta. \u00a1Ay\u00fadanos a transformar el mundo con Exaudi! En Exaudi creemos que la evangelizaci\u00f3n y la informaci\u00f3n de calidad pueden cambiar vidas. Para continuar con nuestra misi\u00f3n y expandir nuestro alcance, necesitamos tu ayuda. Adem\u00e1s, buscamos personas comprometidas que deseen unirse a nuestro equipo. Con tu apoyo, lograremos llegar a m\u00e1s personas, difundir el mensaje de Cristo y reforzar la unidad de los cristianos. \u00bfTe unes a nuestra misi\u00f3n? Para m\u00e1s informaci\u00f3n sobre c\u00f3mo colaborar, visita Exaudi.org\\\/es o cont\u00e1ctanos directamente: info@exaudi.org Exaudi: Informa, forma y transforma.\",\"sameAs\":[\"https:\\\/\\\/www.facebook.com\\\/ExaudiNoticias\\\/\",\"https:\\\/\\\/www.instagram.com\\\/exaudi_noticias\\\/\",\"https:\\\/\\\/x.com\\\/Exaudi_noticias\",\"https:\\\/\\\/www.youtube.com\\\/@exaudicatholicnews\"],\"url\":\"https:\\\/\\\/exaudi.org\\\/es\\\/author\\\/redaccionexaudi\\\/\"}]}<\/script>\n<!-- \/ Yoast SEO plugin. -->","yoast_head_json":{"title":"Vocaci\u00f3n del educador hoy: Testigos de Vida &#8211; Exaudi","robots":{"index":"index","follow":"follow","max-snippet":"max-snippet:-1","max-image-preview":"max-image-preview:large","max-video-preview":"max-video-preview:-1"},"canonical":"https:\/\/exaudi.org\/es\/vocacion-del-educador-hoy-testigos-de-vida\/","og_locale":"es_ES","og_type":"article","og_title":"Vocaci\u00f3n del educador hoy: Testigos de Vida &#8211; Exaudi","og_description":"III Seminario Internacional de Educaci\u00f3n Cat\u00f3lica","og_url":"https:\/\/exaudi.org\/es\/vocacion-del-educador-hoy-testigos-de-vida\/","og_site_name":"Exaudi","article_publisher":"https:\/\/www.facebook.com\/ExaudiNews","article_author":"https:\/\/www.facebook.com\/ExaudiNoticias\/","article_published_time":"2023-02-27T08:51:41+00:00","og_image":[{"width":1080,"height":1080,"url":"https:\/\/exaudi.org\/wp-content\/uploads\/2023\/02\/Diseno-sin-titulo-2.png","type":"image\/png"}],"author":"Exaudi Redacci\u00f3n","twitter_card":"summary_large_image","twitter_creator":"@Exaudi_noticias","twitter_site":"@Exaudi_News","twitter_misc":{"Escrito por":"Exaudi Redacci\u00f3n","Tiempo de lectura":"2 minutos"},"schema":{"@context":"https:\/\/schema.org","@graph":[{"@type":"Article","@id":"https:\/\/exaudi.org\/es\/vocacion-del-educador-hoy-testigos-de-vida\/#article","isPartOf":{"@id":"https:\/\/exaudi.org\/es\/vocacion-del-educador-hoy-testigos-de-vida\/"},"author":{"name":"Exaudi Redacci\u00f3n","@id":"https:\/\/exaudi.org\/#\/schema\/person\/f5fc8f063065e38742da7afe15f25df7"},"headline":"Vocaci\u00f3n del educador hoy: Testigos de Vida","datePublished":"2023-02-27T08:51:41+00:00","mainEntityOfPage":{"@id":"https:\/\/exaudi.org\/es\/vocacion-del-educador-hoy-testigos-de-vida\/"},"wordCount":471,"image":{"@id":"https:\/\/exaudi.org\/es\/vocacion-del-educador-hoy-testigos-de-vida\/#primaryimage"},"thumbnailUrl":"https:\/\/exaudi.org\/wp-content\/uploads\/2023\/02\/Diseno-sin-titulo-2.png","keywords":["Academia de L\u00edderes Cat\u00f3licos","Educaci\u00f3n Cat\u00f3lica","Seminario","Trending"],"articleSection":["Iglesia y Mundo"],"inLanguage":"es"},{"@type":"WebPage","@id":"https:\/\/exaudi.org\/es\/vocacion-del-educador-hoy-testigos-de-vida\/","url":"https:\/\/exaudi.org\/es\/vocacion-del-educador-hoy-testigos-de-vida\/","name":"Vocaci\u00f3n del educador hoy: Testigos de Vida &#8211; Exaudi","isPartOf":{"@id":"https:\/\/exaudi.org\/#website"},"primaryImageOfPage":{"@id":"https:\/\/exaudi.org\/es\/vocacion-del-educador-hoy-testigos-de-vida\/#primaryimage"},"image":{"@id":"https:\/\/exaudi.org\/es\/vocacion-del-educador-hoy-testigos-de-vida\/#primaryimage"},"thumbnailUrl":"https:\/\/exaudi.org\/wp-content\/uploads\/2023\/02\/Diseno-sin-titulo-2.png","datePublished":"2023-02-27T08:51:41+00:00","author":{"@id":"https:\/\/exaudi.org\/#\/schema\/person\/f5fc8f063065e38742da7afe15f25df7"},"breadcrumb":{"@id":"https:\/\/exaudi.org\/es\/vocacion-del-educador-hoy-testigos-de-vida\/#breadcrumb"},"inLanguage":"es","potentialAction":[{"@type":"ReadAction","target":["https:\/\/exaudi.org\/es\/vocacion-del-educador-hoy-testigos-de-vida\/"]}]},{"@type":"ImageObject","inLanguage":"es","@id":"https:\/\/exaudi.org\/es\/vocacion-del-educador-hoy-testigos-de-vida\/#primaryimage","url":"https:\/\/exaudi.org\/wp-content\/uploads\/2023\/02\/Diseno-sin-titulo-2.png","contentUrl":"https:\/\/exaudi.org\/wp-content\/uploads\/2023\/02\/Diseno-sin-titulo-2.png","width":1080,"height":1080},{"@type":"BreadcrumbList","@id":"https:\/\/exaudi.org\/es\/vocacion-del-educador-hoy-testigos-de-vida\/#breadcrumb","itemListElement":[{"@type":"ListItem","position":1,"name":"Portada","item":"https:\/\/exaudi.org\/es\/"},{"@type":"ListItem","position":2,"name":"Vocaci\u00f3n del educador hoy: Testigos de Vida"}]},{"@type":"WebSite","@id":"https:\/\/exaudi.org\/#website","url":"https:\/\/exaudi.org\/","name":"Exaudi","description":"News","potentialAction":[{"@type":"SearchAction","target":{"@type":"EntryPoint","urlTemplate":"https:\/\/exaudi.org\/?s={search_term_string}"},"query-input":{"@type":"PropertyValueSpecification","valueRequired":true,"valueName":"search_term_string"}}],"inLanguage":"es"},{"@type":"Person","@id":"https:\/\/exaudi.org\/#\/schema\/person\/f5fc8f063065e38742da7afe15f25df7","name":"Exaudi Redacci\u00f3n","image":{"@type":"ImageObject","inLanguage":"es","@id":"https:\/\/secure.gravatar.com\/avatar\/fe0f6a059fb68d9b3e11bc5850dd4899b1c7492091a3cb6dd9b01b56ad828be2?s=96&d=mm&r=g","url":"https:\/\/secure.gravatar.com\/avatar\/fe0f6a059fb68d9b3e11bc5850dd4899b1c7492091a3cb6dd9b01b56ad828be2?s=96&d=mm&r=g","contentUrl":"https:\/\/secure.gravatar.com\/avatar\/fe0f6a059fb68d9b3e11bc5850dd4899b1c7492091a3cb6dd9b01b56ad828be2?s=96&d=mm&r=g","caption":"Exaudi Redacci\u00f3n"},"description":"\u00bfQu\u00e9 es Exaudi News? Exaudi News es un medio de comunicaci\u00f3n cat\u00f3lico internacional que informa, forma y transforma, diariamente en espa\u00f1ol, ingl\u00e9s e italiano. A trav\u00e9s de noticias, art\u00edculos de an\u00e1lisis y transmisiones en directo de los eventos del Papa, Exaudi busca fortalecer la unidad de los cristianos y contribuir a la evangelizaci\u00f3n del mundo, siempre guiados por la doctrina social de la Iglesia. Trabajamos para acercar la verdad y los valores cristianos a cada rinc\u00f3n del planeta. \u00a1Ay\u00fadanos a transformar el mundo con Exaudi! En Exaudi creemos que la evangelizaci\u00f3n y la informaci\u00f3n de calidad pueden cambiar vidas. Para continuar con nuestra misi\u00f3n y expandir nuestro alcance, necesitamos tu ayuda. Adem\u00e1s, buscamos personas comprometidas que deseen unirse a nuestro equipo. Con tu apoyo, lograremos llegar a m\u00e1s personas, difundir el mensaje de Cristo y reforzar la unidad de los cristianos. \u00bfTe unes a nuestra misi\u00f3n? Para m\u00e1s informaci\u00f3n sobre c\u00f3mo colaborar, visita Exaudi.org\/es o cont\u00e1ctanos directamente: info@exaudi.org Exaudi: Informa, forma y transforma.","sameAs":["https:\/\/www.facebook.com\/ExaudiNoticias\/","https:\/\/www.instagram.com\/exaudi_noticias\/","https:\/\/x.com\/Exaudi_noticias","https:\/\/www.youtube.com\/@exaudicatholicnews"],"url":"https:\/\/exaudi.org\/es\/author\/redaccionexaudi\/"}]}},"jetpack_featured_media_url":"https:\/\/exaudi.org\/wp-content\/uploads\/2023\/02\/Diseno-sin-titulo-2.png","jetpack_shortlink":"https:\/\/wp.me\/pgKjF2-iuU","_links":{"self":[{"href":"https:\/\/exaudi.org\/es\/wp-json\/wp\/v2\/posts\/71108","targetHints":{"allow":["GET"]}}],"collection":[{"href":"https:\/\/exaudi.org\/es\/wp-json\/wp\/v2\/posts"}],"about":[{"href":"https:\/\/exaudi.org\/es\/wp-json\/wp\/v2\/types\/post"}],"author":[{"embeddable":true,"href":"https:\/\/exaudi.org\/es\/wp-json\/wp\/v2\/users\/15"}],"replies":[{"embeddable":true,"href":"https:\/\/exaudi.org\/es\/wp-json\/wp\/v2\/comments?post=71108"}],"version-history":[{"count":0,"href":"https:\/\/exaudi.org\/es\/wp-json\/wp\/v2\/posts\/71108\/revisions"}],"wp:featuredmedia":[{"embeddable":true,"href":"https:\/\/exaudi.org\/es\/wp-json\/wp\/v2\/media\/71112"}],"wp:attachment":[{"href":"https:\/\/exaudi.org\/es\/wp-json\/wp\/v2\/media?parent=71108"}],"wp:term":[{"taxonomy":"category","embeddable":true,"href":"https:\/\/exaudi.org\/es\/wp-json\/wp\/v2\/categories?post=71108"},{"taxonomy":"post_tag","embeddable":true,"href":"https:\/\/exaudi.org\/es\/wp-json\/wp\/v2\/tags?post=71108"}],"curies":[{"name":"wp","href":"https:\/\/api.w.org\/{rel}","templated":true}]}}