{"id":71097,"date":"2023-02-27T09:41:39","date_gmt":"2023-02-27T08:41:39","guid":{"rendered":"https:\/\/exaudi.org\/?p=71097"},"modified":"2023-02-27T09:47:20","modified_gmt":"2023-02-27T08:47:20","slug":"artesanos-de-la-sinodalidad","status":"publish","type":"post","link":"https:\/\/exaudi.org\/es\/artesanos-de-la-sinodalidad\/","title":{"rendered":"Artesanos de la sinodalidad"},"content":{"rendered":"<audio class=\"wp-audio-shortcode\" id=\"audio-71097-1\" preload=\"none\" style=\"width: 100%;\" controls=\"controls\"><source type=\"audio\/mpeg\" src=\"https:\/\/exaudi.org\/wp-content\/uploads\/2023\/02\/Artesanos-de-la-sinodalidad-Practicamente-as.mp3?_=1\" \/><a href=\"https:\/\/exaudi.org\/wp-content\/uploads\/2023\/02\/Artesanos-de-la-sinodalidad-Practicamente-as.mp3\">https:\/\/exaudi.org\/wp-content\/uploads\/2023\/02\/Artesanos-de-la-sinodalidad-Practicamente-as.mp3<\/a><\/audio>\n<p>Pr\u00e1cticamente as\u00ed concluye el mensaje del Papa para la cuaresma 2023: ser \u201cartesanos de la sinodalidad en la vida ordinaria.\u201d La palabra \u201cs\u00ednodo\u201d as\u00ed como la \u201csinodalidad\u201d est\u00e1n de moda en el ambiente eclesi\u00e1stico hodierno. Como puede adquirir una significaci\u00f3n ambigua, e incluso abusiva (como en el <em>camino sinodal alem\u00e1n<\/em>), siempre resulta \u00fatil acudir a la ra\u00edz etimol\u00f3gica de la palabra. Descubrir de d\u00f3nde viene, para entender lo que ahora nos comunica. El origen de la palabra es griego, viene de \u201c<em>Syn<\/em>\u201d, que significa \u201ccon\u201d, \u201cacci\u00f3n conjunta\u201d, \u201creuni\u00f3n\u201d; y \u201c<em>\u00f3dos<\/em>\u201d que significa: \u201ccamino\u201d, \u201cviaje\u201d, \u201cruta\u201d. Es decir, uniendo las dos ra\u00edces, \u201cs\u00ednodo\u201d vendr\u00eda a ser \u201ccaminar juntos como Iglesia\u201d que, a su vez, etimol\u00f3gicamente significa \u201cconvocaci\u00f3n\u201d, \u201creuni\u00f3n para alabar a Dios\u201d.<\/p>\n<p>\u00bfQu\u00e9 quiere decir Francisco con la invitaci\u00f3n a convertirnos en \u201cartesanos de la sinodalidad en la vida ordinaria? Fundamentalmente designa el hecho de que no vamos al Cielo solos, cada quien por su lado, atendiendo a sus exclusivos intereses. Vamos, por el contrario, al encuentro con Cristo, en conjunto, formando una comunidad, una Iglesia. La sinodalidad se opone as\u00ed al intimismo espiritualista, seg\u00fan el cual \u2013cargando un poco las tintas- me dirijo yo personalmente hacia a Dios y, por lo dem\u00e1s, que se hunda el mundo, lo importante es mi salvaci\u00f3n personal. Ese insano ego\u00edsmo espiritual no es cristiano, no es cat\u00f3lico. La Iglesia es la \u201cconvocaci\u00f3n\u201d, la \u201creuni\u00f3n de los que alaban a Yahv\u00e9\u201d. El camino sinodal nos recuerda que todos formamos parte viva de esa Iglesia, lo que en la pr\u00e1ctica significa que no vamos solos hacia a Dios, sino haciendo sinergia unos con otros.<\/p>\n<p>Por eso es en la vida ordinaria donde se pone de manifiesto nuestro andar sinodal. Es ah\u00ed donde se pone de relieve c\u00f3mo vivimos nuestra vida, si mirando solamente por nosotros, o abriendo los ojos, para reconocer en nuestros semejantes una especie de atajo hacia Cristo. En una figura muy sencilla, podr\u00eda decirse que el camino sinodal nos invita a ser \u201ccristianos puente\u201d y no \u201ccristianos muro\u201d. A ser \u201cpont\u00edfices\u201d en el ejercicio del sacerdocio real que tenemos por el bautismo. La significaci\u00f3n de la palabra \u201cs\u00ednodo\u201d es m\u00e1s amplia a\u00fan. No se limita a se\u00f1alar el camino correcto, el camino que nos lleva a Dios, tampoco es solamente hacer posible ese encuentro con Cristo, lo cu\u00e1l ser\u00eda equivalente a la funci\u00f3n del puente, sino que va a\u00fan m\u00e1s all\u00e1, y supone una invitaci\u00f3n a recorrer juntos ese camino.<\/p>\n<p>Sinodalidad entonces no es s\u00f3lo ser \u201ccristianos referenciales\u201d, es decir, que indican el camino correcto, pero no lo recorren. Caer\u00edamos en la cr\u00edtica que Jes\u00fas hace del farise\u00edsmo, se\u00f1alando que ponen pesos insoportables en las espaldas del pr\u00f3jimo, pero ellos no las tocan ni con la punta del dedo (cfr. <em>Mateo<\/em> 23, 4). No s\u00f3lo \u2013y ya es bastante- significa que debemos ser \u201ccristianos puente\u201d, es decir, personas que hacen posible el encuentro con Cristo, quienes con su vida, con el aroma de su existencia invitan a la comuni\u00f3n con Jes\u00fas. S\u00ednodo es m\u00e1s a\u00fan, designa el hecho de que juntos recorremos el camino hacia Dios, hacia Jes\u00fas. No supone una posici\u00f3n de superioridad espiritual, por la cual yo te doy la mano, para que t\u00fa subas, sino que ambos nos ayudamos y nos complementamos en ese esfuerzo por alcanzar al Se\u00f1or.<\/p>\n<p>San Josemar\u00eda lo resumir\u00eda en una expresi\u00f3n concreta: \u201ctodos somos oveja y pastor\u201d. Todos ayudamos a los dem\u00e1s, pero a la vez somos sostenidos por los dem\u00e1s en esa b\u00fasqueda de Dios. Debemos buscar a Dios no en solitario, sino como el \u201cPueblo de Dios en marcha\u201d. El encuentro con Cristo no es una conquista personal e individualista, sino que es un fen\u00f3meno eclesial, hecho posible por la sinodalidad. Ser artesanos de la sinodalidad en la vida corriente, constituye la invitaci\u00f3n para descubrir a Cristo en nuestra vida y compartir esa experiencia con los dem\u00e1s.<\/p>\n<p>Por eso, la exhortaci\u00f3n cuaresmal del Papa nos invita a que tengamos una experiencia m\u00e1s fuerte de la Iglesia y a la vez, una poderosa percepci\u00f3n del misterio de la \u201ccomuni\u00f3n de los santos\u201d, verdad de fe que proclamamos en el credo dominical, pero que a veces olvidamos en la vida corriente. \u00bfQu\u00e9 designa esa expresi\u00f3n? El hecho de que \u201cninguno de nosotros es un verso aislado\u201d \u2013en expresi\u00f3n de san Josemar\u00eda-, la realidad de que \u201ccada uno es necesario\u201d, en expresi\u00f3n de Benedicto XVI. Es en las cosas m\u00e1s menudas y corrientes, en lo m\u00e1s profundo de nuestra cotidianeidad, donde encontramos la comuni\u00f3n con Cristo a trav\u00e9s de los dem\u00e1s.<\/p>\n<p><img loading=\"lazy\" decoding=\"async\" class=\"alignleft size-full wp-image-71104\" src=\"https:\/\/exaudi.org\/wp-content\/uploads\/2023\/02\/Voces-7.jpg\" alt=\"\" width=\"1080\" height=\"1080\" srcset=\"https:\/\/exaudi.org\/wp-content\/uploads\/2023\/02\/Voces-7.jpg 1080w, https:\/\/exaudi.org\/wp-content\/uploads\/2023\/02\/Voces-7-300x300.jpg 300w, https:\/\/exaudi.org\/wp-content\/uploads\/2023\/02\/Voces-7-1024x1024.jpg 1024w, https:\/\/exaudi.org\/wp-content\/uploads\/2023\/02\/Voces-7-100x100.jpg?crop=1 100w, https:\/\/exaudi.org\/wp-content\/uploads\/2023\/02\/Voces-7-770x770.jpg 770w, https:\/\/exaudi.org\/wp-content\/uploads\/2023\/02\/Voces-7-500x500.jpg 500w, https:\/\/exaudi.org\/wp-content\/uploads\/2023\/02\/Voces-7-293x293.jpg 293w, https:\/\/exaudi.org\/wp-content\/uploads\/2023\/02\/Voces-7-390x390.jpg 390w, https:\/\/exaudi.org\/wp-content\/uploads\/2023\/02\/Voces-7-585x585.jpg 585w, https:\/\/exaudi.org\/wp-content\/uploads\/2023\/02\/Voces-7-900x900.jpg 900w\" sizes=\"auto, (max-width: 1080px) 100vw, 1080px\" \/><\/p>\n","protected":false},"excerpt":{"rendered":"<p>En la vida ordinaria<\/p>\n","protected":false},"author":116,"featured_media":71098,"comment_status":"closed","ping_status":"closed","sticky":false,"template":"","format":"standard","meta":{"_acf_changed":false,"_crdt_document":"","inline_featured_image":false,"footnotes":""},"categories":[130],"tags":[1473,548,158,3007,4953],"class_list":["post-71097","post","type-post","status-publish","format-standard","has-post-thumbnail","hentry","category-voces","tag-comunion-de-los-santos","tag-cristianos","tag-papa-francisco","tag-sinodalidad-es","tag-trending-es"],"acf":[],"yoast_head":"<!-- This site is optimized with the Yoast SEO plugin v27.5 - https:\/\/yoast.com\/product\/yoast-seo-wordpress\/ -->\n<title>Artesanos de la sinodalidad &#8211; Exaudi<\/title>\n<meta name=\"robots\" content=\"index, follow, max-snippet:-1, max-image-preview:large, max-video-preview:-1\" \/>\n<link rel=\"canonical\" href=\"https:\/\/exaudi.org\/es\/artesanos-de-la-sinodalidad\/\" \/>\n<meta property=\"og:locale\" content=\"es_ES\" \/>\n<meta property=\"og:type\" content=\"article\" \/>\n<meta property=\"og:title\" content=\"Artesanos de la sinodalidad &#8211; Exaudi\" \/>\n<meta property=\"og:description\" content=\"En la vida ordinaria\" \/>\n<meta property=\"og:url\" content=\"https:\/\/exaudi.org\/es\/artesanos-de-la-sinodalidad\/\" \/>\n<meta property=\"og:site_name\" content=\"Exaudi\" \/>\n<meta property=\"article:publisher\" content=\"https:\/\/www.facebook.com\/ExaudiNews\" \/>\n<meta property=\"article:published_time\" content=\"2023-02-27T08:41:39+00:00\" \/>\n<meta property=\"article:modified_time\" content=\"2023-02-27T08:47:20+00:00\" \/>\n<meta property=\"og:image\" content=\"https:\/\/exaudi.org\/wp-content\/uploads\/2023\/02\/pexels-anna-shvets-5760879-scaled.jpg\" \/>\n\t<meta property=\"og:image:width\" content=\"2560\" \/>\n\t<meta property=\"og:image:height\" content=\"1707\" \/>\n\t<meta property=\"og:image:type\" content=\"image\/jpeg\" \/>\n<meta name=\"author\" content=\"Salvador Fabre\" \/>\n<meta name=\"twitter:card\" content=\"summary_large_image\" \/>\n<meta name=\"twitter:creator\" content=\"@Exaudi_News\" \/>\n<meta name=\"twitter:site\" content=\"@Exaudi_News\" \/>\n<meta name=\"twitter:label1\" content=\"Escrito por\" \/>\n\t<meta name=\"twitter:data1\" content=\"Salvador Fabre\" \/>\n\t<meta name=\"twitter:label2\" content=\"Tiempo de lectura\" \/>\n\t<meta name=\"twitter:data2\" content=\"4 minutos\" \/>\n<script type=\"application\/ld+json\" class=\"yoast-schema-graph\">{\"@context\":\"https:\\\/\\\/schema.org\",\"@graph\":[{\"@type\":\"Article\",\"@id\":\"https:\\\/\\\/exaudi.org\\\/es\\\/artesanos-de-la-sinodalidad\\\/#article\",\"isPartOf\":{\"@id\":\"https:\\\/\\\/exaudi.org\\\/es\\\/artesanos-de-la-sinodalidad\\\/\"},\"author\":{\"name\":\"Salvador Fabre\",\"@id\":\"https:\\\/\\\/exaudi.org\\\/#\\\/schema\\\/person\\\/29b1dbd9f3952eecacfc704ca1a473a8\"},\"headline\":\"Artesanos de la sinodalidad\",\"datePublished\":\"2023-02-27T08:41:39+00:00\",\"dateModified\":\"2023-02-27T08:47:20+00:00\",\"mainEntityOfPage\":{\"@id\":\"https:\\\/\\\/exaudi.org\\\/es\\\/artesanos-de-la-sinodalidad\\\/\"},\"wordCount\":844,\"image\":{\"@id\":\"https:\\\/\\\/exaudi.org\\\/es\\\/artesanos-de-la-sinodalidad\\\/#primaryimage\"},\"thumbnailUrl\":\"https:\\\/\\\/exaudi.org\\\/wp-content\\\/uploads\\\/2023\\\/02\\\/pexels-anna-shvets-5760879-scaled.jpg\",\"keywords\":[\"Comuni\u00f3n de los santos\",\"cristianos\",\"papa francisco\",\"Sinodalidad\",\"Trending\"],\"articleSection\":[\"Voces\"],\"inLanguage\":\"es\"},{\"@type\":\"WebPage\",\"@id\":\"https:\\\/\\\/exaudi.org\\\/es\\\/artesanos-de-la-sinodalidad\\\/\",\"url\":\"https:\\\/\\\/exaudi.org\\\/es\\\/artesanos-de-la-sinodalidad\\\/\",\"name\":\"Artesanos de la sinodalidad &#8211; Exaudi\",\"isPartOf\":{\"@id\":\"https:\\\/\\\/exaudi.org\\\/#website\"},\"primaryImageOfPage\":{\"@id\":\"https:\\\/\\\/exaudi.org\\\/es\\\/artesanos-de-la-sinodalidad\\\/#primaryimage\"},\"image\":{\"@id\":\"https:\\\/\\\/exaudi.org\\\/es\\\/artesanos-de-la-sinodalidad\\\/#primaryimage\"},\"thumbnailUrl\":\"https:\\\/\\\/exaudi.org\\\/wp-content\\\/uploads\\\/2023\\\/02\\\/pexels-anna-shvets-5760879-scaled.jpg\",\"datePublished\":\"2023-02-27T08:41:39+00:00\",\"dateModified\":\"2023-02-27T08:47:20+00:00\",\"author\":{\"@id\":\"https:\\\/\\\/exaudi.org\\\/#\\\/schema\\\/person\\\/29b1dbd9f3952eecacfc704ca1a473a8\"},\"breadcrumb\":{\"@id\":\"https:\\\/\\\/exaudi.org\\\/es\\\/artesanos-de-la-sinodalidad\\\/#breadcrumb\"},\"inLanguage\":\"es\",\"potentialAction\":[{\"@type\":\"ReadAction\",\"target\":[\"https:\\\/\\\/exaudi.org\\\/es\\\/artesanos-de-la-sinodalidad\\\/\"]}]},{\"@type\":\"ImageObject\",\"inLanguage\":\"es\",\"@id\":\"https:\\\/\\\/exaudi.org\\\/es\\\/artesanos-de-la-sinodalidad\\\/#primaryimage\",\"url\":\"https:\\\/\\\/exaudi.org\\\/wp-content\\\/uploads\\\/2023\\\/02\\\/pexels-anna-shvets-5760879-scaled.jpg\",\"contentUrl\":\"https:\\\/\\\/exaudi.org\\\/wp-content\\\/uploads\\\/2023\\\/02\\\/pexels-anna-shvets-5760879-scaled.jpg\",\"width\":2560,\"height\":1707,\"caption\":\"(C) Pexels\"},{\"@type\":\"BreadcrumbList\",\"@id\":\"https:\\\/\\\/exaudi.org\\\/es\\\/artesanos-de-la-sinodalidad\\\/#breadcrumb\",\"itemListElement\":[{\"@type\":\"ListItem\",\"position\":1,\"name\":\"Portada\",\"item\":\"https:\\\/\\\/exaudi.org\\\/es\\\/\"},{\"@type\":\"ListItem\",\"position\":2,\"name\":\"Artesanos de la sinodalidad\"}]},{\"@type\":\"WebSite\",\"@id\":\"https:\\\/\\\/exaudi.org\\\/#website\",\"url\":\"https:\\\/\\\/exaudi.org\\\/\",\"name\":\"Exaudi\",\"description\":\"News\",\"potentialAction\":[{\"@type\":\"SearchAction\",\"target\":{\"@type\":\"EntryPoint\",\"urlTemplate\":\"https:\\\/\\\/exaudi.org\\\/?s={search_term_string}\"},\"query-input\":{\"@type\":\"PropertyValueSpecification\",\"valueRequired\":true,\"valueName\":\"search_term_string\"}}],\"inLanguage\":\"es\"},{\"@type\":\"Person\",\"@id\":\"https:\\\/\\\/exaudi.org\\\/#\\\/schema\\\/person\\\/29b1dbd9f3952eecacfc704ca1a473a8\",\"name\":\"Salvador Fabre\",\"image\":{\"@type\":\"ImageObject\",\"inLanguage\":\"es\",\"@id\":\"https:\\\/\\\/secure.gravatar.com\\\/avatar\\\/8d1a5a78ba86b9a8255e1c5b454943b9168b1dc31a275487309b73b631a7ac5d?s=96&d=mm&r=g\",\"url\":\"https:\\\/\\\/secure.gravatar.com\\\/avatar\\\/8d1a5a78ba86b9a8255e1c5b454943b9168b1dc31a275487309b73b631a7ac5d?s=96&d=mm&r=g\",\"contentUrl\":\"https:\\\/\\\/secure.gravatar.com\\\/avatar\\\/8d1a5a78ba86b9a8255e1c5b454943b9168b1dc31a275487309b73b631a7ac5d?s=96&d=mm&r=g\",\"caption\":\"Salvador Fabre\"},\"description\":\"Doctor en filosof\u00eda - Pensar en Cristiano\",\"url\":\"https:\\\/\\\/exaudi.org\\\/es\\\/author\\\/dr-salvador-fabre\\\/\"}]}<\/script>\n<!-- \/ Yoast SEO plugin. -->","yoast_head_json":{"title":"Artesanos de la sinodalidad &#8211; Exaudi","robots":{"index":"index","follow":"follow","max-snippet":"max-snippet:-1","max-image-preview":"max-image-preview:large","max-video-preview":"max-video-preview:-1"},"canonical":"https:\/\/exaudi.org\/es\/artesanos-de-la-sinodalidad\/","og_locale":"es_ES","og_type":"article","og_title":"Artesanos de la sinodalidad &#8211; Exaudi","og_description":"En la vida ordinaria","og_url":"https:\/\/exaudi.org\/es\/artesanos-de-la-sinodalidad\/","og_site_name":"Exaudi","article_publisher":"https:\/\/www.facebook.com\/ExaudiNews","article_published_time":"2023-02-27T08:41:39+00:00","article_modified_time":"2023-02-27T08:47:20+00:00","og_image":[{"width":2560,"height":1707,"url":"https:\/\/exaudi.org\/wp-content\/uploads\/2023\/02\/pexels-anna-shvets-5760879-scaled.jpg","type":"image\/jpeg"}],"author":"Salvador Fabre","twitter_card":"summary_large_image","twitter_creator":"@Exaudi_News","twitter_site":"@Exaudi_News","twitter_misc":{"Escrito por":"Salvador Fabre","Tiempo de lectura":"4 minutos"},"schema":{"@context":"https:\/\/schema.org","@graph":[{"@type":"Article","@id":"https:\/\/exaudi.org\/es\/artesanos-de-la-sinodalidad\/#article","isPartOf":{"@id":"https:\/\/exaudi.org\/es\/artesanos-de-la-sinodalidad\/"},"author":{"name":"Salvador Fabre","@id":"https:\/\/exaudi.org\/#\/schema\/person\/29b1dbd9f3952eecacfc704ca1a473a8"},"headline":"Artesanos de la sinodalidad","datePublished":"2023-02-27T08:41:39+00:00","dateModified":"2023-02-27T08:47:20+00:00","mainEntityOfPage":{"@id":"https:\/\/exaudi.org\/es\/artesanos-de-la-sinodalidad\/"},"wordCount":844,"image":{"@id":"https:\/\/exaudi.org\/es\/artesanos-de-la-sinodalidad\/#primaryimage"},"thumbnailUrl":"https:\/\/exaudi.org\/wp-content\/uploads\/2023\/02\/pexels-anna-shvets-5760879-scaled.jpg","keywords":["Comuni\u00f3n de los santos","cristianos","papa francisco","Sinodalidad","Trending"],"articleSection":["Voces"],"inLanguage":"es"},{"@type":"WebPage","@id":"https:\/\/exaudi.org\/es\/artesanos-de-la-sinodalidad\/","url":"https:\/\/exaudi.org\/es\/artesanos-de-la-sinodalidad\/","name":"Artesanos de la sinodalidad &#8211; Exaudi","isPartOf":{"@id":"https:\/\/exaudi.org\/#website"},"primaryImageOfPage":{"@id":"https:\/\/exaudi.org\/es\/artesanos-de-la-sinodalidad\/#primaryimage"},"image":{"@id":"https:\/\/exaudi.org\/es\/artesanos-de-la-sinodalidad\/#primaryimage"},"thumbnailUrl":"https:\/\/exaudi.org\/wp-content\/uploads\/2023\/02\/pexels-anna-shvets-5760879-scaled.jpg","datePublished":"2023-02-27T08:41:39+00:00","dateModified":"2023-02-27T08:47:20+00:00","author":{"@id":"https:\/\/exaudi.org\/#\/schema\/person\/29b1dbd9f3952eecacfc704ca1a473a8"},"breadcrumb":{"@id":"https:\/\/exaudi.org\/es\/artesanos-de-la-sinodalidad\/#breadcrumb"},"inLanguage":"es","potentialAction":[{"@type":"ReadAction","target":["https:\/\/exaudi.org\/es\/artesanos-de-la-sinodalidad\/"]}]},{"@type":"ImageObject","inLanguage":"es","@id":"https:\/\/exaudi.org\/es\/artesanos-de-la-sinodalidad\/#primaryimage","url":"https:\/\/exaudi.org\/wp-content\/uploads\/2023\/02\/pexels-anna-shvets-5760879-scaled.jpg","contentUrl":"https:\/\/exaudi.org\/wp-content\/uploads\/2023\/02\/pexels-anna-shvets-5760879-scaled.jpg","width":2560,"height":1707,"caption":"(C) Pexels"},{"@type":"BreadcrumbList","@id":"https:\/\/exaudi.org\/es\/artesanos-de-la-sinodalidad\/#breadcrumb","itemListElement":[{"@type":"ListItem","position":1,"name":"Portada","item":"https:\/\/exaudi.org\/es\/"},{"@type":"ListItem","position":2,"name":"Artesanos de la sinodalidad"}]},{"@type":"WebSite","@id":"https:\/\/exaudi.org\/#website","url":"https:\/\/exaudi.org\/","name":"Exaudi","description":"News","potentialAction":[{"@type":"SearchAction","target":{"@type":"EntryPoint","urlTemplate":"https:\/\/exaudi.org\/?s={search_term_string}"},"query-input":{"@type":"PropertyValueSpecification","valueRequired":true,"valueName":"search_term_string"}}],"inLanguage":"es"},{"@type":"Person","@id":"https:\/\/exaudi.org\/#\/schema\/person\/29b1dbd9f3952eecacfc704ca1a473a8","name":"Salvador Fabre","image":{"@type":"ImageObject","inLanguage":"es","@id":"https:\/\/secure.gravatar.com\/avatar\/8d1a5a78ba86b9a8255e1c5b454943b9168b1dc31a275487309b73b631a7ac5d?s=96&d=mm&r=g","url":"https:\/\/secure.gravatar.com\/avatar\/8d1a5a78ba86b9a8255e1c5b454943b9168b1dc31a275487309b73b631a7ac5d?s=96&d=mm&r=g","contentUrl":"https:\/\/secure.gravatar.com\/avatar\/8d1a5a78ba86b9a8255e1c5b454943b9168b1dc31a275487309b73b631a7ac5d?s=96&d=mm&r=g","caption":"Salvador Fabre"},"description":"Doctor en filosof\u00eda - Pensar en Cristiano","url":"https:\/\/exaudi.org\/es\/author\/dr-salvador-fabre\/"}]}},"jetpack_featured_media_url":"https:\/\/exaudi.org\/wp-content\/uploads\/2023\/02\/pexels-anna-shvets-5760879-scaled.jpg","jetpack_shortlink":"https:\/\/wp.me\/pgKjF2-iuJ","_links":{"self":[{"href":"https:\/\/exaudi.org\/es\/wp-json\/wp\/v2\/posts\/71097","targetHints":{"allow":["GET"]}}],"collection":[{"href":"https:\/\/exaudi.org\/es\/wp-json\/wp\/v2\/posts"}],"about":[{"href":"https:\/\/exaudi.org\/es\/wp-json\/wp\/v2\/types\/post"}],"author":[{"embeddable":true,"href":"https:\/\/exaudi.org\/es\/wp-json\/wp\/v2\/users\/116"}],"replies":[{"embeddable":true,"href":"https:\/\/exaudi.org\/es\/wp-json\/wp\/v2\/comments?post=71097"}],"version-history":[{"count":0,"href":"https:\/\/exaudi.org\/es\/wp-json\/wp\/v2\/posts\/71097\/revisions"}],"wp:featuredmedia":[{"embeddable":true,"href":"https:\/\/exaudi.org\/es\/wp-json\/wp\/v2\/media\/71098"}],"wp:attachment":[{"href":"https:\/\/exaudi.org\/es\/wp-json\/wp\/v2\/media?parent=71097"}],"wp:term":[{"taxonomy":"category","embeddable":true,"href":"https:\/\/exaudi.org\/es\/wp-json\/wp\/v2\/categories?post=71097"},{"taxonomy":"post_tag","embeddable":true,"href":"https:\/\/exaudi.org\/es\/wp-json\/wp\/v2\/tags?post=71097"}],"curies":[{"name":"wp","href":"https:\/\/api.w.org\/{rel}","templated":true}]}}