{"id":71059,"date":"2023-02-26T15:37:52","date_gmt":"2023-02-26T14:37:52","guid":{"rendered":"https:\/\/exaudi.org\/?p=71059"},"modified":"2023-02-27T09:16:23","modified_gmt":"2023-02-27T08:16:23","slug":"el-papa-al-diablo-se-lo-vence-oponiendole-con-fe-la-palabra-divina","status":"publish","type":"post","link":"https:\/\/exaudi.org\/es\/el-papa-al-diablo-se-lo-vence-oponiendole-con-fe-la-palabra-divina\/","title":{"rendered":"El Papa: \u201cAl diablo se lo vence oponi\u00e9ndole con fe la Palabra divina\u201d"},"content":{"rendered":"<audio class=\"wp-audio-shortcode\" id=\"audio-71059-1\" preload=\"none\" style=\"width: 100%;\" controls=\"controls\"><source type=\"audio\/mpeg\" src=\"https:\/\/exaudi.org\/wp-content\/uploads\/2023\/02\/El-Papa-Al-diablo-se-lo-vence-oponiendole-con.mp3?_=1\" \/><a href=\"https:\/\/exaudi.org\/wp-content\/uploads\/2023\/02\/El-Papa-Al-diablo-se-lo-vence-oponiendole-con.mp3\">https:\/\/exaudi.org\/wp-content\/uploads\/2023\/02\/El-Papa-Al-diablo-se-lo-vence-oponiendole-con.mp3<\/a><\/audio>\n<p>Este domingo, 26 de febrero de 2023, el Papa Francisco se asom\u00f3 a la ventana de su estudio en el Palacio Apost\u00f3lico Vaticano, para recitar el <a href=\"https:\/\/exaudi.org\/es\/llamamientos-del-papa-ante-las-angustiosas-noticias-que-siguen-llegando\/\" target=\"_blank\" rel=\"noopener\"><em>\u00c1ngelus<\/em><\/a>, con los fieles y peregrinos reunidos en la Plaza de San Pedro para la cita habitual de los domingos.<\/p>\n<p>Estas fueron las palabras del Papa al introducir la oraci\u00f3n mariana:<\/p>\n<p>***<\/p>\n<h3><strong>Palabras del Papa<\/strong><\/h3>\n<p>Queridos hermanos y hermanas, \u00a1buenos d\u00edas!<\/p>\n<p>El Evangelio de este primer Domingo de Cuaresma nos presenta a Jes\u00fas en el desierto tentado por el diablo (cfr.\u00a0<a href=\"https:\/\/www.dominicos.org\/predicacion\/homilia\/26-2-2023\/lecturas\/\" target=\"_blank\" rel=\"noopener\"><i>Mt<\/i>\u00a04,1-11<\/a>). Diablo significa \u201cel que divide\u201d. El diablo siempre quiere crear divisi\u00f3n, y eso es lo que se propone tambi\u00e9n tentando a Jes\u00fas. Veamos entonces\u00a0<i>de qui\u00e9n<\/i>\u00a0quiere dividir el diablo a Jes\u00fas, y\u00a0<i>de qu\u00e9 modo<\/i>\u00a0lo tienta.<\/p>\n<p>\u00bf<i>De qui\u00e9n<\/i>\u00a0quiere separar el diablo a Jes\u00fas? Despu\u00e9s de recibir el bautismo de Juan en el Jord\u00e1n, Jes\u00fas fue llamado por el Padre \u00abmi Hijo amado\u00bb (<i>Mt<\/i>\u00a03,17), y el Esp\u00edritu Santo descendi\u00f3 sobre \u00c9l en forma de paloma (cfr. v.<i>\u00a0<\/i>16). El Evangelio nos presenta as\u00ed las tres Personas divinas unidas en el amor. Luego, Jes\u00fas mismo dir\u00e1 que ha venido al mundo a hacernos part\u00edcipes de la unidad que existe entre \u00c9l y el Padre (cfr.\u00a0<i>Jn<\/i>\u00a017,11). El diablo, en cambio, hace lo contrario: entra en escena para dividir a Jes\u00fas del Padre y apartarlo de su misi\u00f3n de unidad para nosotros. Divide siempre.<\/p>\n<p>Veamos ahora\u00a0<i>de qu\u00e9 modo<\/i>\u00a0intenta dividir. El diablo quiere aprovechar la condici\u00f3n humana de Jes\u00fas, que se encuentra d\u00e9bil porque ha ayunado durante cuarenta d\u00edas y tiene hambre (cfr.\u00a0<i>Mt<\/i>\u00a04,2). El maligno intenta entonces instilar en \u00c9l tres \u201cvenenos\u201d potentes con el fin de paralizar su misi\u00f3n de unidad. Y estos venenos son\u00a0<i>el apego, la desconfianza\u00a0<\/i>y<i>\u00a0el poder<\/i>. Ante todo, el veneno del\u00a0<i>apego<\/i>\u00a0a las cosas, el apego a las necesidades; mediante razonamientos persuasivos, el diablo trata de sugestionar a Jes\u00fas: \u201cTienes hambre, \u00bfpor qu\u00e9 tienes que ayunar? Escucha tu necesidad, satisf\u00e1cela, tienes derecho y tienes tambi\u00e9n poder para ello: transforma las piedras en pan\u201d. Esta es la primera tentaci\u00f3n. Despu\u00e9s, el segundo veneno,\u00a0<i>la desconfianza<\/i>: \u201c\u00bfEst\u00e1s seguro de que el Padre quiere tu bien? -insin\u00faa el maligno-. \u00a1Ponlo a prueba, chantaj\u00e9alo! T\u00edrate desde el punto m\u00e1s alto del templo y haz que haga lo que t\u00fa quieres\u201d. Por \u00faltimo,\u00a0<i>el poder<\/i>: \u201c\u00a1No necesitas a tu Padre! \u00bfPor qu\u00e9 esperar sus dones? \u00a1Sigue los criterios del mundo, logra todo t\u00fa solo y ser\u00e1s poderoso!\u201d. Las tres tentaciones de Jes\u00fas. E igualmente nosotros vivimos estas tres tentaciones, siempre. Es terrible. Pero es as\u00ed tambi\u00e9n para nosotros: el apego a las cosas, la desconfianza y la sed de poder son tres tentaciones frecuentes y peligrosas que el diablo emplea con el fin de dividirnos del Padre y hacer que ya no nos sintamos hermanos y hermanas entre nosotros; las usa para llevarnos a la soledad y a la desesperaci\u00f3n. \u00a1Esto es lo que quiere hacer el diablo, esto es lo que quiere hacernos a nosotros: llevarnos a la desesperaci\u00f3n!<\/p>\n<p>Pero Jes\u00fas vence las tentaciones. \u00bfY c\u00f3mo las vence? Evitando discutir con el diablo y respondiendo con la Palabra de Dios. Esto es importante: con el diablo no se discute, con el diablo no se dialoga. Jes\u00fas le hace frente con la Palabra de Dios. Cita tres frases de las Escrituras que hablan de libertad respecto a las cosas (cfr.\u00a0<i>Dt<\/i>\u00a08,3), de confianza (cfr.\u00a0<i>Dt<\/i>\u00a06,16) y de servicio a Dios (cfr.\u00a0<i>Dt<\/i>\u00a06,13), tres frases opuestas a las tentaciones. No dialoga nunca con el diablo, no negocia con \u00e9l, sino que rechaza sus insinuaciones con las Palabras ben\u00e9ficas de las Escrituras. Esto supone una invitaci\u00f3n para nosotros: \u00a1con el diablo no se discute! No se negocia, no se dialoga; no se lo vence tratando con \u00e9l, es m\u00e1s fuerte que nosotros. Al diablo se lo vence oponi\u00e9ndole con fe la Palabra divina. Jes\u00fas nos ense\u00f1a a defender de este modo la unidad con Dios y entre nosotros de los ataques del que divide. La Palabra divina es la respuesta de Jes\u00fas a las tentaciones del diablo.<\/p>\n<p>Por ello, pregunt\u00e9monos: \u00bfqu\u00e9 lugar tiene en mi vida la Palabra de Dios? \u00bfRecurro a la Palabra de Dios en mis luchas espirituales? Si tengo un vicio o una tentaci\u00f3n que se repite, \u00bfpor qu\u00e9 no busco, haciendo que me ayuden, un vers\u00edculo de la Palabra de Dios que responda a ese vicio? Luego, cuando llegue la tentaci\u00f3n, lo recito, lo rezo confiando en la gracia de Cristo. Probemos, nos ayudar\u00e1 en las tentaciones, nos ayudar\u00e1 mucho, porque, entre las voces que se agitan dentro de nosotros, resonar\u00e1 la voz ben\u00e9fica de la Palabra de Dios. Que Mar\u00eda, que ha acogido la Palabra de Dios y con su humildad ha derrotado la soberbia del que divide, nos acompa\u00f1e en la lucha espiritual de la Cuaresma.<\/p>\n<p><iframe loading=\"lazy\" title=\"\u00c1ngelus - 26 de febrero de 2023 - Papa Francisco\" width=\"500\" height=\"281\" src=\"https:\/\/www.youtube.com\/embed\/YLmxgns7Zuc?feature=oembed\" frameborder=\"0\" allow=\"accelerometer; autoplay; clipboard-write; encrypted-media; gyroscope; picture-in-picture; web-share\" referrerpolicy=\"strict-origin-when-cross-origin\" allowfullscreen><\/iframe><\/p>\n<p>&nbsp;<\/p>\n","protected":false},"excerpt":{"rendered":"<p>Palabras del Santo Padre antes del \u00c1ngelus<\/p>\n","protected":false},"author":15,"featured_media":71060,"comment_status":"closed","ping_status":"closed","sticky":false,"template":"","format":"standard","meta":{"_acf_changed":false,"_crdt_document":"","inline_featured_image":false,"footnotes":""},"categories":[70,68],"tags":[8489,2419],"class_list":["post-71059","post","type-post","status-publish","format-standard","has-post-thumbnail","hentry","category-angelus-es","category-leon-xiv","tag-angelus-26-febrero-2023","tag-featured"],"acf":[],"yoast_head":"<!-- This site is optimized with the Yoast SEO plugin v27.4 - https:\/\/yoast.com\/product\/yoast-seo-wordpress\/ -->\n<title>El Papa: \u201cAl diablo se lo vence oponi\u00e9ndole con fe la Palabra divina\u201d &#8211; Exaudi<\/title>\n<meta name=\"robots\" content=\"index, follow, max-snippet:-1, max-image-preview:large, max-video-preview:-1\" \/>\n<link rel=\"canonical\" href=\"https:\/\/exaudi.org\/es\/el-papa-al-diablo-se-lo-vence-oponiendole-con-fe-la-palabra-divina\/\" \/>\n<meta property=\"og:locale\" content=\"es_ES\" \/>\n<meta property=\"og:type\" content=\"article\" \/>\n<meta property=\"og:title\" content=\"El Papa: \u201cAl diablo se lo vence oponi\u00e9ndole con fe la Palabra divina\u201d &#8211; Exaudi\" \/>\n<meta property=\"og:description\" content=\"Palabras del Santo Padre antes del \u00c1ngelus\" \/>\n<meta property=\"og:url\" content=\"https:\/\/exaudi.org\/es\/el-papa-al-diablo-se-lo-vence-oponiendole-con-fe-la-palabra-divina\/\" \/>\n<meta property=\"og:site_name\" content=\"Exaudi\" \/>\n<meta property=\"article:publisher\" content=\"https:\/\/www.facebook.com\/ExaudiNews\" \/>\n<meta property=\"article:author\" content=\"https:\/\/www.facebook.com\/ExaudiNoticias\/\" \/>\n<meta property=\"article:published_time\" content=\"2023-02-26T14:37:52+00:00\" \/>\n<meta property=\"article:modified_time\" content=\"2023-02-27T08:16:23+00:00\" \/>\n<meta property=\"og:image\" content=\"https:\/\/exaudi.org\/wp-content\/uploads\/2023\/02\/Angelus-26-febrero-2023.jpeg\" \/>\n\t<meta property=\"og:image:width\" content=\"800\" \/>\n\t<meta property=\"og:image:height\" content=\"533\" \/>\n\t<meta property=\"og:image:type\" content=\"image\/jpeg\" \/>\n<meta name=\"author\" content=\"Exaudi Redacci\u00f3n\" \/>\n<meta name=\"twitter:card\" content=\"summary_large_image\" \/>\n<meta name=\"twitter:creator\" content=\"@Exaudi_noticias\" \/>\n<meta name=\"twitter:site\" content=\"@Exaudi_News\" \/>\n<meta name=\"twitter:label1\" content=\"Escrito por\" \/>\n\t<meta name=\"twitter:data1\" content=\"Exaudi Redacci\u00f3n\" \/>\n\t<meta name=\"twitter:label2\" content=\"Tiempo de lectura\" \/>\n\t<meta name=\"twitter:data2\" content=\"4 minutos\" \/>\n<script type=\"application\/ld+json\" class=\"yoast-schema-graph\">{\"@context\":\"https:\\\/\\\/schema.org\",\"@graph\":[{\"@type\":\"Article\",\"@id\":\"https:\\\/\\\/exaudi.org\\\/es\\\/el-papa-al-diablo-se-lo-vence-oponiendole-con-fe-la-palabra-divina\\\/#article\",\"isPartOf\":{\"@id\":\"https:\\\/\\\/exaudi.org\\\/es\\\/el-papa-al-diablo-se-lo-vence-oponiendole-con-fe-la-palabra-divina\\\/\"},\"author\":{\"name\":\"Exaudi Redacci\u00f3n\",\"@id\":\"https:\\\/\\\/exaudi.org\\\/#\\\/schema\\\/person\\\/f5fc8f063065e38742da7afe15f25df7\"},\"headline\":\"El Papa: \u201cAl diablo se lo vence oponi\u00e9ndole con fe la Palabra divina\u201d\",\"datePublished\":\"2023-02-26T14:37:52+00:00\",\"dateModified\":\"2023-02-27T08:16:23+00:00\",\"mainEntityOfPage\":{\"@id\":\"https:\\\/\\\/exaudi.org\\\/es\\\/el-papa-al-diablo-se-lo-vence-oponiendole-con-fe-la-palabra-divina\\\/\"},\"wordCount\":889,\"image\":{\"@id\":\"https:\\\/\\\/exaudi.org\\\/es\\\/el-papa-al-diablo-se-lo-vence-oponiendole-con-fe-la-palabra-divina\\\/#primaryimage\"},\"thumbnailUrl\":\"https:\\\/\\\/exaudi.org\\\/wp-content\\\/uploads\\\/2023\\\/02\\\/Angelus-26-febrero-2023.jpeg\",\"keywords\":[\"\u00c1ngelus 26 febrero 2023\",\"Featured\"],\"articleSection\":[\"\u00c1ngelus\",\"Le\u00f3n XIV\"],\"inLanguage\":\"es\"},{\"@type\":\"WebPage\",\"@id\":\"https:\\\/\\\/exaudi.org\\\/es\\\/el-papa-al-diablo-se-lo-vence-oponiendole-con-fe-la-palabra-divina\\\/\",\"url\":\"https:\\\/\\\/exaudi.org\\\/es\\\/el-papa-al-diablo-se-lo-vence-oponiendole-con-fe-la-palabra-divina\\\/\",\"name\":\"El Papa: \u201cAl diablo se lo vence oponi\u00e9ndole con fe la Palabra divina\u201d &#8211; Exaudi\",\"isPartOf\":{\"@id\":\"https:\\\/\\\/exaudi.org\\\/#website\"},\"primaryImageOfPage\":{\"@id\":\"https:\\\/\\\/exaudi.org\\\/es\\\/el-papa-al-diablo-se-lo-vence-oponiendole-con-fe-la-palabra-divina\\\/#primaryimage\"},\"image\":{\"@id\":\"https:\\\/\\\/exaudi.org\\\/es\\\/el-papa-al-diablo-se-lo-vence-oponiendole-con-fe-la-palabra-divina\\\/#primaryimage\"},\"thumbnailUrl\":\"https:\\\/\\\/exaudi.org\\\/wp-content\\\/uploads\\\/2023\\\/02\\\/Angelus-26-febrero-2023.jpeg\",\"datePublished\":\"2023-02-26T14:37:52+00:00\",\"dateModified\":\"2023-02-27T08:16:23+00:00\",\"author\":{\"@id\":\"https:\\\/\\\/exaudi.org\\\/#\\\/schema\\\/person\\\/f5fc8f063065e38742da7afe15f25df7\"},\"breadcrumb\":{\"@id\":\"https:\\\/\\\/exaudi.org\\\/es\\\/el-papa-al-diablo-se-lo-vence-oponiendole-con-fe-la-palabra-divina\\\/#breadcrumb\"},\"inLanguage\":\"es\",\"potentialAction\":[{\"@type\":\"ReadAction\",\"target\":[\"https:\\\/\\\/exaudi.org\\\/es\\\/el-papa-al-diablo-se-lo-vence-oponiendole-con-fe-la-palabra-divina\\\/\"]}]},{\"@type\":\"ImageObject\",\"inLanguage\":\"es\",\"@id\":\"https:\\\/\\\/exaudi.org\\\/es\\\/el-papa-al-diablo-se-lo-vence-oponiendole-con-fe-la-palabra-divina\\\/#primaryimage\",\"url\":\"https:\\\/\\\/exaudi.org\\\/wp-content\\\/uploads\\\/2023\\\/02\\\/Angelus-26-febrero-2023.jpeg\",\"contentUrl\":\"https:\\\/\\\/exaudi.org\\\/wp-content\\\/uploads\\\/2023\\\/02\\\/Angelus-26-febrero-2023.jpeg\",\"width\":800,\"height\":533,\"caption\":\"\u00c1ngelus 26 febrero 2023 \u00a9 Vatican Media\"},{\"@type\":\"BreadcrumbList\",\"@id\":\"https:\\\/\\\/exaudi.org\\\/es\\\/el-papa-al-diablo-se-lo-vence-oponiendole-con-fe-la-palabra-divina\\\/#breadcrumb\",\"itemListElement\":[{\"@type\":\"ListItem\",\"position\":1,\"name\":\"Portada\",\"item\":\"https:\\\/\\\/exaudi.org\\\/es\\\/\"},{\"@type\":\"ListItem\",\"position\":2,\"name\":\"El Papa: \u201cAl diablo se lo vence oponi\u00e9ndole con fe la Palabra divina\u201d\"}]},{\"@type\":\"WebSite\",\"@id\":\"https:\\\/\\\/exaudi.org\\\/#website\",\"url\":\"https:\\\/\\\/exaudi.org\\\/\",\"name\":\"Exaudi\",\"description\":\"News\",\"potentialAction\":[{\"@type\":\"SearchAction\",\"target\":{\"@type\":\"EntryPoint\",\"urlTemplate\":\"https:\\\/\\\/exaudi.org\\\/?s={search_term_string}\"},\"query-input\":{\"@type\":\"PropertyValueSpecification\",\"valueRequired\":true,\"valueName\":\"search_term_string\"}}],\"inLanguage\":\"es\"},{\"@type\":\"Person\",\"@id\":\"https:\\\/\\\/exaudi.org\\\/#\\\/schema\\\/person\\\/f5fc8f063065e38742da7afe15f25df7\",\"name\":\"Exaudi Redacci\u00f3n\",\"image\":{\"@type\":\"ImageObject\",\"inLanguage\":\"es\",\"@id\":\"https:\\\/\\\/secure.gravatar.com\\\/avatar\\\/fe0f6a059fb68d9b3e11bc5850dd4899b1c7492091a3cb6dd9b01b56ad828be2?s=96&d=mm&r=g\",\"url\":\"https:\\\/\\\/secure.gravatar.com\\\/avatar\\\/fe0f6a059fb68d9b3e11bc5850dd4899b1c7492091a3cb6dd9b01b56ad828be2?s=96&d=mm&r=g\",\"contentUrl\":\"https:\\\/\\\/secure.gravatar.com\\\/avatar\\\/fe0f6a059fb68d9b3e11bc5850dd4899b1c7492091a3cb6dd9b01b56ad828be2?s=96&d=mm&r=g\",\"caption\":\"Exaudi Redacci\u00f3n\"},\"description\":\"\u00bfQu\u00e9 es Exaudi News? Exaudi News es un medio de comunicaci\u00f3n cat\u00f3lico internacional que informa, forma y transforma, diariamente en espa\u00f1ol, ingl\u00e9s e italiano. A trav\u00e9s de noticias, art\u00edculos de an\u00e1lisis y transmisiones en directo de los eventos del Papa, Exaudi busca fortalecer la unidad de los cristianos y contribuir a la evangelizaci\u00f3n del mundo, siempre guiados por la doctrina social de la Iglesia. Trabajamos para acercar la verdad y los valores cristianos a cada rinc\u00f3n del planeta. \u00a1Ay\u00fadanos a transformar el mundo con Exaudi! En Exaudi creemos que la evangelizaci\u00f3n y la informaci\u00f3n de calidad pueden cambiar vidas. Para continuar con nuestra misi\u00f3n y expandir nuestro alcance, necesitamos tu ayuda. Adem\u00e1s, buscamos personas comprometidas que deseen unirse a nuestro equipo. Con tu apoyo, lograremos llegar a m\u00e1s personas, difundir el mensaje de Cristo y reforzar la unidad de los cristianos. \u00bfTe unes a nuestra misi\u00f3n? Para m\u00e1s informaci\u00f3n sobre c\u00f3mo colaborar, visita Exaudi.org\\\/es o cont\u00e1ctanos directamente: info@exaudi.org Exaudi: Informa, forma y transforma.\",\"sameAs\":[\"https:\\\/\\\/www.facebook.com\\\/ExaudiNoticias\\\/\",\"https:\\\/\\\/www.instagram.com\\\/exaudi_noticias\\\/\",\"https:\\\/\\\/x.com\\\/Exaudi_noticias\",\"https:\\\/\\\/www.youtube.com\\\/@exaudicatholicnews\"],\"url\":\"https:\\\/\\\/exaudi.org\\\/es\\\/author\\\/redaccionexaudi\\\/\"}]}<\/script>\n<!-- \/ Yoast SEO plugin. -->","yoast_head_json":{"title":"El Papa: \u201cAl diablo se lo vence oponi\u00e9ndole con fe la Palabra divina\u201d &#8211; Exaudi","robots":{"index":"index","follow":"follow","max-snippet":"max-snippet:-1","max-image-preview":"max-image-preview:large","max-video-preview":"max-video-preview:-1"},"canonical":"https:\/\/exaudi.org\/es\/el-papa-al-diablo-se-lo-vence-oponiendole-con-fe-la-palabra-divina\/","og_locale":"es_ES","og_type":"article","og_title":"El Papa: \u201cAl diablo se lo vence oponi\u00e9ndole con fe la Palabra divina\u201d &#8211; Exaudi","og_description":"Palabras del Santo Padre antes del \u00c1ngelus","og_url":"https:\/\/exaudi.org\/es\/el-papa-al-diablo-se-lo-vence-oponiendole-con-fe-la-palabra-divina\/","og_site_name":"Exaudi","article_publisher":"https:\/\/www.facebook.com\/ExaudiNews","article_author":"https:\/\/www.facebook.com\/ExaudiNoticias\/","article_published_time":"2023-02-26T14:37:52+00:00","article_modified_time":"2023-02-27T08:16:23+00:00","og_image":[{"width":800,"height":533,"url":"https:\/\/exaudi.org\/wp-content\/uploads\/2023\/02\/Angelus-26-febrero-2023.jpeg","type":"image\/jpeg"}],"author":"Exaudi Redacci\u00f3n","twitter_card":"summary_large_image","twitter_creator":"@Exaudi_noticias","twitter_site":"@Exaudi_News","twitter_misc":{"Escrito por":"Exaudi Redacci\u00f3n","Tiempo de lectura":"4 minutos"},"schema":{"@context":"https:\/\/schema.org","@graph":[{"@type":"Article","@id":"https:\/\/exaudi.org\/es\/el-papa-al-diablo-se-lo-vence-oponiendole-con-fe-la-palabra-divina\/#article","isPartOf":{"@id":"https:\/\/exaudi.org\/es\/el-papa-al-diablo-se-lo-vence-oponiendole-con-fe-la-palabra-divina\/"},"author":{"name":"Exaudi Redacci\u00f3n","@id":"https:\/\/exaudi.org\/#\/schema\/person\/f5fc8f063065e38742da7afe15f25df7"},"headline":"El Papa: \u201cAl diablo se lo vence oponi\u00e9ndole con fe la Palabra divina\u201d","datePublished":"2023-02-26T14:37:52+00:00","dateModified":"2023-02-27T08:16:23+00:00","mainEntityOfPage":{"@id":"https:\/\/exaudi.org\/es\/el-papa-al-diablo-se-lo-vence-oponiendole-con-fe-la-palabra-divina\/"},"wordCount":889,"image":{"@id":"https:\/\/exaudi.org\/es\/el-papa-al-diablo-se-lo-vence-oponiendole-con-fe-la-palabra-divina\/#primaryimage"},"thumbnailUrl":"https:\/\/exaudi.org\/wp-content\/uploads\/2023\/02\/Angelus-26-febrero-2023.jpeg","keywords":["\u00c1ngelus 26 febrero 2023","Featured"],"articleSection":["\u00c1ngelus","Le\u00f3n XIV"],"inLanguage":"es"},{"@type":"WebPage","@id":"https:\/\/exaudi.org\/es\/el-papa-al-diablo-se-lo-vence-oponiendole-con-fe-la-palabra-divina\/","url":"https:\/\/exaudi.org\/es\/el-papa-al-diablo-se-lo-vence-oponiendole-con-fe-la-palabra-divina\/","name":"El Papa: \u201cAl diablo se lo vence oponi\u00e9ndole con fe la Palabra divina\u201d &#8211; Exaudi","isPartOf":{"@id":"https:\/\/exaudi.org\/#website"},"primaryImageOfPage":{"@id":"https:\/\/exaudi.org\/es\/el-papa-al-diablo-se-lo-vence-oponiendole-con-fe-la-palabra-divina\/#primaryimage"},"image":{"@id":"https:\/\/exaudi.org\/es\/el-papa-al-diablo-se-lo-vence-oponiendole-con-fe-la-palabra-divina\/#primaryimage"},"thumbnailUrl":"https:\/\/exaudi.org\/wp-content\/uploads\/2023\/02\/Angelus-26-febrero-2023.jpeg","datePublished":"2023-02-26T14:37:52+00:00","dateModified":"2023-02-27T08:16:23+00:00","author":{"@id":"https:\/\/exaudi.org\/#\/schema\/person\/f5fc8f063065e38742da7afe15f25df7"},"breadcrumb":{"@id":"https:\/\/exaudi.org\/es\/el-papa-al-diablo-se-lo-vence-oponiendole-con-fe-la-palabra-divina\/#breadcrumb"},"inLanguage":"es","potentialAction":[{"@type":"ReadAction","target":["https:\/\/exaudi.org\/es\/el-papa-al-diablo-se-lo-vence-oponiendole-con-fe-la-palabra-divina\/"]}]},{"@type":"ImageObject","inLanguage":"es","@id":"https:\/\/exaudi.org\/es\/el-papa-al-diablo-se-lo-vence-oponiendole-con-fe-la-palabra-divina\/#primaryimage","url":"https:\/\/exaudi.org\/wp-content\/uploads\/2023\/02\/Angelus-26-febrero-2023.jpeg","contentUrl":"https:\/\/exaudi.org\/wp-content\/uploads\/2023\/02\/Angelus-26-febrero-2023.jpeg","width":800,"height":533,"caption":"\u00c1ngelus 26 febrero 2023 \u00a9 Vatican Media"},{"@type":"BreadcrumbList","@id":"https:\/\/exaudi.org\/es\/el-papa-al-diablo-se-lo-vence-oponiendole-con-fe-la-palabra-divina\/#breadcrumb","itemListElement":[{"@type":"ListItem","position":1,"name":"Portada","item":"https:\/\/exaudi.org\/es\/"},{"@type":"ListItem","position":2,"name":"El Papa: \u201cAl diablo se lo vence oponi\u00e9ndole con fe la Palabra divina\u201d"}]},{"@type":"WebSite","@id":"https:\/\/exaudi.org\/#website","url":"https:\/\/exaudi.org\/","name":"Exaudi","description":"News","potentialAction":[{"@type":"SearchAction","target":{"@type":"EntryPoint","urlTemplate":"https:\/\/exaudi.org\/?s={search_term_string}"},"query-input":{"@type":"PropertyValueSpecification","valueRequired":true,"valueName":"search_term_string"}}],"inLanguage":"es"},{"@type":"Person","@id":"https:\/\/exaudi.org\/#\/schema\/person\/f5fc8f063065e38742da7afe15f25df7","name":"Exaudi Redacci\u00f3n","image":{"@type":"ImageObject","inLanguage":"es","@id":"https:\/\/secure.gravatar.com\/avatar\/fe0f6a059fb68d9b3e11bc5850dd4899b1c7492091a3cb6dd9b01b56ad828be2?s=96&d=mm&r=g","url":"https:\/\/secure.gravatar.com\/avatar\/fe0f6a059fb68d9b3e11bc5850dd4899b1c7492091a3cb6dd9b01b56ad828be2?s=96&d=mm&r=g","contentUrl":"https:\/\/secure.gravatar.com\/avatar\/fe0f6a059fb68d9b3e11bc5850dd4899b1c7492091a3cb6dd9b01b56ad828be2?s=96&d=mm&r=g","caption":"Exaudi Redacci\u00f3n"},"description":"\u00bfQu\u00e9 es Exaudi News? Exaudi News es un medio de comunicaci\u00f3n cat\u00f3lico internacional que informa, forma y transforma, diariamente en espa\u00f1ol, ingl\u00e9s e italiano. A trav\u00e9s de noticias, art\u00edculos de an\u00e1lisis y transmisiones en directo de los eventos del Papa, Exaudi busca fortalecer la unidad de los cristianos y contribuir a la evangelizaci\u00f3n del mundo, siempre guiados por la doctrina social de la Iglesia. Trabajamos para acercar la verdad y los valores cristianos a cada rinc\u00f3n del planeta. \u00a1Ay\u00fadanos a transformar el mundo con Exaudi! En Exaudi creemos que la evangelizaci\u00f3n y la informaci\u00f3n de calidad pueden cambiar vidas. Para continuar con nuestra misi\u00f3n y expandir nuestro alcance, necesitamos tu ayuda. Adem\u00e1s, buscamos personas comprometidas que deseen unirse a nuestro equipo. Con tu apoyo, lograremos llegar a m\u00e1s personas, difundir el mensaje de Cristo y reforzar la unidad de los cristianos. \u00bfTe unes a nuestra misi\u00f3n? Para m\u00e1s informaci\u00f3n sobre c\u00f3mo colaborar, visita Exaudi.org\/es o cont\u00e1ctanos directamente: info@exaudi.org Exaudi: Informa, forma y transforma.","sameAs":["https:\/\/www.facebook.com\/ExaudiNoticias\/","https:\/\/www.instagram.com\/exaudi_noticias\/","https:\/\/x.com\/Exaudi_noticias","https:\/\/www.youtube.com\/@exaudicatholicnews"],"url":"https:\/\/exaudi.org\/es\/author\/redaccionexaudi\/"}]}},"jetpack_featured_media_url":"https:\/\/exaudi.org\/wp-content\/uploads\/2023\/02\/Angelus-26-febrero-2023.jpeg","jetpack_shortlink":"https:\/\/wp.me\/pgKjF2-iu7","_links":{"self":[{"href":"https:\/\/exaudi.org\/es\/wp-json\/wp\/v2\/posts\/71059","targetHints":{"allow":["GET"]}}],"collection":[{"href":"https:\/\/exaudi.org\/es\/wp-json\/wp\/v2\/posts"}],"about":[{"href":"https:\/\/exaudi.org\/es\/wp-json\/wp\/v2\/types\/post"}],"author":[{"embeddable":true,"href":"https:\/\/exaudi.org\/es\/wp-json\/wp\/v2\/users\/15"}],"replies":[{"embeddable":true,"href":"https:\/\/exaudi.org\/es\/wp-json\/wp\/v2\/comments?post=71059"}],"version-history":[{"count":0,"href":"https:\/\/exaudi.org\/es\/wp-json\/wp\/v2\/posts\/71059\/revisions"}],"wp:featuredmedia":[{"embeddable":true,"href":"https:\/\/exaudi.org\/es\/wp-json\/wp\/v2\/media\/71060"}],"wp:attachment":[{"href":"https:\/\/exaudi.org\/es\/wp-json\/wp\/v2\/media?parent=71059"}],"wp:term":[{"taxonomy":"category","embeddable":true,"href":"https:\/\/exaudi.org\/es\/wp-json\/wp\/v2\/categories?post=71059"},{"taxonomy":"post_tag","embeddable":true,"href":"https:\/\/exaudi.org\/es\/wp-json\/wp\/v2\/tags?post=71059"}],"curies":[{"name":"wp","href":"https:\/\/api.w.org\/{rel}","templated":true}]}}