{"id":70989,"date":"2023-03-11T11:33:35","date_gmt":"2023-03-11T10:33:35","guid":{"rendered":"https:\/\/exaudi.org\/?p=70989"},"modified":"2023-03-11T11:32:32","modified_gmt":"2023-03-11T10:32:32","slug":"campana-de-oracion-por-motivo-del-10o-aniversario-de-pontificado-del-papa-francisco","status":"publish","type":"post","link":"https:\/\/exaudi.org\/es\/campana-de-oracion-por-motivo-del-10o-aniversario-de-pontificado-del-papa-francisco\/","title":{"rendered":"Campa\u00f1a de oraci\u00f3n con motivo del 10\u00ba Aniversario de pontificado del Papa Francisco"},"content":{"rendered":"<audio class=\"wp-audio-shortcode\" id=\"audio-70989-1\" preload=\"none\" style=\"width: 100%;\" controls=\"controls\"><source type=\"audio\/mpeg\" src=\"https:\/\/exaudi.org\/wp-content\/uploads\/2023\/03\/Campana-de-oracion-con-motivo-del-10o-Aniversario.mp3?_=1\" \/><a href=\"https:\/\/exaudi.org\/wp-content\/uploads\/2023\/03\/Campana-de-oracion-con-motivo-del-10o-Aniversario.mp3\">https:\/\/exaudi.org\/wp-content\/uploads\/2023\/03\/Campana-de-oracion-con-motivo-del-10o-Aniversario.mp3<\/a><\/audio>\n<p>La iniciativa de acompa\u00f1ar el 10\u00ba Aniversario del Pontificado del Papa Francisco de esta forma parti\u00f3 de los j\u00f3venes del \u201cS\u00ednodo Digital\u201d. Un grupo de <em>evangelizadores digitales<\/em> que participan de la etapa continental del S\u00ednodo, despu\u00e9s de haber realizado la etapa de la escucha en muchas partes del mundo.<\/p>\n<p>La propuesta surgi\u00f3 del intercambio que ellos han tenido al reflexionar sobre lo que se le pod\u00eda regalar a Papa Francisco por su aniversario. All\u00ed se record\u00f3 el primer d\u00eda de su Pontificado cuando antes de dar la primera bendici\u00f3n a los que estaban reunidos en la Plaza de San Pedro, el Papa pidi\u00f3 un momento de silencio para que todo el Pueblo de Dios rezara por \u00e9l. Desde entonces lo hemos escuchado repetir en diversas ocasiones esta petici\u00f3n: <em>\u201cno se olviden de rezar por m\u00ed\u201d. <\/em><\/p>\n<p>De all\u00ed que pensaron que \u201crezar por \u00e9l\u201d ser\u00eda el mejor regalo que se pod\u00eda hacer, realiz\u00e1ndolo de la manera propia es esta realizad digital, por medio de un sistema web promovido en las redes digitales.<\/p>\n<p><strong>En qu\u00e9 consiste<\/strong><\/p>\n<p>Consiste en un sitio web <a href=\"https:\/\/www.decimus-annus.org\/\">https:\/\/www.decimus-annus.org\/<\/a> donde se accede y se coloca el n\u00famero de avemar\u00edas que deseen ofrecer por el Papa. Si la persona lo desea, puede encender una \u201cvela virtual\u201d, que representa su oraci\u00f3n y que se ver\u00e1 reflejada en un mapamundi juntamente con las otras velas que fueron encendidas alrededor del mundo representando las avemar\u00edas ofrecidas por todas las personas que se sumaron a esta campa\u00f1a de oraci\u00f3n.<\/p>\n<p><strong>Qu\u00e9 busca significar<\/strong><\/p>\n<p>Esta iniciativa busca expresar la unidad de la Iglesia en torno a Pedro. Una fecha significativa como esa nos brinda una oportunidad para recordar en el coraz\u00f3n lo que significa ser Iglesia que peregrina con Pedro, y por ello, agradecer a Dios por el don de tener el Papa que, como Vicario de Cristo, nos acompa\u00f1a en la historia.<\/p>\n<p><strong>Qui\u00e9nes lo promueven<\/strong><\/p>\n<p>Los primeros promotores de esta campa\u00f1a son los influencers\/Evangelizadores digitales que a trav\u00e9s de las redes quieren llevar esta iniciativa a todo el mundo. Pero la invitaci\u00f3n es que todos sean transmisores de esta iniciativa para que nadie quede excluido.<\/p>\n<p><strong>Qui\u00e9nes pueden participar<\/strong><\/p>\n<p>La campa\u00f1a es una invitaci\u00f3n abierta para que todas las personas se unan en oraci\u00f3n con el fin de celebrar el pontificado del Papa Francisco, agradeciendo a Dios y pidiendo para Dios lo asista y acompa\u00f1e.<\/p>\n<p><strong>A cu\u00e1ntos busca llegar<\/strong><\/p>\n<p>Se espera que esta iniciativa pueda ser compartida por todos y llegar as\u00ed al mayor n\u00famero posible de personas a trav\u00e9s de los medios digitales.<\/p>\n<p>El desaf\u00edo ser\u00e1 en que cada uno de los que se sumen a esta campa\u00f1a se transforme en promotor de la misma, comparti\u00e9ndolo de cualquier manera posible.<\/p>\n<p><strong>Hasta cu\u00e1ndo ser\u00e1 la campa\u00f1a<\/strong><\/p>\n<p>Concluye el 13 de marzo, d\u00eda en que celebramos el 10\u00ba. Aniversario del Pontificado del Papa Francisco.<\/p>\n<p><strong>C\u00f3mo se har\u00e1 el regalo al Papa<\/strong><\/p>\n<p>Deseamos hacerle llegar el d\u00eda 13 de marzo, que es su aniversario, un mapa impreso con todas las velas encendidas de tal manera que se vea reflejado gr\u00e1ficamente el \u201cmapa de oraciones\u201d ofrecidas por las personas que se sumaron a esta campa\u00f1a desde todas las partes del mundo.<\/p>\n<p><img loading=\"lazy\" decoding=\"async\" class=\"alignleft size-full wp-image-71753\" src=\"https:\/\/exaudi.org\/wp-content\/uploads\/2023\/03\/10-ANIV.jpg\" alt=\"\" width=\"1080\" height=\"1080\" srcset=\"https:\/\/exaudi.org\/wp-content\/uploads\/2023\/03\/10-ANIV.jpg 1080w, https:\/\/exaudi.org\/wp-content\/uploads\/2023\/03\/10-ANIV-300x300.jpg 300w, https:\/\/exaudi.org\/wp-content\/uploads\/2023\/03\/10-ANIV-1024x1024.jpg 1024w, https:\/\/exaudi.org\/wp-content\/uploads\/2023\/03\/10-ANIV-100x100.jpg?crop=1 100w, https:\/\/exaudi.org\/wp-content\/uploads\/2023\/03\/10-ANIV-770x770.jpg 770w, https:\/\/exaudi.org\/wp-content\/uploads\/2023\/03\/10-ANIV-500x500.jpg 500w, https:\/\/exaudi.org\/wp-content\/uploads\/2023\/03\/10-ANIV-293x293.jpg 293w, https:\/\/exaudi.org\/wp-content\/uploads\/2023\/03\/10-ANIV-390x390.jpg 390w, https:\/\/exaudi.org\/wp-content\/uploads\/2023\/03\/10-ANIV-585x585.jpg 585w, https:\/\/exaudi.org\/wp-content\/uploads\/2023\/03\/10-ANIV-900x900.jpg 900w\" sizes=\"auto, (max-width: 1080px) 100vw, 1080px\" \/><\/p>\n","protected":false},"excerpt":{"rendered":"<p>La iniciativa de acompa\u00f1ar el 10\u00ba Aniversario del Pontificado del Papa Francisco de esta forma parti\u00f3 de los j\u00f3venes del \u201cS\u00ednodo Digital\u201d. Un grupo de evangelizadores digitales que participan de la etapa continental del S\u00ednodo, despu\u00e9s de haber realizado la etapa de la escucha en muchas partes del mundo. La propuesta surgi\u00f3 del intercambio que [&hellip;]<\/p>\n","protected":false},"author":15,"featured_media":71746,"comment_status":"closed","ping_status":"closed","sticky":false,"template":"","format":"standard","meta":{"_acf_changed":false,"_crdt_document":"","inline_featured_image":false,"footnotes":""},"categories":[74],"tags":[1772,158,977,8481,4953],"class_list":["post-70989","post","type-post","status-publish","format-standard","has-post-thumbnail","hentry","category-iglesia-y-mundo","tag-aniversario","tag-papa-francisco","tag-pontificado","tag-rezar-por-el-papa","tag-trending-es"],"acf":[],"yoast_head":"<!-- This site is optimized with the Yoast SEO plugin v27.4 - https:\/\/yoast.com\/product\/yoast-seo-wordpress\/ -->\n<title>Campa\u00f1a de oraci\u00f3n con motivo del 10\u00ba Aniversario de pontificado del Papa Francisco &#8211; Exaudi<\/title>\n<meta name=\"robots\" content=\"index, follow, max-snippet:-1, max-image-preview:large, max-video-preview:-1\" \/>\n<link rel=\"canonical\" href=\"https:\/\/exaudi.org\/es\/campana-de-oracion-por-motivo-del-10o-aniversario-de-pontificado-del-papa-francisco\/\" \/>\n<meta property=\"og:locale\" content=\"es_ES\" \/>\n<meta property=\"og:type\" content=\"article\" \/>\n<meta property=\"og:title\" content=\"Campa\u00f1a de oraci\u00f3n con motivo del 10\u00ba Aniversario de pontificado del Papa Francisco &#8211; Exaudi\" \/>\n<meta property=\"og:description\" content=\"La iniciativa de acompa\u00f1ar el 10\u00ba Aniversario del Pontificado del Papa Francisco de esta forma parti\u00f3 de los j\u00f3venes del \u201cS\u00ednodo Digital\u201d. Un grupo de evangelizadores digitales que participan de la etapa continental del S\u00ednodo, despu\u00e9s de haber realizado la etapa de la escucha en muchas partes del mundo. La propuesta surgi\u00f3 del intercambio que [&hellip;]\" \/>\n<meta property=\"og:url\" content=\"https:\/\/exaudi.org\/es\/campana-de-oracion-por-motivo-del-10o-aniversario-de-pontificado-del-papa-francisco\/\" \/>\n<meta property=\"og:site_name\" content=\"Exaudi\" \/>\n<meta property=\"article:publisher\" content=\"https:\/\/www.facebook.com\/ExaudiNews\" \/>\n<meta property=\"article:author\" content=\"https:\/\/www.facebook.com\/ExaudiNoticias\/\" \/>\n<meta property=\"article:published_time\" content=\"2023-03-11T10:33:35+00:00\" \/>\n<meta property=\"og:image\" content=\"https:\/\/exaudi.org\/wp-content\/uploads\/2023\/02\/cq5dam.thumbnail.cropped.1500.844-1.jpeg\" \/>\n\t<meta property=\"og:image:width\" content=\"1500\" \/>\n\t<meta property=\"og:image:height\" content=\"843\" \/>\n\t<meta property=\"og:image:type\" content=\"image\/jpeg\" \/>\n<meta name=\"author\" content=\"Exaudi Redacci\u00f3n\" \/>\n<meta name=\"twitter:card\" content=\"summary_large_image\" \/>\n<meta name=\"twitter:creator\" content=\"@Exaudi_noticias\" \/>\n<meta name=\"twitter:site\" content=\"@Exaudi_News\" \/>\n<meta name=\"twitter:label1\" content=\"Escrito por\" \/>\n\t<meta name=\"twitter:data1\" content=\"Exaudi Redacci\u00f3n\" \/>\n\t<meta name=\"twitter:label2\" content=\"Tiempo de lectura\" \/>\n\t<meta name=\"twitter:data2\" content=\"3 minutos\" \/>\n<script type=\"application\/ld+json\" class=\"yoast-schema-graph\">{\"@context\":\"https:\\\/\\\/schema.org\",\"@graph\":[{\"@type\":\"Article\",\"@id\":\"https:\\\/\\\/exaudi.org\\\/es\\\/campana-de-oracion-por-motivo-del-10o-aniversario-de-pontificado-del-papa-francisco\\\/#article\",\"isPartOf\":{\"@id\":\"https:\\\/\\\/exaudi.org\\\/es\\\/campana-de-oracion-por-motivo-del-10o-aniversario-de-pontificado-del-papa-francisco\\\/\"},\"author\":{\"name\":\"Exaudi Redacci\u00f3n\",\"@id\":\"https:\\\/\\\/exaudi.org\\\/#\\\/schema\\\/person\\\/f5fc8f063065e38742da7afe15f25df7\"},\"headline\":\"Campa\u00f1a de oraci\u00f3n con motivo del 10\u00ba Aniversario de pontificado del Papa Francisco\",\"datePublished\":\"2023-03-11T10:33:35+00:00\",\"mainEntityOfPage\":{\"@id\":\"https:\\\/\\\/exaudi.org\\\/es\\\/campana-de-oracion-por-motivo-del-10o-aniversario-de-pontificado-del-papa-francisco\\\/\"},\"wordCount\":589,\"image\":{\"@id\":\"https:\\\/\\\/exaudi.org\\\/es\\\/campana-de-oracion-por-motivo-del-10o-aniversario-de-pontificado-del-papa-francisco\\\/#primaryimage\"},\"thumbnailUrl\":\"https:\\\/\\\/exaudi.org\\\/wp-content\\\/uploads\\\/2023\\\/02\\\/cq5dam.thumbnail.cropped.1500.844-1.jpeg\",\"keywords\":[\"Aniversario\",\"papa francisco\",\"Pontificado\",\"Rezar por el Papa\",\"Trending\"],\"articleSection\":[\"Iglesia y Mundo\"],\"inLanguage\":\"es\"},{\"@type\":\"WebPage\",\"@id\":\"https:\\\/\\\/exaudi.org\\\/es\\\/campana-de-oracion-por-motivo-del-10o-aniversario-de-pontificado-del-papa-francisco\\\/\",\"url\":\"https:\\\/\\\/exaudi.org\\\/es\\\/campana-de-oracion-por-motivo-del-10o-aniversario-de-pontificado-del-papa-francisco\\\/\",\"name\":\"Campa\u00f1a de oraci\u00f3n con motivo del 10\u00ba Aniversario de pontificado del Papa Francisco &#8211; Exaudi\",\"isPartOf\":{\"@id\":\"https:\\\/\\\/exaudi.org\\\/#website\"},\"primaryImageOfPage\":{\"@id\":\"https:\\\/\\\/exaudi.org\\\/es\\\/campana-de-oracion-por-motivo-del-10o-aniversario-de-pontificado-del-papa-francisco\\\/#primaryimage\"},\"image\":{\"@id\":\"https:\\\/\\\/exaudi.org\\\/es\\\/campana-de-oracion-por-motivo-del-10o-aniversario-de-pontificado-del-papa-francisco\\\/#primaryimage\"},\"thumbnailUrl\":\"https:\\\/\\\/exaudi.org\\\/wp-content\\\/uploads\\\/2023\\\/02\\\/cq5dam.thumbnail.cropped.1500.844-1.jpeg\",\"datePublished\":\"2023-03-11T10:33:35+00:00\",\"author\":{\"@id\":\"https:\\\/\\\/exaudi.org\\\/#\\\/schema\\\/person\\\/f5fc8f063065e38742da7afe15f25df7\"},\"breadcrumb\":{\"@id\":\"https:\\\/\\\/exaudi.org\\\/es\\\/campana-de-oracion-por-motivo-del-10o-aniversario-de-pontificado-del-papa-francisco\\\/#breadcrumb\"},\"inLanguage\":\"es\",\"potentialAction\":[{\"@type\":\"ReadAction\",\"target\":[\"https:\\\/\\\/exaudi.org\\\/es\\\/campana-de-oracion-por-motivo-del-10o-aniversario-de-pontificado-del-papa-francisco\\\/\"]}]},{\"@type\":\"ImageObject\",\"inLanguage\":\"es\",\"@id\":\"https:\\\/\\\/exaudi.org\\\/es\\\/campana-de-oracion-por-motivo-del-10o-aniversario-de-pontificado-del-papa-francisco\\\/#primaryimage\",\"url\":\"https:\\\/\\\/exaudi.org\\\/wp-content\\\/uploads\\\/2023\\\/02\\\/cq5dam.thumbnail.cropped.1500.844-1.jpeg\",\"contentUrl\":\"https:\\\/\\\/exaudi.org\\\/wp-content\\\/uploads\\\/2023\\\/02\\\/cq5dam.thumbnail.cropped.1500.844-1.jpeg\",\"width\":1500,\"height\":843,\"caption\":\"(C) Vatican Media\"},{\"@type\":\"BreadcrumbList\",\"@id\":\"https:\\\/\\\/exaudi.org\\\/es\\\/campana-de-oracion-por-motivo-del-10o-aniversario-de-pontificado-del-papa-francisco\\\/#breadcrumb\",\"itemListElement\":[{\"@type\":\"ListItem\",\"position\":1,\"name\":\"Portada\",\"item\":\"https:\\\/\\\/exaudi.org\\\/es\\\/\"},{\"@type\":\"ListItem\",\"position\":2,\"name\":\"Campa\u00f1a de oraci\u00f3n con motivo del 10\u00ba Aniversario de pontificado del Papa Francisco\"}]},{\"@type\":\"WebSite\",\"@id\":\"https:\\\/\\\/exaudi.org\\\/#website\",\"url\":\"https:\\\/\\\/exaudi.org\\\/\",\"name\":\"Exaudi\",\"description\":\"News\",\"potentialAction\":[{\"@type\":\"SearchAction\",\"target\":{\"@type\":\"EntryPoint\",\"urlTemplate\":\"https:\\\/\\\/exaudi.org\\\/?s={search_term_string}\"},\"query-input\":{\"@type\":\"PropertyValueSpecification\",\"valueRequired\":true,\"valueName\":\"search_term_string\"}}],\"inLanguage\":\"es\"},{\"@type\":\"Person\",\"@id\":\"https:\\\/\\\/exaudi.org\\\/#\\\/schema\\\/person\\\/f5fc8f063065e38742da7afe15f25df7\",\"name\":\"Exaudi Redacci\u00f3n\",\"image\":{\"@type\":\"ImageObject\",\"inLanguage\":\"es\",\"@id\":\"https:\\\/\\\/secure.gravatar.com\\\/avatar\\\/fe0f6a059fb68d9b3e11bc5850dd4899b1c7492091a3cb6dd9b01b56ad828be2?s=96&d=mm&r=g\",\"url\":\"https:\\\/\\\/secure.gravatar.com\\\/avatar\\\/fe0f6a059fb68d9b3e11bc5850dd4899b1c7492091a3cb6dd9b01b56ad828be2?s=96&d=mm&r=g\",\"contentUrl\":\"https:\\\/\\\/secure.gravatar.com\\\/avatar\\\/fe0f6a059fb68d9b3e11bc5850dd4899b1c7492091a3cb6dd9b01b56ad828be2?s=96&d=mm&r=g\",\"caption\":\"Exaudi Redacci\u00f3n\"},\"description\":\"\u00bfQu\u00e9 es Exaudi News? Exaudi News es un medio de comunicaci\u00f3n cat\u00f3lico internacional que informa, forma y transforma, diariamente en espa\u00f1ol, ingl\u00e9s e italiano. A trav\u00e9s de noticias, art\u00edculos de an\u00e1lisis y transmisiones en directo de los eventos del Papa, Exaudi busca fortalecer la unidad de los cristianos y contribuir a la evangelizaci\u00f3n del mundo, siempre guiados por la doctrina social de la Iglesia. Trabajamos para acercar la verdad y los valores cristianos a cada rinc\u00f3n del planeta. \u00a1Ay\u00fadanos a transformar el mundo con Exaudi! En Exaudi creemos que la evangelizaci\u00f3n y la informaci\u00f3n de calidad pueden cambiar vidas. Para continuar con nuestra misi\u00f3n y expandir nuestro alcance, necesitamos tu ayuda. Adem\u00e1s, buscamos personas comprometidas que deseen unirse a nuestro equipo. Con tu apoyo, lograremos llegar a m\u00e1s personas, difundir el mensaje de Cristo y reforzar la unidad de los cristianos. \u00bfTe unes a nuestra misi\u00f3n? Para m\u00e1s informaci\u00f3n sobre c\u00f3mo colaborar, visita Exaudi.org\\\/es o cont\u00e1ctanos directamente: info@exaudi.org Exaudi: Informa, forma y transforma.\",\"sameAs\":[\"https:\\\/\\\/www.facebook.com\\\/ExaudiNoticias\\\/\",\"https:\\\/\\\/www.instagram.com\\\/exaudi_noticias\\\/\",\"https:\\\/\\\/x.com\\\/Exaudi_noticias\",\"https:\\\/\\\/www.youtube.com\\\/@exaudicatholicnews\"],\"url\":\"https:\\\/\\\/exaudi.org\\\/es\\\/author\\\/redaccionexaudi\\\/\"}]}<\/script>\n<!-- \/ Yoast SEO plugin. -->","yoast_head_json":{"title":"Campa\u00f1a de oraci\u00f3n con motivo del 10\u00ba Aniversario de pontificado del Papa Francisco &#8211; Exaudi","robots":{"index":"index","follow":"follow","max-snippet":"max-snippet:-1","max-image-preview":"max-image-preview:large","max-video-preview":"max-video-preview:-1"},"canonical":"https:\/\/exaudi.org\/es\/campana-de-oracion-por-motivo-del-10o-aniversario-de-pontificado-del-papa-francisco\/","og_locale":"es_ES","og_type":"article","og_title":"Campa\u00f1a de oraci\u00f3n con motivo del 10\u00ba Aniversario de pontificado del Papa Francisco &#8211; Exaudi","og_description":"La iniciativa de acompa\u00f1ar el 10\u00ba Aniversario del Pontificado del Papa Francisco de esta forma parti\u00f3 de los j\u00f3venes del \u201cS\u00ednodo Digital\u201d. Un grupo de evangelizadores digitales que participan de la etapa continental del S\u00ednodo, despu\u00e9s de haber realizado la etapa de la escucha en muchas partes del mundo. La propuesta surgi\u00f3 del intercambio que [&hellip;]","og_url":"https:\/\/exaudi.org\/es\/campana-de-oracion-por-motivo-del-10o-aniversario-de-pontificado-del-papa-francisco\/","og_site_name":"Exaudi","article_publisher":"https:\/\/www.facebook.com\/ExaudiNews","article_author":"https:\/\/www.facebook.com\/ExaudiNoticias\/","article_published_time":"2023-03-11T10:33:35+00:00","og_image":[{"width":1500,"height":843,"url":"https:\/\/exaudi.org\/wp-content\/uploads\/2023\/02\/cq5dam.thumbnail.cropped.1500.844-1.jpeg","type":"image\/jpeg"}],"author":"Exaudi Redacci\u00f3n","twitter_card":"summary_large_image","twitter_creator":"@Exaudi_noticias","twitter_site":"@Exaudi_News","twitter_misc":{"Escrito por":"Exaudi Redacci\u00f3n","Tiempo de lectura":"3 minutos"},"schema":{"@context":"https:\/\/schema.org","@graph":[{"@type":"Article","@id":"https:\/\/exaudi.org\/es\/campana-de-oracion-por-motivo-del-10o-aniversario-de-pontificado-del-papa-francisco\/#article","isPartOf":{"@id":"https:\/\/exaudi.org\/es\/campana-de-oracion-por-motivo-del-10o-aniversario-de-pontificado-del-papa-francisco\/"},"author":{"name":"Exaudi Redacci\u00f3n","@id":"https:\/\/exaudi.org\/#\/schema\/person\/f5fc8f063065e38742da7afe15f25df7"},"headline":"Campa\u00f1a de oraci\u00f3n con motivo del 10\u00ba Aniversario de pontificado del Papa Francisco","datePublished":"2023-03-11T10:33:35+00:00","mainEntityOfPage":{"@id":"https:\/\/exaudi.org\/es\/campana-de-oracion-por-motivo-del-10o-aniversario-de-pontificado-del-papa-francisco\/"},"wordCount":589,"image":{"@id":"https:\/\/exaudi.org\/es\/campana-de-oracion-por-motivo-del-10o-aniversario-de-pontificado-del-papa-francisco\/#primaryimage"},"thumbnailUrl":"https:\/\/exaudi.org\/wp-content\/uploads\/2023\/02\/cq5dam.thumbnail.cropped.1500.844-1.jpeg","keywords":["Aniversario","papa francisco","Pontificado","Rezar por el Papa","Trending"],"articleSection":["Iglesia y Mundo"],"inLanguage":"es"},{"@type":"WebPage","@id":"https:\/\/exaudi.org\/es\/campana-de-oracion-por-motivo-del-10o-aniversario-de-pontificado-del-papa-francisco\/","url":"https:\/\/exaudi.org\/es\/campana-de-oracion-por-motivo-del-10o-aniversario-de-pontificado-del-papa-francisco\/","name":"Campa\u00f1a de oraci\u00f3n con motivo del 10\u00ba Aniversario de pontificado del Papa Francisco &#8211; Exaudi","isPartOf":{"@id":"https:\/\/exaudi.org\/#website"},"primaryImageOfPage":{"@id":"https:\/\/exaudi.org\/es\/campana-de-oracion-por-motivo-del-10o-aniversario-de-pontificado-del-papa-francisco\/#primaryimage"},"image":{"@id":"https:\/\/exaudi.org\/es\/campana-de-oracion-por-motivo-del-10o-aniversario-de-pontificado-del-papa-francisco\/#primaryimage"},"thumbnailUrl":"https:\/\/exaudi.org\/wp-content\/uploads\/2023\/02\/cq5dam.thumbnail.cropped.1500.844-1.jpeg","datePublished":"2023-03-11T10:33:35+00:00","author":{"@id":"https:\/\/exaudi.org\/#\/schema\/person\/f5fc8f063065e38742da7afe15f25df7"},"breadcrumb":{"@id":"https:\/\/exaudi.org\/es\/campana-de-oracion-por-motivo-del-10o-aniversario-de-pontificado-del-papa-francisco\/#breadcrumb"},"inLanguage":"es","potentialAction":[{"@type":"ReadAction","target":["https:\/\/exaudi.org\/es\/campana-de-oracion-por-motivo-del-10o-aniversario-de-pontificado-del-papa-francisco\/"]}]},{"@type":"ImageObject","inLanguage":"es","@id":"https:\/\/exaudi.org\/es\/campana-de-oracion-por-motivo-del-10o-aniversario-de-pontificado-del-papa-francisco\/#primaryimage","url":"https:\/\/exaudi.org\/wp-content\/uploads\/2023\/02\/cq5dam.thumbnail.cropped.1500.844-1.jpeg","contentUrl":"https:\/\/exaudi.org\/wp-content\/uploads\/2023\/02\/cq5dam.thumbnail.cropped.1500.844-1.jpeg","width":1500,"height":843,"caption":"(C) Vatican Media"},{"@type":"BreadcrumbList","@id":"https:\/\/exaudi.org\/es\/campana-de-oracion-por-motivo-del-10o-aniversario-de-pontificado-del-papa-francisco\/#breadcrumb","itemListElement":[{"@type":"ListItem","position":1,"name":"Portada","item":"https:\/\/exaudi.org\/es\/"},{"@type":"ListItem","position":2,"name":"Campa\u00f1a de oraci\u00f3n con motivo del 10\u00ba Aniversario de pontificado del Papa Francisco"}]},{"@type":"WebSite","@id":"https:\/\/exaudi.org\/#website","url":"https:\/\/exaudi.org\/","name":"Exaudi","description":"News","potentialAction":[{"@type":"SearchAction","target":{"@type":"EntryPoint","urlTemplate":"https:\/\/exaudi.org\/?s={search_term_string}"},"query-input":{"@type":"PropertyValueSpecification","valueRequired":true,"valueName":"search_term_string"}}],"inLanguage":"es"},{"@type":"Person","@id":"https:\/\/exaudi.org\/#\/schema\/person\/f5fc8f063065e38742da7afe15f25df7","name":"Exaudi Redacci\u00f3n","image":{"@type":"ImageObject","inLanguage":"es","@id":"https:\/\/secure.gravatar.com\/avatar\/fe0f6a059fb68d9b3e11bc5850dd4899b1c7492091a3cb6dd9b01b56ad828be2?s=96&d=mm&r=g","url":"https:\/\/secure.gravatar.com\/avatar\/fe0f6a059fb68d9b3e11bc5850dd4899b1c7492091a3cb6dd9b01b56ad828be2?s=96&d=mm&r=g","contentUrl":"https:\/\/secure.gravatar.com\/avatar\/fe0f6a059fb68d9b3e11bc5850dd4899b1c7492091a3cb6dd9b01b56ad828be2?s=96&d=mm&r=g","caption":"Exaudi Redacci\u00f3n"},"description":"\u00bfQu\u00e9 es Exaudi News? Exaudi News es un medio de comunicaci\u00f3n cat\u00f3lico internacional que informa, forma y transforma, diariamente en espa\u00f1ol, ingl\u00e9s e italiano. A trav\u00e9s de noticias, art\u00edculos de an\u00e1lisis y transmisiones en directo de los eventos del Papa, Exaudi busca fortalecer la unidad de los cristianos y contribuir a la evangelizaci\u00f3n del mundo, siempre guiados por la doctrina social de la Iglesia. Trabajamos para acercar la verdad y los valores cristianos a cada rinc\u00f3n del planeta. \u00a1Ay\u00fadanos a transformar el mundo con Exaudi! En Exaudi creemos que la evangelizaci\u00f3n y la informaci\u00f3n de calidad pueden cambiar vidas. Para continuar con nuestra misi\u00f3n y expandir nuestro alcance, necesitamos tu ayuda. Adem\u00e1s, buscamos personas comprometidas que deseen unirse a nuestro equipo. Con tu apoyo, lograremos llegar a m\u00e1s personas, difundir el mensaje de Cristo y reforzar la unidad de los cristianos. \u00bfTe unes a nuestra misi\u00f3n? Para m\u00e1s informaci\u00f3n sobre c\u00f3mo colaborar, visita Exaudi.org\/es o cont\u00e1ctanos directamente: info@exaudi.org Exaudi: Informa, forma y transforma.","sameAs":["https:\/\/www.facebook.com\/ExaudiNoticias\/","https:\/\/www.instagram.com\/exaudi_noticias\/","https:\/\/x.com\/Exaudi_noticias","https:\/\/www.youtube.com\/@exaudicatholicnews"],"url":"https:\/\/exaudi.org\/es\/author\/redaccionexaudi\/"}]}},"jetpack_featured_media_url":"https:\/\/exaudi.org\/wp-content\/uploads\/2023\/02\/cq5dam.thumbnail.cropped.1500.844-1.jpeg","jetpack_shortlink":"https:\/\/wp.me\/pgKjF2-isZ","_links":{"self":[{"href":"https:\/\/exaudi.org\/es\/wp-json\/wp\/v2\/posts\/70989","targetHints":{"allow":["GET"]}}],"collection":[{"href":"https:\/\/exaudi.org\/es\/wp-json\/wp\/v2\/posts"}],"about":[{"href":"https:\/\/exaudi.org\/es\/wp-json\/wp\/v2\/types\/post"}],"author":[{"embeddable":true,"href":"https:\/\/exaudi.org\/es\/wp-json\/wp\/v2\/users\/15"}],"replies":[{"embeddable":true,"href":"https:\/\/exaudi.org\/es\/wp-json\/wp\/v2\/comments?post=70989"}],"version-history":[{"count":0,"href":"https:\/\/exaudi.org\/es\/wp-json\/wp\/v2\/posts\/70989\/revisions"}],"wp:featuredmedia":[{"embeddable":true,"href":"https:\/\/exaudi.org\/es\/wp-json\/wp\/v2\/media\/71746"}],"wp:attachment":[{"href":"https:\/\/exaudi.org\/es\/wp-json\/wp\/v2\/media?parent=70989"}],"wp:term":[{"taxonomy":"category","embeddable":true,"href":"https:\/\/exaudi.org\/es\/wp-json\/wp\/v2\/categories?post=70989"},{"taxonomy":"post_tag","embeddable":true,"href":"https:\/\/exaudi.org\/es\/wp-json\/wp\/v2\/tags?post=70989"}],"curies":[{"name":"wp","href":"https:\/\/api.w.org\/{rel}","templated":true}]}}