{"id":70850,"date":"2023-02-23T19:46:22","date_gmt":"2023-02-23T18:46:22","guid":{"rendered":"https:\/\/exaudi.org\/?p=70850"},"modified":"2023-02-24T10:02:50","modified_gmt":"2023-02-24T09:02:50","slug":"el-papa-la-unidad-esta-por-encima-de-los-intereses-partidistas","status":"publish","type":"post","link":"https:\/\/exaudi.org\/es\/el-papa-la-unidad-esta-por-encima-de-los-intereses-partidistas\/","title":{"rendered":"El Papa: \u201cLa unidad, est\u00e1 por encima de los intereses partidistas\u201d"},"content":{"rendered":"<audio class=\"wp-audio-shortcode\" id=\"audio-70850-1\" preload=\"none\" style=\"width: 100%;\" controls=\"controls\"><source type=\"audio\/mpeg\" src=\"https:\/\/exaudi.org\/wp-content\/uploads\/2023\/02\/El-Papa-La-unidad-esta-por-encima-de-los.mp3?_=1\" \/><a href=\"https:\/\/exaudi.org\/wp-content\/uploads\/2023\/02\/El-Papa-La-unidad-esta-por-encima-de-los.mp3\">https:\/\/exaudi.org\/wp-content\/uploads\/2023\/02\/El-Papa-La-unidad-esta-por-encima-de-los.mp3<\/a><\/audio>\n<p>Este jueves, 23 de febrero de 2023, el Santo Padre Francisco ha recibido en Audiencia a los j\u00f3venes sacerdotes y monjes de las Iglesias ortodoxas orientales.<\/p>\n<p>Publicamos a continuaci\u00f3n el discurso que el Papa dirigi\u00f3 a los presentes durante la Audiencia:<\/p>\n<p>***<\/p>\n<p><strong>Discurso del Santo Padre<\/strong><\/p>\n<p>Queridos hermanos,<br \/>\nOs saludo con alegr\u00eda en el Se\u00f1or. Me alegra acogeros en la tercera edici\u00f3n de esta hermosa iniciativa de visitas a Roma de j\u00f3venes sacerdotes y monjes de las Iglesias ortodoxas orientales. Sed muy bienvenidos. Este a\u00f1o hab\u00e9is venido al comienzo de la Cuaresma, el itinerario que los cristianos siguen para prepararse a la Pascua de Cristo, coraz\u00f3n de nuestra fe. Me viene a la mente otro itinerario: el que hicieron dos disc\u00edpulos junto al Resucitado el d\u00eda de Pascua (cf. Lc 24, 13-35). Ese viaje a Ema\u00fas puede simbolizar en cierto modo el camino ecum\u00e9nico de los cristianos hacia la plena comuni\u00f3n. De hecho, veo puntos en com\u00fan entre los dos viajes, tres elementos que me gustar\u00eda compartir hoy con ustedes.<\/p>\n<p>El primero es que si los cristianos caminan juntos, como lo hicieron los dos disc\u00edpulos de Ema\u00fas, ser\u00e1n acompa\u00f1ados por Cristo, que acompa\u00f1ar\u00e1, motivar\u00e1 y llevar\u00e1 a t\u00e9rmino su camino. En efecto, Jes\u00fas alcanza a esos dos disc\u00edpulos, desorientados y angustiados, a lo largo del camino; se acerca a ellos de inc\u00f3gnito, haci\u00e9ndose caminante con ellos. Entonces el camino se convierte en peregrinaci\u00f3n. Ciertamente, la tristeza y el repliegue sobre s\u00ed mismos impidieron que sus ojos le reconocieran (cf. v. 16); del mismo modo, el des\u00e1nimo y la autorreferencialidad impiden a los cristianos de distintas confesiones ver lo que les une, reconocer a Aquel que les une. Por eso, como creyentes debemos creer que cuanto m\u00e1s caminemos juntos, m\u00e1s nos acompa\u00f1ar\u00e1 misteriosamente Cristo, porque la unidad es una peregrinaci\u00f3n com\u00fan.<\/p>\n<p>El evangelista dice que aquellos dos disc\u00edpulos \u00abconversaban entre s\u00ed sobre todo lo que hab\u00eda sucedido\u00bb, \u00abconversaban y discut\u00edan juntos\u00bb (vv. 14-15). Este es el segundo elemento, el di\u00e1logo: di\u00e1logo de caridad, di\u00e1logo de verdad, di\u00e1logo de vida, para retomar las tres tipolog\u00edas indicadas por el Vadem\u00e9cum ecum\u00e9nico del Dicasterio para la promoci\u00f3n de la unidad de los cristianos. El di\u00e1logo de los peregrinos de Ema\u00fas desemboca en un di\u00e1logo con Jes\u00fas, que se convierte en su ex\u00e9geta; a partir de sus conversaciones, Cristo habla a sus corazones, los despierta, los enciende explicando en todas las Escrituras lo que se refiere a \u00c9l (cf. v. 27). Esto nos muestra que el di\u00e1logo entre cristianos se basa en la Palabra de Dios, que el Se\u00f1or Jes\u00fas nos hace comprender con la luz de su Esp\u00edritu.<\/p>\n<p>Deambular juntos y dialogar; llegamos al tercer elemento: el evangelista explica que, cuando los disc\u00edpulos se acercaron a Ema\u00fas, Jes\u00fas \u00abhizo como si tuviera que ir m\u00e1s lejos\u00bb (v. 28). El Se\u00f1or no impuso su presencia, pero los disc\u00edpulos le rogaron que se quedara: \u00abQu\u00e9date con nosotros, porque ya es de noche y el d\u00eda se acaba\u00bb (v. 29). Deseaban estar juntos con Cristo. No se fueron cada uno a su casa, sino que quisieron prolongar su compa\u00f1\u00eda con Jes\u00fas y entre ellos, le rezaron, insistieron. He aqu\u00ed el tercer elemento: hay que desear la unidad con la oraci\u00f3n, con todo el coraz\u00f3n y con todas las fuerzas, con insistencia, sin cansarse. Porque si se apaga el deseo de unidad, no basta con caminar y dialogar: todo se convierte en algo debido y formal. Si, en cambio, el deseo impulsa a abrir la puerta a Cristo junto con el hermano, todo cambia. La Escritura nos recuerda que Jes\u00fas no parte el Pan con los disc\u00edpulos renegados y desunidos; a ellos les corresponde invitarle, acogerle, desearle juntos. Esto es quiz\u00e1 lo que m\u00e1s falta hace hoy a los cristianos de las diversas Confesiones: un deseo ardiente de unidad, que se anteponga a los intereses partidistas.<\/p>\n<p>Queridos hermanos, la unidad es peregrinaci\u00f3n, unidad es di\u00e1logo, unidad es deseo. Si vivimos estas tres dimensiones en el camino ecum\u00e9nico, entonces, como aquellos disc\u00edpulos, llegaremos a reconocer juntos a Cristo en la fracci\u00f3n del Pan y gozaremos de la comuni\u00f3n con \u00c9l en la misma mesa eucar\u00edstica (cf. vv. 30-31). Y, as\u00ed como los dos de Ema\u00fas corrieron de vuelta a Jerusal\u00e9n para contar con alegr\u00eda y asombro lo que hab\u00edan experimentado, as\u00ed tambi\u00e9n nosotros podremos dar testimonio cre\u00edble del Crucificado resucitado, \u00abpara que el mundo crea\u00bb (Jn 17, 21). Queridos hermanos, os hab\u00e9is propuesto venir aqu\u00ed. Os doy las gracias por ello. En vuestra peregrinaci\u00f3n a Roma, espero que pod\u00e1is sentir la presencia viva del Resucitado, que nuestra comuni\u00f3n crezca en el di\u00e1logo fraterno, que se renueve en cada uno un ardiente deseo de unidad.<\/p>\n<p>Que el Se\u00f1or os bendiga y la Madre de Dios os proteja. Os pido que llev\u00e9is mi saludo a vuestros Obispos y a vuestras Iglesias. Algunos de vosotros ven\u00eds de la tribulaci\u00f3n de Siria; quisiera expresar una particular cercan\u00eda a ese querido pueblo, probado no s\u00f3lo por la guerra, sino tambi\u00e9n por el terremoto que, como en Turqu\u00eda, ha causado tantas v\u00edctimas y una terrible devastaci\u00f3n. Ante el sufrimiento de tantos inocentes, ni\u00f1os, mujeres, madres, familias, espero que se haga todo lo posible por la poblaci\u00f3n, que no haya razones ni sanciones que obstaculicen la ayuda urgente y necesaria a la poblaci\u00f3n.<\/p>\n<p>Queridos hermanos, os doy las gracias y os llevo en mis oraciones; os pido, por favor, que no me olvid\u00e9is al dirigiros al Se\u00f1or. Si os parece bien, ahora podemos rezar juntos el Padrenuestro, cada uno en su lengua.<\/p>\n<p>&nbsp;<\/p>\n<p>&nbsp;<\/p>\n","protected":false},"excerpt":{"rendered":"<p>A los j\u00f3venes sacerdotes y monjes de las Iglesias ortodoxas orientales<\/p>\n","protected":false},"author":15,"featured_media":70825,"comment_status":"closed","ping_status":"closed","sticky":false,"template":"","format":"standard","meta":{"_acf_changed":false,"_crdt_document":"","inline_featured_image":false,"footnotes":""},"categories":[124,68],"tags":[648,8468,158,4953],"class_list":["post-70850","post","type-post","status-publish","format-standard","has-post-thumbnail","hentry","category-discursos","category-leon-xiv","tag-discurso","tag-iglesias-ortodoxas-orientales","tag-papa-francisco","tag-trending-es"],"acf":[],"yoast_head":"<!-- This site is optimized with the Yoast SEO plugin v27.5 - https:\/\/yoast.com\/product\/yoast-seo-wordpress\/ -->\n<title>El Papa: \u201cLa unidad, est\u00e1 por encima de los intereses partidistas\u201d &#8211; Exaudi<\/title>\n<meta name=\"robots\" content=\"index, follow, max-snippet:-1, max-image-preview:large, max-video-preview:-1\" \/>\n<link rel=\"canonical\" href=\"https:\/\/exaudi.org\/es\/el-papa-la-unidad-esta-por-encima-de-los-intereses-partidistas\/\" \/>\n<meta property=\"og:locale\" content=\"es_ES\" \/>\n<meta property=\"og:type\" content=\"article\" \/>\n<meta property=\"og:title\" content=\"El Papa: \u201cLa unidad, est\u00e1 por encima de los intereses partidistas\u201d &#8211; Exaudi\" \/>\n<meta property=\"og:description\" content=\"A los j\u00f3venes sacerdotes y monjes de las Iglesias ortodoxas orientales\" \/>\n<meta property=\"og:url\" content=\"https:\/\/exaudi.org\/es\/el-papa-la-unidad-esta-por-encima-de-los-intereses-partidistas\/\" \/>\n<meta property=\"og:site_name\" content=\"Exaudi\" \/>\n<meta property=\"article:publisher\" content=\"https:\/\/www.facebook.com\/ExaudiNews\" \/>\n<meta property=\"article:author\" content=\"https:\/\/www.facebook.com\/ExaudiNoticias\/\" \/>\n<meta property=\"article:published_time\" content=\"2023-02-23T18:46:22+00:00\" \/>\n<meta property=\"article:modified_time\" content=\"2023-02-24T09:02:50+00:00\" \/>\n<meta property=\"og:image\" content=\"https:\/\/exaudi.org\/wp-content\/uploads\/2023\/02\/cq5dam.web_.800.800-16.jpeg\" \/>\n\t<meta property=\"og:image:width\" content=\"800\" \/>\n\t<meta property=\"og:image:height\" content=\"533\" \/>\n\t<meta property=\"og:image:type\" content=\"image\/jpeg\" \/>\n<meta name=\"author\" content=\"Exaudi Redacci\u00f3n\" \/>\n<meta name=\"twitter:card\" content=\"summary_large_image\" \/>\n<meta name=\"twitter:creator\" content=\"@Exaudi_noticias\" \/>\n<meta name=\"twitter:site\" content=\"@Exaudi_News\" \/>\n<meta name=\"twitter:label1\" content=\"Escrito por\" \/>\n\t<meta name=\"twitter:data1\" content=\"Exaudi Redacci\u00f3n\" \/>\n\t<meta name=\"twitter:label2\" content=\"Tiempo de lectura\" \/>\n\t<meta name=\"twitter:data2\" content=\"5 minutos\" \/>\n<script type=\"application\/ld+json\" class=\"yoast-schema-graph\">{\"@context\":\"https:\\\/\\\/schema.org\",\"@graph\":[{\"@type\":\"Article\",\"@id\":\"https:\\\/\\\/exaudi.org\\\/es\\\/el-papa-la-unidad-esta-por-encima-de-los-intereses-partidistas\\\/#article\",\"isPartOf\":{\"@id\":\"https:\\\/\\\/exaudi.org\\\/es\\\/el-papa-la-unidad-esta-por-encima-de-los-intereses-partidistas\\\/\"},\"author\":{\"name\":\"Exaudi Redacci\u00f3n\",\"@id\":\"https:\\\/\\\/exaudi.org\\\/#\\\/schema\\\/person\\\/f5fc8f063065e38742da7afe15f25df7\"},\"headline\":\"El Papa: \u201cLa unidad, est\u00e1 por encima de los intereses partidistas\u201d\",\"datePublished\":\"2023-02-23T18:46:22+00:00\",\"dateModified\":\"2023-02-24T09:02:50+00:00\",\"mainEntityOfPage\":{\"@id\":\"https:\\\/\\\/exaudi.org\\\/es\\\/el-papa-la-unidad-esta-por-encima-de-los-intereses-partidistas\\\/\"},\"wordCount\":1030,\"image\":{\"@id\":\"https:\\\/\\\/exaudi.org\\\/es\\\/el-papa-la-unidad-esta-por-encima-de-los-intereses-partidistas\\\/#primaryimage\"},\"thumbnailUrl\":\"https:\\\/\\\/exaudi.org\\\/wp-content\\\/uploads\\\/2023\\\/02\\\/cq5dam.web_.800.800-16.jpeg\",\"keywords\":[\"Discurso\",\"Iglesias Ortodoxas Orientales\",\"papa francisco\",\"Trending\"],\"articleSection\":[\"Discursos\",\"Le\u00f3n XIV\"],\"inLanguage\":\"es\"},{\"@type\":\"WebPage\",\"@id\":\"https:\\\/\\\/exaudi.org\\\/es\\\/el-papa-la-unidad-esta-por-encima-de-los-intereses-partidistas\\\/\",\"url\":\"https:\\\/\\\/exaudi.org\\\/es\\\/el-papa-la-unidad-esta-por-encima-de-los-intereses-partidistas\\\/\",\"name\":\"El Papa: \u201cLa unidad, est\u00e1 por encima de los intereses partidistas\u201d &#8211; Exaudi\",\"isPartOf\":{\"@id\":\"https:\\\/\\\/exaudi.org\\\/#website\"},\"primaryImageOfPage\":{\"@id\":\"https:\\\/\\\/exaudi.org\\\/es\\\/el-papa-la-unidad-esta-por-encima-de-los-intereses-partidistas\\\/#primaryimage\"},\"image\":{\"@id\":\"https:\\\/\\\/exaudi.org\\\/es\\\/el-papa-la-unidad-esta-por-encima-de-los-intereses-partidistas\\\/#primaryimage\"},\"thumbnailUrl\":\"https:\\\/\\\/exaudi.org\\\/wp-content\\\/uploads\\\/2023\\\/02\\\/cq5dam.web_.800.800-16.jpeg\",\"datePublished\":\"2023-02-23T18:46:22+00:00\",\"dateModified\":\"2023-02-24T09:02:50+00:00\",\"author\":{\"@id\":\"https:\\\/\\\/exaudi.org\\\/#\\\/schema\\\/person\\\/f5fc8f063065e38742da7afe15f25df7\"},\"breadcrumb\":{\"@id\":\"https:\\\/\\\/exaudi.org\\\/es\\\/el-papa-la-unidad-esta-por-encima-de-los-intereses-partidistas\\\/#breadcrumb\"},\"inLanguage\":\"es\",\"potentialAction\":[{\"@type\":\"ReadAction\",\"target\":[\"https:\\\/\\\/exaudi.org\\\/es\\\/el-papa-la-unidad-esta-por-encima-de-los-intereses-partidistas\\\/\"]}]},{\"@type\":\"ImageObject\",\"inLanguage\":\"es\",\"@id\":\"https:\\\/\\\/exaudi.org\\\/es\\\/el-papa-la-unidad-esta-por-encima-de-los-intereses-partidistas\\\/#primaryimage\",\"url\":\"https:\\\/\\\/exaudi.org\\\/wp-content\\\/uploads\\\/2023\\\/02\\\/cq5dam.web_.800.800-16.jpeg\",\"contentUrl\":\"https:\\\/\\\/exaudi.org\\\/wp-content\\\/uploads\\\/2023\\\/02\\\/cq5dam.web_.800.800-16.jpeg\",\"width\":800,\"height\":533,\"caption\":\"Vatican Media\"},{\"@type\":\"BreadcrumbList\",\"@id\":\"https:\\\/\\\/exaudi.org\\\/es\\\/el-papa-la-unidad-esta-por-encima-de-los-intereses-partidistas\\\/#breadcrumb\",\"itemListElement\":[{\"@type\":\"ListItem\",\"position\":1,\"name\":\"Portada\",\"item\":\"https:\\\/\\\/exaudi.org\\\/es\\\/\"},{\"@type\":\"ListItem\",\"position\":2,\"name\":\"El Papa: \u201cLa unidad, est\u00e1 por encima de los intereses partidistas\u201d\"}]},{\"@type\":\"WebSite\",\"@id\":\"https:\\\/\\\/exaudi.org\\\/#website\",\"url\":\"https:\\\/\\\/exaudi.org\\\/\",\"name\":\"Exaudi\",\"description\":\"News\",\"potentialAction\":[{\"@type\":\"SearchAction\",\"target\":{\"@type\":\"EntryPoint\",\"urlTemplate\":\"https:\\\/\\\/exaudi.org\\\/?s={search_term_string}\"},\"query-input\":{\"@type\":\"PropertyValueSpecification\",\"valueRequired\":true,\"valueName\":\"search_term_string\"}}],\"inLanguage\":\"es\"},{\"@type\":\"Person\",\"@id\":\"https:\\\/\\\/exaudi.org\\\/#\\\/schema\\\/person\\\/f5fc8f063065e38742da7afe15f25df7\",\"name\":\"Exaudi Redacci\u00f3n\",\"image\":{\"@type\":\"ImageObject\",\"inLanguage\":\"es\",\"@id\":\"https:\\\/\\\/secure.gravatar.com\\\/avatar\\\/fe0f6a059fb68d9b3e11bc5850dd4899b1c7492091a3cb6dd9b01b56ad828be2?s=96&d=mm&r=g\",\"url\":\"https:\\\/\\\/secure.gravatar.com\\\/avatar\\\/fe0f6a059fb68d9b3e11bc5850dd4899b1c7492091a3cb6dd9b01b56ad828be2?s=96&d=mm&r=g\",\"contentUrl\":\"https:\\\/\\\/secure.gravatar.com\\\/avatar\\\/fe0f6a059fb68d9b3e11bc5850dd4899b1c7492091a3cb6dd9b01b56ad828be2?s=96&d=mm&r=g\",\"caption\":\"Exaudi Redacci\u00f3n\"},\"description\":\"\u00bfQu\u00e9 es Exaudi News? Exaudi News es un medio de comunicaci\u00f3n cat\u00f3lico internacional que informa, forma y transforma, diariamente en espa\u00f1ol, ingl\u00e9s e italiano. A trav\u00e9s de noticias, art\u00edculos de an\u00e1lisis y transmisiones en directo de los eventos del Papa, Exaudi busca fortalecer la unidad de los cristianos y contribuir a la evangelizaci\u00f3n del mundo, siempre guiados por la doctrina social de la Iglesia. Trabajamos para acercar la verdad y los valores cristianos a cada rinc\u00f3n del planeta. \u00a1Ay\u00fadanos a transformar el mundo con Exaudi! En Exaudi creemos que la evangelizaci\u00f3n y la informaci\u00f3n de calidad pueden cambiar vidas. Para continuar con nuestra misi\u00f3n y expandir nuestro alcance, necesitamos tu ayuda. Adem\u00e1s, buscamos personas comprometidas que deseen unirse a nuestro equipo. Con tu apoyo, lograremos llegar a m\u00e1s personas, difundir el mensaje de Cristo y reforzar la unidad de los cristianos. \u00bfTe unes a nuestra misi\u00f3n? Para m\u00e1s informaci\u00f3n sobre c\u00f3mo colaborar, visita Exaudi.org\\\/es o cont\u00e1ctanos directamente: info@exaudi.org Exaudi: Informa, forma y transforma.\",\"sameAs\":[\"https:\\\/\\\/www.facebook.com\\\/ExaudiNoticias\\\/\",\"https:\\\/\\\/www.instagram.com\\\/exaudi_noticias\\\/\",\"https:\\\/\\\/x.com\\\/Exaudi_noticias\",\"https:\\\/\\\/www.youtube.com\\\/@exaudicatholicnews\"],\"url\":\"https:\\\/\\\/exaudi.org\\\/es\\\/author\\\/redaccionexaudi\\\/\"}]}<\/script>\n<!-- \/ Yoast SEO plugin. -->","yoast_head_json":{"title":"El Papa: \u201cLa unidad, est\u00e1 por encima de los intereses partidistas\u201d &#8211; Exaudi","robots":{"index":"index","follow":"follow","max-snippet":"max-snippet:-1","max-image-preview":"max-image-preview:large","max-video-preview":"max-video-preview:-1"},"canonical":"https:\/\/exaudi.org\/es\/el-papa-la-unidad-esta-por-encima-de-los-intereses-partidistas\/","og_locale":"es_ES","og_type":"article","og_title":"El Papa: \u201cLa unidad, est\u00e1 por encima de los intereses partidistas\u201d &#8211; Exaudi","og_description":"A los j\u00f3venes sacerdotes y monjes de las Iglesias ortodoxas orientales","og_url":"https:\/\/exaudi.org\/es\/el-papa-la-unidad-esta-por-encima-de-los-intereses-partidistas\/","og_site_name":"Exaudi","article_publisher":"https:\/\/www.facebook.com\/ExaudiNews","article_author":"https:\/\/www.facebook.com\/ExaudiNoticias\/","article_published_time":"2023-02-23T18:46:22+00:00","article_modified_time":"2023-02-24T09:02:50+00:00","og_image":[{"width":800,"height":533,"url":"https:\/\/exaudi.org\/wp-content\/uploads\/2023\/02\/cq5dam.web_.800.800-16.jpeg","type":"image\/jpeg"}],"author":"Exaudi Redacci\u00f3n","twitter_card":"summary_large_image","twitter_creator":"@Exaudi_noticias","twitter_site":"@Exaudi_News","twitter_misc":{"Escrito por":"Exaudi Redacci\u00f3n","Tiempo de lectura":"5 minutos"},"schema":{"@context":"https:\/\/schema.org","@graph":[{"@type":"Article","@id":"https:\/\/exaudi.org\/es\/el-papa-la-unidad-esta-por-encima-de-los-intereses-partidistas\/#article","isPartOf":{"@id":"https:\/\/exaudi.org\/es\/el-papa-la-unidad-esta-por-encima-de-los-intereses-partidistas\/"},"author":{"name":"Exaudi Redacci\u00f3n","@id":"https:\/\/exaudi.org\/#\/schema\/person\/f5fc8f063065e38742da7afe15f25df7"},"headline":"El Papa: \u201cLa unidad, est\u00e1 por encima de los intereses partidistas\u201d","datePublished":"2023-02-23T18:46:22+00:00","dateModified":"2023-02-24T09:02:50+00:00","mainEntityOfPage":{"@id":"https:\/\/exaudi.org\/es\/el-papa-la-unidad-esta-por-encima-de-los-intereses-partidistas\/"},"wordCount":1030,"image":{"@id":"https:\/\/exaudi.org\/es\/el-papa-la-unidad-esta-por-encima-de-los-intereses-partidistas\/#primaryimage"},"thumbnailUrl":"https:\/\/exaudi.org\/wp-content\/uploads\/2023\/02\/cq5dam.web_.800.800-16.jpeg","keywords":["Discurso","Iglesias Ortodoxas Orientales","papa francisco","Trending"],"articleSection":["Discursos","Le\u00f3n XIV"],"inLanguage":"es"},{"@type":"WebPage","@id":"https:\/\/exaudi.org\/es\/el-papa-la-unidad-esta-por-encima-de-los-intereses-partidistas\/","url":"https:\/\/exaudi.org\/es\/el-papa-la-unidad-esta-por-encima-de-los-intereses-partidistas\/","name":"El Papa: \u201cLa unidad, est\u00e1 por encima de los intereses partidistas\u201d &#8211; Exaudi","isPartOf":{"@id":"https:\/\/exaudi.org\/#website"},"primaryImageOfPage":{"@id":"https:\/\/exaudi.org\/es\/el-papa-la-unidad-esta-por-encima-de-los-intereses-partidistas\/#primaryimage"},"image":{"@id":"https:\/\/exaudi.org\/es\/el-papa-la-unidad-esta-por-encima-de-los-intereses-partidistas\/#primaryimage"},"thumbnailUrl":"https:\/\/exaudi.org\/wp-content\/uploads\/2023\/02\/cq5dam.web_.800.800-16.jpeg","datePublished":"2023-02-23T18:46:22+00:00","dateModified":"2023-02-24T09:02:50+00:00","author":{"@id":"https:\/\/exaudi.org\/#\/schema\/person\/f5fc8f063065e38742da7afe15f25df7"},"breadcrumb":{"@id":"https:\/\/exaudi.org\/es\/el-papa-la-unidad-esta-por-encima-de-los-intereses-partidistas\/#breadcrumb"},"inLanguage":"es","potentialAction":[{"@type":"ReadAction","target":["https:\/\/exaudi.org\/es\/el-papa-la-unidad-esta-por-encima-de-los-intereses-partidistas\/"]}]},{"@type":"ImageObject","inLanguage":"es","@id":"https:\/\/exaudi.org\/es\/el-papa-la-unidad-esta-por-encima-de-los-intereses-partidistas\/#primaryimage","url":"https:\/\/exaudi.org\/wp-content\/uploads\/2023\/02\/cq5dam.web_.800.800-16.jpeg","contentUrl":"https:\/\/exaudi.org\/wp-content\/uploads\/2023\/02\/cq5dam.web_.800.800-16.jpeg","width":800,"height":533,"caption":"Vatican Media"},{"@type":"BreadcrumbList","@id":"https:\/\/exaudi.org\/es\/el-papa-la-unidad-esta-por-encima-de-los-intereses-partidistas\/#breadcrumb","itemListElement":[{"@type":"ListItem","position":1,"name":"Portada","item":"https:\/\/exaudi.org\/es\/"},{"@type":"ListItem","position":2,"name":"El Papa: \u201cLa unidad, est\u00e1 por encima de los intereses partidistas\u201d"}]},{"@type":"WebSite","@id":"https:\/\/exaudi.org\/#website","url":"https:\/\/exaudi.org\/","name":"Exaudi","description":"News","potentialAction":[{"@type":"SearchAction","target":{"@type":"EntryPoint","urlTemplate":"https:\/\/exaudi.org\/?s={search_term_string}"},"query-input":{"@type":"PropertyValueSpecification","valueRequired":true,"valueName":"search_term_string"}}],"inLanguage":"es"},{"@type":"Person","@id":"https:\/\/exaudi.org\/#\/schema\/person\/f5fc8f063065e38742da7afe15f25df7","name":"Exaudi Redacci\u00f3n","image":{"@type":"ImageObject","inLanguage":"es","@id":"https:\/\/secure.gravatar.com\/avatar\/fe0f6a059fb68d9b3e11bc5850dd4899b1c7492091a3cb6dd9b01b56ad828be2?s=96&d=mm&r=g","url":"https:\/\/secure.gravatar.com\/avatar\/fe0f6a059fb68d9b3e11bc5850dd4899b1c7492091a3cb6dd9b01b56ad828be2?s=96&d=mm&r=g","contentUrl":"https:\/\/secure.gravatar.com\/avatar\/fe0f6a059fb68d9b3e11bc5850dd4899b1c7492091a3cb6dd9b01b56ad828be2?s=96&d=mm&r=g","caption":"Exaudi Redacci\u00f3n"},"description":"\u00bfQu\u00e9 es Exaudi News? Exaudi News es un medio de comunicaci\u00f3n cat\u00f3lico internacional que informa, forma y transforma, diariamente en espa\u00f1ol, ingl\u00e9s e italiano. A trav\u00e9s de noticias, art\u00edculos de an\u00e1lisis y transmisiones en directo de los eventos del Papa, Exaudi busca fortalecer la unidad de los cristianos y contribuir a la evangelizaci\u00f3n del mundo, siempre guiados por la doctrina social de la Iglesia. Trabajamos para acercar la verdad y los valores cristianos a cada rinc\u00f3n del planeta. \u00a1Ay\u00fadanos a transformar el mundo con Exaudi! En Exaudi creemos que la evangelizaci\u00f3n y la informaci\u00f3n de calidad pueden cambiar vidas. Para continuar con nuestra misi\u00f3n y expandir nuestro alcance, necesitamos tu ayuda. Adem\u00e1s, buscamos personas comprometidas que deseen unirse a nuestro equipo. Con tu apoyo, lograremos llegar a m\u00e1s personas, difundir el mensaje de Cristo y reforzar la unidad de los cristianos. \u00bfTe unes a nuestra misi\u00f3n? Para m\u00e1s informaci\u00f3n sobre c\u00f3mo colaborar, visita Exaudi.org\/es o cont\u00e1ctanos directamente: info@exaudi.org Exaudi: Informa, forma y transforma.","sameAs":["https:\/\/www.facebook.com\/ExaudiNoticias\/","https:\/\/www.instagram.com\/exaudi_noticias\/","https:\/\/x.com\/Exaudi_noticias","https:\/\/www.youtube.com\/@exaudicatholicnews"],"url":"https:\/\/exaudi.org\/es\/author\/redaccionexaudi\/"}]}},"jetpack_featured_media_url":"https:\/\/exaudi.org\/wp-content\/uploads\/2023\/02\/cq5dam.web_.800.800-16.jpeg","jetpack_shortlink":"https:\/\/wp.me\/pgKjF2-iqK","_links":{"self":[{"href":"https:\/\/exaudi.org\/es\/wp-json\/wp\/v2\/posts\/70850","targetHints":{"allow":["GET"]}}],"collection":[{"href":"https:\/\/exaudi.org\/es\/wp-json\/wp\/v2\/posts"}],"about":[{"href":"https:\/\/exaudi.org\/es\/wp-json\/wp\/v2\/types\/post"}],"author":[{"embeddable":true,"href":"https:\/\/exaudi.org\/es\/wp-json\/wp\/v2\/users\/15"}],"replies":[{"embeddable":true,"href":"https:\/\/exaudi.org\/es\/wp-json\/wp\/v2\/comments?post=70850"}],"version-history":[{"count":0,"href":"https:\/\/exaudi.org\/es\/wp-json\/wp\/v2\/posts\/70850\/revisions"}],"wp:featuredmedia":[{"embeddable":true,"href":"https:\/\/exaudi.org\/es\/wp-json\/wp\/v2\/media\/70825"}],"wp:attachment":[{"href":"https:\/\/exaudi.org\/es\/wp-json\/wp\/v2\/media?parent=70850"}],"wp:term":[{"taxonomy":"category","embeddable":true,"href":"https:\/\/exaudi.org\/es\/wp-json\/wp\/v2\/categories?post=70850"},{"taxonomy":"post_tag","embeddable":true,"href":"https:\/\/exaudi.org\/es\/wp-json\/wp\/v2\/tags?post=70850"}],"curies":[{"name":"wp","href":"https:\/\/api.w.org\/{rel}","templated":true}]}}