{"id":70755,"date":"2023-02-22T16:17:59","date_gmt":"2023-02-22T15:17:59","guid":{"rendered":"https:\/\/exaudi.org\/?p=70755"},"modified":"2023-02-22T16:17:59","modified_gmt":"2023-02-22T15:17:59","slug":"cardenal-arizmendi-necesitamos-conversion","status":"publish","type":"post","link":"https:\/\/exaudi.org\/es\/cardenal-arizmendi-necesitamos-conversion\/","title":{"rendered":"Cardenal Arizmendi: Necesitamos conversi\u00f3n"},"content":{"rendered":"<audio class=\"wp-audio-shortcode\" id=\"audio-70755-1\" preload=\"none\" style=\"width: 100%;\" controls=\"controls\"><source type=\"audio\/mpeg\" src=\"https:\/\/exaudi.org\/wp-content\/uploads\/2023\/02\/Articulo-22-febrero-1.mp3?_=1\" \/><a href=\"https:\/\/exaudi.org\/wp-content\/uploads\/2023\/02\/Articulo-22-febrero-1.mp3\">https:\/\/exaudi.org\/wp-content\/uploads\/2023\/02\/Articulo-22-febrero-1.mp3<\/a><\/audio>\n<p>El\u00a0<a href=\"https:\/\/exaudi.org\/es\/author\/felipearizmendi\/\" target=\"_blank\" rel=\"noopener\">cardenal Felipe Arizmendi<\/a>, obispo em\u00e9rito de San Crist\u00f3bal de Las Casas y responsable de la Doctrina de la Fe en la\u00a0<a href=\"https:\/\/www.cem.org.mx\/\" target=\"_blank\" rel=\"noopener\">Conferencia del Episcopado Mexicano (CEM)<\/a>, ofrece a los lectores de Exaudi su art\u00edculo semanal titulado \u201cNecesitamos conversi\u00f3n\u201d.<\/p>\n<p>***<\/p>\n<p><strong>MIRAR<\/strong><\/p>\n<p>Estamos empezando el camino cuaresmal, que es un proceso de conversi\u00f3n para resucitar con Jes\u00fas en la Pascua. Para participar en su resurrecci\u00f3n, es necesario hacer morir cuanto en nosotros es contrario al plan de Dios. Nuestro Dios quiere una vida plena para todos; quiere que seamos felices, viviendo en paz unos con otros.<\/p>\n<p>Si queremos que haya paz y armon\u00eda en la familia, se necesita conversi\u00f3n de los esposos, para vencer las indiferencias, las ofensas y agresiones, la violencia, las infidelidades, los resentimientos; s\u00f3lo as\u00ed habr\u00e1 una primavera en el amor y el cari\u00f1o de otros tiempos. Y la relaci\u00f3n con los hijos, y de \u00e9stos con sus padres, requiere di\u00e1logo, respeto, comprensi\u00f3n, perd\u00f3n mutuo y hacer a un lado todo aquello que haga sufrir unos a otros.<\/p>\n<p>Si queremos que haya serenidad y armon\u00eda en el barrio, en la colonia y en el pueblo o ciudad donde vivimos, necesitamos estar atentos a las necesidades y derechos de los dem\u00e1s; por ejemplo, no poner nuestra m\u00fasica a un volumen intolerable para los otros, sobre todo en horas de la noche; organizarnos para pintar paredes, tapar baches, plantar \u00e1rboles, cooperar para las obras comunitarias, participar en las reuniones convocadas, colaborar para remediar necesidades de las personas que m\u00e1s sufren. Cada quien podemos hacer algo, aunque sea peque\u00f1o, para que vivamos m\u00e1s seguros y contentos.<\/p>\n<p>Si queremos que haya paz social en el pa\u00eds, no esperemos que todo lo resuelva el gobierno en turno. Los gobernantes de ahora y de antes tienen aciertos y errores, pues nadie es perfecto. Ciertamente es obligaci\u00f3n de las autoridades civiles escuchar los datos reales de inseguridad y violencia que sufre el pa\u00eds, que parecen ya \u201cnormalizarse\u201d, y encontrar m\u00e9todos m\u00e1s eficaces para controlar esas bandas de extorsionadores y narcotraficantes que se han apoderado de muchas regiones. Es necesario que el gobernante no se encierre en sus propios datos, sino que escuche los nuestros, y no se defienda culpando siempre a reg\u00edmenes anteriores. Pero hagamos por nuestra parte lo poquito o mucho que podamos, sobre todo para remediar necesidades de quienes m\u00e1s sufren, aunque sea acompa\u00f1arles en su dolor, pues hay cosas que nos rebasan. No seamos indiferentes ante quienes son v\u00edctimas de esas bandas delincuenciales. Y no nos dejemos comprar y enga\u00f1ar por las d\u00e1divas que regala el gobierno, que dan la impresi\u00f3n no de ser un acto de justicia social, sino una estrategia electoral para asegurar votos para su partido. Convirt\u00e1monos de nuestra indiferencia y apat\u00eda ante la situaci\u00f3n actual y analicemos qu\u00e9 podemos hacer para mejorarla.<\/p>\n<p><strong>DISCERNIR<\/strong><\/p>\n<p>El episcopado mexicano ha expresado la preocupaci\u00f3n de que todos nos involucremos para que las cosas cambien, aunque a veces nos insulten con descalificaciones, como si s\u00f3lo el magisterio del Papa Francisco valiera y no lo que expresamos los obispos sobre la realidad nacional. En el <em>Proyecto Global de Pastoral 2031+2033, <\/em>expresamos:<\/p>\n<p><em>\u201cEs necesario reconocer que, en diferente medida, todos los ciudadanos somos responsables de esta situaci\u00f3n que vivimos. Es innegable que hay personas que tienen una responsabilidad m\u00e1s grande sobre esto, porque se han aprovechado de cargos p\u00fablicos, pol\u00edticos o influencias inmorales para enriquecerse escandalosamente, dejando en la pobreza y bajo condiciones inhumanas a un gran n\u00famero de ciudadanos. Los mexicanos, como sociedad en su conjunto, no hemos sabido involucrarnos responsablemente en el destino de nuestro pa\u00eds y hemos dejado muchas veces en manos deshonestas y gente sin escr\u00fapulos, el desarrollo de nuestra patria\u201d <\/em>(44).<\/p>\n<p><em>\u201cEsta situaci\u00f3n que nos lastima hondamente nos lleva a decir como el profeta: \u2018Hemos pecado, hemos cometido iniquidades y delitos y nos hemos rebelado, apart\u00e1ndonos de tus mandamientos y preceptos. No hemos escuchado a tus siervos los profetas que hablaban en tu nombre a nuestros reyes, a nuestros pr\u00edncipes, a nuestros antepasados y a toda la gente del pa\u00eds\u2019 (Dn 9,5-6). Pero tenemos una certeza que nos anima en nuestro caminar: Dios no abandona a sus hijos. Dios ha buscado al hombre para mostrarle su misericordia y su amor, como dice el ap\u00f3stol: \u2018Donde abund\u00f3 el pecado sobreabund\u00f3 la gracia. As\u00ed, lo mismo que el pecado rein\u00f3 para traer muerte, tambi\u00e9n la gracia reinar\u00e1 en virtud de la justicia, para procurarnos vida eterna a trav\u00e9s de Jesucristo nuestro Se\u00f1or\u2019 (Rm 5,20-21). Con esta confianza nos abrimos a experimentar con dolor la situaci\u00f3n que viven muchos hermanos nuestros abandonados a su suerte y queremos aproximarnos a ellos para hacerles experimentar la cercan\u00eda misericordiosa de Dios\u201d <\/em>(45).<\/p>\n<p><strong>ACTUAR<\/strong><\/p>\n<p>\u00bfQu\u00e9 podemos hacer t\u00fa y yo para mejorar nuestro pa\u00eds? Empecemos por nuestra familia, por nuestra comunidad local y seamos cr\u00edticos para discernir en qu\u00e9 apoyar a nuestros gobernantes y en qu\u00e9 exigirles que cumplan sus obligaciones constitucionales, sin estar inventando leyes para defenderse. Nuestro pa\u00eds tambi\u00e9n depende de ti y de m\u00ed. Los comunicadores pueden ayudar mucho difundiendo los hechos reales que sufre la poblaci\u00f3n, aunque tambi\u00e9n se exponen a ser se\u00f1alados como enemigos. Y debemos hacer oraci\u00f3n, para que todos nos convirtamos y cambiemos de vida.<\/p>\n","protected":false},"excerpt":{"rendered":"<p>Nuestro Dios quiere una vida plena para todos<\/p>\n","protected":false},"author":24,"featured_media":70760,"comment_status":"closed","ping_status":"closed","sticky":false,"template":"","format":"standard","meta":{"_acf_changed":false,"_crdt_document":"","inline_featured_image":false,"footnotes":""},"categories":[130],"tags":[6274,4953],"class_list":["post-70755","post","type-post","status-publish","format-standard","has-post-thumbnail","hentry","category-voces","tag-felipe-arizmendi","tag-trending-es"],"acf":[],"yoast_head":"<!-- This site is optimized with the Yoast SEO plugin v27.4 - https:\/\/yoast.com\/product\/yoast-seo-wordpress\/ -->\n<title>Cardenal Arizmendi: Necesitamos conversi\u00f3n &#8211; Exaudi<\/title>\n<meta name=\"robots\" content=\"index, follow, max-snippet:-1, max-image-preview:large, max-video-preview:-1\" \/>\n<link rel=\"canonical\" href=\"https:\/\/exaudi.org\/es\/cardenal-arizmendi-necesitamos-conversion\/\" \/>\n<meta property=\"og:locale\" content=\"es_ES\" \/>\n<meta property=\"og:type\" content=\"article\" \/>\n<meta property=\"og:title\" content=\"Cardenal Arizmendi: Necesitamos conversi\u00f3n &#8211; Exaudi\" \/>\n<meta property=\"og:description\" content=\"Nuestro Dios quiere una vida plena para todos\" \/>\n<meta property=\"og:url\" content=\"https:\/\/exaudi.org\/es\/cardenal-arizmendi-necesitamos-conversion\/\" \/>\n<meta property=\"og:site_name\" content=\"Exaudi\" \/>\n<meta property=\"article:publisher\" content=\"https:\/\/www.facebook.com\/ExaudiNews\" \/>\n<meta property=\"article:published_time\" content=\"2023-02-22T15:17:59+00:00\" \/>\n<meta property=\"og:image\" content=\"https:\/\/exaudi.org\/wp-content\/uploads\/2023\/02\/Vero-Cohen-scaled.jpg\" \/>\n\t<meta property=\"og:image:width\" content=\"2560\" \/>\n\t<meta property=\"og:image:height\" content=\"1695\" \/>\n\t<meta property=\"og:image:type\" content=\"image\/jpeg\" \/>\n<meta name=\"author\" content=\"Cardenal Felipe Arizmendi\" \/>\n<meta name=\"twitter:card\" content=\"summary_large_image\" \/>\n<meta name=\"twitter:creator\" content=\"@Exaudi_News\" \/>\n<meta name=\"twitter:site\" content=\"@Exaudi_News\" \/>\n<meta name=\"twitter:label1\" content=\"Escrito por\" \/>\n\t<meta name=\"twitter:data1\" content=\"Cardenal Felipe Arizmendi\" \/>\n\t<meta name=\"twitter:label2\" content=\"Tiempo de lectura\" \/>\n\t<meta name=\"twitter:data2\" content=\"4 minutos\" \/>\n<script type=\"application\/ld+json\" class=\"yoast-schema-graph\">{\"@context\":\"https:\\\/\\\/schema.org\",\"@graph\":[{\"@type\":\"Article\",\"@id\":\"https:\\\/\\\/exaudi.org\\\/es\\\/cardenal-arizmendi-necesitamos-conversion\\\/#article\",\"isPartOf\":{\"@id\":\"https:\\\/\\\/exaudi.org\\\/es\\\/cardenal-arizmendi-necesitamos-conversion\\\/\"},\"author\":{\"name\":\"Cardenal Felipe Arizmendi\",\"@id\":\"https:\\\/\\\/exaudi.org\\\/#\\\/schema\\\/person\\\/c7d223f87e58f1105d044d8da1439102\"},\"headline\":\"Cardenal Arizmendi: Necesitamos conversi\u00f3n\",\"datePublished\":\"2023-02-22T15:17:59+00:00\",\"mainEntityOfPage\":{\"@id\":\"https:\\\/\\\/exaudi.org\\\/es\\\/cardenal-arizmendi-necesitamos-conversion\\\/\"},\"wordCount\":940,\"image\":{\"@id\":\"https:\\\/\\\/exaudi.org\\\/es\\\/cardenal-arizmendi-necesitamos-conversion\\\/#primaryimage\"},\"thumbnailUrl\":\"https:\\\/\\\/exaudi.org\\\/wp-content\\\/uploads\\\/2023\\\/02\\\/Vero-Cohen-scaled.jpg\",\"keywords\":[\"Felipe Arizmendi\",\"Trending\"],\"articleSection\":[\"Voces\"],\"inLanguage\":\"es\"},{\"@type\":\"WebPage\",\"@id\":\"https:\\\/\\\/exaudi.org\\\/es\\\/cardenal-arizmendi-necesitamos-conversion\\\/\",\"url\":\"https:\\\/\\\/exaudi.org\\\/es\\\/cardenal-arizmendi-necesitamos-conversion\\\/\",\"name\":\"Cardenal Arizmendi: Necesitamos conversi\u00f3n &#8211; Exaudi\",\"isPartOf\":{\"@id\":\"https:\\\/\\\/exaudi.org\\\/#website\"},\"primaryImageOfPage\":{\"@id\":\"https:\\\/\\\/exaudi.org\\\/es\\\/cardenal-arizmendi-necesitamos-conversion\\\/#primaryimage\"},\"image\":{\"@id\":\"https:\\\/\\\/exaudi.org\\\/es\\\/cardenal-arizmendi-necesitamos-conversion\\\/#primaryimage\"},\"thumbnailUrl\":\"https:\\\/\\\/exaudi.org\\\/wp-content\\\/uploads\\\/2023\\\/02\\\/Vero-Cohen-scaled.jpg\",\"datePublished\":\"2023-02-22T15:17:59+00:00\",\"author\":{\"@id\":\"https:\\\/\\\/exaudi.org\\\/#\\\/schema\\\/person\\\/c7d223f87e58f1105d044d8da1439102\"},\"breadcrumb\":{\"@id\":\"https:\\\/\\\/exaudi.org\\\/es\\\/cardenal-arizmendi-necesitamos-conversion\\\/#breadcrumb\"},\"inLanguage\":\"es\",\"potentialAction\":[{\"@type\":\"ReadAction\",\"target\":[\"https:\\\/\\\/exaudi.org\\\/es\\\/cardenal-arizmendi-necesitamos-conversion\\\/\"]}]},{\"@type\":\"ImageObject\",\"inLanguage\":\"es\",\"@id\":\"https:\\\/\\\/exaudi.org\\\/es\\\/cardenal-arizmendi-necesitamos-conversion\\\/#primaryimage\",\"url\":\"https:\\\/\\\/exaudi.org\\\/wp-content\\\/uploads\\\/2023\\\/02\\\/Vero-Cohen-scaled.jpg\",\"contentUrl\":\"https:\\\/\\\/exaudi.org\\\/wp-content\\\/uploads\\\/2023\\\/02\\\/Vero-Cohen-scaled.jpg\",\"width\":2560,\"height\":1695,\"caption\":\"Vero Cohen \u00a9 Cathopic\"},{\"@type\":\"BreadcrumbList\",\"@id\":\"https:\\\/\\\/exaudi.org\\\/es\\\/cardenal-arizmendi-necesitamos-conversion\\\/#breadcrumb\",\"itemListElement\":[{\"@type\":\"ListItem\",\"position\":1,\"name\":\"Portada\",\"item\":\"https:\\\/\\\/exaudi.org\\\/es\\\/\"},{\"@type\":\"ListItem\",\"position\":2,\"name\":\"Cardenal Arizmendi: Necesitamos conversi\u00f3n\"}]},{\"@type\":\"WebSite\",\"@id\":\"https:\\\/\\\/exaudi.org\\\/#website\",\"url\":\"https:\\\/\\\/exaudi.org\\\/\",\"name\":\"Exaudi\",\"description\":\"News\",\"potentialAction\":[{\"@type\":\"SearchAction\",\"target\":{\"@type\":\"EntryPoint\",\"urlTemplate\":\"https:\\\/\\\/exaudi.org\\\/?s={search_term_string}\"},\"query-input\":{\"@type\":\"PropertyValueSpecification\",\"valueRequired\":true,\"valueName\":\"search_term_string\"}}],\"inLanguage\":\"es\"},{\"@type\":\"Person\",\"@id\":\"https:\\\/\\\/exaudi.org\\\/#\\\/schema\\\/person\\\/c7d223f87e58f1105d044d8da1439102\",\"name\":\"Cardenal Felipe Arizmendi\",\"image\":{\"@type\":\"ImageObject\",\"inLanguage\":\"es\",\"@id\":\"https:\\\/\\\/secure.gravatar.com\\\/avatar\\\/4ffc5520d896b86d39346168903de33a17ef0f23d16de0ff45062c1ff422ed2f?s=96&d=mm&r=g\",\"url\":\"https:\\\/\\\/secure.gravatar.com\\\/avatar\\\/4ffc5520d896b86d39346168903de33a17ef0f23d16de0ff45062c1ff422ed2f?s=96&d=mm&r=g\",\"contentUrl\":\"https:\\\/\\\/secure.gravatar.com\\\/avatar\\\/4ffc5520d896b86d39346168903de33a17ef0f23d16de0ff45062c1ff422ed2f?s=96&d=mm&r=g\",\"caption\":\"Cardenal Felipe Arizmendi\"},\"description\":\"Nacido en Chiltepec el 1 de mayo de 1940. Estudi\u00f3 Humanidades y Filosof\u00eda en el Seminario de Toluca, de 1952 a 1959. Curs\u00f3 la Teolog\u00eda en la Universidad Pontificia de Salamanca, Espa\u00f1a, de 1959 a 1963, obteniendo la licenciatura en Teolog\u00eda Dogm\u00e1tica. Por su cuenta, se especializ\u00f3 en Liturgia. Fue ordenado sacerdote el 25 de agosto de 1963 en Toluca. Sirvi\u00f3 como Vicario Parroquial en tres parroquias por tres a\u00f1os y medio y fue p\u00e1rroco de una comunidad ind\u00edgena otom\u00ed, de 1967 a 1970. Fue Director Espiritual del Seminario de Toluca por diez a\u00f1os, y Rector del mismo de 1981 a 1991. El 7 de marzo de 1991, fue ordenado obispo de la di\u00f3cesis de Tapachula, donde estuvo hasta el 30 de abril del a\u00f1o 2000. El 1 de mayo del 2000, inici\u00f3 su ministerio episcopal como XLVI obispo de la di\u00f3cesis de San Crist\u00f3bal de las Casas, Chiapas, una de las di\u00f3cesis m\u00e1s antiguas de M\u00e9xico, erigida en 1539; all\u00ed sirvi\u00f3 por casi 18 a\u00f1os. Ha ocupado diversos cargos en la Conferencia del Episcopado Mexicano y en el CELAM. El 3 de noviembre de 2017, el Papa Francisco le acept\u00f3, por edad, su renuncia al servicio episcopal en esta di\u00f3cesis, que entreg\u00f3 a su sucesor el 3 de enero de 2018. Desde entonces, reside en la ciudad de Toluca. Desde 1979, escribe art\u00edculos de actualidad en varios medios religiosos y civiles. Es autor de varias publicaciones.\",\"url\":\"https:\\\/\\\/exaudi.org\\\/es\\\/author\\\/felipearizmendi\\\/\"}]}<\/script>\n<!-- \/ Yoast SEO plugin. -->","yoast_head_json":{"title":"Cardenal Arizmendi: Necesitamos conversi\u00f3n &#8211; Exaudi","robots":{"index":"index","follow":"follow","max-snippet":"max-snippet:-1","max-image-preview":"max-image-preview:large","max-video-preview":"max-video-preview:-1"},"canonical":"https:\/\/exaudi.org\/es\/cardenal-arizmendi-necesitamos-conversion\/","og_locale":"es_ES","og_type":"article","og_title":"Cardenal Arizmendi: Necesitamos conversi\u00f3n &#8211; Exaudi","og_description":"Nuestro Dios quiere una vida plena para todos","og_url":"https:\/\/exaudi.org\/es\/cardenal-arizmendi-necesitamos-conversion\/","og_site_name":"Exaudi","article_publisher":"https:\/\/www.facebook.com\/ExaudiNews","article_published_time":"2023-02-22T15:17:59+00:00","og_image":[{"width":2560,"height":1695,"url":"https:\/\/exaudi.org\/wp-content\/uploads\/2023\/02\/Vero-Cohen-scaled.jpg","type":"image\/jpeg"}],"author":"Cardenal Felipe Arizmendi","twitter_card":"summary_large_image","twitter_creator":"@Exaudi_News","twitter_site":"@Exaudi_News","twitter_misc":{"Escrito por":"Cardenal Felipe Arizmendi","Tiempo de lectura":"4 minutos"},"schema":{"@context":"https:\/\/schema.org","@graph":[{"@type":"Article","@id":"https:\/\/exaudi.org\/es\/cardenal-arizmendi-necesitamos-conversion\/#article","isPartOf":{"@id":"https:\/\/exaudi.org\/es\/cardenal-arizmendi-necesitamos-conversion\/"},"author":{"name":"Cardenal Felipe Arizmendi","@id":"https:\/\/exaudi.org\/#\/schema\/person\/c7d223f87e58f1105d044d8da1439102"},"headline":"Cardenal Arizmendi: Necesitamos conversi\u00f3n","datePublished":"2023-02-22T15:17:59+00:00","mainEntityOfPage":{"@id":"https:\/\/exaudi.org\/es\/cardenal-arizmendi-necesitamos-conversion\/"},"wordCount":940,"image":{"@id":"https:\/\/exaudi.org\/es\/cardenal-arizmendi-necesitamos-conversion\/#primaryimage"},"thumbnailUrl":"https:\/\/exaudi.org\/wp-content\/uploads\/2023\/02\/Vero-Cohen-scaled.jpg","keywords":["Felipe Arizmendi","Trending"],"articleSection":["Voces"],"inLanguage":"es"},{"@type":"WebPage","@id":"https:\/\/exaudi.org\/es\/cardenal-arizmendi-necesitamos-conversion\/","url":"https:\/\/exaudi.org\/es\/cardenal-arizmendi-necesitamos-conversion\/","name":"Cardenal Arizmendi: Necesitamos conversi\u00f3n &#8211; Exaudi","isPartOf":{"@id":"https:\/\/exaudi.org\/#website"},"primaryImageOfPage":{"@id":"https:\/\/exaudi.org\/es\/cardenal-arizmendi-necesitamos-conversion\/#primaryimage"},"image":{"@id":"https:\/\/exaudi.org\/es\/cardenal-arizmendi-necesitamos-conversion\/#primaryimage"},"thumbnailUrl":"https:\/\/exaudi.org\/wp-content\/uploads\/2023\/02\/Vero-Cohen-scaled.jpg","datePublished":"2023-02-22T15:17:59+00:00","author":{"@id":"https:\/\/exaudi.org\/#\/schema\/person\/c7d223f87e58f1105d044d8da1439102"},"breadcrumb":{"@id":"https:\/\/exaudi.org\/es\/cardenal-arizmendi-necesitamos-conversion\/#breadcrumb"},"inLanguage":"es","potentialAction":[{"@type":"ReadAction","target":["https:\/\/exaudi.org\/es\/cardenal-arizmendi-necesitamos-conversion\/"]}]},{"@type":"ImageObject","inLanguage":"es","@id":"https:\/\/exaudi.org\/es\/cardenal-arizmendi-necesitamos-conversion\/#primaryimage","url":"https:\/\/exaudi.org\/wp-content\/uploads\/2023\/02\/Vero-Cohen-scaled.jpg","contentUrl":"https:\/\/exaudi.org\/wp-content\/uploads\/2023\/02\/Vero-Cohen-scaled.jpg","width":2560,"height":1695,"caption":"Vero Cohen \u00a9 Cathopic"},{"@type":"BreadcrumbList","@id":"https:\/\/exaudi.org\/es\/cardenal-arizmendi-necesitamos-conversion\/#breadcrumb","itemListElement":[{"@type":"ListItem","position":1,"name":"Portada","item":"https:\/\/exaudi.org\/es\/"},{"@type":"ListItem","position":2,"name":"Cardenal Arizmendi: Necesitamos conversi\u00f3n"}]},{"@type":"WebSite","@id":"https:\/\/exaudi.org\/#website","url":"https:\/\/exaudi.org\/","name":"Exaudi","description":"News","potentialAction":[{"@type":"SearchAction","target":{"@type":"EntryPoint","urlTemplate":"https:\/\/exaudi.org\/?s={search_term_string}"},"query-input":{"@type":"PropertyValueSpecification","valueRequired":true,"valueName":"search_term_string"}}],"inLanguage":"es"},{"@type":"Person","@id":"https:\/\/exaudi.org\/#\/schema\/person\/c7d223f87e58f1105d044d8da1439102","name":"Cardenal Felipe Arizmendi","image":{"@type":"ImageObject","inLanguage":"es","@id":"https:\/\/secure.gravatar.com\/avatar\/4ffc5520d896b86d39346168903de33a17ef0f23d16de0ff45062c1ff422ed2f?s=96&d=mm&r=g","url":"https:\/\/secure.gravatar.com\/avatar\/4ffc5520d896b86d39346168903de33a17ef0f23d16de0ff45062c1ff422ed2f?s=96&d=mm&r=g","contentUrl":"https:\/\/secure.gravatar.com\/avatar\/4ffc5520d896b86d39346168903de33a17ef0f23d16de0ff45062c1ff422ed2f?s=96&d=mm&r=g","caption":"Cardenal Felipe Arizmendi"},"description":"Nacido en Chiltepec el 1 de mayo de 1940. Estudi\u00f3 Humanidades y Filosof\u00eda en el Seminario de Toluca, de 1952 a 1959. Curs\u00f3 la Teolog\u00eda en la Universidad Pontificia de Salamanca, Espa\u00f1a, de 1959 a 1963, obteniendo la licenciatura en Teolog\u00eda Dogm\u00e1tica. Por su cuenta, se especializ\u00f3 en Liturgia. Fue ordenado sacerdote el 25 de agosto de 1963 en Toluca. Sirvi\u00f3 como Vicario Parroquial en tres parroquias por tres a\u00f1os y medio y fue p\u00e1rroco de una comunidad ind\u00edgena otom\u00ed, de 1967 a 1970. Fue Director Espiritual del Seminario de Toluca por diez a\u00f1os, y Rector del mismo de 1981 a 1991. El 7 de marzo de 1991, fue ordenado obispo de la di\u00f3cesis de Tapachula, donde estuvo hasta el 30 de abril del a\u00f1o 2000. El 1 de mayo del 2000, inici\u00f3 su ministerio episcopal como XLVI obispo de la di\u00f3cesis de San Crist\u00f3bal de las Casas, Chiapas, una de las di\u00f3cesis m\u00e1s antiguas de M\u00e9xico, erigida en 1539; all\u00ed sirvi\u00f3 por casi 18 a\u00f1os. Ha ocupado diversos cargos en la Conferencia del Episcopado Mexicano y en el CELAM. El 3 de noviembre de 2017, el Papa Francisco le acept\u00f3, por edad, su renuncia al servicio episcopal en esta di\u00f3cesis, que entreg\u00f3 a su sucesor el 3 de enero de 2018. Desde entonces, reside en la ciudad de Toluca. Desde 1979, escribe art\u00edculos de actualidad en varios medios religiosos y civiles. Es autor de varias publicaciones.","url":"https:\/\/exaudi.org\/es\/author\/felipearizmendi\/"}]}},"jetpack_featured_media_url":"https:\/\/exaudi.org\/wp-content\/uploads\/2023\/02\/Vero-Cohen-scaled.jpg","jetpack_shortlink":"https:\/\/wp.me\/pgKjF2-ipd","_links":{"self":[{"href":"https:\/\/exaudi.org\/es\/wp-json\/wp\/v2\/posts\/70755","targetHints":{"allow":["GET"]}}],"collection":[{"href":"https:\/\/exaudi.org\/es\/wp-json\/wp\/v2\/posts"}],"about":[{"href":"https:\/\/exaudi.org\/es\/wp-json\/wp\/v2\/types\/post"}],"author":[{"embeddable":true,"href":"https:\/\/exaudi.org\/es\/wp-json\/wp\/v2\/users\/24"}],"replies":[{"embeddable":true,"href":"https:\/\/exaudi.org\/es\/wp-json\/wp\/v2\/comments?post=70755"}],"version-history":[{"count":0,"href":"https:\/\/exaudi.org\/es\/wp-json\/wp\/v2\/posts\/70755\/revisions"}],"wp:featuredmedia":[{"embeddable":true,"href":"https:\/\/exaudi.org\/es\/wp-json\/wp\/v2\/media\/70760"}],"wp:attachment":[{"href":"https:\/\/exaudi.org\/es\/wp-json\/wp\/v2\/media?parent=70755"}],"wp:term":[{"taxonomy":"category","embeddable":true,"href":"https:\/\/exaudi.org\/es\/wp-json\/wp\/v2\/categories?post=70755"},{"taxonomy":"post_tag","embeddable":true,"href":"https:\/\/exaudi.org\/es\/wp-json\/wp\/v2\/tags?post=70755"}],"curies":[{"name":"wp","href":"https:\/\/api.w.org\/{rel}","templated":true}]}}