{"id":7073,"date":"2021-03-21T15:26:51","date_gmt":"2021-03-21T14:26:51","guid":{"rendered":"https:\/\/exaudi.org\/?p=7073"},"modified":"2021-03-22T11:06:29","modified_gmt":"2021-03-22T10:06:29","slug":"angelus-dia-mundial-del-agua","status":"publish","type":"post","link":"https:\/\/exaudi.org\/es\/angelus-dia-mundial-del-agua\/","title":{"rendered":"\u00c1ngelus: Recuerdo de las v\u00edctimas de las mafias y D\u00eda del Agua"},"content":{"rendered":"<p>Despu\u00e9s del rezo del <a href=\"https:\/\/exaudi.org\/es\/angelus-queremos-ver-jesus\/\" target=\"_blank\" rel=\"noopener noreferrer\">\u00c1ngelus<\/a> de este domingo 21 de marzo de 2021, el Papa Francisco recuerda que hoy en Italia se celebra la Jornada de la memoria y el compromiso en recuerdo de las v\u00edctimas inocentes de las mafias y ma\u00f1ana el D\u00eda Mundial del Agua<em>, <\/em>invitando \u201ca reflexionar sobre el valor de este maravilloso e insustituible regalo de Dios\u201d.<\/p>\n<p>El Papa salud\u00f3 tambi\u00e9n a todas las personas conectadas a los medios de comunicaci\u00f3n \u201ccon un recuerdo especial para los enfermos y las personas solas\u201d.<\/p>\n<p>A continuaci\u00f3n, siguen las palabras del Papa, seg\u00fan la traducci\u00f3n oficial ofrecida por la Oficina de Prensa de la Santa Sede.<\/p>\n<div class=\"text parbase vaticanrichtext\">\n<p>***<\/p>\n<h4><strong>Palabras despu\u00e9s del \u00c1ngelus<\/strong><\/h4>\n<\/div>\n<p><em>Queridos hermanos y hermanas<\/em>:<\/p>\n<p>Hoy en Italia se celebra la\u00a0<em>Jornada de la memoria y el compromiso en recuerdo de las v\u00edctimas inocentes de las mafias<\/em>. Las mafias est\u00e1n presentes en varias partes del mundo y, aprovechando la pandemia, se est\u00e1n enriqueciendo con la corrupci\u00f3n. San Juan Pablo II denunci\u00f3 su \u201ccultura de la muerte\u201d y\u00a0<a href=\"http:\/\/www.vatican.va\/content\/benedict-xvi\/es\/speeches\/2010\/october\/documents\/hf_ben-xvi_spe_20101003_palermo-giovani.html\">Benedicto XVI las conden\u00f3<\/a>\u00a0como \u201ccaminos de muerte\u201d. Estas estructuras de pecado, estructuras mafiosas, contrarias al Evangelio de Cristo, cambian la fe por la idolatr\u00eda. Hoy recordamos a todas las v\u00edctimas y renovamos nuestro compromiso contra las mafias.<\/p>\n<p>Ma\u00f1ana es el\u00a0<em>D\u00eda Mundial del Agua<\/em>, que nos invita a reflexionar sobre el valor de este maravilloso e insustituible regalo de Dios. Para nosotros los creyentes, \u201chermana agua\u201d no es una mercanc\u00eda: es un s\u00edmbolo universal y una fuente de vida y salud. \u00a1Demasiados hermanos, muchos, muchos hermanos y hermanas tienen acceso a poca agua y quiz\u00e1s contaminada! Es necesario garantizar el agua potable y el saneamiento para todos. Agradezco y animo a quienes, con diferentes competencias y responsabilidades profesionales, trabajan por este objetivo tan importante. Pienso, por ejemplo, en la Universidad del Agua, en mi patria, en quienes trabajan para sacarla adelante y hacer que la gente comprenda la importancia del agua. Muchas gracias a los argentinos que trabajan en esta Universidad del Agua.<\/p>\n<p>Os saludo a todos los que est\u00e1is conectados a trav\u00e9s de los medios de comunicaci\u00f3n, con un recuerdo especial para los enfermos y las personas solas. Deseo a todos un feliz domingo. Por favor, no os olvid\u00e9is de rezar por m\u00ed. \u00a1Buen almuerzo y hasta pronto!<\/p>\n","protected":false},"excerpt":{"rendered":"<p>Palabras despu\u00e9s de la oraci\u00f3n mariana<\/p>\n","protected":false},"author":7,"featured_media":7146,"comment_status":"closed","ping_status":"closed","sticky":false,"template":"","format":"standard","meta":{"_acf_changed":false,"_crdt_document":"","inline_featured_image":false,"footnotes":""},"categories":[70,298],"tags":[1066],"class_list":["post-7073","post","type-post","status-publish","format-standard","has-post-thumbnail","hentry","category-angelus-es","category-ultimas-noticias","tag-angelus-21-marzo-2021"],"acf":[],"yoast_head":"<!-- This site is optimized with the Yoast SEO plugin v27.5 - https:\/\/yoast.com\/product\/yoast-seo-wordpress\/ -->\n<title>\u00c1ngelus: Recuerdo de las v\u00edctimas de las mafias y D\u00eda del Agua - Exaudi<\/title>\n<meta name=\"description\" content=\"Despu\u00e9s del \u00c1ngelus, el Papa recuerda que ma\u00f1ana se celebra el D\u00eda Mundial del Agua, invitando a reflexionar sobre el valor de este bien\" \/>\n<meta name=\"robots\" content=\"index, follow, max-snippet:-1, max-image-preview:large, max-video-preview:-1\" \/>\n<link rel=\"canonical\" href=\"https:\/\/exaudi.org\/es\/angelus-dia-mundial-del-agua\/\" \/>\n<meta property=\"og:locale\" content=\"es_ES\" \/>\n<meta property=\"og:type\" content=\"article\" \/>\n<meta property=\"og:title\" content=\"\u00c1ngelus: Recuerdo de las v\u00edctimas de las mafias y D\u00eda del Agua - Exaudi\" \/>\n<meta property=\"og:description\" content=\"Despu\u00e9s del \u00c1ngelus, el Papa recuerda que ma\u00f1ana se celebra el D\u00eda Mundial del Agua, invitando a reflexionar sobre el valor de este bien\" \/>\n<meta property=\"og:url\" content=\"https:\/\/exaudi.org\/es\/angelus-dia-mundial-del-agua\/\" \/>\n<meta property=\"og:site_name\" content=\"Exaudi\" \/>\n<meta property=\"article:publisher\" content=\"https:\/\/www.facebook.com\/ExaudiNews\" \/>\n<meta property=\"article:published_time\" content=\"2021-03-21T14:26:51+00:00\" \/>\n<meta property=\"article:modified_time\" content=\"2021-03-22T10:06:29+00:00\" \/>\n<meta property=\"og:image\" content=\"https:\/\/exaudi.org\/wp-content\/uploads\/2021\/03\/VM210321121102_0039-1-scaled.jpg\" \/>\n\t<meta property=\"og:image:width\" content=\"2560\" \/>\n\t<meta property=\"og:image:height\" content=\"1704\" \/>\n\t<meta property=\"og:image:type\" content=\"image\/jpeg\" \/>\n<meta name=\"author\" content=\"Raquel Anillo\" \/>\n<meta name=\"twitter:card\" content=\"summary_large_image\" \/>\n<meta name=\"twitter:creator\" content=\"@Exaudi_News\" \/>\n<meta name=\"twitter:site\" content=\"@Exaudi_News\" \/>\n<meta name=\"twitter:label1\" content=\"Escrito por\" \/>\n\t<meta name=\"twitter:data1\" content=\"Raquel Anillo\" \/>\n\t<meta name=\"twitter:label2\" content=\"Tiempo de lectura\" \/>\n\t<meta name=\"twitter:data2\" content=\"2 minutos\" \/>\n<script type=\"application\/ld+json\" class=\"yoast-schema-graph\">{\"@context\":\"https:\\\/\\\/schema.org\",\"@graph\":[{\"@type\":\"Article\",\"@id\":\"https:\\\/\\\/exaudi.org\\\/es\\\/angelus-dia-mundial-del-agua\\\/#article\",\"isPartOf\":{\"@id\":\"https:\\\/\\\/exaudi.org\\\/es\\\/angelus-dia-mundial-del-agua\\\/\"},\"author\":{\"name\":\"Raquel Anillo\",\"@id\":\"https:\\\/\\\/exaudi.org\\\/#\\\/schema\\\/person\\\/6ff0af358a606d657c4b1b6e0d5c85cb\"},\"headline\":\"\u00c1ngelus: Recuerdo de las v\u00edctimas de las mafias y D\u00eda del Agua\",\"datePublished\":\"2021-03-21T14:26:51+00:00\",\"dateModified\":\"2021-03-22T10:06:29+00:00\",\"mainEntityOfPage\":{\"@id\":\"https:\\\/\\\/exaudi.org\\\/es\\\/angelus-dia-mundial-del-agua\\\/\"},\"wordCount\":414,\"image\":{\"@id\":\"https:\\\/\\\/exaudi.org\\\/es\\\/angelus-dia-mundial-del-agua\\\/#primaryimage\"},\"thumbnailUrl\":\"https:\\\/\\\/exaudi.org\\\/wp-content\\\/uploads\\\/2021\\\/03\\\/VM210321121102_0039-1-scaled.jpg\",\"keywords\":[\"\u00c1ngelus 21 marzo 2021\"],\"articleSection\":[\"\u00c1ngelus\",\"\u00daltimas noticias\"],\"inLanguage\":\"es\"},{\"@type\":\"WebPage\",\"@id\":\"https:\\\/\\\/exaudi.org\\\/es\\\/angelus-dia-mundial-del-agua\\\/\",\"url\":\"https:\\\/\\\/exaudi.org\\\/es\\\/angelus-dia-mundial-del-agua\\\/\",\"name\":\"\u00c1ngelus: Recuerdo de las v\u00edctimas de las mafias y D\u00eda del Agua - Exaudi\",\"isPartOf\":{\"@id\":\"https:\\\/\\\/exaudi.org\\\/#website\"},\"primaryImageOfPage\":{\"@id\":\"https:\\\/\\\/exaudi.org\\\/es\\\/angelus-dia-mundial-del-agua\\\/#primaryimage\"},\"image\":{\"@id\":\"https:\\\/\\\/exaudi.org\\\/es\\\/angelus-dia-mundial-del-agua\\\/#primaryimage\"},\"thumbnailUrl\":\"https:\\\/\\\/exaudi.org\\\/wp-content\\\/uploads\\\/2021\\\/03\\\/VM210321121102_0039-1-scaled.jpg\",\"datePublished\":\"2021-03-21T14:26:51+00:00\",\"dateModified\":\"2021-03-22T10:06:29+00:00\",\"author\":{\"@id\":\"https:\\\/\\\/exaudi.org\\\/#\\\/schema\\\/person\\\/6ff0af358a606d657c4b1b6e0d5c85cb\"},\"description\":\"Despu\u00e9s del \u00c1ngelus, el Papa recuerda que ma\u00f1ana se celebra el D\u00eda Mundial del Agua, invitando a reflexionar sobre el valor de este bien\",\"breadcrumb\":{\"@id\":\"https:\\\/\\\/exaudi.org\\\/es\\\/angelus-dia-mundial-del-agua\\\/#breadcrumb\"},\"inLanguage\":\"es\",\"potentialAction\":[{\"@type\":\"ReadAction\",\"target\":[\"https:\\\/\\\/exaudi.org\\\/es\\\/angelus-dia-mundial-del-agua\\\/\"]}]},{\"@type\":\"ImageObject\",\"inLanguage\":\"es\",\"@id\":\"https:\\\/\\\/exaudi.org\\\/es\\\/angelus-dia-mundial-del-agua\\\/#primaryimage\",\"url\":\"https:\\\/\\\/exaudi.org\\\/wp-content\\\/uploads\\\/2021\\\/03\\\/VM210321121102_0039-1-scaled.jpg\",\"contentUrl\":\"https:\\\/\\\/exaudi.org\\\/wp-content\\\/uploads\\\/2021\\\/03\\\/VM210321121102_0039-1-scaled.jpg\",\"width\":2560,\"height\":1704,\"caption\":\"\u00c1ngelus 21 marzo 2021 \u00a9 Vatican Media\"},{\"@type\":\"BreadcrumbList\",\"@id\":\"https:\\\/\\\/exaudi.org\\\/es\\\/angelus-dia-mundial-del-agua\\\/#breadcrumb\",\"itemListElement\":[{\"@type\":\"ListItem\",\"position\":1,\"name\":\"Portada\",\"item\":\"https:\\\/\\\/exaudi.org\\\/es\\\/\"},{\"@type\":\"ListItem\",\"position\":2,\"name\":\"\u00c1ngelus: Recuerdo de las v\u00edctimas de las mafias y D\u00eda del Agua\"}]},{\"@type\":\"WebSite\",\"@id\":\"https:\\\/\\\/exaudi.org\\\/#website\",\"url\":\"https:\\\/\\\/exaudi.org\\\/\",\"name\":\"Exaudi\",\"description\":\"News\",\"potentialAction\":[{\"@type\":\"SearchAction\",\"target\":{\"@type\":\"EntryPoint\",\"urlTemplate\":\"https:\\\/\\\/exaudi.org\\\/?s={search_term_string}\"},\"query-input\":{\"@type\":\"PropertyValueSpecification\",\"valueRequired\":true,\"valueName\":\"search_term_string\"}}],\"inLanguage\":\"es\"},{\"@type\":\"Person\",\"@id\":\"https:\\\/\\\/exaudi.org\\\/#\\\/schema\\\/person\\\/6ff0af358a606d657c4b1b6e0d5c85cb\",\"name\":\"Raquel Anillo\",\"image\":{\"@type\":\"ImageObject\",\"inLanguage\":\"es\",\"@id\":\"https:\\\/\\\/secure.gravatar.com\\\/avatar\\\/7f88757c095badfcf277fb437d860f221e7a4fb83008b887cccb1f1299f66efb?s=96&d=mm&r=g\",\"url\":\"https:\\\/\\\/secure.gravatar.com\\\/avatar\\\/7f88757c095badfcf277fb437d860f221e7a4fb83008b887cccb1f1299f66efb?s=96&d=mm&r=g\",\"contentUrl\":\"https:\\\/\\\/secure.gravatar.com\\\/avatar\\\/7f88757c095badfcf277fb437d860f221e7a4fb83008b887cccb1f1299f66efb?s=96&d=mm&r=g\",\"caption\":\"Raquel Anillo\"},\"description\":\"Casada. Comprometida con la Iglesia. Traductora e int\u00e9rprete para la Comunidad Emmanuel, especialmente para las sesiones internacionales de Paray le Monial (Francia) 1986 al 2005. Colaboradora de Zenit de 2012-2014 y de 2017-2020 como traductora.\",\"url\":\"https:\\\/\\\/exaudi.org\\\/es\\\/author\\\/ranilloexaudi-org\\\/\"}]}<\/script>\n<!-- \/ Yoast SEO plugin. -->","yoast_head_json":{"title":"\u00c1ngelus: Recuerdo de las v\u00edctimas de las mafias y D\u00eda del Agua - Exaudi","description":"Despu\u00e9s del \u00c1ngelus, el Papa recuerda que ma\u00f1ana se celebra el D\u00eda Mundial del Agua, invitando a reflexionar sobre el valor de este bien","robots":{"index":"index","follow":"follow","max-snippet":"max-snippet:-1","max-image-preview":"max-image-preview:large","max-video-preview":"max-video-preview:-1"},"canonical":"https:\/\/exaudi.org\/es\/angelus-dia-mundial-del-agua\/","og_locale":"es_ES","og_type":"article","og_title":"\u00c1ngelus: Recuerdo de las v\u00edctimas de las mafias y D\u00eda del Agua - Exaudi","og_description":"Despu\u00e9s del \u00c1ngelus, el Papa recuerda que ma\u00f1ana se celebra el D\u00eda Mundial del Agua, invitando a reflexionar sobre el valor de este bien","og_url":"https:\/\/exaudi.org\/es\/angelus-dia-mundial-del-agua\/","og_site_name":"Exaudi","article_publisher":"https:\/\/www.facebook.com\/ExaudiNews","article_published_time":"2021-03-21T14:26:51+00:00","article_modified_time":"2021-03-22T10:06:29+00:00","og_image":[{"width":2560,"height":1704,"url":"https:\/\/exaudi.org\/wp-content\/uploads\/2021\/03\/VM210321121102_0039-1-scaled.jpg","type":"image\/jpeg"}],"author":"Raquel Anillo","twitter_card":"summary_large_image","twitter_creator":"@Exaudi_News","twitter_site":"@Exaudi_News","twitter_misc":{"Escrito por":"Raquel Anillo","Tiempo de lectura":"2 minutos"},"schema":{"@context":"https:\/\/schema.org","@graph":[{"@type":"Article","@id":"https:\/\/exaudi.org\/es\/angelus-dia-mundial-del-agua\/#article","isPartOf":{"@id":"https:\/\/exaudi.org\/es\/angelus-dia-mundial-del-agua\/"},"author":{"name":"Raquel Anillo","@id":"https:\/\/exaudi.org\/#\/schema\/person\/6ff0af358a606d657c4b1b6e0d5c85cb"},"headline":"\u00c1ngelus: Recuerdo de las v\u00edctimas de las mafias y D\u00eda del Agua","datePublished":"2021-03-21T14:26:51+00:00","dateModified":"2021-03-22T10:06:29+00:00","mainEntityOfPage":{"@id":"https:\/\/exaudi.org\/es\/angelus-dia-mundial-del-agua\/"},"wordCount":414,"image":{"@id":"https:\/\/exaudi.org\/es\/angelus-dia-mundial-del-agua\/#primaryimage"},"thumbnailUrl":"https:\/\/exaudi.org\/wp-content\/uploads\/2021\/03\/VM210321121102_0039-1-scaled.jpg","keywords":["\u00c1ngelus 21 marzo 2021"],"articleSection":["\u00c1ngelus","\u00daltimas noticias"],"inLanguage":"es"},{"@type":"WebPage","@id":"https:\/\/exaudi.org\/es\/angelus-dia-mundial-del-agua\/","url":"https:\/\/exaudi.org\/es\/angelus-dia-mundial-del-agua\/","name":"\u00c1ngelus: Recuerdo de las v\u00edctimas de las mafias y D\u00eda del Agua - Exaudi","isPartOf":{"@id":"https:\/\/exaudi.org\/#website"},"primaryImageOfPage":{"@id":"https:\/\/exaudi.org\/es\/angelus-dia-mundial-del-agua\/#primaryimage"},"image":{"@id":"https:\/\/exaudi.org\/es\/angelus-dia-mundial-del-agua\/#primaryimage"},"thumbnailUrl":"https:\/\/exaudi.org\/wp-content\/uploads\/2021\/03\/VM210321121102_0039-1-scaled.jpg","datePublished":"2021-03-21T14:26:51+00:00","dateModified":"2021-03-22T10:06:29+00:00","author":{"@id":"https:\/\/exaudi.org\/#\/schema\/person\/6ff0af358a606d657c4b1b6e0d5c85cb"},"description":"Despu\u00e9s del \u00c1ngelus, el Papa recuerda que ma\u00f1ana se celebra el D\u00eda Mundial del Agua, invitando a reflexionar sobre el valor de este bien","breadcrumb":{"@id":"https:\/\/exaudi.org\/es\/angelus-dia-mundial-del-agua\/#breadcrumb"},"inLanguage":"es","potentialAction":[{"@type":"ReadAction","target":["https:\/\/exaudi.org\/es\/angelus-dia-mundial-del-agua\/"]}]},{"@type":"ImageObject","inLanguage":"es","@id":"https:\/\/exaudi.org\/es\/angelus-dia-mundial-del-agua\/#primaryimage","url":"https:\/\/exaudi.org\/wp-content\/uploads\/2021\/03\/VM210321121102_0039-1-scaled.jpg","contentUrl":"https:\/\/exaudi.org\/wp-content\/uploads\/2021\/03\/VM210321121102_0039-1-scaled.jpg","width":2560,"height":1704,"caption":"\u00c1ngelus 21 marzo 2021 \u00a9 Vatican Media"},{"@type":"BreadcrumbList","@id":"https:\/\/exaudi.org\/es\/angelus-dia-mundial-del-agua\/#breadcrumb","itemListElement":[{"@type":"ListItem","position":1,"name":"Portada","item":"https:\/\/exaudi.org\/es\/"},{"@type":"ListItem","position":2,"name":"\u00c1ngelus: Recuerdo de las v\u00edctimas de las mafias y D\u00eda del Agua"}]},{"@type":"WebSite","@id":"https:\/\/exaudi.org\/#website","url":"https:\/\/exaudi.org\/","name":"Exaudi","description":"News","potentialAction":[{"@type":"SearchAction","target":{"@type":"EntryPoint","urlTemplate":"https:\/\/exaudi.org\/?s={search_term_string}"},"query-input":{"@type":"PropertyValueSpecification","valueRequired":true,"valueName":"search_term_string"}}],"inLanguage":"es"},{"@type":"Person","@id":"https:\/\/exaudi.org\/#\/schema\/person\/6ff0af358a606d657c4b1b6e0d5c85cb","name":"Raquel Anillo","image":{"@type":"ImageObject","inLanguage":"es","@id":"https:\/\/secure.gravatar.com\/avatar\/7f88757c095badfcf277fb437d860f221e7a4fb83008b887cccb1f1299f66efb?s=96&d=mm&r=g","url":"https:\/\/secure.gravatar.com\/avatar\/7f88757c095badfcf277fb437d860f221e7a4fb83008b887cccb1f1299f66efb?s=96&d=mm&r=g","contentUrl":"https:\/\/secure.gravatar.com\/avatar\/7f88757c095badfcf277fb437d860f221e7a4fb83008b887cccb1f1299f66efb?s=96&d=mm&r=g","caption":"Raquel Anillo"},"description":"Casada. Comprometida con la Iglesia. Traductora e int\u00e9rprete para la Comunidad Emmanuel, especialmente para las sesiones internacionales de Paray le Monial (Francia) 1986 al 2005. Colaboradora de Zenit de 2012-2014 y de 2017-2020 como traductora.","url":"https:\/\/exaudi.org\/es\/author\/ranilloexaudi-org\/"}]}},"jetpack_featured_media_url":"https:\/\/exaudi.org\/wp-content\/uploads\/2021\/03\/VM210321121102_0039-1-scaled.jpg","jetpack_shortlink":"https:\/\/wp.me\/pgKjF2-1Q5","_links":{"self":[{"href":"https:\/\/exaudi.org\/es\/wp-json\/wp\/v2\/posts\/7073","targetHints":{"allow":["GET"]}}],"collection":[{"href":"https:\/\/exaudi.org\/es\/wp-json\/wp\/v2\/posts"}],"about":[{"href":"https:\/\/exaudi.org\/es\/wp-json\/wp\/v2\/types\/post"}],"author":[{"embeddable":true,"href":"https:\/\/exaudi.org\/es\/wp-json\/wp\/v2\/users\/7"}],"replies":[{"embeddable":true,"href":"https:\/\/exaudi.org\/es\/wp-json\/wp\/v2\/comments?post=7073"}],"version-history":[{"count":0,"href":"https:\/\/exaudi.org\/es\/wp-json\/wp\/v2\/posts\/7073\/revisions"}],"wp:featuredmedia":[{"embeddable":true,"href":"https:\/\/exaudi.org\/es\/wp-json\/wp\/v2\/media\/7146"}],"wp:attachment":[{"href":"https:\/\/exaudi.org\/es\/wp-json\/wp\/v2\/media?parent=7073"}],"wp:term":[{"taxonomy":"category","embeddable":true,"href":"https:\/\/exaudi.org\/es\/wp-json\/wp\/v2\/categories?post=7073"},{"taxonomy":"post_tag","embeddable":true,"href":"https:\/\/exaudi.org\/es\/wp-json\/wp\/v2\/tags?post=7073"}],"curies":[{"name":"wp","href":"https:\/\/api.w.org\/{rel}","templated":true}]}}