{"id":70658,"date":"2023-02-21T09:15:42","date_gmt":"2023-02-21T08:15:42","guid":{"rendered":"https:\/\/exaudi.org\/?p=70658"},"modified":"2023-02-21T09:44:40","modified_gmt":"2023-02-21T08:44:40","slug":"ideologia-y-cultura-de-la-muerte","status":"publish","type":"post","link":"https:\/\/exaudi.org\/es\/ideologia-y-cultura-de-la-muerte\/","title":{"rendered":"Ideolog\u00eda y cultura de la muerte"},"content":{"rendered":"<audio class=\"wp-audio-shortcode\" id=\"audio-70658-1\" preload=\"none\" style=\"width: 100%;\" controls=\"controls\"><source type=\"audio\/mpeg\" src=\"https:\/\/exaudi.org\/wp-content\/uploads\/2023\/02\/Ideologia-y-cultura-de-la-muerte-La-demagogia-pol.mp3?_=1\" \/><a href=\"https:\/\/exaudi.org\/wp-content\/uploads\/2023\/02\/Ideologia-y-cultura-de-la-muerte-La-demagogia-pol.mp3\">https:\/\/exaudi.org\/wp-content\/uploads\/2023\/02\/Ideologia-y-cultura-de-la-muerte-La-demagogia-pol.mp3<\/a><\/audio>\n<p>No raramente empezar una reflexi\u00f3n con una mirada a la antig\u00fcedad grecolatina resulta muy sugerente, aporta claridad. Pues bien, la mitolog\u00eda romana nos habla de Saturno. Qui\u00e9n, devoraba a sus hijos. Lo pint\u00f3 magistralmente Goya \u00a1Es terror\u00edfico! Pero el terror, no est\u00e1 limitado a esos tiempos lejanos. Los \u00faltimos siglos han conocido tres caras del terror: la ideolog\u00eda abortista, el comunismo de Stalin y el nazismo de Hitler.<\/p>\n<p>Estas tres ideolog\u00edas coinciden en varios aspectos. As\u00ed, niegan que las personas humanas sean iguales en dignidad. Un elemento com\u00fan de todas ellas es que deciden qui\u00e9nes tienen derecho a vivir y qui\u00e9nes no. Para Hitler, no tienen derecho a la vida los jud\u00edos. Para Stalin, los religiosos cristiano cat\u00f3licos no merecen vivir. Para el abortismo, el ni\u00f1o concebido y a\u00fan no nacido, el <em>nasciturus<\/em>, no tiene derecho a la vida. Las tres, han causado millones de muertos. Todas ellas dicen relaci\u00f3n al poder o al negocio. Las tres corrientes coinciden en la irracionalidad, en entrar en contradicci\u00f3n con la raz\u00f3n, en romper con \u00e9sta. Por lo mismo, sus dirigentes no necesitan poseer preparaci\u00f3n intelectual, basta con que sirvan a su ideolog\u00eda.<\/p>\n<p>Por Europa, y por otros lugares, desde hace tiempo, se va propagando una nueva mentalidad, la cultura de la muerte. Defensora, \u00e9sta, de hechos siempre reprobables, y tan graves, como el aborto y la eutanasia. Cient\u00edficamente es totalmente claro que el ser humano tiene derecho a la vida desde el momento de su concepci\u00f3n, -el cual es el mismo instante de la fecundaci\u00f3n-, hasta su muerte natural. Las leyes del aborto posibilitan no s\u00f3lo quitar la vida de muchos, sino hacerlo practicando una gran violencia. Es la canonizaci\u00f3n de la tortura y del asesinato. La p\u00edldora del d\u00eda despu\u00e9s, si una est\u00e1 embarazada, causa el aborto. A todo esto, se unen los servicios de desinformaci\u00f3n, los cuales llaman no abortivos a productos que s\u00ed lo son. No son pocos los que no han empezado abortando, sino que despu\u00e9s de un per\u00edodo de usar mal del matrimonio, con actos de uni\u00f3n conyugal no abiertos a la vida, mediante la contracepci\u00f3n, -condenada en la gran enc\u00edclica \u201cHumanae vitae\u201d-, se han decidido a dar un paso m\u00e1s, esto es, a abortar. Adem\u00e1s, la revoluci\u00f3n del lenguaje corona todo esto: al bien le llama mal y al mal le llama bien. As\u00ed, al gran retroceso que supone el aborto, le llama gran progreso y progresismo; a matar al m\u00e1s vulnerable, el <em>nasciturus<\/em>, le llama pol\u00edtica a favor de los pobres; etc.<\/p>\n<p>Cuando en una sociedad se llega a leyes como las del aborto y de la eutanasia, que van directamente y fuertemente contra los m\u00e1s vulnerables, pueden esperarse tantos y tantos delirios y fiascos. La demagogia pol\u00edtica tiene muy claro que qui\u00e9n tiene a la juventud, tiene el futuro, y, por lo tanto, el poder. La demagogia piensa que el medio principal para poder servirse de los j\u00f3venes, y dominarles, consiste en exaltar sus pasiones sexuales para esclavizarlos y para adormecer sus inteligencias. La demagogia pol\u00edtica promueve la exacerbaci\u00f3n de las pasiones sexuales, y todo tipo de desorden sexual, a cambio de lo que verdaderamente les interesa, los votos. Pero, evidentemente, tanto desorden sexual es fuente de los peores delitos sexuales. Despu\u00e9s de promover la causa de los delitos, manifiestan lamentarse de lo que as\u00ed han causado, y hablan de tolerancia cero. \u00a1Esto parece hipocres\u00eda! Lo que s\u00ed es claro es que lo que se quer\u00eda era los votos. En Espa\u00f1a, existe un ministerio de igualdad. El mismo est\u00e1 caracterizado por promover constantemente lo que es contrario a la igualdad de las personas. As\u00ed, ha promovido la ley del \u201cs\u00ed es s\u00ed\u201d, la cual ha favorecido a los violadores, en detrimento de las mujeres. Tambi\u00e9n ha sido gran propulsor de que el 16 de febrero, a las puertas del carnaval, como si de un acto de burla se tratara, el Congreso de los Diputados de Espa\u00f1a haya aprobado definitivamente una ley trans y una ley de ampliaci\u00f3n del aborto. Es curioso que en un mismo d\u00eda se aprueben leyes de sentido tan diverso. As\u00ed, la del aborto ha satisfecho a las feministas m\u00e1s radicales. Mientras la ley trans ha dejado supernerviosas a todas las feministas, al ser una ley tan contraria a la mujer y a todo tipo de feminismo. Claro que cuando s\u00f3lo interesa la ideolog\u00eda, y los votos, y no la verdad, no importa que a la vez se apruebe el s\u00ed y el no, una cosa y su contraria. Al igual que no le import\u00f3 al actual Tribunal Constitucional defender que algunos no tienen derecho a la vida, todos los que sean <em>nasciturus<\/em>, y, al mismo tiempo, con la constituci\u00f3n espa\u00f1ola, que todos los seres humanos tienen derecho a la vida.<\/p>\n<p>Ambas leyes, la del aborto y la trans, tienen notas comunes. Una de ellas, favorecer que no haya reflexi\u00f3n en el aborto y en el \u201ccambio de g\u00e9nero\u201d. Evitando la reflexi\u00f3n, se procura echar de cabeza a la gente al aborto y al cambio de sexo. No sea que piensen, y procedan de otro modo \u00a1Su libertad no interesa a ciertos pol\u00edticos! No tiene sentido reflexionar, cuando s\u00f3lo interesa ser esclavo de una ideolog\u00eda. Otra nota com\u00fan, es ser una ley apisonadora. Esto es, ser una ley para la que no importa el pensar de los padres. Esto va m\u00e1s all\u00e1 de una dictadura, es un totalitarismo. M\u00e1s a\u00fan, es un totalitarismo muy malo. Aunque, puestos a falsear la realidad, le llamen democracia.<\/p>\n<p>El silencio de los buenos permite que progrese el mal. La cuaresma es un tiempo que invita especialmente a la conversi\u00f3n. Ante el avance de la nueva mentalidad todo cristiano ha de convertirse en un valiente defensor del derecho a la vida y de que el ser humano no es lo mismo que un animal irracional, por lo que no tiene sentido la vuelta a la jungla. Adem\u00e1s, las leyes cacharro, como las del aborto, de la eutanasia y la trans, tienen los pies de barro, como la estatua de Nabucodonosor, que se derrumb\u00f3 estrepitosamente. La historia da muchas vueltas.<\/p>\n<p><img loading=\"lazy\" decoding=\"async\" class=\"size-full wp-image-70671 aligncenter\" src=\"https:\/\/exaudi.org\/wp-content\/uploads\/2023\/02\/Voces-02-4.jpg\" alt=\"\" width=\"1080\" height=\"1080\" srcset=\"https:\/\/exaudi.org\/wp-content\/uploads\/2023\/02\/Voces-02-4.jpg 1080w, https:\/\/exaudi.org\/wp-content\/uploads\/2023\/02\/Voces-02-4-300x300.jpg 300w, https:\/\/exaudi.org\/wp-content\/uploads\/2023\/02\/Voces-02-4-1024x1024.jpg 1024w, https:\/\/exaudi.org\/wp-content\/uploads\/2023\/02\/Voces-02-4-100x100.jpg?crop=1 100w, https:\/\/exaudi.org\/wp-content\/uploads\/2023\/02\/Voces-02-4-770x770.jpg 770w, https:\/\/exaudi.org\/wp-content\/uploads\/2023\/02\/Voces-02-4-500x500.jpg 500w, https:\/\/exaudi.org\/wp-content\/uploads\/2023\/02\/Voces-02-4-293x293.jpg 293w, https:\/\/exaudi.org\/wp-content\/uploads\/2023\/02\/Voces-02-4-390x390.jpg 390w, https:\/\/exaudi.org\/wp-content\/uploads\/2023\/02\/Voces-02-4-585x585.jpg 585w, https:\/\/exaudi.org\/wp-content\/uploads\/2023\/02\/Voces-02-4-900x900.jpg 900w\" sizes=\"auto, (max-width: 1080px) 100vw, 1080px\" \/><\/p>\n","protected":false},"excerpt":{"rendered":"<p>Evitando la reflexi\u00f3n, se procura echar de cabeza a la gente al aborto y al cambio de sexo. No sea que piensen, y procedan de otro modo<\/p>\n","protected":false},"author":45,"featured_media":70662,"comment_status":"closed","ping_status":"closed","sticky":false,"template":"","format":"standard","meta":{"_acf_changed":false,"_crdt_document":"","inline_featured_image":false,"footnotes":""},"categories":[130],"tags":[1121,611,8450,1242,8449,4953],"class_list":["post-70658","post","type-post","status-publish","format-standard","has-post-thumbnail","hentry","category-voces","tag-aborto","tag-eutanasia","tag-humanae-vitae","tag-juventud","tag-leyes-naturales","tag-trending-es"],"acf":[],"yoast_head":"<!-- This site is optimized with the Yoast SEO plugin v27.5 - https:\/\/yoast.com\/product\/yoast-seo-wordpress\/ -->\n<title>Ideolog\u00eda y cultura de la muerte &#8211; Exaudi<\/title>\n<meta name=\"robots\" content=\"index, follow, max-snippet:-1, max-image-preview:large, max-video-preview:-1\" \/>\n<link rel=\"canonical\" href=\"https:\/\/exaudi.org\/es\/ideologia-y-cultura-de-la-muerte\/\" \/>\n<meta property=\"og:locale\" content=\"es_ES\" \/>\n<meta property=\"og:type\" content=\"article\" \/>\n<meta property=\"og:title\" content=\"Ideolog\u00eda y cultura de la muerte &#8211; Exaudi\" \/>\n<meta property=\"og:description\" content=\"Evitando la reflexi\u00f3n, se procura echar de cabeza a la gente al aborto y al cambio de sexo. No sea que piensen, y procedan de otro modo\" \/>\n<meta property=\"og:url\" content=\"https:\/\/exaudi.org\/es\/ideologia-y-cultura-de-la-muerte\/\" \/>\n<meta property=\"og:site_name\" content=\"Exaudi\" \/>\n<meta property=\"article:publisher\" content=\"https:\/\/www.facebook.com\/ExaudiNews\" \/>\n<meta property=\"article:published_time\" content=\"2023-02-21T08:15:42+00:00\" \/>\n<meta property=\"article:modified_time\" content=\"2023-02-21T08:44:40+00:00\" \/>\n<meta property=\"og:image\" content=\"https:\/\/exaudi.org\/wp-content\/uploads\/2023\/02\/pexels-omar-alnahi-18495.jpg\" \/>\n\t<meta property=\"og:image:width\" content=\"2162\" \/>\n\t<meta property=\"og:image:height\" content=\"1475\" \/>\n\t<meta property=\"og:image:type\" content=\"image\/jpeg\" \/>\n<meta name=\"author\" content=\"Jos\u00e9 Mar\u00eda Montiu de Nuix\" \/>\n<meta name=\"twitter:card\" content=\"summary_large_image\" \/>\n<meta name=\"twitter:creator\" content=\"@Exaudi_News\" \/>\n<meta name=\"twitter:site\" content=\"@Exaudi_News\" \/>\n<meta name=\"twitter:label1\" content=\"Escrito por\" \/>\n\t<meta name=\"twitter:data1\" content=\"Jos\u00e9 Mar\u00eda Montiu de Nuix\" \/>\n\t<meta name=\"twitter:label2\" content=\"Tiempo de lectura\" \/>\n\t<meta name=\"twitter:data2\" content=\"5 minutos\" \/>\n<script type=\"application\/ld+json\" class=\"yoast-schema-graph\">{\"@context\":\"https:\\\/\\\/schema.org\",\"@graph\":[{\"@type\":\"Article\",\"@id\":\"https:\\\/\\\/exaudi.org\\\/es\\\/ideologia-y-cultura-de-la-muerte\\\/#article\",\"isPartOf\":{\"@id\":\"https:\\\/\\\/exaudi.org\\\/es\\\/ideologia-y-cultura-de-la-muerte\\\/\"},\"author\":{\"name\":\"Jos\u00e9 Mar\u00eda Montiu de Nuix\",\"@id\":\"https:\\\/\\\/exaudi.org\\\/#\\\/schema\\\/person\\\/63aa8d363a4039100348c8036010e9fa\"},\"headline\":\"Ideolog\u00eda y cultura de la muerte\",\"datePublished\":\"2023-02-21T08:15:42+00:00\",\"dateModified\":\"2023-02-21T08:44:40+00:00\",\"mainEntityOfPage\":{\"@id\":\"https:\\\/\\\/exaudi.org\\\/es\\\/ideologia-y-cultura-de-la-muerte\\\/\"},\"wordCount\":1099,\"image\":{\"@id\":\"https:\\\/\\\/exaudi.org\\\/es\\\/ideologia-y-cultura-de-la-muerte\\\/#primaryimage\"},\"thumbnailUrl\":\"https:\\\/\\\/exaudi.org\\\/wp-content\\\/uploads\\\/2023\\\/02\\\/pexels-omar-alnahi-18495.jpg\",\"keywords\":[\"Aborto\",\"Eutanasia\",\"Humanae vitae\",\"Juventud\",\"leyes naturales\",\"Trending\"],\"articleSection\":[\"Voces\"],\"inLanguage\":\"es\"},{\"@type\":\"WebPage\",\"@id\":\"https:\\\/\\\/exaudi.org\\\/es\\\/ideologia-y-cultura-de-la-muerte\\\/\",\"url\":\"https:\\\/\\\/exaudi.org\\\/es\\\/ideologia-y-cultura-de-la-muerte\\\/\",\"name\":\"Ideolog\u00eda y cultura de la muerte &#8211; Exaudi\",\"isPartOf\":{\"@id\":\"https:\\\/\\\/exaudi.org\\\/#website\"},\"primaryImageOfPage\":{\"@id\":\"https:\\\/\\\/exaudi.org\\\/es\\\/ideologia-y-cultura-de-la-muerte\\\/#primaryimage\"},\"image\":{\"@id\":\"https:\\\/\\\/exaudi.org\\\/es\\\/ideologia-y-cultura-de-la-muerte\\\/#primaryimage\"},\"thumbnailUrl\":\"https:\\\/\\\/exaudi.org\\\/wp-content\\\/uploads\\\/2023\\\/02\\\/pexels-omar-alnahi-18495.jpg\",\"datePublished\":\"2023-02-21T08:15:42+00:00\",\"dateModified\":\"2023-02-21T08:44:40+00:00\",\"author\":{\"@id\":\"https:\\\/\\\/exaudi.org\\\/#\\\/schema\\\/person\\\/63aa8d363a4039100348c8036010e9fa\"},\"breadcrumb\":{\"@id\":\"https:\\\/\\\/exaudi.org\\\/es\\\/ideologia-y-cultura-de-la-muerte\\\/#breadcrumb\"},\"inLanguage\":\"es\",\"potentialAction\":[{\"@type\":\"ReadAction\",\"target\":[\"https:\\\/\\\/exaudi.org\\\/es\\\/ideologia-y-cultura-de-la-muerte\\\/\"]}]},{\"@type\":\"ImageObject\",\"inLanguage\":\"es\",\"@id\":\"https:\\\/\\\/exaudi.org\\\/es\\\/ideologia-y-cultura-de-la-muerte\\\/#primaryimage\",\"url\":\"https:\\\/\\\/exaudi.org\\\/wp-content\\\/uploads\\\/2023\\\/02\\\/pexels-omar-alnahi-18495.jpg\",\"contentUrl\":\"https:\\\/\\\/exaudi.org\\\/wp-content\\\/uploads\\\/2023\\\/02\\\/pexels-omar-alnahi-18495.jpg\",\"width\":2162,\"height\":1475,\"caption\":\"(C) Pexels\"},{\"@type\":\"BreadcrumbList\",\"@id\":\"https:\\\/\\\/exaudi.org\\\/es\\\/ideologia-y-cultura-de-la-muerte\\\/#breadcrumb\",\"itemListElement\":[{\"@type\":\"ListItem\",\"position\":1,\"name\":\"Portada\",\"item\":\"https:\\\/\\\/exaudi.org\\\/es\\\/\"},{\"@type\":\"ListItem\",\"position\":2,\"name\":\"Ideolog\u00eda y cultura de la muerte\"}]},{\"@type\":\"WebSite\",\"@id\":\"https:\\\/\\\/exaudi.org\\\/#website\",\"url\":\"https:\\\/\\\/exaudi.org\\\/\",\"name\":\"Exaudi\",\"description\":\"News\",\"potentialAction\":[{\"@type\":\"SearchAction\",\"target\":{\"@type\":\"EntryPoint\",\"urlTemplate\":\"https:\\\/\\\/exaudi.org\\\/?s={search_term_string}\"},\"query-input\":{\"@type\":\"PropertyValueSpecification\",\"valueRequired\":true,\"valueName\":\"search_term_string\"}}],\"inLanguage\":\"es\"},{\"@type\":\"Person\",\"@id\":\"https:\\\/\\\/exaudi.org\\\/#\\\/schema\\\/person\\\/63aa8d363a4039100348c8036010e9fa\",\"name\":\"Jos\u00e9 Mar\u00eda Montiu de Nuix\",\"image\":{\"@type\":\"ImageObject\",\"inLanguage\":\"es\",\"@id\":\"https:\\\/\\\/secure.gravatar.com\\\/avatar\\\/f3d1e54272060740a50258cef7d916098d4ffe7ad9f6a7a8603d12c508634d10?s=96&d=mm&r=g\",\"url\":\"https:\\\/\\\/secure.gravatar.com\\\/avatar\\\/f3d1e54272060740a50258cef7d916098d4ffe7ad9f6a7a8603d12c508634d10?s=96&d=mm&r=g\",\"contentUrl\":\"https:\\\/\\\/secure.gravatar.com\\\/avatar\\\/f3d1e54272060740a50258cef7d916098d4ffe7ad9f6a7a8603d12c508634d10?s=96&d=mm&r=g\",\"caption\":\"Jos\u00e9 Mar\u00eda Montiu de Nuix\"},\"description\":\"Nacido en Cervera, L\u00e9rida, Espa\u00f1a, en 1960 y bautizado ese mismo a\u00f1o. Ordenado sacerdote en 1992. Doctor en Filosof\u00eda. Licenciado en Filosof\u00eda y Ciencias de la Educaci\u00f3n por la Universidad de Barcelona (UB). Licenciado (especialidad: Matem\u00e1tica Fundamental), cursos de doctorado y suficiencia investigadora en Ciencias Exactas por la UB. Licenciado en Filosof\u00eda por la Universidad de Navarra. Licenciado en Estudios Eclesi\u00e1sticos por la Facultad de Teolog\u00eda San Vicente Ferrer, Valencia. Docente e investigador con m\u00e1s de medio millar de publicaciones. Acad\u00e9mico de la Academia Hispanoamericana de Doctores.\",\"url\":\"https:\\\/\\\/exaudi.org\\\/es\\\/author\\\/josepmariamontiudenuix\\\/\"}]}<\/script>\n<!-- \/ Yoast SEO plugin. -->","yoast_head_json":{"title":"Ideolog\u00eda y cultura de la muerte &#8211; Exaudi","robots":{"index":"index","follow":"follow","max-snippet":"max-snippet:-1","max-image-preview":"max-image-preview:large","max-video-preview":"max-video-preview:-1"},"canonical":"https:\/\/exaudi.org\/es\/ideologia-y-cultura-de-la-muerte\/","og_locale":"es_ES","og_type":"article","og_title":"Ideolog\u00eda y cultura de la muerte &#8211; Exaudi","og_description":"Evitando la reflexi\u00f3n, se procura echar de cabeza a la gente al aborto y al cambio de sexo. No sea que piensen, y procedan de otro modo","og_url":"https:\/\/exaudi.org\/es\/ideologia-y-cultura-de-la-muerte\/","og_site_name":"Exaudi","article_publisher":"https:\/\/www.facebook.com\/ExaudiNews","article_published_time":"2023-02-21T08:15:42+00:00","article_modified_time":"2023-02-21T08:44:40+00:00","og_image":[{"width":2162,"height":1475,"url":"https:\/\/exaudi.org\/wp-content\/uploads\/2023\/02\/pexels-omar-alnahi-18495.jpg","type":"image\/jpeg"}],"author":"Jos\u00e9 Mar\u00eda Montiu de Nuix","twitter_card":"summary_large_image","twitter_creator":"@Exaudi_News","twitter_site":"@Exaudi_News","twitter_misc":{"Escrito por":"Jos\u00e9 Mar\u00eda Montiu de Nuix","Tiempo de lectura":"5 minutos"},"schema":{"@context":"https:\/\/schema.org","@graph":[{"@type":"Article","@id":"https:\/\/exaudi.org\/es\/ideologia-y-cultura-de-la-muerte\/#article","isPartOf":{"@id":"https:\/\/exaudi.org\/es\/ideologia-y-cultura-de-la-muerte\/"},"author":{"name":"Jos\u00e9 Mar\u00eda Montiu de Nuix","@id":"https:\/\/exaudi.org\/#\/schema\/person\/63aa8d363a4039100348c8036010e9fa"},"headline":"Ideolog\u00eda y cultura de la muerte","datePublished":"2023-02-21T08:15:42+00:00","dateModified":"2023-02-21T08:44:40+00:00","mainEntityOfPage":{"@id":"https:\/\/exaudi.org\/es\/ideologia-y-cultura-de-la-muerte\/"},"wordCount":1099,"image":{"@id":"https:\/\/exaudi.org\/es\/ideologia-y-cultura-de-la-muerte\/#primaryimage"},"thumbnailUrl":"https:\/\/exaudi.org\/wp-content\/uploads\/2023\/02\/pexels-omar-alnahi-18495.jpg","keywords":["Aborto","Eutanasia","Humanae vitae","Juventud","leyes naturales","Trending"],"articleSection":["Voces"],"inLanguage":"es"},{"@type":"WebPage","@id":"https:\/\/exaudi.org\/es\/ideologia-y-cultura-de-la-muerte\/","url":"https:\/\/exaudi.org\/es\/ideologia-y-cultura-de-la-muerte\/","name":"Ideolog\u00eda y cultura de la muerte &#8211; Exaudi","isPartOf":{"@id":"https:\/\/exaudi.org\/#website"},"primaryImageOfPage":{"@id":"https:\/\/exaudi.org\/es\/ideologia-y-cultura-de-la-muerte\/#primaryimage"},"image":{"@id":"https:\/\/exaudi.org\/es\/ideologia-y-cultura-de-la-muerte\/#primaryimage"},"thumbnailUrl":"https:\/\/exaudi.org\/wp-content\/uploads\/2023\/02\/pexels-omar-alnahi-18495.jpg","datePublished":"2023-02-21T08:15:42+00:00","dateModified":"2023-02-21T08:44:40+00:00","author":{"@id":"https:\/\/exaudi.org\/#\/schema\/person\/63aa8d363a4039100348c8036010e9fa"},"breadcrumb":{"@id":"https:\/\/exaudi.org\/es\/ideologia-y-cultura-de-la-muerte\/#breadcrumb"},"inLanguage":"es","potentialAction":[{"@type":"ReadAction","target":["https:\/\/exaudi.org\/es\/ideologia-y-cultura-de-la-muerte\/"]}]},{"@type":"ImageObject","inLanguage":"es","@id":"https:\/\/exaudi.org\/es\/ideologia-y-cultura-de-la-muerte\/#primaryimage","url":"https:\/\/exaudi.org\/wp-content\/uploads\/2023\/02\/pexels-omar-alnahi-18495.jpg","contentUrl":"https:\/\/exaudi.org\/wp-content\/uploads\/2023\/02\/pexels-omar-alnahi-18495.jpg","width":2162,"height":1475,"caption":"(C) Pexels"},{"@type":"BreadcrumbList","@id":"https:\/\/exaudi.org\/es\/ideologia-y-cultura-de-la-muerte\/#breadcrumb","itemListElement":[{"@type":"ListItem","position":1,"name":"Portada","item":"https:\/\/exaudi.org\/es\/"},{"@type":"ListItem","position":2,"name":"Ideolog\u00eda y cultura de la muerte"}]},{"@type":"WebSite","@id":"https:\/\/exaudi.org\/#website","url":"https:\/\/exaudi.org\/","name":"Exaudi","description":"News","potentialAction":[{"@type":"SearchAction","target":{"@type":"EntryPoint","urlTemplate":"https:\/\/exaudi.org\/?s={search_term_string}"},"query-input":{"@type":"PropertyValueSpecification","valueRequired":true,"valueName":"search_term_string"}}],"inLanguage":"es"},{"@type":"Person","@id":"https:\/\/exaudi.org\/#\/schema\/person\/63aa8d363a4039100348c8036010e9fa","name":"Jos\u00e9 Mar\u00eda Montiu de Nuix","image":{"@type":"ImageObject","inLanguage":"es","@id":"https:\/\/secure.gravatar.com\/avatar\/f3d1e54272060740a50258cef7d916098d4ffe7ad9f6a7a8603d12c508634d10?s=96&d=mm&r=g","url":"https:\/\/secure.gravatar.com\/avatar\/f3d1e54272060740a50258cef7d916098d4ffe7ad9f6a7a8603d12c508634d10?s=96&d=mm&r=g","contentUrl":"https:\/\/secure.gravatar.com\/avatar\/f3d1e54272060740a50258cef7d916098d4ffe7ad9f6a7a8603d12c508634d10?s=96&d=mm&r=g","caption":"Jos\u00e9 Mar\u00eda Montiu de Nuix"},"description":"Nacido en Cervera, L\u00e9rida, Espa\u00f1a, en 1960 y bautizado ese mismo a\u00f1o. Ordenado sacerdote en 1992. Doctor en Filosof\u00eda. Licenciado en Filosof\u00eda y Ciencias de la Educaci\u00f3n por la Universidad de Barcelona (UB). Licenciado (especialidad: Matem\u00e1tica Fundamental), cursos de doctorado y suficiencia investigadora en Ciencias Exactas por la UB. Licenciado en Filosof\u00eda por la Universidad de Navarra. Licenciado en Estudios Eclesi\u00e1sticos por la Facultad de Teolog\u00eda San Vicente Ferrer, Valencia. Docente e investigador con m\u00e1s de medio millar de publicaciones. Acad\u00e9mico de la Academia Hispanoamericana de Doctores.","url":"https:\/\/exaudi.org\/es\/author\/josepmariamontiudenuix\/"}]}},"jetpack_featured_media_url":"https:\/\/exaudi.org\/wp-content\/uploads\/2023\/02\/pexels-omar-alnahi-18495.jpg","jetpack_shortlink":"https:\/\/wp.me\/pgKjF2-inE","_links":{"self":[{"href":"https:\/\/exaudi.org\/es\/wp-json\/wp\/v2\/posts\/70658","targetHints":{"allow":["GET"]}}],"collection":[{"href":"https:\/\/exaudi.org\/es\/wp-json\/wp\/v2\/posts"}],"about":[{"href":"https:\/\/exaudi.org\/es\/wp-json\/wp\/v2\/types\/post"}],"author":[{"embeddable":true,"href":"https:\/\/exaudi.org\/es\/wp-json\/wp\/v2\/users\/45"}],"replies":[{"embeddable":true,"href":"https:\/\/exaudi.org\/es\/wp-json\/wp\/v2\/comments?post=70658"}],"version-history":[{"count":0,"href":"https:\/\/exaudi.org\/es\/wp-json\/wp\/v2\/posts\/70658\/revisions"}],"wp:featuredmedia":[{"embeddable":true,"href":"https:\/\/exaudi.org\/es\/wp-json\/wp\/v2\/media\/70662"}],"wp:attachment":[{"href":"https:\/\/exaudi.org\/es\/wp-json\/wp\/v2\/media?parent=70658"}],"wp:term":[{"taxonomy":"category","embeddable":true,"href":"https:\/\/exaudi.org\/es\/wp-json\/wp\/v2\/categories?post=70658"},{"taxonomy":"post_tag","embeddable":true,"href":"https:\/\/exaudi.org\/es\/wp-json\/wp\/v2\/tags?post=70658"}],"curies":[{"name":"wp","href":"https:\/\/api.w.org\/{rel}","templated":true}]}}