{"id":7034,"date":"2021-03-20T13:42:22","date_gmt":"2021-03-20T12:42:22","guid":{"rendered":"https:\/\/exaudi.org\/?p=7034"},"modified":"2021-03-20T21:18:07","modified_gmt":"2021-03-20T20:18:07","slug":"chile-papa-nombra-obispo-talca","status":"publish","type":"post","link":"https:\/\/exaudi.org\/es\/chile-papa-nombra-obispo-talca\/","title":{"rendered":"Chile: El Papa nombra al obispo de Talca"},"content":{"rendered":"<p style=\"text-align: justify\">El Papa Francisco ha nombrado obispo de la <a href=\"http:\/\/www.diocesisdetalca.cl\/\">di\u00f3cesis de Talca<\/a>, <a href=\"https:\/\/exaudi.org\/es\/chile-obispos-gobierno-permite-culto-fase-2-2021\/\" target=\"_blank\" rel=\"noopener noreferrer\">Chile<\/a>, a Mons. Galo Fern\u00e1ndez Villaseca, hasta ahora obispo titular de Simingi, auxiliar de la archidi\u00f3cesis metropolitana de Santiago de Chile y administrador apost\u00f3lico <i>sede vacante et ad nutum Sanctae Sedis<\/i> de Talca.<\/p>\n<p>As\u00ed ha informado hoy, 20 de marzo de 2021, la Oficina de Prensa de la Santa Sede. Con este nombramiento, se reducen a tres las jurisdicciones eclesi\u00e1sticas \u201csede vacante\u201d en Chile: Valpara\u00edso, Rancagua y Castrense, informa la di\u00f3cesis de Talca.<\/p>\n<h4 style=\"text-align: justify\"><b>Mons. Galo Fern\u00e1ndez Villaseca<\/b><\/h4>\n<p style=\"text-align: justify\">Naci\u00f3 el 3 de febrero de 1961 en Santiago. Complet\u00f3 sus estudios filos\u00f3ficos y teol\u00f3gicos en el Seminario Pontificio Mayor de Santiago. Fue ordenado sacerdote el 12 de diciembre de 1987.<\/p>\n<p style=\"text-align: justify\">Como sacerdote ocup\u00f3 los siguientes cargos: vicario parroquial de\u00a0Nuestra Se\u00f1ora de las Mercedes\u00a0en Santiago, p\u00e1rroco de\u00a0Cristo Nuestro Redentor\u00a0en Pe\u00f1alol\u00e9n, p\u00e1rroco de\u00a0Santa Clara,\u00a0vicario episcopal de la Vicar\u00eda de la Esperanza J\u00f3ven y vicario episcopal de la zona oeste de la archidi\u00f3cesis.<\/p>\n<p style=\"text-align: justify\">Nombrado obispo titular de Simingi y auxiliar de la archidi\u00f3cesis metropolitana de Santiago de Chile el 1 de febrero de 2014, recibi\u00f3 su consagraci\u00f3n el 10 de mayo siguiente. El 28 de junio de 2018 fue nombrado administrador apost\u00f3lico\u00a0<i>sede vacante et ad nutum Sanctae Sedis\u00a0<\/i>de la di\u00f3cesis de Talca.<\/p>\n","protected":false},"excerpt":{"rendered":"<p>Mons. Galo Fern\u00e1ndez Villaseca<\/p>\n","protected":false},"author":15,"featured_media":7035,"comment_status":"closed","ping_status":"closed","sticky":false,"template":"","format":"standard","meta":{"_acf_changed":false,"_crdt_document":"","inline_featured_image":false,"footnotes":""},"categories":[86],"tags":[1060,1061,292,1062,158],"class_list":["post-7034","post","type-post","status-publish","format-standard","has-post-thumbnail","hentry","category-iglesia-local","tag-chile","tag-diocesis-de-talca","tag-nombramiento","tag-obispo","tag-papa-francisco"],"acf":[],"yoast_head":"<!-- This site is optimized with the Yoast SEO plugin v27.5 - https:\/\/yoast.com\/product\/yoast-seo-wordpress\/ -->\n<title>Chile: El Papa nombra al obispo de Talca &#8211; Exaudi<\/title>\n<meta name=\"description\" content=\"El Papa ha nombrado obispo de la di\u00f3cesis de Talca, Chile, a Mons. Galo Fern\u00e1ndez Villaseca, hasta ahora obispo titular de Simingi\" \/>\n<meta name=\"robots\" content=\"index, follow, max-snippet:-1, max-image-preview:large, max-video-preview:-1\" \/>\n<link rel=\"canonical\" href=\"https:\/\/exaudi.org\/es\/chile-papa-nombra-obispo-talca\/\" \/>\n<meta property=\"og:locale\" content=\"es_ES\" \/>\n<meta property=\"og:type\" content=\"article\" \/>\n<meta property=\"og:title\" content=\"Chile: El Papa nombra al obispo de Talca &#8211; Exaudi\" \/>\n<meta property=\"og:description\" content=\"El Papa ha nombrado obispo de la di\u00f3cesis de Talca, Chile, a Mons. Galo Fern\u00e1ndez Villaseca, hasta ahora obispo titular de Simingi\" \/>\n<meta property=\"og:url\" content=\"https:\/\/exaudi.org\/es\/chile-papa-nombra-obispo-talca\/\" \/>\n<meta property=\"og:site_name\" content=\"Exaudi\" \/>\n<meta property=\"article:publisher\" content=\"https:\/\/www.facebook.com\/ExaudiNews\" \/>\n<meta property=\"article:author\" content=\"https:\/\/www.facebook.com\/ExaudiNoticias\/\" \/>\n<meta property=\"article:published_time\" content=\"2021-03-20T12:42:22+00:00\" \/>\n<meta property=\"article:modified_time\" content=\"2021-03-20T20:18:07+00:00\" \/>\n<meta property=\"og:image\" content=\"https:\/\/exaudi.org\/wp-content\/uploads\/2021\/03\/Mons.-Galo-Fernandez-Villaseca.jpg\" \/>\n\t<meta property=\"og:image:width\" content=\"1000\" \/>\n\t<meta property=\"og:image:height\" content=\"677\" \/>\n\t<meta property=\"og:image:type\" content=\"image\/jpeg\" \/>\n<meta name=\"author\" content=\"Exaudi Redacci\u00f3n\" \/>\n<meta name=\"twitter:card\" content=\"summary_large_image\" \/>\n<meta name=\"twitter:creator\" content=\"@Exaudi_noticias\" \/>\n<meta name=\"twitter:site\" content=\"@Exaudi_News\" \/>\n<meta name=\"twitter:label1\" content=\"Escrito por\" \/>\n\t<meta name=\"twitter:data1\" content=\"Exaudi Redacci\u00f3n\" \/>\n\t<meta name=\"twitter:label2\" content=\"Tiempo de lectura\" \/>\n\t<meta name=\"twitter:data2\" content=\"1 minuto\" \/>\n<script type=\"application\/ld+json\" class=\"yoast-schema-graph\">{\"@context\":\"https:\\\/\\\/schema.org\",\"@graph\":[{\"@type\":\"Article\",\"@id\":\"https:\\\/\\\/exaudi.org\\\/es\\\/chile-papa-nombra-obispo-talca\\\/#article\",\"isPartOf\":{\"@id\":\"https:\\\/\\\/exaudi.org\\\/es\\\/chile-papa-nombra-obispo-talca\\\/\"},\"author\":{\"name\":\"Exaudi Redacci\u00f3n\",\"@id\":\"https:\\\/\\\/exaudi.org\\\/#\\\/schema\\\/person\\\/f5fc8f063065e38742da7afe15f25df7\"},\"headline\":\"Chile: El Papa nombra al obispo de Talca\",\"datePublished\":\"2021-03-20T12:42:22+00:00\",\"dateModified\":\"2021-03-20T20:18:07+00:00\",\"mainEntityOfPage\":{\"@id\":\"https:\\\/\\\/exaudi.org\\\/es\\\/chile-papa-nombra-obispo-talca\\\/\"},\"wordCount\":235,\"image\":{\"@id\":\"https:\\\/\\\/exaudi.org\\\/es\\\/chile-papa-nombra-obispo-talca\\\/#primaryimage\"},\"thumbnailUrl\":\"https:\\\/\\\/exaudi.org\\\/wp-content\\\/uploads\\\/2021\\\/03\\\/Mons.-Galo-Fernandez-Villaseca.jpg\",\"keywords\":[\"Chile\",\"Di\u00f3cesis de Talca\",\"Nombramiento\",\"obispo\",\"papa francisco\"],\"articleSection\":[\"Iglesia Local\"],\"inLanguage\":\"es\"},{\"@type\":\"WebPage\",\"@id\":\"https:\\\/\\\/exaudi.org\\\/es\\\/chile-papa-nombra-obispo-talca\\\/\",\"url\":\"https:\\\/\\\/exaudi.org\\\/es\\\/chile-papa-nombra-obispo-talca\\\/\",\"name\":\"Chile: El Papa nombra al obispo de Talca &#8211; Exaudi\",\"isPartOf\":{\"@id\":\"https:\\\/\\\/exaudi.org\\\/#website\"},\"primaryImageOfPage\":{\"@id\":\"https:\\\/\\\/exaudi.org\\\/es\\\/chile-papa-nombra-obispo-talca\\\/#primaryimage\"},\"image\":{\"@id\":\"https:\\\/\\\/exaudi.org\\\/es\\\/chile-papa-nombra-obispo-talca\\\/#primaryimage\"},\"thumbnailUrl\":\"https:\\\/\\\/exaudi.org\\\/wp-content\\\/uploads\\\/2021\\\/03\\\/Mons.-Galo-Fernandez-Villaseca.jpg\",\"datePublished\":\"2021-03-20T12:42:22+00:00\",\"dateModified\":\"2021-03-20T20:18:07+00:00\",\"author\":{\"@id\":\"https:\\\/\\\/exaudi.org\\\/#\\\/schema\\\/person\\\/f5fc8f063065e38742da7afe15f25df7\"},\"description\":\"El Papa ha nombrado obispo de la di\u00f3cesis de Talca, Chile, a Mons. Galo Fern\u00e1ndez Villaseca, hasta ahora obispo titular de Simingi\",\"breadcrumb\":{\"@id\":\"https:\\\/\\\/exaudi.org\\\/es\\\/chile-papa-nombra-obispo-talca\\\/#breadcrumb\"},\"inLanguage\":\"es\",\"potentialAction\":[{\"@type\":\"ReadAction\",\"target\":[\"https:\\\/\\\/exaudi.org\\\/es\\\/chile-papa-nombra-obispo-talca\\\/\"]}]},{\"@type\":\"ImageObject\",\"inLanguage\":\"es\",\"@id\":\"https:\\\/\\\/exaudi.org\\\/es\\\/chile-papa-nombra-obispo-talca\\\/#primaryimage\",\"url\":\"https:\\\/\\\/exaudi.org\\\/wp-content\\\/uploads\\\/2021\\\/03\\\/Mons.-Galo-Fernandez-Villaseca.jpg\",\"contentUrl\":\"https:\\\/\\\/exaudi.org\\\/wp-content\\\/uploads\\\/2021\\\/03\\\/Mons.-Galo-Fernandez-Villaseca.jpg\",\"width\":1000,\"height\":677,\"caption\":\"Mons. Galo Fern\u00e1ndez Villaseca \u00a9 Di\u00f3cesis de Talca\"},{\"@type\":\"BreadcrumbList\",\"@id\":\"https:\\\/\\\/exaudi.org\\\/es\\\/chile-papa-nombra-obispo-talca\\\/#breadcrumb\",\"itemListElement\":[{\"@type\":\"ListItem\",\"position\":1,\"name\":\"Portada\",\"item\":\"https:\\\/\\\/exaudi.org\\\/es\\\/\"},{\"@type\":\"ListItem\",\"position\":2,\"name\":\"Chile: El Papa nombra al obispo de Talca\"}]},{\"@type\":\"WebSite\",\"@id\":\"https:\\\/\\\/exaudi.org\\\/#website\",\"url\":\"https:\\\/\\\/exaudi.org\\\/\",\"name\":\"Exaudi\",\"description\":\"News\",\"potentialAction\":[{\"@type\":\"SearchAction\",\"target\":{\"@type\":\"EntryPoint\",\"urlTemplate\":\"https:\\\/\\\/exaudi.org\\\/?s={search_term_string}\"},\"query-input\":{\"@type\":\"PropertyValueSpecification\",\"valueRequired\":true,\"valueName\":\"search_term_string\"}}],\"inLanguage\":\"es\"},{\"@type\":\"Person\",\"@id\":\"https:\\\/\\\/exaudi.org\\\/#\\\/schema\\\/person\\\/f5fc8f063065e38742da7afe15f25df7\",\"name\":\"Exaudi Redacci\u00f3n\",\"image\":{\"@type\":\"ImageObject\",\"inLanguage\":\"es\",\"@id\":\"https:\\\/\\\/secure.gravatar.com\\\/avatar\\\/fe0f6a059fb68d9b3e11bc5850dd4899b1c7492091a3cb6dd9b01b56ad828be2?s=96&d=mm&r=g\",\"url\":\"https:\\\/\\\/secure.gravatar.com\\\/avatar\\\/fe0f6a059fb68d9b3e11bc5850dd4899b1c7492091a3cb6dd9b01b56ad828be2?s=96&d=mm&r=g\",\"contentUrl\":\"https:\\\/\\\/secure.gravatar.com\\\/avatar\\\/fe0f6a059fb68d9b3e11bc5850dd4899b1c7492091a3cb6dd9b01b56ad828be2?s=96&d=mm&r=g\",\"caption\":\"Exaudi Redacci\u00f3n\"},\"description\":\"\u00bfQu\u00e9 es Exaudi News? Exaudi News es un medio de comunicaci\u00f3n cat\u00f3lico internacional que informa, forma y transforma, diariamente en espa\u00f1ol, ingl\u00e9s e italiano. A trav\u00e9s de noticias, art\u00edculos de an\u00e1lisis y transmisiones en directo de los eventos del Papa, Exaudi busca fortalecer la unidad de los cristianos y contribuir a la evangelizaci\u00f3n del mundo, siempre guiados por la doctrina social de la Iglesia. Trabajamos para acercar la verdad y los valores cristianos a cada rinc\u00f3n del planeta. \u00a1Ay\u00fadanos a transformar el mundo con Exaudi! En Exaudi creemos que la evangelizaci\u00f3n y la informaci\u00f3n de calidad pueden cambiar vidas. Para continuar con nuestra misi\u00f3n y expandir nuestro alcance, necesitamos tu ayuda. Adem\u00e1s, buscamos personas comprometidas que deseen unirse a nuestro equipo. Con tu apoyo, lograremos llegar a m\u00e1s personas, difundir el mensaje de Cristo y reforzar la unidad de los cristianos. \u00bfTe unes a nuestra misi\u00f3n? Para m\u00e1s informaci\u00f3n sobre c\u00f3mo colaborar, visita Exaudi.org\\\/es o cont\u00e1ctanos directamente: info@exaudi.org Exaudi: Informa, forma y transforma.\",\"sameAs\":[\"https:\\\/\\\/www.facebook.com\\\/ExaudiNoticias\\\/\",\"https:\\\/\\\/www.instagram.com\\\/exaudi_noticias\\\/\",\"https:\\\/\\\/x.com\\\/Exaudi_noticias\",\"https:\\\/\\\/www.youtube.com\\\/@exaudicatholicnews\"],\"url\":\"https:\\\/\\\/exaudi.org\\\/es\\\/author\\\/redaccionexaudi\\\/\"}]}<\/script>\n<!-- \/ Yoast SEO plugin. -->","yoast_head_json":{"title":"Chile: El Papa nombra al obispo de Talca &#8211; Exaudi","description":"El Papa ha nombrado obispo de la di\u00f3cesis de Talca, Chile, a Mons. Galo Fern\u00e1ndez Villaseca, hasta ahora obispo titular de Simingi","robots":{"index":"index","follow":"follow","max-snippet":"max-snippet:-1","max-image-preview":"max-image-preview:large","max-video-preview":"max-video-preview:-1"},"canonical":"https:\/\/exaudi.org\/es\/chile-papa-nombra-obispo-talca\/","og_locale":"es_ES","og_type":"article","og_title":"Chile: El Papa nombra al obispo de Talca &#8211; Exaudi","og_description":"El Papa ha nombrado obispo de la di\u00f3cesis de Talca, Chile, a Mons. Galo Fern\u00e1ndez Villaseca, hasta ahora obispo titular de Simingi","og_url":"https:\/\/exaudi.org\/es\/chile-papa-nombra-obispo-talca\/","og_site_name":"Exaudi","article_publisher":"https:\/\/www.facebook.com\/ExaudiNews","article_author":"https:\/\/www.facebook.com\/ExaudiNoticias\/","article_published_time":"2021-03-20T12:42:22+00:00","article_modified_time":"2021-03-20T20:18:07+00:00","og_image":[{"width":1000,"height":677,"url":"https:\/\/exaudi.org\/wp-content\/uploads\/2021\/03\/Mons.-Galo-Fernandez-Villaseca.jpg","type":"image\/jpeg"}],"author":"Exaudi Redacci\u00f3n","twitter_card":"summary_large_image","twitter_creator":"@Exaudi_noticias","twitter_site":"@Exaudi_News","twitter_misc":{"Escrito por":"Exaudi Redacci\u00f3n","Tiempo de lectura":"1 minuto"},"schema":{"@context":"https:\/\/schema.org","@graph":[{"@type":"Article","@id":"https:\/\/exaudi.org\/es\/chile-papa-nombra-obispo-talca\/#article","isPartOf":{"@id":"https:\/\/exaudi.org\/es\/chile-papa-nombra-obispo-talca\/"},"author":{"name":"Exaudi Redacci\u00f3n","@id":"https:\/\/exaudi.org\/#\/schema\/person\/f5fc8f063065e38742da7afe15f25df7"},"headline":"Chile: El Papa nombra al obispo de Talca","datePublished":"2021-03-20T12:42:22+00:00","dateModified":"2021-03-20T20:18:07+00:00","mainEntityOfPage":{"@id":"https:\/\/exaudi.org\/es\/chile-papa-nombra-obispo-talca\/"},"wordCount":235,"image":{"@id":"https:\/\/exaudi.org\/es\/chile-papa-nombra-obispo-talca\/#primaryimage"},"thumbnailUrl":"https:\/\/exaudi.org\/wp-content\/uploads\/2021\/03\/Mons.-Galo-Fernandez-Villaseca.jpg","keywords":["Chile","Di\u00f3cesis de Talca","Nombramiento","obispo","papa francisco"],"articleSection":["Iglesia Local"],"inLanguage":"es"},{"@type":"WebPage","@id":"https:\/\/exaudi.org\/es\/chile-papa-nombra-obispo-talca\/","url":"https:\/\/exaudi.org\/es\/chile-papa-nombra-obispo-talca\/","name":"Chile: El Papa nombra al obispo de Talca &#8211; Exaudi","isPartOf":{"@id":"https:\/\/exaudi.org\/#website"},"primaryImageOfPage":{"@id":"https:\/\/exaudi.org\/es\/chile-papa-nombra-obispo-talca\/#primaryimage"},"image":{"@id":"https:\/\/exaudi.org\/es\/chile-papa-nombra-obispo-talca\/#primaryimage"},"thumbnailUrl":"https:\/\/exaudi.org\/wp-content\/uploads\/2021\/03\/Mons.-Galo-Fernandez-Villaseca.jpg","datePublished":"2021-03-20T12:42:22+00:00","dateModified":"2021-03-20T20:18:07+00:00","author":{"@id":"https:\/\/exaudi.org\/#\/schema\/person\/f5fc8f063065e38742da7afe15f25df7"},"description":"El Papa ha nombrado obispo de la di\u00f3cesis de Talca, Chile, a Mons. Galo Fern\u00e1ndez Villaseca, hasta ahora obispo titular de Simingi","breadcrumb":{"@id":"https:\/\/exaudi.org\/es\/chile-papa-nombra-obispo-talca\/#breadcrumb"},"inLanguage":"es","potentialAction":[{"@type":"ReadAction","target":["https:\/\/exaudi.org\/es\/chile-papa-nombra-obispo-talca\/"]}]},{"@type":"ImageObject","inLanguage":"es","@id":"https:\/\/exaudi.org\/es\/chile-papa-nombra-obispo-talca\/#primaryimage","url":"https:\/\/exaudi.org\/wp-content\/uploads\/2021\/03\/Mons.-Galo-Fernandez-Villaseca.jpg","contentUrl":"https:\/\/exaudi.org\/wp-content\/uploads\/2021\/03\/Mons.-Galo-Fernandez-Villaseca.jpg","width":1000,"height":677,"caption":"Mons. Galo Fern\u00e1ndez Villaseca \u00a9 Di\u00f3cesis de Talca"},{"@type":"BreadcrumbList","@id":"https:\/\/exaudi.org\/es\/chile-papa-nombra-obispo-talca\/#breadcrumb","itemListElement":[{"@type":"ListItem","position":1,"name":"Portada","item":"https:\/\/exaudi.org\/es\/"},{"@type":"ListItem","position":2,"name":"Chile: El Papa nombra al obispo de Talca"}]},{"@type":"WebSite","@id":"https:\/\/exaudi.org\/#website","url":"https:\/\/exaudi.org\/","name":"Exaudi","description":"News","potentialAction":[{"@type":"SearchAction","target":{"@type":"EntryPoint","urlTemplate":"https:\/\/exaudi.org\/?s={search_term_string}"},"query-input":{"@type":"PropertyValueSpecification","valueRequired":true,"valueName":"search_term_string"}}],"inLanguage":"es"},{"@type":"Person","@id":"https:\/\/exaudi.org\/#\/schema\/person\/f5fc8f063065e38742da7afe15f25df7","name":"Exaudi Redacci\u00f3n","image":{"@type":"ImageObject","inLanguage":"es","@id":"https:\/\/secure.gravatar.com\/avatar\/fe0f6a059fb68d9b3e11bc5850dd4899b1c7492091a3cb6dd9b01b56ad828be2?s=96&d=mm&r=g","url":"https:\/\/secure.gravatar.com\/avatar\/fe0f6a059fb68d9b3e11bc5850dd4899b1c7492091a3cb6dd9b01b56ad828be2?s=96&d=mm&r=g","contentUrl":"https:\/\/secure.gravatar.com\/avatar\/fe0f6a059fb68d9b3e11bc5850dd4899b1c7492091a3cb6dd9b01b56ad828be2?s=96&d=mm&r=g","caption":"Exaudi Redacci\u00f3n"},"description":"\u00bfQu\u00e9 es Exaudi News? Exaudi News es un medio de comunicaci\u00f3n cat\u00f3lico internacional que informa, forma y transforma, diariamente en espa\u00f1ol, ingl\u00e9s e italiano. A trav\u00e9s de noticias, art\u00edculos de an\u00e1lisis y transmisiones en directo de los eventos del Papa, Exaudi busca fortalecer la unidad de los cristianos y contribuir a la evangelizaci\u00f3n del mundo, siempre guiados por la doctrina social de la Iglesia. Trabajamos para acercar la verdad y los valores cristianos a cada rinc\u00f3n del planeta. \u00a1Ay\u00fadanos a transformar el mundo con Exaudi! En Exaudi creemos que la evangelizaci\u00f3n y la informaci\u00f3n de calidad pueden cambiar vidas. Para continuar con nuestra misi\u00f3n y expandir nuestro alcance, necesitamos tu ayuda. Adem\u00e1s, buscamos personas comprometidas que deseen unirse a nuestro equipo. Con tu apoyo, lograremos llegar a m\u00e1s personas, difundir el mensaje de Cristo y reforzar la unidad de los cristianos. \u00bfTe unes a nuestra misi\u00f3n? Para m\u00e1s informaci\u00f3n sobre c\u00f3mo colaborar, visita Exaudi.org\/es o cont\u00e1ctanos directamente: info@exaudi.org Exaudi: Informa, forma y transforma.","sameAs":["https:\/\/www.facebook.com\/ExaudiNoticias\/","https:\/\/www.instagram.com\/exaudi_noticias\/","https:\/\/x.com\/Exaudi_noticias","https:\/\/www.youtube.com\/@exaudicatholicnews"],"url":"https:\/\/exaudi.org\/es\/author\/redaccionexaudi\/"}]}},"jetpack_featured_media_url":"https:\/\/exaudi.org\/wp-content\/uploads\/2021\/03\/Mons.-Galo-Fernandez-Villaseca.jpg","jetpack_shortlink":"https:\/\/wp.me\/pgKjF2-1Ps","_links":{"self":[{"href":"https:\/\/exaudi.org\/es\/wp-json\/wp\/v2\/posts\/7034","targetHints":{"allow":["GET"]}}],"collection":[{"href":"https:\/\/exaudi.org\/es\/wp-json\/wp\/v2\/posts"}],"about":[{"href":"https:\/\/exaudi.org\/es\/wp-json\/wp\/v2\/types\/post"}],"author":[{"embeddable":true,"href":"https:\/\/exaudi.org\/es\/wp-json\/wp\/v2\/users\/15"}],"replies":[{"embeddable":true,"href":"https:\/\/exaudi.org\/es\/wp-json\/wp\/v2\/comments?post=7034"}],"version-history":[{"count":0,"href":"https:\/\/exaudi.org\/es\/wp-json\/wp\/v2\/posts\/7034\/revisions"}],"wp:featuredmedia":[{"embeddable":true,"href":"https:\/\/exaudi.org\/es\/wp-json\/wp\/v2\/media\/7035"}],"wp:attachment":[{"href":"https:\/\/exaudi.org\/es\/wp-json\/wp\/v2\/media?parent=7034"}],"wp:term":[{"taxonomy":"category","embeddable":true,"href":"https:\/\/exaudi.org\/es\/wp-json\/wp\/v2\/categories?post=7034"},{"taxonomy":"post_tag","embeddable":true,"href":"https:\/\/exaudi.org\/es\/wp-json\/wp\/v2\/tags?post=7034"}],"curies":[{"name":"wp","href":"https:\/\/api.w.org\/{rel}","templated":true}]}}