{"id":70334,"date":"2023-02-15T11:24:33","date_gmt":"2023-02-15T10:24:33","guid":{"rendered":"https:\/\/exaudi.org\/?p=70334"},"modified":"2023-02-15T11:25:14","modified_gmt":"2023-02-15T10:25:14","slug":"cardenal-arizmendi-la-homosexualidad-no-es-delito","status":"publish","type":"post","link":"https:\/\/exaudi.org\/es\/cardenal-arizmendi-la-homosexualidad-no-es-delito\/","title":{"rendered":"Cardenal Arizmendi: La homosexualidad no es delito"},"content":{"rendered":"<audio class=\"wp-audio-shortcode\" id=\"audio-70334-1\" preload=\"none\" style=\"width: 100%;\" controls=\"controls\"><source type=\"audio\/mpeg\" src=\"https:\/\/exaudi.org\/wp-content\/uploads\/2023\/02\/Articulo-15-febrero.mp3?_=1\" \/><a href=\"https:\/\/exaudi.org\/wp-content\/uploads\/2023\/02\/Articulo-15-febrero.mp3\">https:\/\/exaudi.org\/wp-content\/uploads\/2023\/02\/Articulo-15-febrero.mp3<\/a><\/audio>\n<p>El\u00a0<a href=\"https:\/\/exaudi.org\/es\/author\/felipearizmendi\/\" target=\"_blank\" rel=\"noopener\">cardenal Felipe Arizmendi<\/a>, obispo em\u00e9rito de San Crist\u00f3bal de Las Casas y responsable de la Doctrina de la Fe en la\u00a0<a href=\"https:\/\/www.cem.org.mx\/\" target=\"_blank\" rel=\"noopener\">Conferencia del Episcopado Mexicano (CEM)<\/a>, ofrece a los lectores de Exaudi su art\u00edculo semanal titulado \u201cLa homosexualidad no es delito\u201d.<\/p>\n<p>***<\/p>\n<p><strong>MIRAR<\/strong><\/p>\n<p>Desconcierto e incertidumbre han experimentado algunos creyentes sobre lo expresado por el Papa Francisco en torno a la homosexualidad. Unos le achacan que la aprueba y la apoya, pero no es as\u00ed.<\/p>\n<p>En la entrevista que concedi\u00f3 a la agencia de noticias <em>Associated Press (AP), <\/em>en enero pasado, cuando le dijeron que hay varios pa\u00edses que criminalizan la homosexualidad, incluso con pena de muerte, dijo: \u201c<em>Creo que es injusto<\/em><em>. <\/em><em>Somos todos hijos de Dios y Dios nos quiere como <\/em><em>so<\/em><em>mos y con la fuerza que luchamos cada uno por nuestra dignidad. El ser homosexual no es un delito. No es un delito. S\u00ed, pero es pecado. Bueno, primero distingamos pecado <\/em><em>de<\/em><em> delito. <\/em><em>E<\/em><em>so est\u00e1 mal. Est\u00e1 mal. Est\u00e1 muy mal. Creo que no hay que discriminar a nadie. Y ser homosexual no es un delito. Es una condici\u00f3n humana<\/em><em>\u201d<\/em><em>.<\/em><\/p>\n<p>Como el Papa dijo que la homosexualidad es pecado, un sacerdote jesuita, James Martin, que trabaja en la pastoral con estas personas, le escribi\u00f3 pidi\u00e9ndole que aclarara eso de que la homosexualidad es pecado. Esto le respondi\u00f3: <em>\u201cMuchas gracias por tu correo. No es la primera vez que hablo sobre la homosexualidad y sobre personas homosexuales. Y quise aclarar que no es delito, para subrayar que toda criminalizaci\u00f3n no es buena ni justa. Cuando dije que es pecado, simplemente me refer\u00ed a la ense\u00f1anza de la moral cat\u00f3lica que dice que todo acto sexual fuera del matrimonio es pecado. Por supuesto que hay que tomar en cuenta las circunstancias que disminuyen o anulan la culpa. Como ves, estaba repitiendo una cosa general. Tendr\u00eda que haber dicho: \u2018es pecado como lo es todo acto sexual fuera del matrimonio\u2019. Esto hablando de la \u2018materia\u2019 del pecado, pero sabemos bien que la moral cat\u00f3lica, adem\u00e1s de la materia, eval\u00faa la libertad, la intenci\u00f3n; y esto, para todo tipo de pecado. Y a quien quiera criminalizar la homosexualidad le dir\u00eda que est\u00e1 equivocado. En una entrevista televisada, donde se habla con naturalidad y en un lenguaje de conversaci\u00f3n, es comprensible que no se hagan precisiones\u201d. <\/em><\/p>\n<p>En su vuelo de regreso de Congo y Sud\u00e1n, el 5 de febrero pasado, un periodista franc\u00e9s le pregunt\u00f3 sobre lo mismo y esto respondi\u00f3: <em>\u201c<\/em><em>De este tema he hablado en dos viajes, el primero de regreso de Brasil: <\/em><em>\u2018S<\/em><em>i una persona con tendencias homosexuales es creyente, busca a Dios, \u00bfqui\u00e9n soy yo para juzgarla?<\/em><em>\u2019<\/em><em> Esto lo dije en ese viaje. En segundo lugar, volviendo de Irlanda, les dije claramente a los padres:\u00a0los hijos con esta orientaci\u00f3n tienen derecho a quedarse en casa, no se les puede echar de casa. <\/em><\/p>\n<p><em>La criminalizaci\u00f3n de la homosexualidad es una cuesti\u00f3n que no debe dejarse pasar. El c\u00e1lculo es que, m\u00e1s o menos, cincuenta pa\u00edses, de una manera u otra, llevan a cabo esta criminalizaci\u00f3n<\/em><em>, <\/em><em>e incluso algunos de estos -creo que son diez<\/em><em>&#8211; <\/em><em>\u00a0tienen la pena de muerte para los homosexuales<\/em><em>. E<\/em><em>sto no est\u00e1 bien<\/em><em>;<\/em><em>\u00a0las personas con tendencias homosexuales son hijos de Dios, Dios los ama, Dios los acompa\u00f1a. Es cierto que algunos se encuentran en este estado debido a diversas situaciones no deseadas, pero condenar a una persona as\u00ed es un pecado<\/em><em>;<\/em><em> criminalizar a las personas con tendencias homosexuales es una injusticia. No hablo de grupos, sino de personas. Algunos dicen: hacen grupos que hacen ruido,\u00a0yo hablo de personas, otra cosa son los\u00a0lobbies, yo hablo de personas. Y el Catecismo de la Iglesia Cat\u00f3lica dice: no deben ser marginados. Creo que la cosa en este punto es clara<\/em><em>\u201d<\/em><em>.<\/em><\/p>\n<p>En resumen, el Papa aclara lo que es tradicional en la Iglesia: que la tendencia homosexual en s\u00ed no es pecado ni delito; pero los actos homosexuales s\u00ed son pecado, cuando se dan las condiciones tradicionales de materia grave, conciencia y libertad.<\/p>\n<p><strong>DISCERNIR<\/strong><\/p>\n<p>La doctrina de la Iglesia, que el Papa Francisco no modifica, est\u00e1 claramente expresada en el Catecismo de la Iglesia Cat\u00f3lica, aprobado por el Papa Juan Pablo II y asesorado por quien fue luego Benedicto XVI: <em>\u201cLa homosexualidad designa las relaciones entre hombres o mujeres que experimentan una atracci\u00f3n sexual, exclusiva o predominante, hacia personas del mismo sexo. Reviste formas muy variadas a trav\u00e9s de los siglos y las culturas. Su origen ps\u00edquico permanece en gran medida inexplicado. Apoy\u00e1ndose en la Sagrada Escritura que los presenta como depravaciones graves (Cf. Gn 19, 1-29; Rm 1, 24-27; 1 Co 6, 10; 1 Tm 1, 10), la Tradici\u00f3n ha declarado siempre que los actos homosexuales son intr\u00ednsecamente desordenados. Son contrarios a la ley natural. Cierran el acto sexual al don de la vida. No proceden de una verdadera complementariedad afectiva y sexual. No pueden \u00a0\u00a0recibir \u00a0aprobaci\u00f3n \u00a0en \u00a0ning\u00fan \u00a0caso\u201d<\/em> (2357).<\/p>\n<p><em>\u201cUn <\/em><em>n\u00famero apreciable de hombres y mujeres presentan tendencias homosexuales instintivas. No eligen su condici\u00f3n homosexual; \u00e9sta constituye para la mayor\u00eda de ellos una aut\u00e9ntica prueba. Deben ser acogidos con respeto, compasi\u00f3n y delicadeza. Se evitar\u00e1, respecto a ellos, todo signo de discriminaci\u00f3n injusta. Estas personas est\u00e1n llamadas a realizar la voluntad de Dios en su vida, y, si son cristianas, a unir al sacrificio de la cruz del Se\u00f1or \u00a0las\u00a0\u00a0\u00a0 dificultades \u00a0que \u00a0pueden \u00a0encontrar \u00a0a \u00a0causa \u00a0de \u00a0su \u00a0condici\u00f3n\u201d <\/em>(2358).<\/p>\n<p><em>\u201cLas personas homosexuales est\u00e1n llamadas a la castidad. Mediante virtudes de dominio de s\u00ed mismo que eduquen la libertad interior, y a veces mediante el apoyo de una amistad desinteresada, de la oraci\u00f3n y la gracia sacramental, pueden y deben acercarse gradual y resueltamente a la perfecci\u00f3n cristiana\u201d<\/em> (2359).<\/p>\n<p><strong>ACTUAR<\/strong><\/p>\n<p>Evitemos palabras y actitudes discriminatorias hacia estas personas, pues son hijas e hijos de Dios y merecen respeto; sin embargo, eso no significa que las pr\u00e1cticas homosexuales sean acordes con el plan original de Dios. La propuesta de Dios est\u00e1 claramente definida en el sexto y noveno mandamientos. Sin embargo, por encima de cualquier otra ley, est\u00e1 el amor a Dios y al pr\u00f3jimo.<\/p>\n","protected":false},"excerpt":{"rendered":"<p>El\u00a0cardenal Felipe Arizmendi, obispo em\u00e9rito de San Crist\u00f3bal de Las Casas y responsable de la Doctrina de la Fe en la\u00a0Conferencia del Episcopado Mexicano (CEM), ofrece a los lectores de Exaudi su art\u00edculo semanal titulado \u201cLa homosexualidad no es delito\u201d. *** MIRAR Desconcierto e incertidumbre han experimentado algunos creyentes sobre lo expresado por el Papa [&hellip;]<\/p>\n","protected":false},"author":24,"featured_media":70338,"comment_status":"closed","ping_status":"closed","sticky":false,"template":"","format":"standard","meta":{"_acf_changed":false,"_crdt_document":"","inline_featured_image":false,"footnotes":""},"categories":[130],"tags":[8408,2307,158,8407,4953],"class_list":["post-70334","post","type-post","status-publish","format-standard","has-post-thumbnail","hentry","category-voces","tag-delito","tag-homosexualidad","tag-papa-francisco","tag-pecado","tag-trending-es"],"acf":[],"yoast_head":"<!-- This site is optimized with the Yoast SEO plugin v27.5 - https:\/\/yoast.com\/product\/yoast-seo-wordpress\/ -->\n<title>Cardenal Arizmendi: La homosexualidad no es delito &#8211; Exaudi<\/title>\n<meta name=\"robots\" content=\"index, follow, max-snippet:-1, max-image-preview:large, max-video-preview:-1\" \/>\n<link rel=\"canonical\" href=\"https:\/\/exaudi.org\/es\/cardenal-arizmendi-la-homosexualidad-no-es-delito\/\" \/>\n<meta property=\"og:locale\" content=\"es_ES\" \/>\n<meta property=\"og:type\" content=\"article\" \/>\n<meta property=\"og:title\" content=\"Cardenal Arizmendi: La homosexualidad no es delito &#8211; Exaudi\" \/>\n<meta property=\"og:description\" content=\"El\u00a0cardenal Felipe Arizmendi, obispo em\u00e9rito de San Crist\u00f3bal de Las Casas y responsable de la Doctrina de la Fe en la\u00a0Conferencia del Episcopado Mexicano (CEM), ofrece a los lectores de Exaudi su art\u00edculo semanal titulado \u201cLa homosexualidad no es delito\u201d. *** MIRAR Desconcierto e incertidumbre han experimentado algunos creyentes sobre lo expresado por el Papa [&hellip;]\" \/>\n<meta property=\"og:url\" content=\"https:\/\/exaudi.org\/es\/cardenal-arizmendi-la-homosexualidad-no-es-delito\/\" \/>\n<meta property=\"og:site_name\" content=\"Exaudi\" \/>\n<meta property=\"article:publisher\" content=\"https:\/\/www.facebook.com\/ExaudiNews\" \/>\n<meta property=\"article:published_time\" content=\"2023-02-15T10:24:33+00:00\" \/>\n<meta property=\"article:modified_time\" content=\"2023-02-15T10:25:14+00:00\" \/>\n<meta property=\"og:image\" content=\"https:\/\/exaudi.org\/wp-content\/uploads\/2023\/02\/pexels-magda-ehlers-1337382-scaled.jpg\" \/>\n\t<meta property=\"og:image:width\" content=\"2560\" \/>\n\t<meta property=\"og:image:height\" content=\"1830\" \/>\n\t<meta property=\"og:image:type\" content=\"image\/jpeg\" \/>\n<meta name=\"author\" content=\"Cardenal Felipe Arizmendi\" \/>\n<meta name=\"twitter:card\" content=\"summary_large_image\" \/>\n<meta name=\"twitter:creator\" content=\"@Exaudi_News\" \/>\n<meta name=\"twitter:site\" content=\"@Exaudi_News\" \/>\n<meta name=\"twitter:label1\" content=\"Escrito por\" \/>\n\t<meta name=\"twitter:data1\" content=\"Cardenal Felipe Arizmendi\" \/>\n\t<meta name=\"twitter:label2\" content=\"Tiempo de lectura\" \/>\n\t<meta name=\"twitter:data2\" content=\"5 minutos\" \/>\n<script type=\"application\/ld+json\" class=\"yoast-schema-graph\">{\"@context\":\"https:\\\/\\\/schema.org\",\"@graph\":[{\"@type\":\"Article\",\"@id\":\"https:\\\/\\\/exaudi.org\\\/es\\\/cardenal-arizmendi-la-homosexualidad-no-es-delito\\\/#article\",\"isPartOf\":{\"@id\":\"https:\\\/\\\/exaudi.org\\\/es\\\/cardenal-arizmendi-la-homosexualidad-no-es-delito\\\/\"},\"author\":{\"name\":\"Cardenal Felipe Arizmendi\",\"@id\":\"https:\\\/\\\/exaudi.org\\\/#\\\/schema\\\/person\\\/c7d223f87e58f1105d044d8da1439102\"},\"headline\":\"Cardenal Arizmendi: La homosexualidad no es delito\",\"datePublished\":\"2023-02-15T10:24:33+00:00\",\"dateModified\":\"2023-02-15T10:25:14+00:00\",\"mainEntityOfPage\":{\"@id\":\"https:\\\/\\\/exaudi.org\\\/es\\\/cardenal-arizmendi-la-homosexualidad-no-es-delito\\\/\"},\"wordCount\":1072,\"image\":{\"@id\":\"https:\\\/\\\/exaudi.org\\\/es\\\/cardenal-arizmendi-la-homosexualidad-no-es-delito\\\/#primaryimage\"},\"thumbnailUrl\":\"https:\\\/\\\/exaudi.org\\\/wp-content\\\/uploads\\\/2023\\\/02\\\/pexels-magda-ehlers-1337382-scaled.jpg\",\"keywords\":[\"delito\",\"Homosexualidad\",\"papa francisco\",\"Pecado\",\"Trending\"],\"articleSection\":[\"Voces\"],\"inLanguage\":\"es\"},{\"@type\":\"WebPage\",\"@id\":\"https:\\\/\\\/exaudi.org\\\/es\\\/cardenal-arizmendi-la-homosexualidad-no-es-delito\\\/\",\"url\":\"https:\\\/\\\/exaudi.org\\\/es\\\/cardenal-arizmendi-la-homosexualidad-no-es-delito\\\/\",\"name\":\"Cardenal Arizmendi: La homosexualidad no es delito &#8211; Exaudi\",\"isPartOf\":{\"@id\":\"https:\\\/\\\/exaudi.org\\\/#website\"},\"primaryImageOfPage\":{\"@id\":\"https:\\\/\\\/exaudi.org\\\/es\\\/cardenal-arizmendi-la-homosexualidad-no-es-delito\\\/#primaryimage\"},\"image\":{\"@id\":\"https:\\\/\\\/exaudi.org\\\/es\\\/cardenal-arizmendi-la-homosexualidad-no-es-delito\\\/#primaryimage\"},\"thumbnailUrl\":\"https:\\\/\\\/exaudi.org\\\/wp-content\\\/uploads\\\/2023\\\/02\\\/pexels-magda-ehlers-1337382-scaled.jpg\",\"datePublished\":\"2023-02-15T10:24:33+00:00\",\"dateModified\":\"2023-02-15T10:25:14+00:00\",\"author\":{\"@id\":\"https:\\\/\\\/exaudi.org\\\/#\\\/schema\\\/person\\\/c7d223f87e58f1105d044d8da1439102\"},\"breadcrumb\":{\"@id\":\"https:\\\/\\\/exaudi.org\\\/es\\\/cardenal-arizmendi-la-homosexualidad-no-es-delito\\\/#breadcrumb\"},\"inLanguage\":\"es\",\"potentialAction\":[{\"@type\":\"ReadAction\",\"target\":[\"https:\\\/\\\/exaudi.org\\\/es\\\/cardenal-arizmendi-la-homosexualidad-no-es-delito\\\/\"]}]},{\"@type\":\"ImageObject\",\"inLanguage\":\"es\",\"@id\":\"https:\\\/\\\/exaudi.org\\\/es\\\/cardenal-arizmendi-la-homosexualidad-no-es-delito\\\/#primaryimage\",\"url\":\"https:\\\/\\\/exaudi.org\\\/wp-content\\\/uploads\\\/2023\\\/02\\\/pexels-magda-ehlers-1337382-scaled.jpg\",\"contentUrl\":\"https:\\\/\\\/exaudi.org\\\/wp-content\\\/uploads\\\/2023\\\/02\\\/pexels-magda-ehlers-1337382-scaled.jpg\",\"width\":2560,\"height\":1830},{\"@type\":\"BreadcrumbList\",\"@id\":\"https:\\\/\\\/exaudi.org\\\/es\\\/cardenal-arizmendi-la-homosexualidad-no-es-delito\\\/#breadcrumb\",\"itemListElement\":[{\"@type\":\"ListItem\",\"position\":1,\"name\":\"Portada\",\"item\":\"https:\\\/\\\/exaudi.org\\\/es\\\/\"},{\"@type\":\"ListItem\",\"position\":2,\"name\":\"Cardenal Arizmendi: La homosexualidad no es delito\"}]},{\"@type\":\"WebSite\",\"@id\":\"https:\\\/\\\/exaudi.org\\\/#website\",\"url\":\"https:\\\/\\\/exaudi.org\\\/\",\"name\":\"Exaudi\",\"description\":\"News\",\"potentialAction\":[{\"@type\":\"SearchAction\",\"target\":{\"@type\":\"EntryPoint\",\"urlTemplate\":\"https:\\\/\\\/exaudi.org\\\/?s={search_term_string}\"},\"query-input\":{\"@type\":\"PropertyValueSpecification\",\"valueRequired\":true,\"valueName\":\"search_term_string\"}}],\"inLanguage\":\"es\"},{\"@type\":\"Person\",\"@id\":\"https:\\\/\\\/exaudi.org\\\/#\\\/schema\\\/person\\\/c7d223f87e58f1105d044d8da1439102\",\"name\":\"Cardenal Felipe Arizmendi\",\"image\":{\"@type\":\"ImageObject\",\"inLanguage\":\"es\",\"@id\":\"https:\\\/\\\/secure.gravatar.com\\\/avatar\\\/4ffc5520d896b86d39346168903de33a17ef0f23d16de0ff45062c1ff422ed2f?s=96&d=mm&r=g\",\"url\":\"https:\\\/\\\/secure.gravatar.com\\\/avatar\\\/4ffc5520d896b86d39346168903de33a17ef0f23d16de0ff45062c1ff422ed2f?s=96&d=mm&r=g\",\"contentUrl\":\"https:\\\/\\\/secure.gravatar.com\\\/avatar\\\/4ffc5520d896b86d39346168903de33a17ef0f23d16de0ff45062c1ff422ed2f?s=96&d=mm&r=g\",\"caption\":\"Cardenal Felipe Arizmendi\"},\"description\":\"Nacido en Chiltepec el 1 de mayo de 1940. Estudi\u00f3 Humanidades y Filosof\u00eda en el Seminario de Toluca, de 1952 a 1959. Curs\u00f3 la Teolog\u00eda en la Universidad Pontificia de Salamanca, Espa\u00f1a, de 1959 a 1963, obteniendo la licenciatura en Teolog\u00eda Dogm\u00e1tica. Por su cuenta, se especializ\u00f3 en Liturgia. Fue ordenado sacerdote el 25 de agosto de 1963 en Toluca. Sirvi\u00f3 como Vicario Parroquial en tres parroquias por tres a\u00f1os y medio y fue p\u00e1rroco de una comunidad ind\u00edgena otom\u00ed, de 1967 a 1970. Fue Director Espiritual del Seminario de Toluca por diez a\u00f1os, y Rector del mismo de 1981 a 1991. El 7 de marzo de 1991, fue ordenado obispo de la di\u00f3cesis de Tapachula, donde estuvo hasta el 30 de abril del a\u00f1o 2000. El 1 de mayo del 2000, inici\u00f3 su ministerio episcopal como XLVI obispo de la di\u00f3cesis de San Crist\u00f3bal de las Casas, Chiapas, una de las di\u00f3cesis m\u00e1s antiguas de M\u00e9xico, erigida en 1539; all\u00ed sirvi\u00f3 por casi 18 a\u00f1os. Ha ocupado diversos cargos en la Conferencia del Episcopado Mexicano y en el CELAM. El 3 de noviembre de 2017, el Papa Francisco le acept\u00f3, por edad, su renuncia al servicio episcopal en esta di\u00f3cesis, que entreg\u00f3 a su sucesor el 3 de enero de 2018. Desde entonces, reside en la ciudad de Toluca. Desde 1979, escribe art\u00edculos de actualidad en varios medios religiosos y civiles. Es autor de varias publicaciones.\",\"url\":\"https:\\\/\\\/exaudi.org\\\/es\\\/author\\\/felipearizmendi\\\/\"}]}<\/script>\n<!-- \/ Yoast SEO plugin. -->","yoast_head_json":{"title":"Cardenal Arizmendi: La homosexualidad no es delito &#8211; Exaudi","robots":{"index":"index","follow":"follow","max-snippet":"max-snippet:-1","max-image-preview":"max-image-preview:large","max-video-preview":"max-video-preview:-1"},"canonical":"https:\/\/exaudi.org\/es\/cardenal-arizmendi-la-homosexualidad-no-es-delito\/","og_locale":"es_ES","og_type":"article","og_title":"Cardenal Arizmendi: La homosexualidad no es delito &#8211; Exaudi","og_description":"El\u00a0cardenal Felipe Arizmendi, obispo em\u00e9rito de San Crist\u00f3bal de Las Casas y responsable de la Doctrina de la Fe en la\u00a0Conferencia del Episcopado Mexicano (CEM), ofrece a los lectores de Exaudi su art\u00edculo semanal titulado \u201cLa homosexualidad no es delito\u201d. *** MIRAR Desconcierto e incertidumbre han experimentado algunos creyentes sobre lo expresado por el Papa [&hellip;]","og_url":"https:\/\/exaudi.org\/es\/cardenal-arizmendi-la-homosexualidad-no-es-delito\/","og_site_name":"Exaudi","article_publisher":"https:\/\/www.facebook.com\/ExaudiNews","article_published_time":"2023-02-15T10:24:33+00:00","article_modified_time":"2023-02-15T10:25:14+00:00","og_image":[{"width":2560,"height":1830,"url":"https:\/\/exaudi.org\/wp-content\/uploads\/2023\/02\/pexels-magda-ehlers-1337382-scaled.jpg","type":"image\/jpeg"}],"author":"Cardenal Felipe Arizmendi","twitter_card":"summary_large_image","twitter_creator":"@Exaudi_News","twitter_site":"@Exaudi_News","twitter_misc":{"Escrito por":"Cardenal Felipe Arizmendi","Tiempo de lectura":"5 minutos"},"schema":{"@context":"https:\/\/schema.org","@graph":[{"@type":"Article","@id":"https:\/\/exaudi.org\/es\/cardenal-arizmendi-la-homosexualidad-no-es-delito\/#article","isPartOf":{"@id":"https:\/\/exaudi.org\/es\/cardenal-arizmendi-la-homosexualidad-no-es-delito\/"},"author":{"name":"Cardenal Felipe Arizmendi","@id":"https:\/\/exaudi.org\/#\/schema\/person\/c7d223f87e58f1105d044d8da1439102"},"headline":"Cardenal Arizmendi: La homosexualidad no es delito","datePublished":"2023-02-15T10:24:33+00:00","dateModified":"2023-02-15T10:25:14+00:00","mainEntityOfPage":{"@id":"https:\/\/exaudi.org\/es\/cardenal-arizmendi-la-homosexualidad-no-es-delito\/"},"wordCount":1072,"image":{"@id":"https:\/\/exaudi.org\/es\/cardenal-arizmendi-la-homosexualidad-no-es-delito\/#primaryimage"},"thumbnailUrl":"https:\/\/exaudi.org\/wp-content\/uploads\/2023\/02\/pexels-magda-ehlers-1337382-scaled.jpg","keywords":["delito","Homosexualidad","papa francisco","Pecado","Trending"],"articleSection":["Voces"],"inLanguage":"es"},{"@type":"WebPage","@id":"https:\/\/exaudi.org\/es\/cardenal-arizmendi-la-homosexualidad-no-es-delito\/","url":"https:\/\/exaudi.org\/es\/cardenal-arizmendi-la-homosexualidad-no-es-delito\/","name":"Cardenal Arizmendi: La homosexualidad no es delito &#8211; Exaudi","isPartOf":{"@id":"https:\/\/exaudi.org\/#website"},"primaryImageOfPage":{"@id":"https:\/\/exaudi.org\/es\/cardenal-arizmendi-la-homosexualidad-no-es-delito\/#primaryimage"},"image":{"@id":"https:\/\/exaudi.org\/es\/cardenal-arizmendi-la-homosexualidad-no-es-delito\/#primaryimage"},"thumbnailUrl":"https:\/\/exaudi.org\/wp-content\/uploads\/2023\/02\/pexels-magda-ehlers-1337382-scaled.jpg","datePublished":"2023-02-15T10:24:33+00:00","dateModified":"2023-02-15T10:25:14+00:00","author":{"@id":"https:\/\/exaudi.org\/#\/schema\/person\/c7d223f87e58f1105d044d8da1439102"},"breadcrumb":{"@id":"https:\/\/exaudi.org\/es\/cardenal-arizmendi-la-homosexualidad-no-es-delito\/#breadcrumb"},"inLanguage":"es","potentialAction":[{"@type":"ReadAction","target":["https:\/\/exaudi.org\/es\/cardenal-arizmendi-la-homosexualidad-no-es-delito\/"]}]},{"@type":"ImageObject","inLanguage":"es","@id":"https:\/\/exaudi.org\/es\/cardenal-arizmendi-la-homosexualidad-no-es-delito\/#primaryimage","url":"https:\/\/exaudi.org\/wp-content\/uploads\/2023\/02\/pexels-magda-ehlers-1337382-scaled.jpg","contentUrl":"https:\/\/exaudi.org\/wp-content\/uploads\/2023\/02\/pexels-magda-ehlers-1337382-scaled.jpg","width":2560,"height":1830},{"@type":"BreadcrumbList","@id":"https:\/\/exaudi.org\/es\/cardenal-arizmendi-la-homosexualidad-no-es-delito\/#breadcrumb","itemListElement":[{"@type":"ListItem","position":1,"name":"Portada","item":"https:\/\/exaudi.org\/es\/"},{"@type":"ListItem","position":2,"name":"Cardenal Arizmendi: La homosexualidad no es delito"}]},{"@type":"WebSite","@id":"https:\/\/exaudi.org\/#website","url":"https:\/\/exaudi.org\/","name":"Exaudi","description":"News","potentialAction":[{"@type":"SearchAction","target":{"@type":"EntryPoint","urlTemplate":"https:\/\/exaudi.org\/?s={search_term_string}"},"query-input":{"@type":"PropertyValueSpecification","valueRequired":true,"valueName":"search_term_string"}}],"inLanguage":"es"},{"@type":"Person","@id":"https:\/\/exaudi.org\/#\/schema\/person\/c7d223f87e58f1105d044d8da1439102","name":"Cardenal Felipe Arizmendi","image":{"@type":"ImageObject","inLanguage":"es","@id":"https:\/\/secure.gravatar.com\/avatar\/4ffc5520d896b86d39346168903de33a17ef0f23d16de0ff45062c1ff422ed2f?s=96&d=mm&r=g","url":"https:\/\/secure.gravatar.com\/avatar\/4ffc5520d896b86d39346168903de33a17ef0f23d16de0ff45062c1ff422ed2f?s=96&d=mm&r=g","contentUrl":"https:\/\/secure.gravatar.com\/avatar\/4ffc5520d896b86d39346168903de33a17ef0f23d16de0ff45062c1ff422ed2f?s=96&d=mm&r=g","caption":"Cardenal Felipe Arizmendi"},"description":"Nacido en Chiltepec el 1 de mayo de 1940. Estudi\u00f3 Humanidades y Filosof\u00eda en el Seminario de Toluca, de 1952 a 1959. Curs\u00f3 la Teolog\u00eda en la Universidad Pontificia de Salamanca, Espa\u00f1a, de 1959 a 1963, obteniendo la licenciatura en Teolog\u00eda Dogm\u00e1tica. Por su cuenta, se especializ\u00f3 en Liturgia. Fue ordenado sacerdote el 25 de agosto de 1963 en Toluca. Sirvi\u00f3 como Vicario Parroquial en tres parroquias por tres a\u00f1os y medio y fue p\u00e1rroco de una comunidad ind\u00edgena otom\u00ed, de 1967 a 1970. Fue Director Espiritual del Seminario de Toluca por diez a\u00f1os, y Rector del mismo de 1981 a 1991. El 7 de marzo de 1991, fue ordenado obispo de la di\u00f3cesis de Tapachula, donde estuvo hasta el 30 de abril del a\u00f1o 2000. El 1 de mayo del 2000, inici\u00f3 su ministerio episcopal como XLVI obispo de la di\u00f3cesis de San Crist\u00f3bal de las Casas, Chiapas, una de las di\u00f3cesis m\u00e1s antiguas de M\u00e9xico, erigida en 1539; all\u00ed sirvi\u00f3 por casi 18 a\u00f1os. Ha ocupado diversos cargos en la Conferencia del Episcopado Mexicano y en el CELAM. El 3 de noviembre de 2017, el Papa Francisco le acept\u00f3, por edad, su renuncia al servicio episcopal en esta di\u00f3cesis, que entreg\u00f3 a su sucesor el 3 de enero de 2018. Desde entonces, reside en la ciudad de Toluca. Desde 1979, escribe art\u00edculos de actualidad en varios medios religiosos y civiles. Es autor de varias publicaciones.","url":"https:\/\/exaudi.org\/es\/author\/felipearizmendi\/"}]}},"jetpack_featured_media_url":"https:\/\/exaudi.org\/wp-content\/uploads\/2023\/02\/pexels-magda-ehlers-1337382-scaled.jpg","jetpack_shortlink":"https:\/\/wp.me\/pgKjF2-iiq","_links":{"self":[{"href":"https:\/\/exaudi.org\/es\/wp-json\/wp\/v2\/posts\/70334","targetHints":{"allow":["GET"]}}],"collection":[{"href":"https:\/\/exaudi.org\/es\/wp-json\/wp\/v2\/posts"}],"about":[{"href":"https:\/\/exaudi.org\/es\/wp-json\/wp\/v2\/types\/post"}],"author":[{"embeddable":true,"href":"https:\/\/exaudi.org\/es\/wp-json\/wp\/v2\/users\/24"}],"replies":[{"embeddable":true,"href":"https:\/\/exaudi.org\/es\/wp-json\/wp\/v2\/comments?post=70334"}],"version-history":[{"count":0,"href":"https:\/\/exaudi.org\/es\/wp-json\/wp\/v2\/posts\/70334\/revisions"}],"wp:featuredmedia":[{"embeddable":true,"href":"https:\/\/exaudi.org\/es\/wp-json\/wp\/v2\/media\/70338"}],"wp:attachment":[{"href":"https:\/\/exaudi.org\/es\/wp-json\/wp\/v2\/media?parent=70334"}],"wp:term":[{"taxonomy":"category","embeddable":true,"href":"https:\/\/exaudi.org\/es\/wp-json\/wp\/v2\/categories?post=70334"},{"taxonomy":"post_tag","embeddable":true,"href":"https:\/\/exaudi.org\/es\/wp-json\/wp\/v2\/tags?post=70334"}],"curies":[{"name":"wp","href":"https:\/\/api.w.org\/{rel}","templated":true}]}}