{"id":70324,"date":"2023-02-14T21:19:24","date_gmt":"2023-02-14T20:19:24","guid":{"rendered":"https:\/\/exaudi.org\/?p=70324"},"modified":"2023-02-15T11:04:46","modified_gmt":"2023-02-15T10:04:46","slug":"el-papa-maria-es-siempre-para-su-pueblo-vinculo-de-comunion","status":"publish","type":"post","link":"https:\/\/exaudi.org\/es\/el-papa-maria-es-siempre-para-su-pueblo-vinculo-de-comunion\/","title":{"rendered":"El Papa: \u201cMar\u00eda es siempre para su pueblo vinculo de comuni\u00f3n\u201d"},"content":{"rendered":"<audio class=\"wp-audio-shortcode\" id=\"audio-70324-1\" preload=\"none\" style=\"width: 100%;\" controls=\"controls\"><source type=\"audio\/mpeg\" src=\"https:\/\/exaudi.org\/wp-content\/uploads\/2023\/02\/El-Papa-Maria-es-siempre-para-su-pueblo-vinculo.mp3?_=1\" \/><a href=\"https:\/\/exaudi.org\/wp-content\/uploads\/2023\/02\/El-Papa-Maria-es-siempre-para-su-pueblo-vinculo.mp3\">https:\/\/exaudi.org\/wp-content\/uploads\/2023\/02\/El-Papa-Maria-es-siempre-para-su-pueblo-vinculo.mp3<\/a><\/audio>\n<p>Despu\u00e9s del mediod\u00eda de este lunes, 13 de febrero, al concluir la Santa Misa celebrada en la Bas\u00edlica del Real Monasterio de Santa Mar\u00eda de Guadalupe, los Arzobispos de Toledo y M\u00e9xico han firmado el hermanamiento de los Santuarios dedicados a la Virgen de Guadalupe. El Papa en su mensaje para esta ocasi\u00f3n le has recordado que, \u201cMar\u00eda es siempre para su pueblo vinculo de comuni\u00f3n\u201d.<\/p>\n<p>Publicamos a continuaci\u00f3n el Mensaje que el Santo Padre Francisco envi\u00f3 para el hermanamiento de los Santuarios de Guadalupe:<\/p>\n<p>***<\/p>\n<h3><strong>Mensaje del Papa<\/strong><\/h3>\n<p><i>A Su Excelencia Reverend\u00edsima<br \/>\nMons. Francisco Cerro Chaves<br \/>\nArzobispo de Toledo<\/i><\/p>\n<p>Querido hermano:<\/p>\n<p>Con gran gozo deseo hacerte llegar mi saludo con motivo del hermanamiento de los dos santuarios dedicados a la Bienaventurada Virgen Mar\u00eda, bajo el t\u00edtulo de Nuestra Se\u00f1ora de Guadalupe. Te ruego lo hagas extensivo, en primer lugar, a Su Eminencia el cardenal Carlos Aguiar Retes, Arzobispo de M\u00e9xico, y, junto a \u00e9l, a todos los Obispos, sacerdotes, consagrados y fieles que han querido ponerse en este d\u00eda a los pies de la Sant\u00edsima Virgen, como un \u00fanico Pueblo santo de Dios.<\/p>\n<p>Mar\u00eda, nuestra Madre, es siempre para su Pueblo v\u00ednculo de comuni\u00f3n. Tanto la Escritura como la tradici\u00f3n apost\u00f3lica nos la muestran convocando a los ap\u00f3stoles y a la comunidad en torno a Ella, en un clima de oraci\u00f3n. As\u00ed lo expresa san Lucas en los Hechos de los Ap\u00f3stoles: \u00abTodos ellos, \u00edntimamente unidos, se dedicaban a la oraci\u00f3n, en compa\u00f1\u00eda de algunas mujeres, de Mar\u00eda, la madre de Jes\u00fas, y de sus hermanos\u00bb (1,14). Esa experiencia fundante de la primera comunidad cristiana trasciende las \u00e9pocas y los lugares, y la Madre de Jes\u00fas, de forma sencilla, nos sigue llamando. Esto se ha expresado en muchos lugares del mundo con la invitaci\u00f3n a construir un templo que fuese una casa con las puertas siempre abiertas para todos, una casa de oraci\u00f3n y de comuni\u00f3n.<\/p>\n<p>Hoy los convoca el dulce Nombre de Mar\u00eda, m\u00e1s precisamente una advocaci\u00f3n milenaria que ya en su ra\u00edz etimol\u00f3gica nos habla de mestizaje, de encuentro con Dios y con los hombres. Mestizaje porque los estudiosos no se logran poner de acuerdo si debemos leer el t\u00edtulo \u201cGuadalupe\u201d en \u00e1rabe, en lat\u00edn o en n\u00e1huatl. Pero es curioso que lo que podr\u00eda plantearse como un conflicto pueda en realidad leerse como un gui\u00f1o del Esp\u00edritu Santo que hace escuchar su mensaje de amor a cada uno en su lengua. As\u00ed, en \u00e1rabe la palabra podr\u00eda sonar \u201cr\u00edo oculto\u201d, como lo estaba esa fuente de agua viva que Jes\u00fas promete a la Samaritana, esa fuerza de la gracia que, incluso en tiempos de rechazo e incomprensi\u00f3n, mantiene viva a la Iglesia (cf.\u00a0<i>Jn\u00a0<\/i>4,10). Como pastores, esta alusi\u00f3n debe ser para nosotros un acicate, buscar siempre en el otro ese r\u00edo oculto de gracia, ese Amor de Dios que lo hace un tesoro inestimable. Todo cambiar\u00eda si, como la Virgen, pudi\u00e9semos ver en el otro ese secreto oculto, cu\u00e1ntos fracasos y conflictos evitar\u00edamos.<\/p>\n<p>Sin embargo, mezcl\u00e1ndose con el lat\u00edn, la palabra nos hablar\u00eda de un \u201cr\u00edo de lobos\u201d y, en ese sentido, de un remanso de paz para aquellos que est\u00e1n atribulados por sus propios pecados, por la violencia, por tantas guerras internas y externas que hacen del hombre un lobo para el hombre. Es el mismo r\u00edo oculto de la gracia que en el di\u00e1logo con Jes\u00fas nos muestra nuestra realidad (v. 29), abri\u00e9ndonos a la esperanza. Como a san Francisco, en su famoso encuentro con el lobo, otra vez la Virgen Mar\u00eda nos interpela para ser fermento de comuni\u00f3n y reconciliaci\u00f3n entre Dios y los hombres, alentando a tantos fieles que se acercan al santuario con este fin.<\/p>\n<p>Finalmente, combin\u00e1ndose con la ra\u00edz mexicana, nuestra Se\u00f1ora de Guadalupe se proclama como la que vence a la serpiente, con una tocante evocaci\u00f3n al protoevangelio del G\u00e9nesis. La Inmaculada es as\u00ed la verdadera madre de todos los que viven; de los que han sido convocados hoy en este santuario, junto a sus pastores, para proclamar su fe en el Hijo de Dios, en Aqu\u00e9l que, haciendo nuevas todas las cosas, ha reconciliado consigo el mundo. Los animo a hacer brotar en los corazones de los hombres y mujeres de nuestro tiempo ese r\u00edo de agua viva que salta hasta el cielo, para dar a Dios un culto en Esp\u00edritu y Verdad (cf. vv. 14, 23).<\/p>\n<p>Queridos hermanos y hermanas: En cada momento hist\u00f3rico, en cada cultura, el Evangelio, permaneciendo siempre el mismo, se enriquece de significado. Lejos de descartar, incluye a cada persona que lo acoge. Pidamos a Dios que, en cada tiempo y lugar donde Mar\u00eda nuestra Madre nos convoque, demos testimonio de esa \u00edntima uni\u00f3n de la que s\u00f3lo el Esp\u00edritu puede ser art\u00edfice.<\/p>\n<p>Que Jes\u00fas los bendiga y la Virgen Santa los cuide. Y, por favor, les pido que recen por m\u00ed.<\/p>\n<p>Fraternalmente,<\/p>\n<p><i>Roma, San Juan de Letr\u00e1n, 11 de febrero de 2023<\/i><\/p>\n<p>FRANCISCO<\/p>\n","protected":false},"excerpt":{"rendered":"<p>Mensaje del Papa con motivo del hermanamiento de los santuarios de la Virgen de Guadalupe<\/p>\n","protected":false},"author":15,"featured_media":70325,"comment_status":"closed","ping_status":"closed","sticky":false,"template":"","format":"standard","meta":{"_acf_changed":false,"_crdt_document":"","inline_featured_image":false,"footnotes":""},"categories":[68,118],"tags":[8406,7880,8405,4953],"class_list":["post-70324","post","type-post","status-publish","format-standard","has-post-thumbnail","hentry","category-leon-xiv","category-mensajes","tag-espana-y-mexico","tag-guadalupe-2","tag-hermanamiento","tag-trending-es"],"acf":[],"yoast_head":"<!-- This site is optimized with the Yoast SEO plugin v27.5 - https:\/\/yoast.com\/product\/yoast-seo-wordpress\/ -->\n<title>El Papa: \u201cMar\u00eda es siempre para su pueblo vinculo de comuni\u00f3n\u201d &#8211; Exaudi<\/title>\n<meta name=\"robots\" content=\"index, follow, max-snippet:-1, max-image-preview:large, max-video-preview:-1\" \/>\n<link rel=\"canonical\" href=\"https:\/\/exaudi.org\/es\/el-papa-maria-es-siempre-para-su-pueblo-vinculo-de-comunion\/\" \/>\n<meta property=\"og:locale\" content=\"es_ES\" \/>\n<meta property=\"og:type\" content=\"article\" \/>\n<meta property=\"og:title\" content=\"El Papa: \u201cMar\u00eda es siempre para su pueblo vinculo de comuni\u00f3n\u201d &#8211; Exaudi\" \/>\n<meta property=\"og:description\" content=\"Mensaje del Papa con motivo del hermanamiento de los santuarios de la Virgen de Guadalupe\" \/>\n<meta property=\"og:url\" content=\"https:\/\/exaudi.org\/es\/el-papa-maria-es-siempre-para-su-pueblo-vinculo-de-comunion\/\" \/>\n<meta property=\"og:site_name\" content=\"Exaudi\" \/>\n<meta property=\"article:publisher\" content=\"https:\/\/www.facebook.com\/ExaudiNews\" \/>\n<meta property=\"article:author\" content=\"https:\/\/www.facebook.com\/ExaudiNoticias\/\" \/>\n<meta property=\"article:published_time\" content=\"2023-02-14T20:19:24+00:00\" \/>\n<meta property=\"article:modified_time\" content=\"2023-02-15T10:04:46+00:00\" \/>\n<meta property=\"og:image\" content=\"https:\/\/exaudi.org\/wp-content\/uploads\/2023\/02\/Hermanamiento-de-los-Santuarios-de-Mexico-y-Espana.jpeg\" \/>\n\t<meta property=\"og:image:width\" content=\"1000\" \/>\n\t<meta property=\"og:image:height\" content=\"563\" \/>\n\t<meta property=\"og:image:type\" content=\"image\/jpeg\" \/>\n<meta name=\"author\" content=\"Exaudi Redacci\u00f3n\" \/>\n<meta name=\"twitter:card\" content=\"summary_large_image\" \/>\n<meta name=\"twitter:creator\" content=\"@Exaudi_noticias\" \/>\n<meta name=\"twitter:site\" content=\"@Exaudi_News\" \/>\n<meta name=\"twitter:label1\" content=\"Escrito por\" \/>\n\t<meta name=\"twitter:data1\" content=\"Exaudi Redacci\u00f3n\" \/>\n\t<meta name=\"twitter:label2\" content=\"Tiempo de lectura\" \/>\n\t<meta name=\"twitter:data2\" content=\"5 minutos\" \/>\n<script type=\"application\/ld+json\" class=\"yoast-schema-graph\">{\"@context\":\"https:\\\/\\\/schema.org\",\"@graph\":[{\"@type\":\"Article\",\"@id\":\"https:\\\/\\\/exaudi.org\\\/es\\\/el-papa-maria-es-siempre-para-su-pueblo-vinculo-de-comunion\\\/#article\",\"isPartOf\":{\"@id\":\"https:\\\/\\\/exaudi.org\\\/es\\\/el-papa-maria-es-siempre-para-su-pueblo-vinculo-de-comunion\\\/\"},\"author\":{\"name\":\"Exaudi Redacci\u00f3n\",\"@id\":\"https:\\\/\\\/exaudi.org\\\/#\\\/schema\\\/person\\\/f5fc8f063065e38742da7afe15f25df7\"},\"headline\":\"El Papa: \u201cMar\u00eda es siempre para su pueblo vinculo de comuni\u00f3n\u201d\",\"datePublished\":\"2023-02-14T20:19:24+00:00\",\"dateModified\":\"2023-02-15T10:04:46+00:00\",\"mainEntityOfPage\":{\"@id\":\"https:\\\/\\\/exaudi.org\\\/es\\\/el-papa-maria-es-siempre-para-su-pueblo-vinculo-de-comunion\\\/\"},\"wordCount\":917,\"image\":{\"@id\":\"https:\\\/\\\/exaudi.org\\\/es\\\/el-papa-maria-es-siempre-para-su-pueblo-vinculo-de-comunion\\\/#primaryimage\"},\"thumbnailUrl\":\"https:\\\/\\\/exaudi.org\\\/wp-content\\\/uploads\\\/2023\\\/02\\\/Hermanamiento-de-los-Santuarios-de-Mexico-y-Espana.jpeg\",\"keywords\":[\"Espa\u00f1a y M\u00e9xico\",\"Guadalupe\",\"hermanamiento\",\"Trending\"],\"articleSection\":[\"Le\u00f3n XIV\",\"Mensajes\"],\"inLanguage\":\"es\"},{\"@type\":\"WebPage\",\"@id\":\"https:\\\/\\\/exaudi.org\\\/es\\\/el-papa-maria-es-siempre-para-su-pueblo-vinculo-de-comunion\\\/\",\"url\":\"https:\\\/\\\/exaudi.org\\\/es\\\/el-papa-maria-es-siempre-para-su-pueblo-vinculo-de-comunion\\\/\",\"name\":\"El Papa: \u201cMar\u00eda es siempre para su pueblo vinculo de comuni\u00f3n\u201d &#8211; Exaudi\",\"isPartOf\":{\"@id\":\"https:\\\/\\\/exaudi.org\\\/#website\"},\"primaryImageOfPage\":{\"@id\":\"https:\\\/\\\/exaudi.org\\\/es\\\/el-papa-maria-es-siempre-para-su-pueblo-vinculo-de-comunion\\\/#primaryimage\"},\"image\":{\"@id\":\"https:\\\/\\\/exaudi.org\\\/es\\\/el-papa-maria-es-siempre-para-su-pueblo-vinculo-de-comunion\\\/#primaryimage\"},\"thumbnailUrl\":\"https:\\\/\\\/exaudi.org\\\/wp-content\\\/uploads\\\/2023\\\/02\\\/Hermanamiento-de-los-Santuarios-de-Mexico-y-Espana.jpeg\",\"datePublished\":\"2023-02-14T20:19:24+00:00\",\"dateModified\":\"2023-02-15T10:04:46+00:00\",\"author\":{\"@id\":\"https:\\\/\\\/exaudi.org\\\/#\\\/schema\\\/person\\\/f5fc8f063065e38742da7afe15f25df7\"},\"breadcrumb\":{\"@id\":\"https:\\\/\\\/exaudi.org\\\/es\\\/el-papa-maria-es-siempre-para-su-pueblo-vinculo-de-comunion\\\/#breadcrumb\"},\"inLanguage\":\"es\",\"potentialAction\":[{\"@type\":\"ReadAction\",\"target\":[\"https:\\\/\\\/exaudi.org\\\/es\\\/el-papa-maria-es-siempre-para-su-pueblo-vinculo-de-comunion\\\/\"]}]},{\"@type\":\"ImageObject\",\"inLanguage\":\"es\",\"@id\":\"https:\\\/\\\/exaudi.org\\\/es\\\/el-papa-maria-es-siempre-para-su-pueblo-vinculo-de-comunion\\\/#primaryimage\",\"url\":\"https:\\\/\\\/exaudi.org\\\/wp-content\\\/uploads\\\/2023\\\/02\\\/Hermanamiento-de-los-Santuarios-de-Mexico-y-Espana.jpeg\",\"contentUrl\":\"https:\\\/\\\/exaudi.org\\\/wp-content\\\/uploads\\\/2023\\\/02\\\/Hermanamiento-de-los-Santuarios-de-Mexico-y-Espana.jpeg\",\"width\":1000,\"height\":563,\"caption\":\"Hermanamiento de los Santuarios de M\u00e9xico y Espa\u00f1a \u00a9 Vatican Media\"},{\"@type\":\"BreadcrumbList\",\"@id\":\"https:\\\/\\\/exaudi.org\\\/es\\\/el-papa-maria-es-siempre-para-su-pueblo-vinculo-de-comunion\\\/#breadcrumb\",\"itemListElement\":[{\"@type\":\"ListItem\",\"position\":1,\"name\":\"Portada\",\"item\":\"https:\\\/\\\/exaudi.org\\\/es\\\/\"},{\"@type\":\"ListItem\",\"position\":2,\"name\":\"El Papa: \u201cMar\u00eda es siempre para su pueblo vinculo de comuni\u00f3n\u201d\"}]},{\"@type\":\"WebSite\",\"@id\":\"https:\\\/\\\/exaudi.org\\\/#website\",\"url\":\"https:\\\/\\\/exaudi.org\\\/\",\"name\":\"Exaudi\",\"description\":\"News\",\"potentialAction\":[{\"@type\":\"SearchAction\",\"target\":{\"@type\":\"EntryPoint\",\"urlTemplate\":\"https:\\\/\\\/exaudi.org\\\/?s={search_term_string}\"},\"query-input\":{\"@type\":\"PropertyValueSpecification\",\"valueRequired\":true,\"valueName\":\"search_term_string\"}}],\"inLanguage\":\"es\"},{\"@type\":\"Person\",\"@id\":\"https:\\\/\\\/exaudi.org\\\/#\\\/schema\\\/person\\\/f5fc8f063065e38742da7afe15f25df7\",\"name\":\"Exaudi Redacci\u00f3n\",\"image\":{\"@type\":\"ImageObject\",\"inLanguage\":\"es\",\"@id\":\"https:\\\/\\\/secure.gravatar.com\\\/avatar\\\/fe0f6a059fb68d9b3e11bc5850dd4899b1c7492091a3cb6dd9b01b56ad828be2?s=96&d=mm&r=g\",\"url\":\"https:\\\/\\\/secure.gravatar.com\\\/avatar\\\/fe0f6a059fb68d9b3e11bc5850dd4899b1c7492091a3cb6dd9b01b56ad828be2?s=96&d=mm&r=g\",\"contentUrl\":\"https:\\\/\\\/secure.gravatar.com\\\/avatar\\\/fe0f6a059fb68d9b3e11bc5850dd4899b1c7492091a3cb6dd9b01b56ad828be2?s=96&d=mm&r=g\",\"caption\":\"Exaudi Redacci\u00f3n\"},\"description\":\"\u00bfQu\u00e9 es Exaudi News? Exaudi News es un medio de comunicaci\u00f3n cat\u00f3lico internacional que informa, forma y transforma, diariamente en espa\u00f1ol, ingl\u00e9s e italiano. A trav\u00e9s de noticias, art\u00edculos de an\u00e1lisis y transmisiones en directo de los eventos del Papa, Exaudi busca fortalecer la unidad de los cristianos y contribuir a la evangelizaci\u00f3n del mundo, siempre guiados por la doctrina social de la Iglesia. Trabajamos para acercar la verdad y los valores cristianos a cada rinc\u00f3n del planeta. \u00a1Ay\u00fadanos a transformar el mundo con Exaudi! En Exaudi creemos que la evangelizaci\u00f3n y la informaci\u00f3n de calidad pueden cambiar vidas. Para continuar con nuestra misi\u00f3n y expandir nuestro alcance, necesitamos tu ayuda. Adem\u00e1s, buscamos personas comprometidas que deseen unirse a nuestro equipo. Con tu apoyo, lograremos llegar a m\u00e1s personas, difundir el mensaje de Cristo y reforzar la unidad de los cristianos. \u00bfTe unes a nuestra misi\u00f3n? Para m\u00e1s informaci\u00f3n sobre c\u00f3mo colaborar, visita Exaudi.org\\\/es o cont\u00e1ctanos directamente: info@exaudi.org Exaudi: Informa, forma y transforma.\",\"sameAs\":[\"https:\\\/\\\/www.facebook.com\\\/ExaudiNoticias\\\/\",\"https:\\\/\\\/www.instagram.com\\\/exaudi_noticias\\\/\",\"https:\\\/\\\/x.com\\\/Exaudi_noticias\",\"https:\\\/\\\/www.youtube.com\\\/@exaudicatholicnews\"],\"url\":\"https:\\\/\\\/exaudi.org\\\/es\\\/author\\\/redaccionexaudi\\\/\"}]}<\/script>\n<!-- \/ Yoast SEO plugin. -->","yoast_head_json":{"title":"El Papa: \u201cMar\u00eda es siempre para su pueblo vinculo de comuni\u00f3n\u201d &#8211; Exaudi","robots":{"index":"index","follow":"follow","max-snippet":"max-snippet:-1","max-image-preview":"max-image-preview:large","max-video-preview":"max-video-preview:-1"},"canonical":"https:\/\/exaudi.org\/es\/el-papa-maria-es-siempre-para-su-pueblo-vinculo-de-comunion\/","og_locale":"es_ES","og_type":"article","og_title":"El Papa: \u201cMar\u00eda es siempre para su pueblo vinculo de comuni\u00f3n\u201d &#8211; Exaudi","og_description":"Mensaje del Papa con motivo del hermanamiento de los santuarios de la Virgen de Guadalupe","og_url":"https:\/\/exaudi.org\/es\/el-papa-maria-es-siempre-para-su-pueblo-vinculo-de-comunion\/","og_site_name":"Exaudi","article_publisher":"https:\/\/www.facebook.com\/ExaudiNews","article_author":"https:\/\/www.facebook.com\/ExaudiNoticias\/","article_published_time":"2023-02-14T20:19:24+00:00","article_modified_time":"2023-02-15T10:04:46+00:00","og_image":[{"width":1000,"height":563,"url":"https:\/\/exaudi.org\/wp-content\/uploads\/2023\/02\/Hermanamiento-de-los-Santuarios-de-Mexico-y-Espana.jpeg","type":"image\/jpeg"}],"author":"Exaudi Redacci\u00f3n","twitter_card":"summary_large_image","twitter_creator":"@Exaudi_noticias","twitter_site":"@Exaudi_News","twitter_misc":{"Escrito por":"Exaudi Redacci\u00f3n","Tiempo de lectura":"5 minutos"},"schema":{"@context":"https:\/\/schema.org","@graph":[{"@type":"Article","@id":"https:\/\/exaudi.org\/es\/el-papa-maria-es-siempre-para-su-pueblo-vinculo-de-comunion\/#article","isPartOf":{"@id":"https:\/\/exaudi.org\/es\/el-papa-maria-es-siempre-para-su-pueblo-vinculo-de-comunion\/"},"author":{"name":"Exaudi Redacci\u00f3n","@id":"https:\/\/exaudi.org\/#\/schema\/person\/f5fc8f063065e38742da7afe15f25df7"},"headline":"El Papa: \u201cMar\u00eda es siempre para su pueblo vinculo de comuni\u00f3n\u201d","datePublished":"2023-02-14T20:19:24+00:00","dateModified":"2023-02-15T10:04:46+00:00","mainEntityOfPage":{"@id":"https:\/\/exaudi.org\/es\/el-papa-maria-es-siempre-para-su-pueblo-vinculo-de-comunion\/"},"wordCount":917,"image":{"@id":"https:\/\/exaudi.org\/es\/el-papa-maria-es-siempre-para-su-pueblo-vinculo-de-comunion\/#primaryimage"},"thumbnailUrl":"https:\/\/exaudi.org\/wp-content\/uploads\/2023\/02\/Hermanamiento-de-los-Santuarios-de-Mexico-y-Espana.jpeg","keywords":["Espa\u00f1a y M\u00e9xico","Guadalupe","hermanamiento","Trending"],"articleSection":["Le\u00f3n XIV","Mensajes"],"inLanguage":"es"},{"@type":"WebPage","@id":"https:\/\/exaudi.org\/es\/el-papa-maria-es-siempre-para-su-pueblo-vinculo-de-comunion\/","url":"https:\/\/exaudi.org\/es\/el-papa-maria-es-siempre-para-su-pueblo-vinculo-de-comunion\/","name":"El Papa: \u201cMar\u00eda es siempre para su pueblo vinculo de comuni\u00f3n\u201d &#8211; Exaudi","isPartOf":{"@id":"https:\/\/exaudi.org\/#website"},"primaryImageOfPage":{"@id":"https:\/\/exaudi.org\/es\/el-papa-maria-es-siempre-para-su-pueblo-vinculo-de-comunion\/#primaryimage"},"image":{"@id":"https:\/\/exaudi.org\/es\/el-papa-maria-es-siempre-para-su-pueblo-vinculo-de-comunion\/#primaryimage"},"thumbnailUrl":"https:\/\/exaudi.org\/wp-content\/uploads\/2023\/02\/Hermanamiento-de-los-Santuarios-de-Mexico-y-Espana.jpeg","datePublished":"2023-02-14T20:19:24+00:00","dateModified":"2023-02-15T10:04:46+00:00","author":{"@id":"https:\/\/exaudi.org\/#\/schema\/person\/f5fc8f063065e38742da7afe15f25df7"},"breadcrumb":{"@id":"https:\/\/exaudi.org\/es\/el-papa-maria-es-siempre-para-su-pueblo-vinculo-de-comunion\/#breadcrumb"},"inLanguage":"es","potentialAction":[{"@type":"ReadAction","target":["https:\/\/exaudi.org\/es\/el-papa-maria-es-siempre-para-su-pueblo-vinculo-de-comunion\/"]}]},{"@type":"ImageObject","inLanguage":"es","@id":"https:\/\/exaudi.org\/es\/el-papa-maria-es-siempre-para-su-pueblo-vinculo-de-comunion\/#primaryimage","url":"https:\/\/exaudi.org\/wp-content\/uploads\/2023\/02\/Hermanamiento-de-los-Santuarios-de-Mexico-y-Espana.jpeg","contentUrl":"https:\/\/exaudi.org\/wp-content\/uploads\/2023\/02\/Hermanamiento-de-los-Santuarios-de-Mexico-y-Espana.jpeg","width":1000,"height":563,"caption":"Hermanamiento de los Santuarios de M\u00e9xico y Espa\u00f1a \u00a9 Vatican Media"},{"@type":"BreadcrumbList","@id":"https:\/\/exaudi.org\/es\/el-papa-maria-es-siempre-para-su-pueblo-vinculo-de-comunion\/#breadcrumb","itemListElement":[{"@type":"ListItem","position":1,"name":"Portada","item":"https:\/\/exaudi.org\/es\/"},{"@type":"ListItem","position":2,"name":"El Papa: \u201cMar\u00eda es siempre para su pueblo vinculo de comuni\u00f3n\u201d"}]},{"@type":"WebSite","@id":"https:\/\/exaudi.org\/#website","url":"https:\/\/exaudi.org\/","name":"Exaudi","description":"News","potentialAction":[{"@type":"SearchAction","target":{"@type":"EntryPoint","urlTemplate":"https:\/\/exaudi.org\/?s={search_term_string}"},"query-input":{"@type":"PropertyValueSpecification","valueRequired":true,"valueName":"search_term_string"}}],"inLanguage":"es"},{"@type":"Person","@id":"https:\/\/exaudi.org\/#\/schema\/person\/f5fc8f063065e38742da7afe15f25df7","name":"Exaudi Redacci\u00f3n","image":{"@type":"ImageObject","inLanguage":"es","@id":"https:\/\/secure.gravatar.com\/avatar\/fe0f6a059fb68d9b3e11bc5850dd4899b1c7492091a3cb6dd9b01b56ad828be2?s=96&d=mm&r=g","url":"https:\/\/secure.gravatar.com\/avatar\/fe0f6a059fb68d9b3e11bc5850dd4899b1c7492091a3cb6dd9b01b56ad828be2?s=96&d=mm&r=g","contentUrl":"https:\/\/secure.gravatar.com\/avatar\/fe0f6a059fb68d9b3e11bc5850dd4899b1c7492091a3cb6dd9b01b56ad828be2?s=96&d=mm&r=g","caption":"Exaudi Redacci\u00f3n"},"description":"\u00bfQu\u00e9 es Exaudi News? Exaudi News es un medio de comunicaci\u00f3n cat\u00f3lico internacional que informa, forma y transforma, diariamente en espa\u00f1ol, ingl\u00e9s e italiano. A trav\u00e9s de noticias, art\u00edculos de an\u00e1lisis y transmisiones en directo de los eventos del Papa, Exaudi busca fortalecer la unidad de los cristianos y contribuir a la evangelizaci\u00f3n del mundo, siempre guiados por la doctrina social de la Iglesia. Trabajamos para acercar la verdad y los valores cristianos a cada rinc\u00f3n del planeta. \u00a1Ay\u00fadanos a transformar el mundo con Exaudi! En Exaudi creemos que la evangelizaci\u00f3n y la informaci\u00f3n de calidad pueden cambiar vidas. Para continuar con nuestra misi\u00f3n y expandir nuestro alcance, necesitamos tu ayuda. Adem\u00e1s, buscamos personas comprometidas que deseen unirse a nuestro equipo. Con tu apoyo, lograremos llegar a m\u00e1s personas, difundir el mensaje de Cristo y reforzar la unidad de los cristianos. \u00bfTe unes a nuestra misi\u00f3n? Para m\u00e1s informaci\u00f3n sobre c\u00f3mo colaborar, visita Exaudi.org\/es o cont\u00e1ctanos directamente: info@exaudi.org Exaudi: Informa, forma y transforma.","sameAs":["https:\/\/www.facebook.com\/ExaudiNoticias\/","https:\/\/www.instagram.com\/exaudi_noticias\/","https:\/\/x.com\/Exaudi_noticias","https:\/\/www.youtube.com\/@exaudicatholicnews"],"url":"https:\/\/exaudi.org\/es\/author\/redaccionexaudi\/"}]}},"jetpack_featured_media_url":"https:\/\/exaudi.org\/wp-content\/uploads\/2023\/02\/Hermanamiento-de-los-Santuarios-de-Mexico-y-Espana.jpeg","jetpack_shortlink":"https:\/\/wp.me\/pgKjF2-iig","_links":{"self":[{"href":"https:\/\/exaudi.org\/es\/wp-json\/wp\/v2\/posts\/70324","targetHints":{"allow":["GET"]}}],"collection":[{"href":"https:\/\/exaudi.org\/es\/wp-json\/wp\/v2\/posts"}],"about":[{"href":"https:\/\/exaudi.org\/es\/wp-json\/wp\/v2\/types\/post"}],"author":[{"embeddable":true,"href":"https:\/\/exaudi.org\/es\/wp-json\/wp\/v2\/users\/15"}],"replies":[{"embeddable":true,"href":"https:\/\/exaudi.org\/es\/wp-json\/wp\/v2\/comments?post=70324"}],"version-history":[{"count":0,"href":"https:\/\/exaudi.org\/es\/wp-json\/wp\/v2\/posts\/70324\/revisions"}],"wp:featuredmedia":[{"embeddable":true,"href":"https:\/\/exaudi.org\/es\/wp-json\/wp\/v2\/media\/70325"}],"wp:attachment":[{"href":"https:\/\/exaudi.org\/es\/wp-json\/wp\/v2\/media?parent=70324"}],"wp:term":[{"taxonomy":"category","embeddable":true,"href":"https:\/\/exaudi.org\/es\/wp-json\/wp\/v2\/categories?post=70324"},{"taxonomy":"post_tag","embeddable":true,"href":"https:\/\/exaudi.org\/es\/wp-json\/wp\/v2\/tags?post=70324"}],"curies":[{"name":"wp","href":"https:\/\/api.w.org\/{rel}","templated":true}]}}