{"id":70288,"date":"2023-02-14T12:00:43","date_gmt":"2023-02-14T11:00:43","guid":{"rendered":"https:\/\/exaudi.org\/?p=70288"},"modified":"2023-02-14T11:06:19","modified_gmt":"2023-02-14T10:06:19","slug":"siempre-dedicado-pastor","status":"publish","type":"post","link":"https:\/\/exaudi.org\/es\/siempre-dedicado-pastor\/","title":{"rendered":"Siempre dedicado Pastor"},"content":{"rendered":"<audio class=\"wp-audio-shortcode\" id=\"audio-70288-1\" preload=\"none\" style=\"width: 100%;\" controls=\"controls\"><source type=\"audio\/mpeg\" src=\"https:\/\/exaudi.org\/wp-content\/uploads\/2023\/02\/Con-alegria-y-agradecidos-con-Dios-celebraremos-el.mp3?_=1\" \/><a href=\"https:\/\/exaudi.org\/wp-content\/uploads\/2023\/02\/Con-alegria-y-agradecidos-con-Dios-celebraremos-el.mp3\">https:\/\/exaudi.org\/wp-content\/uploads\/2023\/02\/Con-alegria-y-agradecidos-con-Dios-celebraremos-el.mp3<\/a><\/audio>\n<p>Con alegr\u00eda y agradecidos con Dios celebraremos el d\u00e9cimo aniversario del pontificado del Papa Francisco.<\/p>\n<p>El Papa jesuita que es el primero en escoger el nombre del Santo de As\u00eds.<\/p>\n<p>El maestro de jesuitas, el arzobispo que se movilizaba en transporte p\u00fablico y atend\u00eda personalmente las villas pobres de Buenos Aires.<\/p>\n<p>El Cardenal que en sinton\u00eda con el Papa Benedicto XVI presidio la redacci\u00f3n de la hist\u00f3rica declaraci\u00f3n de los obispos latinoamericanos en Aparecida.<\/p>\n<p>El Papa que siempre ha sido pastor de su feligres\u00eda.<\/p>\n<p><strong><u>El magisterio de Francisco<\/u><\/strong><\/p>\n<p>Con el t\u00edtulo de su <strong>enc\u00edclica Fratelli Tutti el Papa Francisco honr\u00f3 a San Francisco de As\u00eds<\/strong> en cuya fiesta y sobre su tumba la emiti\u00f3. Se\u00f1ala el Papa: \u201cEste santo del amor fraterno, de la sencillez y de la alegr\u00eda, que me inspir\u00f3 a escribir la enc\u00edclica <em>Laudato si\u2019<\/em>, vuelve a motivarme para dedicar esta nueva enc\u00edclica a la fraternidad y a la amistad social\u201d<\/p>\n<p>La enc\u00edclica tiene un muy claro eje central: el mandato del amor, que nos llama a todos en <strong>nuestra actividad personal a ser \u201cpr\u00f3jimo\u201d,<\/strong> como el samaritano de la par\u00e1bola, pero que igualmente nos convoca a todos a procurar el bien com\u00fan en nuestra participaci\u00f3n en sociedad. Y claramente este mandato de manera muy especial se aplica a pol\u00edticos, dirigentes y formadores de opini\u00f3n.<\/p>\n<p>Esas pocas l\u00edneas introductorias y el contenido de esa Enc\u00edclica resultan de la vocaci\u00f3n a amar y a cuidar a sus feligreses que se manifiesta en todas las acciones de la vida de nuestro Papa, y que son para m\u00ed la m\u00e1s destacada de sus caracter\u00edsticas.<\/p>\n<p>En la introducci\u00f3n a la Enc\u00edclica sobre la fe, Lumen Fidei, que hab\u00eda sido iniciada por el Papa Benedicto XVI nos dice el Papa Francisco: \u201cEn la fe, don de Dios, virtud sobrenatural infusa por \u00e9l, reconocemos que se nos ha dado un gran Amor, que se nos ha dirigido una Palabra buena, y que, si acogemos esta Palabra, que es Jesucristo, Palabra encarnada, el Esp\u00edritu Santo nos transforma, ilumina nuestro camino hacia el futuro, y da alas a nuestra esperanza para recorrerlo con alegr\u00eda.\u201d<\/p>\n<p>El Papa Francisco en esta su primera Ep\u00edstola nos manifiesta la centralidad de vivir para el amor a Dios y al pr\u00f3jimo, y que la esencia de ese amor es trasmitirlo a todas las personas, es el apostolado, es ser pastor: <strong>\u201cQuien se ha abierto al amor de Dios, ha escuchado su voz y ha recibido su luz, no puede retener este don para s\u00ed\u201d.<\/strong><\/p>\n<p>Por eso Francisco es el Papa de la Iglesia en salida, de la Iglesia que busca la oveja p\u00e9rdida, de la Iglesia que atiende a todos, que lleva el mensaje de amor de nuestro Salvador Jes\u00fas a todas las personas.<\/p>\n<p>La fraternidad, como resultado del mandato cristiano del amor, est\u00e1 presente desde la primera enc\u00edclica social. En Rerum Novarum el Papa Le\u00f3n XIII refiri\u00e9ndose a la lucha de clases, en el ac\u00e1pite \u201cf. Engendrando la verdadera fraternidad\u201d nos indica: \u201c42. Estas dos clases, si a los preceptos de Cristo obedecieren, no s\u00f3lo en amistad, sino en verdadero amor de hermanos, se unir\u00edan. Porque sentir\u00e1n y entender\u00e1n que todos los hombres sin distinci\u00f3n alguna han sido creados por Dios, Padre com\u00fan de todos\u201d<\/p>\n<p>Ahora el Papa Francisco ha refrescado la doctrina social de la Iglesia resaltando la primac\u00eda de la fraternidad en las relaciones interpersonales.<\/p>\n<p>No se trata solo del mandato que en conciencia nos impone la fe cristiana de amar a las dem\u00e1s personas como a nosotros mismos.<\/p>\n<p>Se trata, adem\u00e1s, de la amistad social sobre la que deben erigirse las instituciones de la vida social.<\/p>\n<p>En Fratelli Tutti el Papa Pastor parte de que: \u201c61\u2026En el Nuevo Testamento resuena con fuerza el llamado al amor fraterno: \u00ab<em>Toda la Ley alcanza su plenitud en un solo precepto: Amar\u00e1s a tu pr\u00f3jimo como a ti mismo<\/em>\u00bb. \u00ab<em>Quien ama a su hermano permanece en la luz y no tropieza. Pero quien aborrece a su hermano est\u00e1 y camina en las tinieblas<\/em>\u00bb. \u00ab<em>Nosotros sabemos que hemos pasado de la muerte a la vida, porque amamos a los hermanos. Quien no ama permanece en la muerte<\/em>\u00bb. \u00ab<em>Quien no ama a su hermano, a quien ve, no puede amar a Dios, a quien no ve<\/em>\u00bb.\u201d<\/p>\n<p>Vivir el amor y no retenerlo solo para uno mismo, es la clave que el Papa Francisco con su vida y con sus ense\u00f1anzas nos da para la vida en paz, para que prive la dignidad de cada uno y de todos, para que el di\u00e1logo logre construir un progreso inclusivo. \u201c221\u2026Es el aut\u00e9ntico reconocimiento del otro, que s\u00f3lo el amor hace posible, y que significa colocarse en el lugar del otro para descubrir qu\u00e9 hay de aut\u00e9ntico, o al menos de comprensible, en medio de sus motivaciones e intereses.\u201d<\/p>\n<p><strong>Es un b\u00e1lsamo, una gu\u00eda, una motivaci\u00f3n maravillosa la pr\u00e9dica de fraternidad, de amistad social <\/strong>y el ejemplo de vivir intensamente el amor al pr\u00f3jimo que nos regala cada d\u00eda el Papa Francisco.<\/p>\n<p><strong>Miguel \u00c1ngel Rodr\u00edguez, <\/strong>Expresidente de Costa Rica y miembro de la <a href=\"https:\/\/liderescatolicos.net\/\">Academia Latinoamericana de L\u00edderes Cat\u00f3licos<\/a><\/p>\n<p><img loading=\"lazy\" decoding=\"async\" class=\"alignleft size-full wp-image-70295\" src=\"https:\/\/exaudi.org\/wp-content\/uploads\/2023\/02\/Voces-02-2.jpg\" alt=\"\" width=\"1080\" height=\"1080\" srcset=\"https:\/\/exaudi.org\/wp-content\/uploads\/2023\/02\/Voces-02-2.jpg 1080w, https:\/\/exaudi.org\/wp-content\/uploads\/2023\/02\/Voces-02-2-300x300.jpg 300w, https:\/\/exaudi.org\/wp-content\/uploads\/2023\/02\/Voces-02-2-1024x1024.jpg 1024w, https:\/\/exaudi.org\/wp-content\/uploads\/2023\/02\/Voces-02-2-100x100.jpg?crop=1 100w, https:\/\/exaudi.org\/wp-content\/uploads\/2023\/02\/Voces-02-2-770x770.jpg 770w, https:\/\/exaudi.org\/wp-content\/uploads\/2023\/02\/Voces-02-2-500x500.jpg 500w, https:\/\/exaudi.org\/wp-content\/uploads\/2023\/02\/Voces-02-2-293x293.jpg 293w, https:\/\/exaudi.org\/wp-content\/uploads\/2023\/02\/Voces-02-2-390x390.jpg 390w, https:\/\/exaudi.org\/wp-content\/uploads\/2023\/02\/Voces-02-2-585x585.jpg 585w, https:\/\/exaudi.org\/wp-content\/uploads\/2023\/02\/Voces-02-2-900x900.jpg 900w\" sizes=\"auto, (max-width: 1080px) 100vw, 1080px\" \/><\/p>\n","protected":false},"excerpt":{"rendered":"<p>Quien se ha abierto al amor de Dios, ha escuchado su voz y ha recibido su luz, no puede retener este don para s\u00ed<\/p>\n","protected":false},"author":107,"featured_media":70289,"comment_status":"closed","ping_status":"closed","sticky":false,"template":"","format":"standard","meta":{"_acf_changed":false,"_crdt_document":"","inline_featured_image":false,"footnotes":""},"categories":[130],"tags":[3133,1772,8397,490,240,8398,4953],"class_list":["post-70288","post","type-post","status-publish","format-standard","has-post-thumbnail","hentry","category-voces","tag-amistad-social","tag-aniversario","tag-francisco","tag-fratelli-tutti-es","tag-fraternidad","tag-pastor","tag-trending-es"],"acf":[],"yoast_head":"<!-- This site is optimized with the Yoast SEO plugin v27.5 - https:\/\/yoast.com\/product\/yoast-seo-wordpress\/ -->\n<title>Siempre dedicado Pastor &#8211; Exaudi<\/title>\n<meta name=\"robots\" content=\"index, follow, max-snippet:-1, max-image-preview:large, max-video-preview:-1\" \/>\n<link rel=\"canonical\" href=\"https:\/\/exaudi.org\/es\/siempre-dedicado-pastor\/\" \/>\n<meta property=\"og:locale\" content=\"es_ES\" \/>\n<meta property=\"og:type\" content=\"article\" \/>\n<meta property=\"og:title\" content=\"Siempre dedicado Pastor &#8211; Exaudi\" \/>\n<meta property=\"og:description\" content=\"Quien se ha abierto al amor de Dios, ha escuchado su voz y ha recibido su luz, no puede retener este don para s\u00ed\" \/>\n<meta property=\"og:url\" content=\"https:\/\/exaudi.org\/es\/siempre-dedicado-pastor\/\" \/>\n<meta property=\"og:site_name\" content=\"Exaudi\" \/>\n<meta property=\"article:publisher\" content=\"https:\/\/www.facebook.com\/ExaudiNews\" \/>\n<meta property=\"article:published_time\" content=\"2023-02-14T11:00:43+00:00\" \/>\n<meta property=\"og:image\" content=\"https:\/\/exaudi.org\/wp-content\/uploads\/2023\/02\/articulos-251588.jpg\" \/>\n\t<meta property=\"og:image:width\" content=\"1186\" \/>\n\t<meta property=\"og:image:height\" content=\"727\" \/>\n\t<meta property=\"og:image:type\" content=\"image\/jpeg\" \/>\n<meta name=\"author\" content=\"Academia de L\u00edderes Cat\u00f3licos\" \/>\n<meta name=\"twitter:card\" content=\"summary_large_image\" \/>\n<meta name=\"twitter:creator\" content=\"@Exaudi_News\" \/>\n<meta name=\"twitter:site\" content=\"@Exaudi_News\" \/>\n<meta name=\"twitter:label1\" content=\"Escrito por\" \/>\n\t<meta name=\"twitter:data1\" content=\"Academia de L\u00edderes Cat\u00f3licos\" \/>\n\t<meta name=\"twitter:label2\" content=\"Tiempo de lectura\" \/>\n\t<meta name=\"twitter:data2\" content=\"5 minutos\" \/>\n<script type=\"application\/ld+json\" class=\"yoast-schema-graph\">{\"@context\":\"https:\\\/\\\/schema.org\",\"@graph\":[{\"@type\":\"Article\",\"@id\":\"https:\\\/\\\/exaudi.org\\\/es\\\/siempre-dedicado-pastor\\\/#article\",\"isPartOf\":{\"@id\":\"https:\\\/\\\/exaudi.org\\\/es\\\/siempre-dedicado-pastor\\\/\"},\"author\":{\"name\":\"Academia de L\u00edderes Cat\u00f3licos\",\"@id\":\"https:\\\/\\\/exaudi.org\\\/#\\\/schema\\\/person\\\/334968a332d5dad9f94e08897852c6af\"},\"headline\":\"Siempre dedicado Pastor\",\"datePublished\":\"2023-02-14T11:00:43+00:00\",\"mainEntityOfPage\":{\"@id\":\"https:\\\/\\\/exaudi.org\\\/es\\\/siempre-dedicado-pastor\\\/\"},\"wordCount\":922,\"image\":{\"@id\":\"https:\\\/\\\/exaudi.org\\\/es\\\/siempre-dedicado-pastor\\\/#primaryimage\"},\"thumbnailUrl\":\"https:\\\/\\\/exaudi.org\\\/wp-content\\\/uploads\\\/2023\\\/02\\\/articulos-251588.jpg\",\"keywords\":[\"Amistad social\",\"Aniversario\",\"Francisco\",\"Fratelli Tutti\",\"fraternidad\",\"Pastor\",\"Trending\"],\"articleSection\":[\"Voces\"],\"inLanguage\":\"es\"},{\"@type\":\"WebPage\",\"@id\":\"https:\\\/\\\/exaudi.org\\\/es\\\/siempre-dedicado-pastor\\\/\",\"url\":\"https:\\\/\\\/exaudi.org\\\/es\\\/siempre-dedicado-pastor\\\/\",\"name\":\"Siempre dedicado Pastor &#8211; Exaudi\",\"isPartOf\":{\"@id\":\"https:\\\/\\\/exaudi.org\\\/#website\"},\"primaryImageOfPage\":{\"@id\":\"https:\\\/\\\/exaudi.org\\\/es\\\/siempre-dedicado-pastor\\\/#primaryimage\"},\"image\":{\"@id\":\"https:\\\/\\\/exaudi.org\\\/es\\\/siempre-dedicado-pastor\\\/#primaryimage\"},\"thumbnailUrl\":\"https:\\\/\\\/exaudi.org\\\/wp-content\\\/uploads\\\/2023\\\/02\\\/articulos-251588.jpg\",\"datePublished\":\"2023-02-14T11:00:43+00:00\",\"author\":{\"@id\":\"https:\\\/\\\/exaudi.org\\\/#\\\/schema\\\/person\\\/334968a332d5dad9f94e08897852c6af\"},\"breadcrumb\":{\"@id\":\"https:\\\/\\\/exaudi.org\\\/es\\\/siempre-dedicado-pastor\\\/#breadcrumb\"},\"inLanguage\":\"es\",\"potentialAction\":[{\"@type\":\"ReadAction\",\"target\":[\"https:\\\/\\\/exaudi.org\\\/es\\\/siempre-dedicado-pastor\\\/\"]}]},{\"@type\":\"ImageObject\",\"inLanguage\":\"es\",\"@id\":\"https:\\\/\\\/exaudi.org\\\/es\\\/siempre-dedicado-pastor\\\/#primaryimage\",\"url\":\"https:\\\/\\\/exaudi.org\\\/wp-content\\\/uploads\\\/2023\\\/02\\\/articulos-251588.jpg\",\"contentUrl\":\"https:\\\/\\\/exaudi.org\\\/wp-content\\\/uploads\\\/2023\\\/02\\\/articulos-251588.jpg\",\"width\":1186,\"height\":727},{\"@type\":\"BreadcrumbList\",\"@id\":\"https:\\\/\\\/exaudi.org\\\/es\\\/siempre-dedicado-pastor\\\/#breadcrumb\",\"itemListElement\":[{\"@type\":\"ListItem\",\"position\":1,\"name\":\"Portada\",\"item\":\"https:\\\/\\\/exaudi.org\\\/es\\\/\"},{\"@type\":\"ListItem\",\"position\":2,\"name\":\"Siempre dedicado Pastor\"}]},{\"@type\":\"WebSite\",\"@id\":\"https:\\\/\\\/exaudi.org\\\/#website\",\"url\":\"https:\\\/\\\/exaudi.org\\\/\",\"name\":\"Exaudi\",\"description\":\"News\",\"potentialAction\":[{\"@type\":\"SearchAction\",\"target\":{\"@type\":\"EntryPoint\",\"urlTemplate\":\"https:\\\/\\\/exaudi.org\\\/?s={search_term_string}\"},\"query-input\":{\"@type\":\"PropertyValueSpecification\",\"valueRequired\":true,\"valueName\":\"search_term_string\"}}],\"inLanguage\":\"es\"},{\"@type\":\"Person\",\"@id\":\"https:\\\/\\\/exaudi.org\\\/#\\\/schema\\\/person\\\/334968a332d5dad9f94e08897852c6af\",\"name\":\"Academia de L\u00edderes Cat\u00f3licos\",\"image\":{\"@type\":\"ImageObject\",\"inLanguage\":\"es\",\"@id\":\"https:\\\/\\\/secure.gravatar.com\\\/avatar\\\/80d80b1e34d8fa01f6b95d10e695853ca4ea7e054050e21ad1a15d546d4600ca?s=96&d=mm&r=g\",\"url\":\"https:\\\/\\\/secure.gravatar.com\\\/avatar\\\/80d80b1e34d8fa01f6b95d10e695853ca4ea7e054050e21ad1a15d546d4600ca?s=96&d=mm&r=g\",\"contentUrl\":\"https:\\\/\\\/secure.gravatar.com\\\/avatar\\\/80d80b1e34d8fa01f6b95d10e695853ca4ea7e054050e21ad1a15d546d4600ca?s=96&d=mm&r=g\",\"caption\":\"Academia de L\u00edderes Cat\u00f3licos\"},\"description\":\"Es una fundaci\u00f3n de derecho privado sin fines de lucro que busca formar cat\u00f3licos que a partir de la experiencia cristiana desarrollen su vocaci\u00f3n pol\u00edtica con la ayuda de la Doctrina Social de la Iglesia. La Academia Latinoamericana de L\u00edderes Cat\u00f3licos tiene como misi\u00f3n, formar l\u00edderes desde una perspectiva cat\u00f3lica, arraigados en la fe de la Iglesia, para transformar el mundo social, pol\u00edtico y econ\u00f3mico a la luz de la Doctrina Social de la Iglesia. Formar una nueva generaci\u00f3n de cat\u00f3licos latinoamericanos con responsabilidades pol\u00edticas y sociales para que transformen el rostro del continente al servicio de sus pueblos, a la luz del Magisterio de la Iglesia y de cara a los Jubileos del V Centenario Guadalupano y de los dos mil a\u00f1os de la redenci\u00f3n.\",\"sameAs\":[\"https:\\\/\\\/liderescatolicos.net\\\/\",\"https:\\\/\\\/www.youtube.com\\\/c\\\/LderesCatlicos\"],\"url\":\"https:\\\/\\\/exaudi.org\\\/es\\\/author\\\/academia-de-lideres-catolicos\\\/\"}]}<\/script>\n<!-- \/ Yoast SEO plugin. -->","yoast_head_json":{"title":"Siempre dedicado Pastor &#8211; Exaudi","robots":{"index":"index","follow":"follow","max-snippet":"max-snippet:-1","max-image-preview":"max-image-preview:large","max-video-preview":"max-video-preview:-1"},"canonical":"https:\/\/exaudi.org\/es\/siempre-dedicado-pastor\/","og_locale":"es_ES","og_type":"article","og_title":"Siempre dedicado Pastor &#8211; Exaudi","og_description":"Quien se ha abierto al amor de Dios, ha escuchado su voz y ha recibido su luz, no puede retener este don para s\u00ed","og_url":"https:\/\/exaudi.org\/es\/siempre-dedicado-pastor\/","og_site_name":"Exaudi","article_publisher":"https:\/\/www.facebook.com\/ExaudiNews","article_published_time":"2023-02-14T11:00:43+00:00","og_image":[{"width":1186,"height":727,"url":"https:\/\/exaudi.org\/wp-content\/uploads\/2023\/02\/articulos-251588.jpg","type":"image\/jpeg"}],"author":"Academia de L\u00edderes Cat\u00f3licos","twitter_card":"summary_large_image","twitter_creator":"@Exaudi_News","twitter_site":"@Exaudi_News","twitter_misc":{"Escrito por":"Academia de L\u00edderes Cat\u00f3licos","Tiempo de lectura":"5 minutos"},"schema":{"@context":"https:\/\/schema.org","@graph":[{"@type":"Article","@id":"https:\/\/exaudi.org\/es\/siempre-dedicado-pastor\/#article","isPartOf":{"@id":"https:\/\/exaudi.org\/es\/siempre-dedicado-pastor\/"},"author":{"name":"Academia de L\u00edderes Cat\u00f3licos","@id":"https:\/\/exaudi.org\/#\/schema\/person\/334968a332d5dad9f94e08897852c6af"},"headline":"Siempre dedicado Pastor","datePublished":"2023-02-14T11:00:43+00:00","mainEntityOfPage":{"@id":"https:\/\/exaudi.org\/es\/siempre-dedicado-pastor\/"},"wordCount":922,"image":{"@id":"https:\/\/exaudi.org\/es\/siempre-dedicado-pastor\/#primaryimage"},"thumbnailUrl":"https:\/\/exaudi.org\/wp-content\/uploads\/2023\/02\/articulos-251588.jpg","keywords":["Amistad social","Aniversario","Francisco","Fratelli Tutti","fraternidad","Pastor","Trending"],"articleSection":["Voces"],"inLanguage":"es"},{"@type":"WebPage","@id":"https:\/\/exaudi.org\/es\/siempre-dedicado-pastor\/","url":"https:\/\/exaudi.org\/es\/siempre-dedicado-pastor\/","name":"Siempre dedicado Pastor &#8211; Exaudi","isPartOf":{"@id":"https:\/\/exaudi.org\/#website"},"primaryImageOfPage":{"@id":"https:\/\/exaudi.org\/es\/siempre-dedicado-pastor\/#primaryimage"},"image":{"@id":"https:\/\/exaudi.org\/es\/siempre-dedicado-pastor\/#primaryimage"},"thumbnailUrl":"https:\/\/exaudi.org\/wp-content\/uploads\/2023\/02\/articulos-251588.jpg","datePublished":"2023-02-14T11:00:43+00:00","author":{"@id":"https:\/\/exaudi.org\/#\/schema\/person\/334968a332d5dad9f94e08897852c6af"},"breadcrumb":{"@id":"https:\/\/exaudi.org\/es\/siempre-dedicado-pastor\/#breadcrumb"},"inLanguage":"es","potentialAction":[{"@type":"ReadAction","target":["https:\/\/exaudi.org\/es\/siempre-dedicado-pastor\/"]}]},{"@type":"ImageObject","inLanguage":"es","@id":"https:\/\/exaudi.org\/es\/siempre-dedicado-pastor\/#primaryimage","url":"https:\/\/exaudi.org\/wp-content\/uploads\/2023\/02\/articulos-251588.jpg","contentUrl":"https:\/\/exaudi.org\/wp-content\/uploads\/2023\/02\/articulos-251588.jpg","width":1186,"height":727},{"@type":"BreadcrumbList","@id":"https:\/\/exaudi.org\/es\/siempre-dedicado-pastor\/#breadcrumb","itemListElement":[{"@type":"ListItem","position":1,"name":"Portada","item":"https:\/\/exaudi.org\/es\/"},{"@type":"ListItem","position":2,"name":"Siempre dedicado Pastor"}]},{"@type":"WebSite","@id":"https:\/\/exaudi.org\/#website","url":"https:\/\/exaudi.org\/","name":"Exaudi","description":"News","potentialAction":[{"@type":"SearchAction","target":{"@type":"EntryPoint","urlTemplate":"https:\/\/exaudi.org\/?s={search_term_string}"},"query-input":{"@type":"PropertyValueSpecification","valueRequired":true,"valueName":"search_term_string"}}],"inLanguage":"es"},{"@type":"Person","@id":"https:\/\/exaudi.org\/#\/schema\/person\/334968a332d5dad9f94e08897852c6af","name":"Academia de L\u00edderes Cat\u00f3licos","image":{"@type":"ImageObject","inLanguage":"es","@id":"https:\/\/secure.gravatar.com\/avatar\/80d80b1e34d8fa01f6b95d10e695853ca4ea7e054050e21ad1a15d546d4600ca?s=96&d=mm&r=g","url":"https:\/\/secure.gravatar.com\/avatar\/80d80b1e34d8fa01f6b95d10e695853ca4ea7e054050e21ad1a15d546d4600ca?s=96&d=mm&r=g","contentUrl":"https:\/\/secure.gravatar.com\/avatar\/80d80b1e34d8fa01f6b95d10e695853ca4ea7e054050e21ad1a15d546d4600ca?s=96&d=mm&r=g","caption":"Academia de L\u00edderes Cat\u00f3licos"},"description":"Es una fundaci\u00f3n de derecho privado sin fines de lucro que busca formar cat\u00f3licos que a partir de la experiencia cristiana desarrollen su vocaci\u00f3n pol\u00edtica con la ayuda de la Doctrina Social de la Iglesia. La Academia Latinoamericana de L\u00edderes Cat\u00f3licos tiene como misi\u00f3n, formar l\u00edderes desde una perspectiva cat\u00f3lica, arraigados en la fe de la Iglesia, para transformar el mundo social, pol\u00edtico y econ\u00f3mico a la luz de la Doctrina Social de la Iglesia. Formar una nueva generaci\u00f3n de cat\u00f3licos latinoamericanos con responsabilidades pol\u00edticas y sociales para que transformen el rostro del continente al servicio de sus pueblos, a la luz del Magisterio de la Iglesia y de cara a los Jubileos del V Centenario Guadalupano y de los dos mil a\u00f1os de la redenci\u00f3n.","sameAs":["https:\/\/liderescatolicos.net\/","https:\/\/www.youtube.com\/c\/LderesCatlicos"],"url":"https:\/\/exaudi.org\/es\/author\/academia-de-lideres-catolicos\/"}]}},"jetpack_featured_media_url":"https:\/\/exaudi.org\/wp-content\/uploads\/2023\/02\/articulos-251588.jpg","jetpack_shortlink":"https:\/\/wp.me\/pgKjF2-ihG","_links":{"self":[{"href":"https:\/\/exaudi.org\/es\/wp-json\/wp\/v2\/posts\/70288","targetHints":{"allow":["GET"]}}],"collection":[{"href":"https:\/\/exaudi.org\/es\/wp-json\/wp\/v2\/posts"}],"about":[{"href":"https:\/\/exaudi.org\/es\/wp-json\/wp\/v2\/types\/post"}],"author":[{"embeddable":true,"href":"https:\/\/exaudi.org\/es\/wp-json\/wp\/v2\/users\/107"}],"replies":[{"embeddable":true,"href":"https:\/\/exaudi.org\/es\/wp-json\/wp\/v2\/comments?post=70288"}],"version-history":[{"count":0,"href":"https:\/\/exaudi.org\/es\/wp-json\/wp\/v2\/posts\/70288\/revisions"}],"wp:featuredmedia":[{"embeddable":true,"href":"https:\/\/exaudi.org\/es\/wp-json\/wp\/v2\/media\/70289"}],"wp:attachment":[{"href":"https:\/\/exaudi.org\/es\/wp-json\/wp\/v2\/media?parent=70288"}],"wp:term":[{"taxonomy":"category","embeddable":true,"href":"https:\/\/exaudi.org\/es\/wp-json\/wp\/v2\/categories?post=70288"},{"taxonomy":"post_tag","embeddable":true,"href":"https:\/\/exaudi.org\/es\/wp-json\/wp\/v2\/tags?post=70288"}],"curies":[{"name":"wp","href":"https:\/\/api.w.org\/{rel}","templated":true}]}}